{"id":5510,"date":"2019-07-08T13:47:10","date_gmt":"2019-07-08T11:47:10","guid":{"rendered":"https:\/\/www.organisator.ch\/?p=5510"},"modified":"2019-07-08T13:47:10","modified_gmt":"2019-07-08T11:47:10","slug":"big-bang-fuer-business-innovation-business-innovation-week-switzerland-in-zuerich-oerlikon","status":"publish","type":"post","link":"https:\/\/www.organisator.ch\/it\/management\/2019-07-08\/big-bang-fuer-business-innovation-business-innovation-week-switzerland-in-zuerich-oerlikon\/","title":{"rendered":"Big Bang per l'innovazione aziendale: \"Business Innovation Week Switzerland\" a Zurigo Oerlikon"},"content":{"rendered":"<figure id=\"attachment_5511\" aria-describedby=\"caption-attachment-5511\" style=\"width: 680px\" class=\"wp-caption alignnone\"><img loading=\"lazy\" decoding=\"async\" class=\"size-medium wp-image-5511\" src=\"https:\/\/www.organisator.ch\/wp-content\/uploads\/2019\/07\/Big-Bang-fuer-Business-Innovation-Business-Innovation-Week-Switzerland-in-Zuerich-Oerlikon.jpg\" alt=\"\" width=\"680\" height=\"369\" srcset=\"https:\/\/www.organisator.ch\/wp-content\/uploads\/2019\/07\/Big-Bang-fuer-Business-Innovation-Business-Innovation-Week-Switzerland-in-Zuerich-Oerlikon.jpg 680w, https:\/\/www.organisator.ch\/wp-content\/uploads\/2019\/07\/Big-Bang-fuer-Business-Innovation-Business-Innovation-Week-Switzerland-in-Zuerich-Oerlikon-16x9.jpg 16w, https:\/\/www.organisator.ch\/wp-content\/uploads\/2019\/07\/Big-Bang-fuer-Business-Innovation-Business-Innovation-Week-Switzerland-in-Zuerich-Oerlikon-322x175.jpg 322w, https:\/\/www.organisator.ch\/wp-content\/uploads\/2019\/07\/Big-Bang-fuer-Business-Innovation-Business-Innovation-Week-Switzerland-in-Zuerich-Oerlikon-645x350.jpg 645w, https:\/\/www.organisator.ch\/wp-content\/uploads\/2019\/07\/Big-Bang-fuer-Business-Innovation-Business-Innovation-Week-Switzerland-in-Zuerich-Oerlikon-300x163.jpg 300w\" sizes=\"auto, (max-width: 680px) 100vw, 680px\" \/><figcaption id=\"caption-attachment-5511\" class=\"wp-caption-text\">I temi della Business Innovation Week (Foto: obs\/EMEX Management GmbH\/J. Schneider)<\/figcaption><\/figure>\n<p>\"La Svizzera \u00e8 un polo d'attrazione per l'innovazione per le aziende e le start-up. Con la Business Innovation Week, vogliamo rendere tutto questo ancora pi\u00f9 tangibile!\" afferma Ewa Ming, promotrice della Business Innovation Week (BIW) e nota come organizzatrice di lunga data della fiera svizzera del marketing SuisseEMEX e del Digital Summit. Con la BIW \u00e8 stata creata una nuova piattaforma di conoscenza e di networking per gli imprenditori svizzeri, i futuri formatori e i fondatori. \"Pensare nuovo, agire nuovo\". Questo claim d\u00e0 forma al programma della BIW ed \u00e8 sinonimo di innovazione, dialogo futuro e sostenibilit\u00e0.<\/p>\n<h2>Innovazione aziendale in \"stile festival<\/h2>\n<p>L'evento su larga scala in stile festival trasforma il vivace luogo di lavoro di Zurigo Oerlikon in un forum stimolante e interattivo per le innovazioni e i modelli di business rilevanti per l'azienda. L'attenzione \u00e8 rivolta a: Digitalizzazione, nuovo lavoro, tendenze e ultime tecnologie per il mondo del lavoro moderno - attuate in modo molto pratico e comprensibile. Nella prima settimana di ottobre, circa 10.000 visitatori specializzati assisteranno alle anteprime europee della robotica umanoide, delle applicazioni 5G, dell'intelligenza artificiale, della sicurezza informatica e delle migliori pratiche per la cultura dell'innovazione. Il programma prevede 300 keynote e conferenze, 200 eventi con esperienze dal vivo, visite aziendali e business networking.<\/p>\n<h2>Conferenza sul futuro @StageOne<\/h2>\n<p>Intelligenza artificiale, blockchain, sicurezza informatica, nuovi lavori, realt\u00e0 virtuale, robot umanoidi, dati intelligenti: la digitalizzazione sta aumentando drasticamente la pressione sull'innovazione. Sono le forze trainanti delle imprese e dello sviluppo economico della Svizzera. La Future Conference, che si terr\u00e0 dall'1 al 3 ottobre presso StageOne, crea un forum unico per il dialogo e lo scambio con approcci pratici alle soluzioni per il mondo digitale per i decisori e i responsabili del futuro provenienti dal mondo degli affari, della scienza e della politica. La Future Conference si rivolge ai decisori e ai dirigenti di livello C e presenta un programma di prim'ordine con relatori di spicco internazionali, tavole rotonde di CEO e interviste.<\/p>\n<h2>Accademia @MFO House<\/h2>\n<p>Negli studi della MFO House si svolgono emozionanti presentazioni pratiche, lezioni e masterclass. Le donne nel mondo degli affari stanno lasciando sempre pi\u00f9 il segno: competenti, autentiche, forti - le donne stanno plasmando la cultura aziendale ancora troppo poco, ma sempre di pi\u00f9. Cultura dell'innovazione e leadership, self-branding e storytelling, costruzione del marchio e strategia sono gli argomenti chiave dell'Accademia.<\/p>\n<h2>Esperienza dal vivo @Sala 622<\/h2>\n<p>Per tre giorni, l'ex padiglione 622 di ABB Industry si trasformer\u00e0 in una piattaforma interattiva di incontro intersettoriale e in un'esposizione ispirata al futuro. Circa 150 aziende presenteranno i loro nuovi prodotti. I visitatori possono aspettarsi anteprime di robot, droni, esperienze VR, stampanti 3D e servizi per il nuovo mondo del lavoro, soluzioni di marketing creativo e software aziendali. E il robot \"DJ Mecabot\" far\u00e0 ballare il padiglione 622 durante le feste del dopo-lavoro.<\/p>\n<p><em>Al programma:<\/em><em> <a href=\"https:\/\/www.businessinnovation.ch\/de\/future-conference\/\">https:\/\/www.businessinnovation.ch\/de\/future-conference\/<\/a><\/em><\/p>","protected":false},"excerpt":{"rendered":"<p>\u00abDie Schweiz ist ein attraktiver Innovationshub f\u00fcr Unternehmen und Start-ups. Mit der Business Innovation Week wollen wir das noch erlebbarer machen!\u00bb, sagt Ewa Ming, Initiantin der Business Innovation Week (BIW) und bekannt als langj\u00e4hrige Veranstalterin der Schweizer Marketingmesse SuisseEMEX und des Digital Summit. Mit der BIW entsteht eine neue Wissens- und Netzwerkplattform f\u00fcr Schweizer Unternehmer, [&hellip;]<\/p>\n","protected":false},"author":4,"featured_media":5511,"comment_status":"open","ping_status":"open","sticky":false,"template":"","format":"standard","meta":{"_acf_changed":false,"_yoast_wpseo_focuskw":"Business Innovation","_yoast_wpseo_metadesc":"Vom 30. September bis 4. Oktober 2019 findet in Z\u00fcrich Oerlikon ein neuer Wirtschaftsevent f\u00fcr Business Innovation statt. 300 Speaker sind angek\u00fcndigt.","articlekey":"","footnotes":""},"categories":[28],"tags":[156,193,335],"class_list":["post-5510","post","type-post","status-publish","format-standard","has-post-thumbnail","hentry","category-management","tag-digitalisierung","tag-fachkongressfachmesse","tag-management-und-unternehmensfuehrung"],"acf":[],"yoast_head":"<!-- This site is optimized with the Yoast SEO plugin v27.4 - https:\/\/yoast.com\/product\/yoast-seo-wordpress\/ -->\n<title>Big Bang f\u00fcr Business Innovation: \u00abBusiness Innovation Week Switzerland\u00bb in Z\u00fcrich Oerlikon - Organisator<\/title>\n<meta name=\"description\" content=\"Vom 30. September bis 4. Oktober 2019 findet in Z\u00fcrich Oerlikon ein neuer Wirtschaftsevent f\u00fcr Business Innovation statt. 300 Speaker sind angek\u00fcndigt.\" \/>\n<meta name=\"robots\" content=\"index, follow, max-snippet:-1, max-image-preview:large, max-video-preview:-1\" \/>\n<link rel=\"canonical\" href=\"https:\/\/www.organisator.ch\/it\/gestione-2\/2019-07-08\/big-bang-fuer-business-innovation-business-innovation-week-switzerland-in-zuerich-oerlikon\/\" \/>\n<meta property=\"og:locale\" content=\"it_IT\" \/>\n<meta property=\"og:type\" content=\"article\" \/>\n<meta property=\"og:title\" content=\"Big Bang f\u00fcr Business Innovation: \u00abBusiness Innovation Week Switzerland\u00bb in Z\u00fcrich Oerlikon\" \/>\n<meta property=\"og:description\" content=\"Vom 30. September bis 4. Oktober 2019 findet in Z\u00fcrich Oerlikon ein neuer Wirtschaftsevent f\u00fcr Business Innovation statt. 300 Speaker sind angek\u00fcndigt.\" \/>\n<meta property=\"og:url\" content=\"https:\/\/www.organisator.ch\/it\/gestione-2\/2019-07-08\/big-bang-fuer-business-innovation-business-innovation-week-switzerland-in-zuerich-oerlikon\/\" \/>\n<meta property=\"og:site_name\" content=\"Organisator\" \/>\n<meta property=\"article:publisher\" content=\"https:\/\/www.facebook.com\/OrganisatorFachmagazin\" \/>\n<meta property=\"article:published_time\" content=\"2019-07-08T11:47:10+00:00\" \/>\n<meta property=\"og:image\" content=\"https:\/\/www.organisator.ch\/wp-content\/uploads\/2019\/07\/Big-Bang-fuer-Business-Innovation-Business-Innovation-Week-Switzerland-in-Zuerich-Oerlikon.jpg\" \/>\n\t<meta property=\"og:image:width\" content=\"680\" \/>\n\t<meta property=\"og:image:height\" content=\"369\" \/>\n\t<meta property=\"og:image:type\" content=\"image\/jpeg\" \/>\n<meta name=\"author\" content=\"thomas.berner\" \/>\n<meta name=\"twitter:card\" content=\"summary_large_image\" \/>\n<meta name=\"twitter:title\" content=\"Big Bang f\u00fcr #Business #Innovation: \u00abBusiness Innovation Week Switzerland\u00bb #BIW in Z\u00fcrich Oerlikon\" \/>\n<meta name=\"twitter:description\" content=\"Vom 30. September bis 4. Oktober 2019 findet in Z\u00fcrich Oerlikon ein neuer Wirtschaftsevent f\u00fcr #Business #Innovation statt. 300 Speaker sind angek\u00fcndigt.\" \/>\n<meta name=\"twitter:image\" content=\"https:\/\/www.organisator.ch\/wp-content\/uploads\/2019\/07\/Big-Bang-f\u00fcr-Business-Innovation-Business-Innovation-Week-Switzerland-in-Z\u00fcrich-Oerlikon.jpg\" \/>\n<script type=\"application\/ld+json\" class=\"yoast-schema-graph\">{\"@context\":\"https:\\\/\\\/schema.org\",\"@graph\":[{\"@type\":\"Article\",\"@id\":\"https:\\\/\\\/www.organisator.ch\\\/management\\\/2019-07-08\\\/big-bang-fuer-business-innovation-business-innovation-week-switzerland-in-zuerich-oerlikon\\\/#article\",\"isPartOf\":{\"@id\":\"https:\\\/\\\/www.organisator.ch\\\/management\\\/2019-07-08\\\/big-bang-fuer-business-innovation-business-innovation-week-switzerland-in-zuerich-oerlikon\\\/\"},\"author\":{\"name\":\"thomas.berner\",\"@id\":\"https:\\\/\\\/www.organisator.ch\\\/#\\\/schema\\\/person\\\/6f650f90b2842cd4c0cc334b4e36f67e\"},\"headline\":\"Big Bang f\u00fcr Business Innovation: \u00abBusiness Innovation Week Switzerland\u00bb in Z\u00fcrich Oerlikon\",\"datePublished\":\"2019-07-08T11:47:10+00:00\",\"mainEntityOfPage\":{\"@id\":\"https:\\\/\\\/www.organisator.ch\\\/management\\\/2019-07-08\\\/big-bang-fuer-business-innovation-business-innovation-week-switzerland-in-zuerich-oerlikon\\\/\"},\"wordCount\":417,\"commentCount\":0,\"publisher\":{\"@id\":\"https:\\\/\\\/www.organisator.ch\\\/#organization\"},\"image\":{\"@id\":\"https:\\\/\\\/www.organisator.ch\\\/management\\\/2019-07-08\\\/big-bang-fuer-business-innovation-business-innovation-week-switzerland-in-zuerich-oerlikon\\\/#primaryimage\"},\"thumbnailUrl\":\"https:\\\/\\\/www.organisator.ch\\\/wp-content\\\/uploads\\\/2019\\\/07\\\/Big-Bang-fuer-Business-Innovation-Business-Innovation-Week-Switzerland-in-Zuerich-Oerlikon.jpg\",\"keywords\":[\"Digitalisierung\",\"Fachkongress\\\/Fachmesse\",\"Management und Unternehmensf\u00fchrung\"],\"articleSection\":[\"MANAGEMENT\"],\"inLanguage\":\"it-IT\"},{\"@type\":\"WebPage\",\"@id\":\"https:\\\/\\\/www.organisator.ch\\\/management\\\/2019-07-08\\\/big-bang-fuer-business-innovation-business-innovation-week-switzerland-in-zuerich-oerlikon\\\/\",\"url\":\"https:\\\/\\\/www.organisator.ch\\\/management\\\/2019-07-08\\\/big-bang-fuer-business-innovation-business-innovation-week-switzerland-in-zuerich-oerlikon\\\/\",\"name\":\"Big Bang f\u00fcr Business Innovation: \u00abBusiness Innovation Week Switzerland\u00bb in Z\u00fcrich Oerlikon - Organisator\",\"isPartOf\":{\"@id\":\"https:\\\/\\\/www.organisator.ch\\\/#website\"},\"primaryImageOfPage\":{\"@id\":\"https:\\\/\\\/www.organisator.ch\\\/management\\\/2019-07-08\\\/big-bang-fuer-business-innovation-business-innovation-week-switzerland-in-zuerich-oerlikon\\\/#primaryimage\"},\"image\":{\"@id\":\"https:\\\/\\\/www.organisator.ch\\\/management\\\/2019-07-08\\\/big-bang-fuer-business-innovation-business-innovation-week-switzerland-in-zuerich-oerlikon\\\/#primaryimage\"},\"thumbnailUrl\":\"https:\\\/\\\/www.organisator.ch\\\/wp-content\\\/uploads\\\/2019\\\/07\\\/Big-Bang-fuer-Business-Innovation-Business-Innovation-Week-Switzerland-in-Zuerich-Oerlikon.jpg\",\"datePublished\":\"2019-07-08T11:47:10+00:00\",\"description\":\"Vom 30. September bis 4. Oktober 2019 findet in Z\u00fcrich Oerlikon ein neuer Wirtschaftsevent f\u00fcr Business Innovation statt. 300 Speaker sind angek\u00fcndigt.\",\"breadcrumb\":{\"@id\":\"https:\\\/\\\/www.organisator.ch\\\/management\\\/2019-07-08\\\/big-bang-fuer-business-innovation-business-innovation-week-switzerland-in-zuerich-oerlikon\\\/#breadcrumb\"},\"inLanguage\":\"it-IT\",\"potentialAction\":[{\"@type\":\"ReadAction\",\"target\":[\"https:\\\/\\\/www.organisator.ch\\\/management\\\/2019-07-08\\\/big-bang-fuer-business-innovation-business-innovation-week-switzerland-in-zuerich-oerlikon\\\/\"]}]},{\"@type\":\"ImageObject\",\"inLanguage\":\"it-IT\",\"@id\":\"https:\\\/\\\/www.organisator.ch\\\/management\\\/2019-07-08\\\/big-bang-fuer-business-innovation-business-innovation-week-switzerland-in-zuerich-oerlikon\\\/#primaryimage\",\"url\":\"https:\\\/\\\/www.organisator.ch\\\/wp-content\\\/uploads\\\/2019\\\/07\\\/Big-Bang-fuer-Business-Innovation-Business-Innovation-Week-Switzerland-in-Zuerich-Oerlikon.jpg\",\"contentUrl\":\"https:\\\/\\\/www.organisator.ch\\\/wp-content\\\/uploads\\\/2019\\\/07\\\/Big-Bang-fuer-Business-Innovation-Business-Innovation-Week-Switzerland-in-Zuerich-Oerlikon.jpg\",\"width\":680,\"height\":369,\"caption\":\"Die Themen der Business Innovation Week (Bild: obs\\\/EMEX Management GmbH\\\/J. Schneider)\"},{\"@type\":\"BreadcrumbList\",\"@id\":\"https:\\\/\\\/www.organisator.ch\\\/management\\\/2019-07-08\\\/big-bang-fuer-business-innovation-business-innovation-week-switzerland-in-zuerich-oerlikon\\\/#breadcrumb\",\"itemListElement\":[{\"@type\":\"ListItem\",\"position\":1,\"name\":\"Home\",\"item\":\"https:\\\/\\\/www.organisator.ch\\\/\"},{\"@type\":\"ListItem\",\"position\":2,\"name\":\"Big Bang f\u00fcr Business Innovation: \u00abBusiness Innovation Week Switzerland\u00bb in Z\u00fcrich Oerlikon\"}]},{\"@type\":\"WebSite\",\"@id\":\"https:\\\/\\\/www.organisator.ch\\\/#website\",\"url\":\"https:\\\/\\\/www.organisator.ch\\\/\",\"name\":\"Organisator\",\"description\":\"Kompetent. Praxisnah. Der ORGANISATOR bereitet in 10 Ausgaben pro Jahr die wesentlichen Themen f\u00fcr F\u00fchrungskr\u00e4fte von KMU auf.\",\"publisher\":{\"@id\":\"https:\\\/\\\/www.organisator.ch\\\/#organization\"},\"potentialAction\":[{\"@type\":\"SearchAction\",\"target\":{\"@type\":\"EntryPoint\",\"urlTemplate\":\"https:\\\/\\\/www.organisator.ch\\\/?s={search_term_string}\"},\"query-input\":{\"@type\":\"PropertyValueSpecification\",\"valueRequired\":true,\"valueName\":\"search_term_string\"}}],\"inLanguage\":\"it-IT\"},{\"@type\":\"Organization\",\"@id\":\"https:\\\/\\\/www.organisator.ch\\\/#organization\",\"name\":\"Organisator\",\"url\":\"https:\\\/\\\/www.organisator.ch\\\/\",\"logo\":{\"@type\":\"ImageObject\",\"inLanguage\":\"it-IT\",\"@id\":\"https:\\\/\\\/www.organisator.ch\\\/#\\\/schema\\\/logo\\\/image\\\/\",\"url\":\"https:\\\/\\\/www.organisator.ch\\\/wp-content\\\/uploads\\\/2022\\\/01\\\/Logo_Organisator_Website.png\",\"contentUrl\":\"https:\\\/\\\/www.organisator.ch\\\/wp-content\\\/uploads\\\/2022\\\/01\\\/Logo_Organisator_Website.png\",\"width\":800,\"height\":77,\"caption\":\"Organisator\"},\"image\":{\"@id\":\"https:\\\/\\\/www.organisator.ch\\\/#\\\/schema\\\/logo\\\/image\\\/\"},\"sameAs\":[\"https:\\\/\\\/www.facebook.com\\\/OrganisatorFachmagazin\",\"https:\\\/\\\/www.linkedin.com\\\/showcase\\\/organisator-das-magazin-fr-kmu\",\"https:\\\/\\\/www.xing.com\\\/news\\\/pages\\\/organisator-ch-695\",\"https:\\\/\\\/www.youtube.com\\\/channel\\\/UCGP2Sq0iWaZwT3BdIAQFYpw\"]},{\"@type\":\"Person\",\"@id\":\"https:\\\/\\\/www.organisator.ch\\\/#\\\/schema\\\/person\\\/6f650f90b2842cd4c0cc334b4e36f67e\",\"name\":\"thomas.berner\",\"image\":{\"@type\":\"ImageObject\",\"inLanguage\":\"it-IT\",\"@id\":\"https:\\\/\\\/secure.gravatar.com\\\/avatar\\\/ac5001d2a36cb6c6cd3e50789007ffca834b477b74a2144564522e944eabff61?s=96&d=mm&r=g\",\"url\":\"https:\\\/\\\/secure.gravatar.com\\\/avatar\\\/ac5001d2a36cb6c6cd3e50789007ffca834b477b74a2144564522e944eabff61?s=96&d=mm&r=g\",\"contentUrl\":\"https:\\\/\\\/secure.gravatar.com\\\/avatar\\\/ac5001d2a36cb6c6cd3e50789007ffca834b477b74a2144564522e944eabff61?s=96&d=mm&r=g\",\"caption\":\"thomas.berner\"},\"url\":\"https:\\\/\\\/www.organisator.ch\\\/it\\\/author\\\/thomas-berner\\\/\"}]}<\/script>\n<!-- \/ Yoast SEO plugin. -->","yoast_head_json":{"title":"Big Bang per l'innovazione aziendale: \"Business Innovation Week Switzerland\" a Zurigo Oerlikon - Organizzatore","description":"Dal 30 settembre al 4 ottobre 2019 si terr\u00e0 a Zurigo Oerlikon, un nuovo evento dedicato all'innovazione aziendale. Sono stati annunciati 300 relatori.","robots":{"index":"index","follow":"follow","max-snippet":"max-snippet:-1","max-image-preview":"max-image-preview:large","max-video-preview":"max-video-preview:-1"},"canonical":"https:\/\/www.organisator.ch\/it\/gestione-2\/2019-07-08\/big-bang-fuer-business-innovation-business-innovation-week-switzerland-in-zuerich-oerlikon\/","og_locale":"it_IT","og_type":"article","og_title":"Big Bang f\u00fcr Business Innovation: \u00abBusiness Innovation Week Switzerland\u00bb in Z\u00fcrich Oerlikon","og_description":"Vom 30. September bis 4. Oktober 2019 findet in Z\u00fcrich Oerlikon ein neuer Wirtschaftsevent f\u00fcr Business Innovation statt. 300 Speaker sind angek\u00fcndigt.","og_url":"https:\/\/www.organisator.ch\/it\/gestione-2\/2019-07-08\/big-bang-fuer-business-innovation-business-innovation-week-switzerland-in-zuerich-oerlikon\/","og_site_name":"Organisator","article_publisher":"https:\/\/www.facebook.com\/OrganisatorFachmagazin","article_published_time":"2019-07-08T11:47:10+00:00","og_image":[{"width":680,"height":369,"url":"https:\/\/www.organisator.ch\/wp-content\/uploads\/2019\/07\/Big-Bang-fuer-Business-Innovation-Business-Innovation-Week-Switzerland-in-Zuerich-Oerlikon.jpg","type":"image\/jpeg"}],"author":"thomas.berner","twitter_card":"summary_large_image","twitter_title":"Big Bang f\u00fcr #Business #Innovation: \u00abBusiness Innovation Week Switzerland\u00bb #BIW in Z\u00fcrich Oerlikon","twitter_description":"Vom 30. September bis 4. Oktober 2019 findet in Z\u00fcrich Oerlikon ein neuer Wirtschaftsevent f\u00fcr #Business #Innovation statt. 300 Speaker sind angek\u00fcndigt.","twitter_image":"https:\/\/www.organisator.ch\/wp-content\/uploads\/2019\/07\/Big-Bang-f\u00fcr-Business-Innovation-Business-Innovation-Week-Switzerland-in-Z\u00fcrich-Oerlikon.jpg","schema":{"@context":"https:\/\/schema.org","@graph":[{"@type":"Article","@id":"https:\/\/www.organisator.ch\/management\/2019-07-08\/big-bang-fuer-business-innovation-business-innovation-week-switzerland-in-zuerich-oerlikon\/#article","isPartOf":{"@id":"https:\/\/www.organisator.ch\/management\/2019-07-08\/big-bang-fuer-business-innovation-business-innovation-week-switzerland-in-zuerich-oerlikon\/"},"author":{"name":"thomas.berner","@id":"https:\/\/www.organisator.ch\/#\/schema\/person\/6f650f90b2842cd4c0cc334b4e36f67e"},"headline":"Big Bang f\u00fcr Business Innovation: \u00abBusiness Innovation Week Switzerland\u00bb in Z\u00fcrich Oerlikon","datePublished":"2019-07-08T11:47:10+00:00","mainEntityOfPage":{"@id":"https:\/\/www.organisator.ch\/management\/2019-07-08\/big-bang-fuer-business-innovation-business-innovation-week-switzerland-in-zuerich-oerlikon\/"},"wordCount":417,"commentCount":0,"publisher":{"@id":"https:\/\/www.organisator.ch\/#organization"},"image":{"@id":"https:\/\/www.organisator.ch\/management\/2019-07-08\/big-bang-fuer-business-innovation-business-innovation-week-switzerland-in-zuerich-oerlikon\/#primaryimage"},"thumbnailUrl":"https:\/\/www.organisator.ch\/wp-content\/uploads\/2019\/07\/Big-Bang-fuer-Business-Innovation-Business-Innovation-Week-Switzerland-in-Zuerich-Oerlikon.jpg","keywords":["Digitalisierung","Fachkongress\/Fachmesse","Management und Unternehmensf\u00fchrung"],"articleSection":["MANAGEMENT"],"inLanguage":"it-IT"},{"@type":"WebPage","@id":"https:\/\/www.organisator.ch\/management\/2019-07-08\/big-bang-fuer-business-innovation-business-innovation-week-switzerland-in-zuerich-oerlikon\/","url":"https:\/\/www.organisator.ch\/management\/2019-07-08\/big-bang-fuer-business-innovation-business-innovation-week-switzerland-in-zuerich-oerlikon\/","name":"Big Bang per l'innovazione aziendale: \"Business Innovation Week Switzerland\" a Zurigo Oerlikon - Organizzatore","isPartOf":{"@id":"https:\/\/www.organisator.ch\/#website"},"primaryImageOfPage":{"@id":"https:\/\/www.organisator.ch\/management\/2019-07-08\/big-bang-fuer-business-innovation-business-innovation-week-switzerland-in-zuerich-oerlikon\/#primaryimage"},"image":{"@id":"https:\/\/www.organisator.ch\/management\/2019-07-08\/big-bang-fuer-business-innovation-business-innovation-week-switzerland-in-zuerich-oerlikon\/#primaryimage"},"thumbnailUrl":"https:\/\/www.organisator.ch\/wp-content\/uploads\/2019\/07\/Big-Bang-fuer-Business-Innovation-Business-Innovation-Week-Switzerland-in-Zuerich-Oerlikon.jpg","datePublished":"2019-07-08T11:47:10+00:00","description":"Dal 30 settembre al 4 ottobre 2019 si terr\u00e0 a Zurigo Oerlikon, un nuovo evento dedicato all'innovazione aziendale. Sono stati annunciati 300 relatori.","breadcrumb":{"@id":"https:\/\/www.organisator.ch\/management\/2019-07-08\/big-bang-fuer-business-innovation-business-innovation-week-switzerland-in-zuerich-oerlikon\/#breadcrumb"},"inLanguage":"it-IT","potentialAction":[{"@type":"ReadAction","target":["https:\/\/www.organisator.ch\/management\/2019-07-08\/big-bang-fuer-business-innovation-business-innovation-week-switzerland-in-zuerich-oerlikon\/"]}]},{"@type":"ImageObject","inLanguage":"it-IT","@id":"https:\/\/www.organisator.ch\/management\/2019-07-08\/big-bang-fuer-business-innovation-business-innovation-week-switzerland-in-zuerich-oerlikon\/#primaryimage","url":"https:\/\/www.organisator.ch\/wp-content\/uploads\/2019\/07\/Big-Bang-fuer-Business-Innovation-Business-Innovation-Week-Switzerland-in-Zuerich-Oerlikon.jpg","contentUrl":"https:\/\/www.organisator.ch\/wp-content\/uploads\/2019\/07\/Big-Bang-fuer-Business-Innovation-Business-Innovation-Week-Switzerland-in-Zuerich-Oerlikon.jpg","width":680,"height":369,"caption":"Die Themen der Business Innovation Week (Bild: obs\/EMEX Management GmbH\/J. Schneider)"},{"@type":"BreadcrumbList","@id":"https:\/\/www.organisator.ch\/management\/2019-07-08\/big-bang-fuer-business-innovation-business-innovation-week-switzerland-in-zuerich-oerlikon\/#breadcrumb","itemListElement":[{"@type":"ListItem","position":1,"name":"Home","item":"https:\/\/www.organisator.ch\/"},{"@type":"ListItem","position":2,"name":"Big Bang f\u00fcr Business Innovation: \u00abBusiness Innovation Week Switzerland\u00bb in Z\u00fcrich Oerlikon"}]},{"@type":"WebSite","@id":"https:\/\/www.organisator.ch\/#website","url":"https:\/\/www.organisator.ch\/","name":"Organizzatore","description":"Competente. Pratico. In 10 numeri all'anno, ORGANISATOR presenta i temi essenziali per i manager delle PMI.","publisher":{"@id":"https:\/\/www.organisator.ch\/#organization"},"potentialAction":[{"@type":"SearchAction","target":{"@type":"EntryPoint","urlTemplate":"https:\/\/www.organisator.ch\/?s={search_term_string}"},"query-input":{"@type":"PropertyValueSpecification","valueRequired":true,"valueName":"search_term_string"}}],"inLanguage":"it-IT"},{"@type":"Organization","@id":"https:\/\/www.organisator.ch\/#organization","name":"Organizzatore","url":"https:\/\/www.organisator.ch\/","logo":{"@type":"ImageObject","inLanguage":"it-IT","@id":"https:\/\/www.organisator.ch\/#\/schema\/logo\/image\/","url":"https:\/\/www.organisator.ch\/wp-content\/uploads\/2022\/01\/Logo_Organisator_Website.png","contentUrl":"https:\/\/www.organisator.ch\/wp-content\/uploads\/2022\/01\/Logo_Organisator_Website.png","width":800,"height":77,"caption":"Organisator"},"image":{"@id":"https:\/\/www.organisator.ch\/#\/schema\/logo\/image\/"},"sameAs":["https:\/\/www.facebook.com\/OrganisatorFachmagazin","https:\/\/www.linkedin.com\/showcase\/organisator-das-magazin-fr-kmu","https:\/\/www.xing.com\/news\/pages\/organisator-ch-695","https:\/\/www.youtube.com\/channel\/UCGP2Sq0iWaZwT3BdIAQFYpw"]},{"@type":"Person","@id":"https:\/\/www.organisator.ch\/#\/schema\/person\/6f650f90b2842cd4c0cc334b4e36f67e","name":"Tommaso.berner","image":{"@type":"ImageObject","inLanguage":"it-IT","@id":"https:\/\/secure.gravatar.com\/avatar\/ac5001d2a36cb6c6cd3e50789007ffca834b477b74a2144564522e944eabff61?s=96&d=mm&r=g","url":"https:\/\/secure.gravatar.com\/avatar\/ac5001d2a36cb6c6cd3e50789007ffca834b477b74a2144564522e944eabff61?s=96&d=mm&r=g","contentUrl":"https:\/\/secure.gravatar.com\/avatar\/ac5001d2a36cb6c6cd3e50789007ffca834b477b74a2144564522e944eabff61?s=96&d=mm&r=g","caption":"thomas.berner"},"url":"https:\/\/www.organisator.ch\/it\/author\/thomas-berner\/"}]}},"_links":{"self":[{"href":"https:\/\/www.organisator.ch\/it\/wp-json\/wp\/v2\/posts\/5510","targetHints":{"allow":["GET"]}}],"collection":[{"href":"https:\/\/www.organisator.ch\/it\/wp-json\/wp\/v2\/posts"}],"about":[{"href":"https:\/\/www.organisator.ch\/it\/wp-json\/wp\/v2\/types\/post"}],"author":[{"embeddable":true,"href":"https:\/\/www.organisator.ch\/it\/wp-json\/wp\/v2\/users\/4"}],"replies":[{"embeddable":true,"href":"https:\/\/www.organisator.ch\/it\/wp-json\/wp\/v2\/comments?post=5510"}],"version-history":[{"count":0,"href":"https:\/\/www.organisator.ch\/it\/wp-json\/wp\/v2\/posts\/5510\/revisions"}],"wp:featuredmedia":[{"embeddable":true,"href":"https:\/\/www.organisator.ch\/it\/wp-json\/wp\/v2\/media\/5511"}],"wp:attachment":[{"href":"https:\/\/www.organisator.ch\/it\/wp-json\/wp\/v2\/media?parent=5510"}],"wp:term":[{"taxonomy":"category","embeddable":true,"href":"https:\/\/www.organisator.ch\/it\/wp-json\/wp\/v2\/categories?post=5510"},{"taxonomy":"post_tag","embeddable":true,"href":"https:\/\/www.organisator.ch\/it\/wp-json\/wp\/v2\/tags?post=5510"}],"curies":[{"name":"wp","href":"https:\/\/api.w.org\/{rel}","templated":true}]}}