{"id":5521,"date":"2019-07-10T08:35:40","date_gmt":"2019-07-10T06:35:40","guid":{"rendered":"https:\/\/www.organisator.ch\/?p=5521"},"modified":"2019-07-10T08:35:40","modified_gmt":"2019-07-10T06:35:40","slug":"symposium-weiterbildung-fuer-die-praxis-4-0","status":"publish","type":"post","link":"https:\/\/www.organisator.ch\/it\/management\/2019-07-10\/symposium-weiterbildung-fuer-die-praxis-4-0\/","title":{"rendered":"Simposio \"Educazione continua per la pratica 4.0"},"content":{"rendered":"<figure id=\"attachment_5522\" aria-describedby=\"caption-attachment-5522\" style=\"width: 680px\" class=\"wp-caption alignnone\"><img loading=\"lazy\" decoding=\"async\" class=\"size-medium wp-image-5522\" src=\"https:\/\/www.organisator.ch\/wp-content\/uploads\/2019\/07\/Symposium-Weiterbildung-fuer-die-Praxis-4-0_Organisator.jpg\" alt=\"\" width=\"680\" height=\"209\" srcset=\"https:\/\/www.organisator.ch\/wp-content\/uploads\/2019\/07\/Symposium-Weiterbildung-fuer-die-Praxis-4-0_Organisator.jpg 680w, https:\/\/www.organisator.ch\/wp-content\/uploads\/2019\/07\/Symposium-Weiterbildung-fuer-die-Praxis-4-0_Organisator-16x5.jpg 16w, https:\/\/www.organisator.ch\/wp-content\/uploads\/2019\/07\/Symposium-Weiterbildung-fuer-die-Praxis-4-0_Organisator-375x115.jpg 375w, https:\/\/www.organisator.ch\/wp-content\/uploads\/2019\/07\/Symposium-Weiterbildung-fuer-die-Praxis-4-0_Organisator-300x92.jpg 300w\" sizes=\"auto, (max-width: 680px) 100vw, 680px\" \/><figcaption id=\"caption-attachment-5522\" class=\"wp-caption-text\">La formazione continua per la pratica 4.0 - questo \u00e8 il tema di un simposio il 3 settembre. (Foto: <a href=\"http:\/\/www.sfb.ch\">www.sfb.ch<\/a>)<\/figcaption><\/figure>\n<p>Le megatendenze come la digitalizzazione, la crescente mobilit\u00e0 professionale e il cambiamento demografico pongono le aziende di fronte a nuove sfide. Questi devono essere affrontati con soluzioni innovative. Per fare questo, le aziende hanno bisogno di specialisti e manager con le competenze adeguate. \u00c8 qui che le istituzioni di formazione continua sono richieste. Nel quadro dell'istruzione e della formazione professionale, preparano specialisti per compiti tecnici o manageriali impegnativi.<\/p>\n<p>I rapidi cambiamenti nell'economia e nel mercato dei lavoratori qualificati stanno chiaramente delineando una rivoluzione educativa che avr\u00e0 un impatto massiccio sul sistema educativo svizzero nei prossimi anni. Allora, dove andiamo da qui? Come deve essere rimodellata l'educazione? Il simposio \"Continuing Education for Practice 4.0\" mostrer\u00e0 le possibili soluzioni per le nuove sfide. Relatori rinomati del mondo dell'educazione e della pratica industriale discuteranno argomenti come la necessit\u00e0 dell'educazione nella rivoluzione digitale o la rivoluzione nell'insegnamento. Con il simposio del 3 settembre all'Istituto Gottlieb Duttweiler, la scuola universitaria professionale sfb insieme alla Swissmem Academy vuole creare una nuova piattaforma di dialogo tra la formazione professionale superiore e l'industria in questo periodo di cambiamenti.<\/p>\n<p>Dettagli e registrazione: <a href=\"https:\/\/www.sfb.ch\/ausbildungsangebot\/Kurse-und-Seminare\/Symposium\">https:\/\/www.sfb.ch\/ausbildungsangebot\/Kurse-und-Seminare\/Symposium<\/a><\/p>\n<p>Luogo: Istituto Gottlieb Duttweiler, Langhaldenstrasse 21, 8803 R\u00fcschlikon<\/p>\n<p>Tempo: 03 settembre 2019, 08.30 a 14 ore<\/p>\n<p>Costo: CHF 240 a persona.<\/p>","protected":false},"excerpt":{"rendered":"<p>Megatrends wie die Digitalisierung, steigende berufliche Mobilit\u00e4t oder auch der demografische Wandel stellen Unternehmen vor neue Herausforderungen. Diesen muss mit innovativen L\u00f6sungen begegnet werden. Dazu braucht es in den Unternehmen Fach- und F\u00fchrungspersonen mit einem entsprechenden Skill-Set. Hier sind die Weiterbildungsinstitutionen gefragt. Im Rahmen der H\u00f6heren Berufsbildung bereiten sie Fachkr\u00e4fte auf anspruchsvolle Fach- oder F\u00fchrungsaufgaben [&hellip;]<\/p>\n","protected":false},"author":4,"featured_media":5522,"comment_status":"open","ping_status":"open","sticky":false,"template":"","format":"standard","meta":{"_acf_changed":false,"_yoast_wpseo_focuskw":"Weiterbildung f\u00fcr die Praxis","_yoast_wpseo_metadesc":"Wie muss Bildung umgestaltet werden, damit sie zukunftsf\u00e4hig ist? Das Symposium \u00abWeiterbildung f\u00fcr die Praxis 4.0\u00bb geht am 3. September auf Antwortensuche.","articlekey":"","footnotes":""},"categories":[28],"tags":[62,73,192,193,250],"class_list":["post-5521","post","type-post","status-publish","format-standard","has-post-thumbnail","hentry","category-management","tag-aus-weiterbildung","tag-berufsbildung","tag-fachhochschulen","tag-fachkongressfachmesse","tag-hoehere-fachschulen"],"acf":[],"yoast_head":"<!-- This site is optimized with the Yoast SEO plugin v27.5 - https:\/\/yoast.com\/product\/yoast-seo-wordpress\/ -->\n<title>Symposium \u00abWeiterbildung f\u00fcr die Praxis 4.0\u00bb - Organisator<\/title>\n<meta name=\"description\" content=\"Wie muss Bildung umgestaltet werden, damit sie zukunftsf\u00e4hig ist? Das Symposium \u00abWeiterbildung f\u00fcr die Praxis 4.0\u00bb geht am 3. September auf Antwortensuche.\" \/>\n<meta name=\"robots\" content=\"index, follow, max-snippet:-1, max-image-preview:large, max-video-preview:-1\" \/>\n<link rel=\"canonical\" href=\"https:\/\/www.organisator.ch\/it\/gestione-2\/2019-07-10\/symposium-weiterbildung-fuer-die-praxis-4-0\/\" \/>\n<meta property=\"og:locale\" content=\"it_IT\" \/>\n<meta property=\"og:type\" content=\"article\" \/>\n<meta property=\"og:title\" content=\"Symposium \u00abWeiterbildung f\u00fcr die Praxis 4.0\u00bb\" \/>\n<meta property=\"og:description\" content=\"Wie muss Bildung umgestaltet werden, damit sie zukunftsf\u00e4hig ist? Das Symposium \u00abWeiterbildung f\u00fcr die Praxis 4.0\u00bb geht am 3. September auf Antwortensuche\" \/>\n<meta property=\"og:url\" content=\"https:\/\/www.organisator.ch\/it\/gestione-2\/2019-07-10\/symposium-weiterbildung-fuer-die-praxis-4-0\/\" \/>\n<meta property=\"og:site_name\" content=\"Organisator\" \/>\n<meta property=\"article:publisher\" content=\"https:\/\/www.facebook.com\/OrganisatorFachmagazin\" \/>\n<meta property=\"article:published_time\" content=\"2019-07-10T06:35:40+00:00\" \/>\n<meta property=\"og:image\" content=\"https:\/\/www.organisator.ch\/wp-content\/uploads\/2019\/07\/Symposium-Weiterbildung-fuer-die-Praxis-4-0_Organisator.jpg\" \/>\n\t<meta property=\"og:image:width\" content=\"680\" \/>\n\t<meta property=\"og:image:height\" content=\"209\" \/>\n\t<meta property=\"og:image:type\" content=\"image\/jpeg\" \/>\n<meta name=\"author\" content=\"thomas.berner\" \/>\n<meta name=\"twitter:card\" content=\"summary_large_image\" \/>\n<meta name=\"twitter:title\" content=\"#Symposium \u00abWeiterbildung f\u00fcr die Praxis 4.0\u00bb\" \/>\n<meta name=\"twitter:description\" content=\"Wie muss Bildung umgestaltet werden, damit sie zukunftsf\u00e4hig ist? Das #Symposium \u00abWeiterbildung f\u00fcr die Praxis 4.0\u00bb geht am 3. September auf Antwortensuche\" \/>\n<meta name=\"twitter:image\" content=\"https:\/\/www.organisator.ch\/wp-content\/uploads\/2019\/07\/Symposium-Weiterbildung-f\u00fcr-die-Praxis-4-0_Organisator.jpg\" \/>\n<script type=\"application\/ld+json\" class=\"yoast-schema-graph\">{\"@context\":\"https:\\\/\\\/schema.org\",\"@graph\":[{\"@type\":\"Article\",\"@id\":\"https:\\\/\\\/www.organisator.ch\\\/management\\\/2019-07-10\\\/symposium-weiterbildung-fuer-die-praxis-4-0\\\/#article\",\"isPartOf\":{\"@id\":\"https:\\\/\\\/www.organisator.ch\\\/management\\\/2019-07-10\\\/symposium-weiterbildung-fuer-die-praxis-4-0\\\/\"},\"author\":{\"name\":\"thomas.berner\",\"@id\":\"https:\\\/\\\/www.organisator.ch\\\/#\\\/schema\\\/person\\\/6f650f90b2842cd4c0cc334b4e36f67e\"},\"headline\":\"Symposium \u00abWeiterbildung f\u00fcr die Praxis 4.0\u00bb\",\"datePublished\":\"2019-07-10T06:35:40+00:00\",\"mainEntityOfPage\":{\"@id\":\"https:\\\/\\\/www.organisator.ch\\\/management\\\/2019-07-10\\\/symposium-weiterbildung-fuer-die-praxis-4-0\\\/\"},\"wordCount\":233,\"commentCount\":0,\"publisher\":{\"@id\":\"https:\\\/\\\/www.organisator.ch\\\/#organization\"},\"image\":{\"@id\":\"https:\\\/\\\/www.organisator.ch\\\/management\\\/2019-07-10\\\/symposium-weiterbildung-fuer-die-praxis-4-0\\\/#primaryimage\"},\"thumbnailUrl\":\"https:\\\/\\\/www.organisator.ch\\\/wp-content\\\/uploads\\\/2019\\\/07\\\/Symposium-Weiterbildung-fuer-die-Praxis-4-0_Organisator.jpg\",\"keywords\":[\"Aus-\\\/Weiterbildung\",\"Berufsbildung\",\"Fachhochschulen\",\"Fachkongress\\\/Fachmesse\",\"H\u00f6here Fachschulen\"],\"articleSection\":[\"MANAGEMENT\"],\"inLanguage\":\"it-IT\"},{\"@type\":\"WebPage\",\"@id\":\"https:\\\/\\\/www.organisator.ch\\\/management\\\/2019-07-10\\\/symposium-weiterbildung-fuer-die-praxis-4-0\\\/\",\"url\":\"https:\\\/\\\/www.organisator.ch\\\/management\\\/2019-07-10\\\/symposium-weiterbildung-fuer-die-praxis-4-0\\\/\",\"name\":\"Symposium \u00abWeiterbildung f\u00fcr die Praxis 4.0\u00bb - Organisator\",\"isPartOf\":{\"@id\":\"https:\\\/\\\/www.organisator.ch\\\/#website\"},\"primaryImageOfPage\":{\"@id\":\"https:\\\/\\\/www.organisator.ch\\\/management\\\/2019-07-10\\\/symposium-weiterbildung-fuer-die-praxis-4-0\\\/#primaryimage\"},\"image\":{\"@id\":\"https:\\\/\\\/www.organisator.ch\\\/management\\\/2019-07-10\\\/symposium-weiterbildung-fuer-die-praxis-4-0\\\/#primaryimage\"},\"thumbnailUrl\":\"https:\\\/\\\/www.organisator.ch\\\/wp-content\\\/uploads\\\/2019\\\/07\\\/Symposium-Weiterbildung-fuer-die-Praxis-4-0_Organisator.jpg\",\"datePublished\":\"2019-07-10T06:35:40+00:00\",\"description\":\"Wie muss Bildung umgestaltet werden, damit sie zukunftsf\u00e4hig ist? Das Symposium \u00abWeiterbildung f\u00fcr die Praxis 4.0\u00bb geht am 3. September auf Antwortensuche.\",\"breadcrumb\":{\"@id\":\"https:\\\/\\\/www.organisator.ch\\\/management\\\/2019-07-10\\\/symposium-weiterbildung-fuer-die-praxis-4-0\\\/#breadcrumb\"},\"inLanguage\":\"it-IT\",\"potentialAction\":[{\"@type\":\"ReadAction\",\"target\":[\"https:\\\/\\\/www.organisator.ch\\\/management\\\/2019-07-10\\\/symposium-weiterbildung-fuer-die-praxis-4-0\\\/\"]}]},{\"@type\":\"ImageObject\",\"inLanguage\":\"it-IT\",\"@id\":\"https:\\\/\\\/www.organisator.ch\\\/management\\\/2019-07-10\\\/symposium-weiterbildung-fuer-die-praxis-4-0\\\/#primaryimage\",\"url\":\"https:\\\/\\\/www.organisator.ch\\\/wp-content\\\/uploads\\\/2019\\\/07\\\/Symposium-Weiterbildung-fuer-die-Praxis-4-0_Organisator.jpg\",\"contentUrl\":\"https:\\\/\\\/www.organisator.ch\\\/wp-content\\\/uploads\\\/2019\\\/07\\\/Symposium-Weiterbildung-fuer-die-Praxis-4-0_Organisator.jpg\",\"width\":680,\"height\":209,\"caption\":\"Weiterbildung f\u00fcr die Praxis 4.0 - so lautet das Thema eines Symposiums am 3. September. (Bild: www.sfb.ch)\"},{\"@type\":\"BreadcrumbList\",\"@id\":\"https:\\\/\\\/www.organisator.ch\\\/management\\\/2019-07-10\\\/symposium-weiterbildung-fuer-die-praxis-4-0\\\/#breadcrumb\",\"itemListElement\":[{\"@type\":\"ListItem\",\"position\":1,\"name\":\"Home\",\"item\":\"https:\\\/\\\/www.organisator.ch\\\/\"},{\"@type\":\"ListItem\",\"position\":2,\"name\":\"Symposium \u00abWeiterbildung f\u00fcr die Praxis 4.0\u00bb\"}]},{\"@type\":\"WebSite\",\"@id\":\"https:\\\/\\\/www.organisator.ch\\\/#website\",\"url\":\"https:\\\/\\\/www.organisator.ch\\\/\",\"name\":\"Organisator\",\"description\":\"Kompetent. Praxisnah. Der ORGANISATOR bereitet in 10 Ausgaben pro Jahr die wesentlichen Themen f\u00fcr F\u00fchrungskr\u00e4fte von KMU auf.\",\"publisher\":{\"@id\":\"https:\\\/\\\/www.organisator.ch\\\/#organization\"},\"potentialAction\":[{\"@type\":\"SearchAction\",\"target\":{\"@type\":\"EntryPoint\",\"urlTemplate\":\"https:\\\/\\\/www.organisator.ch\\\/?s={search_term_string}\"},\"query-input\":{\"@type\":\"PropertyValueSpecification\",\"valueRequired\":true,\"valueName\":\"search_term_string\"}}],\"inLanguage\":\"it-IT\"},{\"@type\":\"Organization\",\"@id\":\"https:\\\/\\\/www.organisator.ch\\\/#organization\",\"name\":\"Organisator\",\"url\":\"https:\\\/\\\/www.organisator.ch\\\/\",\"logo\":{\"@type\":\"ImageObject\",\"inLanguage\":\"it-IT\",\"@id\":\"https:\\\/\\\/www.organisator.ch\\\/#\\\/schema\\\/logo\\\/image\\\/\",\"url\":\"https:\\\/\\\/www.organisator.ch\\\/wp-content\\\/uploads\\\/2022\\\/01\\\/Logo_Organisator_Website.png\",\"contentUrl\":\"https:\\\/\\\/www.organisator.ch\\\/wp-content\\\/uploads\\\/2022\\\/01\\\/Logo_Organisator_Website.png\",\"width\":800,\"height\":77,\"caption\":\"Organisator\"},\"image\":{\"@id\":\"https:\\\/\\\/www.organisator.ch\\\/#\\\/schema\\\/logo\\\/image\\\/\"},\"sameAs\":[\"https:\\\/\\\/www.facebook.com\\\/OrganisatorFachmagazin\",\"https:\\\/\\\/www.linkedin.com\\\/showcase\\\/organisator-das-magazin-fr-kmu\",\"https:\\\/\\\/www.xing.com\\\/news\\\/pages\\\/organisator-ch-695\",\"https:\\\/\\\/www.youtube.com\\\/channel\\\/UCGP2Sq0iWaZwT3BdIAQFYpw\"]},{\"@type\":\"Person\",\"@id\":\"https:\\\/\\\/www.organisator.ch\\\/#\\\/schema\\\/person\\\/6f650f90b2842cd4c0cc334b4e36f67e\",\"name\":\"thomas.berner\",\"image\":{\"@type\":\"ImageObject\",\"inLanguage\":\"it-IT\",\"@id\":\"https:\\\/\\\/secure.gravatar.com\\\/avatar\\\/ac5001d2a36cb6c6cd3e50789007ffca834b477b74a2144564522e944eabff61?s=96&d=mm&r=g\",\"url\":\"https:\\\/\\\/secure.gravatar.com\\\/avatar\\\/ac5001d2a36cb6c6cd3e50789007ffca834b477b74a2144564522e944eabff61?s=96&d=mm&r=g\",\"contentUrl\":\"https:\\\/\\\/secure.gravatar.com\\\/avatar\\\/ac5001d2a36cb6c6cd3e50789007ffca834b477b74a2144564522e944eabff61?s=96&d=mm&r=g\",\"caption\":\"thomas.berner\"},\"url\":\"https:\\\/\\\/www.organisator.ch\\\/it\\\/author\\\/thomas-berner\\\/\"}]}<\/script>\n<!-- \/ Yoast SEO plugin. -->","yoast_head_json":{"title":"Simposio \"Formazione continua per la pratica 4.0\" - Organizzatore","description":"Come deve essere riprogettata l'istruzione per essere adeguata al futuro? Il simposio \"Formazione continua per la pratica 4.0\" cercher\u00e0 le risposte il 3 settembre.","robots":{"index":"index","follow":"follow","max-snippet":"max-snippet:-1","max-image-preview":"max-image-preview:large","max-video-preview":"max-video-preview:-1"},"canonical":"https:\/\/www.organisator.ch\/it\/gestione-2\/2019-07-10\/symposium-weiterbildung-fuer-die-praxis-4-0\/","og_locale":"it_IT","og_type":"article","og_title":"Symposium \u00abWeiterbildung f\u00fcr die Praxis 4.0\u00bb","og_description":"Wie muss Bildung umgestaltet werden, damit sie zukunftsf\u00e4hig ist? Das Symposium \u00abWeiterbildung f\u00fcr die Praxis 4.0\u00bb geht am 3. September auf Antwortensuche","og_url":"https:\/\/www.organisator.ch\/it\/gestione-2\/2019-07-10\/symposium-weiterbildung-fuer-die-praxis-4-0\/","og_site_name":"Organisator","article_publisher":"https:\/\/www.facebook.com\/OrganisatorFachmagazin","article_published_time":"2019-07-10T06:35:40+00:00","og_image":[{"width":680,"height":209,"url":"https:\/\/www.organisator.ch\/wp-content\/uploads\/2019\/07\/Symposium-Weiterbildung-fuer-die-Praxis-4-0_Organisator.jpg","type":"image\/jpeg"}],"author":"thomas.berner","twitter_card":"summary_large_image","twitter_title":"#Symposium \u00abWeiterbildung f\u00fcr die Praxis 4.0\u00bb","twitter_description":"Wie muss Bildung umgestaltet werden, damit sie zukunftsf\u00e4hig ist? Das #Symposium \u00abWeiterbildung f\u00fcr die Praxis 4.0\u00bb geht am 3. September auf Antwortensuche","twitter_image":"https:\/\/www.organisator.ch\/wp-content\/uploads\/2019\/07\/Symposium-Weiterbildung-f\u00fcr-die-Praxis-4-0_Organisator.jpg","schema":{"@context":"https:\/\/schema.org","@graph":[{"@type":"Article","@id":"https:\/\/www.organisator.ch\/management\/2019-07-10\/symposium-weiterbildung-fuer-die-praxis-4-0\/#article","isPartOf":{"@id":"https:\/\/www.organisator.ch\/management\/2019-07-10\/symposium-weiterbildung-fuer-die-praxis-4-0\/"},"author":{"name":"thomas.berner","@id":"https:\/\/www.organisator.ch\/#\/schema\/person\/6f650f90b2842cd4c0cc334b4e36f67e"},"headline":"Symposium \u00abWeiterbildung f\u00fcr die Praxis 4.0\u00bb","datePublished":"2019-07-10T06:35:40+00:00","mainEntityOfPage":{"@id":"https:\/\/www.organisator.ch\/management\/2019-07-10\/symposium-weiterbildung-fuer-die-praxis-4-0\/"},"wordCount":233,"commentCount":0,"publisher":{"@id":"https:\/\/www.organisator.ch\/#organization"},"image":{"@id":"https:\/\/www.organisator.ch\/management\/2019-07-10\/symposium-weiterbildung-fuer-die-praxis-4-0\/#primaryimage"},"thumbnailUrl":"https:\/\/www.organisator.ch\/wp-content\/uploads\/2019\/07\/Symposium-Weiterbildung-fuer-die-Praxis-4-0_Organisator.jpg","keywords":["Aus-\/Weiterbildung","Berufsbildung","Fachhochschulen","Fachkongress\/Fachmesse","H\u00f6here Fachschulen"],"articleSection":["MANAGEMENT"],"inLanguage":"it-IT"},{"@type":"WebPage","@id":"https:\/\/www.organisator.ch\/management\/2019-07-10\/symposium-weiterbildung-fuer-die-praxis-4-0\/","url":"https:\/\/www.organisator.ch\/management\/2019-07-10\/symposium-weiterbildung-fuer-die-praxis-4-0\/","name":"Simposio \"Formazione continua per la pratica 4.0\" - Organizzatore","isPartOf":{"@id":"https:\/\/www.organisator.ch\/#website"},"primaryImageOfPage":{"@id":"https:\/\/www.organisator.ch\/management\/2019-07-10\/symposium-weiterbildung-fuer-die-praxis-4-0\/#primaryimage"},"image":{"@id":"https:\/\/www.organisator.ch\/management\/2019-07-10\/symposium-weiterbildung-fuer-die-praxis-4-0\/#primaryimage"},"thumbnailUrl":"https:\/\/www.organisator.ch\/wp-content\/uploads\/2019\/07\/Symposium-Weiterbildung-fuer-die-Praxis-4-0_Organisator.jpg","datePublished":"2019-07-10T06:35:40+00:00","description":"Come deve essere riprogettata l'istruzione per essere adeguata al futuro? Il simposio \"Formazione continua per la pratica 4.0\" cercher\u00e0 le risposte il 3 settembre.","breadcrumb":{"@id":"https:\/\/www.organisator.ch\/management\/2019-07-10\/symposium-weiterbildung-fuer-die-praxis-4-0\/#breadcrumb"},"inLanguage":"it-IT","potentialAction":[{"@type":"ReadAction","target":["https:\/\/www.organisator.ch\/management\/2019-07-10\/symposium-weiterbildung-fuer-die-praxis-4-0\/"]}]},{"@type":"ImageObject","inLanguage":"it-IT","@id":"https:\/\/www.organisator.ch\/management\/2019-07-10\/symposium-weiterbildung-fuer-die-praxis-4-0\/#primaryimage","url":"https:\/\/www.organisator.ch\/wp-content\/uploads\/2019\/07\/Symposium-Weiterbildung-fuer-die-Praxis-4-0_Organisator.jpg","contentUrl":"https:\/\/www.organisator.ch\/wp-content\/uploads\/2019\/07\/Symposium-Weiterbildung-fuer-die-Praxis-4-0_Organisator.jpg","width":680,"height":209,"caption":"Weiterbildung f\u00fcr die Praxis 4.0 - so lautet das Thema eines Symposiums am 3. September. (Bild: www.sfb.ch)"},{"@type":"BreadcrumbList","@id":"https:\/\/www.organisator.ch\/management\/2019-07-10\/symposium-weiterbildung-fuer-die-praxis-4-0\/#breadcrumb","itemListElement":[{"@type":"ListItem","position":1,"name":"Home","item":"https:\/\/www.organisator.ch\/"},{"@type":"ListItem","position":2,"name":"Symposium \u00abWeiterbildung f\u00fcr die Praxis 4.0\u00bb"}]},{"@type":"WebSite","@id":"https:\/\/www.organisator.ch\/#website","url":"https:\/\/www.organisator.ch\/","name":"Organizzatore","description":"Competente. Pratico. In 10 numeri all'anno, ORGANISATOR presenta i temi essenziali per i manager delle PMI.","publisher":{"@id":"https:\/\/www.organisator.ch\/#organization"},"potentialAction":[{"@type":"SearchAction","target":{"@type":"EntryPoint","urlTemplate":"https:\/\/www.organisator.ch\/?s={search_term_string}"},"query-input":{"@type":"PropertyValueSpecification","valueRequired":true,"valueName":"search_term_string"}}],"inLanguage":"it-IT"},{"@type":"Organization","@id":"https:\/\/www.organisator.ch\/#organization","name":"Organizzatore","url":"https:\/\/www.organisator.ch\/","logo":{"@type":"ImageObject","inLanguage":"it-IT","@id":"https:\/\/www.organisator.ch\/#\/schema\/logo\/image\/","url":"https:\/\/www.organisator.ch\/wp-content\/uploads\/2022\/01\/Logo_Organisator_Website.png","contentUrl":"https:\/\/www.organisator.ch\/wp-content\/uploads\/2022\/01\/Logo_Organisator_Website.png","width":800,"height":77,"caption":"Organisator"},"image":{"@id":"https:\/\/www.organisator.ch\/#\/schema\/logo\/image\/"},"sameAs":["https:\/\/www.facebook.com\/OrganisatorFachmagazin","https:\/\/www.linkedin.com\/showcase\/organisator-das-magazin-fr-kmu","https:\/\/www.xing.com\/news\/pages\/organisator-ch-695","https:\/\/www.youtube.com\/channel\/UCGP2Sq0iWaZwT3BdIAQFYpw"]},{"@type":"Person","@id":"https:\/\/www.organisator.ch\/#\/schema\/person\/6f650f90b2842cd4c0cc334b4e36f67e","name":"Tommaso.berner","image":{"@type":"ImageObject","inLanguage":"it-IT","@id":"https:\/\/secure.gravatar.com\/avatar\/ac5001d2a36cb6c6cd3e50789007ffca834b477b74a2144564522e944eabff61?s=96&d=mm&r=g","url":"https:\/\/secure.gravatar.com\/avatar\/ac5001d2a36cb6c6cd3e50789007ffca834b477b74a2144564522e944eabff61?s=96&d=mm&r=g","contentUrl":"https:\/\/secure.gravatar.com\/avatar\/ac5001d2a36cb6c6cd3e50789007ffca834b477b74a2144564522e944eabff61?s=96&d=mm&r=g","caption":"thomas.berner"},"url":"https:\/\/www.organisator.ch\/it\/author\/thomas-berner\/"}]}},"_links":{"self":[{"href":"https:\/\/www.organisator.ch\/it\/wp-json\/wp\/v2\/posts\/5521","targetHints":{"allow":["GET"]}}],"collection":[{"href":"https:\/\/www.organisator.ch\/it\/wp-json\/wp\/v2\/posts"}],"about":[{"href":"https:\/\/www.organisator.ch\/it\/wp-json\/wp\/v2\/types\/post"}],"author":[{"embeddable":true,"href":"https:\/\/www.organisator.ch\/it\/wp-json\/wp\/v2\/users\/4"}],"replies":[{"embeddable":true,"href":"https:\/\/www.organisator.ch\/it\/wp-json\/wp\/v2\/comments?post=5521"}],"version-history":[{"count":0,"href":"https:\/\/www.organisator.ch\/it\/wp-json\/wp\/v2\/posts\/5521\/revisions"}],"wp:featuredmedia":[{"embeddable":true,"href":"https:\/\/www.organisator.ch\/it\/wp-json\/wp\/v2\/media\/5522"}],"wp:attachment":[{"href":"https:\/\/www.organisator.ch\/it\/wp-json\/wp\/v2\/media?parent=5521"}],"wp:term":[{"taxonomy":"category","embeddable":true,"href":"https:\/\/www.organisator.ch\/it\/wp-json\/wp\/v2\/categories?post=5521"},{"taxonomy":"post_tag","embeddable":true,"href":"https:\/\/www.organisator.ch\/it\/wp-json\/wp\/v2\/tags?post=5521"}],"curies":[{"name":"wp","href":"https:\/\/api.w.org\/{rel}","templated":true}]}}