{"id":5533,"date":"2019-07-11T11:18:43","date_gmt":"2019-07-11T09:18:43","guid":{"rendered":"https:\/\/www.organisator.ch\/?p=5533"},"modified":"2019-07-11T11:18:43","modified_gmt":"2019-07-11T09:18:43","slug":"seco-baut-den-online-schalter-fuer-unternehmen-weiter-aus","status":"publish","type":"post","link":"https:\/\/www.organisator.ch\/it\/management\/2019-07-11\/seco-baut-den-online-schalter-fuer-unternehmen-weiter-aus\/","title":{"rendered":"La SECO amplia ulteriormente lo sportello online per le aziende"},"content":{"rendered":"<figure id=\"attachment_5534\" aria-describedby=\"caption-attachment-5534\" style=\"width: 680px\" class=\"wp-caption alignnone\"><img loading=\"lazy\" decoding=\"async\" class=\"size-medium wp-image-5534\" src=\"https:\/\/www.organisator.ch\/wp-content\/uploads\/2019\/07\/Seco-baut-den-Online-Schalter-fuer-Unternehmen-weiter-aus_Organisator.jpg\" alt=\"\" width=\"680\" height=\"258\" srcset=\"https:\/\/www.organisator.ch\/wp-content\/uploads\/2019\/07\/Seco-baut-den-Online-Schalter-fuer-Unternehmen-weiter-aus_Organisator.jpg 680w, https:\/\/www.organisator.ch\/wp-content\/uploads\/2019\/07\/Seco-baut-den-Online-Schalter-fuer-Unternehmen-weiter-aus_Organisator-16x6.jpg 16w, https:\/\/www.organisator.ch\/wp-content\/uploads\/2019\/07\/Seco-baut-den-Online-Schalter-fuer-Unternehmen-weiter-aus_Organisator-375x142.jpg 375w, https:\/\/www.organisator.ch\/wp-content\/uploads\/2019\/07\/Seco-baut-den-Online-Schalter-fuer-Unternehmen-weiter-aus_Organisator-300x114.jpg 300w\" sizes=\"auto, (max-width: 680px) 100vw, 680px\" \/><figcaption id=\"caption-attachment-5534\" class=\"wp-caption-text\">Il centralino online di easyGov.swiss offre nuovi servizi dall'inizio di luglio 2019. (Immagine: SECO)<\/figcaption><\/figure>\n<p>Dall'inizio di luglio, easyGov.swiss, lo sportello online della SECO per le aziende, dispone di ulteriori funzioni. Sia le aziende che i privati possono ora utilizzare la piattaforma per ottenere supporto nella preparazione di richieste di recupero crediti e di informazioni sul recupero crediti. L'ufficio di recupero crediti competente viene determinato automaticamente. Chiunque sia in possesso di una firma qualificata pu\u00f2 inoltrare queste richieste ai circa 400 uffici di recupero crediti in Svizzera completamente online. In caso contrario, il modulo deve essere stampato, firmato e inviato per posta all'ufficio di recupero crediti competente.<\/p>\n<p>Lo sportello online \u00e8 inoltre integrato con la sezione \"Supporto al finanziamento\". Qui vengono offerti contatti con gli organismi di garanzia riconosciuti dalla Confederazione. Queste facilitano l'accesso ai prestiti bancari da parte delle PMI capaci e in via di sviluppo. La revisione della legge federale sulle garanzie \u00e8 entrata in vigore il 1\u00b0 luglio 2019. Grazie a questa modifica, \u00e8 ora possibile concedere alle PMI garanzie fino a 1 milione di franchi svizzeri.<\/p>\n<p>Questa offerta di servizi comporta un ulteriore ampliamento delle funzionalit\u00e0 di easyGov.swiss. Finora \u00e8 stato possibile utilizzare questa piattaforma per costituire societ\u00e0, iscriversi al registro delle imprese, registrarsi all'imposta sul valore aggiunto, iscriversi all'assicurazione contro gli infortuni e iscriversi alla cassa di compensazione AVS. Le funzioni dello sportello online continuano a comprendere anche le modifiche al registro delle imprese, come i trasferimenti intercantonali di sedi legali con certificazione pubblica, le modifiche del personale e le modifiche statutarie. Altri servizi elettronici delle autorit\u00e0 pubbliche saranno gradualmente integrati in EasyGov.swiss e il portale sar\u00e0 costantemente ottimizzato.<\/p>\n<p><a href=\"https:\/\/www.easygov.swiss\"><em>www.easygov.swiss<\/em><\/a><\/p>","protected":false},"excerpt":{"rendered":"<p>Seit Anfang Juli verf\u00fcgt easyGov.swiss, der Online-Schalter f\u00fcr Unternehmen des SECO, \u00fcber zus\u00e4tzliche Funktionen. Neu erhalten sowohl Unternehmen als auch Privatpersonen auf der Plattform Unterst\u00fctzung beim Erstellen von Betreibungsbegehren und Betreibungsauskunftsbegehren. Dabei wird automatisch das zust\u00e4ndige Betreibungsamt ermittelt. Wer \u00fcber eine qualifizierte Signatur verf\u00fcgt, kann die Einreichung dieser Begehren bei den rund 400 Betreibungs\u00e4mtern in [&hellip;]<\/p>\n","protected":false},"author":4,"featured_media":5534,"comment_status":"open","ping_status":"open","sticky":false,"template":"","format":"standard","meta":{"_acf_changed":false,"_yoast_wpseo_focuskw":"Online-Schalter","_yoast_wpseo_metadesc":"Der Online-Schalter des SECO easyGov.swiss unterst\u00fctzt KMU neu auch beim Erstellen von Eingaben an Betreibungs\u00e4mter.","articlekey":"","footnotes":""},"categories":[28],"tags":[202,334,393],"class_list":["post-5533","post","type-post","status-publish","format-standard","has-post-thumbnail","hentry","category-management","tag-finanzenrecht","tag-management","tag-produkte"],"acf":[],"yoast_head":"<!-- This site is optimized with the Yoast SEO plugin v27.5 - https:\/\/yoast.com\/product\/yoast-seo-wordpress\/ -->\n<title>SECO baut den Online-Schalter f\u00fcr Unternehmen weiter aus - Organisator<\/title>\n<meta name=\"description\" content=\"Der Online-Schalter des SECO easyGov.swiss unterst\u00fctzt KMU neu auch beim Erstellen von Eingaben an Betreibungs\u00e4mter.\" \/>\n<meta name=\"robots\" content=\"index, follow, max-snippet:-1, max-image-preview:large, max-video-preview:-1\" \/>\n<link rel=\"canonical\" href=\"https:\/\/www.organisator.ch\/it\/gestione-2\/2019-07-11\/seco-baut-den-online-schalter-fuer-unternehmen-weiter-aus\/\" \/>\n<meta property=\"og:locale\" content=\"it_IT\" \/>\n<meta property=\"og:type\" content=\"article\" \/>\n<meta property=\"og:title\" content=\"SECO baut den Online-Schalter f\u00fcr Unternehmen weiter aus\" \/>\n<meta property=\"og:description\" content=\"Der Online-Schalter des SECO easyGov.swiss unterst\u00fctzt KMU neu auch beim Erstellen von Eingaben an Betreibungs\u00e4mter.\" \/>\n<meta property=\"og:url\" content=\"https:\/\/www.organisator.ch\/it\/gestione-2\/2019-07-11\/seco-baut-den-online-schalter-fuer-unternehmen-weiter-aus\/\" \/>\n<meta property=\"og:site_name\" content=\"Organisator\" \/>\n<meta property=\"article:publisher\" content=\"https:\/\/www.facebook.com\/OrganisatorFachmagazin\" \/>\n<meta property=\"article:published_time\" content=\"2019-07-11T09:18:43+00:00\" \/>\n<meta property=\"og:image\" content=\"https:\/\/www.organisator.ch\/wp-content\/uploads\/2019\/07\/Seco-baut-den-Online-Schalter-fuer-Unternehmen-weiter-aus_Organisator.jpg\" \/>\n\t<meta property=\"og:image:width\" content=\"680\" \/>\n\t<meta property=\"og:image:height\" content=\"258\" \/>\n\t<meta property=\"og:image:type\" content=\"image\/jpeg\" \/>\n<meta name=\"author\" content=\"thomas.berner\" \/>\n<meta name=\"twitter:card\" content=\"summary_large_image\" \/>\n<meta name=\"twitter:title\" content=\"#SECO baut den #Online-Schalter f\u00fcr Unternehmen weiter aus\" \/>\n<meta name=\"twitter:description\" content=\"Der #Online-Schalter des #SECO #easyGov.swiss unterst\u00fctzt KMU neu auch beim Erstellen von Eingaben an Betreibungs\u00e4mter.\" \/>\n<meta name=\"twitter:image\" content=\"https:\/\/www.organisator.ch\/wp-content\/uploads\/2019\/07\/Seco-baut-den-Online-Schalter-f\u00fcr-Unternehmen-weiter-aus_Organisator.jpg\" \/>\n<script type=\"application\/ld+json\" class=\"yoast-schema-graph\">{\"@context\":\"https:\\\/\\\/schema.org\",\"@graph\":[{\"@type\":\"Article\",\"@id\":\"https:\\\/\\\/www.organisator.ch\\\/management\\\/2019-07-11\\\/seco-baut-den-online-schalter-fuer-unternehmen-weiter-aus\\\/#article\",\"isPartOf\":{\"@id\":\"https:\\\/\\\/www.organisator.ch\\\/management\\\/2019-07-11\\\/seco-baut-den-online-schalter-fuer-unternehmen-weiter-aus\\\/\"},\"author\":{\"name\":\"thomas.berner\",\"@id\":\"https:\\\/\\\/www.organisator.ch\\\/#\\\/schema\\\/person\\\/6f650f90b2842cd4c0cc334b4e36f67e\"},\"headline\":\"SECO baut den Online-Schalter f\u00fcr Unternehmen weiter aus\",\"datePublished\":\"2019-07-11T09:18:43+00:00\",\"mainEntityOfPage\":{\"@id\":\"https:\\\/\\\/www.organisator.ch\\\/management\\\/2019-07-11\\\/seco-baut-den-online-schalter-fuer-unternehmen-weiter-aus\\\/\"},\"wordCount\":255,\"commentCount\":0,\"publisher\":{\"@id\":\"https:\\\/\\\/www.organisator.ch\\\/#organization\"},\"image\":{\"@id\":\"https:\\\/\\\/www.organisator.ch\\\/management\\\/2019-07-11\\\/seco-baut-den-online-schalter-fuer-unternehmen-weiter-aus\\\/#primaryimage\"},\"thumbnailUrl\":\"https:\\\/\\\/www.organisator.ch\\\/wp-content\\\/uploads\\\/2019\\\/07\\\/Seco-baut-den-Online-Schalter-fuer-Unternehmen-weiter-aus_Organisator.jpg\",\"keywords\":[\"Finanzen\\\/Recht\",\"Management\",\"Produkte\"],\"articleSection\":[\"MANAGEMENT\"],\"inLanguage\":\"it-IT\"},{\"@type\":\"WebPage\",\"@id\":\"https:\\\/\\\/www.organisator.ch\\\/management\\\/2019-07-11\\\/seco-baut-den-online-schalter-fuer-unternehmen-weiter-aus\\\/\",\"url\":\"https:\\\/\\\/www.organisator.ch\\\/management\\\/2019-07-11\\\/seco-baut-den-online-schalter-fuer-unternehmen-weiter-aus\\\/\",\"name\":\"SECO baut den Online-Schalter f\u00fcr Unternehmen weiter aus - Organisator\",\"isPartOf\":{\"@id\":\"https:\\\/\\\/www.organisator.ch\\\/#website\"},\"primaryImageOfPage\":{\"@id\":\"https:\\\/\\\/www.organisator.ch\\\/management\\\/2019-07-11\\\/seco-baut-den-online-schalter-fuer-unternehmen-weiter-aus\\\/#primaryimage\"},\"image\":{\"@id\":\"https:\\\/\\\/www.organisator.ch\\\/management\\\/2019-07-11\\\/seco-baut-den-online-schalter-fuer-unternehmen-weiter-aus\\\/#primaryimage\"},\"thumbnailUrl\":\"https:\\\/\\\/www.organisator.ch\\\/wp-content\\\/uploads\\\/2019\\\/07\\\/Seco-baut-den-Online-Schalter-fuer-Unternehmen-weiter-aus_Organisator.jpg\",\"datePublished\":\"2019-07-11T09:18:43+00:00\",\"description\":\"Der Online-Schalter des SECO easyGov.swiss unterst\u00fctzt KMU neu auch beim Erstellen von Eingaben an Betreibungs\u00e4mter.\",\"breadcrumb\":{\"@id\":\"https:\\\/\\\/www.organisator.ch\\\/management\\\/2019-07-11\\\/seco-baut-den-online-schalter-fuer-unternehmen-weiter-aus\\\/#breadcrumb\"},\"inLanguage\":\"it-IT\",\"potentialAction\":[{\"@type\":\"ReadAction\",\"target\":[\"https:\\\/\\\/www.organisator.ch\\\/management\\\/2019-07-11\\\/seco-baut-den-online-schalter-fuer-unternehmen-weiter-aus\\\/\"]}]},{\"@type\":\"ImageObject\",\"inLanguage\":\"it-IT\",\"@id\":\"https:\\\/\\\/www.organisator.ch\\\/management\\\/2019-07-11\\\/seco-baut-den-online-schalter-fuer-unternehmen-weiter-aus\\\/#primaryimage\",\"url\":\"https:\\\/\\\/www.organisator.ch\\\/wp-content\\\/uploads\\\/2019\\\/07\\\/Seco-baut-den-Online-Schalter-fuer-Unternehmen-weiter-aus_Organisator.jpg\",\"contentUrl\":\"https:\\\/\\\/www.organisator.ch\\\/wp-content\\\/uploads\\\/2019\\\/07\\\/Seco-baut-den-Online-Schalter-fuer-Unternehmen-weiter-aus_Organisator.jpg\",\"width\":680,\"height\":258,\"caption\":\"Der Online-Schalter easygov.swiss bietet seit Anfang Juli 2019 neue Leistungen an. (Bild: Seco)\"},{\"@type\":\"BreadcrumbList\",\"@id\":\"https:\\\/\\\/www.organisator.ch\\\/management\\\/2019-07-11\\\/seco-baut-den-online-schalter-fuer-unternehmen-weiter-aus\\\/#breadcrumb\",\"itemListElement\":[{\"@type\":\"ListItem\",\"position\":1,\"name\":\"Home\",\"item\":\"https:\\\/\\\/www.organisator.ch\\\/\"},{\"@type\":\"ListItem\",\"position\":2,\"name\":\"SECO baut den Online-Schalter f\u00fcr Unternehmen weiter aus\"}]},{\"@type\":\"WebSite\",\"@id\":\"https:\\\/\\\/www.organisator.ch\\\/#website\",\"url\":\"https:\\\/\\\/www.organisator.ch\\\/\",\"name\":\"Organisator\",\"description\":\"Kompetent. Praxisnah. Der ORGANISATOR bereitet in 10 Ausgaben pro Jahr die wesentlichen Themen f\u00fcr F\u00fchrungskr\u00e4fte von KMU auf.\",\"publisher\":{\"@id\":\"https:\\\/\\\/www.organisator.ch\\\/#organization\"},\"potentialAction\":[{\"@type\":\"SearchAction\",\"target\":{\"@type\":\"EntryPoint\",\"urlTemplate\":\"https:\\\/\\\/www.organisator.ch\\\/?s={search_term_string}\"},\"query-input\":{\"@type\":\"PropertyValueSpecification\",\"valueRequired\":true,\"valueName\":\"search_term_string\"}}],\"inLanguage\":\"it-IT\"},{\"@type\":\"Organization\",\"@id\":\"https:\\\/\\\/www.organisator.ch\\\/#organization\",\"name\":\"Organisator\",\"url\":\"https:\\\/\\\/www.organisator.ch\\\/\",\"logo\":{\"@type\":\"ImageObject\",\"inLanguage\":\"it-IT\",\"@id\":\"https:\\\/\\\/www.organisator.ch\\\/#\\\/schema\\\/logo\\\/image\\\/\",\"url\":\"https:\\\/\\\/www.organisator.ch\\\/wp-content\\\/uploads\\\/2022\\\/01\\\/Logo_Organisator_Website.png\",\"contentUrl\":\"https:\\\/\\\/www.organisator.ch\\\/wp-content\\\/uploads\\\/2022\\\/01\\\/Logo_Organisator_Website.png\",\"width\":800,\"height\":77,\"caption\":\"Organisator\"},\"image\":{\"@id\":\"https:\\\/\\\/www.organisator.ch\\\/#\\\/schema\\\/logo\\\/image\\\/\"},\"sameAs\":[\"https:\\\/\\\/www.facebook.com\\\/OrganisatorFachmagazin\",\"https:\\\/\\\/www.linkedin.com\\\/showcase\\\/organisator-das-magazin-fr-kmu\",\"https:\\\/\\\/www.xing.com\\\/news\\\/pages\\\/organisator-ch-695\",\"https:\\\/\\\/www.youtube.com\\\/channel\\\/UCGP2Sq0iWaZwT3BdIAQFYpw\"]},{\"@type\":\"Person\",\"@id\":\"https:\\\/\\\/www.organisator.ch\\\/#\\\/schema\\\/person\\\/6f650f90b2842cd4c0cc334b4e36f67e\",\"name\":\"thomas.berner\",\"image\":{\"@type\":\"ImageObject\",\"inLanguage\":\"it-IT\",\"@id\":\"https:\\\/\\\/secure.gravatar.com\\\/avatar\\\/ac5001d2a36cb6c6cd3e50789007ffca834b477b74a2144564522e944eabff61?s=96&d=mm&r=g\",\"url\":\"https:\\\/\\\/secure.gravatar.com\\\/avatar\\\/ac5001d2a36cb6c6cd3e50789007ffca834b477b74a2144564522e944eabff61?s=96&d=mm&r=g\",\"contentUrl\":\"https:\\\/\\\/secure.gravatar.com\\\/avatar\\\/ac5001d2a36cb6c6cd3e50789007ffca834b477b74a2144564522e944eabff61?s=96&d=mm&r=g\",\"caption\":\"thomas.berner\"},\"url\":\"https:\\\/\\\/www.organisator.ch\\\/it\\\/author\\\/thomas-berner\\\/\"}]}<\/script>\n<!-- \/ Yoast SEO plugin. -->","yoast_head_json":{"title":"La SECO continua ad ampliare lo sportello online per le aziende - Organizzatore","description":"Il centralino online easyGov.swiss della SECO supporta ora anche le PMI nella preparazione delle richieste agli uffici di recupero crediti.","robots":{"index":"index","follow":"follow","max-snippet":"max-snippet:-1","max-image-preview":"max-image-preview:large","max-video-preview":"max-video-preview:-1"},"canonical":"https:\/\/www.organisator.ch\/it\/gestione-2\/2019-07-11\/seco-baut-den-online-schalter-fuer-unternehmen-weiter-aus\/","og_locale":"it_IT","og_type":"article","og_title":"SECO baut den Online-Schalter f\u00fcr Unternehmen weiter aus","og_description":"Der Online-Schalter des SECO easyGov.swiss unterst\u00fctzt KMU neu auch beim Erstellen von Eingaben an Betreibungs\u00e4mter.","og_url":"https:\/\/www.organisator.ch\/it\/gestione-2\/2019-07-11\/seco-baut-den-online-schalter-fuer-unternehmen-weiter-aus\/","og_site_name":"Organisator","article_publisher":"https:\/\/www.facebook.com\/OrganisatorFachmagazin","article_published_time":"2019-07-11T09:18:43+00:00","og_image":[{"width":680,"height":258,"url":"https:\/\/www.organisator.ch\/wp-content\/uploads\/2019\/07\/Seco-baut-den-Online-Schalter-fuer-Unternehmen-weiter-aus_Organisator.jpg","type":"image\/jpeg"}],"author":"thomas.berner","twitter_card":"summary_large_image","twitter_title":"#SECO baut den #Online-Schalter f\u00fcr Unternehmen weiter aus","twitter_description":"Der #Online-Schalter des #SECO #easyGov.swiss unterst\u00fctzt KMU neu auch beim Erstellen von Eingaben an Betreibungs\u00e4mter.","twitter_image":"https:\/\/www.organisator.ch\/wp-content\/uploads\/2019\/07\/Seco-baut-den-Online-Schalter-f\u00fcr-Unternehmen-weiter-aus_Organisator.jpg","schema":{"@context":"https:\/\/schema.org","@graph":[{"@type":"Article","@id":"https:\/\/www.organisator.ch\/management\/2019-07-11\/seco-baut-den-online-schalter-fuer-unternehmen-weiter-aus\/#article","isPartOf":{"@id":"https:\/\/www.organisator.ch\/management\/2019-07-11\/seco-baut-den-online-schalter-fuer-unternehmen-weiter-aus\/"},"author":{"name":"thomas.berner","@id":"https:\/\/www.organisator.ch\/#\/schema\/person\/6f650f90b2842cd4c0cc334b4e36f67e"},"headline":"SECO baut den Online-Schalter f\u00fcr Unternehmen weiter aus","datePublished":"2019-07-11T09:18:43+00:00","mainEntityOfPage":{"@id":"https:\/\/www.organisator.ch\/management\/2019-07-11\/seco-baut-den-online-schalter-fuer-unternehmen-weiter-aus\/"},"wordCount":255,"commentCount":0,"publisher":{"@id":"https:\/\/www.organisator.ch\/#organization"},"image":{"@id":"https:\/\/www.organisator.ch\/management\/2019-07-11\/seco-baut-den-online-schalter-fuer-unternehmen-weiter-aus\/#primaryimage"},"thumbnailUrl":"https:\/\/www.organisator.ch\/wp-content\/uploads\/2019\/07\/Seco-baut-den-Online-Schalter-fuer-Unternehmen-weiter-aus_Organisator.jpg","keywords":["Finanzen\/Recht","Management","Produkte"],"articleSection":["MANAGEMENT"],"inLanguage":"it-IT"},{"@type":"WebPage","@id":"https:\/\/www.organisator.ch\/management\/2019-07-11\/seco-baut-den-online-schalter-fuer-unternehmen-weiter-aus\/","url":"https:\/\/www.organisator.ch\/management\/2019-07-11\/seco-baut-den-online-schalter-fuer-unternehmen-weiter-aus\/","name":"La SECO continua ad ampliare lo sportello online per le aziende - Organizzatore","isPartOf":{"@id":"https:\/\/www.organisator.ch\/#website"},"primaryImageOfPage":{"@id":"https:\/\/www.organisator.ch\/management\/2019-07-11\/seco-baut-den-online-schalter-fuer-unternehmen-weiter-aus\/#primaryimage"},"image":{"@id":"https:\/\/www.organisator.ch\/management\/2019-07-11\/seco-baut-den-online-schalter-fuer-unternehmen-weiter-aus\/#primaryimage"},"thumbnailUrl":"https:\/\/www.organisator.ch\/wp-content\/uploads\/2019\/07\/Seco-baut-den-Online-Schalter-fuer-Unternehmen-weiter-aus_Organisator.jpg","datePublished":"2019-07-11T09:18:43+00:00","description":"Il centralino online easyGov.swiss della SECO supporta ora anche le PMI nella preparazione delle richieste agli uffici di recupero crediti.","breadcrumb":{"@id":"https:\/\/www.organisator.ch\/management\/2019-07-11\/seco-baut-den-online-schalter-fuer-unternehmen-weiter-aus\/#breadcrumb"},"inLanguage":"it-IT","potentialAction":[{"@type":"ReadAction","target":["https:\/\/www.organisator.ch\/management\/2019-07-11\/seco-baut-den-online-schalter-fuer-unternehmen-weiter-aus\/"]}]},{"@type":"ImageObject","inLanguage":"it-IT","@id":"https:\/\/www.organisator.ch\/management\/2019-07-11\/seco-baut-den-online-schalter-fuer-unternehmen-weiter-aus\/#primaryimage","url":"https:\/\/www.organisator.ch\/wp-content\/uploads\/2019\/07\/Seco-baut-den-Online-Schalter-fuer-Unternehmen-weiter-aus_Organisator.jpg","contentUrl":"https:\/\/www.organisator.ch\/wp-content\/uploads\/2019\/07\/Seco-baut-den-Online-Schalter-fuer-Unternehmen-weiter-aus_Organisator.jpg","width":680,"height":258,"caption":"Der Online-Schalter easygov.swiss bietet seit Anfang Juli 2019 neue Leistungen an. (Bild: Seco)"},{"@type":"BreadcrumbList","@id":"https:\/\/www.organisator.ch\/management\/2019-07-11\/seco-baut-den-online-schalter-fuer-unternehmen-weiter-aus\/#breadcrumb","itemListElement":[{"@type":"ListItem","position":1,"name":"Home","item":"https:\/\/www.organisator.ch\/"},{"@type":"ListItem","position":2,"name":"SECO baut den Online-Schalter f\u00fcr Unternehmen weiter aus"}]},{"@type":"WebSite","@id":"https:\/\/www.organisator.ch\/#website","url":"https:\/\/www.organisator.ch\/","name":"Organizzatore","description":"Competente. Pratico. In 10 numeri all'anno, ORGANISATOR presenta i temi essenziali per i manager delle PMI.","publisher":{"@id":"https:\/\/www.organisator.ch\/#organization"},"potentialAction":[{"@type":"SearchAction","target":{"@type":"EntryPoint","urlTemplate":"https:\/\/www.organisator.ch\/?s={search_term_string}"},"query-input":{"@type":"PropertyValueSpecification","valueRequired":true,"valueName":"search_term_string"}}],"inLanguage":"it-IT"},{"@type":"Organization","@id":"https:\/\/www.organisator.ch\/#organization","name":"Organizzatore","url":"https:\/\/www.organisator.ch\/","logo":{"@type":"ImageObject","inLanguage":"it-IT","@id":"https:\/\/www.organisator.ch\/#\/schema\/logo\/image\/","url":"https:\/\/www.organisator.ch\/wp-content\/uploads\/2022\/01\/Logo_Organisator_Website.png","contentUrl":"https:\/\/www.organisator.ch\/wp-content\/uploads\/2022\/01\/Logo_Organisator_Website.png","width":800,"height":77,"caption":"Organisator"},"image":{"@id":"https:\/\/www.organisator.ch\/#\/schema\/logo\/image\/"},"sameAs":["https:\/\/www.facebook.com\/OrganisatorFachmagazin","https:\/\/www.linkedin.com\/showcase\/organisator-das-magazin-fr-kmu","https:\/\/www.xing.com\/news\/pages\/organisator-ch-695","https:\/\/www.youtube.com\/channel\/UCGP2Sq0iWaZwT3BdIAQFYpw"]},{"@type":"Person","@id":"https:\/\/www.organisator.ch\/#\/schema\/person\/6f650f90b2842cd4c0cc334b4e36f67e","name":"Tommaso.berner","image":{"@type":"ImageObject","inLanguage":"it-IT","@id":"https:\/\/secure.gravatar.com\/avatar\/ac5001d2a36cb6c6cd3e50789007ffca834b477b74a2144564522e944eabff61?s=96&d=mm&r=g","url":"https:\/\/secure.gravatar.com\/avatar\/ac5001d2a36cb6c6cd3e50789007ffca834b477b74a2144564522e944eabff61?s=96&d=mm&r=g","contentUrl":"https:\/\/secure.gravatar.com\/avatar\/ac5001d2a36cb6c6cd3e50789007ffca834b477b74a2144564522e944eabff61?s=96&d=mm&r=g","caption":"thomas.berner"},"url":"https:\/\/www.organisator.ch\/it\/author\/thomas-berner\/"}]}},"_links":{"self":[{"href":"https:\/\/www.organisator.ch\/it\/wp-json\/wp\/v2\/posts\/5533","targetHints":{"allow":["GET"]}}],"collection":[{"href":"https:\/\/www.organisator.ch\/it\/wp-json\/wp\/v2\/posts"}],"about":[{"href":"https:\/\/www.organisator.ch\/it\/wp-json\/wp\/v2\/types\/post"}],"author":[{"embeddable":true,"href":"https:\/\/www.organisator.ch\/it\/wp-json\/wp\/v2\/users\/4"}],"replies":[{"embeddable":true,"href":"https:\/\/www.organisator.ch\/it\/wp-json\/wp\/v2\/comments?post=5533"}],"version-history":[{"count":0,"href":"https:\/\/www.organisator.ch\/it\/wp-json\/wp\/v2\/posts\/5533\/revisions"}],"wp:featuredmedia":[{"embeddable":true,"href":"https:\/\/www.organisator.ch\/it\/wp-json\/wp\/v2\/media\/5534"}],"wp:attachment":[{"href":"https:\/\/www.organisator.ch\/it\/wp-json\/wp\/v2\/media?parent=5533"}],"wp:term":[{"taxonomy":"category","embeddable":true,"href":"https:\/\/www.organisator.ch\/it\/wp-json\/wp\/v2\/categories?post=5533"},{"taxonomy":"post_tag","embeddable":true,"href":"https:\/\/www.organisator.ch\/it\/wp-json\/wp\/v2\/tags?post=5533"}],"curies":[{"name":"wp","href":"https:\/\/api.w.org\/{rel}","templated":true}]}}