{"id":5539,"date":"2019-07-11T16:06:32","date_gmt":"2019-07-11T14:06:32","guid":{"rendered":"https:\/\/www.organisator.ch\/?p=5539"},"modified":"2019-07-11T16:06:32","modified_gmt":"2019-07-11T14:06:32","slug":"abwaertstrend-gestoppt-exportstimmung-wieder-im-aufwind","status":"publish","type":"post","link":"https:\/\/www.organisator.ch\/it\/management\/2019-07-11\/abwaertstrend-gestoppt-exportstimmung-wieder-im-aufwind\/","title":{"rendered":"La tendenza al ribasso si \u00e8 fermata - il sentimento delle esportazioni \u00e8 di nuovo in crescita"},"content":{"rendered":"<figure id=\"attachment_5540\" aria-describedby=\"caption-attachment-5540\" style=\"width: 680px\" class=\"wp-caption alignnone\"><img loading=\"lazy\" decoding=\"async\" class=\"size-medium wp-image-5540\" src=\"https:\/\/www.organisator.ch\/wp-content\/uploads\/2019\/07\/Abwaertstrend-gestoppt-Exportstimmung-wieder-im-Aufwind_Organisator.jpg\" alt=\"\" width=\"680\" height=\"381\" srcset=\"https:\/\/www.organisator.ch\/wp-content\/uploads\/2019\/07\/Abwaertstrend-gestoppt-Exportstimmung-wieder-im-Aufwind_Organisator.jpg 680w, https:\/\/www.organisator.ch\/wp-content\/uploads\/2019\/07\/Abwaertstrend-gestoppt-Exportstimmung-wieder-im-Aufwind_Organisator-16x9.jpg 16w, https:\/\/www.organisator.ch\/wp-content\/uploads\/2019\/07\/Abwaertstrend-gestoppt-Exportstimmung-wieder-im-Aufwind_Organisator-312x175.jpg 312w, https:\/\/www.organisator.ch\/wp-content\/uploads\/2019\/07\/Abwaertstrend-gestoppt-Exportstimmung-wieder-im-Aufwind_Organisator-625x350.jpg 625w, https:\/\/www.organisator.ch\/wp-content\/uploads\/2019\/07\/Abwaertstrend-gestoppt-Exportstimmung-wieder-im-Aufwind_Organisator-300x168.jpg 300w\" sizes=\"auto, (max-width: 680px) 100vw, 680px\" \/><figcaption id=\"caption-attachment-5540\" class=\"wp-caption-text\">La tendenza al ribasso sembra essersi fermata, il sentimento delle esportazioni tra le aziende svizzere sta migliorando. (Immagine: Switzerland Global Enterprise)<\/figcaption><\/figure>\n<p>Dopo la leggera tendenza al ribasso dei mesi precedenti, il sentimento delle esportazioni sta tornando in territorio positivo. Secondo gli indicatori di Credit Suisse e S-GE, la domanda mondiale di beni d'esportazione svizzeri dovrebbe continuare a crescere, anche se non pi\u00f9 nella misura e al ritmo dell'anno precedente. La met\u00e0 delle PMI svizzere intervistate da S-GE prevede pi\u00f9 esportazioni nel prossimo trimestre. Mentre 35% prevedono un aumento delle esportazioni di 1 a 10%, 11% prevedono un aumento di 10 a 25%. 3% anche sperare in un aumento di 25% e pi\u00f9. 39% delle PMI si aspettano che il loro volume di esportazioni ristagni, 12% prevedono un calo.<\/p>\n<h2>Le aziende costruiscono competenze per l'esportazione<\/h2>\n<p><span style=\"display: inline !important; float: none; background-color: transparent; color: #333333; cursor: text; font-family: Georgia,'Times New Roman','Bitstream Charter',Times,serif; font-size: 16px; font-style: normal; font-variant: normal; font-weight: 400; letter-spacing: normal; orphans: 2; text-align: left; text-decoration: none; text-indent: 0px; text-transform: none; -webkit-text-stroke-width: 0px; white-space: normal; word-spacing: 0px;\">Claude Maurer, economista del Credit Suisse, dice: \"In Europa, la situazione della domanda di beni e servizi svizzeri si \u00e8 almeno stabilizzata, mentre negli Stati Uniti si \u00e8 un po' offuscata. Questo spiega perch\u00e9 il barometro delle esportazioni del Credit Suisse \u00e8 appena sopra la soglia di crescita\". <\/span><span style=\"display: inline !important; float: none; background-color: transparent; color: #333333; cursor: text; font-family: Georgia,'Times New Roman','Bitstream Charter',Times,serif; font-size: 16px; font-style: normal; font-variant: normal; font-weight: 400; letter-spacing: normal; orphans: 2; text-align: left; text-decoration: none; text-indent: 0px; text-transform: none; -webkit-text-stroke-width: 0px; white-space: normal; word-spacing: 0px;\">Alberto Silini, responsabile della consulenza presso Switzerland Global Enterprise (S-GE), nota: <\/span><span style=\"display: inline !important; float: none; background-color: transparent; color: #333333; cursor: text; font-family: Georgia,'Times New Roman','Bitstream Charter',Times,serif; font-size: 16px; font-style: normal; font-variant: normal; font-weight: 400; letter-spacing: normal; orphans: 2; text-align: left; text-decoration: none; text-indent: 0px; text-transform: none; -webkit-text-stroke-width: 0px; white-space: normal; word-spacing: 0px;\">\"Il rinnovato ottimismo sulle esportazioni riflette la fiducia delle PMI svizzere, ma le sfide nel commercio internazionale rimangono. Non \u00e8 quindi una coincidenza che le aziende stiano costruendo competenze per superare le sfide dell'esportazione. S-GE sostiene le aziende in questo processo con il know-how, una rete globale e utili strumenti digitali\". <\/span><\/p>\n<h2>La Germania come il pi\u00f9 importante mercato di esportazione<\/h2>\n<p>Il mercato di esportazione di gran lunga pi\u00f9 importante \u00e8 e rimane la Germania. <span style=\"display: inline !important; float: none; background-color: transparent; color: #333333; cursor: text; font-family: Georgia,'Times New Roman','Bitstream Charter',Times,serif; font-size: 16px; font-style: normal; font-variant: normal; font-weight: 400; letter-spacing: normal; orphans: 2; text-align: left; text-decoration: none; text-indent: 0px; text-transform: none; -webkit-text-stroke-width: 0px; white-space: normal; word-spacing: 0px;\">Il paese vicino del nord oscilla di gran lunga in cima con 58%, seguito dagli Stati Uniti con 20% e dalla Cina con 16%. 11% delle PMI intervistate hanno indicato la Francia come la destinazione di esportazione pi\u00f9 importante e 10% l'Austria.<\/span><\/p>\n<p>83% delle PMI intervistate vogliono esportare beni o servizi in Germania nei prossimi sei mesi. Francia e Austria seguono con 61% delle menzioni, gli Stati Uniti arrivano al quarto posto con 56%. 52% delle PMI vogliono esportare in Italia e in Cina, 43% nei Paesi Bassi. La Spagna segue all'ottavo posto con 42%. Delle PMI intervistate, 15% hanno detto di voler diventare nuovamente attive in Russia nel prossimo semestre. Gli Stati del Golfo seguono con 13%, 11% puntano alla Scandinavia e al Giappone, e 9% hanno nominato gli USA, la Francia, la Spagna, l'India e la Cina come nuove destinazioni.<\/p>\n<p><em>Fonte: <a href=\"http:\/\/www.s-ge.com\">Svizzera Impresa globale<\/a><\/em><\/p>","protected":false},"excerpt":{"rendered":"<p>Nach dem leichten Abw\u00e4rtstrend in den Vormonaten kehrt die Exportstimmung wieder ins Positive zur\u00fcck. Gem\u00e4ss den Indikatoren der Credit Suisse und S-GE d\u00fcrfte die Nachfrage nach Schweizer Exportg\u00fctern global weiter steigen, wenn auch nicht mehr in dem Ausmass und Tempo wie dies im Vorjahr der Fall war. Die H\u00e4lfte der Schweizer KMU, die von S-GE [&hellip;]<\/p>\n","protected":false},"author":4,"featured_media":5540,"comment_status":"open","ping_status":"open","sticky":false,"template":"","format":"standard","meta":{"_acf_changed":false,"_yoast_wpseo_focuskw":"Abw\u00e4rtstrend","_yoast_wpseo_metadesc":"Gem\u00e4ss der aktuellen Umfrage von Switzerland Global Enterprise (S-GE) zur Exportstimmung erwarten 49% aller KMU steigende Exporte f\u00fcr das 3. Quartal 2019.","articlekey":"","footnotes":""},"categories":[28],"tags":[63,189,335,452],"class_list":["post-5539","post","type-post","status-publish","format-standard","has-post-thumbnail","hentry","category-management","tag-aussenwirtschaft","tag-export","tag-management-und-unternehmensfuehrung","tag-statistik"],"acf":[],"yoast_head":"<!-- This site is optimized with the Yoast SEO plugin v27.4 - https:\/\/yoast.com\/product\/yoast-seo-wordpress\/ -->\n<title>Abw\u00e4rtstrend gestoppt - Exportstimmung wieder im Aufwind - Organisator<\/title>\n<meta name=\"description\" content=\"Gem\u00e4ss der aktuellen Umfrage von Switzerland Global Enterprise (S-GE) zur Exportstimmung erwarten 49% aller KMU steigende Exporte f\u00fcr das 3. Quartal 2019.\" \/>\n<meta name=\"robots\" content=\"index, follow, max-snippet:-1, max-image-preview:large, max-video-preview:-1\" \/>\n<link rel=\"canonical\" href=\"https:\/\/www.organisator.ch\/it\/gestione-2\/2019-07-11\/abwaertstrend-gestoppt-exportstimmung-wieder-im-aufwind\/\" \/>\n<meta property=\"og:locale\" content=\"it_IT\" \/>\n<meta property=\"og:type\" content=\"article\" \/>\n<meta property=\"og:title\" content=\"Abw\u00e4rtstrend gestoppt - Exportstimmung wieder im Aufwind\" \/>\n<meta property=\"og:description\" content=\"Gem\u00e4ss der aktuellen Umfrage von Switzerland Global Enterprise (S-GE) zur Exportstimmung erwarten 49% aller KMU steigende Exporte f\u00fcr das 3. Quartal 2019.\" \/>\n<meta property=\"og:url\" content=\"https:\/\/www.organisator.ch\/it\/gestione-2\/2019-07-11\/abwaertstrend-gestoppt-exportstimmung-wieder-im-aufwind\/\" \/>\n<meta property=\"og:site_name\" content=\"Organisator\" \/>\n<meta property=\"article:publisher\" content=\"https:\/\/www.facebook.com\/OrganisatorFachmagazin\" \/>\n<meta property=\"article:published_time\" content=\"2019-07-11T14:06:32+00:00\" \/>\n<meta property=\"og:image\" content=\"https:\/\/www.organisator.ch\/wp-content\/uploads\/2019\/07\/Abwaertstrend-gestoppt-Exportstimmung-wieder-im-Aufwind_Organisator.jpg\" \/>\n\t<meta property=\"og:image:width\" content=\"680\" \/>\n\t<meta property=\"og:image:height\" content=\"381\" \/>\n\t<meta property=\"og:image:type\" content=\"image\/jpeg\" \/>\n<meta name=\"author\" content=\"thomas.berner\" \/>\n<meta name=\"twitter:card\" content=\"summary_large_image\" \/>\n<meta name=\"twitter:title\" content=\"#Abw\u00e4rtstrend gestoppt - #Exportstimmung wieder im Aufwind\" \/>\n<meta name=\"twitter:description\" content=\"Gem\u00e4ss der aktuellen Umfrage von Switzerland Global Enterprise (#S-GE) zur #Exportstimmung erwarten 49% aller KMU steigende Exporte f\u00fcr das 3. Quartal 2019.\" \/>\n<meta name=\"twitter:image\" content=\"https:\/\/www.organisator.ch\/wp-content\/uploads\/2019\/07\/Abw\u00e4rtstrend-gestoppt-Exportstimmung-wieder-im-Aufwind_Organisator.jpg\" \/>\n<script type=\"application\/ld+json\" class=\"yoast-schema-graph\">{\"@context\":\"https:\\\/\\\/schema.org\",\"@graph\":[{\"@type\":\"Article\",\"@id\":\"https:\\\/\\\/www.organisator.ch\\\/management\\\/2019-07-11\\\/abwaertstrend-gestoppt-exportstimmung-wieder-im-aufwind\\\/#article\",\"isPartOf\":{\"@id\":\"https:\\\/\\\/www.organisator.ch\\\/management\\\/2019-07-11\\\/abwaertstrend-gestoppt-exportstimmung-wieder-im-aufwind\\\/\"},\"author\":{\"name\":\"thomas.berner\",\"@id\":\"https:\\\/\\\/www.organisator.ch\\\/#\\\/schema\\\/person\\\/6f650f90b2842cd4c0cc334b4e36f67e\"},\"headline\":\"Abw\u00e4rtstrend gestoppt &#8211; Exportstimmung wieder im Aufwind\",\"datePublished\":\"2019-07-11T14:06:32+00:00\",\"mainEntityOfPage\":{\"@id\":\"https:\\\/\\\/www.organisator.ch\\\/management\\\/2019-07-11\\\/abwaertstrend-gestoppt-exportstimmung-wieder-im-aufwind\\\/\"},\"wordCount\":381,\"commentCount\":0,\"publisher\":{\"@id\":\"https:\\\/\\\/www.organisator.ch\\\/#organization\"},\"image\":{\"@id\":\"https:\\\/\\\/www.organisator.ch\\\/management\\\/2019-07-11\\\/abwaertstrend-gestoppt-exportstimmung-wieder-im-aufwind\\\/#primaryimage\"},\"thumbnailUrl\":\"https:\\\/\\\/www.organisator.ch\\\/wp-content\\\/uploads\\\/2019\\\/07\\\/Abwaertstrend-gestoppt-Exportstimmung-wieder-im-Aufwind_Organisator.jpg\",\"keywords\":[\"Aussenwirtschaft\",\"Export\",\"Management und Unternehmensf\u00fchrung\",\"Statistik\"],\"articleSection\":[\"MANAGEMENT\"],\"inLanguage\":\"it-IT\"},{\"@type\":\"WebPage\",\"@id\":\"https:\\\/\\\/www.organisator.ch\\\/management\\\/2019-07-11\\\/abwaertstrend-gestoppt-exportstimmung-wieder-im-aufwind\\\/\",\"url\":\"https:\\\/\\\/www.organisator.ch\\\/management\\\/2019-07-11\\\/abwaertstrend-gestoppt-exportstimmung-wieder-im-aufwind\\\/\",\"name\":\"Abw\u00e4rtstrend gestoppt - Exportstimmung wieder im Aufwind - Organisator\",\"isPartOf\":{\"@id\":\"https:\\\/\\\/www.organisator.ch\\\/#website\"},\"primaryImageOfPage\":{\"@id\":\"https:\\\/\\\/www.organisator.ch\\\/management\\\/2019-07-11\\\/abwaertstrend-gestoppt-exportstimmung-wieder-im-aufwind\\\/#primaryimage\"},\"image\":{\"@id\":\"https:\\\/\\\/www.organisator.ch\\\/management\\\/2019-07-11\\\/abwaertstrend-gestoppt-exportstimmung-wieder-im-aufwind\\\/#primaryimage\"},\"thumbnailUrl\":\"https:\\\/\\\/www.organisator.ch\\\/wp-content\\\/uploads\\\/2019\\\/07\\\/Abwaertstrend-gestoppt-Exportstimmung-wieder-im-Aufwind_Organisator.jpg\",\"datePublished\":\"2019-07-11T14:06:32+00:00\",\"description\":\"Gem\u00e4ss der aktuellen Umfrage von Switzerland Global Enterprise (S-GE) zur Exportstimmung erwarten 49% aller KMU steigende Exporte f\u00fcr das 3. Quartal 2019.\",\"breadcrumb\":{\"@id\":\"https:\\\/\\\/www.organisator.ch\\\/management\\\/2019-07-11\\\/abwaertstrend-gestoppt-exportstimmung-wieder-im-aufwind\\\/#breadcrumb\"},\"inLanguage\":\"it-IT\",\"potentialAction\":[{\"@type\":\"ReadAction\",\"target\":[\"https:\\\/\\\/www.organisator.ch\\\/management\\\/2019-07-11\\\/abwaertstrend-gestoppt-exportstimmung-wieder-im-aufwind\\\/\"]}]},{\"@type\":\"ImageObject\",\"inLanguage\":\"it-IT\",\"@id\":\"https:\\\/\\\/www.organisator.ch\\\/management\\\/2019-07-11\\\/abwaertstrend-gestoppt-exportstimmung-wieder-im-aufwind\\\/#primaryimage\",\"url\":\"https:\\\/\\\/www.organisator.ch\\\/wp-content\\\/uploads\\\/2019\\\/07\\\/Abwaertstrend-gestoppt-Exportstimmung-wieder-im-Aufwind_Organisator.jpg\",\"contentUrl\":\"https:\\\/\\\/www.organisator.ch\\\/wp-content\\\/uploads\\\/2019\\\/07\\\/Abwaertstrend-gestoppt-Exportstimmung-wieder-im-Aufwind_Organisator.jpg\",\"width\":680,\"height\":381,\"caption\":\"Der Abw\u00e4rtstrend scheint gestoppt, die Exportstimmung bei Schweizer Unternehmen bessert sich. (Bild: Switzerland Global Enterprise)\"},{\"@type\":\"BreadcrumbList\",\"@id\":\"https:\\\/\\\/www.organisator.ch\\\/management\\\/2019-07-11\\\/abwaertstrend-gestoppt-exportstimmung-wieder-im-aufwind\\\/#breadcrumb\",\"itemListElement\":[{\"@type\":\"ListItem\",\"position\":1,\"name\":\"Home\",\"item\":\"https:\\\/\\\/www.organisator.ch\\\/\"},{\"@type\":\"ListItem\",\"position\":2,\"name\":\"Abw\u00e4rtstrend gestoppt &#8211; Exportstimmung wieder im Aufwind\"}]},{\"@type\":\"WebSite\",\"@id\":\"https:\\\/\\\/www.organisator.ch\\\/#website\",\"url\":\"https:\\\/\\\/www.organisator.ch\\\/\",\"name\":\"Organisator\",\"description\":\"Kompetent. Praxisnah. Der ORGANISATOR bereitet in 10 Ausgaben pro Jahr die wesentlichen Themen f\u00fcr F\u00fchrungskr\u00e4fte von KMU auf.\",\"publisher\":{\"@id\":\"https:\\\/\\\/www.organisator.ch\\\/#organization\"},\"potentialAction\":[{\"@type\":\"SearchAction\",\"target\":{\"@type\":\"EntryPoint\",\"urlTemplate\":\"https:\\\/\\\/www.organisator.ch\\\/?s={search_term_string}\"},\"query-input\":{\"@type\":\"PropertyValueSpecification\",\"valueRequired\":true,\"valueName\":\"search_term_string\"}}],\"inLanguage\":\"it-IT\"},{\"@type\":\"Organization\",\"@id\":\"https:\\\/\\\/www.organisator.ch\\\/#organization\",\"name\":\"Organisator\",\"url\":\"https:\\\/\\\/www.organisator.ch\\\/\",\"logo\":{\"@type\":\"ImageObject\",\"inLanguage\":\"it-IT\",\"@id\":\"https:\\\/\\\/www.organisator.ch\\\/#\\\/schema\\\/logo\\\/image\\\/\",\"url\":\"https:\\\/\\\/www.organisator.ch\\\/wp-content\\\/uploads\\\/2022\\\/01\\\/Logo_Organisator_Website.png\",\"contentUrl\":\"https:\\\/\\\/www.organisator.ch\\\/wp-content\\\/uploads\\\/2022\\\/01\\\/Logo_Organisator_Website.png\",\"width\":800,\"height\":77,\"caption\":\"Organisator\"},\"image\":{\"@id\":\"https:\\\/\\\/www.organisator.ch\\\/#\\\/schema\\\/logo\\\/image\\\/\"},\"sameAs\":[\"https:\\\/\\\/www.facebook.com\\\/OrganisatorFachmagazin\",\"https:\\\/\\\/www.linkedin.com\\\/showcase\\\/organisator-das-magazin-fr-kmu\",\"https:\\\/\\\/www.xing.com\\\/news\\\/pages\\\/organisator-ch-695\",\"https:\\\/\\\/www.youtube.com\\\/channel\\\/UCGP2Sq0iWaZwT3BdIAQFYpw\"]},{\"@type\":\"Person\",\"@id\":\"https:\\\/\\\/www.organisator.ch\\\/#\\\/schema\\\/person\\\/6f650f90b2842cd4c0cc334b4e36f67e\",\"name\":\"thomas.berner\",\"image\":{\"@type\":\"ImageObject\",\"inLanguage\":\"it-IT\",\"@id\":\"https:\\\/\\\/secure.gravatar.com\\\/avatar\\\/ac5001d2a36cb6c6cd3e50789007ffca834b477b74a2144564522e944eabff61?s=96&d=mm&r=g\",\"url\":\"https:\\\/\\\/secure.gravatar.com\\\/avatar\\\/ac5001d2a36cb6c6cd3e50789007ffca834b477b74a2144564522e944eabff61?s=96&d=mm&r=g\",\"contentUrl\":\"https:\\\/\\\/secure.gravatar.com\\\/avatar\\\/ac5001d2a36cb6c6cd3e50789007ffca834b477b74a2144564522e944eabff61?s=96&d=mm&r=g\",\"caption\":\"thomas.berner\"},\"url\":\"https:\\\/\\\/www.organisator.ch\\\/it\\\/author\\\/thomas-berner\\\/\"}]}<\/script>\n<!-- \/ Yoast SEO plugin. -->","yoast_head_json":{"title":"La tendenza al ribasso si \u00e8 arrestata: il sentimento delle esportazioni \u00e8 di nuovo in crescita - Organizzatore","description":"Secondo l'ultima indagine sull'export sentiment di Switzerland Global Enterprise (S-GE), 49% di tutte le PMI prevedono un aumento delle esportazioni nel terzo trimestre 2019.","robots":{"index":"index","follow":"follow","max-snippet":"max-snippet:-1","max-image-preview":"max-image-preview:large","max-video-preview":"max-video-preview:-1"},"canonical":"https:\/\/www.organisator.ch\/it\/gestione-2\/2019-07-11\/abwaertstrend-gestoppt-exportstimmung-wieder-im-aufwind\/","og_locale":"it_IT","og_type":"article","og_title":"Abw\u00e4rtstrend gestoppt - Exportstimmung wieder im Aufwind","og_description":"Gem\u00e4ss der aktuellen Umfrage von Switzerland Global Enterprise (S-GE) zur Exportstimmung erwarten 49% aller KMU steigende Exporte f\u00fcr das 3. Quartal 2019.","og_url":"https:\/\/www.organisator.ch\/it\/gestione-2\/2019-07-11\/abwaertstrend-gestoppt-exportstimmung-wieder-im-aufwind\/","og_site_name":"Organisator","article_publisher":"https:\/\/www.facebook.com\/OrganisatorFachmagazin","article_published_time":"2019-07-11T14:06:32+00:00","og_image":[{"width":680,"height":381,"url":"https:\/\/www.organisator.ch\/wp-content\/uploads\/2019\/07\/Abwaertstrend-gestoppt-Exportstimmung-wieder-im-Aufwind_Organisator.jpg","type":"image\/jpeg"}],"author":"thomas.berner","twitter_card":"summary_large_image","twitter_title":"#Abw\u00e4rtstrend gestoppt - #Exportstimmung wieder im Aufwind","twitter_description":"Gem\u00e4ss der aktuellen Umfrage von Switzerland Global Enterprise (#S-GE) zur #Exportstimmung erwarten 49% aller KMU steigende Exporte f\u00fcr das 3. Quartal 2019.","twitter_image":"https:\/\/www.organisator.ch\/wp-content\/uploads\/2019\/07\/Abw\u00e4rtstrend-gestoppt-Exportstimmung-wieder-im-Aufwind_Organisator.jpg","schema":{"@context":"https:\/\/schema.org","@graph":[{"@type":"Article","@id":"https:\/\/www.organisator.ch\/management\/2019-07-11\/abwaertstrend-gestoppt-exportstimmung-wieder-im-aufwind\/#article","isPartOf":{"@id":"https:\/\/www.organisator.ch\/management\/2019-07-11\/abwaertstrend-gestoppt-exportstimmung-wieder-im-aufwind\/"},"author":{"name":"thomas.berner","@id":"https:\/\/www.organisator.ch\/#\/schema\/person\/6f650f90b2842cd4c0cc334b4e36f67e"},"headline":"Abw\u00e4rtstrend gestoppt &#8211; Exportstimmung wieder im Aufwind","datePublished":"2019-07-11T14:06:32+00:00","mainEntityOfPage":{"@id":"https:\/\/www.organisator.ch\/management\/2019-07-11\/abwaertstrend-gestoppt-exportstimmung-wieder-im-aufwind\/"},"wordCount":381,"commentCount":0,"publisher":{"@id":"https:\/\/www.organisator.ch\/#organization"},"image":{"@id":"https:\/\/www.organisator.ch\/management\/2019-07-11\/abwaertstrend-gestoppt-exportstimmung-wieder-im-aufwind\/#primaryimage"},"thumbnailUrl":"https:\/\/www.organisator.ch\/wp-content\/uploads\/2019\/07\/Abwaertstrend-gestoppt-Exportstimmung-wieder-im-Aufwind_Organisator.jpg","keywords":["Aussenwirtschaft","Export","Management und Unternehmensf\u00fchrung","Statistik"],"articleSection":["MANAGEMENT"],"inLanguage":"it-IT"},{"@type":"WebPage","@id":"https:\/\/www.organisator.ch\/management\/2019-07-11\/abwaertstrend-gestoppt-exportstimmung-wieder-im-aufwind\/","url":"https:\/\/www.organisator.ch\/management\/2019-07-11\/abwaertstrend-gestoppt-exportstimmung-wieder-im-aufwind\/","name":"La tendenza al ribasso si \u00e8 arrestata: il sentimento delle esportazioni \u00e8 di nuovo in crescita - Organizzatore","isPartOf":{"@id":"https:\/\/www.organisator.ch\/#website"},"primaryImageOfPage":{"@id":"https:\/\/www.organisator.ch\/management\/2019-07-11\/abwaertstrend-gestoppt-exportstimmung-wieder-im-aufwind\/#primaryimage"},"image":{"@id":"https:\/\/www.organisator.ch\/management\/2019-07-11\/abwaertstrend-gestoppt-exportstimmung-wieder-im-aufwind\/#primaryimage"},"thumbnailUrl":"https:\/\/www.organisator.ch\/wp-content\/uploads\/2019\/07\/Abwaertstrend-gestoppt-Exportstimmung-wieder-im-Aufwind_Organisator.jpg","datePublished":"2019-07-11T14:06:32+00:00","description":"Secondo l'ultima indagine sull'export sentiment di Switzerland Global Enterprise (S-GE), 49% di tutte le PMI prevedono un aumento delle esportazioni nel terzo trimestre 2019.","breadcrumb":{"@id":"https:\/\/www.organisator.ch\/management\/2019-07-11\/abwaertstrend-gestoppt-exportstimmung-wieder-im-aufwind\/#breadcrumb"},"inLanguage":"it-IT","potentialAction":[{"@type":"ReadAction","target":["https:\/\/www.organisator.ch\/management\/2019-07-11\/abwaertstrend-gestoppt-exportstimmung-wieder-im-aufwind\/"]}]},{"@type":"ImageObject","inLanguage":"it-IT","@id":"https:\/\/www.organisator.ch\/management\/2019-07-11\/abwaertstrend-gestoppt-exportstimmung-wieder-im-aufwind\/#primaryimage","url":"https:\/\/www.organisator.ch\/wp-content\/uploads\/2019\/07\/Abwaertstrend-gestoppt-Exportstimmung-wieder-im-Aufwind_Organisator.jpg","contentUrl":"https:\/\/www.organisator.ch\/wp-content\/uploads\/2019\/07\/Abwaertstrend-gestoppt-Exportstimmung-wieder-im-Aufwind_Organisator.jpg","width":680,"height":381,"caption":"Der Abw\u00e4rtstrend scheint gestoppt, die Exportstimmung bei Schweizer Unternehmen bessert sich. (Bild: Switzerland Global Enterprise)"},{"@type":"BreadcrumbList","@id":"https:\/\/www.organisator.ch\/management\/2019-07-11\/abwaertstrend-gestoppt-exportstimmung-wieder-im-aufwind\/#breadcrumb","itemListElement":[{"@type":"ListItem","position":1,"name":"Home","item":"https:\/\/www.organisator.ch\/"},{"@type":"ListItem","position":2,"name":"Abw\u00e4rtstrend gestoppt &#8211; Exportstimmung wieder im Aufwind"}]},{"@type":"WebSite","@id":"https:\/\/www.organisator.ch\/#website","url":"https:\/\/www.organisator.ch\/","name":"Organizzatore","description":"Competente. Pratico. In 10 numeri all'anno, ORGANISATOR presenta i temi essenziali per i manager delle PMI.","publisher":{"@id":"https:\/\/www.organisator.ch\/#organization"},"potentialAction":[{"@type":"SearchAction","target":{"@type":"EntryPoint","urlTemplate":"https:\/\/www.organisator.ch\/?s={search_term_string}"},"query-input":{"@type":"PropertyValueSpecification","valueRequired":true,"valueName":"search_term_string"}}],"inLanguage":"it-IT"},{"@type":"Organization","@id":"https:\/\/www.organisator.ch\/#organization","name":"Organizzatore","url":"https:\/\/www.organisator.ch\/","logo":{"@type":"ImageObject","inLanguage":"it-IT","@id":"https:\/\/www.organisator.ch\/#\/schema\/logo\/image\/","url":"https:\/\/www.organisator.ch\/wp-content\/uploads\/2022\/01\/Logo_Organisator_Website.png","contentUrl":"https:\/\/www.organisator.ch\/wp-content\/uploads\/2022\/01\/Logo_Organisator_Website.png","width":800,"height":77,"caption":"Organisator"},"image":{"@id":"https:\/\/www.organisator.ch\/#\/schema\/logo\/image\/"},"sameAs":["https:\/\/www.facebook.com\/OrganisatorFachmagazin","https:\/\/www.linkedin.com\/showcase\/organisator-das-magazin-fr-kmu","https:\/\/www.xing.com\/news\/pages\/organisator-ch-695","https:\/\/www.youtube.com\/channel\/UCGP2Sq0iWaZwT3BdIAQFYpw"]},{"@type":"Person","@id":"https:\/\/www.organisator.ch\/#\/schema\/person\/6f650f90b2842cd4c0cc334b4e36f67e","name":"Tommaso.berner","image":{"@type":"ImageObject","inLanguage":"it-IT","@id":"https:\/\/secure.gravatar.com\/avatar\/ac5001d2a36cb6c6cd3e50789007ffca834b477b74a2144564522e944eabff61?s=96&d=mm&r=g","url":"https:\/\/secure.gravatar.com\/avatar\/ac5001d2a36cb6c6cd3e50789007ffca834b477b74a2144564522e944eabff61?s=96&d=mm&r=g","contentUrl":"https:\/\/secure.gravatar.com\/avatar\/ac5001d2a36cb6c6cd3e50789007ffca834b477b74a2144564522e944eabff61?s=96&d=mm&r=g","caption":"thomas.berner"},"url":"https:\/\/www.organisator.ch\/it\/author\/thomas-berner\/"}]}},"_links":{"self":[{"href":"https:\/\/www.organisator.ch\/it\/wp-json\/wp\/v2\/posts\/5539","targetHints":{"allow":["GET"]}}],"collection":[{"href":"https:\/\/www.organisator.ch\/it\/wp-json\/wp\/v2\/posts"}],"about":[{"href":"https:\/\/www.organisator.ch\/it\/wp-json\/wp\/v2\/types\/post"}],"author":[{"embeddable":true,"href":"https:\/\/www.organisator.ch\/it\/wp-json\/wp\/v2\/users\/4"}],"replies":[{"embeddable":true,"href":"https:\/\/www.organisator.ch\/it\/wp-json\/wp\/v2\/comments?post=5539"}],"version-history":[{"count":0,"href":"https:\/\/www.organisator.ch\/it\/wp-json\/wp\/v2\/posts\/5539\/revisions"}],"wp:featuredmedia":[{"embeddable":true,"href":"https:\/\/www.organisator.ch\/it\/wp-json\/wp\/v2\/media\/5540"}],"wp:attachment":[{"href":"https:\/\/www.organisator.ch\/it\/wp-json\/wp\/v2\/media?parent=5539"}],"wp:term":[{"taxonomy":"category","embeddable":true,"href":"https:\/\/www.organisator.ch\/it\/wp-json\/wp\/v2\/categories?post=5539"},{"taxonomy":"post_tag","embeddable":true,"href":"https:\/\/www.organisator.ch\/it\/wp-json\/wp\/v2\/tags?post=5539"}],"curies":[{"name":"wp","href":"https:\/\/api.w.org\/{rel}","templated":true}]}}