{"id":5580,"date":"2019-07-23T14:46:07","date_gmt":"2019-07-23T12:46:07","guid":{"rendered":"https:\/\/www.organisator.ch\/?p=5580"},"modified":"2019-07-23T14:46:07","modified_gmt":"2019-07-23T12:46:07","slug":"so-gelingt-coworking-auf-dem-land","status":"publish","type":"post","link":"https:\/\/www.organisator.ch\/it\/human-resources\/hrm\/2019-07-23\/so-gelingt-coworking-auf-dem-land\/","title":{"rendered":"Come il coworking ha successo in campagna"},"content":{"rendered":"<figure id=\"attachment_5582\" aria-describedby=\"caption-attachment-5582\" style=\"width: 680px\" class=\"wp-caption alignnone\"><img loading=\"lazy\" decoding=\"async\" class=\"size-medium wp-image-5582\" src=\"https:\/\/www.organisator.ch\/wp-content\/uploads\/2019\/07\/christian_amstad_brownbageffinger.width-2500.png\" alt=\"\" width=\"680\" height=\"449\" srcset=\"https:\/\/www.organisator.ch\/wp-content\/uploads\/2019\/07\/christian_amstad_brownbageffinger.width-2500.png 2306w, https:\/\/www.organisator.ch\/wp-content\/uploads\/2019\/07\/christian_amstad_brownbageffinger.width-2500-680x449.png 680w, https:\/\/www.organisator.ch\/wp-content\/uploads\/2019\/07\/christian_amstad_brownbageffinger.width-2500-1024x677.png 1024w, https:\/\/www.organisator.ch\/wp-content\/uploads\/2019\/07\/christian_amstad_brownbageffinger.width-2500-768x508.png 768w, https:\/\/www.organisator.ch\/wp-content\/uploads\/2019\/07\/christian_amstad_brownbageffinger.width-2500-1536x1015.png 1536w, https:\/\/www.organisator.ch\/wp-content\/uploads\/2019\/07\/christian_amstad_brownbageffinger.width-2500-2048x1353.png 2048w, https:\/\/www.organisator.ch\/wp-content\/uploads\/2019\/07\/christian_amstad_brownbageffinger.width-2500-16x12.png 16w, https:\/\/www.organisator.ch\/wp-content\/uploads\/2019\/07\/christian_amstad_brownbageffinger.width-2500-265x175.png 265w, https:\/\/www.organisator.ch\/wp-content\/uploads\/2019\/07\/christian_amstad_brownbageffinger.width-2500-530x350.png 530w, https:\/\/www.organisator.ch\/wp-content\/uploads\/2019\/07\/christian_amstad_brownbageffinger.width-2500-1210x800.png 1210w, https:\/\/www.organisator.ch\/wp-content\/uploads\/2019\/07\/christian_amstad_brownbageffinger.width-2500-920x608.png 920w, https:\/\/www.organisator.ch\/wp-content\/uploads\/2019\/07\/christian_amstad_brownbageffinger.width-2500-1400x925.png 1400w, https:\/\/www.organisator.ch\/wp-content\/uploads\/2019\/07\/christian_amstad_brownbageffinger.width-2500-300x198.png 300w\" sizes=\"auto, (max-width: 680px) 100vw, 680px\" \/><figcaption id=\"caption-attachment-5582\" class=\"wp-caption-text\">Chrisitan Amstad spiega le pietre miliari pi\u00f9 importanti per un co-working di successo nelle comunit\u00e0. (Immagine: zVg)<\/figcaption><\/figure>\n<p>Uno spazio di coworking \u00e8 un luogo dove si lavora. Cio\u00e8, dove l'infrastruttura di lavoro \u00e8 disponibile. Ma uno spazio di coworking \u00e8 anche un luogo dove avviene l'interazione sociale ed emerge un terreno di coltura creativa. Un mix colorato di ascolto, conversazione, scambio e arricchimento. Simile al couchsurfing, dice Christian Amstad. Ci sono diversi concetti e obiettivi per gli spazi di coworking. Ma gli spazi di coworking di successo hanno tutti un denominatore comune: l'utilizzo. Pi\u00f9 uno spazio di coworking \u00e8 utilizzato bene, pi\u00f9 ha successo.<\/p>\n<h3>Si possono riconoscere gli spazi di coworking di successo dal modo in cui sono utilizzati<\/h3>\n<p>Sono le 12.00. Al primo piano del <a href=\"https:\/\/www.effinger.ch\/\">Spazi di coworking Effinger<\/a> nessuna sedia \u00e8 gratis. Timido crepitio di carte di panini, silenzioso frullare di forchette nei contenitori da asporto. La tensione e l'attesa aumentano. \"Fattori di successo degli spazi di coworking nelle comunit\u00e0 rurali e urbane fuori dai grandi centri. Questo \u00e8 il titolo della mia tesi di laurea\". <a href=\"https:\/\/www.linkedin.com\/in\/christian-amstad-1289b915a\/\">Christian Amstad<\/a> inizia la sua borsa marrone. Durante l'ora successiva, spiega agli interessati mangiatori del pranzo ci\u00f2 che ha usato negli ultimi otto mesi per conto di VillageOffice per la sua tesi di master al <a href=\"https:\/\/www.hslu.ch\/de-ch\/wirtschaft\/\">Economia HSLU<\/a> \u00e8 stato occupato. Eravamo l\u00ec. Un'intuizione.<\/p>\n<div class=\"l-block l-block--gutter l-block--row-small l-block--text l-block--spacing l-block--center\">\n<h3>Questi sette fattori aiutano a raggiungere il successo<\/h3>\n<div class=\"rich-text\">\n<p>Nella sua tesi di master, Christian Amstad nomina sette fattori di successo per gli spazi di coworking nelle aree rurali. I primi cinque fattori possono essere influenzati. Non c'\u00e8 quasi nessun margine di manovra per quanto riguarda i fattori 6 e 7.<\/p>\n<p><b>1 - Avviamento di emergenza<\/b>:<\/p>\n<p>I comuni, i proprietari di immobili, gli sponsor e gli operatori di coworking possono aiutare a ridurre i costi operativi nella fase di avvio. Per esempio: prezzi di affitto ridotti, sostegno finanziario o materiale, lavoro non retribuito.<\/p>\n<p><b>2 - Rete personale<\/b>:<\/p>\n<p>La dimensione della rete influenza il potenziale di utilizzo e pone le basi per una comunit\u00e0 attiva. Il networking personale gioca un ruolo cruciale nelle comunit\u00e0 rurali - specialmente con i vicini.<\/p>\n<p><b>3 - Comunit\u00e0:<\/b><\/p>\n<p>Una comunit\u00e0 di lavoro con valori condivisi assicura un'occupazione minima dello spazio. Pi\u00f9 uno spazio di coworking \u00e8 rurale e piccolo, meno persone sono necessarie per un gruppo di start-up funzionante.<\/p>\n<p><b>4 - Persone motivate e forma organizzativa<\/b>:<\/p>\n<p>Gli operatori di coworking difendono la loro regione e sono intrinsecamente motivati. Scelgono una forma di organizzazione che permette l'adattamento delle condizioni quadro e la partecipazione della comunit\u00e0.<\/p>\n<p><b>5 - Offerta attraente:<\/b><\/p>\n<p>Nessuno spazio di coworking sopravvive senza una buona offerta. Questo include: Atmosfera, posizione, accesso, prezzo-prestazioni, infrastrutture.<\/p>\n<p><b>6 - Ambiente liberale<\/b>:<\/p>\n<p>Maggiore \u00e8 l'attitudine liberale di base di una popolazione, pi\u00f9 \u00e8 probabile che sia aperta alle novit\u00e0 e interessata a nuove forme di lavoro.<\/p>\n<p><b>7 - Promuovere le condizioni quadro<\/b>:<\/p>\n<p>Per la sopravvivenza e l'ulteriore crescita dell'industria del coworking, \u00e8 necessario il sostegno della politica (promozione del lavoro decentralizzato) e del business (employee branding delle aziende).<\/p>\n<\/div>\n<\/div>\n<div class=\"l-block l-block--gutter l-block--row-small l-block--text l-block--spacing l-block--center\">\n<h3><\/h3>\n<h3>Video: Presentazione della tesi di master con Christian Amstad al Brownbag nel <a href=\"https:\/\/www.effinger.ch\/\">Spazio di coworking Effinger<\/a><\/h3>\n<p><iframe loading=\"lazy\" title=\"Coworking in campagna | Christian Amstad | Brownbag a Effinger\" width=\"768\" height=\"432\" src=\"https:\/\/www.youtube.com\/embed\/MkJ2ZBtt0v8?feature=oembed\" frameborder=\"0\" allow=\"accelerometer; autoplay; clipboard-write; encrypted-media; gyroscope; picture-in-picture\" allowfullscreen><\/iframe><\/p>\n<\/div>\n<p>&nbsp;<\/p>\n<p>Prendiamo i punti chiave della sua tesi di master e non vediamo l'ora di <a href=\"https:\/\/villageoffice.ch\/de\/ueber-uns\/%C3%BCber-uns\/\">VillaggioUfficio Visione<\/a> ulteriormente - insieme al <a href=\"https:\/\/villageoffice.ch\/de\/angebot\/gemeinde\/\">Comunit\u00e0<\/a>, <a href=\"https:\/\/villageoffice.ch\/de\/angebot\/immobilieneigentuemer\/\">Proprietari di immobili<\/a>, <a href=\"https:\/\/villageoffice.ch\/de\/angebot\/unternehmen\/\">Azienda<\/a> e <a href=\"https:\/\/villageoffice.ch\/de\/angebot\/coworking-betreiber\/\">Colleghi<\/a>.<\/p>\n<p>&nbsp;<\/p>\n<p>&nbsp;<\/p>","protected":false},"excerpt":{"rendered":"<p>Ein Coworking Space ist ein Ort, an dem gearbeitet wird. Das heisst, an dem die Arbeitsinfrastruktur vorhanden ist. Ein Coworking Space ist aber auch ein Ort, an dem soziale Interaktion stattfindet und ein kreativer N\u00e4hrboden ensteht. Ein bunt durchmischtes Zuh\u00f6ren, Erz\u00e4hlen, Austauschen, Bereichern. \u00c4hnlich wie beim Couchsurfing, meint Christian Amstad. Es gibt unterschiedliche Konzepte und [&hellip;]<\/p>\n","protected":false},"author":5,"featured_media":5582,"comment_status":"open","ping_status":"open","sticky":false,"template":"","format":"standard","meta":{"_acf_changed":false,"_yoast_wpseo_focuskw":"Coworking","_yoast_wpseo_metadesc":"Welches sind die Erfolgsfaktoren von Coworking Spaces ausserhalb von grossen St\u00e4dten? Was zeichnet einen erfolgreichen Coworking Space aus?","articlekey":"","footnotes":""},"categories":[26],"tags":[114,124,231,424],"class_list":["post-5580","post","type-post","status-publish","format-standard","has-post-thumbnail","hentry","category-hrm","tag-checkliste","tag-co-working","tag-gemeinden","tag-schweiz"],"acf":[],"yoast_head":"<!-- This site is optimized with the Yoast SEO plugin v27.4 - https:\/\/yoast.com\/product\/yoast-seo-wordpress\/ -->\n<title>So gelingt Coworking auf dem Land - Organisator<\/title>\n<meta name=\"description\" content=\"Welches sind die Erfolgsfaktoren von Coworking Spaces ausserhalb von grossen St\u00e4dten? Was zeichnet einen erfolgreichen Coworking Space aus?\" \/>\n<meta name=\"robots\" content=\"index, follow, max-snippet:-1, max-image-preview:large, max-video-preview:-1\" \/>\n<link rel=\"canonical\" href=\"https:\/\/www.organisator.ch\/it\/risorse-umane\/hrm\/2019-07-23\/so-gelingt-coworking-auf-dem-land\/\" \/>\n<meta property=\"og:locale\" content=\"it_IT\" \/>\n<meta property=\"og:type\" content=\"article\" \/>\n<meta property=\"og:title\" content=\"So gelingt Coworking auf dem Land - Organisator\" \/>\n<meta property=\"og:description\" content=\"Welches sind die Erfolgsfaktoren von Coworking Spaces ausserhalb von grossen St\u00e4dten? Was zeichnet einen erfolgreichen Coworking Space aus?\" \/>\n<meta property=\"og:url\" content=\"https:\/\/www.organisator.ch\/it\/risorse-umane\/hrm\/2019-07-23\/so-gelingt-coworking-auf-dem-land\/\" \/>\n<meta property=\"og:site_name\" content=\"Organisator\" \/>\n<meta property=\"article:publisher\" content=\"https:\/\/www.facebook.com\/OrganisatorFachmagazin\" \/>\n<meta property=\"article:published_time\" content=\"2019-07-23T12:46:07+00:00\" \/>\n<meta property=\"og:image\" content=\"https:\/\/www.organisator.ch\/wp-content\/uploads\/2019\/07\/christian_amstad_brownbageffinger.width-2500-1024x677.png\" \/>\n\t<meta property=\"og:image:width\" content=\"1024\" \/>\n\t<meta property=\"og:image:height\" content=\"677\" \/>\n\t<meta property=\"og:image:type\" content=\"image\/png\" \/>\n<meta name=\"author\" content=\"michael.merz\" \/>\n<meta name=\"twitter:card\" content=\"summary_large_image\" \/>\n<script type=\"application\/ld+json\" class=\"yoast-schema-graph\">{\"@context\":\"https:\\\/\\\/schema.org\",\"@graph\":[{\"@type\":\"Article\",\"@id\":\"https:\\\/\\\/www.organisator.ch\\\/human-resources\\\/hrm\\\/2019-07-23\\\/so-gelingt-coworking-auf-dem-land\\\/#article\",\"isPartOf\":{\"@id\":\"https:\\\/\\\/www.organisator.ch\\\/human-resources\\\/hrm\\\/2019-07-23\\\/so-gelingt-coworking-auf-dem-land\\\/\"},\"author\":{\"name\":\"michael.merz\",\"@id\":\"https:\\\/\\\/www.organisator.ch\\\/#\\\/schema\\\/person\\\/134708ca9321c57b0362cceb7948ffbd\"},\"headline\":\"So gelingt Coworking auf dem Land\",\"datePublished\":\"2019-07-23T12:46:07+00:00\",\"mainEntityOfPage\":{\"@id\":\"https:\\\/\\\/www.organisator.ch\\\/human-resources\\\/hrm\\\/2019-07-23\\\/so-gelingt-coworking-auf-dem-land\\\/\"},\"wordCount\":507,\"commentCount\":0,\"publisher\":{\"@id\":\"https:\\\/\\\/www.organisator.ch\\\/#organization\"},\"image\":{\"@id\":\"https:\\\/\\\/www.organisator.ch\\\/human-resources\\\/hrm\\\/2019-07-23\\\/so-gelingt-coworking-auf-dem-land\\\/#primaryimage\"},\"thumbnailUrl\":\"https:\\\/\\\/www.organisator.ch\\\/wp-content\\\/uploads\\\/2019\\\/07\\\/christian_amstad_brownbageffinger.width-2500.png\",\"keywords\":[\"Checkliste\",\"Co-Working\",\"Gemeinden\",\"Schweiz\"],\"articleSection\":[\"HRM\"],\"inLanguage\":\"it-IT\"},{\"@type\":\"WebPage\",\"@id\":\"https:\\\/\\\/www.organisator.ch\\\/human-resources\\\/hrm\\\/2019-07-23\\\/so-gelingt-coworking-auf-dem-land\\\/\",\"url\":\"https:\\\/\\\/www.organisator.ch\\\/human-resources\\\/hrm\\\/2019-07-23\\\/so-gelingt-coworking-auf-dem-land\\\/\",\"name\":\"So gelingt Coworking auf dem Land - Organisator\",\"isPartOf\":{\"@id\":\"https:\\\/\\\/www.organisator.ch\\\/#website\"},\"primaryImageOfPage\":{\"@id\":\"https:\\\/\\\/www.organisator.ch\\\/human-resources\\\/hrm\\\/2019-07-23\\\/so-gelingt-coworking-auf-dem-land\\\/#primaryimage\"},\"image\":{\"@id\":\"https:\\\/\\\/www.organisator.ch\\\/human-resources\\\/hrm\\\/2019-07-23\\\/so-gelingt-coworking-auf-dem-land\\\/#primaryimage\"},\"thumbnailUrl\":\"https:\\\/\\\/www.organisator.ch\\\/wp-content\\\/uploads\\\/2019\\\/07\\\/christian_amstad_brownbageffinger.width-2500.png\",\"datePublished\":\"2019-07-23T12:46:07+00:00\",\"description\":\"Welches sind die Erfolgsfaktoren von Coworking Spaces ausserhalb von grossen St\u00e4dten? Was zeichnet einen erfolgreichen Coworking Space aus?\",\"breadcrumb\":{\"@id\":\"https:\\\/\\\/www.organisator.ch\\\/human-resources\\\/hrm\\\/2019-07-23\\\/so-gelingt-coworking-auf-dem-land\\\/#breadcrumb\"},\"inLanguage\":\"it-IT\",\"potentialAction\":[{\"@type\":\"ReadAction\",\"target\":[\"https:\\\/\\\/www.organisator.ch\\\/human-resources\\\/hrm\\\/2019-07-23\\\/so-gelingt-coworking-auf-dem-land\\\/\"]}]},{\"@type\":\"ImageObject\",\"inLanguage\":\"it-IT\",\"@id\":\"https:\\\/\\\/www.organisator.ch\\\/human-resources\\\/hrm\\\/2019-07-23\\\/so-gelingt-coworking-auf-dem-land\\\/#primaryimage\",\"url\":\"https:\\\/\\\/www.organisator.ch\\\/wp-content\\\/uploads\\\/2019\\\/07\\\/christian_amstad_brownbageffinger.width-2500.png\",\"contentUrl\":\"https:\\\/\\\/www.organisator.ch\\\/wp-content\\\/uploads\\\/2019\\\/07\\\/christian_amstad_brownbageffinger.width-2500.png\",\"width\":2306,\"height\":1524,\"caption\":\"Chrisitan Amstad erkl\u00e4rt die wichtigsten Eckpfeiler f\u00fcr ein gelungenes Co-Working in Gemeinden. (Bild: zVg)\"},{\"@type\":\"BreadcrumbList\",\"@id\":\"https:\\\/\\\/www.organisator.ch\\\/human-resources\\\/hrm\\\/2019-07-23\\\/so-gelingt-coworking-auf-dem-land\\\/#breadcrumb\",\"itemListElement\":[{\"@type\":\"ListItem\",\"position\":1,\"name\":\"Home\",\"item\":\"https:\\\/\\\/www.organisator.ch\\\/\"},{\"@type\":\"ListItem\",\"position\":2,\"name\":\"So gelingt Coworking auf dem Land\"}]},{\"@type\":\"WebSite\",\"@id\":\"https:\\\/\\\/www.organisator.ch\\\/#website\",\"url\":\"https:\\\/\\\/www.organisator.ch\\\/\",\"name\":\"Organisator\",\"description\":\"Kompetent. Praxisnah. Der ORGANISATOR bereitet in 10 Ausgaben pro Jahr die wesentlichen Themen f\u00fcr F\u00fchrungskr\u00e4fte von KMU auf.\",\"publisher\":{\"@id\":\"https:\\\/\\\/www.organisator.ch\\\/#organization\"},\"potentialAction\":[{\"@type\":\"SearchAction\",\"target\":{\"@type\":\"EntryPoint\",\"urlTemplate\":\"https:\\\/\\\/www.organisator.ch\\\/?s={search_term_string}\"},\"query-input\":{\"@type\":\"PropertyValueSpecification\",\"valueRequired\":true,\"valueName\":\"search_term_string\"}}],\"inLanguage\":\"it-IT\"},{\"@type\":\"Organization\",\"@id\":\"https:\\\/\\\/www.organisator.ch\\\/#organization\",\"name\":\"Organisator\",\"url\":\"https:\\\/\\\/www.organisator.ch\\\/\",\"logo\":{\"@type\":\"ImageObject\",\"inLanguage\":\"it-IT\",\"@id\":\"https:\\\/\\\/www.organisator.ch\\\/#\\\/schema\\\/logo\\\/image\\\/\",\"url\":\"https:\\\/\\\/www.organisator.ch\\\/wp-content\\\/uploads\\\/2022\\\/01\\\/Logo_Organisator_Website.png\",\"contentUrl\":\"https:\\\/\\\/www.organisator.ch\\\/wp-content\\\/uploads\\\/2022\\\/01\\\/Logo_Organisator_Website.png\",\"width\":800,\"height\":77,\"caption\":\"Organisator\"},\"image\":{\"@id\":\"https:\\\/\\\/www.organisator.ch\\\/#\\\/schema\\\/logo\\\/image\\\/\"},\"sameAs\":[\"https:\\\/\\\/www.facebook.com\\\/OrganisatorFachmagazin\",\"https:\\\/\\\/www.linkedin.com\\\/showcase\\\/organisator-das-magazin-fr-kmu\",\"https:\\\/\\\/www.xing.com\\\/news\\\/pages\\\/organisator-ch-695\",\"https:\\\/\\\/www.youtube.com\\\/channel\\\/UCGP2Sq0iWaZwT3BdIAQFYpw\"]},{\"@type\":\"Person\",\"@id\":\"https:\\\/\\\/www.organisator.ch\\\/#\\\/schema\\\/person\\\/134708ca9321c57b0362cceb7948ffbd\",\"name\":\"michael.merz\",\"image\":{\"@type\":\"ImageObject\",\"inLanguage\":\"it-IT\",\"@id\":\"https:\\\/\\\/secure.gravatar.com\\\/avatar\\\/?s=96&d=mm&r=g\",\"url\":\"https:\\\/\\\/secure.gravatar.com\\\/avatar\\\/?s=96&d=mm&r=g\",\"contentUrl\":\"https:\\\/\\\/secure.gravatar.com\\\/avatar\\\/?s=96&d=mm&r=g\",\"caption\":\"michael.merz\"},\"url\":\"https:\\\/\\\/www.organisator.ch\\\/it\\\/author\\\/michael-merz\\\/\"}]}<\/script>\n<!-- \/ Yoast SEO plugin. -->","yoast_head_json":{"title":"Come il coworking ha successo in campagna - Organizzatore","description":"Quali sono i fattori di successo degli spazi di coworking fuori dalle grandi citt\u00e0? Cosa distingue uno spazio di coworking di successo?","robots":{"index":"index","follow":"follow","max-snippet":"max-snippet:-1","max-image-preview":"max-image-preview:large","max-video-preview":"max-video-preview:-1"},"canonical":"https:\/\/www.organisator.ch\/it\/risorse-umane\/hrm\/2019-07-23\/so-gelingt-coworking-auf-dem-land\/","og_locale":"it_IT","og_type":"article","og_title":"So gelingt Coworking auf dem Land - Organisator","og_description":"Welches sind die Erfolgsfaktoren von Coworking Spaces ausserhalb von grossen St\u00e4dten? Was zeichnet einen erfolgreichen Coworking Space aus?","og_url":"https:\/\/www.organisator.ch\/it\/risorse-umane\/hrm\/2019-07-23\/so-gelingt-coworking-auf-dem-land\/","og_site_name":"Organisator","article_publisher":"https:\/\/www.facebook.com\/OrganisatorFachmagazin","article_published_time":"2019-07-23T12:46:07+00:00","og_image":[{"width":1024,"height":677,"url":"https:\/\/www.organisator.ch\/wp-content\/uploads\/2019\/07\/christian_amstad_brownbageffinger.width-2500-1024x677.png","type":"image\/png"}],"author":"michael.merz","twitter_card":"summary_large_image","schema":{"@context":"https:\/\/schema.org","@graph":[{"@type":"Article","@id":"https:\/\/www.organisator.ch\/human-resources\/hrm\/2019-07-23\/so-gelingt-coworking-auf-dem-land\/#article","isPartOf":{"@id":"https:\/\/www.organisator.ch\/human-resources\/hrm\/2019-07-23\/so-gelingt-coworking-auf-dem-land\/"},"author":{"name":"michael.merz","@id":"https:\/\/www.organisator.ch\/#\/schema\/person\/134708ca9321c57b0362cceb7948ffbd"},"headline":"So gelingt Coworking auf dem Land","datePublished":"2019-07-23T12:46:07+00:00","mainEntityOfPage":{"@id":"https:\/\/www.organisator.ch\/human-resources\/hrm\/2019-07-23\/so-gelingt-coworking-auf-dem-land\/"},"wordCount":507,"commentCount":0,"publisher":{"@id":"https:\/\/www.organisator.ch\/#organization"},"image":{"@id":"https:\/\/www.organisator.ch\/human-resources\/hrm\/2019-07-23\/so-gelingt-coworking-auf-dem-land\/#primaryimage"},"thumbnailUrl":"https:\/\/www.organisator.ch\/wp-content\/uploads\/2019\/07\/christian_amstad_brownbageffinger.width-2500.png","keywords":["Checkliste","Co-Working","Gemeinden","Schweiz"],"articleSection":["HRM"],"inLanguage":"it-IT"},{"@type":"WebPage","@id":"https:\/\/www.organisator.ch\/human-resources\/hrm\/2019-07-23\/so-gelingt-coworking-auf-dem-land\/","url":"https:\/\/www.organisator.ch\/human-resources\/hrm\/2019-07-23\/so-gelingt-coworking-auf-dem-land\/","name":"Come il coworking ha successo in campagna - Organizzatore","isPartOf":{"@id":"https:\/\/www.organisator.ch\/#website"},"primaryImageOfPage":{"@id":"https:\/\/www.organisator.ch\/human-resources\/hrm\/2019-07-23\/so-gelingt-coworking-auf-dem-land\/#primaryimage"},"image":{"@id":"https:\/\/www.organisator.ch\/human-resources\/hrm\/2019-07-23\/so-gelingt-coworking-auf-dem-land\/#primaryimage"},"thumbnailUrl":"https:\/\/www.organisator.ch\/wp-content\/uploads\/2019\/07\/christian_amstad_brownbageffinger.width-2500.png","datePublished":"2019-07-23T12:46:07+00:00","description":"Quali sono i fattori di successo degli spazi di coworking fuori dalle grandi citt\u00e0? Cosa distingue uno spazio di coworking di successo?","breadcrumb":{"@id":"https:\/\/www.organisator.ch\/human-resources\/hrm\/2019-07-23\/so-gelingt-coworking-auf-dem-land\/#breadcrumb"},"inLanguage":"it-IT","potentialAction":[{"@type":"ReadAction","target":["https:\/\/www.organisator.ch\/human-resources\/hrm\/2019-07-23\/so-gelingt-coworking-auf-dem-land\/"]}]},{"@type":"ImageObject","inLanguage":"it-IT","@id":"https:\/\/www.organisator.ch\/human-resources\/hrm\/2019-07-23\/so-gelingt-coworking-auf-dem-land\/#primaryimage","url":"https:\/\/www.organisator.ch\/wp-content\/uploads\/2019\/07\/christian_amstad_brownbageffinger.width-2500.png","contentUrl":"https:\/\/www.organisator.ch\/wp-content\/uploads\/2019\/07\/christian_amstad_brownbageffinger.width-2500.png","width":2306,"height":1524,"caption":"Chrisitan Amstad erkl\u00e4rt die wichtigsten Eckpfeiler f\u00fcr ein gelungenes Co-Working in Gemeinden. (Bild: zVg)"},{"@type":"BreadcrumbList","@id":"https:\/\/www.organisator.ch\/human-resources\/hrm\/2019-07-23\/so-gelingt-coworking-auf-dem-land\/#breadcrumb","itemListElement":[{"@type":"ListItem","position":1,"name":"Home","item":"https:\/\/www.organisator.ch\/"},{"@type":"ListItem","position":2,"name":"So gelingt Coworking auf dem Land"}]},{"@type":"WebSite","@id":"https:\/\/www.organisator.ch\/#website","url":"https:\/\/www.organisator.ch\/","name":"Organizzatore","description":"Competente. Pratico. In 10 numeri all'anno, ORGANISATOR presenta i temi essenziali per i manager delle PMI.","publisher":{"@id":"https:\/\/www.organisator.ch\/#organization"},"potentialAction":[{"@type":"SearchAction","target":{"@type":"EntryPoint","urlTemplate":"https:\/\/www.organisator.ch\/?s={search_term_string}"},"query-input":{"@type":"PropertyValueSpecification","valueRequired":true,"valueName":"search_term_string"}}],"inLanguage":"it-IT"},{"@type":"Organization","@id":"https:\/\/www.organisator.ch\/#organization","name":"Organizzatore","url":"https:\/\/www.organisator.ch\/","logo":{"@type":"ImageObject","inLanguage":"it-IT","@id":"https:\/\/www.organisator.ch\/#\/schema\/logo\/image\/","url":"https:\/\/www.organisator.ch\/wp-content\/uploads\/2022\/01\/Logo_Organisator_Website.png","contentUrl":"https:\/\/www.organisator.ch\/wp-content\/uploads\/2022\/01\/Logo_Organisator_Website.png","width":800,"height":77,"caption":"Organisator"},"image":{"@id":"https:\/\/www.organisator.ch\/#\/schema\/logo\/image\/"},"sameAs":["https:\/\/www.facebook.com\/OrganisatorFachmagazin","https:\/\/www.linkedin.com\/showcase\/organisator-das-magazin-fr-kmu","https:\/\/www.xing.com\/news\/pages\/organisator-ch-695","https:\/\/www.youtube.com\/channel\/UCGP2Sq0iWaZwT3BdIAQFYpw"]},{"@type":"Person","@id":"https:\/\/www.organisator.ch\/#\/schema\/person\/134708ca9321c57b0362cceb7948ffbd","name":"michael.merz","image":{"@type":"ImageObject","inLanguage":"it-IT","@id":"https:\/\/secure.gravatar.com\/avatar\/?s=96&d=mm&r=g","url":"https:\/\/secure.gravatar.com\/avatar\/?s=96&d=mm&r=g","contentUrl":"https:\/\/secure.gravatar.com\/avatar\/?s=96&d=mm&r=g","caption":"michael.merz"},"url":"https:\/\/www.organisator.ch\/it\/author\/michael-merz\/"}]}},"_links":{"self":[{"href":"https:\/\/www.organisator.ch\/it\/wp-json\/wp\/v2\/posts\/5580","targetHints":{"allow":["GET"]}}],"collection":[{"href":"https:\/\/www.organisator.ch\/it\/wp-json\/wp\/v2\/posts"}],"about":[{"href":"https:\/\/www.organisator.ch\/it\/wp-json\/wp\/v2\/types\/post"}],"author":[{"embeddable":true,"href":"https:\/\/www.organisator.ch\/it\/wp-json\/wp\/v2\/users\/5"}],"replies":[{"embeddable":true,"href":"https:\/\/www.organisator.ch\/it\/wp-json\/wp\/v2\/comments?post=5580"}],"version-history":[{"count":0,"href":"https:\/\/www.organisator.ch\/it\/wp-json\/wp\/v2\/posts\/5580\/revisions"}],"wp:featuredmedia":[{"embeddable":true,"href":"https:\/\/www.organisator.ch\/it\/wp-json\/wp\/v2\/media\/5582"}],"wp:attachment":[{"href":"https:\/\/www.organisator.ch\/it\/wp-json\/wp\/v2\/media?parent=5580"}],"wp:term":[{"taxonomy":"category","embeddable":true,"href":"https:\/\/www.organisator.ch\/it\/wp-json\/wp\/v2\/categories?post=5580"},{"taxonomy":"post_tag","embeddable":true,"href":"https:\/\/www.organisator.ch\/it\/wp-json\/wp\/v2\/tags?post=5580"}],"curies":[{"name":"wp","href":"https:\/\/api.w.org\/{rel}","templated":true}]}}