{"id":5586,"date":"2019-07-24T10:46:30","date_gmt":"2019-07-24T08:46:30","guid":{"rendered":"https:\/\/www.organisator.ch\/?p=5586"},"modified":"2019-07-24T10:46:30","modified_gmt":"2019-07-24T08:46:30","slug":"berufliche-vorsorge-anlagestiftungen-erhalten-mehr-flexibilitaet","status":"publish","type":"post","link":"https:\/\/www.organisator.ch\/it\/management\/finanzen_recht\/2019-07-24\/berufliche-vorsorge-anlagestiftungen-erhalten-mehr-flexibilitaet\/","title":{"rendered":"Previdenza professionale: le fondazioni d'investimento ricevono pi\u00f9 flessibilit\u00e0"},"content":{"rendered":"<figure id=\"attachment_5587\" aria-describedby=\"caption-attachment-5587\" style=\"width: 640px\" class=\"wp-caption alignnone\"><img loading=\"lazy\" decoding=\"async\" class=\"size-full wp-image-5587\" src=\"https:\/\/www.organisator.ch\/wp-content\/uploads\/2019\/07\/Anlagestiftung.jpg\" alt=\"\" width=\"640\" height=\"427\" srcset=\"https:\/\/www.organisator.ch\/wp-content\/uploads\/2019\/07\/Anlagestiftung.jpg 640w, https:\/\/www.organisator.ch\/wp-content\/uploads\/2019\/07\/Anlagestiftung-16x12.jpg 16w, https:\/\/www.organisator.ch\/wp-content\/uploads\/2019\/07\/Anlagestiftung-262x175.jpg 262w, https:\/\/www.organisator.ch\/wp-content\/uploads\/2019\/07\/Anlagestiftung-525x350.jpg 525w, https:\/\/www.organisator.ch\/wp-content\/uploads\/2019\/07\/Anlagestiftung-300x200.jpg 300w\" sizes=\"auto, (max-width: 640px) 100vw, 640px\" \/><figcaption id=\"caption-attachment-5587\" class=\"wp-caption-text\">La Confederazione commenta l'attuale basso tasso di interesse per le fondazioni di investimento svizzere. (Immagine simbolo: Wikipedia)<\/figcaption><\/figure>\n<p>Le fondazioni di investimento sono istituzioni ausiliarie della previdenza professionale. Sono veicoli di investimento collettivo per fondi pensione, fondazioni del pilastro 3a e istituzioni di libero passaggio. Sono soggette alle disposizioni dell'Ordinanza sulle fondazioni di investimento (ASV).<\/p>\n<p>La modifica dell'ordinanza rafforza l'assemblea degli investitori come organo supremo della fondazione d'investimento. In particolare, \u00e8 ora l'unico responsabile dell'elezione del Consiglio di amministrazione. Inoltre, il Consiglio federale sta ampliando le opzioni di investimento e la flessibilit\u00e0 delle fondazioni di investimento. Ad esempio, l'ordinanza modificata consente alle fondazioni d'investimento di investire in azioni in misura maggiore rispetto al passato in determinati veicoli, il che \u00e8 necessario a causa della situazione di bassi tassi d'interesse. Questo compensa lo svantaggio competitivo rispetto ai fondi di investimento.<\/p>\n<p>La modifica dell'ordinanza sulle fondazioni di investimento entrer\u00e0 in vigore il 1\u00b0 agosto 2019.<\/p>\n<p>Fonte: <a href=\"http:\/\/www.admin.ch\">http:\/\/www.admin.ch<\/a><\/p>\n<p>&nbsp;<\/p>\n<p>&nbsp;<\/p>","protected":false},"excerpt":{"rendered":"<p>Anlagestiftungen sind Hilfseinrichtungen der beruflichen Vorsorge. Sie sind kollektive Anlagegef\u00e4sse f\u00fcr Vorsorgeeinrichtungen, S\u00e4ule\u00a03a-Stiftungen und Freiz\u00fcgigkeitseinrichtungen. Sie unterstehen den Bestimmungen der Verordnung \u00fcber die Anlagestiftungen (ASV). Die Verordnungs\u00e4nderung st\u00e4rkt die Anlegerversammlung als oberstes Organ der Anlagestiftung. Insbesondere ist diese neu allein f\u00fcr die Wahl des Stiftungsrates zust\u00e4ndig. Zudem erweitert der Bundesrat die Anlagem\u00f6glichkeiten und die Flexibilit\u00e4t [&hellip;]<\/p>\n","protected":false},"author":5,"featured_media":5587,"comment_status":"open","ping_status":"open","sticky":false,"template":"","format":"standard","meta":{"_acf_changed":false,"_yoast_wpseo_focuskw":"Anlagestiftungen","_yoast_wpseo_metadesc":"Die Anlagem\u00f6glichkeiten von Anlagestiftungen werden erweitert und die Rolle der Anlegerversammlung als oberstes Organ der Stiftungen wird gest\u00e4rkt.","articlekey":"","footnotes":""},"categories":[24],"tags":[74,377,424],"class_list":["post-5586","post","type-post","status-publish","format-standard","has-post-thumbnail","hentry","category-finanzen_recht","tag-berufsvorsorge","tag-pensionskassen","tag-schweiz"],"acf":[],"yoast_head":"<!-- This site is optimized with the Yoast SEO plugin v27.5 - https:\/\/yoast.com\/product\/yoast-seo-wordpress\/ -->\n<title>Berufliche Vorsorge: Anlagestiftungen erhalten mehr Flexibilit\u00e4t - Organisator<\/title>\n<meta name=\"description\" content=\"Die Anlagem\u00f6glichkeiten von Anlagestiftungen werden erweitert und die Rolle der Anlegerversammlung als oberstes Organ der Stiftungen wird gest\u00e4rkt.\" \/>\n<meta name=\"robots\" content=\"index, follow, max-snippet:-1, max-image-preview:large, max-video-preview:-1\" \/>\n<link rel=\"canonical\" href=\"https:\/\/www.organisator.ch\/it\/gestione-2\/finanzen_recht\/2019-07-24\/berufliche-vorsorge-anlagestiftungen-erhalten-mehr-flexibilitaet\/\" \/>\n<meta property=\"og:locale\" content=\"it_IT\" \/>\n<meta property=\"og:type\" content=\"article\" \/>\n<meta property=\"og:title\" content=\"Berufliche Vorsorge: Anlagestiftungen erhalten mehr Flexibilit\u00e4t - Organisator\" \/>\n<meta property=\"og:description\" content=\"Die Anlagem\u00f6glichkeiten von Anlagestiftungen werden erweitert und die Rolle der Anlegerversammlung als oberstes Organ der Stiftungen wird gest\u00e4rkt.\" \/>\n<meta property=\"og:url\" content=\"https:\/\/www.organisator.ch\/it\/gestione-2\/finanzen_recht\/2019-07-24\/berufliche-vorsorge-anlagestiftungen-erhalten-mehr-flexibilitaet\/\" \/>\n<meta property=\"og:site_name\" content=\"Organisator\" \/>\n<meta property=\"article:publisher\" content=\"https:\/\/www.facebook.com\/OrganisatorFachmagazin\" \/>\n<meta property=\"article:published_time\" content=\"2019-07-24T08:46:30+00:00\" \/>\n<meta property=\"og:image\" content=\"https:\/\/www.organisator.ch\/wp-content\/uploads\/2019\/07\/Anlagestiftung.jpg\" \/>\n\t<meta property=\"og:image:width\" content=\"640\" \/>\n\t<meta property=\"og:image:height\" content=\"427\" \/>\n\t<meta property=\"og:image:type\" content=\"image\/jpeg\" \/>\n<meta name=\"author\" content=\"michael.merz\" \/>\n<meta name=\"twitter:card\" content=\"summary_large_image\" \/>\n<script type=\"application\/ld+json\" class=\"yoast-schema-graph\">{\"@context\":\"https:\\\/\\\/schema.org\",\"@graph\":[{\"@type\":\"Article\",\"@id\":\"https:\\\/\\\/www.organisator.ch\\\/management\\\/finanzen_recht\\\/2019-07-24\\\/berufliche-vorsorge-anlagestiftungen-erhalten-mehr-flexibilitaet\\\/#article\",\"isPartOf\":{\"@id\":\"https:\\\/\\\/www.organisator.ch\\\/management\\\/finanzen_recht\\\/2019-07-24\\\/berufliche-vorsorge-anlagestiftungen-erhalten-mehr-flexibilitaet\\\/\"},\"author\":{\"name\":\"michael.merz\",\"@id\":\"https:\\\/\\\/www.organisator.ch\\\/#\\\/schema\\\/person\\\/134708ca9321c57b0362cceb7948ffbd\"},\"headline\":\"Berufliche Vorsorge: Anlagestiftungen erhalten mehr Flexibilit\u00e4t\",\"datePublished\":\"2019-07-24T08:46:30+00:00\",\"mainEntityOfPage\":{\"@id\":\"https:\\\/\\\/www.organisator.ch\\\/management\\\/finanzen_recht\\\/2019-07-24\\\/berufliche-vorsorge-anlagestiftungen-erhalten-mehr-flexibilitaet\\\/\"},\"wordCount\":154,\"commentCount\":0,\"publisher\":{\"@id\":\"https:\\\/\\\/www.organisator.ch\\\/#organization\"},\"image\":{\"@id\":\"https:\\\/\\\/www.organisator.ch\\\/management\\\/finanzen_recht\\\/2019-07-24\\\/berufliche-vorsorge-anlagestiftungen-erhalten-mehr-flexibilitaet\\\/#primaryimage\"},\"thumbnailUrl\":\"https:\\\/\\\/www.organisator.ch\\\/wp-content\\\/uploads\\\/2019\\\/07\\\/Anlagestiftung.jpg\",\"keywords\":[\"Berufsvorsorge\",\"Pensionskassen\",\"Schweiz\"],\"articleSection\":[\"FINANZEN\\\/RECHT\"],\"inLanguage\":\"it-IT\"},{\"@type\":\"WebPage\",\"@id\":\"https:\\\/\\\/www.organisator.ch\\\/management\\\/finanzen_recht\\\/2019-07-24\\\/berufliche-vorsorge-anlagestiftungen-erhalten-mehr-flexibilitaet\\\/\",\"url\":\"https:\\\/\\\/www.organisator.ch\\\/management\\\/finanzen_recht\\\/2019-07-24\\\/berufliche-vorsorge-anlagestiftungen-erhalten-mehr-flexibilitaet\\\/\",\"name\":\"Berufliche Vorsorge: Anlagestiftungen erhalten mehr Flexibilit\u00e4t - Organisator\",\"isPartOf\":{\"@id\":\"https:\\\/\\\/www.organisator.ch\\\/#website\"},\"primaryImageOfPage\":{\"@id\":\"https:\\\/\\\/www.organisator.ch\\\/management\\\/finanzen_recht\\\/2019-07-24\\\/berufliche-vorsorge-anlagestiftungen-erhalten-mehr-flexibilitaet\\\/#primaryimage\"},\"image\":{\"@id\":\"https:\\\/\\\/www.organisator.ch\\\/management\\\/finanzen_recht\\\/2019-07-24\\\/berufliche-vorsorge-anlagestiftungen-erhalten-mehr-flexibilitaet\\\/#primaryimage\"},\"thumbnailUrl\":\"https:\\\/\\\/www.organisator.ch\\\/wp-content\\\/uploads\\\/2019\\\/07\\\/Anlagestiftung.jpg\",\"datePublished\":\"2019-07-24T08:46:30+00:00\",\"description\":\"Die Anlagem\u00f6glichkeiten von Anlagestiftungen werden erweitert und die Rolle der Anlegerversammlung als oberstes Organ der Stiftungen wird gest\u00e4rkt.\",\"breadcrumb\":{\"@id\":\"https:\\\/\\\/www.organisator.ch\\\/management\\\/finanzen_recht\\\/2019-07-24\\\/berufliche-vorsorge-anlagestiftungen-erhalten-mehr-flexibilitaet\\\/#breadcrumb\"},\"inLanguage\":\"it-IT\",\"potentialAction\":[{\"@type\":\"ReadAction\",\"target\":[\"https:\\\/\\\/www.organisator.ch\\\/management\\\/finanzen_recht\\\/2019-07-24\\\/berufliche-vorsorge-anlagestiftungen-erhalten-mehr-flexibilitaet\\\/\"]}]},{\"@type\":\"ImageObject\",\"inLanguage\":\"it-IT\",\"@id\":\"https:\\\/\\\/www.organisator.ch\\\/management\\\/finanzen_recht\\\/2019-07-24\\\/berufliche-vorsorge-anlagestiftungen-erhalten-mehr-flexibilitaet\\\/#primaryimage\",\"url\":\"https:\\\/\\\/www.organisator.ch\\\/wp-content\\\/uploads\\\/2019\\\/07\\\/Anlagestiftung.jpg\",\"contentUrl\":\"https:\\\/\\\/www.organisator.ch\\\/wp-content\\\/uploads\\\/2019\\\/07\\\/Anlagestiftung.jpg\",\"width\":640,\"height\":427,\"caption\":\"Der Bund nimmt Stellung zum bestehenden Tiefzins f\u00fcr Schweizer Anlagestiftungen. (Symbolbild: Wikipedia)\"},{\"@type\":\"BreadcrumbList\",\"@id\":\"https:\\\/\\\/www.organisator.ch\\\/management\\\/finanzen_recht\\\/2019-07-24\\\/berufliche-vorsorge-anlagestiftungen-erhalten-mehr-flexibilitaet\\\/#breadcrumb\",\"itemListElement\":[{\"@type\":\"ListItem\",\"position\":1,\"name\":\"Home\",\"item\":\"https:\\\/\\\/www.organisator.ch\\\/\"},{\"@type\":\"ListItem\",\"position\":2,\"name\":\"Berufliche Vorsorge: Anlagestiftungen erhalten mehr Flexibilit\u00e4t\"}]},{\"@type\":\"WebSite\",\"@id\":\"https:\\\/\\\/www.organisator.ch\\\/#website\",\"url\":\"https:\\\/\\\/www.organisator.ch\\\/\",\"name\":\"Organisator\",\"description\":\"Kompetent. Praxisnah. Der ORGANISATOR bereitet in 10 Ausgaben pro Jahr die wesentlichen Themen f\u00fcr F\u00fchrungskr\u00e4fte von KMU auf.\",\"publisher\":{\"@id\":\"https:\\\/\\\/www.organisator.ch\\\/#organization\"},\"potentialAction\":[{\"@type\":\"SearchAction\",\"target\":{\"@type\":\"EntryPoint\",\"urlTemplate\":\"https:\\\/\\\/www.organisator.ch\\\/?s={search_term_string}\"},\"query-input\":{\"@type\":\"PropertyValueSpecification\",\"valueRequired\":true,\"valueName\":\"search_term_string\"}}],\"inLanguage\":\"it-IT\"},{\"@type\":\"Organization\",\"@id\":\"https:\\\/\\\/www.organisator.ch\\\/#organization\",\"name\":\"Organisator\",\"url\":\"https:\\\/\\\/www.organisator.ch\\\/\",\"logo\":{\"@type\":\"ImageObject\",\"inLanguage\":\"it-IT\",\"@id\":\"https:\\\/\\\/www.organisator.ch\\\/#\\\/schema\\\/logo\\\/image\\\/\",\"url\":\"https:\\\/\\\/www.organisator.ch\\\/wp-content\\\/uploads\\\/2022\\\/01\\\/Logo_Organisator_Website.png\",\"contentUrl\":\"https:\\\/\\\/www.organisator.ch\\\/wp-content\\\/uploads\\\/2022\\\/01\\\/Logo_Organisator_Website.png\",\"width\":800,\"height\":77,\"caption\":\"Organisator\"},\"image\":{\"@id\":\"https:\\\/\\\/www.organisator.ch\\\/#\\\/schema\\\/logo\\\/image\\\/\"},\"sameAs\":[\"https:\\\/\\\/www.facebook.com\\\/OrganisatorFachmagazin\",\"https:\\\/\\\/www.linkedin.com\\\/showcase\\\/organisator-das-magazin-fr-kmu\",\"https:\\\/\\\/www.xing.com\\\/news\\\/pages\\\/organisator-ch-695\",\"https:\\\/\\\/www.youtube.com\\\/channel\\\/UCGP2Sq0iWaZwT3BdIAQFYpw\"]},{\"@type\":\"Person\",\"@id\":\"https:\\\/\\\/www.organisator.ch\\\/#\\\/schema\\\/person\\\/134708ca9321c57b0362cceb7948ffbd\",\"name\":\"michael.merz\",\"image\":{\"@type\":\"ImageObject\",\"inLanguage\":\"it-IT\",\"@id\":\"https:\\\/\\\/secure.gravatar.com\\\/avatar\\\/?s=96&d=mm&r=g\",\"url\":\"https:\\\/\\\/secure.gravatar.com\\\/avatar\\\/?s=96&d=mm&r=g\",\"contentUrl\":\"https:\\\/\\\/secure.gravatar.com\\\/avatar\\\/?s=96&d=mm&r=g\",\"caption\":\"michael.merz\"},\"url\":\"https:\\\/\\\/www.organisator.ch\\\/it\\\/author\\\/michael-merz\\\/\"}]}<\/script>\n<!-- \/ Yoast SEO plugin. -->","yoast_head_json":{"title":"Previdenza professionale: le fondazioni di investimento ottengono maggiore flessibilit\u00e0 - Organizzatore","description":"Vengono ampliate le opzioni di investimento delle fondazioni di investimento e viene rafforzato il ruolo dell'assemblea degli investitori come organo supremo delle fondazioni.","robots":{"index":"index","follow":"follow","max-snippet":"max-snippet:-1","max-image-preview":"max-image-preview:large","max-video-preview":"max-video-preview:-1"},"canonical":"https:\/\/www.organisator.ch\/it\/gestione-2\/finanzen_recht\/2019-07-24\/berufliche-vorsorge-anlagestiftungen-erhalten-mehr-flexibilitaet\/","og_locale":"it_IT","og_type":"article","og_title":"Berufliche Vorsorge: Anlagestiftungen erhalten mehr Flexibilit\u00e4t - Organisator","og_description":"Die Anlagem\u00f6glichkeiten von Anlagestiftungen werden erweitert und die Rolle der Anlegerversammlung als oberstes Organ der Stiftungen wird gest\u00e4rkt.","og_url":"https:\/\/www.organisator.ch\/it\/gestione-2\/finanzen_recht\/2019-07-24\/berufliche-vorsorge-anlagestiftungen-erhalten-mehr-flexibilitaet\/","og_site_name":"Organisator","article_publisher":"https:\/\/www.facebook.com\/OrganisatorFachmagazin","article_published_time":"2019-07-24T08:46:30+00:00","og_image":[{"width":640,"height":427,"url":"https:\/\/www.organisator.ch\/wp-content\/uploads\/2019\/07\/Anlagestiftung.jpg","type":"image\/jpeg"}],"author":"michael.merz","twitter_card":"summary_large_image","schema":{"@context":"https:\/\/schema.org","@graph":[{"@type":"Article","@id":"https:\/\/www.organisator.ch\/management\/finanzen_recht\/2019-07-24\/berufliche-vorsorge-anlagestiftungen-erhalten-mehr-flexibilitaet\/#article","isPartOf":{"@id":"https:\/\/www.organisator.ch\/management\/finanzen_recht\/2019-07-24\/berufliche-vorsorge-anlagestiftungen-erhalten-mehr-flexibilitaet\/"},"author":{"name":"michael.merz","@id":"https:\/\/www.organisator.ch\/#\/schema\/person\/134708ca9321c57b0362cceb7948ffbd"},"headline":"Berufliche Vorsorge: Anlagestiftungen erhalten mehr Flexibilit\u00e4t","datePublished":"2019-07-24T08:46:30+00:00","mainEntityOfPage":{"@id":"https:\/\/www.organisator.ch\/management\/finanzen_recht\/2019-07-24\/berufliche-vorsorge-anlagestiftungen-erhalten-mehr-flexibilitaet\/"},"wordCount":154,"commentCount":0,"publisher":{"@id":"https:\/\/www.organisator.ch\/#organization"},"image":{"@id":"https:\/\/www.organisator.ch\/management\/finanzen_recht\/2019-07-24\/berufliche-vorsorge-anlagestiftungen-erhalten-mehr-flexibilitaet\/#primaryimage"},"thumbnailUrl":"https:\/\/www.organisator.ch\/wp-content\/uploads\/2019\/07\/Anlagestiftung.jpg","keywords":["Berufsvorsorge","Pensionskassen","Schweiz"],"articleSection":["FINANZEN\/RECHT"],"inLanguage":"it-IT"},{"@type":"WebPage","@id":"https:\/\/www.organisator.ch\/management\/finanzen_recht\/2019-07-24\/berufliche-vorsorge-anlagestiftungen-erhalten-mehr-flexibilitaet\/","url":"https:\/\/www.organisator.ch\/management\/finanzen_recht\/2019-07-24\/berufliche-vorsorge-anlagestiftungen-erhalten-mehr-flexibilitaet\/","name":"Previdenza professionale: le fondazioni di investimento ottengono maggiore flessibilit\u00e0 - Organizzatore","isPartOf":{"@id":"https:\/\/www.organisator.ch\/#website"},"primaryImageOfPage":{"@id":"https:\/\/www.organisator.ch\/management\/finanzen_recht\/2019-07-24\/berufliche-vorsorge-anlagestiftungen-erhalten-mehr-flexibilitaet\/#primaryimage"},"image":{"@id":"https:\/\/www.organisator.ch\/management\/finanzen_recht\/2019-07-24\/berufliche-vorsorge-anlagestiftungen-erhalten-mehr-flexibilitaet\/#primaryimage"},"thumbnailUrl":"https:\/\/www.organisator.ch\/wp-content\/uploads\/2019\/07\/Anlagestiftung.jpg","datePublished":"2019-07-24T08:46:30+00:00","description":"Vengono ampliate le opzioni di investimento delle fondazioni di investimento e viene rafforzato il ruolo dell'assemblea degli investitori come organo supremo delle fondazioni.","breadcrumb":{"@id":"https:\/\/www.organisator.ch\/management\/finanzen_recht\/2019-07-24\/berufliche-vorsorge-anlagestiftungen-erhalten-mehr-flexibilitaet\/#breadcrumb"},"inLanguage":"it-IT","potentialAction":[{"@type":"ReadAction","target":["https:\/\/www.organisator.ch\/management\/finanzen_recht\/2019-07-24\/berufliche-vorsorge-anlagestiftungen-erhalten-mehr-flexibilitaet\/"]}]},{"@type":"ImageObject","inLanguage":"it-IT","@id":"https:\/\/www.organisator.ch\/management\/finanzen_recht\/2019-07-24\/berufliche-vorsorge-anlagestiftungen-erhalten-mehr-flexibilitaet\/#primaryimage","url":"https:\/\/www.organisator.ch\/wp-content\/uploads\/2019\/07\/Anlagestiftung.jpg","contentUrl":"https:\/\/www.organisator.ch\/wp-content\/uploads\/2019\/07\/Anlagestiftung.jpg","width":640,"height":427,"caption":"Der Bund nimmt Stellung zum bestehenden Tiefzins f\u00fcr Schweizer Anlagestiftungen. (Symbolbild: Wikipedia)"},{"@type":"BreadcrumbList","@id":"https:\/\/www.organisator.ch\/management\/finanzen_recht\/2019-07-24\/berufliche-vorsorge-anlagestiftungen-erhalten-mehr-flexibilitaet\/#breadcrumb","itemListElement":[{"@type":"ListItem","position":1,"name":"Home","item":"https:\/\/www.organisator.ch\/"},{"@type":"ListItem","position":2,"name":"Berufliche Vorsorge: Anlagestiftungen erhalten mehr Flexibilit\u00e4t"}]},{"@type":"WebSite","@id":"https:\/\/www.organisator.ch\/#website","url":"https:\/\/www.organisator.ch\/","name":"Organizzatore","description":"Competente. Pratico. In 10 numeri all'anno, ORGANISATOR presenta i temi essenziali per i manager delle PMI.","publisher":{"@id":"https:\/\/www.organisator.ch\/#organization"},"potentialAction":[{"@type":"SearchAction","target":{"@type":"EntryPoint","urlTemplate":"https:\/\/www.organisator.ch\/?s={search_term_string}"},"query-input":{"@type":"PropertyValueSpecification","valueRequired":true,"valueName":"search_term_string"}}],"inLanguage":"it-IT"},{"@type":"Organization","@id":"https:\/\/www.organisator.ch\/#organization","name":"Organizzatore","url":"https:\/\/www.organisator.ch\/","logo":{"@type":"ImageObject","inLanguage":"it-IT","@id":"https:\/\/www.organisator.ch\/#\/schema\/logo\/image\/","url":"https:\/\/www.organisator.ch\/wp-content\/uploads\/2022\/01\/Logo_Organisator_Website.png","contentUrl":"https:\/\/www.organisator.ch\/wp-content\/uploads\/2022\/01\/Logo_Organisator_Website.png","width":800,"height":77,"caption":"Organisator"},"image":{"@id":"https:\/\/www.organisator.ch\/#\/schema\/logo\/image\/"},"sameAs":["https:\/\/www.facebook.com\/OrganisatorFachmagazin","https:\/\/www.linkedin.com\/showcase\/organisator-das-magazin-fr-kmu","https:\/\/www.xing.com\/news\/pages\/organisator-ch-695","https:\/\/www.youtube.com\/channel\/UCGP2Sq0iWaZwT3BdIAQFYpw"]},{"@type":"Person","@id":"https:\/\/www.organisator.ch\/#\/schema\/person\/134708ca9321c57b0362cceb7948ffbd","name":"michael.merz","image":{"@type":"ImageObject","inLanguage":"it-IT","@id":"https:\/\/secure.gravatar.com\/avatar\/?s=96&d=mm&r=g","url":"https:\/\/secure.gravatar.com\/avatar\/?s=96&d=mm&r=g","contentUrl":"https:\/\/secure.gravatar.com\/avatar\/?s=96&d=mm&r=g","caption":"michael.merz"},"url":"https:\/\/www.organisator.ch\/it\/author\/michael-merz\/"}]}},"_links":{"self":[{"href":"https:\/\/www.organisator.ch\/it\/wp-json\/wp\/v2\/posts\/5586","targetHints":{"allow":["GET"]}}],"collection":[{"href":"https:\/\/www.organisator.ch\/it\/wp-json\/wp\/v2\/posts"}],"about":[{"href":"https:\/\/www.organisator.ch\/it\/wp-json\/wp\/v2\/types\/post"}],"author":[{"embeddable":true,"href":"https:\/\/www.organisator.ch\/it\/wp-json\/wp\/v2\/users\/5"}],"replies":[{"embeddable":true,"href":"https:\/\/www.organisator.ch\/it\/wp-json\/wp\/v2\/comments?post=5586"}],"version-history":[{"count":0,"href":"https:\/\/www.organisator.ch\/it\/wp-json\/wp\/v2\/posts\/5586\/revisions"}],"wp:featuredmedia":[{"embeddable":true,"href":"https:\/\/www.organisator.ch\/it\/wp-json\/wp\/v2\/media\/5587"}],"wp:attachment":[{"href":"https:\/\/www.organisator.ch\/it\/wp-json\/wp\/v2\/media?parent=5586"}],"wp:term":[{"taxonomy":"category","embeddable":true,"href":"https:\/\/www.organisator.ch\/it\/wp-json\/wp\/v2\/categories?post=5586"},{"taxonomy":"post_tag","embeddable":true,"href":"https:\/\/www.organisator.ch\/it\/wp-json\/wp\/v2\/tags?post=5586"}],"curies":[{"name":"wp","href":"https:\/\/api.w.org\/{rel}","templated":true}]}}