{"id":5607,"date":"2019-07-30T08:56:56","date_gmt":"2019-07-30T06:56:56","guid":{"rendered":"https:\/\/www.organisator.ch\/?p=5607"},"modified":"2019-07-30T08:56:56","modified_gmt":"2019-07-30T06:56:56","slug":"erfolgs-impuls-warum-sie-zum-mond-fliegen-sollten","status":"publish","type":"post","link":"https:\/\/www.organisator.ch\/it\/management\/2019-07-30\/erfolgs-impuls-warum-sie-zum-mond-fliegen-sollten\/","title":{"rendered":"Impulso al successo: perch\u00e9 dovresti volare sulla luna"},"content":{"rendered":"<figure id=\"attachment_5610\" aria-describedby=\"caption-attachment-5610\" style=\"width: 680px\" class=\"wp-caption alignnone\"><img loading=\"lazy\" decoding=\"async\" class=\"size-medium wp-image-5610\" src=\"https:\/\/www.organisator.ch\/wp-content\/uploads\/2019\/07\/Erfolgs-Impuls-Warum-Sie-zum-Mond-fliegen-sollten_Organisator.jpg\" alt=\"\" width=\"680\" height=\"469\" srcset=\"https:\/\/www.organisator.ch\/wp-content\/uploads\/2019\/07\/Erfolgs-Impuls-Warum-Sie-zum-Mond-fliegen-sollten_Organisator.jpg 680w, https:\/\/www.organisator.ch\/wp-content\/uploads\/2019\/07\/Erfolgs-Impuls-Warum-Sie-zum-Mond-fliegen-sollten_Organisator-16x12.jpg 16w, https:\/\/www.organisator.ch\/wp-content\/uploads\/2019\/07\/Erfolgs-Impuls-Warum-Sie-zum-Mond-fliegen-sollten_Organisator-254x175.jpg 254w, https:\/\/www.organisator.ch\/wp-content\/uploads\/2019\/07\/Erfolgs-Impuls-Warum-Sie-zum-Mond-fliegen-sollten_Organisator-507x350.jpg 507w, https:\/\/www.organisator.ch\/wp-content\/uploads\/2019\/07\/Erfolgs-Impuls-Warum-Sie-zum-Mond-fliegen-sollten_Organisator-300x207.jpg 300w\" sizes=\"auto, (max-width: 680px) 100vw, 680px\" \/><figcaption id=\"caption-attachment-5610\" class=\"wp-caption-text\">Perch\u00e9 dovremmo andare sulla luna? Forse sarebbe bene perseguire ancora una volta grandi visioni... (Immagine: Gerd Altmann \/ Pixabay.com)<\/figcaption><\/figure>\n<p>50 anni fa eravamo sulla luna per la prima volta (e 47 anni fa per l'ultima volta). Molti si sono posti la domanda: \"Perch\u00e9 mai dovremmo andarci?\". E \"Non ci sono problemi pi\u00f9 urgenti da risolvere?\". Tali domande rivelano esattamente il problema: uccidono l'ambizione sul nascere e mettono l'attenzione sull'urgente, non sul grande.<\/p>\n<p>La si pu\u00f2 girare come si vuole: un progresso veramente eccezionale \u00e8 stato raggiunto solo con visioni ambiziose, spesso irragionevoli. Tutto il resto \u00e8 un miglioramento incrementale. Non si tratta affatto della luna, naturalmente, ma del fatto che la maggior parte dei leader ha dimenticato come pensare in grande e credere in obiettivi straordinari.<\/p>\n<p>Il motto \u00e8 \"Non correre troppi rischi\". \u00c8 meglio ottimizzare i processi e iniziare il prossimo sondaggio tra i dipendenti. E le giornate sono comunque meglio passate a discutere di problemi all'infinito.<\/p>\n<p>Una prova: guardate il vostro calendario. Quanto tempo avete in programma per sviluppare e perseguire obiettivi davvero grandi e straordinari? Per la maggior parte dei leader, questo \u00e8 molto meno del cinque per cento - se \u00e8 cos\u00ec.<\/p>\n<p>Mi mancano le grandi visioni, in politica e soprattutto nelle aziende. Ecco tre suggerimenti per questo, se sei disposto a muoverti un po' fuori dalla tua zona di comfort:<\/p>\n<ol start=\"1\" type=\"1\">\n<li>Nuova domanda. Non chiedere \"Perch\u00e9?\", chiedi \"Perch\u00e9 no? Questo porta a discussioni completamente diverse. Esempi: \"Penso che dovremmo raddoppiare il nostro fatturato in questo segmento in 3 anni\". \"Perch\u00e9 no? Come possiamo farlo?\". \"Divertiamoci tantissimo al lavoro ogni giorno\". \"Perch\u00e9 no? Come possiamo farlo?\".<\/li>\n<li>Coraggio. La maggior parte dei leader ha disimparato il coraggio. S\u00ec, \u00e8 vero: il coraggio si pu\u00f2 imparare e disimparare. E il coraggio non significa irragionevolezza (sebbene anche questo a volte sia appropriato per rompere il ghiaccio). Siate coraggiosi e sviluppate grandi visioni: Dove vede la sua azienda tra 3-5 anni? Cosa sembra quasi irraggiungibile (come volare sulla luna con la capacit\u00e0 dei computer dell'epoca)?<\/li>\n<li>Emozione. Mi manca l'emozione positiva in molte squadre e aziende. Tutti sono cos\u00ec \"occupati\" che lo spirito si perde. La buona notizia: le emozioni possono essere create consapevolmente. Questo spesso richiede anche un cambiamento di pensiero.<\/li>\n<\/ol>\n<p>Quindi, pensate con il vostro team di leadership al grande viaggio che volete fare. E ricordate le parole di John F. Kennedy nel 1962: \"Andremo sulla luna non perch\u00e9 \u00e8 facile, ma perch\u00e9 \u00e8 difficile\". Perch\u00e9 tira fuori il meglio di noi\". Una bella ragione, credo.<\/p>\n<p><i>All'autore:<br \/>\n<\/i><em>Volkmar V\u00f6lzke \u00e8 un massimizzatore di successi. Autore del libro. Consulente. Allenatore. Altoparlante. <a href=\"http:\/\/www.volkmarvoelzke.ch\/\">www.volkmarvoelzke.ch<\/a><\/em><\/p>","protected":false},"excerpt":{"rendered":"<p>Vor 50 Jahren waren wir das erste Mal auf dem Mond (und vor 47 Jahren das letzte Mal). Viele stellten sich die Frage \u201cWarum sollen wir \u00fcberhaupt dorthin?\u201d Und: \u201cGibt es nicht dringendere Probleme zu l\u00f6sen?\u201d Solche Fragen offenbaren genau das Problem: Sie t\u00f6ten Ambition im Keim und legen den Fokus auf das Dringende, nicht [&hellip;]<\/p>\n","protected":false},"author":4,"featured_media":5610,"comment_status":"open","ping_status":"open","sticky":false,"template":"","format":"standard","meta":{"_acf_changed":false,"_yoast_wpseo_focuskw":"Mond","_yoast_wpseo_metadesc":"Warum es sich lohnt, grosse Visionen haben, erl\u00e4utert unser Kolumnist Volkmar V\u00f6lzke in seinem neuesten Erfolgs-Impuls und liefert drei Anregungen.","articlekey":"","footnotes":""},"categories":[28],"tags":[115,177,335,508],"class_list":["post-5607","post","type-post","status-publish","format-standard","has-post-thumbnail","hentry","category-management","tag-checklisten","tag-erfolgs-impuls","tag-management-und-unternehmensfuehrung","tag-vermischtes"],"acf":[],"yoast_head":"<!-- This site is optimized with the Yoast SEO plugin v27.5 - https:\/\/yoast.com\/product\/yoast-seo-wordpress\/ -->\n<title>Erfolgs-Impuls: Warum Sie zum Mond fliegen sollten - Organisator<\/title>\n<meta name=\"description\" content=\"Warum es sich lohnt, grosse Visionen haben, erl\u00e4utert unser Kolumnist Volkmar V\u00f6lzke in seinem neuesten Erfolgs-Impuls und liefert drei Anregungen.\" \/>\n<meta name=\"robots\" content=\"index, follow, max-snippet:-1, max-image-preview:large, max-video-preview:-1\" \/>\n<link rel=\"canonical\" href=\"https:\/\/www.organisator.ch\/it\/gestione-2\/2019-07-30\/erfolgs-impuls-warum-sie-zum-mond-fliegen-sollten\/\" \/>\n<meta property=\"og:locale\" content=\"it_IT\" \/>\n<meta property=\"og:type\" content=\"article\" \/>\n<meta property=\"og:title\" content=\"Erfolgs-Impuls: Warum Sie zum Mond fliegen sollten\" \/>\n<meta property=\"og:description\" content=\"Warum es sich lohnt, grosse Visionen haben, erl\u00e4utert unser Kolumnist Volkmar V\u00f6lzke in seinem neuesten Erfolgs-Impuls und liefert drei Anregungen.\" \/>\n<meta property=\"og:url\" content=\"https:\/\/www.organisator.ch\/it\/gestione-2\/2019-07-30\/erfolgs-impuls-warum-sie-zum-mond-fliegen-sollten\/\" \/>\n<meta property=\"og:site_name\" content=\"Organisator\" \/>\n<meta property=\"article:publisher\" content=\"https:\/\/www.facebook.com\/OrganisatorFachmagazin\" \/>\n<meta property=\"article:published_time\" content=\"2019-07-30T06:56:56+00:00\" \/>\n<meta property=\"og:image\" content=\"https:\/\/www.organisator.ch\/wp-content\/uploads\/2019\/07\/Erfolgs-Impuls-Warum-Sie-zum-Mond-fliegen-sollten_Organisator.jpg\" \/>\n\t<meta property=\"og:image:width\" content=\"680\" \/>\n\t<meta property=\"og:image:height\" content=\"469\" \/>\n\t<meta property=\"og:image:type\" content=\"image\/jpeg\" \/>\n<meta name=\"author\" content=\"thomas.berner\" \/>\n<meta name=\"twitter:card\" content=\"summary_large_image\" \/>\n<meta name=\"twitter:title\" content=\"#Erfolgs-Impuls: Warum Sie zum #Mond fliegen sollten\" \/>\n<meta name=\"twitter:description\" content=\"Warum es sich lohnt, grosse Visionen haben, erl\u00e4utert unser Kolumnist Volkmar V\u00f6lzke in seinem neuesten Erfolgs-Impuls und liefert drei Anregungen.\" \/>\n<meta name=\"twitter:image\" content=\"https:\/\/www.organisator.ch\/wp-content\/uploads\/2019\/07\/Erfolgs-Impuls-Warum-Sie-zum-Mond-fliegen-sollten_Organisator.jpg\" \/>\n<script type=\"application\/ld+json\" class=\"yoast-schema-graph\">{\"@context\":\"https:\\\/\\\/schema.org\",\"@graph\":[{\"@type\":\"Article\",\"@id\":\"https:\\\/\\\/www.organisator.ch\\\/management\\\/2019-07-30\\\/erfolgs-impuls-warum-sie-zum-mond-fliegen-sollten\\\/#article\",\"isPartOf\":{\"@id\":\"https:\\\/\\\/www.organisator.ch\\\/management\\\/2019-07-30\\\/erfolgs-impuls-warum-sie-zum-mond-fliegen-sollten\\\/\"},\"author\":{\"name\":\"thomas.berner\",\"@id\":\"https:\\\/\\\/www.organisator.ch\\\/#\\\/schema\\\/person\\\/6f650f90b2842cd4c0cc334b4e36f67e\"},\"headline\":\"Erfolgs-Impuls: Warum Sie zum Mond fliegen sollten\",\"datePublished\":\"2019-07-30T06:56:56+00:00\",\"mainEntityOfPage\":{\"@id\":\"https:\\\/\\\/www.organisator.ch\\\/management\\\/2019-07-30\\\/erfolgs-impuls-warum-sie-zum-mond-fliegen-sollten\\\/\"},\"wordCount\":473,\"commentCount\":0,\"publisher\":{\"@id\":\"https:\\\/\\\/www.organisator.ch\\\/#organization\"},\"image\":{\"@id\":\"https:\\\/\\\/www.organisator.ch\\\/management\\\/2019-07-30\\\/erfolgs-impuls-warum-sie-zum-mond-fliegen-sollten\\\/#primaryimage\"},\"thumbnailUrl\":\"https:\\\/\\\/www.organisator.ch\\\/wp-content\\\/uploads\\\/2019\\\/07\\\/Erfolgs-Impuls-Warum-Sie-zum-Mond-fliegen-sollten_Organisator.jpg\",\"keywords\":[\"Checklisten\",\"Erfolgs-Impuls\",\"Management und Unternehmensf\u00fchrung\",\"Vermischtes\"],\"articleSection\":[\"MANAGEMENT\"],\"inLanguage\":\"it-IT\"},{\"@type\":\"WebPage\",\"@id\":\"https:\\\/\\\/www.organisator.ch\\\/management\\\/2019-07-30\\\/erfolgs-impuls-warum-sie-zum-mond-fliegen-sollten\\\/\",\"url\":\"https:\\\/\\\/www.organisator.ch\\\/management\\\/2019-07-30\\\/erfolgs-impuls-warum-sie-zum-mond-fliegen-sollten\\\/\",\"name\":\"Erfolgs-Impuls: Warum Sie zum Mond fliegen sollten - Organisator\",\"isPartOf\":{\"@id\":\"https:\\\/\\\/www.organisator.ch\\\/#website\"},\"primaryImageOfPage\":{\"@id\":\"https:\\\/\\\/www.organisator.ch\\\/management\\\/2019-07-30\\\/erfolgs-impuls-warum-sie-zum-mond-fliegen-sollten\\\/#primaryimage\"},\"image\":{\"@id\":\"https:\\\/\\\/www.organisator.ch\\\/management\\\/2019-07-30\\\/erfolgs-impuls-warum-sie-zum-mond-fliegen-sollten\\\/#primaryimage\"},\"thumbnailUrl\":\"https:\\\/\\\/www.organisator.ch\\\/wp-content\\\/uploads\\\/2019\\\/07\\\/Erfolgs-Impuls-Warum-Sie-zum-Mond-fliegen-sollten_Organisator.jpg\",\"datePublished\":\"2019-07-30T06:56:56+00:00\",\"description\":\"Warum es sich lohnt, grosse Visionen haben, erl\u00e4utert unser Kolumnist Volkmar V\u00f6lzke in seinem neuesten Erfolgs-Impuls und liefert drei Anregungen.\",\"breadcrumb\":{\"@id\":\"https:\\\/\\\/www.organisator.ch\\\/management\\\/2019-07-30\\\/erfolgs-impuls-warum-sie-zum-mond-fliegen-sollten\\\/#breadcrumb\"},\"inLanguage\":\"it-IT\",\"potentialAction\":[{\"@type\":\"ReadAction\",\"target\":[\"https:\\\/\\\/www.organisator.ch\\\/management\\\/2019-07-30\\\/erfolgs-impuls-warum-sie-zum-mond-fliegen-sollten\\\/\"]}]},{\"@type\":\"ImageObject\",\"inLanguage\":\"it-IT\",\"@id\":\"https:\\\/\\\/www.organisator.ch\\\/management\\\/2019-07-30\\\/erfolgs-impuls-warum-sie-zum-mond-fliegen-sollten\\\/#primaryimage\",\"url\":\"https:\\\/\\\/www.organisator.ch\\\/wp-content\\\/uploads\\\/2019\\\/07\\\/Erfolgs-Impuls-Warum-Sie-zum-Mond-fliegen-sollten_Organisator.jpg\",\"contentUrl\":\"https:\\\/\\\/www.organisator.ch\\\/wp-content\\\/uploads\\\/2019\\\/07\\\/Erfolgs-Impuls-Warum-Sie-zum-Mond-fliegen-sollten_Organisator.jpg\",\"width\":680,\"height\":469,\"caption\":\"Warum sollen wir \u00fcberhaupt zum Mond fliegen? Vielleicht w\u00e4re es gut, wieder einmal grosse Visionen zu verfolgen... (Bild: Gerd Altmann \\\/ Pixabay.com)\"},{\"@type\":\"BreadcrumbList\",\"@id\":\"https:\\\/\\\/www.organisator.ch\\\/management\\\/2019-07-30\\\/erfolgs-impuls-warum-sie-zum-mond-fliegen-sollten\\\/#breadcrumb\",\"itemListElement\":[{\"@type\":\"ListItem\",\"position\":1,\"name\":\"Home\",\"item\":\"https:\\\/\\\/www.organisator.ch\\\/\"},{\"@type\":\"ListItem\",\"position\":2,\"name\":\"Erfolgs-Impuls: Warum Sie zum Mond fliegen sollten\"}]},{\"@type\":\"WebSite\",\"@id\":\"https:\\\/\\\/www.organisator.ch\\\/#website\",\"url\":\"https:\\\/\\\/www.organisator.ch\\\/\",\"name\":\"Organisator\",\"description\":\"Kompetent. Praxisnah. Der ORGANISATOR bereitet in 10 Ausgaben pro Jahr die wesentlichen Themen f\u00fcr F\u00fchrungskr\u00e4fte von KMU auf.\",\"publisher\":{\"@id\":\"https:\\\/\\\/www.organisator.ch\\\/#organization\"},\"potentialAction\":[{\"@type\":\"SearchAction\",\"target\":{\"@type\":\"EntryPoint\",\"urlTemplate\":\"https:\\\/\\\/www.organisator.ch\\\/?s={search_term_string}\"},\"query-input\":{\"@type\":\"PropertyValueSpecification\",\"valueRequired\":true,\"valueName\":\"search_term_string\"}}],\"inLanguage\":\"it-IT\"},{\"@type\":\"Organization\",\"@id\":\"https:\\\/\\\/www.organisator.ch\\\/#organization\",\"name\":\"Organisator\",\"url\":\"https:\\\/\\\/www.organisator.ch\\\/\",\"logo\":{\"@type\":\"ImageObject\",\"inLanguage\":\"it-IT\",\"@id\":\"https:\\\/\\\/www.organisator.ch\\\/#\\\/schema\\\/logo\\\/image\\\/\",\"url\":\"https:\\\/\\\/www.organisator.ch\\\/wp-content\\\/uploads\\\/2022\\\/01\\\/Logo_Organisator_Website.png\",\"contentUrl\":\"https:\\\/\\\/www.organisator.ch\\\/wp-content\\\/uploads\\\/2022\\\/01\\\/Logo_Organisator_Website.png\",\"width\":800,\"height\":77,\"caption\":\"Organisator\"},\"image\":{\"@id\":\"https:\\\/\\\/www.organisator.ch\\\/#\\\/schema\\\/logo\\\/image\\\/\"},\"sameAs\":[\"https:\\\/\\\/www.facebook.com\\\/OrganisatorFachmagazin\",\"https:\\\/\\\/www.linkedin.com\\\/showcase\\\/organisator-das-magazin-fr-kmu\",\"https:\\\/\\\/www.xing.com\\\/news\\\/pages\\\/organisator-ch-695\",\"https:\\\/\\\/www.youtube.com\\\/channel\\\/UCGP2Sq0iWaZwT3BdIAQFYpw\"]},{\"@type\":\"Person\",\"@id\":\"https:\\\/\\\/www.organisator.ch\\\/#\\\/schema\\\/person\\\/6f650f90b2842cd4c0cc334b4e36f67e\",\"name\":\"thomas.berner\",\"image\":{\"@type\":\"ImageObject\",\"inLanguage\":\"it-IT\",\"@id\":\"https:\\\/\\\/secure.gravatar.com\\\/avatar\\\/ac5001d2a36cb6c6cd3e50789007ffca834b477b74a2144564522e944eabff61?s=96&d=mm&r=g\",\"url\":\"https:\\\/\\\/secure.gravatar.com\\\/avatar\\\/ac5001d2a36cb6c6cd3e50789007ffca834b477b74a2144564522e944eabff61?s=96&d=mm&r=g\",\"contentUrl\":\"https:\\\/\\\/secure.gravatar.com\\\/avatar\\\/ac5001d2a36cb6c6cd3e50789007ffca834b477b74a2144564522e944eabff61?s=96&d=mm&r=g\",\"caption\":\"thomas.berner\"},\"url\":\"https:\\\/\\\/www.organisator.ch\\\/it\\\/author\\\/thomas-berner\\\/\"}]}<\/script>\n<!-- \/ Yoast SEO plugin. -->","yoast_head_json":{"title":"Success Impulse: perch\u00e9 dovreste volare sulla Luna - Organizzatore","description":"Perch\u00e9 paga avere grandi visioni \u00e8 spiegato dal nostro editorialista Volkmar V\u00f6lzke nel suo ultimo Success Impulse e fornisce tre suggerimenti.","robots":{"index":"index","follow":"follow","max-snippet":"max-snippet:-1","max-image-preview":"max-image-preview:large","max-video-preview":"max-video-preview:-1"},"canonical":"https:\/\/www.organisator.ch\/it\/gestione-2\/2019-07-30\/erfolgs-impuls-warum-sie-zum-mond-fliegen-sollten\/","og_locale":"it_IT","og_type":"article","og_title":"Erfolgs-Impuls: Warum Sie zum Mond fliegen sollten","og_description":"Warum es sich lohnt, grosse Visionen haben, erl\u00e4utert unser Kolumnist Volkmar V\u00f6lzke in seinem neuesten Erfolgs-Impuls und liefert drei Anregungen.","og_url":"https:\/\/www.organisator.ch\/it\/gestione-2\/2019-07-30\/erfolgs-impuls-warum-sie-zum-mond-fliegen-sollten\/","og_site_name":"Organisator","article_publisher":"https:\/\/www.facebook.com\/OrganisatorFachmagazin","article_published_time":"2019-07-30T06:56:56+00:00","og_image":[{"width":680,"height":469,"url":"https:\/\/www.organisator.ch\/wp-content\/uploads\/2019\/07\/Erfolgs-Impuls-Warum-Sie-zum-Mond-fliegen-sollten_Organisator.jpg","type":"image\/jpeg"}],"author":"thomas.berner","twitter_card":"summary_large_image","twitter_title":"#Erfolgs-Impuls: Warum Sie zum #Mond fliegen sollten","twitter_description":"Warum es sich lohnt, grosse Visionen haben, erl\u00e4utert unser Kolumnist Volkmar V\u00f6lzke in seinem neuesten Erfolgs-Impuls und liefert drei Anregungen.","twitter_image":"https:\/\/www.organisator.ch\/wp-content\/uploads\/2019\/07\/Erfolgs-Impuls-Warum-Sie-zum-Mond-fliegen-sollten_Organisator.jpg","schema":{"@context":"https:\/\/schema.org","@graph":[{"@type":"Article","@id":"https:\/\/www.organisator.ch\/management\/2019-07-30\/erfolgs-impuls-warum-sie-zum-mond-fliegen-sollten\/#article","isPartOf":{"@id":"https:\/\/www.organisator.ch\/management\/2019-07-30\/erfolgs-impuls-warum-sie-zum-mond-fliegen-sollten\/"},"author":{"name":"thomas.berner","@id":"https:\/\/www.organisator.ch\/#\/schema\/person\/6f650f90b2842cd4c0cc334b4e36f67e"},"headline":"Erfolgs-Impuls: Warum Sie zum Mond fliegen sollten","datePublished":"2019-07-30T06:56:56+00:00","mainEntityOfPage":{"@id":"https:\/\/www.organisator.ch\/management\/2019-07-30\/erfolgs-impuls-warum-sie-zum-mond-fliegen-sollten\/"},"wordCount":473,"commentCount":0,"publisher":{"@id":"https:\/\/www.organisator.ch\/#organization"},"image":{"@id":"https:\/\/www.organisator.ch\/management\/2019-07-30\/erfolgs-impuls-warum-sie-zum-mond-fliegen-sollten\/#primaryimage"},"thumbnailUrl":"https:\/\/www.organisator.ch\/wp-content\/uploads\/2019\/07\/Erfolgs-Impuls-Warum-Sie-zum-Mond-fliegen-sollten_Organisator.jpg","keywords":["Checklisten","Erfolgs-Impuls","Management und Unternehmensf\u00fchrung","Vermischtes"],"articleSection":["MANAGEMENT"],"inLanguage":"it-IT"},{"@type":"WebPage","@id":"https:\/\/www.organisator.ch\/management\/2019-07-30\/erfolgs-impuls-warum-sie-zum-mond-fliegen-sollten\/","url":"https:\/\/www.organisator.ch\/management\/2019-07-30\/erfolgs-impuls-warum-sie-zum-mond-fliegen-sollten\/","name":"Success Impulse: perch\u00e9 dovreste volare sulla Luna - Organizzatore","isPartOf":{"@id":"https:\/\/www.organisator.ch\/#website"},"primaryImageOfPage":{"@id":"https:\/\/www.organisator.ch\/management\/2019-07-30\/erfolgs-impuls-warum-sie-zum-mond-fliegen-sollten\/#primaryimage"},"image":{"@id":"https:\/\/www.organisator.ch\/management\/2019-07-30\/erfolgs-impuls-warum-sie-zum-mond-fliegen-sollten\/#primaryimage"},"thumbnailUrl":"https:\/\/www.organisator.ch\/wp-content\/uploads\/2019\/07\/Erfolgs-Impuls-Warum-Sie-zum-Mond-fliegen-sollten_Organisator.jpg","datePublished":"2019-07-30T06:56:56+00:00","description":"Perch\u00e9 paga avere grandi visioni \u00e8 spiegato dal nostro editorialista Volkmar V\u00f6lzke nel suo ultimo Success Impulse e fornisce tre suggerimenti.","breadcrumb":{"@id":"https:\/\/www.organisator.ch\/management\/2019-07-30\/erfolgs-impuls-warum-sie-zum-mond-fliegen-sollten\/#breadcrumb"},"inLanguage":"it-IT","potentialAction":[{"@type":"ReadAction","target":["https:\/\/www.organisator.ch\/management\/2019-07-30\/erfolgs-impuls-warum-sie-zum-mond-fliegen-sollten\/"]}]},{"@type":"ImageObject","inLanguage":"it-IT","@id":"https:\/\/www.organisator.ch\/management\/2019-07-30\/erfolgs-impuls-warum-sie-zum-mond-fliegen-sollten\/#primaryimage","url":"https:\/\/www.organisator.ch\/wp-content\/uploads\/2019\/07\/Erfolgs-Impuls-Warum-Sie-zum-Mond-fliegen-sollten_Organisator.jpg","contentUrl":"https:\/\/www.organisator.ch\/wp-content\/uploads\/2019\/07\/Erfolgs-Impuls-Warum-Sie-zum-Mond-fliegen-sollten_Organisator.jpg","width":680,"height":469,"caption":"Warum sollen wir \u00fcberhaupt zum Mond fliegen? Vielleicht w\u00e4re es gut, wieder einmal grosse Visionen zu verfolgen... (Bild: Gerd Altmann \/ Pixabay.com)"},{"@type":"BreadcrumbList","@id":"https:\/\/www.organisator.ch\/management\/2019-07-30\/erfolgs-impuls-warum-sie-zum-mond-fliegen-sollten\/#breadcrumb","itemListElement":[{"@type":"ListItem","position":1,"name":"Home","item":"https:\/\/www.organisator.ch\/"},{"@type":"ListItem","position":2,"name":"Erfolgs-Impuls: Warum Sie zum Mond fliegen sollten"}]},{"@type":"WebSite","@id":"https:\/\/www.organisator.ch\/#website","url":"https:\/\/www.organisator.ch\/","name":"Organizzatore","description":"Competente. Pratico. In 10 numeri all'anno, ORGANISATOR presenta i temi essenziali per i manager delle PMI.","publisher":{"@id":"https:\/\/www.organisator.ch\/#organization"},"potentialAction":[{"@type":"SearchAction","target":{"@type":"EntryPoint","urlTemplate":"https:\/\/www.organisator.ch\/?s={search_term_string}"},"query-input":{"@type":"PropertyValueSpecification","valueRequired":true,"valueName":"search_term_string"}}],"inLanguage":"it-IT"},{"@type":"Organization","@id":"https:\/\/www.organisator.ch\/#organization","name":"Organizzatore","url":"https:\/\/www.organisator.ch\/","logo":{"@type":"ImageObject","inLanguage":"it-IT","@id":"https:\/\/www.organisator.ch\/#\/schema\/logo\/image\/","url":"https:\/\/www.organisator.ch\/wp-content\/uploads\/2022\/01\/Logo_Organisator_Website.png","contentUrl":"https:\/\/www.organisator.ch\/wp-content\/uploads\/2022\/01\/Logo_Organisator_Website.png","width":800,"height":77,"caption":"Organisator"},"image":{"@id":"https:\/\/www.organisator.ch\/#\/schema\/logo\/image\/"},"sameAs":["https:\/\/www.facebook.com\/OrganisatorFachmagazin","https:\/\/www.linkedin.com\/showcase\/organisator-das-magazin-fr-kmu","https:\/\/www.xing.com\/news\/pages\/organisator-ch-695","https:\/\/www.youtube.com\/channel\/UCGP2Sq0iWaZwT3BdIAQFYpw"]},{"@type":"Person","@id":"https:\/\/www.organisator.ch\/#\/schema\/person\/6f650f90b2842cd4c0cc334b4e36f67e","name":"Tommaso.berner","image":{"@type":"ImageObject","inLanguage":"it-IT","@id":"https:\/\/secure.gravatar.com\/avatar\/ac5001d2a36cb6c6cd3e50789007ffca834b477b74a2144564522e944eabff61?s=96&d=mm&r=g","url":"https:\/\/secure.gravatar.com\/avatar\/ac5001d2a36cb6c6cd3e50789007ffca834b477b74a2144564522e944eabff61?s=96&d=mm&r=g","contentUrl":"https:\/\/secure.gravatar.com\/avatar\/ac5001d2a36cb6c6cd3e50789007ffca834b477b74a2144564522e944eabff61?s=96&d=mm&r=g","caption":"thomas.berner"},"url":"https:\/\/www.organisator.ch\/it\/author\/thomas-berner\/"}]}},"_links":{"self":[{"href":"https:\/\/www.organisator.ch\/it\/wp-json\/wp\/v2\/posts\/5607","targetHints":{"allow":["GET"]}}],"collection":[{"href":"https:\/\/www.organisator.ch\/it\/wp-json\/wp\/v2\/posts"}],"about":[{"href":"https:\/\/www.organisator.ch\/it\/wp-json\/wp\/v2\/types\/post"}],"author":[{"embeddable":true,"href":"https:\/\/www.organisator.ch\/it\/wp-json\/wp\/v2\/users\/4"}],"replies":[{"embeddable":true,"href":"https:\/\/www.organisator.ch\/it\/wp-json\/wp\/v2\/comments?post=5607"}],"version-history":[{"count":0,"href":"https:\/\/www.organisator.ch\/it\/wp-json\/wp\/v2\/posts\/5607\/revisions"}],"wp:featuredmedia":[{"embeddable":true,"href":"https:\/\/www.organisator.ch\/it\/wp-json\/wp\/v2\/media\/5610"}],"wp:attachment":[{"href":"https:\/\/www.organisator.ch\/it\/wp-json\/wp\/v2\/media?parent=5607"}],"wp:term":[{"taxonomy":"category","embeddable":true,"href":"https:\/\/www.organisator.ch\/it\/wp-json\/wp\/v2\/categories?post=5607"},{"taxonomy":"post_tag","embeddable":true,"href":"https:\/\/www.organisator.ch\/it\/wp-json\/wp\/v2\/tags?post=5607"}],"curies":[{"name":"wp","href":"https:\/\/api.w.org\/{rel}","templated":true}]}}