{"id":561,"date":"2016-10-24T16:28:52","date_gmt":"2016-10-24T14:28:52","guid":{"rendered":"https:\/\/dev.umweltperspektiven.ch\/?p=561"},"modified":"2016-10-24T16:28:52","modified_gmt":"2016-10-24T14:28:52","slug":"tierrechte-werden-gestaerkt","status":"publish","type":"post","link":"https:\/\/www.organisator.ch\/it\/allgemein\/2016-10-24\/tierrechte-werden-gestaerkt\/","title":{"rendered":"I diritti degli animali sono rafforzati"},"content":{"rendered":"<figure id=\"attachment_562\" aria-describedby=\"caption-attachment-562\" style=\"width: 680px\" class=\"wp-caption alignnone\"><a href=\"\/\/dev.umweltperspektiven.ch\/wp-content\/uploads\/2016\/12\/Tierrechte-werden-gest\u00e4rkt-umweltperspektiven.jpg\"><img loading=\"lazy\" decoding=\"async\" class=\"size-medium wp-image-562\" src=\"\/\/dev.umweltperspektiven.ch\/wp-content\/uploads\/2016\/12\/Tierrechte-werden-gest\u00e4rkt-umweltperspektiven.jpg\" alt=\"Il governo federale vuole intraprendere un&#039;azione pi\u00f9 forte contro il commercio illegale online di cani.\" width=\"680\" height=\"454\" \/><\/a><figcaption id=\"caption-attachment-562\" class=\"wp-caption-text\">Il governo federale vuole intraprendere un'azione pi\u00f9 forte contro il commercio illegale online di cani.<\/figcaption><\/figure>\n<p>In futuro, ogni istituto o laboratorio che effettua esperimenti sugli animali dovr\u00e0 nominare un responsabile del benessere degli animali. Il loro compito \u00e8 quello di verificare il rispetto delle norme sulla protezione degli animali e dei requisiti delle 3R quando vengono pianificati gli esperimenti sugli animali e vengono redatte le domande di autorizzazione. Ci\u00f2 richiede una competenza comprovata e l'autorizzazione ad emettere direttive. Le 3R stanno per Replace (sostituire gli esperimenti sugli animali), Reduce (ridurre il numero di animali) e Refine (creare condizioni migliori per gli animali negli esperimenti sugli animali). L'applicazione dei principi delle 3R mira a ridurre gli esperimenti sugli animali al minimo assoluto e a causare il minor disagio possibile agli animali.<\/p>\n<p><strong>Contro il traffico anonimo di cani online<\/strong><\/p>\n<p>Le importazioni illegali di cani sono un problema crescente, specialmente quando si commercia su internet. Le persone che offrono animali online devono ora indicare i loro dettagli di contatto completi negli annunci. L'identificazione elettronica per mezzo di un microchip cos\u00ec come la registrazione completa nel database dei cani dovrebbe permettere la completa tracciabilit\u00e0 dei cani. Tuttavia, per garantire un'applicazione efficiente del controllo dei cani, \u00e8 importante avere dati corretti e completi. A tal fine, saranno chiariti i ruoli dei proprietari di cani, dei veterinari e delle autorit\u00e0.<\/p>\n<p>L'uccisione di animali ha portato a discussioni in passato. Il governo federale vuole rendere pi\u00f9 severi i requisiti di competenza. Nelle parti emendate dell'ordinanza, \u00e8 anche esplicitamente richiesto che chi uccide un animale deve assicurarsi che sia morto. L'obiettivo \u00e8 di evitare che gli animali presunti morti muoiano in agonia.<\/p>\n<p>Il trasporto di pesce vivo sul ghiaccio o in acqua ghiacciata era gi\u00e0 vietato. In futuro, il divieto, che riguarda specificamente il settore della ristorazione, si applicher\u00e0 anche ai gamberi. Anche gli astici, gli scampi e i granchi non possono pi\u00f9 essere tenuti fuori dall'acqua. La loro uccisione richiede ora uno stordimento preventivo e conoscenze specialistiche.<\/p>\n<p><strong>Pi\u00f9 protezione per gli animali durante gli eventi<\/strong><\/p>\n<p>Anche gli eventi e le mostre di animali sono interessati dagli emendamenti all'ordinanza. Se l'organizzatore ha la custodia degli animali, \u00e8 ora necessaria una persona responsabile della cura degli animali con un certificato di competenza. Gli eventi che non necessitano di un'autorizzazione devono essere notificati all'autorit\u00e0 cantonale competente se hanno un'importanza sovraregionale.<\/p>\n<p>Fonte: BLV<\/p>","protected":false},"excerpt":{"rendered":"<p>Jedes Institut oder Labor, das Tierversuche durchf\u00fchrt, muss k\u00fcnftig einen Tierschutzbeauftragten oder eine Tierschutzbeauftragte bestimmen. Deren Aufgabe besteht darin, die Einhaltung der Tierschutzbestimmungen und der 3R-Anforderungen zu \u00fcberpr\u00fcfen, wenn Tierversuche geplant und Bewilligungsgesuche verfasst werden. Das setzt ausgewiesene Fachkenntnisse und eine Weisungsberechtigung voraus. 3R steht f\u00fcr Replace (Tierversuche ersetzen), Reduce (Tierzahlen senken) und Refine (f\u00fcr [&hellip;]<\/p>\n","protected":false},"author":1,"featured_media":9428,"comment_status":"open","ping_status":"open","sticky":false,"template":"","format":"standard","meta":{"_acf_changed":false,"_yoast_wpseo_focuskw":"Tierversuche","_yoast_wpseo_metadesc":"Im Veterin\u00e4rbereich sind Neuerungen geplant. Dazu z\u00e4hlen Tierschutzbeauftragte f\u00fcr Tierversuche und Massnahmen gegen illegale Hundeimporte.","articlekey":"","footnotes":""},"categories":[1],"tags":[883,2308,2472],"class_list":["post-561","post","type-post","status-publish","format-standard","has-post-thumbnail","hentry","category-allgemein","tag-bund","tag-tierversuche","tag-veterinaerwesen"],"acf":[],"yoast_head":"<!-- This site is optimized with the Yoast SEO plugin v27.4 - https:\/\/yoast.com\/product\/yoast-seo-wordpress\/ -->\n<title>Tierrechte werden gest\u00e4rkt - Organisator<\/title>\n<meta name=\"description\" content=\"Im Veterin\u00e4rbereich sind Neuerungen geplant. Dazu z\u00e4hlen Tierschutzbeauftragte f\u00fcr Tierversuche und Massnahmen gegen illegale Hundeimporte.\" \/>\n<meta name=\"robots\" content=\"index, follow, max-snippet:-1, max-image-preview:large, max-video-preview:-1\" \/>\n<link rel=\"canonical\" href=\"https:\/\/www.organisator.ch\/it\/generale\/2016-10-24\/tierrechte-werden-gestaerkt\/\" \/>\n<meta property=\"og:locale\" content=\"it_IT\" \/>\n<meta property=\"og:type\" content=\"article\" \/>\n<meta property=\"og:title\" content=\"Tierrechte werden gest\u00e4rkt - Organisator\" \/>\n<meta property=\"og:description\" content=\"Im Veterin\u00e4rbereich sind Neuerungen geplant. Dazu z\u00e4hlen Tierschutzbeauftragte f\u00fcr Tierversuche und Massnahmen gegen illegale Hundeimporte.\" \/>\n<meta property=\"og:url\" content=\"https:\/\/www.organisator.ch\/it\/generale\/2016-10-24\/tierrechte-werden-gestaerkt\/\" \/>\n<meta property=\"og:site_name\" content=\"Organisator\" \/>\n<meta property=\"article:publisher\" content=\"https:\/\/www.facebook.com\/OrganisatorFachmagazin\" \/>\n<meta property=\"article:published_time\" content=\"2016-10-24T14:28:52+00:00\" \/>\n<meta property=\"og:image\" content=\"https:\/\/www.organisator.ch\/wp-content\/uploads\/2016\/12\/Tierrechte-werden-gestaerkt-umweltperspektiven.jpg\" \/>\n\t<meta property=\"og:image:width\" content=\"1000\" \/>\n\t<meta property=\"og:image:height\" content=\"667\" \/>\n\t<meta property=\"og:image:type\" content=\"image\/jpeg\" \/>\n<meta name=\"author\" content=\"admin\" \/>\n<meta name=\"twitter:card\" content=\"summary_large_image\" \/>\n<script type=\"application\/ld+json\" class=\"yoast-schema-graph\">{\"@context\":\"https:\\\/\\\/schema.org\",\"@graph\":[{\"@type\":\"Article\",\"@id\":\"https:\\\/\\\/www.organisator.ch\\\/de\\\/allgemein\\\/2016-10-24\\\/tierrechte-werden-gestaerkt\\\/#article\",\"isPartOf\":{\"@id\":\"https:\\\/\\\/www.organisator.ch\\\/de\\\/allgemein\\\/2016-10-24\\\/tierrechte-werden-gestaerkt\\\/\"},\"author\":{\"name\":\"admin\",\"@id\":\"https:\\\/\\\/www.organisator.ch\\\/#\\\/schema\\\/person\\\/aa2bace6c5c5aad60102004a50c4eb1c\"},\"headline\":\"Tierrechte werden gest\u00e4rkt\",\"datePublished\":\"2016-10-24T14:28:52+00:00\",\"mainEntityOfPage\":{\"@id\":\"https:\\\/\\\/www.organisator.ch\\\/de\\\/allgemein\\\/2016-10-24\\\/tierrechte-werden-gestaerkt\\\/\"},\"wordCount\":370,\"commentCount\":0,\"publisher\":{\"@id\":\"https:\\\/\\\/www.organisator.ch\\\/#organization\"},\"image\":{\"@id\":\"https:\\\/\\\/www.organisator.ch\\\/de\\\/allgemein\\\/2016-10-24\\\/tierrechte-werden-gestaerkt\\\/#primaryimage\"},\"thumbnailUrl\":\"https:\\\/\\\/www.organisator.ch\\\/wp-content\\\/uploads\\\/2016\\\/12\\\/Tierrechte-werden-gestaerkt-umweltperspektiven.jpg\",\"keywords\":[\"Bund\",\"Tierversuche\",\"Veterin\u00e4rwesen\"],\"articleSection\":[\"Allgemein\"],\"inLanguage\":\"it-IT\"},{\"@type\":\"WebPage\",\"@id\":\"https:\\\/\\\/www.organisator.ch\\\/de\\\/allgemein\\\/2016-10-24\\\/tierrechte-werden-gestaerkt\\\/\",\"url\":\"https:\\\/\\\/www.organisator.ch\\\/de\\\/allgemein\\\/2016-10-24\\\/tierrechte-werden-gestaerkt\\\/\",\"name\":\"Tierrechte werden gest\u00e4rkt - Organisator\",\"isPartOf\":{\"@id\":\"https:\\\/\\\/www.organisator.ch\\\/#website\"},\"primaryImageOfPage\":{\"@id\":\"https:\\\/\\\/www.organisator.ch\\\/de\\\/allgemein\\\/2016-10-24\\\/tierrechte-werden-gestaerkt\\\/#primaryimage\"},\"image\":{\"@id\":\"https:\\\/\\\/www.organisator.ch\\\/de\\\/allgemein\\\/2016-10-24\\\/tierrechte-werden-gestaerkt\\\/#primaryimage\"},\"thumbnailUrl\":\"https:\\\/\\\/www.organisator.ch\\\/wp-content\\\/uploads\\\/2016\\\/12\\\/Tierrechte-werden-gestaerkt-umweltperspektiven.jpg\",\"datePublished\":\"2016-10-24T14:28:52+00:00\",\"description\":\"Im Veterin\u00e4rbereich sind Neuerungen geplant. Dazu z\u00e4hlen Tierschutzbeauftragte f\u00fcr Tierversuche und Massnahmen gegen illegale Hundeimporte.\",\"breadcrumb\":{\"@id\":\"https:\\\/\\\/www.organisator.ch\\\/de\\\/allgemein\\\/2016-10-24\\\/tierrechte-werden-gestaerkt\\\/#breadcrumb\"},\"inLanguage\":\"it-IT\",\"potentialAction\":[{\"@type\":\"ReadAction\",\"target\":[\"https:\\\/\\\/www.organisator.ch\\\/de\\\/allgemein\\\/2016-10-24\\\/tierrechte-werden-gestaerkt\\\/\"]}]},{\"@type\":\"ImageObject\",\"inLanguage\":\"it-IT\",\"@id\":\"https:\\\/\\\/www.organisator.ch\\\/de\\\/allgemein\\\/2016-10-24\\\/tierrechte-werden-gestaerkt\\\/#primaryimage\",\"url\":\"https:\\\/\\\/www.organisator.ch\\\/wp-content\\\/uploads\\\/2016\\\/12\\\/Tierrechte-werden-gestaerkt-umweltperspektiven.jpg\",\"contentUrl\":\"https:\\\/\\\/www.organisator.ch\\\/wp-content\\\/uploads\\\/2016\\\/12\\\/Tierrechte-werden-gestaerkt-umweltperspektiven.jpg\",\"width\":1000,\"height\":667,\"caption\":\"Der Bund will st\u00e4rker gegen illegalen Online-Handel mit Hunden vorgehen.\"},{\"@type\":\"BreadcrumbList\",\"@id\":\"https:\\\/\\\/www.organisator.ch\\\/de\\\/allgemein\\\/2016-10-24\\\/tierrechte-werden-gestaerkt\\\/#breadcrumb\",\"itemListElement\":[{\"@type\":\"ListItem\",\"position\":1,\"name\":\"Home\",\"item\":\"https:\\\/\\\/www.organisator.ch\\\/\"},{\"@type\":\"ListItem\",\"position\":2,\"name\":\"Tierrechte werden gest\u00e4rkt\"}]},{\"@type\":\"WebSite\",\"@id\":\"https:\\\/\\\/www.organisator.ch\\\/#website\",\"url\":\"https:\\\/\\\/www.organisator.ch\\\/\",\"name\":\"Organisator\",\"description\":\"Kompetent. Praxisnah. Der ORGANISATOR bereitet in 10 Ausgaben pro Jahr die wesentlichen Themen f\u00fcr F\u00fchrungskr\u00e4fte von KMU auf.\",\"publisher\":{\"@id\":\"https:\\\/\\\/www.organisator.ch\\\/#organization\"},\"potentialAction\":[{\"@type\":\"SearchAction\",\"target\":{\"@type\":\"EntryPoint\",\"urlTemplate\":\"https:\\\/\\\/www.organisator.ch\\\/?s={search_term_string}\"},\"query-input\":{\"@type\":\"PropertyValueSpecification\",\"valueRequired\":true,\"valueName\":\"search_term_string\"}}],\"inLanguage\":\"it-IT\"},{\"@type\":\"Organization\",\"@id\":\"https:\\\/\\\/www.organisator.ch\\\/#organization\",\"name\":\"Organisator\",\"url\":\"https:\\\/\\\/www.organisator.ch\\\/\",\"logo\":{\"@type\":\"ImageObject\",\"inLanguage\":\"it-IT\",\"@id\":\"https:\\\/\\\/www.organisator.ch\\\/#\\\/schema\\\/logo\\\/image\\\/\",\"url\":\"https:\\\/\\\/www.organisator.ch\\\/wp-content\\\/uploads\\\/2022\\\/01\\\/Logo_Organisator_Website.png\",\"contentUrl\":\"https:\\\/\\\/www.organisator.ch\\\/wp-content\\\/uploads\\\/2022\\\/01\\\/Logo_Organisator_Website.png\",\"width\":800,\"height\":77,\"caption\":\"Organisator\"},\"image\":{\"@id\":\"https:\\\/\\\/www.organisator.ch\\\/#\\\/schema\\\/logo\\\/image\\\/\"},\"sameAs\":[\"https:\\\/\\\/www.facebook.com\\\/OrganisatorFachmagazin\",\"https:\\\/\\\/www.linkedin.com\\\/showcase\\\/organisator-das-magazin-fr-kmu\",\"https:\\\/\\\/www.xing.com\\\/news\\\/pages\\\/organisator-ch-695\",\"https:\\\/\\\/www.youtube.com\\\/channel\\\/UCGP2Sq0iWaZwT3BdIAQFYpw\"]},{\"@type\":\"Person\",\"@id\":\"https:\\\/\\\/www.organisator.ch\\\/#\\\/schema\\\/person\\\/aa2bace6c5c5aad60102004a50c4eb1c\",\"name\":\"admin\",\"image\":{\"@type\":\"ImageObject\",\"inLanguage\":\"it-IT\",\"@id\":\"https:\\\/\\\/secure.gravatar.com\\\/avatar\\\/ae2f4d718e6c49043e314ce431e7e645d646302a24a5ef5a8bc8e3f5a032e319?s=96&d=mm&r=g\",\"url\":\"https:\\\/\\\/secure.gravatar.com\\\/avatar\\\/ae2f4d718e6c49043e314ce431e7e645d646302a24a5ef5a8bc8e3f5a032e319?s=96&d=mm&r=g\",\"contentUrl\":\"https:\\\/\\\/secure.gravatar.com\\\/avatar\\\/ae2f4d718e6c49043e314ce431e7e645d646302a24a5ef5a8bc8e3f5a032e319?s=96&d=mm&r=g\",\"caption\":\"admin\"},\"sameAs\":[\"https:\\\/\\\/www.organisator.ch\"],\"url\":\"https:\\\/\\\/www.organisator.ch\\\/it\\\/author\\\/admin\\\/\"}]}<\/script>\n<!-- \/ Yoast SEO plugin. -->","yoast_head_json":{"title":"I diritti degli animali sono rafforzati - Organizzatore","description":"Sono previste innovazioni in campo veterinario. Tra questi, i responsabili del benessere animale per gli esperimenti sugli animali e le misure contro le importazioni illegali di cani.","robots":{"index":"index","follow":"follow","max-snippet":"max-snippet:-1","max-image-preview":"max-image-preview:large","max-video-preview":"max-video-preview:-1"},"canonical":"https:\/\/www.organisator.ch\/it\/generale\/2016-10-24\/tierrechte-werden-gestaerkt\/","og_locale":"it_IT","og_type":"article","og_title":"Tierrechte werden gest\u00e4rkt - Organisator","og_description":"Im Veterin\u00e4rbereich sind Neuerungen geplant. Dazu z\u00e4hlen Tierschutzbeauftragte f\u00fcr Tierversuche und Massnahmen gegen illegale Hundeimporte.","og_url":"https:\/\/www.organisator.ch\/it\/generale\/2016-10-24\/tierrechte-werden-gestaerkt\/","og_site_name":"Organisator","article_publisher":"https:\/\/www.facebook.com\/OrganisatorFachmagazin","article_published_time":"2016-10-24T14:28:52+00:00","og_image":[{"width":1000,"height":667,"url":"https:\/\/www.organisator.ch\/wp-content\/uploads\/2016\/12\/Tierrechte-werden-gestaerkt-umweltperspektiven.jpg","type":"image\/jpeg"}],"author":"admin","twitter_card":"summary_large_image","schema":{"@context":"https:\/\/schema.org","@graph":[{"@type":"Article","@id":"https:\/\/www.organisator.ch\/de\/allgemein\/2016-10-24\/tierrechte-werden-gestaerkt\/#article","isPartOf":{"@id":"https:\/\/www.organisator.ch\/de\/allgemein\/2016-10-24\/tierrechte-werden-gestaerkt\/"},"author":{"name":"admin","@id":"https:\/\/www.organisator.ch\/#\/schema\/person\/aa2bace6c5c5aad60102004a50c4eb1c"},"headline":"Tierrechte werden gest\u00e4rkt","datePublished":"2016-10-24T14:28:52+00:00","mainEntityOfPage":{"@id":"https:\/\/www.organisator.ch\/de\/allgemein\/2016-10-24\/tierrechte-werden-gestaerkt\/"},"wordCount":370,"commentCount":0,"publisher":{"@id":"https:\/\/www.organisator.ch\/#organization"},"image":{"@id":"https:\/\/www.organisator.ch\/de\/allgemein\/2016-10-24\/tierrechte-werden-gestaerkt\/#primaryimage"},"thumbnailUrl":"https:\/\/www.organisator.ch\/wp-content\/uploads\/2016\/12\/Tierrechte-werden-gestaerkt-umweltperspektiven.jpg","keywords":["Bund","Tierversuche","Veterin\u00e4rwesen"],"articleSection":["Allgemein"],"inLanguage":"it-IT"},{"@type":"WebPage","@id":"https:\/\/www.organisator.ch\/de\/allgemein\/2016-10-24\/tierrechte-werden-gestaerkt\/","url":"https:\/\/www.organisator.ch\/de\/allgemein\/2016-10-24\/tierrechte-werden-gestaerkt\/","name":"I diritti degli animali sono rafforzati - Organizzatore","isPartOf":{"@id":"https:\/\/www.organisator.ch\/#website"},"primaryImageOfPage":{"@id":"https:\/\/www.organisator.ch\/de\/allgemein\/2016-10-24\/tierrechte-werden-gestaerkt\/#primaryimage"},"image":{"@id":"https:\/\/www.organisator.ch\/de\/allgemein\/2016-10-24\/tierrechte-werden-gestaerkt\/#primaryimage"},"thumbnailUrl":"https:\/\/www.organisator.ch\/wp-content\/uploads\/2016\/12\/Tierrechte-werden-gestaerkt-umweltperspektiven.jpg","datePublished":"2016-10-24T14:28:52+00:00","description":"Sono previste innovazioni in campo veterinario. Tra questi, i responsabili del benessere animale per gli esperimenti sugli animali e le misure contro le importazioni illegali di cani.","breadcrumb":{"@id":"https:\/\/www.organisator.ch\/de\/allgemein\/2016-10-24\/tierrechte-werden-gestaerkt\/#breadcrumb"},"inLanguage":"it-IT","potentialAction":[{"@type":"ReadAction","target":["https:\/\/www.organisator.ch\/de\/allgemein\/2016-10-24\/tierrechte-werden-gestaerkt\/"]}]},{"@type":"ImageObject","inLanguage":"it-IT","@id":"https:\/\/www.organisator.ch\/de\/allgemein\/2016-10-24\/tierrechte-werden-gestaerkt\/#primaryimage","url":"https:\/\/www.organisator.ch\/wp-content\/uploads\/2016\/12\/Tierrechte-werden-gestaerkt-umweltperspektiven.jpg","contentUrl":"https:\/\/www.organisator.ch\/wp-content\/uploads\/2016\/12\/Tierrechte-werden-gestaerkt-umweltperspektiven.jpg","width":1000,"height":667,"caption":"Der Bund will st\u00e4rker gegen illegalen Online-Handel mit Hunden vorgehen."},{"@type":"BreadcrumbList","@id":"https:\/\/www.organisator.ch\/de\/allgemein\/2016-10-24\/tierrechte-werden-gestaerkt\/#breadcrumb","itemListElement":[{"@type":"ListItem","position":1,"name":"Home","item":"https:\/\/www.organisator.ch\/"},{"@type":"ListItem","position":2,"name":"Tierrechte werden gest\u00e4rkt"}]},{"@type":"WebSite","@id":"https:\/\/www.organisator.ch\/#website","url":"https:\/\/www.organisator.ch\/","name":"Organizzatore","description":"Competente. Pratico. In 10 numeri all'anno, ORGANISATOR presenta i temi essenziali per i manager delle PMI.","publisher":{"@id":"https:\/\/www.organisator.ch\/#organization"},"potentialAction":[{"@type":"SearchAction","target":{"@type":"EntryPoint","urlTemplate":"https:\/\/www.organisator.ch\/?s={search_term_string}"},"query-input":{"@type":"PropertyValueSpecification","valueRequired":true,"valueName":"search_term_string"}}],"inLanguage":"it-IT"},{"@type":"Organization","@id":"https:\/\/www.organisator.ch\/#organization","name":"Organizzatore","url":"https:\/\/www.organisator.ch\/","logo":{"@type":"ImageObject","inLanguage":"it-IT","@id":"https:\/\/www.organisator.ch\/#\/schema\/logo\/image\/","url":"https:\/\/www.organisator.ch\/wp-content\/uploads\/2022\/01\/Logo_Organisator_Website.png","contentUrl":"https:\/\/www.organisator.ch\/wp-content\/uploads\/2022\/01\/Logo_Organisator_Website.png","width":800,"height":77,"caption":"Organisator"},"image":{"@id":"https:\/\/www.organisator.ch\/#\/schema\/logo\/image\/"},"sameAs":["https:\/\/www.facebook.com\/OrganisatorFachmagazin","https:\/\/www.linkedin.com\/showcase\/organisator-das-magazin-fr-kmu","https:\/\/www.xing.com\/news\/pages\/organisator-ch-695","https:\/\/www.youtube.com\/channel\/UCGP2Sq0iWaZwT3BdIAQFYpw"]},{"@type":"Person","@id":"https:\/\/www.organisator.ch\/#\/schema\/person\/aa2bace6c5c5aad60102004a50c4eb1c","name":"amministratore","image":{"@type":"ImageObject","inLanguage":"it-IT","@id":"https:\/\/secure.gravatar.com\/avatar\/ae2f4d718e6c49043e314ce431e7e645d646302a24a5ef5a8bc8e3f5a032e319?s=96&d=mm&r=g","url":"https:\/\/secure.gravatar.com\/avatar\/ae2f4d718e6c49043e314ce431e7e645d646302a24a5ef5a8bc8e3f5a032e319?s=96&d=mm&r=g","contentUrl":"https:\/\/secure.gravatar.com\/avatar\/ae2f4d718e6c49043e314ce431e7e645d646302a24a5ef5a8bc8e3f5a032e319?s=96&d=mm&r=g","caption":"admin"},"sameAs":["https:\/\/www.organisator.ch"],"url":"https:\/\/www.organisator.ch\/it\/author\/admin\/"}]}},"_links":{"self":[{"href":"https:\/\/www.organisator.ch\/it\/wp-json\/wp\/v2\/posts\/561","targetHints":{"allow":["GET"]}}],"collection":[{"href":"https:\/\/www.organisator.ch\/it\/wp-json\/wp\/v2\/posts"}],"about":[{"href":"https:\/\/www.organisator.ch\/it\/wp-json\/wp\/v2\/types\/post"}],"author":[{"embeddable":true,"href":"https:\/\/www.organisator.ch\/it\/wp-json\/wp\/v2\/users\/1"}],"replies":[{"embeddable":true,"href":"https:\/\/www.organisator.ch\/it\/wp-json\/wp\/v2\/comments?post=561"}],"version-history":[{"count":0,"href":"https:\/\/www.organisator.ch\/it\/wp-json\/wp\/v2\/posts\/561\/revisions"}],"wp:featuredmedia":[{"embeddable":true,"href":"https:\/\/www.organisator.ch\/it\/wp-json\/wp\/v2\/media\/9428"}],"wp:attachment":[{"href":"https:\/\/www.organisator.ch\/it\/wp-json\/wp\/v2\/media?parent=561"}],"wp:term":[{"taxonomy":"category","embeddable":true,"href":"https:\/\/www.organisator.ch\/it\/wp-json\/wp\/v2\/categories?post=561"},{"taxonomy":"post_tag","embeddable":true,"href":"https:\/\/www.organisator.ch\/it\/wp-json\/wp\/v2\/tags?post=561"}],"curies":[{"name":"wp","href":"https:\/\/api.w.org\/{rel}","templated":true}]}}