{"id":5629,"date":"2019-08-02T15:54:01","date_gmt":"2019-08-02T13:54:01","guid":{"rendered":"https:\/\/www.organisator.ch\/?p=5629"},"modified":"2019-08-02T15:54:01","modified_gmt":"2019-08-02T13:54:01","slug":"remote-work-den-chef-das-erste-mal-nach-zwei-jahren-getroffen","status":"publish","type":"post","link":"https:\/\/www.organisator.ch\/it\/management\/2019-08-02\/remote-work-den-chef-das-erste-mal-nach-zwei-jahren-getroffen\/","title":{"rendered":"Lavoro a distanza: incontrare il capo per la prima volta in due anni"},"content":{"rendered":"<figure id=\"attachment_5630\" aria-describedby=\"caption-attachment-5630\" style=\"width: 678px\" class=\"wp-caption alignnone\"><img loading=\"lazy\" decoding=\"async\" class=\"size-full wp-image-5630\" src=\"https:\/\/www.organisator.ch\/wp-content\/uploads\/2019\/08\/Remote-Work-Den-Chef-das-erste-Mal-nach-zwei-Jahren-getroffen_Organisator.jpg\" alt=\"\" width=\"678\" height=\"392\" srcset=\"https:\/\/www.organisator.ch\/wp-content\/uploads\/2019\/08\/Remote-Work-Den-Chef-das-erste-Mal-nach-zwei-Jahren-getroffen_Organisator.jpg 678w, https:\/\/www.organisator.ch\/wp-content\/uploads\/2019\/08\/Remote-Work-Den-Chef-das-erste-Mal-nach-zwei-Jahren-getroffen_Organisator-16x9.jpg 16w, https:\/\/www.organisator.ch\/wp-content\/uploads\/2019\/08\/Remote-Work-Den-Chef-das-erste-Mal-nach-zwei-Jahren-getroffen_Organisator-303x175.jpg 303w, https:\/\/www.organisator.ch\/wp-content\/uploads\/2019\/08\/Remote-Work-Den-Chef-das-erste-Mal-nach-zwei-Jahren-getroffen_Organisator-605x350.jpg 605w, https:\/\/www.organisator.ch\/wp-content\/uploads\/2019\/08\/Remote-Work-Den-Chef-das-erste-Mal-nach-zwei-Jahren-getroffen_Organisator-300x173.jpg 300w\" sizes=\"auto, (max-width: 678px) 100vw, 678px\" \/><figcaption id=\"caption-attachment-5630\" class=\"wp-caption-text\">Il CEO di Ofri Benny Hertach (secondo da destra) e il suo team si affidano al lavoro a distanza. La foto \u00e8 stata scattata all'ultimo ritiro aziendale a Zurigo. (Immagine: zVg \/ Ofri)<\/figcaption><\/figure>\n<p>Fare a meno di un pendolare, fare coworking o accompagnare i bambini alle lezioni di nuoto nel pomeriggio? Quello che per molti sembra un sogno, per i quattro membri del team di Ofri \u00e8 realt\u00e0. Questa societ\u00e0 con sede a Zurigo gestisce un portale di artigianato indipendente dal 2011. I dipendenti di Ofri determinano liberamente il loro luogo di lavoro e l'orario di lavoro.\u00a0<span style=\"display: inline !important; float: none; background-color: transparent; color: #333333; cursor: text; font-family: Georgia,'Times New Roman','Bitstream Charter',Times,serif; font-size: 16px; font-style: normal; font-variant: normal; font-weight: 400; letter-spacing: normal; orphans: 2; text-align: left; text-decoration: none; text-indent: 0px; text-transform: none; -webkit-text-stroke-width: 0px; white-space: normal; word-spacing: 0px;\">Con il lavoro a distanza, l'attenzione \u00e8 anche sul risultato del lavoro del <\/span><span style=\"display: inline !important; float: none; background-color: transparent; color: #333333; cursor: text; font-family: Georgia,'Times New Roman','Bitstream Charter',Times,serif; font-size: 16px; font-style: normal; font-variant: normal; font-weight: 400; letter-spacing: normal; orphans: 2; text-align: left; text-decoration: none; text-indent: 0px; text-transform: none; -webkit-text-stroke-width: 0px; white-space: normal; word-spacing: 0px;\">dipendenti e non sul suo orario di presenza.<\/span><\/p>\n<h2>Il risultato \u00e8 pi\u00f9 importante della presenza<\/h2>\n<p>\"Il risultato del lavoro \u00e8 importante per me. Quando e da dove lavorano i miei dipendenti non \u00e8 importante per me\", introduce Benny Hertach, fondatore della piattaforma degli artigiani. Dal 2015, l'azienda con sede a Zurigo lavora in modo completamente indipendente dalla sede. I suoi dipendenti si trovano attualmente in Grecia, Polonia, Spagna e Svizzera. L'unica cosa che richiede \u00e8 che la differenza di orario con l'ufficio di Zurigo sia al massimo di due ore. \"Durante i primi quattro anni, ero l'unico dipendente della mia azienda. Durante questo periodo ho imparato ad apprezzare i vantaggi del lavoro indipendente. In caso di temperature particolarmente calde<br \/>\ngiorni, ho fatto una pausa nel pomeriggio e ho lavorato pi\u00f9 a lungo la sera\". Per lui era chiaro che voleva offrire ai suoi collaboratori la stessa libert\u00e0. Alcuni membri del team sono nottambuli, altri lavorano meglio la mattina presto. Tutti sanno quando e dove sono pi\u00f9 produttivi, quindi non vuole interferire artificialmente.<\/p>\n<h2>Documentazione e incontri regolari via webcam<\/h2>\n<p>La forma decentralizzata e asincrona del lavoro richiede una documentazione trasparente. Utilizzando programmi di comunicazione e gestione dei progetti come Slack, Trello o Confluence, i dipendenti possono visualizzare lo stato, gli obiettivi e i prossimi compiti. La squadra si incontra regolarmente - almeno virtualmente. Il team dell'Ofri tiene riunioni settimanali di squadra e di progetto utilizzando il programma di videoconferenza Zoom. Anche qui viene tenuta una documentazione meticolosa, ha detto recentemente la sua dipendente Corina Burri <a href=\"https:\/\/www.forbes.com\/sites\/barnabylashbrooke\/2019\/03\/19\/forget-jeff-bezos-two-pizza-rulelets- put-meetings-out-of-their-misery\/#56c480d81c51\">Forbes<\/a>.<\/p>\n<h2>Ritiro aziendale come compensazione<\/h2>\n<p>Anche il lavoro a distanza ha delle sfide, sottolinea Hertach: \"Non ci incontriamo per caso nella cucina del caff\u00e8. C'\u00e8 il rischio che il rapporto di lavoro diventi troppo sterile\". Per contrastare questo, il team Ofri ha incorporato un anno fa una sessione culturale di 15 minuti nella riunione del team. Per una volta, non si tratta di ottimizzare le cifre chiave o la cura dei clienti, ma di piani per il fine settimana, consigli per le serie e blog preferiti.<\/p>\n<p>Negli ultimi tre anni, il team di Ofri ha anche tenuto un ritiro aziendale annuale. Per cinque giorni, i membri del team si incontrano in una citt\u00e0 e lavorano insieme allo sviluppo del prodotto per i successivi dodici mesi. Ma la parte culturale non \u00e8 trascurata. Durante un giorno e mezzo, la squadra si concede un'attivit\u00e0 di svago insieme. Che si tratti di escursioni a Malta, di stand-up paddling a Lisbona o di una conferenza a Zurigo. \u00c8 stato anche al primo ritiro aziendale a Malta che Silvia Piangou, responsabile del servizio clienti, ha incontrato il suo supervisore di persona per la prima volta. \"Naturalmente ho aspettato il primo vero incontro con eccitazione. Eravamo in contatto quotidiano via Slack e Zoom da due anni, ma non ci eravamo mai incontrati\", dice Piangou. \"La tensione si \u00e8 dissipata con la prima stretta di mano\", continua Piangou. Era stupita di quanto bene conoscesse gi\u00e0 il suo supervisore grazie alla collaborazione digitale. \"L'incontro ci ha permesso di rafforzare ulteriormente la nostra fiducia reciproca\", aggiunge Piangou.<\/p>\n<h2>Ricerca di lavoratori qualificati in tutta Europa<\/h2>\n<p>\"Al momento del reclutamento, ho potuto prendere in considerazione anche candidati provenienti da molto lontano da Zurigo. Il raggio dei candidati \u00e8 aumentato, ho potuto essere pi\u00f9 selettivo e reclutare le persone che davvero si adattano meglio a noi professionalmente e personalmente\", questo \u00e8 il vantaggio pi\u00f9 importante per lui da un punto di vista imprenditoriale, spiega Hertach. Nella sua esperienza, dice, i dipendenti esperti in particolare non sono disposti a trasferirsi per un nuovo lavoro.<\/p>\n<p><em>Fonte: <a href=\"http:\/\/www.ofri.ch\">Ofri<\/a><\/em><\/p>","protected":false},"excerpt":{"rendered":"<p>Aufs Pendeln verzichten, im Coworking arbeiten oder die Kinder nachmittags in den Schwimmkurs begleiten? Was f\u00fcr viele wie ein Traum klingt, ist f\u00fcr das vierk\u00f6pfige Team von Ofri Realit\u00e4t. Dieses in Z\u00fcrich ans\u00e4ssige Unternehmen betreibt seit 2011 ein unabh\u00e4ngiges Handwerkerportal. Die Angestellten von Ofri bestimmen ihren Arbeitsort und die Arbeitseinteilung frei.\u00a0Bei Remote-Work liegt der Fokus [&hellip;]<\/p>\n","protected":false},"author":4,"featured_media":5630,"comment_status":"open","ping_status":"open","sticky":false,"template":"","format":"standard","meta":{"_acf_changed":false,"_yoast_wpseo_focuskw":"Remote-Work","_yoast_wpseo_metadesc":"Benny Hertach, Gr\u00fcnder der Handwerkerplattform Ofri, experimentiert seit vier Jahren mit Remote-Work. Seine Mitarbeiter w\u00e4hlen den Arbeitsort selbst.","articlekey":"","footnotes":""},"categories":[28],"tags":[51,363,492],"class_list":["post-5629","post","type-post","status-publish","format-standard","has-post-thumbnail","hentry","category-management","tag-arbeitsplatzgestaltung","tag-new-work","tag-unternehmen"],"acf":[],"yoast_head":"<!-- This site is optimized with the Yoast SEO plugin v27.4 - https:\/\/yoast.com\/product\/yoast-seo-wordpress\/ -->\n<title>Remote-Work: Den Chef das erste Mal nach zwei Jahren getroffen - Organisator<\/title>\n<meta name=\"description\" content=\"Benny Hertach, Gr\u00fcnder der Handwerkerplattform Ofri, experimentiert seit vier Jahren mit Remote-Work. Seine Mitarbeiter w\u00e4hlen den Arbeitsort selbst.\" \/>\n<meta name=\"robots\" content=\"index, follow, max-snippet:-1, max-image-preview:large, max-video-preview:-1\" \/>\n<link rel=\"canonical\" href=\"https:\/\/www.organisator.ch\/it\/gestione-2\/2019-08-02\/remote-work-den-chef-das-erste-mal-nach-zwei-jahren-getroffen\/\" \/>\n<meta property=\"og:locale\" content=\"it_IT\" \/>\n<meta property=\"og:type\" content=\"article\" \/>\n<meta property=\"og:title\" content=\"Remote-Work: Den Chef das erste Mal nach zwei Jahren getroffen\" \/>\n<meta property=\"og:description\" content=\"Benny Hertach, Gr\u00fcnder der Handwerkerplattform Ofri, experimentiert seit vier Jahren mit Remote-Work. Seine Mitarbeiter w\u00e4hlen den Arbeitsort selbst.\" \/>\n<meta property=\"og:url\" content=\"https:\/\/www.organisator.ch\/it\/gestione-2\/2019-08-02\/remote-work-den-chef-das-erste-mal-nach-zwei-jahren-getroffen\/\" \/>\n<meta property=\"og:site_name\" content=\"Organisator\" \/>\n<meta property=\"article:publisher\" content=\"https:\/\/www.facebook.com\/OrganisatorFachmagazin\" \/>\n<meta property=\"article:published_time\" content=\"2019-08-02T13:54:01+00:00\" \/>\n<meta property=\"og:image\" content=\"https:\/\/www.organisator.ch\/wp-content\/uploads\/2019\/08\/Remote-Work-Den-Chef-das-erste-Mal-nach-zwei-Jahren-getroffen_Organisator.jpg\" \/>\n\t<meta property=\"og:image:width\" content=\"678\" \/>\n\t<meta property=\"og:image:height\" content=\"392\" \/>\n\t<meta property=\"og:image:type\" content=\"image\/jpeg\" \/>\n<meta name=\"author\" content=\"thomas.berner\" \/>\n<meta name=\"twitter:card\" content=\"summary_large_image\" \/>\n<meta name=\"twitter:title\" content=\"#Remote-Work: Den Chef das erste Mal nach zwei Jahren getroffen\" \/>\n<meta name=\"twitter:description\" content=\"Benny Hertach, Gr\u00fcnder der Handwerkerplattform #Ofri, experimentiert seit vier Jahren mit #Remote-Work. Seine Mitarbeiter w\u00e4hlen den Arbeitsort selbst.\" \/>\n<meta name=\"twitter:image\" content=\"https:\/\/www.organisator.ch\/wp-content\/uploads\/2019\/08\/Remote-Work-Den-Chef-das-erste-Mal-nach-zwei-Jahren-getroffen_Organisator.jpg\" \/>\n<script type=\"application\/ld+json\" class=\"yoast-schema-graph\">{\"@context\":\"https:\\\/\\\/schema.org\",\"@graph\":[{\"@type\":\"Article\",\"@id\":\"https:\\\/\\\/www.organisator.ch\\\/management\\\/2019-08-02\\\/remote-work-den-chef-das-erste-mal-nach-zwei-jahren-getroffen\\\/#article\",\"isPartOf\":{\"@id\":\"https:\\\/\\\/www.organisator.ch\\\/management\\\/2019-08-02\\\/remote-work-den-chef-das-erste-mal-nach-zwei-jahren-getroffen\\\/\"},\"author\":{\"name\":\"thomas.berner\",\"@id\":\"https:\\\/\\\/www.organisator.ch\\\/#\\\/schema\\\/person\\\/6f650f90b2842cd4c0cc334b4e36f67e\"},\"headline\":\"Remote-Work: Den Chef das erste Mal nach zwei Jahren getroffen\",\"datePublished\":\"2019-08-02T13:54:01+00:00\",\"mainEntityOfPage\":{\"@id\":\"https:\\\/\\\/www.organisator.ch\\\/management\\\/2019-08-02\\\/remote-work-den-chef-das-erste-mal-nach-zwei-jahren-getroffen\\\/\"},\"wordCount\":654,\"commentCount\":0,\"publisher\":{\"@id\":\"https:\\\/\\\/www.organisator.ch\\\/#organization\"},\"image\":{\"@id\":\"https:\\\/\\\/www.organisator.ch\\\/management\\\/2019-08-02\\\/remote-work-den-chef-das-erste-mal-nach-zwei-jahren-getroffen\\\/#primaryimage\"},\"thumbnailUrl\":\"https:\\\/\\\/www.organisator.ch\\\/wp-content\\\/uploads\\\/2019\\\/08\\\/Remote-Work-Den-Chef-das-erste-Mal-nach-zwei-Jahren-getroffen_Organisator.jpg\",\"keywords\":[\"Arbeitsplatzgestaltung\",\"New Work\",\"Unternehmen\"],\"articleSection\":[\"MANAGEMENT\"],\"inLanguage\":\"it-IT\"},{\"@type\":\"WebPage\",\"@id\":\"https:\\\/\\\/www.organisator.ch\\\/management\\\/2019-08-02\\\/remote-work-den-chef-das-erste-mal-nach-zwei-jahren-getroffen\\\/\",\"url\":\"https:\\\/\\\/www.organisator.ch\\\/management\\\/2019-08-02\\\/remote-work-den-chef-das-erste-mal-nach-zwei-jahren-getroffen\\\/\",\"name\":\"Remote-Work: Den Chef das erste Mal nach zwei Jahren getroffen - Organisator\",\"isPartOf\":{\"@id\":\"https:\\\/\\\/www.organisator.ch\\\/#website\"},\"primaryImageOfPage\":{\"@id\":\"https:\\\/\\\/www.organisator.ch\\\/management\\\/2019-08-02\\\/remote-work-den-chef-das-erste-mal-nach-zwei-jahren-getroffen\\\/#primaryimage\"},\"image\":{\"@id\":\"https:\\\/\\\/www.organisator.ch\\\/management\\\/2019-08-02\\\/remote-work-den-chef-das-erste-mal-nach-zwei-jahren-getroffen\\\/#primaryimage\"},\"thumbnailUrl\":\"https:\\\/\\\/www.organisator.ch\\\/wp-content\\\/uploads\\\/2019\\\/08\\\/Remote-Work-Den-Chef-das-erste-Mal-nach-zwei-Jahren-getroffen_Organisator.jpg\",\"datePublished\":\"2019-08-02T13:54:01+00:00\",\"description\":\"Benny Hertach, Gr\u00fcnder der Handwerkerplattform Ofri, experimentiert seit vier Jahren mit Remote-Work. Seine Mitarbeiter w\u00e4hlen den Arbeitsort selbst.\",\"breadcrumb\":{\"@id\":\"https:\\\/\\\/www.organisator.ch\\\/management\\\/2019-08-02\\\/remote-work-den-chef-das-erste-mal-nach-zwei-jahren-getroffen\\\/#breadcrumb\"},\"inLanguage\":\"it-IT\",\"potentialAction\":[{\"@type\":\"ReadAction\",\"target\":[\"https:\\\/\\\/www.organisator.ch\\\/management\\\/2019-08-02\\\/remote-work-den-chef-das-erste-mal-nach-zwei-jahren-getroffen\\\/\"]}]},{\"@type\":\"ImageObject\",\"inLanguage\":\"it-IT\",\"@id\":\"https:\\\/\\\/www.organisator.ch\\\/management\\\/2019-08-02\\\/remote-work-den-chef-das-erste-mal-nach-zwei-jahren-getroffen\\\/#primaryimage\",\"url\":\"https:\\\/\\\/www.organisator.ch\\\/wp-content\\\/uploads\\\/2019\\\/08\\\/Remote-Work-Den-Chef-das-erste-Mal-nach-zwei-Jahren-getroffen_Organisator.jpg\",\"contentUrl\":\"https:\\\/\\\/www.organisator.ch\\\/wp-content\\\/uploads\\\/2019\\\/08\\\/Remote-Work-Den-Chef-das-erste-Mal-nach-zwei-Jahren-getroffen_Organisator.jpg\",\"width\":678,\"height\":392,\"caption\":\"Remote-Work: Das Team von Ofri bestimmt seinen Arbeitsplatz selbst und trifft sich einmal im Jahr zu einem Company-Retreat. (Bild: zVg \\\/ Ofri)\"},{\"@type\":\"BreadcrumbList\",\"@id\":\"https:\\\/\\\/www.organisator.ch\\\/management\\\/2019-08-02\\\/remote-work-den-chef-das-erste-mal-nach-zwei-jahren-getroffen\\\/#breadcrumb\",\"itemListElement\":[{\"@type\":\"ListItem\",\"position\":1,\"name\":\"Home\",\"item\":\"https:\\\/\\\/www.organisator.ch\\\/\"},{\"@type\":\"ListItem\",\"position\":2,\"name\":\"Remote-Work: Den Chef das erste Mal nach zwei Jahren getroffen\"}]},{\"@type\":\"WebSite\",\"@id\":\"https:\\\/\\\/www.organisator.ch\\\/#website\",\"url\":\"https:\\\/\\\/www.organisator.ch\\\/\",\"name\":\"Organisator\",\"description\":\"Kompetent. Praxisnah. Der ORGANISATOR bereitet in 10 Ausgaben pro Jahr die wesentlichen Themen f\u00fcr F\u00fchrungskr\u00e4fte von KMU auf.\",\"publisher\":{\"@id\":\"https:\\\/\\\/www.organisator.ch\\\/#organization\"},\"potentialAction\":[{\"@type\":\"SearchAction\",\"target\":{\"@type\":\"EntryPoint\",\"urlTemplate\":\"https:\\\/\\\/www.organisator.ch\\\/?s={search_term_string}\"},\"query-input\":{\"@type\":\"PropertyValueSpecification\",\"valueRequired\":true,\"valueName\":\"search_term_string\"}}],\"inLanguage\":\"it-IT\"},{\"@type\":\"Organization\",\"@id\":\"https:\\\/\\\/www.organisator.ch\\\/#organization\",\"name\":\"Organisator\",\"url\":\"https:\\\/\\\/www.organisator.ch\\\/\",\"logo\":{\"@type\":\"ImageObject\",\"inLanguage\":\"it-IT\",\"@id\":\"https:\\\/\\\/www.organisator.ch\\\/#\\\/schema\\\/logo\\\/image\\\/\",\"url\":\"https:\\\/\\\/www.organisator.ch\\\/wp-content\\\/uploads\\\/2022\\\/01\\\/Logo_Organisator_Website.png\",\"contentUrl\":\"https:\\\/\\\/www.organisator.ch\\\/wp-content\\\/uploads\\\/2022\\\/01\\\/Logo_Organisator_Website.png\",\"width\":800,\"height\":77,\"caption\":\"Organisator\"},\"image\":{\"@id\":\"https:\\\/\\\/www.organisator.ch\\\/#\\\/schema\\\/logo\\\/image\\\/\"},\"sameAs\":[\"https:\\\/\\\/www.facebook.com\\\/OrganisatorFachmagazin\",\"https:\\\/\\\/www.linkedin.com\\\/showcase\\\/organisator-das-magazin-fr-kmu\",\"https:\\\/\\\/www.xing.com\\\/news\\\/pages\\\/organisator-ch-695\",\"https:\\\/\\\/www.youtube.com\\\/channel\\\/UCGP2Sq0iWaZwT3BdIAQFYpw\"]},{\"@type\":\"Person\",\"@id\":\"https:\\\/\\\/www.organisator.ch\\\/#\\\/schema\\\/person\\\/6f650f90b2842cd4c0cc334b4e36f67e\",\"name\":\"thomas.berner\",\"image\":{\"@type\":\"ImageObject\",\"inLanguage\":\"it-IT\",\"@id\":\"https:\\\/\\\/secure.gravatar.com\\\/avatar\\\/ac5001d2a36cb6c6cd3e50789007ffca834b477b74a2144564522e944eabff61?s=96&d=mm&r=g\",\"url\":\"https:\\\/\\\/secure.gravatar.com\\\/avatar\\\/ac5001d2a36cb6c6cd3e50789007ffca834b477b74a2144564522e944eabff61?s=96&d=mm&r=g\",\"contentUrl\":\"https:\\\/\\\/secure.gravatar.com\\\/avatar\\\/ac5001d2a36cb6c6cd3e50789007ffca834b477b74a2144564522e944eabff61?s=96&d=mm&r=g\",\"caption\":\"thomas.berner\"},\"url\":\"https:\\\/\\\/www.organisator.ch\\\/it\\\/author\\\/thomas-berner\\\/\"}]}<\/script>\n<!-- \/ Yoast SEO plugin. -->","yoast_head_json":{"title":"Lavoro a distanza: incontrare il capo per la prima volta dopo due anni - Organizzatore","description":"Benny Hertach, fondatore della piattaforma di artigianato Ofri, sperimenta il lavoro a distanza da quattro anni. I suoi dipendenti scelgono da soli il luogo di lavoro.","robots":{"index":"index","follow":"follow","max-snippet":"max-snippet:-1","max-image-preview":"max-image-preview:large","max-video-preview":"max-video-preview:-1"},"canonical":"https:\/\/www.organisator.ch\/it\/gestione-2\/2019-08-02\/remote-work-den-chef-das-erste-mal-nach-zwei-jahren-getroffen\/","og_locale":"it_IT","og_type":"article","og_title":"Remote-Work: Den Chef das erste Mal nach zwei Jahren getroffen","og_description":"Benny Hertach, Gr\u00fcnder der Handwerkerplattform Ofri, experimentiert seit vier Jahren mit Remote-Work. Seine Mitarbeiter w\u00e4hlen den Arbeitsort selbst.","og_url":"https:\/\/www.organisator.ch\/it\/gestione-2\/2019-08-02\/remote-work-den-chef-das-erste-mal-nach-zwei-jahren-getroffen\/","og_site_name":"Organisator","article_publisher":"https:\/\/www.facebook.com\/OrganisatorFachmagazin","article_published_time":"2019-08-02T13:54:01+00:00","og_image":[{"width":678,"height":392,"url":"https:\/\/www.organisator.ch\/wp-content\/uploads\/2019\/08\/Remote-Work-Den-Chef-das-erste-Mal-nach-zwei-Jahren-getroffen_Organisator.jpg","type":"image\/jpeg"}],"author":"thomas.berner","twitter_card":"summary_large_image","twitter_title":"#Remote-Work: Den Chef das erste Mal nach zwei Jahren getroffen","twitter_description":"Benny Hertach, Gr\u00fcnder der Handwerkerplattform #Ofri, experimentiert seit vier Jahren mit #Remote-Work. Seine Mitarbeiter w\u00e4hlen den Arbeitsort selbst.","twitter_image":"https:\/\/www.organisator.ch\/wp-content\/uploads\/2019\/08\/Remote-Work-Den-Chef-das-erste-Mal-nach-zwei-Jahren-getroffen_Organisator.jpg","schema":{"@context":"https:\/\/schema.org","@graph":[{"@type":"Article","@id":"https:\/\/www.organisator.ch\/management\/2019-08-02\/remote-work-den-chef-das-erste-mal-nach-zwei-jahren-getroffen\/#article","isPartOf":{"@id":"https:\/\/www.organisator.ch\/management\/2019-08-02\/remote-work-den-chef-das-erste-mal-nach-zwei-jahren-getroffen\/"},"author":{"name":"thomas.berner","@id":"https:\/\/www.organisator.ch\/#\/schema\/person\/6f650f90b2842cd4c0cc334b4e36f67e"},"headline":"Remote-Work: Den Chef das erste Mal nach zwei Jahren getroffen","datePublished":"2019-08-02T13:54:01+00:00","mainEntityOfPage":{"@id":"https:\/\/www.organisator.ch\/management\/2019-08-02\/remote-work-den-chef-das-erste-mal-nach-zwei-jahren-getroffen\/"},"wordCount":654,"commentCount":0,"publisher":{"@id":"https:\/\/www.organisator.ch\/#organization"},"image":{"@id":"https:\/\/www.organisator.ch\/management\/2019-08-02\/remote-work-den-chef-das-erste-mal-nach-zwei-jahren-getroffen\/#primaryimage"},"thumbnailUrl":"https:\/\/www.organisator.ch\/wp-content\/uploads\/2019\/08\/Remote-Work-Den-Chef-das-erste-Mal-nach-zwei-Jahren-getroffen_Organisator.jpg","keywords":["Arbeitsplatzgestaltung","New Work","Unternehmen"],"articleSection":["MANAGEMENT"],"inLanguage":"it-IT"},{"@type":"WebPage","@id":"https:\/\/www.organisator.ch\/management\/2019-08-02\/remote-work-den-chef-das-erste-mal-nach-zwei-jahren-getroffen\/","url":"https:\/\/www.organisator.ch\/management\/2019-08-02\/remote-work-den-chef-das-erste-mal-nach-zwei-jahren-getroffen\/","name":"Lavoro a distanza: incontrare il capo per la prima volta dopo due anni - Organizzatore","isPartOf":{"@id":"https:\/\/www.organisator.ch\/#website"},"primaryImageOfPage":{"@id":"https:\/\/www.organisator.ch\/management\/2019-08-02\/remote-work-den-chef-das-erste-mal-nach-zwei-jahren-getroffen\/#primaryimage"},"image":{"@id":"https:\/\/www.organisator.ch\/management\/2019-08-02\/remote-work-den-chef-das-erste-mal-nach-zwei-jahren-getroffen\/#primaryimage"},"thumbnailUrl":"https:\/\/www.organisator.ch\/wp-content\/uploads\/2019\/08\/Remote-Work-Den-Chef-das-erste-Mal-nach-zwei-Jahren-getroffen_Organisator.jpg","datePublished":"2019-08-02T13:54:01+00:00","description":"Benny Hertach, fondatore della piattaforma di artigianato Ofri, sperimenta il lavoro a distanza da quattro anni. I suoi dipendenti scelgono da soli il luogo di lavoro.","breadcrumb":{"@id":"https:\/\/www.organisator.ch\/management\/2019-08-02\/remote-work-den-chef-das-erste-mal-nach-zwei-jahren-getroffen\/#breadcrumb"},"inLanguage":"it-IT","potentialAction":[{"@type":"ReadAction","target":["https:\/\/www.organisator.ch\/management\/2019-08-02\/remote-work-den-chef-das-erste-mal-nach-zwei-jahren-getroffen\/"]}]},{"@type":"ImageObject","inLanguage":"it-IT","@id":"https:\/\/www.organisator.ch\/management\/2019-08-02\/remote-work-den-chef-das-erste-mal-nach-zwei-jahren-getroffen\/#primaryimage","url":"https:\/\/www.organisator.ch\/wp-content\/uploads\/2019\/08\/Remote-Work-Den-Chef-das-erste-Mal-nach-zwei-Jahren-getroffen_Organisator.jpg","contentUrl":"https:\/\/www.organisator.ch\/wp-content\/uploads\/2019\/08\/Remote-Work-Den-Chef-das-erste-Mal-nach-zwei-Jahren-getroffen_Organisator.jpg","width":678,"height":392,"caption":"Remote-Work: Das Team von Ofri bestimmt seinen Arbeitsplatz selbst und trifft sich einmal im Jahr zu einem Company-Retreat. (Bild: zVg \/ Ofri)"},{"@type":"BreadcrumbList","@id":"https:\/\/www.organisator.ch\/management\/2019-08-02\/remote-work-den-chef-das-erste-mal-nach-zwei-jahren-getroffen\/#breadcrumb","itemListElement":[{"@type":"ListItem","position":1,"name":"Home","item":"https:\/\/www.organisator.ch\/"},{"@type":"ListItem","position":2,"name":"Remote-Work: Den Chef das erste Mal nach zwei Jahren getroffen"}]},{"@type":"WebSite","@id":"https:\/\/www.organisator.ch\/#website","url":"https:\/\/www.organisator.ch\/","name":"Organizzatore","description":"Competente. Pratico. In 10 numeri all'anno, ORGANISATOR presenta i temi essenziali per i manager delle PMI.","publisher":{"@id":"https:\/\/www.organisator.ch\/#organization"},"potentialAction":[{"@type":"SearchAction","target":{"@type":"EntryPoint","urlTemplate":"https:\/\/www.organisator.ch\/?s={search_term_string}"},"query-input":{"@type":"PropertyValueSpecification","valueRequired":true,"valueName":"search_term_string"}}],"inLanguage":"it-IT"},{"@type":"Organization","@id":"https:\/\/www.organisator.ch\/#organization","name":"Organizzatore","url":"https:\/\/www.organisator.ch\/","logo":{"@type":"ImageObject","inLanguage":"it-IT","@id":"https:\/\/www.organisator.ch\/#\/schema\/logo\/image\/","url":"https:\/\/www.organisator.ch\/wp-content\/uploads\/2022\/01\/Logo_Organisator_Website.png","contentUrl":"https:\/\/www.organisator.ch\/wp-content\/uploads\/2022\/01\/Logo_Organisator_Website.png","width":800,"height":77,"caption":"Organisator"},"image":{"@id":"https:\/\/www.organisator.ch\/#\/schema\/logo\/image\/"},"sameAs":["https:\/\/www.facebook.com\/OrganisatorFachmagazin","https:\/\/www.linkedin.com\/showcase\/organisator-das-magazin-fr-kmu","https:\/\/www.xing.com\/news\/pages\/organisator-ch-695","https:\/\/www.youtube.com\/channel\/UCGP2Sq0iWaZwT3BdIAQFYpw"]},{"@type":"Person","@id":"https:\/\/www.organisator.ch\/#\/schema\/person\/6f650f90b2842cd4c0cc334b4e36f67e","name":"Tommaso.berner","image":{"@type":"ImageObject","inLanguage":"it-IT","@id":"https:\/\/secure.gravatar.com\/avatar\/ac5001d2a36cb6c6cd3e50789007ffca834b477b74a2144564522e944eabff61?s=96&d=mm&r=g","url":"https:\/\/secure.gravatar.com\/avatar\/ac5001d2a36cb6c6cd3e50789007ffca834b477b74a2144564522e944eabff61?s=96&d=mm&r=g","contentUrl":"https:\/\/secure.gravatar.com\/avatar\/ac5001d2a36cb6c6cd3e50789007ffca834b477b74a2144564522e944eabff61?s=96&d=mm&r=g","caption":"thomas.berner"},"url":"https:\/\/www.organisator.ch\/it\/author\/thomas-berner\/"}]}},"_links":{"self":[{"href":"https:\/\/www.organisator.ch\/it\/wp-json\/wp\/v2\/posts\/5629","targetHints":{"allow":["GET"]}}],"collection":[{"href":"https:\/\/www.organisator.ch\/it\/wp-json\/wp\/v2\/posts"}],"about":[{"href":"https:\/\/www.organisator.ch\/it\/wp-json\/wp\/v2\/types\/post"}],"author":[{"embeddable":true,"href":"https:\/\/www.organisator.ch\/it\/wp-json\/wp\/v2\/users\/4"}],"replies":[{"embeddable":true,"href":"https:\/\/www.organisator.ch\/it\/wp-json\/wp\/v2\/comments?post=5629"}],"version-history":[{"count":0,"href":"https:\/\/www.organisator.ch\/it\/wp-json\/wp\/v2\/posts\/5629\/revisions"}],"wp:featuredmedia":[{"embeddable":true,"href":"https:\/\/www.organisator.ch\/it\/wp-json\/wp\/v2\/media\/5630"}],"wp:attachment":[{"href":"https:\/\/www.organisator.ch\/it\/wp-json\/wp\/v2\/media?parent=5629"}],"wp:term":[{"taxonomy":"category","embeddable":true,"href":"https:\/\/www.organisator.ch\/it\/wp-json\/wp\/v2\/categories?post=5629"},{"taxonomy":"post_tag","embeddable":true,"href":"https:\/\/www.organisator.ch\/it\/wp-json\/wp\/v2\/tags?post=5629"}],"curies":[{"name":"wp","href":"https:\/\/api.w.org\/{rel}","templated":true}]}}