{"id":564,"date":"2016-10-09T16:30:27","date_gmt":"2016-10-09T14:30:27","guid":{"rendered":"https:\/\/dev.umweltperspektiven.ch\/?p=564"},"modified":"2022-02-09T11:06:23","modified_gmt":"2022-02-09T10:06:23","slug":"windenergie-schadet-voegeln-weniger-als-erwartet","status":"publish","type":"post","link":"https:\/\/www.organisator.ch\/it\/sustainability\/2016-10-09\/windenergie-schadet-voegeln-weniger-als-erwartet\/","title":{"rendered":"L'energia eolica danneggia gli uccelli meno del previsto"},"content":{"rendered":"<figure id=\"attachment_565\" aria-describedby=\"caption-attachment-565\" style=\"width: 680px\" class=\"wp-caption alignnone\"><a href=\"\/\/dev.umweltperspektiven.ch\/wp-content\/uploads\/2016\/12\/Windenergie-schadet-V\u00f6geln-weniger-als-erwartet-umweltperspektiven.jpg\"><img loading=\"lazy\" decoding=\"async\" class=\"size-medium wp-image-565\" src=\"\/\/dev.umweltperspektiven.ch\/wp-content\/uploads\/2016\/12\/Windenergie-schadet-V\u00f6geln-weniger-als-erwartet-umweltperspektiven.jpg\" alt=\"Le Peuchapatte nel Giura: tre turbine eoliche vi forniscono elettricit\u00e0. (Immagine: Suisse Eole)\" width=\"680\" height=\"455\" \/><\/a><figcaption id=\"caption-attachment-565\" class=\"wp-caption-text\">Le Peuchapatte nel Giura: tre turbine eoliche vi forniscono elettricit\u00e0. (Immagine: Suisse Eole)<\/figcaption><\/figure>\n<p>Uno dei <a href=\"https:\/\/www.newsd.admin.ch\/newsd\/message\/attachments\/46367.pdf\" target=\"_blank\" rel=\"noreferrer noopener\" data-cke-saved-href=\"\/\/www.newsd.admin.ch\/newsd\/message\/attachments\/46367.pdf\">Studio condotto dalla stazione ornitologica di Sempach su incarico dell'Ufficio federale dell'energia<\/a> conclude che ogni anno muoiono circa 20 uccelli per ogni turbina eolica.<\/p>\n<p>\u00c8 notevole che a Peuchapatte, da un lato, non sono stati trovati n\u00e9 uccelli morti di specie in pericolo n\u00e9 rapaci morti. Questo nonostante il fatto che spesso si teme che le turbine eoliche rappresentino un pericolo particolare per gli uccelli rapaci.<\/p>\n<p>Inoltre, il numero di uccelli danneggiati \u00e8 molto inferiore a quello che si temeva quando le turbine sono state costruite: La stazione ornitologica di Sempach ha ipotizzato da 0 a 1700 possibili uccelli morti nel suo studio, che \u00e8 stato effettuato prima della costruzione del parco eolico. Gli scettici e gli oppositori dell'energia eolica di solito amano usare la cifra di 1700 uccelli morti, che, come si scopre ora, \u00e8 lontana dalla realt\u00e0.<\/p>\n<p>\"Questi risultati sono un passo avanti per la protezione degli uccelli e l'energia eolica\", dice Reto Rigassi, direttore generale di Suisse Eole, l'associazione per la promozione dell'energia eolica. \"Mostra in modo esemplare e molto chiaro che le paure nella protezione degli uccelli spesso hanno poco a che fare con la realt\u00e0 e portano a conclusioni sbagliate\".<\/p>\n<p><strong>Gli uccelli riconoscono l'ostacolo<\/strong><br \/>\nLa cifra riportata di 1.700 uccelli uccisi all'anno \u00e8 una cifra puramente teorica: presuppone che gli uccelli, specialmente quando migrano, volino semplicemente dritti contro le pale della turbina eolica. \"Le 20 vittime d'impatto registrate per turbina mostrano che la grande maggioranza degli uccelli \u00e8 molto consapevole delle turbine eoliche e vola intorno ad esse\", spiega Reto Rigassi. Gli uccelli sono quindi in grado di imparare e normalmente riconoscono la turbina come un ostacolo, come dimostrano anche gli studi sulla turbina Calandawind nella Valle del Reno e gli studi provenienti dalla Germania.<\/p>\n<p><strong>Usare il denaro per la protezione degli uccelli nel modo pi\u00f9 efficiente possibile<\/strong><br \/>\nLa grande differenza tra i valori teorici dello studio di pre-costruzione, molto costoso, e i risultati effettivi dello studio durante il funzionamento dimostra che le previsioni teoriche sono spesso molto imprecise, se non impossibili, nonostante i notevoli sforzi.<\/p>\n<p>\"Gli sviluppatori del progetto stanno spendendo un sacco di soldi che sono di scarsa utilit\u00e0 per l'avifauna. Questo potrebbe essere usato molto pi\u00f9 efficacemente se, invece di studi teorici molto completi, si studiassero a fondo gli effetti reali in funzione. Sulla base di questi risultati, si potrebbero poi adottare misure mirate, se necessario. Questo \u00e8 ci\u00f2 che \u00e8 noto come gestione adattiva\", spiega l'esperto di vento Rigassi. In zone particolarmente sensibili, studi pi\u00f9 dettagliati sull'avifauna sono ancora opportuni nel periodo che precede la costruzione di parchi eolici.<\/p>\n<p><strong>L'energia eolica aiuta anche gli uccelli<\/strong><br \/>\nLa Suisse Eole \u00e8 consapevole del fatto che numerose specie di uccelli sono gi\u00e0 minacciate e che ulteriori impatti negativi dovrebbero quindi essere evitati per quanto possibile. Tuttavia, la pi\u00f9 grande minaccia per gli uccelli \u00e8 il cambiamento climatico: 75 % di tutte le specie di uccelli sono minacciati dal cambiamento climatico. L'energia eolica fornisce preziosa elettricit\u00e0 invernale che completa in modo ottimale l'energia solare e idroelettrica, in modo che i sistemi di riscaldamento fossili possano essere sostituiti da pompe di calore e i veicoli a benzina e diesel da veicoli elettrici.<\/p>\n<p><strong>13 milioni di uccelli morti a causa del traffico, dei gatti e dei vetri\u00a0<\/strong><br \/>\nOgni anno, si stima che 10 milioni di uccelli muoiano in Svizzera perch\u00e9 colpiscono le facciate e i vetri delle finestre. I gatti domestici uccidono circa 2 milioni di uccelli e il traffico stradale uccide circa 1 milione di uccelli all'anno. Lo studio della stazione ornitologica di Sempach, realizzato durante il funzionamento del parco eolico di Peuchapatte, mostra che ogni anno muoiono 20 uccelli per ogni turbina eolica, che \u00e8 lo stesso numero che un gatto domestico uccide in media ogni anno. Estrapolando un'espansione dell'energia eolica in linea con gli obiettivi della Strategia energetica 2050 del governo federale, ci si potrebbe aspettare un massimo di 20.000 uccelli morti all'anno.<\/p>\n<p><strong>Lo studio<\/strong><br \/>\nLo studio si \u00e8 svolto tra la fine di febbraio e la met\u00e0 di novembre 2015 nel sito di Le Peuchapatte a 1.100 metri di altitudine nel comune di Muriaux (JU). Tre turbine eoliche Enercon E-82 con un'altezza totale (incluso il rotore) di circa 150 metri sono state installate l\u00ec dal 2010. In un totale di 85 giorni, l'area intorno alle turbine \u00e8 stata sistematicamente cercata per le vittime in un raggio di 100 metri (o 50 metri in 15 giorni nei mesi estivi).<\/p>\n<p>Per la valutazione, sono stati presi in considerazione l'efficienza della ricerca, il tasso di ritenzione giornaliera delle vittime di uccelli e la probabilit\u00e0 che un uccello in collisione cada sull'area sorvegliata. I calcoli per determinare i tassi di collisione assoluti erano conservativi. Allo stesso tempo, l'intensit\u00e0 della migrazione degli uccelli \u00e8 stata quantitativamente registrata continuamente (24 ore al giorno) per 265 giorni (26.2.-17.11.2015) utilizzando un radar BirdScanMT1.<\/p>\n<p>\u00c8 stato determinato un valore mediano di 20,7 vittime di impatto per WT e anno. Le vittime delle collisioni erano soprattutto piccoli uccelli che migravano di notte, tra cui cardellini e tordi, ma anche rondoni e germani reali. Le fratture ossee erano visibili nelle radiografie di una gran parte delle vittime dell'impatto esaminate pi\u00f9 da vicino.<\/p>\n<p>Gli eventi di collisione sono stati registrati principalmente durante la stagione migratoria in primavera e in autunno. Tuttavia, non si sono sempre verificati solo ad alta intensit\u00e0 migratoria nella gamma altitudinale delle turbine. Questo dimostra che la relazione tra l'intensit\u00e0 migratoria e il numero di vittime all'interno della stagione migratoria \u00e8 pi\u00f9 complessa di quanto ipotizzato in precedenza. \u00c8 probabile che le differenze di visibilit\u00e0 legate al tempo giochino un ruolo aggiuntivo importante. \u00c8 qui che sono necessarie ulteriori ricerche.<\/p>\n<p><em>Fonte: Suisse Eole e UFE<\/em><\/p>","protected":false},"excerpt":{"rendered":"<p>Eine von der Vogelwarte Sempach im Auftrag des Bundesamts f\u00fcr Energie durchgef\u00fchrte Studie kommt zum Schluss, dass pro Windenergieanlage j\u00e4hrlich rund 20 V\u00f6gel sterben. Bemerkenswert ist, dass in Peuchapatte einerseits weder tote V\u00f6gel bedrohter Arten noch tote Greifv\u00f6gel gefunden wurden. Dies, obwohl oft bef\u00fcrchtet wird, dass Windenergieanlagen gerade f\u00fcr Greifv\u00f6gel eine besondere Gefahr darstellten. Ausserdem [&hellip;]<\/p>\n","protected":false},"author":1,"featured_media":565,"comment_status":"open","ping_status":"open","sticky":false,"template":"","format":"standard","meta":{"_acf_changed":false,"_yoast_wpseo_focuskw":"V\u00f6geln","_yoast_wpseo_metadesc":"Eine wissenschaftliche Studie der Vogelwarte Sempach zeigt, dass der Vogelschlag im Windpark Peuchapatte im Jura kleiner ist als erwartet.","articlekey":"","footnotes":""},"categories":[580],"tags":[1086,459,2236,2483,2569],"class_list":["post-564","post","type-post","status-publish","format-standard","has-post-thumbnail","hentry","category-sustainability","tag-energiestrategie","tag-studie","tag-suisse-eole","tag-vogelschlag","tag-windenergie"],"acf":[],"yoast_head":"<!-- This site is optimized with the Yoast SEO plugin v27.4 - https:\/\/yoast.com\/product\/yoast-seo-wordpress\/ -->\n<title>Windenergie schadet V\u00f6geln weniger als erwartet - Organisator<\/title>\n<meta name=\"description\" content=\"Eine wissenschaftliche Studie der Vogelwarte Sempach zeigt, dass der Vogelschlag im Windpark Peuchapatte im Jura kleiner ist als erwartet.\" \/>\n<meta name=\"robots\" content=\"index, follow, max-snippet:-1, max-image-preview:large, max-video-preview:-1\" \/>\n<link rel=\"canonical\" href=\"https:\/\/www.organisator.ch\/it\/sostenibilita\/2016-10-09\/windenergie-schadet-voegeln-weniger-als-erwartet\/\" \/>\n<meta property=\"og:locale\" content=\"it_IT\" \/>\n<meta property=\"og:type\" content=\"article\" \/>\n<meta property=\"og:title\" content=\"Windenergie schadet V\u00f6geln weniger als erwartet - Organisator\" \/>\n<meta property=\"og:description\" content=\"Eine wissenschaftliche Studie der Vogelwarte Sempach zeigt, dass der Vogelschlag im Windpark Peuchapatte im Jura kleiner ist als erwartet.\" \/>\n<meta property=\"og:url\" content=\"https:\/\/www.organisator.ch\/it\/sostenibilita\/2016-10-09\/windenergie-schadet-voegeln-weniger-als-erwartet\/\" \/>\n<meta property=\"og:site_name\" content=\"Organisator\" \/>\n<meta property=\"article:publisher\" content=\"https:\/\/www.facebook.com\/OrganisatorFachmagazin\" \/>\n<meta property=\"article:published_time\" content=\"2016-10-09T14:30:27+00:00\" \/>\n<meta property=\"article:modified_time\" content=\"2022-02-09T10:06:23+00:00\" \/>\n<meta property=\"og:image\" content=\"https:\/\/www.organisator.ch\/wp-content\/uploads\/2016\/12\/Windenergie-schadet-Voegeln-weniger-als-erwartet-umweltperspektiven.jpg\" \/>\n\t<meta property=\"og:image:width\" content=\"2480\" \/>\n\t<meta property=\"og:image:height\" content=\"1660\" \/>\n\t<meta property=\"og:image:type\" content=\"image\/jpeg\" \/>\n<meta name=\"author\" content=\"admin\" \/>\n<meta name=\"twitter:card\" content=\"summary_large_image\" \/>\n<script type=\"application\/ld+json\" class=\"yoast-schema-graph\">{\"@context\":\"https:\\\/\\\/schema.org\",\"@graph\":[{\"@type\":\"Article\",\"@id\":\"https:\\\/\\\/www.organisator.ch\\\/sustainability\\\/2016-10-09\\\/windenergie-schadet-voegeln-weniger-als-erwartet\\\/#article\",\"isPartOf\":{\"@id\":\"https:\\\/\\\/www.organisator.ch\\\/sustainability\\\/2016-10-09\\\/windenergie-schadet-voegeln-weniger-als-erwartet\\\/\"},\"author\":{\"name\":\"admin\",\"@id\":\"https:\\\/\\\/www.organisator.ch\\\/#\\\/schema\\\/person\\\/aa2bace6c5c5aad60102004a50c4eb1c\"},\"headline\":\"Windenergie schadet V\u00f6geln weniger als erwartet\",\"datePublished\":\"2016-10-09T14:30:27+00:00\",\"dateModified\":\"2022-02-09T10:06:23+00:00\",\"mainEntityOfPage\":{\"@id\":\"https:\\\/\\\/www.organisator.ch\\\/sustainability\\\/2016-10-09\\\/windenergie-schadet-voegeln-weniger-als-erwartet\\\/\"},\"wordCount\":856,\"commentCount\":0,\"publisher\":{\"@id\":\"https:\\\/\\\/www.organisator.ch\\\/#organization\"},\"image\":{\"@id\":\"https:\\\/\\\/www.organisator.ch\\\/sustainability\\\/2016-10-09\\\/windenergie-schadet-voegeln-weniger-als-erwartet\\\/#primaryimage\"},\"thumbnailUrl\":\"https:\\\/\\\/www.organisator.ch\\\/wp-content\\\/uploads\\\/2016\\\/12\\\/Windenergie-schadet-Voegeln-weniger-als-erwartet-umweltperspektiven.jpg\",\"keywords\":[\"Energiestrategie\",\"Studie\",\"Suisse Eole\",\"Vogelschlag\",\"Windenergie\"],\"articleSection\":[\"SUSTAINABILITY\"],\"inLanguage\":\"it-IT\"},{\"@type\":\"WebPage\",\"@id\":\"https:\\\/\\\/www.organisator.ch\\\/sustainability\\\/2016-10-09\\\/windenergie-schadet-voegeln-weniger-als-erwartet\\\/\",\"url\":\"https:\\\/\\\/www.organisator.ch\\\/sustainability\\\/2016-10-09\\\/windenergie-schadet-voegeln-weniger-als-erwartet\\\/\",\"name\":\"Windenergie schadet V\u00f6geln weniger als erwartet - Organisator\",\"isPartOf\":{\"@id\":\"https:\\\/\\\/www.organisator.ch\\\/#website\"},\"primaryImageOfPage\":{\"@id\":\"https:\\\/\\\/www.organisator.ch\\\/sustainability\\\/2016-10-09\\\/windenergie-schadet-voegeln-weniger-als-erwartet\\\/#primaryimage\"},\"image\":{\"@id\":\"https:\\\/\\\/www.organisator.ch\\\/sustainability\\\/2016-10-09\\\/windenergie-schadet-voegeln-weniger-als-erwartet\\\/#primaryimage\"},\"thumbnailUrl\":\"https:\\\/\\\/www.organisator.ch\\\/wp-content\\\/uploads\\\/2016\\\/12\\\/Windenergie-schadet-Voegeln-weniger-als-erwartet-umweltperspektiven.jpg\",\"datePublished\":\"2016-10-09T14:30:27+00:00\",\"dateModified\":\"2022-02-09T10:06:23+00:00\",\"description\":\"Eine wissenschaftliche Studie der Vogelwarte Sempach zeigt, dass der Vogelschlag im Windpark Peuchapatte im Jura kleiner ist als erwartet.\",\"breadcrumb\":{\"@id\":\"https:\\\/\\\/www.organisator.ch\\\/sustainability\\\/2016-10-09\\\/windenergie-schadet-voegeln-weniger-als-erwartet\\\/#breadcrumb\"},\"inLanguage\":\"it-IT\",\"potentialAction\":[{\"@type\":\"ReadAction\",\"target\":[\"https:\\\/\\\/www.organisator.ch\\\/sustainability\\\/2016-10-09\\\/windenergie-schadet-voegeln-weniger-als-erwartet\\\/\"]}]},{\"@type\":\"ImageObject\",\"inLanguage\":\"it-IT\",\"@id\":\"https:\\\/\\\/www.organisator.ch\\\/sustainability\\\/2016-10-09\\\/windenergie-schadet-voegeln-weniger-als-erwartet\\\/#primaryimage\",\"url\":\"https:\\\/\\\/www.organisator.ch\\\/wp-content\\\/uploads\\\/2016\\\/12\\\/Windenergie-schadet-Voegeln-weniger-als-erwartet-umweltperspektiven.jpg\",\"contentUrl\":\"https:\\\/\\\/www.organisator.ch\\\/wp-content\\\/uploads\\\/2016\\\/12\\\/Windenergie-schadet-Voegeln-weniger-als-erwartet-umweltperspektiven.jpg\",\"width\":2480,\"height\":1660,\"caption\":\"Le Peuchapatte im Jura: Drei Windenergieanlagen liefern dort Strom. (Bild: Suisse Eole)\"},{\"@type\":\"BreadcrumbList\",\"@id\":\"https:\\\/\\\/www.organisator.ch\\\/sustainability\\\/2016-10-09\\\/windenergie-schadet-voegeln-weniger-als-erwartet\\\/#breadcrumb\",\"itemListElement\":[{\"@type\":\"ListItem\",\"position\":1,\"name\":\"Home\",\"item\":\"https:\\\/\\\/www.organisator.ch\\\/\"},{\"@type\":\"ListItem\",\"position\":2,\"name\":\"Windenergie schadet V\u00f6geln weniger als erwartet\"}]},{\"@type\":\"WebSite\",\"@id\":\"https:\\\/\\\/www.organisator.ch\\\/#website\",\"url\":\"https:\\\/\\\/www.organisator.ch\\\/\",\"name\":\"Organisator\",\"description\":\"Kompetent. Praxisnah. Der ORGANISATOR bereitet in 10 Ausgaben pro Jahr die wesentlichen Themen f\u00fcr F\u00fchrungskr\u00e4fte von KMU auf.\",\"publisher\":{\"@id\":\"https:\\\/\\\/www.organisator.ch\\\/#organization\"},\"potentialAction\":[{\"@type\":\"SearchAction\",\"target\":{\"@type\":\"EntryPoint\",\"urlTemplate\":\"https:\\\/\\\/www.organisator.ch\\\/?s={search_term_string}\"},\"query-input\":{\"@type\":\"PropertyValueSpecification\",\"valueRequired\":true,\"valueName\":\"search_term_string\"}}],\"inLanguage\":\"it-IT\"},{\"@type\":\"Organization\",\"@id\":\"https:\\\/\\\/www.organisator.ch\\\/#organization\",\"name\":\"Organisator\",\"url\":\"https:\\\/\\\/www.organisator.ch\\\/\",\"logo\":{\"@type\":\"ImageObject\",\"inLanguage\":\"it-IT\",\"@id\":\"https:\\\/\\\/www.organisator.ch\\\/#\\\/schema\\\/logo\\\/image\\\/\",\"url\":\"https:\\\/\\\/www.organisator.ch\\\/wp-content\\\/uploads\\\/2022\\\/01\\\/Logo_Organisator_Website.png\",\"contentUrl\":\"https:\\\/\\\/www.organisator.ch\\\/wp-content\\\/uploads\\\/2022\\\/01\\\/Logo_Organisator_Website.png\",\"width\":800,\"height\":77,\"caption\":\"Organisator\"},\"image\":{\"@id\":\"https:\\\/\\\/www.organisator.ch\\\/#\\\/schema\\\/logo\\\/image\\\/\"},\"sameAs\":[\"https:\\\/\\\/www.facebook.com\\\/OrganisatorFachmagazin\",\"https:\\\/\\\/www.linkedin.com\\\/showcase\\\/organisator-das-magazin-fr-kmu\",\"https:\\\/\\\/www.xing.com\\\/news\\\/pages\\\/organisator-ch-695\",\"https:\\\/\\\/www.youtube.com\\\/channel\\\/UCGP2Sq0iWaZwT3BdIAQFYpw\"]},{\"@type\":\"Person\",\"@id\":\"https:\\\/\\\/www.organisator.ch\\\/#\\\/schema\\\/person\\\/aa2bace6c5c5aad60102004a50c4eb1c\",\"name\":\"admin\",\"image\":{\"@type\":\"ImageObject\",\"inLanguage\":\"it-IT\",\"@id\":\"https:\\\/\\\/secure.gravatar.com\\\/avatar\\\/ae2f4d718e6c49043e314ce431e7e645d646302a24a5ef5a8bc8e3f5a032e319?s=96&d=mm&r=g\",\"url\":\"https:\\\/\\\/secure.gravatar.com\\\/avatar\\\/ae2f4d718e6c49043e314ce431e7e645d646302a24a5ef5a8bc8e3f5a032e319?s=96&d=mm&r=g\",\"contentUrl\":\"https:\\\/\\\/secure.gravatar.com\\\/avatar\\\/ae2f4d718e6c49043e314ce431e7e645d646302a24a5ef5a8bc8e3f5a032e319?s=96&d=mm&r=g\",\"caption\":\"admin\"},\"sameAs\":[\"https:\\\/\\\/www.organisator.ch\"],\"url\":\"https:\\\/\\\/www.organisator.ch\\\/it\\\/author\\\/admin\\\/\"}]}<\/script>\n<!-- \/ Yoast SEO plugin. -->","yoast_head_json":{"title":"L'energia eolica danneggia gli uccelli meno del previsto - Organizzatore","description":"Uno studio scientifico della stazione ornitologica di Sempach dimostra che l'impatto degli uccelli sul parco eolico di Peuchapatte, nel Giura, \u00e8 minore del previsto.","robots":{"index":"index","follow":"follow","max-snippet":"max-snippet:-1","max-image-preview":"max-image-preview:large","max-video-preview":"max-video-preview:-1"},"canonical":"https:\/\/www.organisator.ch\/it\/sostenibilita\/2016-10-09\/windenergie-schadet-voegeln-weniger-als-erwartet\/","og_locale":"it_IT","og_type":"article","og_title":"Windenergie schadet V\u00f6geln weniger als erwartet - Organisator","og_description":"Eine wissenschaftliche Studie der Vogelwarte Sempach zeigt, dass der Vogelschlag im Windpark Peuchapatte im Jura kleiner ist als erwartet.","og_url":"https:\/\/www.organisator.ch\/it\/sostenibilita\/2016-10-09\/windenergie-schadet-voegeln-weniger-als-erwartet\/","og_site_name":"Organisator","article_publisher":"https:\/\/www.facebook.com\/OrganisatorFachmagazin","article_published_time":"2016-10-09T14:30:27+00:00","article_modified_time":"2022-02-09T10:06:23+00:00","og_image":[{"width":2480,"height":1660,"url":"https:\/\/www.organisator.ch\/wp-content\/uploads\/2016\/12\/Windenergie-schadet-Voegeln-weniger-als-erwartet-umweltperspektiven.jpg","type":"image\/jpeg"}],"author":"admin","twitter_card":"summary_large_image","schema":{"@context":"https:\/\/schema.org","@graph":[{"@type":"Article","@id":"https:\/\/www.organisator.ch\/sustainability\/2016-10-09\/windenergie-schadet-voegeln-weniger-als-erwartet\/#article","isPartOf":{"@id":"https:\/\/www.organisator.ch\/sustainability\/2016-10-09\/windenergie-schadet-voegeln-weniger-als-erwartet\/"},"author":{"name":"admin","@id":"https:\/\/www.organisator.ch\/#\/schema\/person\/aa2bace6c5c5aad60102004a50c4eb1c"},"headline":"Windenergie schadet V\u00f6geln weniger als erwartet","datePublished":"2016-10-09T14:30:27+00:00","dateModified":"2022-02-09T10:06:23+00:00","mainEntityOfPage":{"@id":"https:\/\/www.organisator.ch\/sustainability\/2016-10-09\/windenergie-schadet-voegeln-weniger-als-erwartet\/"},"wordCount":856,"commentCount":0,"publisher":{"@id":"https:\/\/www.organisator.ch\/#organization"},"image":{"@id":"https:\/\/www.organisator.ch\/sustainability\/2016-10-09\/windenergie-schadet-voegeln-weniger-als-erwartet\/#primaryimage"},"thumbnailUrl":"https:\/\/www.organisator.ch\/wp-content\/uploads\/2016\/12\/Windenergie-schadet-Voegeln-weniger-als-erwartet-umweltperspektiven.jpg","keywords":["Energiestrategie","Studie","Suisse Eole","Vogelschlag","Windenergie"],"articleSection":["SUSTAINABILITY"],"inLanguage":"it-IT"},{"@type":"WebPage","@id":"https:\/\/www.organisator.ch\/sustainability\/2016-10-09\/windenergie-schadet-voegeln-weniger-als-erwartet\/","url":"https:\/\/www.organisator.ch\/sustainability\/2016-10-09\/windenergie-schadet-voegeln-weniger-als-erwartet\/","name":"L'energia eolica danneggia gli uccelli meno del previsto - Organizzatore","isPartOf":{"@id":"https:\/\/www.organisator.ch\/#website"},"primaryImageOfPage":{"@id":"https:\/\/www.organisator.ch\/sustainability\/2016-10-09\/windenergie-schadet-voegeln-weniger-als-erwartet\/#primaryimage"},"image":{"@id":"https:\/\/www.organisator.ch\/sustainability\/2016-10-09\/windenergie-schadet-voegeln-weniger-als-erwartet\/#primaryimage"},"thumbnailUrl":"https:\/\/www.organisator.ch\/wp-content\/uploads\/2016\/12\/Windenergie-schadet-Voegeln-weniger-als-erwartet-umweltperspektiven.jpg","datePublished":"2016-10-09T14:30:27+00:00","dateModified":"2022-02-09T10:06:23+00:00","description":"Uno studio scientifico della stazione ornitologica di Sempach dimostra che l'impatto degli uccelli sul parco eolico di Peuchapatte, nel Giura, \u00e8 minore del previsto.","breadcrumb":{"@id":"https:\/\/www.organisator.ch\/sustainability\/2016-10-09\/windenergie-schadet-voegeln-weniger-als-erwartet\/#breadcrumb"},"inLanguage":"it-IT","potentialAction":[{"@type":"ReadAction","target":["https:\/\/www.organisator.ch\/sustainability\/2016-10-09\/windenergie-schadet-voegeln-weniger-als-erwartet\/"]}]},{"@type":"ImageObject","inLanguage":"it-IT","@id":"https:\/\/www.organisator.ch\/sustainability\/2016-10-09\/windenergie-schadet-voegeln-weniger-als-erwartet\/#primaryimage","url":"https:\/\/www.organisator.ch\/wp-content\/uploads\/2016\/12\/Windenergie-schadet-Voegeln-weniger-als-erwartet-umweltperspektiven.jpg","contentUrl":"https:\/\/www.organisator.ch\/wp-content\/uploads\/2016\/12\/Windenergie-schadet-Voegeln-weniger-als-erwartet-umweltperspektiven.jpg","width":2480,"height":1660,"caption":"Le Peuchapatte im Jura: Drei Windenergieanlagen liefern dort Strom. (Bild: Suisse Eole)"},{"@type":"BreadcrumbList","@id":"https:\/\/www.organisator.ch\/sustainability\/2016-10-09\/windenergie-schadet-voegeln-weniger-als-erwartet\/#breadcrumb","itemListElement":[{"@type":"ListItem","position":1,"name":"Home","item":"https:\/\/www.organisator.ch\/"},{"@type":"ListItem","position":2,"name":"Windenergie schadet V\u00f6geln weniger als erwartet"}]},{"@type":"WebSite","@id":"https:\/\/www.organisator.ch\/#website","url":"https:\/\/www.organisator.ch\/","name":"Organizzatore","description":"Competente. Pratico. In 10 numeri all'anno, ORGANISATOR presenta i temi essenziali per i manager delle PMI.","publisher":{"@id":"https:\/\/www.organisator.ch\/#organization"},"potentialAction":[{"@type":"SearchAction","target":{"@type":"EntryPoint","urlTemplate":"https:\/\/www.organisator.ch\/?s={search_term_string}"},"query-input":{"@type":"PropertyValueSpecification","valueRequired":true,"valueName":"search_term_string"}}],"inLanguage":"it-IT"},{"@type":"Organization","@id":"https:\/\/www.organisator.ch\/#organization","name":"Organizzatore","url":"https:\/\/www.organisator.ch\/","logo":{"@type":"ImageObject","inLanguage":"it-IT","@id":"https:\/\/www.organisator.ch\/#\/schema\/logo\/image\/","url":"https:\/\/www.organisator.ch\/wp-content\/uploads\/2022\/01\/Logo_Organisator_Website.png","contentUrl":"https:\/\/www.organisator.ch\/wp-content\/uploads\/2022\/01\/Logo_Organisator_Website.png","width":800,"height":77,"caption":"Organisator"},"image":{"@id":"https:\/\/www.organisator.ch\/#\/schema\/logo\/image\/"},"sameAs":["https:\/\/www.facebook.com\/OrganisatorFachmagazin","https:\/\/www.linkedin.com\/showcase\/organisator-das-magazin-fr-kmu","https:\/\/www.xing.com\/news\/pages\/organisator-ch-695","https:\/\/www.youtube.com\/channel\/UCGP2Sq0iWaZwT3BdIAQFYpw"]},{"@type":"Person","@id":"https:\/\/www.organisator.ch\/#\/schema\/person\/aa2bace6c5c5aad60102004a50c4eb1c","name":"amministratore","image":{"@type":"ImageObject","inLanguage":"it-IT","@id":"https:\/\/secure.gravatar.com\/avatar\/ae2f4d718e6c49043e314ce431e7e645d646302a24a5ef5a8bc8e3f5a032e319?s=96&d=mm&r=g","url":"https:\/\/secure.gravatar.com\/avatar\/ae2f4d718e6c49043e314ce431e7e645d646302a24a5ef5a8bc8e3f5a032e319?s=96&d=mm&r=g","contentUrl":"https:\/\/secure.gravatar.com\/avatar\/ae2f4d718e6c49043e314ce431e7e645d646302a24a5ef5a8bc8e3f5a032e319?s=96&d=mm&r=g","caption":"admin"},"sameAs":["https:\/\/www.organisator.ch"],"url":"https:\/\/www.organisator.ch\/it\/author\/admin\/"}]}},"_links":{"self":[{"href":"https:\/\/www.organisator.ch\/it\/wp-json\/wp\/v2\/posts\/564","targetHints":{"allow":["GET"]}}],"collection":[{"href":"https:\/\/www.organisator.ch\/it\/wp-json\/wp\/v2\/posts"}],"about":[{"href":"https:\/\/www.organisator.ch\/it\/wp-json\/wp\/v2\/types\/post"}],"author":[{"embeddable":true,"href":"https:\/\/www.organisator.ch\/it\/wp-json\/wp\/v2\/users\/1"}],"replies":[{"embeddable":true,"href":"https:\/\/www.organisator.ch\/it\/wp-json\/wp\/v2\/comments?post=564"}],"version-history":[{"count":1,"href":"https:\/\/www.organisator.ch\/it\/wp-json\/wp\/v2\/posts\/564\/revisions"}],"predecessor-version":[{"id":10605,"href":"https:\/\/www.organisator.ch\/it\/wp-json\/wp\/v2\/posts\/564\/revisions\/10605"}],"wp:featuredmedia":[{"embeddable":true,"href":"https:\/\/www.organisator.ch\/it\/wp-json\/wp\/v2\/media\/565"}],"wp:attachment":[{"href":"https:\/\/www.organisator.ch\/it\/wp-json\/wp\/v2\/media?parent=564"}],"wp:term":[{"taxonomy":"category","embeddable":true,"href":"https:\/\/www.organisator.ch\/it\/wp-json\/wp\/v2\/categories?post=564"},{"taxonomy":"post_tag","embeddable":true,"href":"https:\/\/www.organisator.ch\/it\/wp-json\/wp\/v2\/tags?post=564"}],"curies":[{"name":"wp","href":"https:\/\/api.w.org\/{rel}","templated":true}]}}