{"id":5657,"date":"2019-08-22T08:00:47","date_gmt":"2019-08-22T06:00:47","guid":{"rendered":"https:\/\/www.organisator.ch\/?p=5657"},"modified":"2019-08-22T08:00:47","modified_gmt":"2019-08-22T06:00:47","slug":"erhoehen-sie-mit-sprachaufenthalten-ihren-marktwert","status":"publish","type":"post","link":"https:\/\/www.organisator.ch\/it\/human-resources\/fit_im_job\/2019-08-22\/erhoehen-sie-mit-sprachaufenthalten-ihren-marktwert\/","title":{"rendered":"Aumenta il tuo valore di mercato con i soggiorni linguistici"},"content":{"rendered":"<h2><img loading=\"lazy\" decoding=\"async\" class=\"alignnone size-medium wp-image-5691\" src=\"https:\/\/www.organisator.ch\/wp-content\/uploads\/2019\/08\/Erhoehen-Sie-mit-Sprachaufenthalten-Ihren-Marktwert-1_Organisator.jpg\" alt=\"\" width=\"680\" height=\"454\" srcset=\"https:\/\/www.organisator.ch\/wp-content\/uploads\/2019\/08\/Erhoehen-Sie-mit-Sprachaufenthalten-Ihren-Marktwert-1_Organisator.jpg 680w, https:\/\/www.organisator.ch\/wp-content\/uploads\/2019\/08\/Erhoehen-Sie-mit-Sprachaufenthalten-Ihren-Marktwert-1_Organisator-16x12.jpg 16w, https:\/\/www.organisator.ch\/wp-content\/uploads\/2019\/08\/Erhoehen-Sie-mit-Sprachaufenthalten-Ihren-Marktwert-1_Organisator-262x175.jpg 262w, https:\/\/www.organisator.ch\/wp-content\/uploads\/2019\/08\/Erhoehen-Sie-mit-Sprachaufenthalten-Ihren-Marktwert-1_Organisator-524x350.jpg 524w, https:\/\/www.organisator.ch\/wp-content\/uploads\/2019\/08\/Erhoehen-Sie-mit-Sprachaufenthalten-Ihren-Marktwert-1_Organisator-300x200.jpg 300w\" sizes=\"auto, (max-width: 680px) 100vw, 680px\" \/><\/h2>\n<h2>1. le lingue sono la porta d'accesso al mondo degli affari<\/h2>\n<p>Investite nella formazione dei vostri dipendenti e ne trarrete beneficio! Le conoscenze acquisite durante i soggiorni linguistici all'estero saranno utili anche per il vostro benessere. Per entrare in contatto con le aziende all'estero e promuovere le relazioni internazionali della vostra azienda, sono necessari strumenti comunicativi che i vostri dipendenti acquisiscono al meglio durante le visite di studio all'estero. Non solo imparano una lingua straniera, ma si fanno anche un'idea del mondo del lavoro locale, contribuendo cos\u00ec alla conoscenza culturale della vostra azienda. Questo a sua volta aumenta il vostro potere economico.<\/p>\n<h2>2. viaggiare come ricompensa per i vostri dipendenti e per voi stessi<\/h2>\n<p>I corsi di lingua vi rendono interessanti come datori di lavoro a lungo termine. Nel nostro mondo moderno, sempre pi\u00f9 persone sentono la necessit\u00e0 di uno sviluppo professionale. I soggiorni linguistici sono il sogno di molti dipendenti e contribuiscono in modo significativo alla loro auto-realizzazione. Per i candidati, i soggiorni linguistici sono un interessante incentivo nell'ambito del processo di formazione e per i dipendenti di lunga data un premio per i loro anni di servizio. Qualunque sia la vostra decisione, i vostri dipendenti vi ringrazieranno con la loro fedelt\u00e0!<\/p>\n<h2>3. attirare l'attenzione di lavoratori qualificati<\/h2>\n<p>Il vostro ufficio risorse umane ha difficolt\u00e0 a coprire i posti vacanti o a trovare personale qualificato? Distinguetevi dalla massa pubblicizzando i soggiorni linguistici come parte del processo di inserimento! \u00c8 cos\u00ec che si attira il personale giovane nella propria azienda, perch\u00e9 nel mondo di oggi i candidati apprezzano sempre di pi\u00f9 la crescita personale e le opportunit\u00e0 di viaggio e formazione. Fate della vostra azienda una calamita di talenti grazie ai programmi di studio all'estero!<\/p>\n<h2>4. incrementare la propria attivit\u00e0 in collaborazione con un'agenzia di viaggi<\/h2>\n<p>Tutto ci\u00f2 pu\u00f2 sembrare positivo, ma dove fare la prima mossa? La risposta \u00e8 semplice: il modo migliore e pi\u00f9 semplice per avere una panoramica dei possibili programmi di corsi per i vostri dipendenti \u00e8 quello di collaborare con un'agenzia di viaggi linguistici specializzata in corsi di lingua per aziende, che offre corsi di lingua sia per principianti che per studenti avanzati che vogliono approfondire le loro conoscenze pratiche. L'agenzia svizzera ESL - Sprachaufenthalte ha pi\u00f9 di 20 anni di esperienza nell'organizzazione di corsi di lingua commerciale in tutto il mondo. Inoltre, i clienti aziendali beneficiano di offerte speciali, in modo che il vostro budget non ne risenta. Non dimenticate mai: i soggiorni linguistici per i vostri dipendenti pagano!<\/p>\n<h2>Siete interessati?<\/h2>\n<p>Il responsabile di zona per la Svizzera di ESL, Michel Jenal, sar\u00e0 lieto di mettere a punto un programma di studio all'estero perfettamente adattato alla vostra azienda, con uno sconto speciale, in modo che possiate aumentare il vostro valore di mercato con i soggiorni linguistici. Contattate ESL oggi stesso:<\/p>\n<p><strong><a href=\"mailto:michel.jenal@esl-education.org\">michel.jenal@esl-education.org<\/a>, T 044 397 17 02,\u00a0<\/strong><a href=\"http:\/\/www.esl.ch\"><strong>www.esl.ch<\/strong><\/a><\/p>\n<p><strong>ESL<br \/>\n<\/strong>Grand-Rue 50<br \/>\nCaso postale 1204<br \/>\nCH-1820 Montreux<br \/>\nT 021 962 88 80<br \/>\n<a href=\"mailto:info@esl.ch\">info@esl.ch<\/a><\/p>\n<p><a href=\"http:\/\/www.esl.ch\"><img loading=\"lazy\" decoding=\"async\" class=\"alignnone size-full wp-image-5692\" src=\"https:\/\/www.organisator.ch\/wp-content\/uploads\/2019\/08\/Erhoehen-Sie-mit-Sprachaufenthalten-Ihren-Marktwert-2_Organisator.jpg\" alt=\"\" width=\"165\" height=\"87\" srcset=\"https:\/\/www.organisator.ch\/wp-content\/uploads\/2019\/08\/Erhoehen-Sie-mit-Sprachaufenthalten-Ihren-Marktwert-2_Organisator.jpg 165w, https:\/\/www.organisator.ch\/wp-content\/uploads\/2019\/08\/Erhoehen-Sie-mit-Sprachaufenthalten-Ihren-Marktwert-2_Organisator-16x8.jpg 16w\" sizes=\"auto, (max-width: 165px) 100vw, 165px\" \/><\/a><\/p>","protected":false},"excerpt":{"rendered":"<p>1. Sprachen sind das Tor zur Business-Welt Investieren Sie in die Ausbildung Ihrer An\u00adgestellten und es wird sich auszahlen! Das Wissen, welches diese bei Sprachaufenthalten im Ausland erwerben, dient auch Ihrem Wohl. Um mit Firmen im Ausland in Kontakt zu treten und die internationalen Beziehungen Ihres Unternehmens zu f\u00f6rdern, sind kommunikative Mittel notwendig, welche Ihre [&hellip;]<\/p>\n","protected":false},"author":7,"featured_media":5691,"comment_status":"open","ping_status":"open","sticky":false,"template":"","format":"standard","meta":{"_acf_changed":false,"_yoast_wpseo_focuskw":"Sprachaufenthalte","_yoast_wpseo_metadesc":"Sprachaufenthalte im Ausland erh\u00f6hen die Arbeitsmoral Ihrer Angestellten und f\u00f6rdern das internationale Ansehen Ihres Unternehmens.","articlekey":"","footnotes":""},"categories":[25],"tags":[62,393,446],"class_list":["post-5657","post","type-post","status-publish","format-standard","has-post-thumbnail","hentry","category-fit_im_job","tag-aus-weiterbildung","tag-produkte","tag-sprachreisen"],"acf":[],"yoast_head":"<!-- This site is optimized with the Yoast SEO plugin v27.5 - https:\/\/yoast.com\/product\/yoast-seo-wordpress\/ -->\n<title>Erh\u00f6hen Sie mit Sprachaufenthalten Ihren Marktwert - Organisator<\/title>\n<meta name=\"description\" content=\"Sprachaufenthalte im Ausland erh\u00f6hen die Arbeitsmoral Ihrer Angestellten und f\u00f6rdern das internationale Ansehen Ihres Unternehmens.\" \/>\n<meta name=\"robots\" content=\"index, follow, max-snippet:-1, max-image-preview:large, max-video-preview:-1\" \/>\n<link rel=\"canonical\" href=\"https:\/\/www.organisator.ch\/it\/risorse-umane\/fit_im_job\/2019-08-22\/erhoehen-sie-mit-sprachaufenthalten-ihren-marktwert\/\" \/>\n<meta property=\"og:locale\" content=\"it_IT\" \/>\n<meta property=\"og:type\" content=\"article\" \/>\n<meta property=\"og:title\" content=\"Erh\u00f6hen Sie mit Sprachaufenthalten Ihren Marktwert\" \/>\n<meta property=\"og:description\" content=\"Sprachaufenthalte im Ausland erh\u00f6hen die Arbeitsmoral Ihrer Angestellten und f\u00f6rdern das internationale Ansehen Ihres Unternehmens.\" \/>\n<meta property=\"og:url\" content=\"https:\/\/www.organisator.ch\/it\/risorse-umane\/fit_im_job\/2019-08-22\/erhoehen-sie-mit-sprachaufenthalten-ihren-marktwert\/\" \/>\n<meta property=\"og:site_name\" content=\"Organisator\" \/>\n<meta property=\"article:publisher\" content=\"https:\/\/www.facebook.com\/OrganisatorFachmagazin\" \/>\n<meta property=\"article:published_time\" content=\"2019-08-22T06:00:47+00:00\" \/>\n<meta property=\"og:image\" content=\"https:\/\/www.organisator.ch\/wp-content\/uploads\/2019\/08\/Erhoehen-Sie-mit-Sprachaufenthalten-Ihren-Marktwert-1_Organisator.jpg\" \/>\n\t<meta property=\"og:image:width\" content=\"680\" \/>\n\t<meta property=\"og:image:height\" content=\"454\" \/>\n\t<meta property=\"og:image:type\" content=\"image\/jpeg\" \/>\n<meta name=\"author\" content=\"K4-Import\" \/>\n<meta name=\"twitter:card\" content=\"summary_large_image\" \/>\n<meta name=\"twitter:title\" content=\"Erh\u00f6hen Sie mit #Sprachaufenthalten Ihren #Marktwert\" \/>\n<meta name=\"twitter:description\" content=\"#Sprachaufenthalte im Ausland erh\u00f6hen die Arbeitsmoral Ihrer Angestellten und f\u00f6rdern das internationale Ansehen Ihres Unternehmens.\" \/>\n<meta name=\"twitter:image\" content=\"https:\/\/www.organisator.ch\/wp-content\/uploads\/2019\/08\/Erh\u00f6hen-Sie-mit-Sprachaufenthalten-Ihren-Marktwert-1_Organisator.jpg\" \/>\n<script type=\"application\/ld+json\" class=\"yoast-schema-graph\">{\"@context\":\"https:\\\/\\\/schema.org\",\"@graph\":[{\"@type\":\"Article\",\"@id\":\"https:\\\/\\\/www.organisator.ch\\\/human-resources\\\/fit_im_job\\\/2019-08-22\\\/erhoehen-sie-mit-sprachaufenthalten-ihren-marktwert\\\/#article\",\"isPartOf\":{\"@id\":\"https:\\\/\\\/www.organisator.ch\\\/human-resources\\\/fit_im_job\\\/2019-08-22\\\/erhoehen-sie-mit-sprachaufenthalten-ihren-marktwert\\\/\"},\"author\":{\"name\":\"K4-Import\",\"@id\":\"https:\\\/\\\/www.organisator.ch\\\/#\\\/schema\\\/person\\\/dd8ffea01043c9c41d7718296a158fac\"},\"headline\":\"Erh\u00f6hen Sie mit Sprachaufenthalten Ihren Marktwert\",\"datePublished\":\"2019-08-22T06:00:47+00:00\",\"mainEntityOfPage\":{\"@id\":\"https:\\\/\\\/www.organisator.ch\\\/human-resources\\\/fit_im_job\\\/2019-08-22\\\/erhoehen-sie-mit-sprachaufenthalten-ihren-marktwert\\\/\"},\"wordCount\":437,\"commentCount\":0,\"publisher\":{\"@id\":\"https:\\\/\\\/www.organisator.ch\\\/#organization\"},\"image\":{\"@id\":\"https:\\\/\\\/www.organisator.ch\\\/human-resources\\\/fit_im_job\\\/2019-08-22\\\/erhoehen-sie-mit-sprachaufenthalten-ihren-marktwert\\\/#primaryimage\"},\"thumbnailUrl\":\"https:\\\/\\\/www.organisator.ch\\\/wp-content\\\/uploads\\\/2019\\\/08\\\/Erhoehen-Sie-mit-Sprachaufenthalten-Ihren-Marktwert-1_Organisator.jpg\",\"keywords\":[\"Aus-\\\/Weiterbildung\",\"Produkte\",\"Sprachreisen\"],\"articleSection\":[\"FIT IM JOB\"],\"inLanguage\":\"it-IT\"},{\"@type\":\"WebPage\",\"@id\":\"https:\\\/\\\/www.organisator.ch\\\/human-resources\\\/fit_im_job\\\/2019-08-22\\\/erhoehen-sie-mit-sprachaufenthalten-ihren-marktwert\\\/\",\"url\":\"https:\\\/\\\/www.organisator.ch\\\/human-resources\\\/fit_im_job\\\/2019-08-22\\\/erhoehen-sie-mit-sprachaufenthalten-ihren-marktwert\\\/\",\"name\":\"Erh\u00f6hen Sie mit Sprachaufenthalten Ihren Marktwert - Organisator\",\"isPartOf\":{\"@id\":\"https:\\\/\\\/www.organisator.ch\\\/#website\"},\"primaryImageOfPage\":{\"@id\":\"https:\\\/\\\/www.organisator.ch\\\/human-resources\\\/fit_im_job\\\/2019-08-22\\\/erhoehen-sie-mit-sprachaufenthalten-ihren-marktwert\\\/#primaryimage\"},\"image\":{\"@id\":\"https:\\\/\\\/www.organisator.ch\\\/human-resources\\\/fit_im_job\\\/2019-08-22\\\/erhoehen-sie-mit-sprachaufenthalten-ihren-marktwert\\\/#primaryimage\"},\"thumbnailUrl\":\"https:\\\/\\\/www.organisator.ch\\\/wp-content\\\/uploads\\\/2019\\\/08\\\/Erhoehen-Sie-mit-Sprachaufenthalten-Ihren-Marktwert-1_Organisator.jpg\",\"datePublished\":\"2019-08-22T06:00:47+00:00\",\"description\":\"Sprachaufenthalte im Ausland erh\u00f6hen die Arbeitsmoral Ihrer Angestellten und f\u00f6rdern das internationale Ansehen Ihres Unternehmens.\",\"breadcrumb\":{\"@id\":\"https:\\\/\\\/www.organisator.ch\\\/human-resources\\\/fit_im_job\\\/2019-08-22\\\/erhoehen-sie-mit-sprachaufenthalten-ihren-marktwert\\\/#breadcrumb\"},\"inLanguage\":\"it-IT\",\"potentialAction\":[{\"@type\":\"ReadAction\",\"target\":[\"https:\\\/\\\/www.organisator.ch\\\/human-resources\\\/fit_im_job\\\/2019-08-22\\\/erhoehen-sie-mit-sprachaufenthalten-ihren-marktwert\\\/\"]}]},{\"@type\":\"ImageObject\",\"inLanguage\":\"it-IT\",\"@id\":\"https:\\\/\\\/www.organisator.ch\\\/human-resources\\\/fit_im_job\\\/2019-08-22\\\/erhoehen-sie-mit-sprachaufenthalten-ihren-marktwert\\\/#primaryimage\",\"url\":\"https:\\\/\\\/www.organisator.ch\\\/wp-content\\\/uploads\\\/2019\\\/08\\\/Erhoehen-Sie-mit-Sprachaufenthalten-Ihren-Marktwert-1_Organisator.jpg\",\"contentUrl\":\"https:\\\/\\\/www.organisator.ch\\\/wp-content\\\/uploads\\\/2019\\\/08\\\/Erhoehen-Sie-mit-Sprachaufenthalten-Ihren-Marktwert-1_Organisator.jpg\",\"width\":680,\"height\":454},{\"@type\":\"BreadcrumbList\",\"@id\":\"https:\\\/\\\/www.organisator.ch\\\/human-resources\\\/fit_im_job\\\/2019-08-22\\\/erhoehen-sie-mit-sprachaufenthalten-ihren-marktwert\\\/#breadcrumb\",\"itemListElement\":[{\"@type\":\"ListItem\",\"position\":1,\"name\":\"Home\",\"item\":\"https:\\\/\\\/www.organisator.ch\\\/\"},{\"@type\":\"ListItem\",\"position\":2,\"name\":\"Erh\u00f6hen Sie mit Sprachaufenthalten Ihren Marktwert\"}]},{\"@type\":\"WebSite\",\"@id\":\"https:\\\/\\\/www.organisator.ch\\\/#website\",\"url\":\"https:\\\/\\\/www.organisator.ch\\\/\",\"name\":\"Organisator\",\"description\":\"Kompetent. Praxisnah. Der ORGANISATOR bereitet in 10 Ausgaben pro Jahr die wesentlichen Themen f\u00fcr F\u00fchrungskr\u00e4fte von KMU auf.\",\"publisher\":{\"@id\":\"https:\\\/\\\/www.organisator.ch\\\/#organization\"},\"potentialAction\":[{\"@type\":\"SearchAction\",\"target\":{\"@type\":\"EntryPoint\",\"urlTemplate\":\"https:\\\/\\\/www.organisator.ch\\\/?s={search_term_string}\"},\"query-input\":{\"@type\":\"PropertyValueSpecification\",\"valueRequired\":true,\"valueName\":\"search_term_string\"}}],\"inLanguage\":\"it-IT\"},{\"@type\":\"Organization\",\"@id\":\"https:\\\/\\\/www.organisator.ch\\\/#organization\",\"name\":\"Organisator\",\"url\":\"https:\\\/\\\/www.organisator.ch\\\/\",\"logo\":{\"@type\":\"ImageObject\",\"inLanguage\":\"it-IT\",\"@id\":\"https:\\\/\\\/www.organisator.ch\\\/#\\\/schema\\\/logo\\\/image\\\/\",\"url\":\"https:\\\/\\\/www.organisator.ch\\\/wp-content\\\/uploads\\\/2022\\\/01\\\/Logo_Organisator_Website.png\",\"contentUrl\":\"https:\\\/\\\/www.organisator.ch\\\/wp-content\\\/uploads\\\/2022\\\/01\\\/Logo_Organisator_Website.png\",\"width\":800,\"height\":77,\"caption\":\"Organisator\"},\"image\":{\"@id\":\"https:\\\/\\\/www.organisator.ch\\\/#\\\/schema\\\/logo\\\/image\\\/\"},\"sameAs\":[\"https:\\\/\\\/www.facebook.com\\\/OrganisatorFachmagazin\",\"https:\\\/\\\/www.linkedin.com\\\/showcase\\\/organisator-das-magazin-fr-kmu\",\"https:\\\/\\\/www.xing.com\\\/news\\\/pages\\\/organisator-ch-695\",\"https:\\\/\\\/www.youtube.com\\\/channel\\\/UCGP2Sq0iWaZwT3BdIAQFYpw\"]},{\"@type\":\"Person\",\"@id\":\"https:\\\/\\\/www.organisator.ch\\\/#\\\/schema\\\/person\\\/dd8ffea01043c9c41d7718296a158fac\",\"name\":\"K4-Import\",\"image\":{\"@type\":\"ImageObject\",\"inLanguage\":\"it-IT\",\"@id\":\"https:\\\/\\\/secure.gravatar.com\\\/avatar\\\/73620ab7215a54b074cc226514e02ed65cb79211bbaee1eb49b63b57e58aaad6?s=96&d=mm&r=g\",\"url\":\"https:\\\/\\\/secure.gravatar.com\\\/avatar\\\/73620ab7215a54b074cc226514e02ed65cb79211bbaee1eb49b63b57e58aaad6?s=96&d=mm&r=g\",\"contentUrl\":\"https:\\\/\\\/secure.gravatar.com\\\/avatar\\\/73620ab7215a54b074cc226514e02ed65cb79211bbaee1eb49b63b57e58aaad6?s=96&d=mm&r=g\",\"caption\":\"K4-Import\"},\"url\":\"https:\\\/\\\/www.organisator.ch\\\/it\\\/author\\\/k4-import\\\/\"}]}<\/script>\n<!-- \/ Yoast SEO plugin. -->","yoast_head_json":{"title":"Aumentate il vostro valore di mercato con i soggiorni linguistici - Organizzatore","description":"I soggiorni linguistici all'estero aumentano il morale dei vostri dipendenti e migliorano la reputazione internazionale della vostra azienda.","robots":{"index":"index","follow":"follow","max-snippet":"max-snippet:-1","max-image-preview":"max-image-preview:large","max-video-preview":"max-video-preview:-1"},"canonical":"https:\/\/www.organisator.ch\/it\/risorse-umane\/fit_im_job\/2019-08-22\/erhoehen-sie-mit-sprachaufenthalten-ihren-marktwert\/","og_locale":"it_IT","og_type":"article","og_title":"Erh\u00f6hen Sie mit Sprachaufenthalten Ihren Marktwert","og_description":"Sprachaufenthalte im Ausland erh\u00f6hen die Arbeitsmoral Ihrer Angestellten und f\u00f6rdern das internationale Ansehen Ihres Unternehmens.","og_url":"https:\/\/www.organisator.ch\/it\/risorse-umane\/fit_im_job\/2019-08-22\/erhoehen-sie-mit-sprachaufenthalten-ihren-marktwert\/","og_site_name":"Organisator","article_publisher":"https:\/\/www.facebook.com\/OrganisatorFachmagazin","article_published_time":"2019-08-22T06:00:47+00:00","og_image":[{"width":680,"height":454,"url":"https:\/\/www.organisator.ch\/wp-content\/uploads\/2019\/08\/Erhoehen-Sie-mit-Sprachaufenthalten-Ihren-Marktwert-1_Organisator.jpg","type":"image\/jpeg"}],"author":"K4-Import","twitter_card":"summary_large_image","twitter_title":"Erh\u00f6hen Sie mit #Sprachaufenthalten Ihren #Marktwert","twitter_description":"#Sprachaufenthalte im Ausland erh\u00f6hen die Arbeitsmoral Ihrer Angestellten und f\u00f6rdern das internationale Ansehen Ihres Unternehmens.","twitter_image":"https:\/\/www.organisator.ch\/wp-content\/uploads\/2019\/08\/Erh\u00f6hen-Sie-mit-Sprachaufenthalten-Ihren-Marktwert-1_Organisator.jpg","schema":{"@context":"https:\/\/schema.org","@graph":[{"@type":"Article","@id":"https:\/\/www.organisator.ch\/human-resources\/fit_im_job\/2019-08-22\/erhoehen-sie-mit-sprachaufenthalten-ihren-marktwert\/#article","isPartOf":{"@id":"https:\/\/www.organisator.ch\/human-resources\/fit_im_job\/2019-08-22\/erhoehen-sie-mit-sprachaufenthalten-ihren-marktwert\/"},"author":{"name":"K4-Import","@id":"https:\/\/www.organisator.ch\/#\/schema\/person\/dd8ffea01043c9c41d7718296a158fac"},"headline":"Erh\u00f6hen Sie mit Sprachaufenthalten Ihren Marktwert","datePublished":"2019-08-22T06:00:47+00:00","mainEntityOfPage":{"@id":"https:\/\/www.organisator.ch\/human-resources\/fit_im_job\/2019-08-22\/erhoehen-sie-mit-sprachaufenthalten-ihren-marktwert\/"},"wordCount":437,"commentCount":0,"publisher":{"@id":"https:\/\/www.organisator.ch\/#organization"},"image":{"@id":"https:\/\/www.organisator.ch\/human-resources\/fit_im_job\/2019-08-22\/erhoehen-sie-mit-sprachaufenthalten-ihren-marktwert\/#primaryimage"},"thumbnailUrl":"https:\/\/www.organisator.ch\/wp-content\/uploads\/2019\/08\/Erhoehen-Sie-mit-Sprachaufenthalten-Ihren-Marktwert-1_Organisator.jpg","keywords":["Aus-\/Weiterbildung","Produkte","Sprachreisen"],"articleSection":["FIT IM JOB"],"inLanguage":"it-IT"},{"@type":"WebPage","@id":"https:\/\/www.organisator.ch\/human-resources\/fit_im_job\/2019-08-22\/erhoehen-sie-mit-sprachaufenthalten-ihren-marktwert\/","url":"https:\/\/www.organisator.ch\/human-resources\/fit_im_job\/2019-08-22\/erhoehen-sie-mit-sprachaufenthalten-ihren-marktwert\/","name":"Aumentate il vostro valore di mercato con i soggiorni linguistici - Organizzatore","isPartOf":{"@id":"https:\/\/www.organisator.ch\/#website"},"primaryImageOfPage":{"@id":"https:\/\/www.organisator.ch\/human-resources\/fit_im_job\/2019-08-22\/erhoehen-sie-mit-sprachaufenthalten-ihren-marktwert\/#primaryimage"},"image":{"@id":"https:\/\/www.organisator.ch\/human-resources\/fit_im_job\/2019-08-22\/erhoehen-sie-mit-sprachaufenthalten-ihren-marktwert\/#primaryimage"},"thumbnailUrl":"https:\/\/www.organisator.ch\/wp-content\/uploads\/2019\/08\/Erhoehen-Sie-mit-Sprachaufenthalten-Ihren-Marktwert-1_Organisator.jpg","datePublished":"2019-08-22T06:00:47+00:00","description":"I soggiorni linguistici all'estero aumentano il morale dei vostri dipendenti e migliorano la reputazione internazionale della vostra azienda.","breadcrumb":{"@id":"https:\/\/www.organisator.ch\/human-resources\/fit_im_job\/2019-08-22\/erhoehen-sie-mit-sprachaufenthalten-ihren-marktwert\/#breadcrumb"},"inLanguage":"it-IT","potentialAction":[{"@type":"ReadAction","target":["https:\/\/www.organisator.ch\/human-resources\/fit_im_job\/2019-08-22\/erhoehen-sie-mit-sprachaufenthalten-ihren-marktwert\/"]}]},{"@type":"ImageObject","inLanguage":"it-IT","@id":"https:\/\/www.organisator.ch\/human-resources\/fit_im_job\/2019-08-22\/erhoehen-sie-mit-sprachaufenthalten-ihren-marktwert\/#primaryimage","url":"https:\/\/www.organisator.ch\/wp-content\/uploads\/2019\/08\/Erhoehen-Sie-mit-Sprachaufenthalten-Ihren-Marktwert-1_Organisator.jpg","contentUrl":"https:\/\/www.organisator.ch\/wp-content\/uploads\/2019\/08\/Erhoehen-Sie-mit-Sprachaufenthalten-Ihren-Marktwert-1_Organisator.jpg","width":680,"height":454},{"@type":"BreadcrumbList","@id":"https:\/\/www.organisator.ch\/human-resources\/fit_im_job\/2019-08-22\/erhoehen-sie-mit-sprachaufenthalten-ihren-marktwert\/#breadcrumb","itemListElement":[{"@type":"ListItem","position":1,"name":"Home","item":"https:\/\/www.organisator.ch\/"},{"@type":"ListItem","position":2,"name":"Erh\u00f6hen Sie mit Sprachaufenthalten Ihren Marktwert"}]},{"@type":"WebSite","@id":"https:\/\/www.organisator.ch\/#website","url":"https:\/\/www.organisator.ch\/","name":"Organizzatore","description":"Competente. Pratico. In 10 numeri all'anno, ORGANISATOR presenta i temi essenziali per i manager delle PMI.","publisher":{"@id":"https:\/\/www.organisator.ch\/#organization"},"potentialAction":[{"@type":"SearchAction","target":{"@type":"EntryPoint","urlTemplate":"https:\/\/www.organisator.ch\/?s={search_term_string}"},"query-input":{"@type":"PropertyValueSpecification","valueRequired":true,"valueName":"search_term_string"}}],"inLanguage":"it-IT"},{"@type":"Organization","@id":"https:\/\/www.organisator.ch\/#organization","name":"Organizzatore","url":"https:\/\/www.organisator.ch\/","logo":{"@type":"ImageObject","inLanguage":"it-IT","@id":"https:\/\/www.organisator.ch\/#\/schema\/logo\/image\/","url":"https:\/\/www.organisator.ch\/wp-content\/uploads\/2022\/01\/Logo_Organisator_Website.png","contentUrl":"https:\/\/www.organisator.ch\/wp-content\/uploads\/2022\/01\/Logo_Organisator_Website.png","width":800,"height":77,"caption":"Organisator"},"image":{"@id":"https:\/\/www.organisator.ch\/#\/schema\/logo\/image\/"},"sameAs":["https:\/\/www.facebook.com\/OrganisatorFachmagazin","https:\/\/www.linkedin.com\/showcase\/organisator-das-magazin-fr-kmu","https:\/\/www.xing.com\/news\/pages\/organisator-ch-695","https:\/\/www.youtube.com\/channel\/UCGP2Sq0iWaZwT3BdIAQFYpw"]},{"@type":"Person","@id":"https:\/\/www.organisator.ch\/#\/schema\/person\/dd8ffea01043c9c41d7718296a158fac","name":"Importazione K4","image":{"@type":"ImageObject","inLanguage":"it-IT","@id":"https:\/\/secure.gravatar.com\/avatar\/73620ab7215a54b074cc226514e02ed65cb79211bbaee1eb49b63b57e58aaad6?s=96&d=mm&r=g","url":"https:\/\/secure.gravatar.com\/avatar\/73620ab7215a54b074cc226514e02ed65cb79211bbaee1eb49b63b57e58aaad6?s=96&d=mm&r=g","contentUrl":"https:\/\/secure.gravatar.com\/avatar\/73620ab7215a54b074cc226514e02ed65cb79211bbaee1eb49b63b57e58aaad6?s=96&d=mm&r=g","caption":"K4-Import"},"url":"https:\/\/www.organisator.ch\/it\/author\/k4-import\/"}]}},"_links":{"self":[{"href":"https:\/\/www.organisator.ch\/it\/wp-json\/wp\/v2\/posts\/5657","targetHints":{"allow":["GET"]}}],"collection":[{"href":"https:\/\/www.organisator.ch\/it\/wp-json\/wp\/v2\/posts"}],"about":[{"href":"https:\/\/www.organisator.ch\/it\/wp-json\/wp\/v2\/types\/post"}],"author":[{"embeddable":true,"href":"https:\/\/www.organisator.ch\/it\/wp-json\/wp\/v2\/users\/7"}],"replies":[{"embeddable":true,"href":"https:\/\/www.organisator.ch\/it\/wp-json\/wp\/v2\/comments?post=5657"}],"version-history":[{"count":0,"href":"https:\/\/www.organisator.ch\/it\/wp-json\/wp\/v2\/posts\/5657\/revisions"}],"wp:featuredmedia":[{"embeddable":true,"href":"https:\/\/www.organisator.ch\/it\/wp-json\/wp\/v2\/media\/5691"}],"wp:attachment":[{"href":"https:\/\/www.organisator.ch\/it\/wp-json\/wp\/v2\/media?parent=5657"}],"wp:term":[{"taxonomy":"category","embeddable":true,"href":"https:\/\/www.organisator.ch\/it\/wp-json\/wp\/v2\/categories?post=5657"},{"taxonomy":"post_tag","embeddable":true,"href":"https:\/\/www.organisator.ch\/it\/wp-json\/wp\/v2\/tags?post=5657"}],"curies":[{"name":"wp","href":"https:\/\/api.w.org\/{rel}","templated":true}]}}