{"id":5672,"date":"2019-08-15T09:26:35","date_gmt":"2019-08-15T07:26:35","guid":{"rendered":"https:\/\/www.organisator.ch\/?p=5672"},"modified":"2019-08-15T09:26:35","modified_gmt":"2019-08-15T07:26:35","slug":"machen-sie-sich-fit-im-online-marketing","status":"publish","type":"post","link":"https:\/\/www.organisator.ch\/it\/marketing\/2019-08-15\/machen-sie-sich-fit-im-online-marketing\/","title":{"rendered":"Mettiti in forma nel marketing online"},"content":{"rendered":"<p><img loading=\"lazy\" decoding=\"async\" class=\"alignnone size-medium wp-image-5673\" src=\"https:\/\/www.organisator.ch\/wp-content\/uploads\/2019\/08\/Machen-Sie-sich-fit-im-Online-Marketing_Organisator.jpg\" alt=\"\" width=\"680\" height=\"204\" srcset=\"https:\/\/www.organisator.ch\/wp-content\/uploads\/2019\/08\/Machen-Sie-sich-fit-im-Online-Marketing_Organisator.jpg 680w, https:\/\/www.organisator.ch\/wp-content\/uploads\/2019\/08\/Machen-Sie-sich-fit-im-Online-Marketing_Organisator-16x5.jpg 16w, https:\/\/www.organisator.ch\/wp-content\/uploads\/2019\/08\/Machen-Sie-sich-fit-im-Online-Marketing_Organisator-375x113.jpg 375w, https:\/\/www.organisator.ch\/wp-content\/uploads\/2019\/08\/Machen-Sie-sich-fit-im-Online-Marketing_Organisator-300x90.jpg 300w\" sizes=\"auto, (max-width: 680px) 100vw, 680px\" \/><\/p>\n<p>Negli ultimi sei anni, l'OMC \u00e8 diventato parte integrante della scena svizzera dell'e-commerce ed \u00e8 una preziosa piattaforma di scambio tra opinion leader, esperti del settore e rappresentanti del mondo economico e accademico. Fedeli al motto \"Qui si impara qualcosa\", esperti nazionali e internazionali condividono le loro conoscenze ed esperienze, forniscono nuovi spunti di riflessione e spiegano i loro approcci.<\/p>\n<p>I visitatori possono aspettarsi input emozionanti e aggiornati dai vari relatori. In particolare, i tre relatori principali provenienti da tre paesi hanno in serbo interessanti presentazioni. Il Prof. Dr. Dirk Morschett dell'Universit\u00e0 di Friburgo presenter\u00e0 il nuovo studio Future Retail Switzerland ed evidenzier\u00e0 le tendenze future pi\u00f9 importanti per i commercianti e i produttori in Svizzera. Uno sguardo all'Estremo Oriente sar\u00e0 fornito dal Prof. Dr. Zheng Han, che parler\u00e0 dell'innovazione digitale in Cina. L'evento sar\u00e0 concluso dall'esperto tedesco di marketing online Karl Kratz. Introdurr\u00e0 i visitatori all'arte della messa in scena digitale.<\/p>\n<p>L'OMC \u00e8 organizzato dall'associazione di categoria GS1 Switzerland, sostenuta dall'agenzia internet iqual GmbH e Garaio AG come co-organizzatori.<\/p>\n<p><em>Maggiori informazioni sull'OMC 2019 possono essere trovate su: <a href=\"http:\/\/www.online-marketing-konferenz.ch\/de\">www.online-marketing-konferenz.ch\/de<\/a><\/em><\/p>","protected":false},"excerpt":{"rendered":"<p>Die OMK hat sich in den letzten sechs Jahren zu einem festen Bestandteil der Schweizer E-Commerce-Szene entwickelt und ist eine wertvolle Plattform f\u00fcr den Austausch unter Meinungsf\u00fchrern, Branchenexperten und Vertretern aus Wirtschaft und Wissenschaft. Getreu dem Motto &#8222;Hier lernst du was&#8220; geben nationale und internationale Experten ihr Wissen und ihre Erfahrungen weiter, geben neue Denkanst\u00f6sse [&hellip;]<\/p>\n","protected":false},"author":4,"featured_media":5673,"comment_status":"open","ping_status":"open","sticky":false,"template":"","format":"standard","meta":{"_acf_changed":false,"_yoast_wpseo_focuskw":"Online Marketing","_yoast_wpseo_metadesc":"Online Marketing, E-Commerce und E-Business - Die Schweizer Online Marketing Konferenz (OMK) ist DIE Fachveranstaltung f\u00fcr diese aktuellen Themen.","articlekey":"","footnotes":""},"categories":[29],"tags":[156,193,339],"class_list":["post-5672","post","type-post","status-publish","format-standard","has-post-thumbnail","hentry","category-marketing","tag-digitalisierung","tag-fachkongressfachmesse","tag-marketing"],"acf":[],"yoast_head":"<!-- This site is optimized with the Yoast SEO plugin v27.5 - https:\/\/yoast.com\/product\/yoast-seo-wordpress\/ -->\n<title>Machen Sie sich fit im Online Marketing - Organisator<\/title>\n<meta name=\"description\" content=\"Online Marketing, E-Commerce und E-Business - Die Schweizer Online Marketing Konferenz (OMK) ist DIE Fachveranstaltung f\u00fcr diese aktuellen Themen.\" \/>\n<meta name=\"robots\" content=\"index, follow, max-snippet:-1, max-image-preview:large, max-video-preview:-1\" \/>\n<link rel=\"canonical\" href=\"https:\/\/www.organisator.ch\/it\/marketing\/2019-08-15\/machen-sie-sich-fit-im-online-marketing\/\" \/>\n<meta property=\"og:locale\" content=\"it_IT\" \/>\n<meta property=\"og:type\" content=\"article\" \/>\n<meta property=\"og:title\" content=\"Machen Sie sich fit im Online Marketing\" \/>\n<meta property=\"og:description\" content=\"Online Marketing, E-Commerce und E-Business - Die Schweizer Online Marketing Konferenz (OMK) ist DIE Fachveranstaltung f\u00fcr diese aktuellen Themen.\" \/>\n<meta property=\"og:url\" content=\"https:\/\/www.organisator.ch\/it\/marketing\/2019-08-15\/machen-sie-sich-fit-im-online-marketing\/\" \/>\n<meta property=\"og:site_name\" content=\"Organisator\" \/>\n<meta property=\"article:publisher\" content=\"https:\/\/www.facebook.com\/OrganisatorFachmagazin\" \/>\n<meta property=\"article:published_time\" content=\"2019-08-15T07:26:35+00:00\" \/>\n<meta property=\"og:image\" content=\"https:\/\/www.organisator.ch\/wp-content\/uploads\/2019\/08\/Machen-Sie-sich-fit-im-Online-Marketing_Organisator.jpg\" \/>\n\t<meta property=\"og:image:width\" content=\"680\" \/>\n\t<meta property=\"og:image:height\" content=\"204\" \/>\n\t<meta property=\"og:image:type\" content=\"image\/jpeg\" \/>\n<meta name=\"author\" content=\"thomas.berner\" \/>\n<meta name=\"twitter:card\" content=\"summary_large_image\" \/>\n<meta name=\"twitter:title\" content=\"Machen Sie sich fit im #Online Marketing\" \/>\n<meta name=\"twitter:description\" content=\"#Online Marketing, E-Commerce und E-Business - Die Schweizer Online Marketing Konferenz (#OMK) ist DIE Fachveranstaltung f\u00fcr diese aktuellen Themen.\" \/>\n<meta name=\"twitter:image\" content=\"https:\/\/www.organisator.ch\/wp-content\/uploads\/2019\/08\/Machen-Sie-sich-fit-im-Online-Marketing_Organisator.jpg\" \/>\n<script type=\"application\/ld+json\" class=\"yoast-schema-graph\">{\"@context\":\"https:\\\/\\\/schema.org\",\"@graph\":[{\"@type\":\"Article\",\"@id\":\"https:\\\/\\\/www.organisator.ch\\\/marketing\\\/2019-08-15\\\/machen-sie-sich-fit-im-online-marketing\\\/#article\",\"isPartOf\":{\"@id\":\"https:\\\/\\\/www.organisator.ch\\\/marketing\\\/2019-08-15\\\/machen-sie-sich-fit-im-online-marketing\\\/\"},\"author\":{\"name\":\"thomas.berner\",\"@id\":\"https:\\\/\\\/www.organisator.ch\\\/#\\\/schema\\\/person\\\/6f650f90b2842cd4c0cc334b4e36f67e\"},\"headline\":\"Machen Sie sich fit im Online Marketing\",\"datePublished\":\"2019-08-15T07:26:35+00:00\",\"mainEntityOfPage\":{\"@id\":\"https:\\\/\\\/www.organisator.ch\\\/marketing\\\/2019-08-15\\\/machen-sie-sich-fit-im-online-marketing\\\/\"},\"wordCount\":205,\"commentCount\":0,\"publisher\":{\"@id\":\"https:\\\/\\\/www.organisator.ch\\\/#organization\"},\"image\":{\"@id\":\"https:\\\/\\\/www.organisator.ch\\\/marketing\\\/2019-08-15\\\/machen-sie-sich-fit-im-online-marketing\\\/#primaryimage\"},\"thumbnailUrl\":\"https:\\\/\\\/www.organisator.ch\\\/wp-content\\\/uploads\\\/2019\\\/08\\\/Machen-Sie-sich-fit-im-Online-Marketing_Organisator.jpg\",\"keywords\":[\"Digitalisierung\",\"Fachkongress\\\/Fachmesse\",\"Marketing\"],\"articleSection\":[\"MARKETING\"],\"inLanguage\":\"it-IT\"},{\"@type\":\"WebPage\",\"@id\":\"https:\\\/\\\/www.organisator.ch\\\/marketing\\\/2019-08-15\\\/machen-sie-sich-fit-im-online-marketing\\\/\",\"url\":\"https:\\\/\\\/www.organisator.ch\\\/marketing\\\/2019-08-15\\\/machen-sie-sich-fit-im-online-marketing\\\/\",\"name\":\"Machen Sie sich fit im Online Marketing - Organisator\",\"isPartOf\":{\"@id\":\"https:\\\/\\\/www.organisator.ch\\\/#website\"},\"primaryImageOfPage\":{\"@id\":\"https:\\\/\\\/www.organisator.ch\\\/marketing\\\/2019-08-15\\\/machen-sie-sich-fit-im-online-marketing\\\/#primaryimage\"},\"image\":{\"@id\":\"https:\\\/\\\/www.organisator.ch\\\/marketing\\\/2019-08-15\\\/machen-sie-sich-fit-im-online-marketing\\\/#primaryimage\"},\"thumbnailUrl\":\"https:\\\/\\\/www.organisator.ch\\\/wp-content\\\/uploads\\\/2019\\\/08\\\/Machen-Sie-sich-fit-im-Online-Marketing_Organisator.jpg\",\"datePublished\":\"2019-08-15T07:26:35+00:00\",\"description\":\"Online Marketing, E-Commerce und E-Business - Die Schweizer Online Marketing Konferenz (OMK) ist DIE Fachveranstaltung f\u00fcr diese aktuellen Themen.\",\"breadcrumb\":{\"@id\":\"https:\\\/\\\/www.organisator.ch\\\/marketing\\\/2019-08-15\\\/machen-sie-sich-fit-im-online-marketing\\\/#breadcrumb\"},\"inLanguage\":\"it-IT\",\"potentialAction\":[{\"@type\":\"ReadAction\",\"target\":[\"https:\\\/\\\/www.organisator.ch\\\/marketing\\\/2019-08-15\\\/machen-sie-sich-fit-im-online-marketing\\\/\"]}]},{\"@type\":\"ImageObject\",\"inLanguage\":\"it-IT\",\"@id\":\"https:\\\/\\\/www.organisator.ch\\\/marketing\\\/2019-08-15\\\/machen-sie-sich-fit-im-online-marketing\\\/#primaryimage\",\"url\":\"https:\\\/\\\/www.organisator.ch\\\/wp-content\\\/uploads\\\/2019\\\/08\\\/Machen-Sie-sich-fit-im-Online-Marketing_Organisator.jpg\",\"contentUrl\":\"https:\\\/\\\/www.organisator.ch\\\/wp-content\\\/uploads\\\/2019\\\/08\\\/Machen-Sie-sich-fit-im-Online-Marketing_Organisator.jpg\",\"width\":680,\"height\":204},{\"@type\":\"BreadcrumbList\",\"@id\":\"https:\\\/\\\/www.organisator.ch\\\/marketing\\\/2019-08-15\\\/machen-sie-sich-fit-im-online-marketing\\\/#breadcrumb\",\"itemListElement\":[{\"@type\":\"ListItem\",\"position\":1,\"name\":\"Home\",\"item\":\"https:\\\/\\\/www.organisator.ch\\\/\"},{\"@type\":\"ListItem\",\"position\":2,\"name\":\"Machen Sie sich fit im Online Marketing\"}]},{\"@type\":\"WebSite\",\"@id\":\"https:\\\/\\\/www.organisator.ch\\\/#website\",\"url\":\"https:\\\/\\\/www.organisator.ch\\\/\",\"name\":\"Organisator\",\"description\":\"Kompetent. Praxisnah. Der ORGANISATOR bereitet in 10 Ausgaben pro Jahr die wesentlichen Themen f\u00fcr F\u00fchrungskr\u00e4fte von KMU auf.\",\"publisher\":{\"@id\":\"https:\\\/\\\/www.organisator.ch\\\/#organization\"},\"potentialAction\":[{\"@type\":\"SearchAction\",\"target\":{\"@type\":\"EntryPoint\",\"urlTemplate\":\"https:\\\/\\\/www.organisator.ch\\\/?s={search_term_string}\"},\"query-input\":{\"@type\":\"PropertyValueSpecification\",\"valueRequired\":true,\"valueName\":\"search_term_string\"}}],\"inLanguage\":\"it-IT\"},{\"@type\":\"Organization\",\"@id\":\"https:\\\/\\\/www.organisator.ch\\\/#organization\",\"name\":\"Organisator\",\"url\":\"https:\\\/\\\/www.organisator.ch\\\/\",\"logo\":{\"@type\":\"ImageObject\",\"inLanguage\":\"it-IT\",\"@id\":\"https:\\\/\\\/www.organisator.ch\\\/#\\\/schema\\\/logo\\\/image\\\/\",\"url\":\"https:\\\/\\\/www.organisator.ch\\\/wp-content\\\/uploads\\\/2022\\\/01\\\/Logo_Organisator_Website.png\",\"contentUrl\":\"https:\\\/\\\/www.organisator.ch\\\/wp-content\\\/uploads\\\/2022\\\/01\\\/Logo_Organisator_Website.png\",\"width\":800,\"height\":77,\"caption\":\"Organisator\"},\"image\":{\"@id\":\"https:\\\/\\\/www.organisator.ch\\\/#\\\/schema\\\/logo\\\/image\\\/\"},\"sameAs\":[\"https:\\\/\\\/www.facebook.com\\\/OrganisatorFachmagazin\",\"https:\\\/\\\/www.linkedin.com\\\/showcase\\\/organisator-das-magazin-fr-kmu\",\"https:\\\/\\\/www.xing.com\\\/news\\\/pages\\\/organisator-ch-695\",\"https:\\\/\\\/www.youtube.com\\\/channel\\\/UCGP2Sq0iWaZwT3BdIAQFYpw\"]},{\"@type\":\"Person\",\"@id\":\"https:\\\/\\\/www.organisator.ch\\\/#\\\/schema\\\/person\\\/6f650f90b2842cd4c0cc334b4e36f67e\",\"name\":\"thomas.berner\",\"image\":{\"@type\":\"ImageObject\",\"inLanguage\":\"it-IT\",\"@id\":\"https:\\\/\\\/secure.gravatar.com\\\/avatar\\\/ac5001d2a36cb6c6cd3e50789007ffca834b477b74a2144564522e944eabff61?s=96&d=mm&r=g\",\"url\":\"https:\\\/\\\/secure.gravatar.com\\\/avatar\\\/ac5001d2a36cb6c6cd3e50789007ffca834b477b74a2144564522e944eabff61?s=96&d=mm&r=g\",\"contentUrl\":\"https:\\\/\\\/secure.gravatar.com\\\/avatar\\\/ac5001d2a36cb6c6cd3e50789007ffca834b477b74a2144564522e944eabff61?s=96&d=mm&r=g\",\"caption\":\"thomas.berner\"},\"url\":\"https:\\\/\\\/www.organisator.ch\\\/it\\\/author\\\/thomas-berner\\\/\"}]}<\/script>\n<!-- \/ Yoast SEO plugin. -->","yoast_head_json":{"title":"Mettiti in forma con il marketing online - organizzatore","description":"Marketing online, e-commerce ed e-business: la Swiss Online Marketing Conference (OMK) \u00e8 l'evento specialistico per questi temi attuali.","robots":{"index":"index","follow":"follow","max-snippet":"max-snippet:-1","max-image-preview":"max-image-preview:large","max-video-preview":"max-video-preview:-1"},"canonical":"https:\/\/www.organisator.ch\/it\/marketing\/2019-08-15\/machen-sie-sich-fit-im-online-marketing\/","og_locale":"it_IT","og_type":"article","og_title":"Machen Sie sich fit im Online Marketing","og_description":"Online Marketing, E-Commerce und E-Business - Die Schweizer Online Marketing Konferenz (OMK) ist DIE Fachveranstaltung f\u00fcr diese aktuellen Themen.","og_url":"https:\/\/www.organisator.ch\/it\/marketing\/2019-08-15\/machen-sie-sich-fit-im-online-marketing\/","og_site_name":"Organisator","article_publisher":"https:\/\/www.facebook.com\/OrganisatorFachmagazin","article_published_time":"2019-08-15T07:26:35+00:00","og_image":[{"width":680,"height":204,"url":"https:\/\/www.organisator.ch\/wp-content\/uploads\/2019\/08\/Machen-Sie-sich-fit-im-Online-Marketing_Organisator.jpg","type":"image\/jpeg"}],"author":"thomas.berner","twitter_card":"summary_large_image","twitter_title":"Machen Sie sich fit im #Online Marketing","twitter_description":"#Online Marketing, E-Commerce und E-Business - Die Schweizer Online Marketing Konferenz (#OMK) ist DIE Fachveranstaltung f\u00fcr diese aktuellen Themen.","twitter_image":"https:\/\/www.organisator.ch\/wp-content\/uploads\/2019\/08\/Machen-Sie-sich-fit-im-Online-Marketing_Organisator.jpg","schema":{"@context":"https:\/\/schema.org","@graph":[{"@type":"Article","@id":"https:\/\/www.organisator.ch\/marketing\/2019-08-15\/machen-sie-sich-fit-im-online-marketing\/#article","isPartOf":{"@id":"https:\/\/www.organisator.ch\/marketing\/2019-08-15\/machen-sie-sich-fit-im-online-marketing\/"},"author":{"name":"thomas.berner","@id":"https:\/\/www.organisator.ch\/#\/schema\/person\/6f650f90b2842cd4c0cc334b4e36f67e"},"headline":"Machen Sie sich fit im Online Marketing","datePublished":"2019-08-15T07:26:35+00:00","mainEntityOfPage":{"@id":"https:\/\/www.organisator.ch\/marketing\/2019-08-15\/machen-sie-sich-fit-im-online-marketing\/"},"wordCount":205,"commentCount":0,"publisher":{"@id":"https:\/\/www.organisator.ch\/#organization"},"image":{"@id":"https:\/\/www.organisator.ch\/marketing\/2019-08-15\/machen-sie-sich-fit-im-online-marketing\/#primaryimage"},"thumbnailUrl":"https:\/\/www.organisator.ch\/wp-content\/uploads\/2019\/08\/Machen-Sie-sich-fit-im-Online-Marketing_Organisator.jpg","keywords":["Digitalisierung","Fachkongress\/Fachmesse","Marketing"],"articleSection":["MARKETING"],"inLanguage":"it-IT"},{"@type":"WebPage","@id":"https:\/\/www.organisator.ch\/marketing\/2019-08-15\/machen-sie-sich-fit-im-online-marketing\/","url":"https:\/\/www.organisator.ch\/marketing\/2019-08-15\/machen-sie-sich-fit-im-online-marketing\/","name":"Mettiti in forma con il marketing online - organizzatore","isPartOf":{"@id":"https:\/\/www.organisator.ch\/#website"},"primaryImageOfPage":{"@id":"https:\/\/www.organisator.ch\/marketing\/2019-08-15\/machen-sie-sich-fit-im-online-marketing\/#primaryimage"},"image":{"@id":"https:\/\/www.organisator.ch\/marketing\/2019-08-15\/machen-sie-sich-fit-im-online-marketing\/#primaryimage"},"thumbnailUrl":"https:\/\/www.organisator.ch\/wp-content\/uploads\/2019\/08\/Machen-Sie-sich-fit-im-Online-Marketing_Organisator.jpg","datePublished":"2019-08-15T07:26:35+00:00","description":"Marketing online, e-commerce ed e-business: la Swiss Online Marketing Conference (OMK) \u00e8 l'evento specialistico per questi temi attuali.","breadcrumb":{"@id":"https:\/\/www.organisator.ch\/marketing\/2019-08-15\/machen-sie-sich-fit-im-online-marketing\/#breadcrumb"},"inLanguage":"it-IT","potentialAction":[{"@type":"ReadAction","target":["https:\/\/www.organisator.ch\/marketing\/2019-08-15\/machen-sie-sich-fit-im-online-marketing\/"]}]},{"@type":"ImageObject","inLanguage":"it-IT","@id":"https:\/\/www.organisator.ch\/marketing\/2019-08-15\/machen-sie-sich-fit-im-online-marketing\/#primaryimage","url":"https:\/\/www.organisator.ch\/wp-content\/uploads\/2019\/08\/Machen-Sie-sich-fit-im-Online-Marketing_Organisator.jpg","contentUrl":"https:\/\/www.organisator.ch\/wp-content\/uploads\/2019\/08\/Machen-Sie-sich-fit-im-Online-Marketing_Organisator.jpg","width":680,"height":204},{"@type":"BreadcrumbList","@id":"https:\/\/www.organisator.ch\/marketing\/2019-08-15\/machen-sie-sich-fit-im-online-marketing\/#breadcrumb","itemListElement":[{"@type":"ListItem","position":1,"name":"Home","item":"https:\/\/www.organisator.ch\/"},{"@type":"ListItem","position":2,"name":"Machen Sie sich fit im Online Marketing"}]},{"@type":"WebSite","@id":"https:\/\/www.organisator.ch\/#website","url":"https:\/\/www.organisator.ch\/","name":"Organizzatore","description":"Competente. Pratico. In 10 numeri all'anno, ORGANISATOR presenta i temi essenziali per i manager delle PMI.","publisher":{"@id":"https:\/\/www.organisator.ch\/#organization"},"potentialAction":[{"@type":"SearchAction","target":{"@type":"EntryPoint","urlTemplate":"https:\/\/www.organisator.ch\/?s={search_term_string}"},"query-input":{"@type":"PropertyValueSpecification","valueRequired":true,"valueName":"search_term_string"}}],"inLanguage":"it-IT"},{"@type":"Organization","@id":"https:\/\/www.organisator.ch\/#organization","name":"Organizzatore","url":"https:\/\/www.organisator.ch\/","logo":{"@type":"ImageObject","inLanguage":"it-IT","@id":"https:\/\/www.organisator.ch\/#\/schema\/logo\/image\/","url":"https:\/\/www.organisator.ch\/wp-content\/uploads\/2022\/01\/Logo_Organisator_Website.png","contentUrl":"https:\/\/www.organisator.ch\/wp-content\/uploads\/2022\/01\/Logo_Organisator_Website.png","width":800,"height":77,"caption":"Organisator"},"image":{"@id":"https:\/\/www.organisator.ch\/#\/schema\/logo\/image\/"},"sameAs":["https:\/\/www.facebook.com\/OrganisatorFachmagazin","https:\/\/www.linkedin.com\/showcase\/organisator-das-magazin-fr-kmu","https:\/\/www.xing.com\/news\/pages\/organisator-ch-695","https:\/\/www.youtube.com\/channel\/UCGP2Sq0iWaZwT3BdIAQFYpw"]},{"@type":"Person","@id":"https:\/\/www.organisator.ch\/#\/schema\/person\/6f650f90b2842cd4c0cc334b4e36f67e","name":"Tommaso.berner","image":{"@type":"ImageObject","inLanguage":"it-IT","@id":"https:\/\/secure.gravatar.com\/avatar\/ac5001d2a36cb6c6cd3e50789007ffca834b477b74a2144564522e944eabff61?s=96&d=mm&r=g","url":"https:\/\/secure.gravatar.com\/avatar\/ac5001d2a36cb6c6cd3e50789007ffca834b477b74a2144564522e944eabff61?s=96&d=mm&r=g","contentUrl":"https:\/\/secure.gravatar.com\/avatar\/ac5001d2a36cb6c6cd3e50789007ffca834b477b74a2144564522e944eabff61?s=96&d=mm&r=g","caption":"thomas.berner"},"url":"https:\/\/www.organisator.ch\/it\/author\/thomas-berner\/"}]}},"_links":{"self":[{"href":"https:\/\/www.organisator.ch\/it\/wp-json\/wp\/v2\/posts\/5672","targetHints":{"allow":["GET"]}}],"collection":[{"href":"https:\/\/www.organisator.ch\/it\/wp-json\/wp\/v2\/posts"}],"about":[{"href":"https:\/\/www.organisator.ch\/it\/wp-json\/wp\/v2\/types\/post"}],"author":[{"embeddable":true,"href":"https:\/\/www.organisator.ch\/it\/wp-json\/wp\/v2\/users\/4"}],"replies":[{"embeddable":true,"href":"https:\/\/www.organisator.ch\/it\/wp-json\/wp\/v2\/comments?post=5672"}],"version-history":[{"count":0,"href":"https:\/\/www.organisator.ch\/it\/wp-json\/wp\/v2\/posts\/5672\/revisions"}],"wp:featuredmedia":[{"embeddable":true,"href":"https:\/\/www.organisator.ch\/it\/wp-json\/wp\/v2\/media\/5673"}],"wp:attachment":[{"href":"https:\/\/www.organisator.ch\/it\/wp-json\/wp\/v2\/media?parent=5672"}],"wp:term":[{"taxonomy":"category","embeddable":true,"href":"https:\/\/www.organisator.ch\/it\/wp-json\/wp\/v2\/categories?post=5672"},{"taxonomy":"post_tag","embeddable":true,"href":"https:\/\/www.organisator.ch\/it\/wp-json\/wp\/v2\/tags?post=5672"}],"curies":[{"name":"wp","href":"https:\/\/api.w.org\/{rel}","templated":true}]}}