{"id":5679,"date":"2019-08-19T15:40:29","date_gmt":"2019-08-19T13:40:29","guid":{"rendered":"https:\/\/www.organisator.ch\/?p=5679"},"modified":"2019-08-19T15:40:29","modified_gmt":"2019-08-19T13:40:29","slug":"vermoegensverwaltung-nachhaltige-anlagen-und-produktspezialisierung-als-chancen","status":"publish","type":"post","link":"https:\/\/www.organisator.ch\/it\/management\/finanzen_recht\/2019-08-19\/vermoegensverwaltung-nachhaltige-anlagen-und-produktspezialisierung-als-chancen\/","title":{"rendered":"Gestione patrimoniale: investimenti sostenibili e specializzazione dei prodotti come opportunit\u00e0"},"content":{"rendered":"<figure id=\"attachment_5684\" aria-describedby=\"caption-attachment-5684\" style=\"width: 680px\" class=\"wp-caption alignnone\"><img loading=\"lazy\" decoding=\"async\" class=\"size-medium wp-image-5684\" src=\"https:\/\/www.organisator.ch\/wp-content\/uploads\/2019\/08\/Vermoegensverwaltung-Nachhaltige-Anlagen-und-Produktspezialisierung-als-Chancen-3_Organisator.jpg\" alt=\"\" width=\"680\" height=\"455\" srcset=\"https:\/\/www.organisator.ch\/wp-content\/uploads\/2019\/08\/Vermoegensverwaltung-Nachhaltige-Anlagen-und-Produktspezialisierung-als-Chancen-3_Organisator.jpg 680w, https:\/\/www.organisator.ch\/wp-content\/uploads\/2019\/08\/Vermoegensverwaltung-Nachhaltige-Anlagen-und-Produktspezialisierung-als-Chancen-3_Organisator-16x12.jpg 16w, https:\/\/www.organisator.ch\/wp-content\/uploads\/2019\/08\/Vermoegensverwaltung-Nachhaltige-Anlagen-und-Produktspezialisierung-als-Chancen-3_Organisator-262x175.jpg 262w, https:\/\/www.organisator.ch\/wp-content\/uploads\/2019\/08\/Vermoegensverwaltung-Nachhaltige-Anlagen-und-Produktspezialisierung-als-Chancen-3_Organisator-523x350.jpg 523w, https:\/\/www.organisator.ch\/wp-content\/uploads\/2019\/08\/Vermoegensverwaltung-Nachhaltige-Anlagen-und-Produktspezialisierung-als-Chancen-3_Organisator-300x201.jpg 300w\" sizes=\"auto, (max-width: 680px) 100vw, 680px\" \/><figcaption id=\"caption-attachment-5684\" class=\"wp-caption-text\">La gestione patrimoniale \u00e8 un fattore economico significativo in Svizzera. (Immagine: Pixabay.com)<\/figcaption><\/figure>\n<p>La Svizzera offre condizioni favorevoli ai gestori patrimoniali. In particolare, un ambiente politico-legale stabile e affidabile e un sistema educativo forte con una forza lavoro altamente qualificata sono identificati come fattori chiave per il successo nella gestione degli asset. \"La piazza finanziaria svizzera \u00e8 uno dei centri di gestione patrimoniale pi\u00f9 grandi e dinamici d'Europa. Le societ\u00e0 di gestione patrimoniale con sede in Svizzera svolgono un importante ruolo di finanziamento incanalando i risparmi nell'economia reale. Cos\u00ec facendo, creano posti di lavoro e rafforzano l'economia\", afferma Lorenz Arnet, CEO di Asset Management Platform Switzerland.<\/p>\n<h2>Il volume totale corrisponde a tre volte il PIL svizzero<\/h2>\n<p>In termini di dimensioni del mercato, alla fine del 2018 il patrimonio complessivo gestito da banche, societ\u00e0 di gestione di fondi, commercianti di valori mobiliari e gestori patrimoniali sottoposti alla vigilanza della FINMA in Svizzera ammontava a 2.161 miliardi di franchi svizzeri. Ci\u00f2 equivale a circa tre volte il PIL svizzero e a circa due volte il patrimonio dei fondi pensione svizzeri. Di questi patrimoni gestiti da asset manager in Svizzera per clienti nazionali ed esteri, 1.243 miliardi di franchi svizzeri erano detenuti in organismi di investimento collettivo e 918 miliardi di franchi svizzeri in mandati istituzionali. Il volume totale corrisponde a una leggera diminuzione di 2% rispetto all'anno precedente (grafico 1). Questo calo \u00e8 in gran parte dovuto alla forte correzione dei mercati azionari globali nel quarto trimestre del 2018. Secondo le stime degli autori dello studio, il settore della gestione patrimoniale impiega direttamente circa 9.900 dipendenti altamente qualificati (con una crescita di 3% rispetto all'anno precedente), mentre altre 45.600 persone lavorano indirettamente nel settore.<\/p>\n<figure id=\"attachment_5682\" aria-describedby=\"caption-attachment-5682\" style=\"width: 680px\" class=\"wp-caption alignnone\"><img loading=\"lazy\" decoding=\"async\" class=\"size-medium wp-image-5682\" src=\"https:\/\/www.organisator.ch\/wp-content\/uploads\/2019\/08\/Vermoegensverwaltung-Nachhaltige-Anlagen-und-Produktspezialisierung-als-Chancen-1_Organisator.jpg\" alt=\"\" width=\"680\" height=\"448\" srcset=\"https:\/\/www.organisator.ch\/wp-content\/uploads\/2019\/08\/Vermoegensverwaltung-Nachhaltige-Anlagen-und-Produktspezialisierung-als-Chancen-1_Organisator.jpg 1700w, https:\/\/www.organisator.ch\/wp-content\/uploads\/2019\/08\/Vermoegensverwaltung-Nachhaltige-Anlagen-und-Produktspezialisierung-als-Chancen-1_Organisator-680x448.jpg 680w, https:\/\/www.organisator.ch\/wp-content\/uploads\/2019\/08\/Vermoegensverwaltung-Nachhaltige-Anlagen-und-Produktspezialisierung-als-Chancen-1_Organisator-1024x675.jpg 1024w, https:\/\/www.organisator.ch\/wp-content\/uploads\/2019\/08\/Vermoegensverwaltung-Nachhaltige-Anlagen-und-Produktspezialisierung-als-Chancen-1_Organisator-768x506.jpg 768w, https:\/\/www.organisator.ch\/wp-content\/uploads\/2019\/08\/Vermoegensverwaltung-Nachhaltige-Anlagen-und-Produktspezialisierung-als-Chancen-1_Organisator-1536x1012.jpg 1536w, https:\/\/www.organisator.ch\/wp-content\/uploads\/2019\/08\/Vermoegensverwaltung-Nachhaltige-Anlagen-und-Produktspezialisierung-als-Chancen-1_Organisator-16x12.jpg 16w, https:\/\/www.organisator.ch\/wp-content\/uploads\/2019\/08\/Vermoegensverwaltung-Nachhaltige-Anlagen-und-Produktspezialisierung-als-Chancen-1_Organisator-266x175.jpg 266w, https:\/\/www.organisator.ch\/wp-content\/uploads\/2019\/08\/Vermoegensverwaltung-Nachhaltige-Anlagen-und-Produktspezialisierung-als-Chancen-1_Organisator-531x350.jpg 531w, https:\/\/www.organisator.ch\/wp-content\/uploads\/2019\/08\/Vermoegensverwaltung-Nachhaltige-Anlagen-und-Produktspezialisierung-als-Chancen-1_Organisator-1214x800.jpg 1214w, https:\/\/www.organisator.ch\/wp-content\/uploads\/2019\/08\/Vermoegensverwaltung-Nachhaltige-Anlagen-und-Produktspezialisierung-als-Chancen-1_Organisator-920x606.jpg 920w, https:\/\/www.organisator.ch\/wp-content\/uploads\/2019\/08\/Vermoegensverwaltung-Nachhaltige-Anlagen-und-Produktspezialisierung-als-Chancen-1_Organisator-1400x922.jpg 1400w, https:\/\/www.organisator.ch\/wp-content\/uploads\/2019\/08\/Vermoegensverwaltung-Nachhaltige-Anlagen-und-Produktspezialisierung-als-Chancen-1_Organisator-300x198.jpg 300w\" sizes=\"auto, (max-width: 680px) 100vw, 680px\" \/><figcaption id=\"caption-attachment-5682\" class=\"wp-caption-text\">Figura 1: Patrimoni in gestione in Svizzera (in miliardi di CHF).<\/figcaption><\/figure>\n<h2>Molti regolamenti sono una sfida<\/h2>\n<p>Gli autori dello studio hanno condotto un'analisi del sentiment tra i gestori patrimoniali con sede in Svizzera. L'indagine mostra che la regolamentazione \u00e8 vista come la sfida pi\u00f9 grande. Circa il 70% degli intervistati ritiene che il rapporto tra costi e benefici della regolamentazione sia sbilanciato. La maggioranza delle societ\u00e0 di gestione patrimoniale intervistate ritiene che i costi normativi siano elevati. I gestori patrimoniali in Svizzera vedono un potenziale di miglioramento normativo, in particolare attraverso l'abolizione della tassa di bollo e la riduzione dell'imposta alla fonte.<\/p>\n<h2>Grande potenziale negli investimenti sostenibili<\/h2>\n<p>Le maggiori opportunit\u00e0 nell'asset management sono rappresentate dalla specializzazione dei prodotti e dagli investimenti sostenibili, le minori dagli investimenti passivi (grafico 2). \"Per ottenere un vantaggio competitivo nel settore della gestione patrimoniale, \u00e8 importante scegliere un modello di business che si concentri sulla leadership dei costi o sulla specializzazione dei prodotti. I risultati della nostra indagine mostrano che i gestori patrimoniali con sede in Svizzera tendono a concentrarsi sulla specializzazione con competenze chiave chiaramente definite\", afferma J\u00fcrg Fausch, coautore dello studio nonch\u00e9 economista presso l'Universit\u00e0 di Scienze Applicate e Arti di Lucerna.<\/p>\n<figure id=\"attachment_5683\" aria-describedby=\"caption-attachment-5683\" style=\"width: 680px\" class=\"wp-caption alignnone\"><img loading=\"lazy\" decoding=\"async\" class=\"size-medium wp-image-5683\" src=\"https:\/\/www.organisator.ch\/wp-content\/uploads\/2019\/08\/Vermoegensverwaltung-Nachhaltige-Anlagen-und-Produktspezialisierung-als-Chancen-2_Organisator.jpg\" alt=\"\" width=\"680\" height=\"489\" srcset=\"https:\/\/www.organisator.ch\/wp-content\/uploads\/2019\/08\/Vermoegensverwaltung-Nachhaltige-Anlagen-und-Produktspezialisierung-als-Chancen-2_Organisator.jpg 1440w, https:\/\/www.organisator.ch\/wp-content\/uploads\/2019\/08\/Vermoegensverwaltung-Nachhaltige-Anlagen-und-Produktspezialisierung-als-Chancen-2_Organisator-680x489.jpg 680w, https:\/\/www.organisator.ch\/wp-content\/uploads\/2019\/08\/Vermoegensverwaltung-Nachhaltige-Anlagen-und-Produktspezialisierung-als-Chancen-2_Organisator-1024x737.jpg 1024w, https:\/\/www.organisator.ch\/wp-content\/uploads\/2019\/08\/Vermoegensverwaltung-Nachhaltige-Anlagen-und-Produktspezialisierung-als-Chancen-2_Organisator-768x553.jpg 768w, https:\/\/www.organisator.ch\/wp-content\/uploads\/2019\/08\/Vermoegensverwaltung-Nachhaltige-Anlagen-und-Produktspezialisierung-als-Chancen-2_Organisator-16x12.jpg 16w, https:\/\/www.organisator.ch\/wp-content\/uploads\/2019\/08\/Vermoegensverwaltung-Nachhaltige-Anlagen-und-Produktspezialisierung-als-Chancen-2_Organisator-243x175.jpg 243w, https:\/\/www.organisator.ch\/wp-content\/uploads\/2019\/08\/Vermoegensverwaltung-Nachhaltige-Anlagen-und-Produktspezialisierung-als-Chancen-2_Organisator-486x350.jpg 486w, https:\/\/www.organisator.ch\/wp-content\/uploads\/2019\/08\/Vermoegensverwaltung-Nachhaltige-Anlagen-und-Produktspezialisierung-als-Chancen-2_Organisator-1112x800.jpg 1112w, https:\/\/www.organisator.ch\/wp-content\/uploads\/2019\/08\/Vermoegensverwaltung-Nachhaltige-Anlagen-und-Produktspezialisierung-als-Chancen-2_Organisator-920x662.jpg 920w, https:\/\/www.organisator.ch\/wp-content\/uploads\/2019\/08\/Vermoegensverwaltung-Nachhaltige-Anlagen-und-Produktspezialisierung-als-Chancen-2_Organisator-1400x1007.jpg 1400w, https:\/\/www.organisator.ch\/wp-content\/uploads\/2019\/08\/Vermoegensverwaltung-Nachhaltige-Anlagen-und-Produktspezialisierung-als-Chancen-2_Organisator-300x216.jpg 300w\" sizes=\"auto, (max-width: 680px) 100vw, 680px\" \/><figcaption id=\"caption-attachment-5683\" class=\"wp-caption-text\">Figura 2: Opportunit\u00e0 per l'industria svizzera della gestione patrimoniale.<\/figcaption><\/figure>\n<h2>La gestione attiva domina il modello di business<\/h2>\n<p>Circa il 70% dei patrimoni gestiti in Svizzera \u00e8 gestito in modo attivo e il 30% in modo passivo. Nel caso dei mandati di gestione discrezionale, circa due terzi degli asset sono gestiti attivamente, mentre nel caso degli organismi di investimento collettivo, circa l'80% degli asset in gestione \u00e8 gestito con un approccio attivo. Questi dati confermano quanto emerso dall'analisi del sentiment: i gestori patrimoniali con sede in Svizzera si stanno concentrando su prodotti specializzati e gestiti attivamente per ottenere un vantaggio competitivo. Inoltre, i gestori patrimoniali in Svizzera sono fortemente coinvolti in classi di attivit\u00e0 alternative, la maggior parte delle quali persegue strategie di gestione attiva del portafoglio.<\/p>\n<p><em>Fonte: <a href=\"http:\/\/www.hslu.ch\">Universit\u00e0 di Lucerna<\/a>\u00a0e\u00a0<a href=\"http:\/\/www.amp-switzerland.ch\">Piattaforma di gestione patrimoniale Svizzera<\/a><\/em><\/p>","protected":false},"excerpt":{"rendered":"<p>Die Schweiz bietet g\u00fcnstige Bedingungen f\u00fcr Asset Manager. Insbesondere ein stabiles und zuverl\u00e4ssiges politisch-rechtliches Umfeld und ein starkes Bildungssystem mit hoch qualifizierten Arbeitskr\u00e4ften werden als Schl\u00fcsselfaktoren f\u00fcr den Erfolg in der Verm\u00f6gensverwaltung identifiziert. \u00abDer Schweizer Finanzplatz ist eine der gr\u00f6ssten und dynamischsten Asset-Management-Zentren in Europa. In der Schweiz ans\u00e4ssige Asset-Management-Firmen spielen eine wichtige Finanzierungsrolle, indem [&hellip;]<\/p>\n","protected":false},"author":4,"featured_media":5684,"comment_status":"open","ping_status":"open","sticky":false,"template":"","format":"standard","meta":{"_acf_changed":false,"_yoast_wpseo_focuskw":"Verm\u00f6gensverwaltung","_yoast_wpseo_metadesc":"Die Verm\u00f6gensverwaltung ist eine wichtige S\u00e4ule des Schweizer Finanzplatzes. Das zeigt die zweite Ausgabe der IFZ\/AMP Asset Management Studie.","articlekey":"","footnotes":""},"categories":[24],"tags":[90,202,340,459,509,531],"class_list":["post-5679","post","type-post","status-publish","format-standard","has-post-thumbnail","hentry","category-finanzen_recht","tag-branchen","tag-finanzenrecht","tag-maerkte","tag-studie","tag-vermoegensverwaltung","tag-wirtschaftspolitik"],"acf":[],"yoast_head":"<!-- This site is optimized with the Yoast SEO plugin v27.4 - https:\/\/yoast.com\/product\/yoast-seo-wordpress\/ -->\n<title>Verm\u00f6gensverwaltung: Nachhaltige Anlagen und Produktspezialisierung als Chancen - Organisator<\/title>\n<meta name=\"description\" content=\"Die Verm\u00f6gensverwaltung ist eine wichtige S\u00e4ule des Schweizer Finanzplatzes. Das zeigt die zweite Ausgabe der IFZ\/AMP Asset Management Studie.\" \/>\n<meta name=\"robots\" content=\"index, follow, max-snippet:-1, max-image-preview:large, max-video-preview:-1\" \/>\n<link rel=\"canonical\" href=\"https:\/\/www.organisator.ch\/it\/gestione-2\/finanzen_recht\/2019-08-19\/vermoegensverwaltung-nachhaltige-anlagen-und-produktspezialisierung-als-chancen\/\" \/>\n<meta property=\"og:locale\" content=\"it_IT\" \/>\n<meta property=\"og:type\" content=\"article\" \/>\n<meta property=\"og:title\" content=\"Verm\u00f6gensverwaltung: Nachhaltige Anlagen und Produktspezialisierung als Chancen\" \/>\n<meta property=\"og:description\" content=\"Die Verm\u00f6gensverwaltung ist eine wichtige S\u00e4ule des Schweizer Finanzplatzes. Das zeigt die zweite Ausgabe der IFZ\/AMP Asset Management Studie.\" \/>\n<meta property=\"og:url\" content=\"https:\/\/www.organisator.ch\/it\/gestione-2\/finanzen_recht\/2019-08-19\/vermoegensverwaltung-nachhaltige-anlagen-und-produktspezialisierung-als-chancen\/\" \/>\n<meta property=\"og:site_name\" content=\"Organisator\" \/>\n<meta property=\"article:publisher\" content=\"https:\/\/www.facebook.com\/OrganisatorFachmagazin\" \/>\n<meta property=\"article:published_time\" content=\"2019-08-19T13:40:29+00:00\" \/>\n<meta property=\"og:image\" content=\"https:\/\/www.organisator.ch\/wp-content\/uploads\/2019\/08\/Vermoegensverwaltung-Nachhaltige-Anlagen-und-Produktspezialisierung-als-Chancen-3_Organisator.jpg\" \/>\n\t<meta property=\"og:image:width\" content=\"680\" \/>\n\t<meta property=\"og:image:height\" content=\"455\" \/>\n\t<meta property=\"og:image:type\" content=\"image\/jpeg\" \/>\n<meta name=\"author\" content=\"thomas.berner\" \/>\n<meta name=\"twitter:card\" content=\"summary_large_image\" \/>\n<meta name=\"twitter:title\" content=\"#Verm\u00f6gensverwaltung: Nachhaltige Anlagen und #Produktspezialisierung als Chancen\" \/>\n<meta name=\"twitter:description\" content=\"Die #Verm\u00f6gensverwaltung ist eine wichtige S\u00e4ule des Schweizer Finanzplatzes. Das zeigt die zweite Ausgabe der IFZ\/AMP Asset Management Studie.\" \/>\n<meta name=\"twitter:image\" content=\"https:\/\/www.organisator.ch\/wp-content\/uploads\/2019\/08\/Verm\u00f6gensverwaltung-Nachhaltige-Anlagen-und-Produktspezialisierung-als-Chancen-3_Organisator.jpg\" \/>\n<script type=\"application\/ld+json\" class=\"yoast-schema-graph\">{\"@context\":\"https:\\\/\\\/schema.org\",\"@graph\":[{\"@type\":\"Article\",\"@id\":\"https:\\\/\\\/www.organisator.ch\\\/management\\\/finanzen_recht\\\/2019-08-19\\\/vermoegensverwaltung-nachhaltige-anlagen-und-produktspezialisierung-als-chancen\\\/#article\",\"isPartOf\":{\"@id\":\"https:\\\/\\\/www.organisator.ch\\\/management\\\/finanzen_recht\\\/2019-08-19\\\/vermoegensverwaltung-nachhaltige-anlagen-und-produktspezialisierung-als-chancen\\\/\"},\"author\":{\"name\":\"thomas.berner\",\"@id\":\"https:\\\/\\\/www.organisator.ch\\\/#\\\/schema\\\/person\\\/6f650f90b2842cd4c0cc334b4e36f67e\"},\"headline\":\"Verm\u00f6gensverwaltung: Nachhaltige Anlagen und Produktspezialisierung als Chancen\",\"datePublished\":\"2019-08-19T13:40:29+00:00\",\"mainEntityOfPage\":{\"@id\":\"https:\\\/\\\/www.organisator.ch\\\/management\\\/finanzen_recht\\\/2019-08-19\\\/vermoegensverwaltung-nachhaltige-anlagen-und-produktspezialisierung-als-chancen\\\/\"},\"wordCount\":592,\"commentCount\":0,\"publisher\":{\"@id\":\"https:\\\/\\\/www.organisator.ch\\\/#organization\"},\"image\":{\"@id\":\"https:\\\/\\\/www.organisator.ch\\\/management\\\/finanzen_recht\\\/2019-08-19\\\/vermoegensverwaltung-nachhaltige-anlagen-und-produktspezialisierung-als-chancen\\\/#primaryimage\"},\"thumbnailUrl\":\"https:\\\/\\\/www.organisator.ch\\\/wp-content\\\/uploads\\\/2019\\\/08\\\/Vermoegensverwaltung-Nachhaltige-Anlagen-und-Produktspezialisierung-als-Chancen-3_Organisator.jpg\",\"keywords\":[\"Branchen\",\"Finanzen\\\/Recht\",\"M\u00e4rkte\",\"Studie\",\"Verm\u00f6gensverwaltung\",\"Wirtschaftspolitik\"],\"articleSection\":[\"FINANZEN\\\/RECHT\"],\"inLanguage\":\"it-IT\"},{\"@type\":\"WebPage\",\"@id\":\"https:\\\/\\\/www.organisator.ch\\\/management\\\/finanzen_recht\\\/2019-08-19\\\/vermoegensverwaltung-nachhaltige-anlagen-und-produktspezialisierung-als-chancen\\\/\",\"url\":\"https:\\\/\\\/www.organisator.ch\\\/management\\\/finanzen_recht\\\/2019-08-19\\\/vermoegensverwaltung-nachhaltige-anlagen-und-produktspezialisierung-als-chancen\\\/\",\"name\":\"Verm\u00f6gensverwaltung: Nachhaltige Anlagen und Produktspezialisierung als Chancen - Organisator\",\"isPartOf\":{\"@id\":\"https:\\\/\\\/www.organisator.ch\\\/#website\"},\"primaryImageOfPage\":{\"@id\":\"https:\\\/\\\/www.organisator.ch\\\/management\\\/finanzen_recht\\\/2019-08-19\\\/vermoegensverwaltung-nachhaltige-anlagen-und-produktspezialisierung-als-chancen\\\/#primaryimage\"},\"image\":{\"@id\":\"https:\\\/\\\/www.organisator.ch\\\/management\\\/finanzen_recht\\\/2019-08-19\\\/vermoegensverwaltung-nachhaltige-anlagen-und-produktspezialisierung-als-chancen\\\/#primaryimage\"},\"thumbnailUrl\":\"https:\\\/\\\/www.organisator.ch\\\/wp-content\\\/uploads\\\/2019\\\/08\\\/Vermoegensverwaltung-Nachhaltige-Anlagen-und-Produktspezialisierung-als-Chancen-3_Organisator.jpg\",\"datePublished\":\"2019-08-19T13:40:29+00:00\",\"description\":\"Die Verm\u00f6gensverwaltung ist eine wichtige S\u00e4ule des Schweizer Finanzplatzes. Das zeigt die zweite Ausgabe der IFZ\\\/AMP Asset Management Studie.\",\"breadcrumb\":{\"@id\":\"https:\\\/\\\/www.organisator.ch\\\/management\\\/finanzen_recht\\\/2019-08-19\\\/vermoegensverwaltung-nachhaltige-anlagen-und-produktspezialisierung-als-chancen\\\/#breadcrumb\"},\"inLanguage\":\"it-IT\",\"potentialAction\":[{\"@type\":\"ReadAction\",\"target\":[\"https:\\\/\\\/www.organisator.ch\\\/management\\\/finanzen_recht\\\/2019-08-19\\\/vermoegensverwaltung-nachhaltige-anlagen-und-produktspezialisierung-als-chancen\\\/\"]}]},{\"@type\":\"ImageObject\",\"inLanguage\":\"it-IT\",\"@id\":\"https:\\\/\\\/www.organisator.ch\\\/management\\\/finanzen_recht\\\/2019-08-19\\\/vermoegensverwaltung-nachhaltige-anlagen-und-produktspezialisierung-als-chancen\\\/#primaryimage\",\"url\":\"https:\\\/\\\/www.organisator.ch\\\/wp-content\\\/uploads\\\/2019\\\/08\\\/Vermoegensverwaltung-Nachhaltige-Anlagen-und-Produktspezialisierung-als-Chancen-3_Organisator.jpg\",\"contentUrl\":\"https:\\\/\\\/www.organisator.ch\\\/wp-content\\\/uploads\\\/2019\\\/08\\\/Vermoegensverwaltung-Nachhaltige-Anlagen-und-Produktspezialisierung-als-Chancen-3_Organisator.jpg\",\"width\":680,\"height\":455,\"caption\":\"Die Verm\u00f6gensverwaltung ist in der Schweiz ein bedeutender Wirtschaftsfaktor. (Bild: Pixabay.com)\"},{\"@type\":\"BreadcrumbList\",\"@id\":\"https:\\\/\\\/www.organisator.ch\\\/management\\\/finanzen_recht\\\/2019-08-19\\\/vermoegensverwaltung-nachhaltige-anlagen-und-produktspezialisierung-als-chancen\\\/#breadcrumb\",\"itemListElement\":[{\"@type\":\"ListItem\",\"position\":1,\"name\":\"Home\",\"item\":\"https:\\\/\\\/www.organisator.ch\\\/\"},{\"@type\":\"ListItem\",\"position\":2,\"name\":\"Verm\u00f6gensverwaltung: Nachhaltige Anlagen und Produktspezialisierung als Chancen\"}]},{\"@type\":\"WebSite\",\"@id\":\"https:\\\/\\\/www.organisator.ch\\\/#website\",\"url\":\"https:\\\/\\\/www.organisator.ch\\\/\",\"name\":\"Organisator\",\"description\":\"Kompetent. Praxisnah. Der ORGANISATOR bereitet in 10 Ausgaben pro Jahr die wesentlichen Themen f\u00fcr F\u00fchrungskr\u00e4fte von KMU auf.\",\"publisher\":{\"@id\":\"https:\\\/\\\/www.organisator.ch\\\/#organization\"},\"potentialAction\":[{\"@type\":\"SearchAction\",\"target\":{\"@type\":\"EntryPoint\",\"urlTemplate\":\"https:\\\/\\\/www.organisator.ch\\\/?s={search_term_string}\"},\"query-input\":{\"@type\":\"PropertyValueSpecification\",\"valueRequired\":true,\"valueName\":\"search_term_string\"}}],\"inLanguage\":\"it-IT\"},{\"@type\":\"Organization\",\"@id\":\"https:\\\/\\\/www.organisator.ch\\\/#organization\",\"name\":\"Organisator\",\"url\":\"https:\\\/\\\/www.organisator.ch\\\/\",\"logo\":{\"@type\":\"ImageObject\",\"inLanguage\":\"it-IT\",\"@id\":\"https:\\\/\\\/www.organisator.ch\\\/#\\\/schema\\\/logo\\\/image\\\/\",\"url\":\"https:\\\/\\\/www.organisator.ch\\\/wp-content\\\/uploads\\\/2022\\\/01\\\/Logo_Organisator_Website.png\",\"contentUrl\":\"https:\\\/\\\/www.organisator.ch\\\/wp-content\\\/uploads\\\/2022\\\/01\\\/Logo_Organisator_Website.png\",\"width\":800,\"height\":77,\"caption\":\"Organisator\"},\"image\":{\"@id\":\"https:\\\/\\\/www.organisator.ch\\\/#\\\/schema\\\/logo\\\/image\\\/\"},\"sameAs\":[\"https:\\\/\\\/www.facebook.com\\\/OrganisatorFachmagazin\",\"https:\\\/\\\/www.linkedin.com\\\/showcase\\\/organisator-das-magazin-fr-kmu\",\"https:\\\/\\\/www.xing.com\\\/news\\\/pages\\\/organisator-ch-695\",\"https:\\\/\\\/www.youtube.com\\\/channel\\\/UCGP2Sq0iWaZwT3BdIAQFYpw\"]},{\"@type\":\"Person\",\"@id\":\"https:\\\/\\\/www.organisator.ch\\\/#\\\/schema\\\/person\\\/6f650f90b2842cd4c0cc334b4e36f67e\",\"name\":\"thomas.berner\",\"image\":{\"@type\":\"ImageObject\",\"inLanguage\":\"it-IT\",\"@id\":\"https:\\\/\\\/secure.gravatar.com\\\/avatar\\\/ac5001d2a36cb6c6cd3e50789007ffca834b477b74a2144564522e944eabff61?s=96&d=mm&r=g\",\"url\":\"https:\\\/\\\/secure.gravatar.com\\\/avatar\\\/ac5001d2a36cb6c6cd3e50789007ffca834b477b74a2144564522e944eabff61?s=96&d=mm&r=g\",\"contentUrl\":\"https:\\\/\\\/secure.gravatar.com\\\/avatar\\\/ac5001d2a36cb6c6cd3e50789007ffca834b477b74a2144564522e944eabff61?s=96&d=mm&r=g\",\"caption\":\"thomas.berner\"},\"url\":\"https:\\\/\\\/www.organisator.ch\\\/it\\\/author\\\/thomas-berner\\\/\"}]}<\/script>\n<!-- \/ Yoast SEO plugin. -->","yoast_head_json":{"title":"Asset management: investimenti sostenibili e specializzazione dei prodotti come opportunit\u00e0 - Organizzatore","description":"La gestione patrimoniale \u00e8 un pilastro importante della piazza finanziaria svizzera. Ci\u00f2 \u00e8 dimostrato dalla seconda edizione dello Studio sulla gestione degli asset IFZ\/AMP.","robots":{"index":"index","follow":"follow","max-snippet":"max-snippet:-1","max-image-preview":"max-image-preview:large","max-video-preview":"max-video-preview:-1"},"canonical":"https:\/\/www.organisator.ch\/it\/gestione-2\/finanzen_recht\/2019-08-19\/vermoegensverwaltung-nachhaltige-anlagen-und-produktspezialisierung-als-chancen\/","og_locale":"it_IT","og_type":"article","og_title":"Verm\u00f6gensverwaltung: Nachhaltige Anlagen und Produktspezialisierung als Chancen","og_description":"Die Verm\u00f6gensverwaltung ist eine wichtige S\u00e4ule des Schweizer Finanzplatzes. Das zeigt die zweite Ausgabe der IFZ\/AMP Asset Management Studie.","og_url":"https:\/\/www.organisator.ch\/it\/gestione-2\/finanzen_recht\/2019-08-19\/vermoegensverwaltung-nachhaltige-anlagen-und-produktspezialisierung-als-chancen\/","og_site_name":"Organisator","article_publisher":"https:\/\/www.facebook.com\/OrganisatorFachmagazin","article_published_time":"2019-08-19T13:40:29+00:00","og_image":[{"width":680,"height":455,"url":"https:\/\/www.organisator.ch\/wp-content\/uploads\/2019\/08\/Vermoegensverwaltung-Nachhaltige-Anlagen-und-Produktspezialisierung-als-Chancen-3_Organisator.jpg","type":"image\/jpeg"}],"author":"thomas.berner","twitter_card":"summary_large_image","twitter_title":"#Verm\u00f6gensverwaltung: Nachhaltige Anlagen und #Produktspezialisierung als Chancen","twitter_description":"Die #Verm\u00f6gensverwaltung ist eine wichtige S\u00e4ule des Schweizer Finanzplatzes. Das zeigt die zweite Ausgabe der IFZ\/AMP Asset Management Studie.","twitter_image":"https:\/\/www.organisator.ch\/wp-content\/uploads\/2019\/08\/Verm\u00f6gensverwaltung-Nachhaltige-Anlagen-und-Produktspezialisierung-als-Chancen-3_Organisator.jpg","schema":{"@context":"https:\/\/schema.org","@graph":[{"@type":"Article","@id":"https:\/\/www.organisator.ch\/management\/finanzen_recht\/2019-08-19\/vermoegensverwaltung-nachhaltige-anlagen-und-produktspezialisierung-als-chancen\/#article","isPartOf":{"@id":"https:\/\/www.organisator.ch\/management\/finanzen_recht\/2019-08-19\/vermoegensverwaltung-nachhaltige-anlagen-und-produktspezialisierung-als-chancen\/"},"author":{"name":"thomas.berner","@id":"https:\/\/www.organisator.ch\/#\/schema\/person\/6f650f90b2842cd4c0cc334b4e36f67e"},"headline":"Verm\u00f6gensverwaltung: Nachhaltige Anlagen und Produktspezialisierung als Chancen","datePublished":"2019-08-19T13:40:29+00:00","mainEntityOfPage":{"@id":"https:\/\/www.organisator.ch\/management\/finanzen_recht\/2019-08-19\/vermoegensverwaltung-nachhaltige-anlagen-und-produktspezialisierung-als-chancen\/"},"wordCount":592,"commentCount":0,"publisher":{"@id":"https:\/\/www.organisator.ch\/#organization"},"image":{"@id":"https:\/\/www.organisator.ch\/management\/finanzen_recht\/2019-08-19\/vermoegensverwaltung-nachhaltige-anlagen-und-produktspezialisierung-als-chancen\/#primaryimage"},"thumbnailUrl":"https:\/\/www.organisator.ch\/wp-content\/uploads\/2019\/08\/Vermoegensverwaltung-Nachhaltige-Anlagen-und-Produktspezialisierung-als-Chancen-3_Organisator.jpg","keywords":["Branchen","Finanzen\/Recht","M\u00e4rkte","Studie","Verm\u00f6gensverwaltung","Wirtschaftspolitik"],"articleSection":["FINANZEN\/RECHT"],"inLanguage":"it-IT"},{"@type":"WebPage","@id":"https:\/\/www.organisator.ch\/management\/finanzen_recht\/2019-08-19\/vermoegensverwaltung-nachhaltige-anlagen-und-produktspezialisierung-als-chancen\/","url":"https:\/\/www.organisator.ch\/management\/finanzen_recht\/2019-08-19\/vermoegensverwaltung-nachhaltige-anlagen-und-produktspezialisierung-als-chancen\/","name":"Asset management: investimenti sostenibili e specializzazione dei prodotti come opportunit\u00e0 - Organizzatore","isPartOf":{"@id":"https:\/\/www.organisator.ch\/#website"},"primaryImageOfPage":{"@id":"https:\/\/www.organisator.ch\/management\/finanzen_recht\/2019-08-19\/vermoegensverwaltung-nachhaltige-anlagen-und-produktspezialisierung-als-chancen\/#primaryimage"},"image":{"@id":"https:\/\/www.organisator.ch\/management\/finanzen_recht\/2019-08-19\/vermoegensverwaltung-nachhaltige-anlagen-und-produktspezialisierung-als-chancen\/#primaryimage"},"thumbnailUrl":"https:\/\/www.organisator.ch\/wp-content\/uploads\/2019\/08\/Vermoegensverwaltung-Nachhaltige-Anlagen-und-Produktspezialisierung-als-Chancen-3_Organisator.jpg","datePublished":"2019-08-19T13:40:29+00:00","description":"La gestione patrimoniale \u00e8 un pilastro importante della piazza finanziaria svizzera. Ci\u00f2 \u00e8 dimostrato dalla seconda edizione dello Studio sulla gestione degli asset IFZ\/AMP.","breadcrumb":{"@id":"https:\/\/www.organisator.ch\/management\/finanzen_recht\/2019-08-19\/vermoegensverwaltung-nachhaltige-anlagen-und-produktspezialisierung-als-chancen\/#breadcrumb"},"inLanguage":"it-IT","potentialAction":[{"@type":"ReadAction","target":["https:\/\/www.organisator.ch\/management\/finanzen_recht\/2019-08-19\/vermoegensverwaltung-nachhaltige-anlagen-und-produktspezialisierung-als-chancen\/"]}]},{"@type":"ImageObject","inLanguage":"it-IT","@id":"https:\/\/www.organisator.ch\/management\/finanzen_recht\/2019-08-19\/vermoegensverwaltung-nachhaltige-anlagen-und-produktspezialisierung-als-chancen\/#primaryimage","url":"https:\/\/www.organisator.ch\/wp-content\/uploads\/2019\/08\/Vermoegensverwaltung-Nachhaltige-Anlagen-und-Produktspezialisierung-als-Chancen-3_Organisator.jpg","contentUrl":"https:\/\/www.organisator.ch\/wp-content\/uploads\/2019\/08\/Vermoegensverwaltung-Nachhaltige-Anlagen-und-Produktspezialisierung-als-Chancen-3_Organisator.jpg","width":680,"height":455,"caption":"Die Verm\u00f6gensverwaltung ist in der Schweiz ein bedeutender Wirtschaftsfaktor. (Bild: Pixabay.com)"},{"@type":"BreadcrumbList","@id":"https:\/\/www.organisator.ch\/management\/finanzen_recht\/2019-08-19\/vermoegensverwaltung-nachhaltige-anlagen-und-produktspezialisierung-als-chancen\/#breadcrumb","itemListElement":[{"@type":"ListItem","position":1,"name":"Home","item":"https:\/\/www.organisator.ch\/"},{"@type":"ListItem","position":2,"name":"Verm\u00f6gensverwaltung: Nachhaltige Anlagen und Produktspezialisierung als Chancen"}]},{"@type":"WebSite","@id":"https:\/\/www.organisator.ch\/#website","url":"https:\/\/www.organisator.ch\/","name":"Organizzatore","description":"Competente. Pratico. In 10 numeri all'anno, ORGANISATOR presenta i temi essenziali per i manager delle PMI.","publisher":{"@id":"https:\/\/www.organisator.ch\/#organization"},"potentialAction":[{"@type":"SearchAction","target":{"@type":"EntryPoint","urlTemplate":"https:\/\/www.organisator.ch\/?s={search_term_string}"},"query-input":{"@type":"PropertyValueSpecification","valueRequired":true,"valueName":"search_term_string"}}],"inLanguage":"it-IT"},{"@type":"Organization","@id":"https:\/\/www.organisator.ch\/#organization","name":"Organizzatore","url":"https:\/\/www.organisator.ch\/","logo":{"@type":"ImageObject","inLanguage":"it-IT","@id":"https:\/\/www.organisator.ch\/#\/schema\/logo\/image\/","url":"https:\/\/www.organisator.ch\/wp-content\/uploads\/2022\/01\/Logo_Organisator_Website.png","contentUrl":"https:\/\/www.organisator.ch\/wp-content\/uploads\/2022\/01\/Logo_Organisator_Website.png","width":800,"height":77,"caption":"Organisator"},"image":{"@id":"https:\/\/www.organisator.ch\/#\/schema\/logo\/image\/"},"sameAs":["https:\/\/www.facebook.com\/OrganisatorFachmagazin","https:\/\/www.linkedin.com\/showcase\/organisator-das-magazin-fr-kmu","https:\/\/www.xing.com\/news\/pages\/organisator-ch-695","https:\/\/www.youtube.com\/channel\/UCGP2Sq0iWaZwT3BdIAQFYpw"]},{"@type":"Person","@id":"https:\/\/www.organisator.ch\/#\/schema\/person\/6f650f90b2842cd4c0cc334b4e36f67e","name":"Tommaso.berner","image":{"@type":"ImageObject","inLanguage":"it-IT","@id":"https:\/\/secure.gravatar.com\/avatar\/ac5001d2a36cb6c6cd3e50789007ffca834b477b74a2144564522e944eabff61?s=96&d=mm&r=g","url":"https:\/\/secure.gravatar.com\/avatar\/ac5001d2a36cb6c6cd3e50789007ffca834b477b74a2144564522e944eabff61?s=96&d=mm&r=g","contentUrl":"https:\/\/secure.gravatar.com\/avatar\/ac5001d2a36cb6c6cd3e50789007ffca834b477b74a2144564522e944eabff61?s=96&d=mm&r=g","caption":"thomas.berner"},"url":"https:\/\/www.organisator.ch\/it\/author\/thomas-berner\/"}]}},"_links":{"self":[{"href":"https:\/\/www.organisator.ch\/it\/wp-json\/wp\/v2\/posts\/5679","targetHints":{"allow":["GET"]}}],"collection":[{"href":"https:\/\/www.organisator.ch\/it\/wp-json\/wp\/v2\/posts"}],"about":[{"href":"https:\/\/www.organisator.ch\/it\/wp-json\/wp\/v2\/types\/post"}],"author":[{"embeddable":true,"href":"https:\/\/www.organisator.ch\/it\/wp-json\/wp\/v2\/users\/4"}],"replies":[{"embeddable":true,"href":"https:\/\/www.organisator.ch\/it\/wp-json\/wp\/v2\/comments?post=5679"}],"version-history":[{"count":0,"href":"https:\/\/www.organisator.ch\/it\/wp-json\/wp\/v2\/posts\/5679\/revisions"}],"wp:featuredmedia":[{"embeddable":true,"href":"https:\/\/www.organisator.ch\/it\/wp-json\/wp\/v2\/media\/5684"}],"wp:attachment":[{"href":"https:\/\/www.organisator.ch\/it\/wp-json\/wp\/v2\/media?parent=5679"}],"wp:term":[{"taxonomy":"category","embeddable":true,"href":"https:\/\/www.organisator.ch\/it\/wp-json\/wp\/v2\/categories?post=5679"},{"taxonomy":"post_tag","embeddable":true,"href":"https:\/\/www.organisator.ch\/it\/wp-json\/wp\/v2\/tags?post=5679"}],"curies":[{"name":"wp","href":"https:\/\/api.w.org\/{rel}","templated":true}]}}