{"id":5708,"date":"2019-08-22T09:36:11","date_gmt":"2019-08-22T07:36:11","guid":{"rendered":"https:\/\/www.organisator.ch\/?p=5708"},"modified":"2019-08-22T09:36:11","modified_gmt":"2019-08-22T07:36:11","slug":"work-smart-neue-partnerschaft-foerdert-flexibles-arbeiten","status":"publish","type":"post","link":"https:\/\/www.organisator.ch\/it\/management\/2019-08-22\/work-smart-neue-partnerschaft-foerdert-flexibles-arbeiten\/","title":{"rendered":"Work Smart: una nuova partnership promuove il lavoro flessibile"},"content":{"rendered":"<figure id=\"attachment_5711\" aria-describedby=\"caption-attachment-5711\" style=\"width: 680px\" class=\"wp-caption alignnone\"><img loading=\"lazy\" decoding=\"async\" class=\"size-medium wp-image-5711\" src=\"https:\/\/www.organisator.ch\/wp-content\/uploads\/2019\/08\/Work-Smart-Neue-Partnerschaft-foerdert-flexibles-Arbeiten_Organisator.jpg\" alt=\"\" width=\"680\" height=\"454\" srcset=\"https:\/\/www.organisator.ch\/wp-content\/uploads\/2019\/08\/Work-Smart-Neue-Partnerschaft-foerdert-flexibles-Arbeiten_Organisator.jpg 680w, https:\/\/www.organisator.ch\/wp-content\/uploads\/2019\/08\/Work-Smart-Neue-Partnerschaft-foerdert-flexibles-Arbeiten_Organisator-16x12.jpg 16w, https:\/\/www.organisator.ch\/wp-content\/uploads\/2019\/08\/Work-Smart-Neue-Partnerschaft-foerdert-flexibles-Arbeiten_Organisator-262x175.jpg 262w, https:\/\/www.organisator.ch\/wp-content\/uploads\/2019\/08\/Work-Smart-Neue-Partnerschaft-foerdert-flexibles-Arbeiten_Organisator-524x350.jpg 524w, https:\/\/www.organisator.ch\/wp-content\/uploads\/2019\/08\/Work-Smart-Neue-Partnerschaft-foerdert-flexibles-Arbeiten_Organisator-300x200.jpg 300w\" sizes=\"auto, (max-width: 680px) 100vw, 680px\" \/><figcaption id=\"caption-attachment-5711\" class=\"wp-caption-text\">Work Smart: i membri del Kaufm\u00e4nnischer Verband possono utilizzare gli spazi di coworking VillageOffice a prezzi ridotti. (Immagine simbolo; fonte: Pixabay.com)<\/figcaption><\/figure>\n<p>L'Associazione Commerciale e la Cooperativa VillageOffice si uniscono da oggi in una partnership. Indipendentemente l'una dall'altra, entrambe le organizzazioni perseguono l'obiettivo di promuovere forme di lavoro moderne e flessibili e di preparare i professionisti al mondo del lavoro di domani. Con la nuova collaborazione, vogliono sfruttare le sinergie comuni. In qualit\u00e0 di associazione professionale per i dipendenti del settore commerciale e imprenditoriale, il Kaufm\u00e4nnische Verband serve attualmente circa 46.000 membri. Dal 2016, VillageOffice sta lavorando per costruire una rete di spazi partner a livello nazionale. Si tratta di spazi di coworking inseriti in un ecosistema di fornitori di servizi locali. Oggi la rete \u00e8 composta da circa 60 spazi di coworking. Nell'ambito della nuova partnership, i membri del Kaufm\u00e4nnischer Verband possono lavorare in coworking gratuitamente un giorno all'anno in una delle sedi selezionate. Per tutti gli altri giorni, beneficiano di un prezzo speciale di CHF 30.00 al giorno.<\/p>\n<h2>Anche le aziende traggono vantaggio<\/h2>\n<p>Con la nuova partnership, i membri del Kaufm\u00e4nnischer Verband non beneficiano solo di vantaggi finanziari. In Svizzera, circa 70% di persone che lavorano si spostano per raggiungere un luogo di lavoro al di fuori del proprio comune di residenza (BfS 2019). Utilizzando gli spazi di coworking vicini come uffici esterni o sale riunioni, i dipendenti diventano pi\u00f9 flessibili in termini di tempo e geografia. Gli spostamenti pi\u00f9 brevi consentono di dedicare pi\u00f9 tempo alla famiglia, agli amici e agli hobby. \"Il nostro obiettivo \u00e8 che entro il 2030 ogni persona in Svizzera sia in grado di raggiungere lo spazio di coworking pi\u00f9 vicino entro 15 minuti in bicicletta o con i mezzi pubblici\", afferma Jenny Sch\u00e4pper-Uster, partner e cofondatrice di VillageOffice. Questo non solo promuove l'economia locale e alleggerisce l'infrastruttura del traffico, ma contribuisce anche a un migliore equilibrio tra lavoro e vita privata. Questo, a sua volta, ha un effetto positivo sulla motivazione e sull'impegno verso l'azienda. Gli spazi di coworking sono vantaggiosi non solo per i dipendenti, ma anche per i datori di lavoro. Grazie all'infrastruttura esterna, possono offrire ai propri dipendenti soluzioni flessibili e risparmiare al tempo stesso sui costi fissi interni.<\/p>\n<h2>Partnership per un migliore equilibrio tra lavoro e vita privata<\/h2>\n<p>Anche l'Associazione commerciale vede nella nuova forma di lavoro un grande potenziale per il futuro mercato del lavoro. Il gruppo occupazionale con funzioni superiori nel settore della gestione commerciale e aziendale sta registrando la crescita maggiore. Potenzialmente sono i pi\u00f9 avvantaggiati dalle opportunit\u00e0 di lavoro flessibile in termini di tempo e luogo. Anche il lavoro decentralizzato sta diventando sempre pi\u00f9 importante con la gig economy in costante crescita. \"A livello politico, ci battiamo per la modernizzazione del Codice del Lavoro e per la creazione di buone condizioni quadro per le nuove forme di lavoro\", spiega Ursula H\u00e4fliger, responsabile delle politiche della Federazione degli Impiegati Commerciali. L'obiettivo \u00e8 favorire il lavoro flessibile e allo stesso tempo rafforzare la tutela della salute. \"Inoltre, deve essere garantita la sicurezza sociale per le nuove forme di lavoro. Il lavoro flessibile pu\u00f2 essere la chiave per continuare a svolgere un'attivit\u00e0 lavorativa, soprattutto per le persone che non hanno impegni lavorativi\". L'Associazione commerciale ha un impegno di lunga data per l'equilibrio tra lavoro e vita privata.<\/p>\n<h2>Coworking gratuito durante la Work Smart Week<\/h2>\n<p>L'annuncio della partnership arriva giusto in tempo per la Work Smart Week di quest'anno (<a href=\"http:\/\/www.work-smart-initiative.ch\">work-smart-initiative.ch<\/a>). Dal 26 al 30 agosto 2019, nell'ambito dell'iniziativa, diverse aziende organizzeranno eventi su temi legati al lavoro flessibile e indipendente dalla sede. I membri del Kaufm\u00e4nnischer Verband e gli interessati possono provare gratuitamente gli spazi membri di Coworking Svizzera (coworking.ch) durante queste giornate. Il Kaufm\u00e4nnische Verband \u00e8 un patrocinatore dell'iniziativa Work Smart sin dalla sua fondazione nel 2015, e VillageOffice sostiene l'iniziativa come partner.<\/p>\n<p>Ulteriori informazioni: <a href=\"http:\/\/www.kfmv.ch\">kfmv<\/a> e <a href=\"http:\/\/www.villageoffice.ch\">VillaggioUfficio<\/a><\/p>","protected":false},"excerpt":{"rendered":"<p>Der Kaufm\u00e4nnische Verband und die VillageOffice Genossenschaft treten ab heute in eine Partnerschaft. Unabh\u00e4ngig voneinander verfolgen beide Organisationen das Ziel, moderne und flexible Arbeitsformen zu f\u00f6rdern und Berufst\u00e4tige auf die Arbeitswelt von morgen vorzubereiten. Mit der neuen Zusammenarbeit m\u00f6chten sie gemeinsame Synergien nutzen. Als Berufsverband f\u00fcr kaufm\u00e4nnische und betriebswirtschaftliche Angestellte betreut der Kaufm\u00e4nnische Verband heute [&hellip;]<\/p>\n","protected":false},"author":4,"featured_media":5711,"comment_status":"open","ping_status":"open","sticky":false,"template":"","format":"standard","meta":{"_acf_changed":false,"_yoast_wpseo_focuskw":"Work Smart","_yoast_wpseo_metadesc":"Mit einer neuen Zusammenarbeit m\u00f6chten die Partner Kaufm\u00e4nnischer Verband und VillageOffice der Work Smart Initiative flexibles Arbeiten f\u00f6rdern.","articlekey":"","footnotes":""},"categories":[28],"tags":[51,135,254,363,492],"class_list":["post-5708","post","type-post","status-publish","format-standard","has-post-thumbnail","hentry","category-management","tag-arbeitsplatzgestaltung","tag-coworking","tag-hrm","tag-new-work","tag-unternehmen"],"acf":[],"yoast_head":"<!-- This site is optimized with the Yoast SEO plugin v27.4 - https:\/\/yoast.com\/product\/yoast-seo-wordpress\/ -->\n<title>Work Smart: Neue Partnerschaft f\u00f6rdert flexibles Arbeiten - Organisator<\/title>\n<meta name=\"description\" content=\"Mit einer neuen Zusammenarbeit m\u00f6chten die Partner Kaufm\u00e4nnischer Verband und VillageOffice der Work Smart Initiative flexibles Arbeiten f\u00f6rdern.\" \/>\n<meta name=\"robots\" content=\"index, follow, max-snippet:-1, max-image-preview:large, max-video-preview:-1\" \/>\n<link rel=\"canonical\" href=\"https:\/\/www.organisator.ch\/it\/gestione-2\/2019-08-22\/work-smart-neue-partnerschaft-foerdert-flexibles-arbeiten\/\" \/>\n<meta property=\"og:locale\" content=\"it_IT\" \/>\n<meta property=\"og:type\" content=\"article\" \/>\n<meta property=\"og:title\" content=\"Work Smart: Neue Partnerschaft f\u00f6rdert flexibles Arbeiten\" \/>\n<meta property=\"og:description\" content=\"Mit einer neuen Zusammenarbeit m\u00f6chten die Partner Kaufm\u00e4nnischer Verband und VillageOffice der Work Smart Initiative flexibles Arbeiten f\u00f6rdern.\" \/>\n<meta property=\"og:url\" content=\"https:\/\/www.organisator.ch\/it\/gestione-2\/2019-08-22\/work-smart-neue-partnerschaft-foerdert-flexibles-arbeiten\/\" \/>\n<meta property=\"og:site_name\" content=\"Organisator\" \/>\n<meta property=\"article:publisher\" content=\"https:\/\/www.facebook.com\/OrganisatorFachmagazin\" \/>\n<meta property=\"article:published_time\" content=\"2019-08-22T07:36:11+00:00\" \/>\n<meta property=\"og:image\" content=\"https:\/\/www.organisator.ch\/wp-content\/uploads\/2019\/08\/Work-Smart-Neue-Partnerschaft-foerdert-flexibles-Arbeiten_Organisator.jpg\" \/>\n\t<meta property=\"og:image:width\" content=\"680\" \/>\n\t<meta property=\"og:image:height\" content=\"454\" \/>\n\t<meta property=\"og:image:type\" content=\"image\/jpeg\" \/>\n<meta name=\"author\" content=\"thomas.berner\" \/>\n<meta name=\"twitter:card\" content=\"summary_large_image\" \/>\n<meta name=\"twitter:title\" content=\"#WorkSmart: Neue Partnerschaft f\u00f6rdert flexibles Arbeiten\" \/>\n<meta name=\"twitter:description\" content=\"Mit einer neuen Zusammenarbeit m\u00f6chten die Partner Kaufm\u00e4nnischer Verband und #VillageOffice der Work Smart Initiative flexibles Arbeiten f\u00f6rdern.\" \/>\n<meta name=\"twitter:image\" content=\"https:\/\/www.organisator.ch\/wp-content\/uploads\/2019\/08\/Work-Smart-Neue-Partnerschaft-f\u00f6rdert-flexibles-Arbeiten_Organisator.jpg\" \/>\n<script type=\"application\/ld+json\" class=\"yoast-schema-graph\">{\"@context\":\"https:\\\/\\\/schema.org\",\"@graph\":[{\"@type\":\"Article\",\"@id\":\"https:\\\/\\\/www.organisator.ch\\\/management\\\/2019-08-22\\\/work-smart-neue-partnerschaft-foerdert-flexibles-arbeiten\\\/#article\",\"isPartOf\":{\"@id\":\"https:\\\/\\\/www.organisator.ch\\\/management\\\/2019-08-22\\\/work-smart-neue-partnerschaft-foerdert-flexibles-arbeiten\\\/\"},\"author\":{\"name\":\"thomas.berner\",\"@id\":\"https:\\\/\\\/www.organisator.ch\\\/#\\\/schema\\\/person\\\/6f650f90b2842cd4c0cc334b4e36f67e\"},\"headline\":\"Work Smart: Neue Partnerschaft f\u00f6rdert flexibles Arbeiten\",\"datePublished\":\"2019-08-22T07:36:11+00:00\",\"mainEntityOfPage\":{\"@id\":\"https:\\\/\\\/www.organisator.ch\\\/management\\\/2019-08-22\\\/work-smart-neue-partnerschaft-foerdert-flexibles-arbeiten\\\/\"},\"wordCount\":601,\"commentCount\":0,\"publisher\":{\"@id\":\"https:\\\/\\\/www.organisator.ch\\\/#organization\"},\"image\":{\"@id\":\"https:\\\/\\\/www.organisator.ch\\\/management\\\/2019-08-22\\\/work-smart-neue-partnerschaft-foerdert-flexibles-arbeiten\\\/#primaryimage\"},\"thumbnailUrl\":\"https:\\\/\\\/www.organisator.ch\\\/wp-content\\\/uploads\\\/2019\\\/08\\\/Work-Smart-Neue-Partnerschaft-foerdert-flexibles-Arbeiten_Organisator.jpg\",\"keywords\":[\"Arbeitsplatzgestaltung\",\"Coworking\",\"HRM\",\"New Work\",\"Unternehmen\"],\"articleSection\":[\"MANAGEMENT\"],\"inLanguage\":\"it-IT\"},{\"@type\":\"WebPage\",\"@id\":\"https:\\\/\\\/www.organisator.ch\\\/management\\\/2019-08-22\\\/work-smart-neue-partnerschaft-foerdert-flexibles-arbeiten\\\/\",\"url\":\"https:\\\/\\\/www.organisator.ch\\\/management\\\/2019-08-22\\\/work-smart-neue-partnerschaft-foerdert-flexibles-arbeiten\\\/\",\"name\":\"Work Smart: Neue Partnerschaft f\u00f6rdert flexibles Arbeiten - Organisator\",\"isPartOf\":{\"@id\":\"https:\\\/\\\/www.organisator.ch\\\/#website\"},\"primaryImageOfPage\":{\"@id\":\"https:\\\/\\\/www.organisator.ch\\\/management\\\/2019-08-22\\\/work-smart-neue-partnerschaft-foerdert-flexibles-arbeiten\\\/#primaryimage\"},\"image\":{\"@id\":\"https:\\\/\\\/www.organisator.ch\\\/management\\\/2019-08-22\\\/work-smart-neue-partnerschaft-foerdert-flexibles-arbeiten\\\/#primaryimage\"},\"thumbnailUrl\":\"https:\\\/\\\/www.organisator.ch\\\/wp-content\\\/uploads\\\/2019\\\/08\\\/Work-Smart-Neue-Partnerschaft-foerdert-flexibles-Arbeiten_Organisator.jpg\",\"datePublished\":\"2019-08-22T07:36:11+00:00\",\"description\":\"Mit einer neuen Zusammenarbeit m\u00f6chten die Partner Kaufm\u00e4nnischer Verband und VillageOffice der Work Smart Initiative flexibles Arbeiten f\u00f6rdern.\",\"breadcrumb\":{\"@id\":\"https:\\\/\\\/www.organisator.ch\\\/management\\\/2019-08-22\\\/work-smart-neue-partnerschaft-foerdert-flexibles-arbeiten\\\/#breadcrumb\"},\"inLanguage\":\"it-IT\",\"potentialAction\":[{\"@type\":\"ReadAction\",\"target\":[\"https:\\\/\\\/www.organisator.ch\\\/management\\\/2019-08-22\\\/work-smart-neue-partnerschaft-foerdert-flexibles-arbeiten\\\/\"]}]},{\"@type\":\"ImageObject\",\"inLanguage\":\"it-IT\",\"@id\":\"https:\\\/\\\/www.organisator.ch\\\/management\\\/2019-08-22\\\/work-smart-neue-partnerschaft-foerdert-flexibles-arbeiten\\\/#primaryimage\",\"url\":\"https:\\\/\\\/www.organisator.ch\\\/wp-content\\\/uploads\\\/2019\\\/08\\\/Work-Smart-Neue-Partnerschaft-foerdert-flexibles-Arbeiten_Organisator.jpg\",\"contentUrl\":\"https:\\\/\\\/www.organisator.ch\\\/wp-content\\\/uploads\\\/2019\\\/08\\\/Work-Smart-Neue-Partnerschaft-foerdert-flexibles-Arbeiten_Organisator.jpg\",\"width\":680,\"height\":454,\"caption\":\"Work Smart: Mitglieder des Kaufm\u00e4nnischen Verbands k\u00f6nnen zu reduzierten Preisen die Coworking Spaces von VillageOffice nutzen. (Symbolbild; Quelle: Pixabay.com)\"},{\"@type\":\"BreadcrumbList\",\"@id\":\"https:\\\/\\\/www.organisator.ch\\\/management\\\/2019-08-22\\\/work-smart-neue-partnerschaft-foerdert-flexibles-arbeiten\\\/#breadcrumb\",\"itemListElement\":[{\"@type\":\"ListItem\",\"position\":1,\"name\":\"Home\",\"item\":\"https:\\\/\\\/www.organisator.ch\\\/\"},{\"@type\":\"ListItem\",\"position\":2,\"name\":\"Work Smart: Neue Partnerschaft f\u00f6rdert flexibles Arbeiten\"}]},{\"@type\":\"WebSite\",\"@id\":\"https:\\\/\\\/www.organisator.ch\\\/#website\",\"url\":\"https:\\\/\\\/www.organisator.ch\\\/\",\"name\":\"Organisator\",\"description\":\"Kompetent. Praxisnah. Der ORGANISATOR bereitet in 10 Ausgaben pro Jahr die wesentlichen Themen f\u00fcr F\u00fchrungskr\u00e4fte von KMU auf.\",\"publisher\":{\"@id\":\"https:\\\/\\\/www.organisator.ch\\\/#organization\"},\"potentialAction\":[{\"@type\":\"SearchAction\",\"target\":{\"@type\":\"EntryPoint\",\"urlTemplate\":\"https:\\\/\\\/www.organisator.ch\\\/?s={search_term_string}\"},\"query-input\":{\"@type\":\"PropertyValueSpecification\",\"valueRequired\":true,\"valueName\":\"search_term_string\"}}],\"inLanguage\":\"it-IT\"},{\"@type\":\"Organization\",\"@id\":\"https:\\\/\\\/www.organisator.ch\\\/#organization\",\"name\":\"Organisator\",\"url\":\"https:\\\/\\\/www.organisator.ch\\\/\",\"logo\":{\"@type\":\"ImageObject\",\"inLanguage\":\"it-IT\",\"@id\":\"https:\\\/\\\/www.organisator.ch\\\/#\\\/schema\\\/logo\\\/image\\\/\",\"url\":\"https:\\\/\\\/www.organisator.ch\\\/wp-content\\\/uploads\\\/2022\\\/01\\\/Logo_Organisator_Website.png\",\"contentUrl\":\"https:\\\/\\\/www.organisator.ch\\\/wp-content\\\/uploads\\\/2022\\\/01\\\/Logo_Organisator_Website.png\",\"width\":800,\"height\":77,\"caption\":\"Organisator\"},\"image\":{\"@id\":\"https:\\\/\\\/www.organisator.ch\\\/#\\\/schema\\\/logo\\\/image\\\/\"},\"sameAs\":[\"https:\\\/\\\/www.facebook.com\\\/OrganisatorFachmagazin\",\"https:\\\/\\\/www.linkedin.com\\\/showcase\\\/organisator-das-magazin-fr-kmu\",\"https:\\\/\\\/www.xing.com\\\/news\\\/pages\\\/organisator-ch-695\",\"https:\\\/\\\/www.youtube.com\\\/channel\\\/UCGP2Sq0iWaZwT3BdIAQFYpw\"]},{\"@type\":\"Person\",\"@id\":\"https:\\\/\\\/www.organisator.ch\\\/#\\\/schema\\\/person\\\/6f650f90b2842cd4c0cc334b4e36f67e\",\"name\":\"thomas.berner\",\"image\":{\"@type\":\"ImageObject\",\"inLanguage\":\"it-IT\",\"@id\":\"https:\\\/\\\/secure.gravatar.com\\\/avatar\\\/ac5001d2a36cb6c6cd3e50789007ffca834b477b74a2144564522e944eabff61?s=96&d=mm&r=g\",\"url\":\"https:\\\/\\\/secure.gravatar.com\\\/avatar\\\/ac5001d2a36cb6c6cd3e50789007ffca834b477b74a2144564522e944eabff61?s=96&d=mm&r=g\",\"contentUrl\":\"https:\\\/\\\/secure.gravatar.com\\\/avatar\\\/ac5001d2a36cb6c6cd3e50789007ffca834b477b74a2144564522e944eabff61?s=96&d=mm&r=g\",\"caption\":\"thomas.berner\"},\"url\":\"https:\\\/\\\/www.organisator.ch\\\/it\\\/author\\\/thomas-berner\\\/\"}]}<\/script>\n<!-- \/ Yoast SEO plugin. -->","yoast_head_json":{"title":"Work Smart: una nuova partnership promuove il lavoro flessibile - Organizzatore","description":"Con una nuova collaborazione, i partner Kaufm\u00e4nnischer Verband e VillageOffice dell'iniziativa Work Smart vogliono promuovere il lavoro flessibile.","robots":{"index":"index","follow":"follow","max-snippet":"max-snippet:-1","max-image-preview":"max-image-preview:large","max-video-preview":"max-video-preview:-1"},"canonical":"https:\/\/www.organisator.ch\/it\/gestione-2\/2019-08-22\/work-smart-neue-partnerschaft-foerdert-flexibles-arbeiten\/","og_locale":"it_IT","og_type":"article","og_title":"Work Smart: Neue Partnerschaft f\u00f6rdert flexibles Arbeiten","og_description":"Mit einer neuen Zusammenarbeit m\u00f6chten die Partner Kaufm\u00e4nnischer Verband und VillageOffice der Work Smart Initiative flexibles Arbeiten f\u00f6rdern.","og_url":"https:\/\/www.organisator.ch\/it\/gestione-2\/2019-08-22\/work-smart-neue-partnerschaft-foerdert-flexibles-arbeiten\/","og_site_name":"Organisator","article_publisher":"https:\/\/www.facebook.com\/OrganisatorFachmagazin","article_published_time":"2019-08-22T07:36:11+00:00","og_image":[{"width":680,"height":454,"url":"https:\/\/www.organisator.ch\/wp-content\/uploads\/2019\/08\/Work-Smart-Neue-Partnerschaft-foerdert-flexibles-Arbeiten_Organisator.jpg","type":"image\/jpeg"}],"author":"thomas.berner","twitter_card":"summary_large_image","twitter_title":"#WorkSmart: Neue Partnerschaft f\u00f6rdert flexibles Arbeiten","twitter_description":"Mit einer neuen Zusammenarbeit m\u00f6chten die Partner Kaufm\u00e4nnischer Verband und #VillageOffice der Work Smart Initiative flexibles Arbeiten f\u00f6rdern.","twitter_image":"https:\/\/www.organisator.ch\/wp-content\/uploads\/2019\/08\/Work-Smart-Neue-Partnerschaft-f\u00f6rdert-flexibles-Arbeiten_Organisator.jpg","schema":{"@context":"https:\/\/schema.org","@graph":[{"@type":"Article","@id":"https:\/\/www.organisator.ch\/management\/2019-08-22\/work-smart-neue-partnerschaft-foerdert-flexibles-arbeiten\/#article","isPartOf":{"@id":"https:\/\/www.organisator.ch\/management\/2019-08-22\/work-smart-neue-partnerschaft-foerdert-flexibles-arbeiten\/"},"author":{"name":"thomas.berner","@id":"https:\/\/www.organisator.ch\/#\/schema\/person\/6f650f90b2842cd4c0cc334b4e36f67e"},"headline":"Work Smart: Neue Partnerschaft f\u00f6rdert flexibles Arbeiten","datePublished":"2019-08-22T07:36:11+00:00","mainEntityOfPage":{"@id":"https:\/\/www.organisator.ch\/management\/2019-08-22\/work-smart-neue-partnerschaft-foerdert-flexibles-arbeiten\/"},"wordCount":601,"commentCount":0,"publisher":{"@id":"https:\/\/www.organisator.ch\/#organization"},"image":{"@id":"https:\/\/www.organisator.ch\/management\/2019-08-22\/work-smart-neue-partnerschaft-foerdert-flexibles-arbeiten\/#primaryimage"},"thumbnailUrl":"https:\/\/www.organisator.ch\/wp-content\/uploads\/2019\/08\/Work-Smart-Neue-Partnerschaft-foerdert-flexibles-Arbeiten_Organisator.jpg","keywords":["Arbeitsplatzgestaltung","Coworking","HRM","New Work","Unternehmen"],"articleSection":["MANAGEMENT"],"inLanguage":"it-IT"},{"@type":"WebPage","@id":"https:\/\/www.organisator.ch\/management\/2019-08-22\/work-smart-neue-partnerschaft-foerdert-flexibles-arbeiten\/","url":"https:\/\/www.organisator.ch\/management\/2019-08-22\/work-smart-neue-partnerschaft-foerdert-flexibles-arbeiten\/","name":"Work Smart: una nuova partnership promuove il lavoro flessibile - Organizzatore","isPartOf":{"@id":"https:\/\/www.organisator.ch\/#website"},"primaryImageOfPage":{"@id":"https:\/\/www.organisator.ch\/management\/2019-08-22\/work-smart-neue-partnerschaft-foerdert-flexibles-arbeiten\/#primaryimage"},"image":{"@id":"https:\/\/www.organisator.ch\/management\/2019-08-22\/work-smart-neue-partnerschaft-foerdert-flexibles-arbeiten\/#primaryimage"},"thumbnailUrl":"https:\/\/www.organisator.ch\/wp-content\/uploads\/2019\/08\/Work-Smart-Neue-Partnerschaft-foerdert-flexibles-Arbeiten_Organisator.jpg","datePublished":"2019-08-22T07:36:11+00:00","description":"Con una nuova collaborazione, i partner Kaufm\u00e4nnischer Verband e VillageOffice dell'iniziativa Work Smart vogliono promuovere il lavoro flessibile.","breadcrumb":{"@id":"https:\/\/www.organisator.ch\/management\/2019-08-22\/work-smart-neue-partnerschaft-foerdert-flexibles-arbeiten\/#breadcrumb"},"inLanguage":"it-IT","potentialAction":[{"@type":"ReadAction","target":["https:\/\/www.organisator.ch\/management\/2019-08-22\/work-smart-neue-partnerschaft-foerdert-flexibles-arbeiten\/"]}]},{"@type":"ImageObject","inLanguage":"it-IT","@id":"https:\/\/www.organisator.ch\/management\/2019-08-22\/work-smart-neue-partnerschaft-foerdert-flexibles-arbeiten\/#primaryimage","url":"https:\/\/www.organisator.ch\/wp-content\/uploads\/2019\/08\/Work-Smart-Neue-Partnerschaft-foerdert-flexibles-Arbeiten_Organisator.jpg","contentUrl":"https:\/\/www.organisator.ch\/wp-content\/uploads\/2019\/08\/Work-Smart-Neue-Partnerschaft-foerdert-flexibles-Arbeiten_Organisator.jpg","width":680,"height":454,"caption":"Work Smart: Mitglieder des Kaufm\u00e4nnischen Verbands k\u00f6nnen zu reduzierten Preisen die Coworking Spaces von VillageOffice nutzen. (Symbolbild; Quelle: Pixabay.com)"},{"@type":"BreadcrumbList","@id":"https:\/\/www.organisator.ch\/management\/2019-08-22\/work-smart-neue-partnerschaft-foerdert-flexibles-arbeiten\/#breadcrumb","itemListElement":[{"@type":"ListItem","position":1,"name":"Home","item":"https:\/\/www.organisator.ch\/"},{"@type":"ListItem","position":2,"name":"Work Smart: Neue Partnerschaft f\u00f6rdert flexibles Arbeiten"}]},{"@type":"WebSite","@id":"https:\/\/www.organisator.ch\/#website","url":"https:\/\/www.organisator.ch\/","name":"Organizzatore","description":"Competente. Pratico. In 10 numeri all'anno, ORGANISATOR presenta i temi essenziali per i manager delle PMI.","publisher":{"@id":"https:\/\/www.organisator.ch\/#organization"},"potentialAction":[{"@type":"SearchAction","target":{"@type":"EntryPoint","urlTemplate":"https:\/\/www.organisator.ch\/?s={search_term_string}"},"query-input":{"@type":"PropertyValueSpecification","valueRequired":true,"valueName":"search_term_string"}}],"inLanguage":"it-IT"},{"@type":"Organization","@id":"https:\/\/www.organisator.ch\/#organization","name":"Organizzatore","url":"https:\/\/www.organisator.ch\/","logo":{"@type":"ImageObject","inLanguage":"it-IT","@id":"https:\/\/www.organisator.ch\/#\/schema\/logo\/image\/","url":"https:\/\/www.organisator.ch\/wp-content\/uploads\/2022\/01\/Logo_Organisator_Website.png","contentUrl":"https:\/\/www.organisator.ch\/wp-content\/uploads\/2022\/01\/Logo_Organisator_Website.png","width":800,"height":77,"caption":"Organisator"},"image":{"@id":"https:\/\/www.organisator.ch\/#\/schema\/logo\/image\/"},"sameAs":["https:\/\/www.facebook.com\/OrganisatorFachmagazin","https:\/\/www.linkedin.com\/showcase\/organisator-das-magazin-fr-kmu","https:\/\/www.xing.com\/news\/pages\/organisator-ch-695","https:\/\/www.youtube.com\/channel\/UCGP2Sq0iWaZwT3BdIAQFYpw"]},{"@type":"Person","@id":"https:\/\/www.organisator.ch\/#\/schema\/person\/6f650f90b2842cd4c0cc334b4e36f67e","name":"Tommaso.berner","image":{"@type":"ImageObject","inLanguage":"it-IT","@id":"https:\/\/secure.gravatar.com\/avatar\/ac5001d2a36cb6c6cd3e50789007ffca834b477b74a2144564522e944eabff61?s=96&d=mm&r=g","url":"https:\/\/secure.gravatar.com\/avatar\/ac5001d2a36cb6c6cd3e50789007ffca834b477b74a2144564522e944eabff61?s=96&d=mm&r=g","contentUrl":"https:\/\/secure.gravatar.com\/avatar\/ac5001d2a36cb6c6cd3e50789007ffca834b477b74a2144564522e944eabff61?s=96&d=mm&r=g","caption":"thomas.berner"},"url":"https:\/\/www.organisator.ch\/it\/author\/thomas-berner\/"}]}},"_links":{"self":[{"href":"https:\/\/www.organisator.ch\/it\/wp-json\/wp\/v2\/posts\/5708","targetHints":{"allow":["GET"]}}],"collection":[{"href":"https:\/\/www.organisator.ch\/it\/wp-json\/wp\/v2\/posts"}],"about":[{"href":"https:\/\/www.organisator.ch\/it\/wp-json\/wp\/v2\/types\/post"}],"author":[{"embeddable":true,"href":"https:\/\/www.organisator.ch\/it\/wp-json\/wp\/v2\/users\/4"}],"replies":[{"embeddable":true,"href":"https:\/\/www.organisator.ch\/it\/wp-json\/wp\/v2\/comments?post=5708"}],"version-history":[{"count":0,"href":"https:\/\/www.organisator.ch\/it\/wp-json\/wp\/v2\/posts\/5708\/revisions"}],"wp:featuredmedia":[{"embeddable":true,"href":"https:\/\/www.organisator.ch\/it\/wp-json\/wp\/v2\/media\/5711"}],"wp:attachment":[{"href":"https:\/\/www.organisator.ch\/it\/wp-json\/wp\/v2\/media?parent=5708"}],"wp:term":[{"taxonomy":"category","embeddable":true,"href":"https:\/\/www.organisator.ch\/it\/wp-json\/wp\/v2\/categories?post=5708"},{"taxonomy":"post_tag","embeddable":true,"href":"https:\/\/www.organisator.ch\/it\/wp-json\/wp\/v2\/tags?post=5708"}],"curies":[{"name":"wp","href":"https:\/\/api.w.org\/{rel}","templated":true}]}}