{"id":5760,"date":"2019-09-05T13:24:05","date_gmt":"2019-09-05T11:24:05","guid":{"rendered":"https:\/\/www.organisator.ch\/?p=5760"},"modified":"2019-09-05T13:24:05","modified_gmt":"2019-09-05T11:24:05","slug":"rueckenwind-fuer-die-unternehmensnachfolge","status":"publish","type":"post","link":"https:\/\/www.organisator.ch\/it\/management\/2019-09-05\/rueckenwind-fuer-die-unternehmensnachfolge\/","title":{"rendered":"Un vento in coda per la successione aziendale"},"content":{"rendered":"<figure id=\"attachment_5103\" aria-describedby=\"caption-attachment-5103\" style=\"width: 680px\" class=\"wp-caption alignnone\"><img loading=\"lazy\" decoding=\"async\" class=\"size-medium wp-image-5103\" src=\"https:\/\/www.organisator.ch\/wp-content\/uploads\/2019\/04\/Initiative-Nachfolgebus-2019-Gut-besuchter-Start-in-Zuerich_Organisator.jpg\" alt=\"\" width=\"680\" height=\"383\" srcset=\"https:\/\/www.organisator.ch\/wp-content\/uploads\/2019\/04\/Initiative-Nachfolgebus-2019-Gut-besuchter-Start-in-Zuerich_Organisator.jpg 680w, https:\/\/www.organisator.ch\/wp-content\/uploads\/2019\/04\/Initiative-Nachfolgebus-2019-Gut-besuchter-Start-in-Zuerich_Organisator-16x9.jpg 16w, https:\/\/www.organisator.ch\/wp-content\/uploads\/2019\/04\/Initiative-Nachfolgebus-2019-Gut-besuchter-Start-in-Zuerich_Organisator-311x175.jpg 311w, https:\/\/www.organisator.ch\/wp-content\/uploads\/2019\/04\/Initiative-Nachfolgebus-2019-Gut-besuchter-Start-in-Zuerich_Organisator-621x350.jpg 621w, https:\/\/www.organisator.ch\/wp-content\/uploads\/2019\/04\/Initiative-Nachfolgebus-2019-Gut-besuchter-Start-in-Zuerich_Organisator-300x169.jpg 300w\" sizes=\"auto, (max-width: 680px) 100vw, 680px\" \/><figcaption id=\"caption-attachment-5103\" class=\"wp-caption-text\">Carla Kaufmann, iniziatrice del Nachfolgebus, \u00e8 soddisfatta del successo del kick-off a Zurigo per il Nachfolgebus Tour 2019, che proseguir\u00e0 a San Gallo il 12 settembre. (Immagine: Nachfolgebus.ch)<\/figcaption><\/figure>\n<p><span lang=\"DE\">Come funziona una successione? Cosa devo preparare? Qual \u00e8 il valore della mia azienda? Come posso trovare un successore per la mia azienda? Sono un successore adatto? L'\"Initiative Nachfolgebus\" e il suo team di esperti a San Gallo sono a disposizione dei proprietari di PMI e dei potenziali acquirenti per rispondere a queste e ad altre domande pressanti.<\/span><\/p>\n<h2>Beneficiare di conoscenze esperte e pratiche<\/h2>\n<p><span lang=\"DE\">Con il motto \"Presentiamo storie aziendali e discutiamo di realt\u00e0\", il Succession Bus Tour 2019 si concentrer\u00e0 ancora di pi\u00f9 sulla pratica della successione. A tal fine, oltre ai colloqui individuali, verranno forniti approfondimenti sulle storie di successione di un'ampia variet\u00e0 di aziende svizzere attraverso interviste e dialoghi pratici con imprenditori di PMI regionali ed esperti con esperienza di successione.\u00a0<\/span><\/p>\n<h2><span lang=\"DE\">\u00c8 meglio avere successo che fondare di nuovo<\/span><\/h2>\n<p><span lang=\"DE\">Oltre al fatto che entrare nell'imprenditoria attraverso la successione ha spesso pi\u00f9 successo che iniziare una nuova attivit\u00e0 grazie alla base gi\u00e0 esistente, questa tesi \u00e8 anche suggerita dal\u00a0<\/span><a href=\"https:\/\/www.gemconsortium.org\/report\" target=\"_blank\" rel=\"noopener noreferrer\">Global Entrepreneurship Monitor (GEM) 2018\/19<\/a><span lang=\"DE\">\u00a0<\/span><span lang=\"DE\">chiudere. Il\u00a0<\/span><a href=\"http:\/\/www.heg-fr.ch\/FR\/HEG-FR\/Communication-et-evenements\/evenements\/SiteAssets\/Pages\/GEM-Studie-2018-2019\/GEM-Report_Switzerland2018-2019.pdf\" target=\"_blank\" rel=\"noopener noreferrer\">Rapporto paese Svizzera del GEM<\/a><span lang=\"DE\">scritto dalla Scuola di economia di Friburgo (HSW-FR) e dalla SUPSI con il sostegno del Swiss Economic Forum (SEF),\u00a0<\/span><span lang=\"DE\">sfata il mito della \"Start-up Nation Switzerland\". Le intenzioni della popolazione svizzera di avviare un'impresa sono nettamente inferiori nel 2018\/19 (6,9%) rispetto al 2017 (10,5%). (...). Infatti, solo il 7,4% degli svizzeri ha iniziato un'attivit\u00e0. Ci\u00f2 significa che il tasso di avviamento \u00e8 nettamente inferiore alla media dei paesi di confronto (10,4%). In una raccomandazione risultante, il Country Report Switzerland afferma che l'attenzione dei programmi di promozione dovrebbe essere sempre pi\u00f9 rivolta alla successione aziendale.<\/span><\/p>\n<h2>Promuovere la successione aziendale in modo pi\u00f9 mirato<\/h2>\n<p><span lang=\"DE\">Questo \u00e8 un vento di coda per la successione aziendale e il bus della successione. Secondo il rapporto sul paese, \u00e8 sempre pi\u00f9 necessario che l'economia svizzera offra alle PMI lo stesso sostegno mirato per la loro pianificazione della successione che le start-up hanno ricevuto da tempo.<\/span><span lang=\"DE\">\u00a0<\/span><span lang=\"DE\">\u00c8 qui che entra in gioco il bus della successione come piattaforma di scambio gratuito. Questa \u00e8 una delle poche opportunit\u00e0 per acquirenti e venditori di avvicinarsi alla successione aziendale in modo diretto, pratico e discreto.<\/span><\/p>\n<p><em>Programma e altre date: <\/em><a href=\"http:\/\/www.nachfolgebus.ch\"><em>www.nachfolgebus.ch<\/em><\/a><\/p>","protected":false},"excerpt":{"rendered":"<p>Wie l\u00e4uft eine Nachfolge ab? Was muss ich vorbereiten? Welchen Wert hat meine Firma? Wie finde ich einen Nachfolger f\u00fcr meine Firma? Eigne ich mich als Nachfolger? Zu diesen und weiteren dr\u00e4ngenden Fragen steht die \u00abInitiative Nachfolgebus\u00bb mit ihrem Expertenteam in St. Gallen KMU-Inhaberinnen und -Inhabern sowie potenziellen K\u00e4ufern Rede und Antwort. Von Experten- und [&hellip;]<\/p>\n","protected":false},"author":4,"featured_media":5103,"comment_status":"open","ping_status":"open","sticky":false,"template":"","format":"standard","meta":{"_acf_changed":false,"_yoast_wpseo_focuskw":"Unternehmensnachfolge","_yoast_wpseo_metadesc":"In K\u00fcrze startet der Nachfolgebus zu seiner Herbst-Tour 2019. Die erste der insgesamt f\u00fcnf Stationen ist am 12. September in St. Gallen.","articlekey":"","footnotes":""},"categories":[28],"tags":[207,496,502],"class_list":["post-5760","post","type-post","status-publish","format-standard","has-post-thumbnail","hentry","category-management","tag-firmennachfolge","tag-unternehmensfuehrung","tag-veranstaltungen"],"acf":[],"yoast_head":"<!-- This site is optimized with the Yoast SEO plugin v27.4 - https:\/\/yoast.com\/product\/yoast-seo-wordpress\/ -->\n<title>R\u00fcckenwind f\u00fcr die Unternehmensnachfolge - Organisator<\/title>\n<meta name=\"description\" content=\"In K\u00fcrze startet der Nachfolgebus zu seiner Herbst-Tour 2019. Die erste der insgesamt f\u00fcnf Stationen ist am 12. September in St. Gallen.\" \/>\n<meta name=\"robots\" content=\"index, follow, max-snippet:-1, max-image-preview:large, max-video-preview:-1\" \/>\n<link rel=\"canonical\" href=\"https:\/\/www.organisator.ch\/it\/gestione-2\/2019-09-05\/rueckenwind-fuer-die-unternehmensnachfolge\/\" \/>\n<meta property=\"og:locale\" content=\"it_IT\" \/>\n<meta property=\"og:type\" content=\"article\" \/>\n<meta property=\"og:title\" content=\"R\u00fcckenwind f\u00fcr die Unternehmensnachfolge\" \/>\n<meta property=\"og:description\" content=\"In K\u00fcrze startet der Nachfolgebus zu seiner Herbst-Tour 2019. Die erste der insgesamt f\u00fcnf Stationen ist am 12. September in St. Gallen.\" \/>\n<meta property=\"og:url\" content=\"https:\/\/www.organisator.ch\/it\/gestione-2\/2019-09-05\/rueckenwind-fuer-die-unternehmensnachfolge\/\" \/>\n<meta property=\"og:site_name\" content=\"Organisator\" \/>\n<meta property=\"article:publisher\" content=\"https:\/\/www.facebook.com\/OrganisatorFachmagazin\" \/>\n<meta property=\"article:published_time\" content=\"2019-09-05T11:24:05+00:00\" \/>\n<meta property=\"og:image\" content=\"https:\/\/www.organisator.ch\/wp-content\/uploads\/2019\/04\/Initiative-Nachfolgebus-2019-Gut-besuchter-Start-in-Zuerich_Organisator.jpg\" \/>\n\t<meta property=\"og:image:width\" content=\"680\" \/>\n\t<meta property=\"og:image:height\" content=\"383\" \/>\n\t<meta property=\"og:image:type\" content=\"image\/jpeg\" \/>\n<meta name=\"author\" content=\"thomas.berner\" \/>\n<meta name=\"twitter:card\" content=\"summary_large_image\" \/>\n<meta name=\"twitter:title\" content=\"R\u00fcckenwind f\u00fcr die #Unternehmensnachfolge\" \/>\n<meta name=\"twitter:description\" content=\"In K\u00fcrze startet der #Nachfolgebus zu seiner Herbst-Tour 2019. Die erste der insgesamt f\u00fcnf Stationen ist am 12. September in St. Gallen.\" \/>\n<meta name=\"twitter:image\" content=\"https:\/\/www.organisator.ch\/wp-content\/uploads\/2019\/04\/Initiative-Nachfolgebus-2019-Gut-besuchter-Start-in-Z\u00fcrich_Organisator.jpg\" \/>\n<script type=\"application\/ld+json\" class=\"yoast-schema-graph\">{\"@context\":\"https:\\\/\\\/schema.org\",\"@graph\":[{\"@type\":\"Article\",\"@id\":\"https:\\\/\\\/www.organisator.ch\\\/management\\\/2019-09-05\\\/rueckenwind-fuer-die-unternehmensnachfolge\\\/#article\",\"isPartOf\":{\"@id\":\"https:\\\/\\\/www.organisator.ch\\\/management\\\/2019-09-05\\\/rueckenwind-fuer-die-unternehmensnachfolge\\\/\"},\"author\":{\"name\":\"thomas.berner\",\"@id\":\"https:\\\/\\\/www.organisator.ch\\\/#\\\/schema\\\/person\\\/6f650f90b2842cd4c0cc334b4e36f67e\"},\"headline\":\"R\u00fcckenwind f\u00fcr die Unternehmensnachfolge\",\"datePublished\":\"2019-09-05T11:24:05+00:00\",\"mainEntityOfPage\":{\"@id\":\"https:\\\/\\\/www.organisator.ch\\\/management\\\/2019-09-05\\\/rueckenwind-fuer-die-unternehmensnachfolge\\\/\"},\"wordCount\":369,\"commentCount\":0,\"publisher\":{\"@id\":\"https:\\\/\\\/www.organisator.ch\\\/#organization\"},\"image\":{\"@id\":\"https:\\\/\\\/www.organisator.ch\\\/management\\\/2019-09-05\\\/rueckenwind-fuer-die-unternehmensnachfolge\\\/#primaryimage\"},\"thumbnailUrl\":\"https:\\\/\\\/www.organisator.ch\\\/wp-content\\\/uploads\\\/2019\\\/04\\\/Initiative-Nachfolgebus-2019-Gut-besuchter-Start-in-Zuerich_Organisator.jpg\",\"keywords\":[\"Firmennachfolge\",\"Unternehmensf\u00fchrung\",\"Veranstaltungen\"],\"articleSection\":[\"MANAGEMENT\"],\"inLanguage\":\"it-IT\"},{\"@type\":\"WebPage\",\"@id\":\"https:\\\/\\\/www.organisator.ch\\\/management\\\/2019-09-05\\\/rueckenwind-fuer-die-unternehmensnachfolge\\\/\",\"url\":\"https:\\\/\\\/www.organisator.ch\\\/management\\\/2019-09-05\\\/rueckenwind-fuer-die-unternehmensnachfolge\\\/\",\"name\":\"R\u00fcckenwind f\u00fcr die Unternehmensnachfolge - Organisator\",\"isPartOf\":{\"@id\":\"https:\\\/\\\/www.organisator.ch\\\/#website\"},\"primaryImageOfPage\":{\"@id\":\"https:\\\/\\\/www.organisator.ch\\\/management\\\/2019-09-05\\\/rueckenwind-fuer-die-unternehmensnachfolge\\\/#primaryimage\"},\"image\":{\"@id\":\"https:\\\/\\\/www.organisator.ch\\\/management\\\/2019-09-05\\\/rueckenwind-fuer-die-unternehmensnachfolge\\\/#primaryimage\"},\"thumbnailUrl\":\"https:\\\/\\\/www.organisator.ch\\\/wp-content\\\/uploads\\\/2019\\\/04\\\/Initiative-Nachfolgebus-2019-Gut-besuchter-Start-in-Zuerich_Organisator.jpg\",\"datePublished\":\"2019-09-05T11:24:05+00:00\",\"description\":\"In K\u00fcrze startet der Nachfolgebus zu seiner Herbst-Tour 2019. Die erste der insgesamt f\u00fcnf Stationen ist am 12. September in St. Gallen.\",\"breadcrumb\":{\"@id\":\"https:\\\/\\\/www.organisator.ch\\\/management\\\/2019-09-05\\\/rueckenwind-fuer-die-unternehmensnachfolge\\\/#breadcrumb\"},\"inLanguage\":\"it-IT\",\"potentialAction\":[{\"@type\":\"ReadAction\",\"target\":[\"https:\\\/\\\/www.organisator.ch\\\/management\\\/2019-09-05\\\/rueckenwind-fuer-die-unternehmensnachfolge\\\/\"]}]},{\"@type\":\"ImageObject\",\"inLanguage\":\"it-IT\",\"@id\":\"https:\\\/\\\/www.organisator.ch\\\/management\\\/2019-09-05\\\/rueckenwind-fuer-die-unternehmensnachfolge\\\/#primaryimage\",\"url\":\"https:\\\/\\\/www.organisator.ch\\\/wp-content\\\/uploads\\\/2019\\\/04\\\/Initiative-Nachfolgebus-2019-Gut-besuchter-Start-in-Zuerich_Organisator.jpg\",\"contentUrl\":\"https:\\\/\\\/www.organisator.ch\\\/wp-content\\\/uploads\\\/2019\\\/04\\\/Initiative-Nachfolgebus-2019-Gut-besuchter-Start-in-Zuerich_Organisator.jpg\",\"width\":680,\"height\":383,\"caption\":\"Carla Kaufmann, Initiatorin des Nachfolgebus, freut sich \u00fcber den gelungenen Auftakt in Z\u00fcrich f\u00fcr die Nachfolgebus Tour 2019. (Bild: Nachfolgebus.ch)\"},{\"@type\":\"BreadcrumbList\",\"@id\":\"https:\\\/\\\/www.organisator.ch\\\/management\\\/2019-09-05\\\/rueckenwind-fuer-die-unternehmensnachfolge\\\/#breadcrumb\",\"itemListElement\":[{\"@type\":\"ListItem\",\"position\":1,\"name\":\"Home\",\"item\":\"https:\\\/\\\/www.organisator.ch\\\/\"},{\"@type\":\"ListItem\",\"position\":2,\"name\":\"R\u00fcckenwind f\u00fcr die Unternehmensnachfolge\"}]},{\"@type\":\"WebSite\",\"@id\":\"https:\\\/\\\/www.organisator.ch\\\/#website\",\"url\":\"https:\\\/\\\/www.organisator.ch\\\/\",\"name\":\"Organisator\",\"description\":\"Kompetent. Praxisnah. Der ORGANISATOR bereitet in 10 Ausgaben pro Jahr die wesentlichen Themen f\u00fcr F\u00fchrungskr\u00e4fte von KMU auf.\",\"publisher\":{\"@id\":\"https:\\\/\\\/www.organisator.ch\\\/#organization\"},\"potentialAction\":[{\"@type\":\"SearchAction\",\"target\":{\"@type\":\"EntryPoint\",\"urlTemplate\":\"https:\\\/\\\/www.organisator.ch\\\/?s={search_term_string}\"},\"query-input\":{\"@type\":\"PropertyValueSpecification\",\"valueRequired\":true,\"valueName\":\"search_term_string\"}}],\"inLanguage\":\"it-IT\"},{\"@type\":\"Organization\",\"@id\":\"https:\\\/\\\/www.organisator.ch\\\/#organization\",\"name\":\"Organisator\",\"url\":\"https:\\\/\\\/www.organisator.ch\\\/\",\"logo\":{\"@type\":\"ImageObject\",\"inLanguage\":\"it-IT\",\"@id\":\"https:\\\/\\\/www.organisator.ch\\\/#\\\/schema\\\/logo\\\/image\\\/\",\"url\":\"https:\\\/\\\/www.organisator.ch\\\/wp-content\\\/uploads\\\/2022\\\/01\\\/Logo_Organisator_Website.png\",\"contentUrl\":\"https:\\\/\\\/www.organisator.ch\\\/wp-content\\\/uploads\\\/2022\\\/01\\\/Logo_Organisator_Website.png\",\"width\":800,\"height\":77,\"caption\":\"Organisator\"},\"image\":{\"@id\":\"https:\\\/\\\/www.organisator.ch\\\/#\\\/schema\\\/logo\\\/image\\\/\"},\"sameAs\":[\"https:\\\/\\\/www.facebook.com\\\/OrganisatorFachmagazin\",\"https:\\\/\\\/www.linkedin.com\\\/showcase\\\/organisator-das-magazin-fr-kmu\",\"https:\\\/\\\/www.xing.com\\\/news\\\/pages\\\/organisator-ch-695\",\"https:\\\/\\\/www.youtube.com\\\/channel\\\/UCGP2Sq0iWaZwT3BdIAQFYpw\"]},{\"@type\":\"Person\",\"@id\":\"https:\\\/\\\/www.organisator.ch\\\/#\\\/schema\\\/person\\\/6f650f90b2842cd4c0cc334b4e36f67e\",\"name\":\"thomas.berner\",\"image\":{\"@type\":\"ImageObject\",\"inLanguage\":\"it-IT\",\"@id\":\"https:\\\/\\\/secure.gravatar.com\\\/avatar\\\/ac5001d2a36cb6c6cd3e50789007ffca834b477b74a2144564522e944eabff61?s=96&d=mm&r=g\",\"url\":\"https:\\\/\\\/secure.gravatar.com\\\/avatar\\\/ac5001d2a36cb6c6cd3e50789007ffca834b477b74a2144564522e944eabff61?s=96&d=mm&r=g\",\"contentUrl\":\"https:\\\/\\\/secure.gravatar.com\\\/avatar\\\/ac5001d2a36cb6c6cd3e50789007ffca834b477b74a2144564522e944eabff61?s=96&d=mm&r=g\",\"caption\":\"thomas.berner\"},\"url\":\"https:\\\/\\\/www.organisator.ch\\\/it\\\/author\\\/thomas-berner\\\/\"}]}<\/script>\n<!-- \/ Yoast SEO plugin. -->","yoast_head_json":{"title":"Tailwind per la successione aziendale - Organizzatore","description":"Il bus successore partir\u00e0 presto per il suo tour autunnale 2019, con la prima delle cinque tappe totali a San Gallo il 12 settembre.","robots":{"index":"index","follow":"follow","max-snippet":"max-snippet:-1","max-image-preview":"max-image-preview:large","max-video-preview":"max-video-preview:-1"},"canonical":"https:\/\/www.organisator.ch\/it\/gestione-2\/2019-09-05\/rueckenwind-fuer-die-unternehmensnachfolge\/","og_locale":"it_IT","og_type":"article","og_title":"R\u00fcckenwind f\u00fcr die Unternehmensnachfolge","og_description":"In K\u00fcrze startet der Nachfolgebus zu seiner Herbst-Tour 2019. Die erste der insgesamt f\u00fcnf Stationen ist am 12. September in St. Gallen.","og_url":"https:\/\/www.organisator.ch\/it\/gestione-2\/2019-09-05\/rueckenwind-fuer-die-unternehmensnachfolge\/","og_site_name":"Organisator","article_publisher":"https:\/\/www.facebook.com\/OrganisatorFachmagazin","article_published_time":"2019-09-05T11:24:05+00:00","og_image":[{"width":680,"height":383,"url":"https:\/\/www.organisator.ch\/wp-content\/uploads\/2019\/04\/Initiative-Nachfolgebus-2019-Gut-besuchter-Start-in-Zuerich_Organisator.jpg","type":"image\/jpeg"}],"author":"thomas.berner","twitter_card":"summary_large_image","twitter_title":"R\u00fcckenwind f\u00fcr die #Unternehmensnachfolge","twitter_description":"In K\u00fcrze startet der #Nachfolgebus zu seiner Herbst-Tour 2019. Die erste der insgesamt f\u00fcnf Stationen ist am 12. September in St. Gallen.","twitter_image":"https:\/\/www.organisator.ch\/wp-content\/uploads\/2019\/04\/Initiative-Nachfolgebus-2019-Gut-besuchter-Start-in-Z\u00fcrich_Organisator.jpg","schema":{"@context":"https:\/\/schema.org","@graph":[{"@type":"Article","@id":"https:\/\/www.organisator.ch\/management\/2019-09-05\/rueckenwind-fuer-die-unternehmensnachfolge\/#article","isPartOf":{"@id":"https:\/\/www.organisator.ch\/management\/2019-09-05\/rueckenwind-fuer-die-unternehmensnachfolge\/"},"author":{"name":"thomas.berner","@id":"https:\/\/www.organisator.ch\/#\/schema\/person\/6f650f90b2842cd4c0cc334b4e36f67e"},"headline":"R\u00fcckenwind f\u00fcr die Unternehmensnachfolge","datePublished":"2019-09-05T11:24:05+00:00","mainEntityOfPage":{"@id":"https:\/\/www.organisator.ch\/management\/2019-09-05\/rueckenwind-fuer-die-unternehmensnachfolge\/"},"wordCount":369,"commentCount":0,"publisher":{"@id":"https:\/\/www.organisator.ch\/#organization"},"image":{"@id":"https:\/\/www.organisator.ch\/management\/2019-09-05\/rueckenwind-fuer-die-unternehmensnachfolge\/#primaryimage"},"thumbnailUrl":"https:\/\/www.organisator.ch\/wp-content\/uploads\/2019\/04\/Initiative-Nachfolgebus-2019-Gut-besuchter-Start-in-Zuerich_Organisator.jpg","keywords":["Firmennachfolge","Unternehmensf\u00fchrung","Veranstaltungen"],"articleSection":["MANAGEMENT"],"inLanguage":"it-IT"},{"@type":"WebPage","@id":"https:\/\/www.organisator.ch\/management\/2019-09-05\/rueckenwind-fuer-die-unternehmensnachfolge\/","url":"https:\/\/www.organisator.ch\/management\/2019-09-05\/rueckenwind-fuer-die-unternehmensnachfolge\/","name":"Tailwind per la successione aziendale - Organizzatore","isPartOf":{"@id":"https:\/\/www.organisator.ch\/#website"},"primaryImageOfPage":{"@id":"https:\/\/www.organisator.ch\/management\/2019-09-05\/rueckenwind-fuer-die-unternehmensnachfolge\/#primaryimage"},"image":{"@id":"https:\/\/www.organisator.ch\/management\/2019-09-05\/rueckenwind-fuer-die-unternehmensnachfolge\/#primaryimage"},"thumbnailUrl":"https:\/\/www.organisator.ch\/wp-content\/uploads\/2019\/04\/Initiative-Nachfolgebus-2019-Gut-besuchter-Start-in-Zuerich_Organisator.jpg","datePublished":"2019-09-05T11:24:05+00:00","description":"Il bus successore partir\u00e0 presto per il suo tour autunnale 2019, con la prima delle cinque tappe totali a San Gallo il 12 settembre.","breadcrumb":{"@id":"https:\/\/www.organisator.ch\/management\/2019-09-05\/rueckenwind-fuer-die-unternehmensnachfolge\/#breadcrumb"},"inLanguage":"it-IT","potentialAction":[{"@type":"ReadAction","target":["https:\/\/www.organisator.ch\/management\/2019-09-05\/rueckenwind-fuer-die-unternehmensnachfolge\/"]}]},{"@type":"ImageObject","inLanguage":"it-IT","@id":"https:\/\/www.organisator.ch\/management\/2019-09-05\/rueckenwind-fuer-die-unternehmensnachfolge\/#primaryimage","url":"https:\/\/www.organisator.ch\/wp-content\/uploads\/2019\/04\/Initiative-Nachfolgebus-2019-Gut-besuchter-Start-in-Zuerich_Organisator.jpg","contentUrl":"https:\/\/www.organisator.ch\/wp-content\/uploads\/2019\/04\/Initiative-Nachfolgebus-2019-Gut-besuchter-Start-in-Zuerich_Organisator.jpg","width":680,"height":383,"caption":"Carla Kaufmann, Initiatorin des Nachfolgebus, freut sich \u00fcber den gelungenen Auftakt in Z\u00fcrich f\u00fcr die Nachfolgebus Tour 2019. (Bild: Nachfolgebus.ch)"},{"@type":"BreadcrumbList","@id":"https:\/\/www.organisator.ch\/management\/2019-09-05\/rueckenwind-fuer-die-unternehmensnachfolge\/#breadcrumb","itemListElement":[{"@type":"ListItem","position":1,"name":"Home","item":"https:\/\/www.organisator.ch\/"},{"@type":"ListItem","position":2,"name":"R\u00fcckenwind f\u00fcr die Unternehmensnachfolge"}]},{"@type":"WebSite","@id":"https:\/\/www.organisator.ch\/#website","url":"https:\/\/www.organisator.ch\/","name":"Organizzatore","description":"Competente. Pratico. In 10 numeri all'anno, ORGANISATOR presenta i temi essenziali per i manager delle PMI.","publisher":{"@id":"https:\/\/www.organisator.ch\/#organization"},"potentialAction":[{"@type":"SearchAction","target":{"@type":"EntryPoint","urlTemplate":"https:\/\/www.organisator.ch\/?s={search_term_string}"},"query-input":{"@type":"PropertyValueSpecification","valueRequired":true,"valueName":"search_term_string"}}],"inLanguage":"it-IT"},{"@type":"Organization","@id":"https:\/\/www.organisator.ch\/#organization","name":"Organizzatore","url":"https:\/\/www.organisator.ch\/","logo":{"@type":"ImageObject","inLanguage":"it-IT","@id":"https:\/\/www.organisator.ch\/#\/schema\/logo\/image\/","url":"https:\/\/www.organisator.ch\/wp-content\/uploads\/2022\/01\/Logo_Organisator_Website.png","contentUrl":"https:\/\/www.organisator.ch\/wp-content\/uploads\/2022\/01\/Logo_Organisator_Website.png","width":800,"height":77,"caption":"Organisator"},"image":{"@id":"https:\/\/www.organisator.ch\/#\/schema\/logo\/image\/"},"sameAs":["https:\/\/www.facebook.com\/OrganisatorFachmagazin","https:\/\/www.linkedin.com\/showcase\/organisator-das-magazin-fr-kmu","https:\/\/www.xing.com\/news\/pages\/organisator-ch-695","https:\/\/www.youtube.com\/channel\/UCGP2Sq0iWaZwT3BdIAQFYpw"]},{"@type":"Person","@id":"https:\/\/www.organisator.ch\/#\/schema\/person\/6f650f90b2842cd4c0cc334b4e36f67e","name":"Tommaso.berner","image":{"@type":"ImageObject","inLanguage":"it-IT","@id":"https:\/\/secure.gravatar.com\/avatar\/ac5001d2a36cb6c6cd3e50789007ffca834b477b74a2144564522e944eabff61?s=96&d=mm&r=g","url":"https:\/\/secure.gravatar.com\/avatar\/ac5001d2a36cb6c6cd3e50789007ffca834b477b74a2144564522e944eabff61?s=96&d=mm&r=g","contentUrl":"https:\/\/secure.gravatar.com\/avatar\/ac5001d2a36cb6c6cd3e50789007ffca834b477b74a2144564522e944eabff61?s=96&d=mm&r=g","caption":"thomas.berner"},"url":"https:\/\/www.organisator.ch\/it\/author\/thomas-berner\/"}]}},"_links":{"self":[{"href":"https:\/\/www.organisator.ch\/it\/wp-json\/wp\/v2\/posts\/5760","targetHints":{"allow":["GET"]}}],"collection":[{"href":"https:\/\/www.organisator.ch\/it\/wp-json\/wp\/v2\/posts"}],"about":[{"href":"https:\/\/www.organisator.ch\/it\/wp-json\/wp\/v2\/types\/post"}],"author":[{"embeddable":true,"href":"https:\/\/www.organisator.ch\/it\/wp-json\/wp\/v2\/users\/4"}],"replies":[{"embeddable":true,"href":"https:\/\/www.organisator.ch\/it\/wp-json\/wp\/v2\/comments?post=5760"}],"version-history":[{"count":0,"href":"https:\/\/www.organisator.ch\/it\/wp-json\/wp\/v2\/posts\/5760\/revisions"}],"wp:featuredmedia":[{"embeddable":true,"href":"https:\/\/www.organisator.ch\/it\/wp-json\/wp\/v2\/media\/5103"}],"wp:attachment":[{"href":"https:\/\/www.organisator.ch\/it\/wp-json\/wp\/v2\/media?parent=5760"}],"wp:term":[{"taxonomy":"category","embeddable":true,"href":"https:\/\/www.organisator.ch\/it\/wp-json\/wp\/v2\/categories?post=5760"},{"taxonomy":"post_tag","embeddable":true,"href":"https:\/\/www.organisator.ch\/it\/wp-json\/wp\/v2\/tags?post=5760"}],"curies":[{"name":"wp","href":"https:\/\/api.w.org\/{rel}","templated":true}]}}