{"id":5762,"date":"2019-09-05T17:55:53","date_gmt":"2019-09-05T15:55:53","guid":{"rendered":"https:\/\/www.organisator.ch\/?p=5762"},"modified":"2019-09-05T17:55:53","modified_gmt":"2019-09-05T15:55:53","slug":"arbeitswelt-der-zukunft-der-weg-ist-noch-lang","status":"publish","type":"post","link":"https:\/\/www.organisator.ch\/it\/management\/2019-09-05\/arbeitswelt-der-zukunft-der-weg-ist-noch-lang\/","title":{"rendered":"Mondo del lavoro del futuro: la strada \u00e8 ancora lunga"},"content":{"rendered":"<figure id=\"attachment_5763\" aria-describedby=\"caption-attachment-5763\" style=\"width: 680px\" class=\"wp-caption alignnone\"><img loading=\"lazy\" decoding=\"async\" class=\"size-medium wp-image-5763\" src=\"https:\/\/www.organisator.ch\/wp-content\/uploads\/2019\/09\/Arbeitswelt-der-Zukunft-Der-Weg-ist-noch-lang_Organisator.jpg\" alt=\"\" width=\"680\" height=\"481\" srcset=\"https:\/\/www.organisator.ch\/wp-content\/uploads\/2019\/09\/Arbeitswelt-der-Zukunft-Der-Weg-ist-noch-lang_Organisator.jpg 680w, https:\/\/www.organisator.ch\/wp-content\/uploads\/2019\/09\/Arbeitswelt-der-Zukunft-Der-Weg-ist-noch-lang_Organisator-16x12.jpg 16w, https:\/\/www.organisator.ch\/wp-content\/uploads\/2019\/09\/Arbeitswelt-der-Zukunft-Der-Weg-ist-noch-lang_Organisator-247x175.jpg 247w, https:\/\/www.organisator.ch\/wp-content\/uploads\/2019\/09\/Arbeitswelt-der-Zukunft-Der-Weg-ist-noch-lang_Organisator-495x350.jpg 495w, https:\/\/www.organisator.ch\/wp-content\/uploads\/2019\/09\/Arbeitswelt-der-Zukunft-Der-Weg-ist-noch-lang_Organisator-300x212.jpg 300w\" sizes=\"auto, (max-width: 680px) 100vw, 680px\" \/><figcaption id=\"caption-attachment-5763\" class=\"wp-caption-text\">Come sar\u00e0 il mondo del lavoro del futuro? Uno studio completo fornisce alcune risposte che fanno riflettere. (Immagine: Future Work Group)<\/figcaption><\/figure>\n<p>Sia i discorsi chiave del programma principale che le sessioni di breakout orientate alla pratica erano essenzialmente dedicate alle varie sfaccettature della digitalizzazione. Il \"mondo del lavoro del futuro\" e il suo design di successo \u00e8 stato anche al centro di una sessione di breakout e ha incontrato un vivo interesse con un totale di circa 100 partecipanti in entrambe le sessioni.<\/p>\n<p>La sessione di breakout ha fornito le prime informazioni sul pi\u00f9 grande studio sul \"Working World 4.0\" in Svizzera fino ad oggi, con 1140 partecipanti, due terzi dei quali provenienti da PMI e un terzo da grandi aziende (JV). Lo studio \u00e8 stato pubblicato dal Prof. Dr. Marc K. Peter, capo del centro di competenza per la trasformazione digitale presso la FHNW Hochschule f\u00fcr Wirtschaft, in collaborazione con il Future Work Group.<\/p>\n<h2><strong>\u00c8 il momento di agire<\/strong><\/h2>\n<p>Al centro dello studio ci sono le tre dimensioni \"People - Place - Technology\", la cui interazione significativa ed efficace \u00e8 la base per la progettazione di successo del mondo del lavoro del futuro. Con questo in mente, \u00e8 stato elaborato un catalogo di domande e il sondaggio \u00e8 stato condotto nella primavera del 2019.<\/p>\n<p><a href=\"http:\/\/web.fhnw.ch\/plattformen\/wirtschaftsforum\/forum-2019\/WiFor19%20-%20Breakotut-Session%20-%20Arbeitswelt%20der%20Zukunft.pdf\">Risultati sorprendenti dello studio<\/a> sono stati presentati il 4 settembre 2019 a Olten da Alessia Ruf, collaboratrice di ricerca nel campo della psicologia applicata presso la FHNW e responsabile del sondaggio e della valutazione nell'ambito dello studio, e Marco Looser, titolare della MCP AG e partner del Future Work Group. Quando \u00e8 stato chiesto loro di capire il mondo del lavoro 4.0, termini come digitalizzazione, trasformazione, nuove forme di lavoro, flessibilit\u00e0 e networking sono emersi tra i partecipanti, come previsto. C'\u00e8 una chiara necessit\u00e0 di azione nello status quo determinato secondo i risultati dello studio riguardo al progresso nel mondo del lavoro 4.0. Secondo la loro stessa valutazione, pi\u00f9 di 40% degli intervistati sono \"proprio all'inizio\" (PMI: 44 %\/GU: 43%), fino a 50% sono \"nel mezzo\" (PMI: 43 %\/GU: 50%) e solo13% (PMI) o 7% (GU) sono molto avanzati. Con il 64%, le PMI vedono un aumento dell'efficienza per quanto riguarda la comunicazione e la collaborazione come i driver principali per la trasformazione in Working World 4.0, e nella stessa misura, anche con il 64%, un rafforzamento della loro forza innovativa e creativit\u00e0.<\/p>\n<h2>Un motivo di preoccupazione: i dipendenti non sono abbastanza coinvolti!<\/h2>\n<p>La situazione \u00e8 preoccupante per quanto riguarda il coinvolgimento dei dipendenti nel plasmare il mondo del lavoro del futuro. Solo il 27% dei partecipanti ha risposto positivamente a questa domanda. Questo significa: il 73% dei dipendenti non sono o non sono ancora coinvolti nel processo di cambiamento - o l'azienda non lo ritiene necessario! Qui \u00e8 urgente un ripensamento. Inoltre, c'\u00e8 una notevole mancanza di know-how, che il 40% delle PMI e il 47% delle grandi aziende dichiarano come una barriera al passaggio nel mondo del lavoro 4.0.<\/p>\n<p><em>I risultati dettagliati dello studio e una guida pratica saranno a disposizione della comunit\u00e0 economica svizzera come download gratuito a partire dalla fine di ottobre 2019. <\/em><a href=\"https:\/\/www.arbeitswelt-zukunft.ch\/\"><em>Ulteriori informazioni<\/em><\/a><\/p>\n<p><em><strong>La prossima occasione di approfondimento \u00e8 il 1\u00b0 ottobre 2019 al <\/strong><a href=\"https:\/\/www.businessinnovation.ch\/de\/exhibition-events\/event-details\/469\/eroeffnungspodium-academy-die-arbeitswelt-der-zukunft-\"><strong>Pannello di apertura Academy - Il mondo del lavoro del futuro alla Business Innovation Week di Zurigo<\/strong><\/a><strong>. <\/strong><\/em><\/p>\n<p><em>Gli interessati prenotano il loro biglietto qui: <a href=\"https:\/\/www.businessinnovation.ch\/de\/tickets\/\">https:\/\/www.businessinnovation.ch\/de\/tickets\/\u00a0<\/a>e ricevere con il codice di sconto <strong>BIW19AW4 una riduzione di 20%<\/strong> sul pass di 3 giorni.<\/em><\/p>","protected":false},"excerpt":{"rendered":"<p>Sowohl die Keynote-Referate des Hauptprogramms wie die praxisorientierten Breakoutsessions widmeten sich im Wesentlichen den verschiedenen Facetten der Digitalisierung. Auch die \u00abArbeitswelt der Zukunft\u00bb und deren erfolgreiche Gestaltung stand im Fokus einer Breakoutsession und stiess auf reges Interesse mit insgesamt ca. 100 Teilnehmenden in beiden Durchg\u00e4ngen. Die Breakoutsession gab erste Einblicke in die bisher schweizweit gr\u00f6sste [&hellip;]<\/p>\n","protected":false},"author":4,"featured_media":5763,"comment_status":"open","ping_status":"open","sticky":false,"template":"","format":"standard","meta":{"_acf_changed":false,"_yoast_wpseo_focuskw":"Arbeitswelt","_yoast_wpseo_metadesc":"Im Rahmen des Wirtschaftsforum Olten vom 4. September 2019 wurde unter anderem auch eine Studie zum Thema Arbeitswelt der Zukunft vorgestellt.","articlekey":"","footnotes":""},"categories":[28],"tags":[51,193,363,459],"class_list":["post-5762","post","type-post","status-publish","format-standard","has-post-thumbnail","hentry","category-management","tag-arbeitsplatzgestaltung","tag-fachkongressfachmesse","tag-new-work","tag-studie"],"acf":[],"yoast_head":"<!-- This site is optimized with the Yoast SEO plugin v27.4 - https:\/\/yoast.com\/product\/yoast-seo-wordpress\/ -->\n<title>Arbeitswelt der Zukunft: Der Weg ist noch lang - Organisator<\/title>\n<meta name=\"description\" content=\"Im Rahmen des Wirtschaftsforum Olten vom 4. September 2019 wurde unter anderem auch eine Studie zum Thema Arbeitswelt der Zukunft vorgestellt.\" \/>\n<meta name=\"robots\" content=\"index, follow, max-snippet:-1, max-image-preview:large, max-video-preview:-1\" \/>\n<link rel=\"canonical\" href=\"https:\/\/www.organisator.ch\/it\/gestione-2\/2019-09-05\/arbeitswelt-der-zukunft-der-weg-ist-noch-lang\/\" \/>\n<meta property=\"og:locale\" content=\"it_IT\" \/>\n<meta property=\"og:type\" content=\"article\" \/>\n<meta property=\"og:title\" content=\"Arbeitswelt der Zukunft: Der Weg ist noch lang\" \/>\n<meta property=\"og:description\" content=\"Im Rahmen des Wirtschaftsforum Olten vom 4. September 2019 wurde unter anderem auch eine Studie zum Thema Arbeitswelt der Zukunft vorgestellt.\" \/>\n<meta property=\"og:url\" content=\"https:\/\/www.organisator.ch\/it\/gestione-2\/2019-09-05\/arbeitswelt-der-zukunft-der-weg-ist-noch-lang\/\" \/>\n<meta property=\"og:site_name\" content=\"Organisator\" \/>\n<meta property=\"article:publisher\" content=\"https:\/\/www.facebook.com\/OrganisatorFachmagazin\" \/>\n<meta property=\"article:published_time\" content=\"2019-09-05T15:55:53+00:00\" \/>\n<meta property=\"og:image\" content=\"https:\/\/www.organisator.ch\/wp-content\/uploads\/2019\/09\/Arbeitswelt-der-Zukunft-Der-Weg-ist-noch-lang_Organisator.jpg\" \/>\n\t<meta property=\"og:image:width\" content=\"680\" \/>\n\t<meta property=\"og:image:height\" content=\"481\" \/>\n\t<meta property=\"og:image:type\" content=\"image\/jpeg\" \/>\n<meta name=\"author\" content=\"thomas.berner\" \/>\n<meta name=\"twitter:card\" content=\"summary_large_image\" \/>\n<meta name=\"twitter:title\" content=\"#Arbeitswelt der Zukunft: Der Weg ist noch lang\" \/>\n<meta name=\"twitter:description\" content=\"Im Rahmen des #Wirtschaftsforum Olten vom 4. September 2019 wurde unter anderem auch eine Studie zum Thema #Arbeitswelt der Zukunft vorgestellt.\" \/>\n<meta name=\"twitter:image\" content=\"https:\/\/www.organisator.ch\/wp-content\/uploads\/2019\/09\/Arbeitswelt-der-Zukunft-Der-Weg-ist-noch-lang_Organisator.jpg\" \/>\n<script type=\"application\/ld+json\" class=\"yoast-schema-graph\">{\"@context\":\"https:\\\/\\\/schema.org\",\"@graph\":[{\"@type\":\"Article\",\"@id\":\"https:\\\/\\\/www.organisator.ch\\\/management\\\/2019-09-05\\\/arbeitswelt-der-zukunft-der-weg-ist-noch-lang\\\/#article\",\"isPartOf\":{\"@id\":\"https:\\\/\\\/www.organisator.ch\\\/management\\\/2019-09-05\\\/arbeitswelt-der-zukunft-der-weg-ist-noch-lang\\\/\"},\"author\":{\"name\":\"thomas.berner\",\"@id\":\"https:\\\/\\\/www.organisator.ch\\\/#\\\/schema\\\/person\\\/6f650f90b2842cd4c0cc334b4e36f67e\"},\"headline\":\"Arbeitswelt der Zukunft: Der Weg ist noch lang\",\"datePublished\":\"2019-09-05T15:55:53+00:00\",\"mainEntityOfPage\":{\"@id\":\"https:\\\/\\\/www.organisator.ch\\\/management\\\/2019-09-05\\\/arbeitswelt-der-zukunft-der-weg-ist-noch-lang\\\/\"},\"wordCount\":493,\"commentCount\":0,\"publisher\":{\"@id\":\"https:\\\/\\\/www.organisator.ch\\\/#organization\"},\"image\":{\"@id\":\"https:\\\/\\\/www.organisator.ch\\\/management\\\/2019-09-05\\\/arbeitswelt-der-zukunft-der-weg-ist-noch-lang\\\/#primaryimage\"},\"thumbnailUrl\":\"https:\\\/\\\/www.organisator.ch\\\/wp-content\\\/uploads\\\/2019\\\/09\\\/Arbeitswelt-der-Zukunft-Der-Weg-ist-noch-lang_Organisator.jpg\",\"keywords\":[\"Arbeitsplatzgestaltung\",\"Fachkongress\\\/Fachmesse\",\"New Work\",\"Studie\"],\"articleSection\":[\"MANAGEMENT\"],\"inLanguage\":\"it-IT\"},{\"@type\":\"WebPage\",\"@id\":\"https:\\\/\\\/www.organisator.ch\\\/management\\\/2019-09-05\\\/arbeitswelt-der-zukunft-der-weg-ist-noch-lang\\\/\",\"url\":\"https:\\\/\\\/www.organisator.ch\\\/management\\\/2019-09-05\\\/arbeitswelt-der-zukunft-der-weg-ist-noch-lang\\\/\",\"name\":\"Arbeitswelt der Zukunft: Der Weg ist noch lang - Organisator\",\"isPartOf\":{\"@id\":\"https:\\\/\\\/www.organisator.ch\\\/#website\"},\"primaryImageOfPage\":{\"@id\":\"https:\\\/\\\/www.organisator.ch\\\/management\\\/2019-09-05\\\/arbeitswelt-der-zukunft-der-weg-ist-noch-lang\\\/#primaryimage\"},\"image\":{\"@id\":\"https:\\\/\\\/www.organisator.ch\\\/management\\\/2019-09-05\\\/arbeitswelt-der-zukunft-der-weg-ist-noch-lang\\\/#primaryimage\"},\"thumbnailUrl\":\"https:\\\/\\\/www.organisator.ch\\\/wp-content\\\/uploads\\\/2019\\\/09\\\/Arbeitswelt-der-Zukunft-Der-Weg-ist-noch-lang_Organisator.jpg\",\"datePublished\":\"2019-09-05T15:55:53+00:00\",\"description\":\"Im Rahmen des Wirtschaftsforum Olten vom 4. September 2019 wurde unter anderem auch eine Studie zum Thema Arbeitswelt der Zukunft vorgestellt.\",\"breadcrumb\":{\"@id\":\"https:\\\/\\\/www.organisator.ch\\\/management\\\/2019-09-05\\\/arbeitswelt-der-zukunft-der-weg-ist-noch-lang\\\/#breadcrumb\"},\"inLanguage\":\"it-IT\",\"potentialAction\":[{\"@type\":\"ReadAction\",\"target\":[\"https:\\\/\\\/www.organisator.ch\\\/management\\\/2019-09-05\\\/arbeitswelt-der-zukunft-der-weg-ist-noch-lang\\\/\"]}]},{\"@type\":\"ImageObject\",\"inLanguage\":\"it-IT\",\"@id\":\"https:\\\/\\\/www.organisator.ch\\\/management\\\/2019-09-05\\\/arbeitswelt-der-zukunft-der-weg-ist-noch-lang\\\/#primaryimage\",\"url\":\"https:\\\/\\\/www.organisator.ch\\\/wp-content\\\/uploads\\\/2019\\\/09\\\/Arbeitswelt-der-Zukunft-Der-Weg-ist-noch-lang_Organisator.jpg\",\"contentUrl\":\"https:\\\/\\\/www.organisator.ch\\\/wp-content\\\/uploads\\\/2019\\\/09\\\/Arbeitswelt-der-Zukunft-Der-Weg-ist-noch-lang_Organisator.jpg\",\"width\":680,\"height\":481,\"caption\":\"Wie sieht die Arbeitswelt der Zukunft aus? Eine umfassende Studie liefert Antworten, die nachdenklich stimmen. (Bild: Future Work Group)\"},{\"@type\":\"BreadcrumbList\",\"@id\":\"https:\\\/\\\/www.organisator.ch\\\/management\\\/2019-09-05\\\/arbeitswelt-der-zukunft-der-weg-ist-noch-lang\\\/#breadcrumb\",\"itemListElement\":[{\"@type\":\"ListItem\",\"position\":1,\"name\":\"Home\",\"item\":\"https:\\\/\\\/www.organisator.ch\\\/\"},{\"@type\":\"ListItem\",\"position\":2,\"name\":\"Arbeitswelt der Zukunft: Der Weg ist noch lang\"}]},{\"@type\":\"WebSite\",\"@id\":\"https:\\\/\\\/www.organisator.ch\\\/#website\",\"url\":\"https:\\\/\\\/www.organisator.ch\\\/\",\"name\":\"Organisator\",\"description\":\"Kompetent. Praxisnah. Der ORGANISATOR bereitet in 10 Ausgaben pro Jahr die wesentlichen Themen f\u00fcr F\u00fchrungskr\u00e4fte von KMU auf.\",\"publisher\":{\"@id\":\"https:\\\/\\\/www.organisator.ch\\\/#organization\"},\"potentialAction\":[{\"@type\":\"SearchAction\",\"target\":{\"@type\":\"EntryPoint\",\"urlTemplate\":\"https:\\\/\\\/www.organisator.ch\\\/?s={search_term_string}\"},\"query-input\":{\"@type\":\"PropertyValueSpecification\",\"valueRequired\":true,\"valueName\":\"search_term_string\"}}],\"inLanguage\":\"it-IT\"},{\"@type\":\"Organization\",\"@id\":\"https:\\\/\\\/www.organisator.ch\\\/#organization\",\"name\":\"Organisator\",\"url\":\"https:\\\/\\\/www.organisator.ch\\\/\",\"logo\":{\"@type\":\"ImageObject\",\"inLanguage\":\"it-IT\",\"@id\":\"https:\\\/\\\/www.organisator.ch\\\/#\\\/schema\\\/logo\\\/image\\\/\",\"url\":\"https:\\\/\\\/www.organisator.ch\\\/wp-content\\\/uploads\\\/2022\\\/01\\\/Logo_Organisator_Website.png\",\"contentUrl\":\"https:\\\/\\\/www.organisator.ch\\\/wp-content\\\/uploads\\\/2022\\\/01\\\/Logo_Organisator_Website.png\",\"width\":800,\"height\":77,\"caption\":\"Organisator\"},\"image\":{\"@id\":\"https:\\\/\\\/www.organisator.ch\\\/#\\\/schema\\\/logo\\\/image\\\/\"},\"sameAs\":[\"https:\\\/\\\/www.facebook.com\\\/OrganisatorFachmagazin\",\"https:\\\/\\\/www.linkedin.com\\\/showcase\\\/organisator-das-magazin-fr-kmu\",\"https:\\\/\\\/www.xing.com\\\/news\\\/pages\\\/organisator-ch-695\",\"https:\\\/\\\/www.youtube.com\\\/channel\\\/UCGP2Sq0iWaZwT3BdIAQFYpw\"]},{\"@type\":\"Person\",\"@id\":\"https:\\\/\\\/www.organisator.ch\\\/#\\\/schema\\\/person\\\/6f650f90b2842cd4c0cc334b4e36f67e\",\"name\":\"thomas.berner\",\"image\":{\"@type\":\"ImageObject\",\"inLanguage\":\"it-IT\",\"@id\":\"https:\\\/\\\/secure.gravatar.com\\\/avatar\\\/ac5001d2a36cb6c6cd3e50789007ffca834b477b74a2144564522e944eabff61?s=96&d=mm&r=g\",\"url\":\"https:\\\/\\\/secure.gravatar.com\\\/avatar\\\/ac5001d2a36cb6c6cd3e50789007ffca834b477b74a2144564522e944eabff61?s=96&d=mm&r=g\",\"contentUrl\":\"https:\\\/\\\/secure.gravatar.com\\\/avatar\\\/ac5001d2a36cb6c6cd3e50789007ffca834b477b74a2144564522e944eabff61?s=96&d=mm&r=g\",\"caption\":\"thomas.berner\"},\"url\":\"https:\\\/\\\/www.organisator.ch\\\/it\\\/author\\\/thomas-berner\\\/\"}]}<\/script>\n<!-- \/ Yoast SEO plugin. -->","yoast_head_json":{"title":"Il mondo del lavoro del futuro: la strada \u00e8 ancora lunga - Organizzatore","description":"Al Forum economico di Olten del 4 settembre 2019 \u00e8 stato presentato, tra l'altro, uno studio sul tema del mondo del lavoro del futuro.","robots":{"index":"index","follow":"follow","max-snippet":"max-snippet:-1","max-image-preview":"max-image-preview:large","max-video-preview":"max-video-preview:-1"},"canonical":"https:\/\/www.organisator.ch\/it\/gestione-2\/2019-09-05\/arbeitswelt-der-zukunft-der-weg-ist-noch-lang\/","og_locale":"it_IT","og_type":"article","og_title":"Arbeitswelt der Zukunft: Der Weg ist noch lang","og_description":"Im Rahmen des Wirtschaftsforum Olten vom 4. September 2019 wurde unter anderem auch eine Studie zum Thema Arbeitswelt der Zukunft vorgestellt.","og_url":"https:\/\/www.organisator.ch\/it\/gestione-2\/2019-09-05\/arbeitswelt-der-zukunft-der-weg-ist-noch-lang\/","og_site_name":"Organisator","article_publisher":"https:\/\/www.facebook.com\/OrganisatorFachmagazin","article_published_time":"2019-09-05T15:55:53+00:00","og_image":[{"width":680,"height":481,"url":"https:\/\/www.organisator.ch\/wp-content\/uploads\/2019\/09\/Arbeitswelt-der-Zukunft-Der-Weg-ist-noch-lang_Organisator.jpg","type":"image\/jpeg"}],"author":"thomas.berner","twitter_card":"summary_large_image","twitter_title":"#Arbeitswelt der Zukunft: Der Weg ist noch lang","twitter_description":"Im Rahmen des #Wirtschaftsforum Olten vom 4. September 2019 wurde unter anderem auch eine Studie zum Thema #Arbeitswelt der Zukunft vorgestellt.","twitter_image":"https:\/\/www.organisator.ch\/wp-content\/uploads\/2019\/09\/Arbeitswelt-der-Zukunft-Der-Weg-ist-noch-lang_Organisator.jpg","schema":{"@context":"https:\/\/schema.org","@graph":[{"@type":"Article","@id":"https:\/\/www.organisator.ch\/management\/2019-09-05\/arbeitswelt-der-zukunft-der-weg-ist-noch-lang\/#article","isPartOf":{"@id":"https:\/\/www.organisator.ch\/management\/2019-09-05\/arbeitswelt-der-zukunft-der-weg-ist-noch-lang\/"},"author":{"name":"thomas.berner","@id":"https:\/\/www.organisator.ch\/#\/schema\/person\/6f650f90b2842cd4c0cc334b4e36f67e"},"headline":"Arbeitswelt der Zukunft: Der Weg ist noch lang","datePublished":"2019-09-05T15:55:53+00:00","mainEntityOfPage":{"@id":"https:\/\/www.organisator.ch\/management\/2019-09-05\/arbeitswelt-der-zukunft-der-weg-ist-noch-lang\/"},"wordCount":493,"commentCount":0,"publisher":{"@id":"https:\/\/www.organisator.ch\/#organization"},"image":{"@id":"https:\/\/www.organisator.ch\/management\/2019-09-05\/arbeitswelt-der-zukunft-der-weg-ist-noch-lang\/#primaryimage"},"thumbnailUrl":"https:\/\/www.organisator.ch\/wp-content\/uploads\/2019\/09\/Arbeitswelt-der-Zukunft-Der-Weg-ist-noch-lang_Organisator.jpg","keywords":["Arbeitsplatzgestaltung","Fachkongress\/Fachmesse","New Work","Studie"],"articleSection":["MANAGEMENT"],"inLanguage":"it-IT"},{"@type":"WebPage","@id":"https:\/\/www.organisator.ch\/management\/2019-09-05\/arbeitswelt-der-zukunft-der-weg-ist-noch-lang\/","url":"https:\/\/www.organisator.ch\/management\/2019-09-05\/arbeitswelt-der-zukunft-der-weg-ist-noch-lang\/","name":"Il mondo del lavoro del futuro: la strada \u00e8 ancora lunga - Organizzatore","isPartOf":{"@id":"https:\/\/www.organisator.ch\/#website"},"primaryImageOfPage":{"@id":"https:\/\/www.organisator.ch\/management\/2019-09-05\/arbeitswelt-der-zukunft-der-weg-ist-noch-lang\/#primaryimage"},"image":{"@id":"https:\/\/www.organisator.ch\/management\/2019-09-05\/arbeitswelt-der-zukunft-der-weg-ist-noch-lang\/#primaryimage"},"thumbnailUrl":"https:\/\/www.organisator.ch\/wp-content\/uploads\/2019\/09\/Arbeitswelt-der-Zukunft-Der-Weg-ist-noch-lang_Organisator.jpg","datePublished":"2019-09-05T15:55:53+00:00","description":"Al Forum economico di Olten del 4 settembre 2019 \u00e8 stato presentato, tra l'altro, uno studio sul tema del mondo del lavoro del futuro.","breadcrumb":{"@id":"https:\/\/www.organisator.ch\/management\/2019-09-05\/arbeitswelt-der-zukunft-der-weg-ist-noch-lang\/#breadcrumb"},"inLanguage":"it-IT","potentialAction":[{"@type":"ReadAction","target":["https:\/\/www.organisator.ch\/management\/2019-09-05\/arbeitswelt-der-zukunft-der-weg-ist-noch-lang\/"]}]},{"@type":"ImageObject","inLanguage":"it-IT","@id":"https:\/\/www.organisator.ch\/management\/2019-09-05\/arbeitswelt-der-zukunft-der-weg-ist-noch-lang\/#primaryimage","url":"https:\/\/www.organisator.ch\/wp-content\/uploads\/2019\/09\/Arbeitswelt-der-Zukunft-Der-Weg-ist-noch-lang_Organisator.jpg","contentUrl":"https:\/\/www.organisator.ch\/wp-content\/uploads\/2019\/09\/Arbeitswelt-der-Zukunft-Der-Weg-ist-noch-lang_Organisator.jpg","width":680,"height":481,"caption":"Wie sieht die Arbeitswelt der Zukunft aus? Eine umfassende Studie liefert Antworten, die nachdenklich stimmen. (Bild: Future Work Group)"},{"@type":"BreadcrumbList","@id":"https:\/\/www.organisator.ch\/management\/2019-09-05\/arbeitswelt-der-zukunft-der-weg-ist-noch-lang\/#breadcrumb","itemListElement":[{"@type":"ListItem","position":1,"name":"Home","item":"https:\/\/www.organisator.ch\/"},{"@type":"ListItem","position":2,"name":"Arbeitswelt der Zukunft: Der Weg ist noch lang"}]},{"@type":"WebSite","@id":"https:\/\/www.organisator.ch\/#website","url":"https:\/\/www.organisator.ch\/","name":"Organizzatore","description":"Competente. Pratico. In 10 numeri all'anno, ORGANISATOR presenta i temi essenziali per i manager delle PMI.","publisher":{"@id":"https:\/\/www.organisator.ch\/#organization"},"potentialAction":[{"@type":"SearchAction","target":{"@type":"EntryPoint","urlTemplate":"https:\/\/www.organisator.ch\/?s={search_term_string}"},"query-input":{"@type":"PropertyValueSpecification","valueRequired":true,"valueName":"search_term_string"}}],"inLanguage":"it-IT"},{"@type":"Organization","@id":"https:\/\/www.organisator.ch\/#organization","name":"Organizzatore","url":"https:\/\/www.organisator.ch\/","logo":{"@type":"ImageObject","inLanguage":"it-IT","@id":"https:\/\/www.organisator.ch\/#\/schema\/logo\/image\/","url":"https:\/\/www.organisator.ch\/wp-content\/uploads\/2022\/01\/Logo_Organisator_Website.png","contentUrl":"https:\/\/www.organisator.ch\/wp-content\/uploads\/2022\/01\/Logo_Organisator_Website.png","width":800,"height":77,"caption":"Organisator"},"image":{"@id":"https:\/\/www.organisator.ch\/#\/schema\/logo\/image\/"},"sameAs":["https:\/\/www.facebook.com\/OrganisatorFachmagazin","https:\/\/www.linkedin.com\/showcase\/organisator-das-magazin-fr-kmu","https:\/\/www.xing.com\/news\/pages\/organisator-ch-695","https:\/\/www.youtube.com\/channel\/UCGP2Sq0iWaZwT3BdIAQFYpw"]},{"@type":"Person","@id":"https:\/\/www.organisator.ch\/#\/schema\/person\/6f650f90b2842cd4c0cc334b4e36f67e","name":"Tommaso.berner","image":{"@type":"ImageObject","inLanguage":"it-IT","@id":"https:\/\/secure.gravatar.com\/avatar\/ac5001d2a36cb6c6cd3e50789007ffca834b477b74a2144564522e944eabff61?s=96&d=mm&r=g","url":"https:\/\/secure.gravatar.com\/avatar\/ac5001d2a36cb6c6cd3e50789007ffca834b477b74a2144564522e944eabff61?s=96&d=mm&r=g","contentUrl":"https:\/\/secure.gravatar.com\/avatar\/ac5001d2a36cb6c6cd3e50789007ffca834b477b74a2144564522e944eabff61?s=96&d=mm&r=g","caption":"thomas.berner"},"url":"https:\/\/www.organisator.ch\/it\/author\/thomas-berner\/"}]}},"_links":{"self":[{"href":"https:\/\/www.organisator.ch\/it\/wp-json\/wp\/v2\/posts\/5762","targetHints":{"allow":["GET"]}}],"collection":[{"href":"https:\/\/www.organisator.ch\/it\/wp-json\/wp\/v2\/posts"}],"about":[{"href":"https:\/\/www.organisator.ch\/it\/wp-json\/wp\/v2\/types\/post"}],"author":[{"embeddable":true,"href":"https:\/\/www.organisator.ch\/it\/wp-json\/wp\/v2\/users\/4"}],"replies":[{"embeddable":true,"href":"https:\/\/www.organisator.ch\/it\/wp-json\/wp\/v2\/comments?post=5762"}],"version-history":[{"count":0,"href":"https:\/\/www.organisator.ch\/it\/wp-json\/wp\/v2\/posts\/5762\/revisions"}],"wp:featuredmedia":[{"embeddable":true,"href":"https:\/\/www.organisator.ch\/it\/wp-json\/wp\/v2\/media\/5763"}],"wp:attachment":[{"href":"https:\/\/www.organisator.ch\/it\/wp-json\/wp\/v2\/media?parent=5762"}],"wp:term":[{"taxonomy":"category","embeddable":true,"href":"https:\/\/www.organisator.ch\/it\/wp-json\/wp\/v2\/categories?post=5762"},{"taxonomy":"post_tag","embeddable":true,"href":"https:\/\/www.organisator.ch\/it\/wp-json\/wp\/v2\/tags?post=5762"}],"curies":[{"name":"wp","href":"https:\/\/api.w.org\/{rel}","templated":true}]}}