{"id":5777,"date":"2019-09-09T10:28:23","date_gmt":"2019-09-09T08:28:23","guid":{"rendered":"https:\/\/www.organisator.ch\/?p=5777"},"modified":"2019-09-09T10:28:23","modified_gmt":"2019-09-09T08:28:23","slug":"das-alpensymposium-2020-ist-voll-auf-kurs","status":"publish","type":"post","link":"https:\/\/www.organisator.ch\/it\/management\/2019-09-09\/das-alpensymposium-2020-ist-voll-auf-kurs\/","title":{"rendered":"Il Simposio Alpino 2020 \u00e8 pienamente in pista"},"content":{"rendered":"<figure id=\"attachment_5778\" aria-describedby=\"caption-attachment-5778\" style=\"width: 680px\" class=\"wp-caption alignnone\"><img loading=\"lazy\" decoding=\"async\" class=\"size-medium wp-image-5778\" src=\"https:\/\/www.organisator.ch\/wp-content\/uploads\/2019\/09\/Das-Alpensymposium-2020-ist-voll-auf-Kurs_Organisator.jpg\" alt=\"\" width=\"680\" height=\"283\" srcset=\"https:\/\/www.organisator.ch\/wp-content\/uploads\/2019\/09\/Das-Alpensymposium-2020-ist-voll-auf-Kurs_Organisator.jpg 680w, https:\/\/www.organisator.ch\/wp-content\/uploads\/2019\/09\/Das-Alpensymposium-2020-ist-voll-auf-Kurs_Organisator-16x7.jpg 16w, https:\/\/www.organisator.ch\/wp-content\/uploads\/2019\/09\/Das-Alpensymposium-2020-ist-voll-auf-Kurs_Organisator-375x156.jpg 375w, https:\/\/www.organisator.ch\/wp-content\/uploads\/2019\/09\/Das-Alpensymposium-2020-ist-voll-auf-Kurs_Organisator-300x125.jpg 300w\" sizes=\"auto, (max-width: 680px) 100vw, 680px\" \/><figcaption id=\"caption-attachment-5778\" class=\"wp-caption-text\">Appaiono come relatori al Simposio Alpino 2020: Frederik G. Pferdt e Carla del Ponte. (Immagini: Servizio Media Alpensymposium)<\/figcaption><\/figure>\n<p>Il timeout di un anno sembra aver fatto bene all'Alpine Symposium: Con il Chief Innovation Evangelist di Google e Stanford University Adjunct Professor Dr. Frederik G. Pferdt, il padrone di casa e organizzatore Oliver Stoldt ha avuto un top crack della digitalizzazione globale sull'affiche. Un altro punto forte \u00e8 l'apparizione di Carla del Ponte. L'ex procuratore capo delle Nazioni Unite arriva a Interlaken con il suo ultimo libro nel bagaglio.<\/p>\n<h2>Innovazioni al metro<\/h2>\n<p>Il gigante digitale Google deve il suo flusso costante di innovazioni anche al dottor Frederik G. Pferdt, originario del lago di Costanza, che fa in modo che non si prosciughi. Il dottore in educazione aziendale ha avviato una comunit\u00e0 di 500 evangelisti dell'innovazione ed \u00e8 il fondatore del \"The Garage\" di Google, nonch\u00e9 il creatore del primo laboratorio di innovazione. Questo \u00e8 usato da centinaia di team all'anno, in tutte le aree di Google - da YouTube, all'hardware, a Maps, al sistema operativo Android e anche nelle aree di Sales, Cloud, HR e Research. Questo per trovare soluzioni creative e testare centinaia di idee inedite nel minor tempo possibile. L'esperto di innovazione insegna come professore aggiunto alla Stanford University ed \u00e8 stato docente di ricerca all'EdLab della Columbia University. Consiglia governi, aziende, start-up e organizzazioni internazionali con il suo approccio lungimirante.<\/p>\n<h2>Conferenza pirotecnica sulla digitalizzazione<\/h2>\n<p>Altri relatori molto attraenti attendono il pubblico del Simposio Alpino 2020: Carla del Ponte, l'ex procuratore capo dell'ONU e ambasciatrice svizzera, verr\u00e0 a Interlaken con il suo ultimo libro \"Nel nome delle vittime - Il fallimento dell'ONU e della politica internazionale in Siria\". Sentiremo anche Chris Riddell, un premiato futurista globale, sulle tendenze emergenti nel mondo digitale iperconnesso. Pascal Kaufmann, fondatore di Starmind e Mindfire, sa tutto quello che c'\u00e8 da sapere sull'intelligenza artificiale (AI). Anja Wyder Guelpa, fondatrice del think tank civicLab con sede a Ginevra, vede la digitalizzazione e la disruption come un'opportunit\u00e0 per mettere in discussione e cambiare il modo in cui conduciamo oggi. Il mago dell'iPad ed esperto di digitalizzazione Simon Pierro definisce un nuovo genere di magia.<\/p>\n<h2>Personaggi dell'economia, dello sport e dei media al Simposio Alpino 2020<\/h2>\n<p>Altri relatori competenti con un alto potenziale di esperienza e conoscenza sono la star del Cirque de Soleil Christian Lindemann o la ciclista tedesca Kristina Vogel, rimasta paralizzata dopo un incidente, Marcus Sch\u00f6gel, direttore dell'Istituto di Marketing dell'Universit\u00e0 di San Gallo, il corrispondente di SRF in Medio Oriente Pascal Weber e l'esperta di Cina e Medio Oriente Martina Fuchs. Inoltre sono in programma il Dr. Ingo Rauser (Capco), che parler\u00e0 del futuro dell'industria finanziaria, \"Brain Store\", commerciante di idee Nadja Schnetzler, Manuel von Allmen, proprietario della manifattura di scarpe dell'Oberland bernese Kandahar e infine l'avvocato di eccellente formazione Kai Leonie Tschan, che ha deciso di diventare l'unico guardiano della capanna alla Mittellegih\u00fctte.<\/p>\n<h2>Evento leader per il trasferimento delle conoscenze<\/h2>\n<p>Il presentatore di SRF Tagesschau e l'esperto corrispondente estero Florian Inhauser moderer\u00e0 ora l'evento di due giorni. L'Alpine Symposium riunisce regolarmente 950 partecipanti al Victoria-Jungfrau Grand Hotel &amp; Spa di Interlaken. Tra imprenditori, CEO, imprenditori innovativi e rappresentanti di PMI, l'evento si \u00e8 affermato come uno dei principali eventi per il trasferimento di conoscenze e il networking. Questo ha convinto anche UPC Business e Xing, che Oliver Stoldt \u00e8 riuscito a conquistare come presenting partner per l'Alpine Symposium. Il biglietto per l'Alpensymposium pu\u00f2 ora essere acquistato sia tramite il sito web <a href=\"http:\/\/www.alpensymposium.ch\">www.alpensymposium.ch<\/a> cos\u00ec come tramite <a href=\"https:\/\/www.xing.com\/events\/17-alpensymposium-2020-2035837\">Xing<\/a> essere prenotato direttamente.<\/p>","protected":false},"excerpt":{"rendered":"<p>Das einj\u00e4hrige Timeout scheint dem Alpensymposium gut zu tun: Mit Google\u2019s Chief Innovation Evangelist und Stanford University Adjunct Professor Dr. Frederik G. Pferdt konnte Gastgeber und Organisator Oliver Stoldt gleich einen Top-Crack der globalen Digitalisierung auf der Affiche. Ein weiteres Highlight ist der Auftritt von Carla del Ponte. Die ehemalige UN-Chefankl\u00e4gerin kommt mit ihrem neusten [&hellip;]<\/p>\n","protected":false},"author":4,"featured_media":5778,"comment_status":"open","ping_status":"open","sticky":false,"template":"","format":"standard","meta":{"_acf_changed":false,"_yoast_wpseo_focuskw":"Alpensymposium 2020","_yoast_wpseo_metadesc":"Eines der Highlights am Alpensymposium 2020 ist Google\u2019s Chief Innovation Evangelist Dr. Frederik G. Pferdt.","articlekey":"","footnotes":""},"categories":[28],"tags":[193,274,335,502],"class_list":["post-5777","post","type-post","status-publish","format-standard","has-post-thumbnail","hentry","category-management","tag-fachkongressfachmesse","tag-innovation","tag-management-und-unternehmensfuehrung","tag-veranstaltungen"],"acf":[],"yoast_head":"<!-- This site is optimized with the Yoast SEO plugin v27.5 - https:\/\/yoast.com\/product\/yoast-seo-wordpress\/ -->\n<title>Das Alpensymposium 2020 ist voll auf Kurs - Organisator<\/title>\n<meta name=\"description\" content=\"Eines der Highlights am Alpensymposium 2020 ist Google\u2019s Chief Innovation Evangelist Dr. Frederik G. Pferdt.\" \/>\n<meta name=\"robots\" content=\"index, follow, max-snippet:-1, max-image-preview:large, max-video-preview:-1\" \/>\n<link rel=\"canonical\" href=\"https:\/\/www.organisator.ch\/it\/gestione-2\/2019-09-09\/das-alpensymposium-2020-ist-voll-auf-kurs\/\" \/>\n<meta property=\"og:locale\" content=\"it_IT\" \/>\n<meta property=\"og:type\" content=\"article\" \/>\n<meta property=\"og:title\" content=\"Das Alpensymposium 2020 ist voll auf Kurs\" \/>\n<meta property=\"og:description\" content=\"Eines der Highlights am Alpensymposium 2020 ist Google\u2019s Chief Innovation Evangelist Dr. Frederik G. Pferdt.\" \/>\n<meta property=\"og:url\" content=\"https:\/\/www.organisator.ch\/it\/gestione-2\/2019-09-09\/das-alpensymposium-2020-ist-voll-auf-kurs\/\" \/>\n<meta property=\"og:site_name\" content=\"Organisator\" \/>\n<meta property=\"article:publisher\" content=\"https:\/\/www.facebook.com\/OrganisatorFachmagazin\" \/>\n<meta property=\"article:published_time\" content=\"2019-09-09T08:28:23+00:00\" \/>\n<meta property=\"og:image\" content=\"https:\/\/www.organisator.ch\/wp-content\/uploads\/2019\/09\/Das-Alpensymposium-2020-ist-voll-auf-Kurs_Organisator.jpg\" \/>\n\t<meta property=\"og:image:width\" content=\"680\" \/>\n\t<meta property=\"og:image:height\" content=\"283\" \/>\n\t<meta property=\"og:image:type\" content=\"image\/jpeg\" \/>\n<meta name=\"author\" content=\"thomas.berner\" \/>\n<meta name=\"twitter:card\" content=\"summary_large_image\" \/>\n<meta name=\"twitter:title\" content=\"Das #Alpensymposium 2020 ist voll auf Kurs\" \/>\n<meta name=\"twitter:description\" content=\"Eines der Highlights am #Alpensymposium 2020 ist #Google\u2019s Chief Innovation Evangelist Dr. Frederik G. Pferdt.\" \/>\n<meta name=\"twitter:image\" content=\"https:\/\/www.organisator.ch\/wp-content\/uploads\/2019\/09\/Das-Alpensymposium-2020-ist-voll-auf-Kurs_Organisator.jpg\" \/>\n<script type=\"application\/ld+json\" class=\"yoast-schema-graph\">{\"@context\":\"https:\\\/\\\/schema.org\",\"@graph\":[{\"@type\":\"Article\",\"@id\":\"https:\\\/\\\/www.organisator.ch\\\/management\\\/2019-09-09\\\/das-alpensymposium-2020-ist-voll-auf-kurs\\\/#article\",\"isPartOf\":{\"@id\":\"https:\\\/\\\/www.organisator.ch\\\/management\\\/2019-09-09\\\/das-alpensymposium-2020-ist-voll-auf-kurs\\\/\"},\"author\":{\"name\":\"thomas.berner\",\"@id\":\"https:\\\/\\\/www.organisator.ch\\\/#\\\/schema\\\/person\\\/6f650f90b2842cd4c0cc334b4e36f67e\"},\"headline\":\"Das Alpensymposium 2020 ist voll auf Kurs\",\"datePublished\":\"2019-09-09T08:28:23+00:00\",\"mainEntityOfPage\":{\"@id\":\"https:\\\/\\\/www.organisator.ch\\\/management\\\/2019-09-09\\\/das-alpensymposium-2020-ist-voll-auf-kurs\\\/\"},\"wordCount\":592,\"commentCount\":0,\"publisher\":{\"@id\":\"https:\\\/\\\/www.organisator.ch\\\/#organization\"},\"image\":{\"@id\":\"https:\\\/\\\/www.organisator.ch\\\/management\\\/2019-09-09\\\/das-alpensymposium-2020-ist-voll-auf-kurs\\\/#primaryimage\"},\"thumbnailUrl\":\"https:\\\/\\\/www.organisator.ch\\\/wp-content\\\/uploads\\\/2019\\\/09\\\/Das-Alpensymposium-2020-ist-voll-auf-Kurs_Organisator.jpg\",\"keywords\":[\"Fachkongress\\\/Fachmesse\",\"Innovation\",\"Management und Unternehmensf\u00fchrung\",\"Veranstaltungen\"],\"articleSection\":[\"MANAGEMENT\"],\"inLanguage\":\"it-IT\"},{\"@type\":\"WebPage\",\"@id\":\"https:\\\/\\\/www.organisator.ch\\\/management\\\/2019-09-09\\\/das-alpensymposium-2020-ist-voll-auf-kurs\\\/\",\"url\":\"https:\\\/\\\/www.organisator.ch\\\/management\\\/2019-09-09\\\/das-alpensymposium-2020-ist-voll-auf-kurs\\\/\",\"name\":\"Das Alpensymposium 2020 ist voll auf Kurs - Organisator\",\"isPartOf\":{\"@id\":\"https:\\\/\\\/www.organisator.ch\\\/#website\"},\"primaryImageOfPage\":{\"@id\":\"https:\\\/\\\/www.organisator.ch\\\/management\\\/2019-09-09\\\/das-alpensymposium-2020-ist-voll-auf-kurs\\\/#primaryimage\"},\"image\":{\"@id\":\"https:\\\/\\\/www.organisator.ch\\\/management\\\/2019-09-09\\\/das-alpensymposium-2020-ist-voll-auf-kurs\\\/#primaryimage\"},\"thumbnailUrl\":\"https:\\\/\\\/www.organisator.ch\\\/wp-content\\\/uploads\\\/2019\\\/09\\\/Das-Alpensymposium-2020-ist-voll-auf-Kurs_Organisator.jpg\",\"datePublished\":\"2019-09-09T08:28:23+00:00\",\"description\":\"Eines der Highlights am Alpensymposium 2020 ist Google\u2019s Chief Innovation Evangelist Dr. Frederik G. Pferdt.\",\"breadcrumb\":{\"@id\":\"https:\\\/\\\/www.organisator.ch\\\/management\\\/2019-09-09\\\/das-alpensymposium-2020-ist-voll-auf-kurs\\\/#breadcrumb\"},\"inLanguage\":\"it-IT\",\"potentialAction\":[{\"@type\":\"ReadAction\",\"target\":[\"https:\\\/\\\/www.organisator.ch\\\/management\\\/2019-09-09\\\/das-alpensymposium-2020-ist-voll-auf-kurs\\\/\"]}]},{\"@type\":\"ImageObject\",\"inLanguage\":\"it-IT\",\"@id\":\"https:\\\/\\\/www.organisator.ch\\\/management\\\/2019-09-09\\\/das-alpensymposium-2020-ist-voll-auf-kurs\\\/#primaryimage\",\"url\":\"https:\\\/\\\/www.organisator.ch\\\/wp-content\\\/uploads\\\/2019\\\/09\\\/Das-Alpensymposium-2020-ist-voll-auf-Kurs_Organisator.jpg\",\"contentUrl\":\"https:\\\/\\\/www.organisator.ch\\\/wp-content\\\/uploads\\\/2019\\\/09\\\/Das-Alpensymposium-2020-ist-voll-auf-Kurs_Organisator.jpg\",\"width\":680,\"height\":283,\"caption\":\"Treten am Alpensymposium 2020 als Referenten auf: Dr. Frederik G. Pferdt und Carla Del Ponte. (Bild: Mediendienst Alpensymposium)\"},{\"@type\":\"BreadcrumbList\",\"@id\":\"https:\\\/\\\/www.organisator.ch\\\/management\\\/2019-09-09\\\/das-alpensymposium-2020-ist-voll-auf-kurs\\\/#breadcrumb\",\"itemListElement\":[{\"@type\":\"ListItem\",\"position\":1,\"name\":\"Home\",\"item\":\"https:\\\/\\\/www.organisator.ch\\\/\"},{\"@type\":\"ListItem\",\"position\":2,\"name\":\"Das Alpensymposium 2020 ist voll auf Kurs\"}]},{\"@type\":\"WebSite\",\"@id\":\"https:\\\/\\\/www.organisator.ch\\\/#website\",\"url\":\"https:\\\/\\\/www.organisator.ch\\\/\",\"name\":\"Organisator\",\"description\":\"Kompetent. Praxisnah. Der ORGANISATOR bereitet in 10 Ausgaben pro Jahr die wesentlichen Themen f\u00fcr F\u00fchrungskr\u00e4fte von KMU auf.\",\"publisher\":{\"@id\":\"https:\\\/\\\/www.organisator.ch\\\/#organization\"},\"potentialAction\":[{\"@type\":\"SearchAction\",\"target\":{\"@type\":\"EntryPoint\",\"urlTemplate\":\"https:\\\/\\\/www.organisator.ch\\\/?s={search_term_string}\"},\"query-input\":{\"@type\":\"PropertyValueSpecification\",\"valueRequired\":true,\"valueName\":\"search_term_string\"}}],\"inLanguage\":\"it-IT\"},{\"@type\":\"Organization\",\"@id\":\"https:\\\/\\\/www.organisator.ch\\\/#organization\",\"name\":\"Organisator\",\"url\":\"https:\\\/\\\/www.organisator.ch\\\/\",\"logo\":{\"@type\":\"ImageObject\",\"inLanguage\":\"it-IT\",\"@id\":\"https:\\\/\\\/www.organisator.ch\\\/#\\\/schema\\\/logo\\\/image\\\/\",\"url\":\"https:\\\/\\\/www.organisator.ch\\\/wp-content\\\/uploads\\\/2022\\\/01\\\/Logo_Organisator_Website.png\",\"contentUrl\":\"https:\\\/\\\/www.organisator.ch\\\/wp-content\\\/uploads\\\/2022\\\/01\\\/Logo_Organisator_Website.png\",\"width\":800,\"height\":77,\"caption\":\"Organisator\"},\"image\":{\"@id\":\"https:\\\/\\\/www.organisator.ch\\\/#\\\/schema\\\/logo\\\/image\\\/\"},\"sameAs\":[\"https:\\\/\\\/www.facebook.com\\\/OrganisatorFachmagazin\",\"https:\\\/\\\/www.linkedin.com\\\/showcase\\\/organisator-das-magazin-fr-kmu\",\"https:\\\/\\\/www.xing.com\\\/news\\\/pages\\\/organisator-ch-695\",\"https:\\\/\\\/www.youtube.com\\\/channel\\\/UCGP2Sq0iWaZwT3BdIAQFYpw\"]},{\"@type\":\"Person\",\"@id\":\"https:\\\/\\\/www.organisator.ch\\\/#\\\/schema\\\/person\\\/6f650f90b2842cd4c0cc334b4e36f67e\",\"name\":\"thomas.berner\",\"image\":{\"@type\":\"ImageObject\",\"inLanguage\":\"it-IT\",\"@id\":\"https:\\\/\\\/secure.gravatar.com\\\/avatar\\\/ac5001d2a36cb6c6cd3e50789007ffca834b477b74a2144564522e944eabff61?s=96&d=mm&r=g\",\"url\":\"https:\\\/\\\/secure.gravatar.com\\\/avatar\\\/ac5001d2a36cb6c6cd3e50789007ffca834b477b74a2144564522e944eabff61?s=96&d=mm&r=g\",\"contentUrl\":\"https:\\\/\\\/secure.gravatar.com\\\/avatar\\\/ac5001d2a36cb6c6cd3e50789007ffca834b477b74a2144564522e944eabff61?s=96&d=mm&r=g\",\"caption\":\"thomas.berner\"},\"url\":\"https:\\\/\\\/www.organisator.ch\\\/it\\\/author\\\/thomas-berner\\\/\"}]}<\/script>\n<!-- \/ Yoast SEO plugin. -->","yoast_head_json":{"title":"Il Simposio delle Alpi 2020 \u00e8 pienamente in linea con le previsioni - Organizzatore","description":"Uno dei momenti salienti dell'Alpine Symposium 2020 sar\u00e0 il Chief Innovation Evangelist di Google, Frederik G. Pferdt.","robots":{"index":"index","follow":"follow","max-snippet":"max-snippet:-1","max-image-preview":"max-image-preview:large","max-video-preview":"max-video-preview:-1"},"canonical":"https:\/\/www.organisator.ch\/it\/gestione-2\/2019-09-09\/das-alpensymposium-2020-ist-voll-auf-kurs\/","og_locale":"it_IT","og_type":"article","og_title":"Das Alpensymposium 2020 ist voll auf Kurs","og_description":"Eines der Highlights am Alpensymposium 2020 ist Google\u2019s Chief Innovation Evangelist Dr. Frederik G. Pferdt.","og_url":"https:\/\/www.organisator.ch\/it\/gestione-2\/2019-09-09\/das-alpensymposium-2020-ist-voll-auf-kurs\/","og_site_name":"Organisator","article_publisher":"https:\/\/www.facebook.com\/OrganisatorFachmagazin","article_published_time":"2019-09-09T08:28:23+00:00","og_image":[{"width":680,"height":283,"url":"https:\/\/www.organisator.ch\/wp-content\/uploads\/2019\/09\/Das-Alpensymposium-2020-ist-voll-auf-Kurs_Organisator.jpg","type":"image\/jpeg"}],"author":"thomas.berner","twitter_card":"summary_large_image","twitter_title":"Das #Alpensymposium 2020 ist voll auf Kurs","twitter_description":"Eines der Highlights am #Alpensymposium 2020 ist #Google\u2019s Chief Innovation Evangelist Dr. Frederik G. Pferdt.","twitter_image":"https:\/\/www.organisator.ch\/wp-content\/uploads\/2019\/09\/Das-Alpensymposium-2020-ist-voll-auf-Kurs_Organisator.jpg","schema":{"@context":"https:\/\/schema.org","@graph":[{"@type":"Article","@id":"https:\/\/www.organisator.ch\/management\/2019-09-09\/das-alpensymposium-2020-ist-voll-auf-kurs\/#article","isPartOf":{"@id":"https:\/\/www.organisator.ch\/management\/2019-09-09\/das-alpensymposium-2020-ist-voll-auf-kurs\/"},"author":{"name":"thomas.berner","@id":"https:\/\/www.organisator.ch\/#\/schema\/person\/6f650f90b2842cd4c0cc334b4e36f67e"},"headline":"Das Alpensymposium 2020 ist voll auf Kurs","datePublished":"2019-09-09T08:28:23+00:00","mainEntityOfPage":{"@id":"https:\/\/www.organisator.ch\/management\/2019-09-09\/das-alpensymposium-2020-ist-voll-auf-kurs\/"},"wordCount":592,"commentCount":0,"publisher":{"@id":"https:\/\/www.organisator.ch\/#organization"},"image":{"@id":"https:\/\/www.organisator.ch\/management\/2019-09-09\/das-alpensymposium-2020-ist-voll-auf-kurs\/#primaryimage"},"thumbnailUrl":"https:\/\/www.organisator.ch\/wp-content\/uploads\/2019\/09\/Das-Alpensymposium-2020-ist-voll-auf-Kurs_Organisator.jpg","keywords":["Fachkongress\/Fachmesse","Innovation","Management und Unternehmensf\u00fchrung","Veranstaltungen"],"articleSection":["MANAGEMENT"],"inLanguage":"it-IT"},{"@type":"WebPage","@id":"https:\/\/www.organisator.ch\/management\/2019-09-09\/das-alpensymposium-2020-ist-voll-auf-kurs\/","url":"https:\/\/www.organisator.ch\/management\/2019-09-09\/das-alpensymposium-2020-ist-voll-auf-kurs\/","name":"Il Simposio delle Alpi 2020 \u00e8 pienamente in linea con le previsioni - Organizzatore","isPartOf":{"@id":"https:\/\/www.organisator.ch\/#website"},"primaryImageOfPage":{"@id":"https:\/\/www.organisator.ch\/management\/2019-09-09\/das-alpensymposium-2020-ist-voll-auf-kurs\/#primaryimage"},"image":{"@id":"https:\/\/www.organisator.ch\/management\/2019-09-09\/das-alpensymposium-2020-ist-voll-auf-kurs\/#primaryimage"},"thumbnailUrl":"https:\/\/www.organisator.ch\/wp-content\/uploads\/2019\/09\/Das-Alpensymposium-2020-ist-voll-auf-Kurs_Organisator.jpg","datePublished":"2019-09-09T08:28:23+00:00","description":"Uno dei momenti salienti dell'Alpine Symposium 2020 sar\u00e0 il Chief Innovation Evangelist di Google, Frederik G. Pferdt.","breadcrumb":{"@id":"https:\/\/www.organisator.ch\/management\/2019-09-09\/das-alpensymposium-2020-ist-voll-auf-kurs\/#breadcrumb"},"inLanguage":"it-IT","potentialAction":[{"@type":"ReadAction","target":["https:\/\/www.organisator.ch\/management\/2019-09-09\/das-alpensymposium-2020-ist-voll-auf-kurs\/"]}]},{"@type":"ImageObject","inLanguage":"it-IT","@id":"https:\/\/www.organisator.ch\/management\/2019-09-09\/das-alpensymposium-2020-ist-voll-auf-kurs\/#primaryimage","url":"https:\/\/www.organisator.ch\/wp-content\/uploads\/2019\/09\/Das-Alpensymposium-2020-ist-voll-auf-Kurs_Organisator.jpg","contentUrl":"https:\/\/www.organisator.ch\/wp-content\/uploads\/2019\/09\/Das-Alpensymposium-2020-ist-voll-auf-Kurs_Organisator.jpg","width":680,"height":283,"caption":"Treten am Alpensymposium 2020 als Referenten auf: Dr. Frederik G. Pferdt und Carla Del Ponte. (Bild: Mediendienst Alpensymposium)"},{"@type":"BreadcrumbList","@id":"https:\/\/www.organisator.ch\/management\/2019-09-09\/das-alpensymposium-2020-ist-voll-auf-kurs\/#breadcrumb","itemListElement":[{"@type":"ListItem","position":1,"name":"Home","item":"https:\/\/www.organisator.ch\/"},{"@type":"ListItem","position":2,"name":"Das Alpensymposium 2020 ist voll auf Kurs"}]},{"@type":"WebSite","@id":"https:\/\/www.organisator.ch\/#website","url":"https:\/\/www.organisator.ch\/","name":"Organizzatore","description":"Competente. Pratico. In 10 numeri all'anno, ORGANISATOR presenta i temi essenziali per i manager delle PMI.","publisher":{"@id":"https:\/\/www.organisator.ch\/#organization"},"potentialAction":[{"@type":"SearchAction","target":{"@type":"EntryPoint","urlTemplate":"https:\/\/www.organisator.ch\/?s={search_term_string}"},"query-input":{"@type":"PropertyValueSpecification","valueRequired":true,"valueName":"search_term_string"}}],"inLanguage":"it-IT"},{"@type":"Organization","@id":"https:\/\/www.organisator.ch\/#organization","name":"Organizzatore","url":"https:\/\/www.organisator.ch\/","logo":{"@type":"ImageObject","inLanguage":"it-IT","@id":"https:\/\/www.organisator.ch\/#\/schema\/logo\/image\/","url":"https:\/\/www.organisator.ch\/wp-content\/uploads\/2022\/01\/Logo_Organisator_Website.png","contentUrl":"https:\/\/www.organisator.ch\/wp-content\/uploads\/2022\/01\/Logo_Organisator_Website.png","width":800,"height":77,"caption":"Organisator"},"image":{"@id":"https:\/\/www.organisator.ch\/#\/schema\/logo\/image\/"},"sameAs":["https:\/\/www.facebook.com\/OrganisatorFachmagazin","https:\/\/www.linkedin.com\/showcase\/organisator-das-magazin-fr-kmu","https:\/\/www.xing.com\/news\/pages\/organisator-ch-695","https:\/\/www.youtube.com\/channel\/UCGP2Sq0iWaZwT3BdIAQFYpw"]},{"@type":"Person","@id":"https:\/\/www.organisator.ch\/#\/schema\/person\/6f650f90b2842cd4c0cc334b4e36f67e","name":"Tommaso.berner","image":{"@type":"ImageObject","inLanguage":"it-IT","@id":"https:\/\/secure.gravatar.com\/avatar\/ac5001d2a36cb6c6cd3e50789007ffca834b477b74a2144564522e944eabff61?s=96&d=mm&r=g","url":"https:\/\/secure.gravatar.com\/avatar\/ac5001d2a36cb6c6cd3e50789007ffca834b477b74a2144564522e944eabff61?s=96&d=mm&r=g","contentUrl":"https:\/\/secure.gravatar.com\/avatar\/ac5001d2a36cb6c6cd3e50789007ffca834b477b74a2144564522e944eabff61?s=96&d=mm&r=g","caption":"thomas.berner"},"url":"https:\/\/www.organisator.ch\/it\/author\/thomas-berner\/"}]}},"_links":{"self":[{"href":"https:\/\/www.organisator.ch\/it\/wp-json\/wp\/v2\/posts\/5777","targetHints":{"allow":["GET"]}}],"collection":[{"href":"https:\/\/www.organisator.ch\/it\/wp-json\/wp\/v2\/posts"}],"about":[{"href":"https:\/\/www.organisator.ch\/it\/wp-json\/wp\/v2\/types\/post"}],"author":[{"embeddable":true,"href":"https:\/\/www.organisator.ch\/it\/wp-json\/wp\/v2\/users\/4"}],"replies":[{"embeddable":true,"href":"https:\/\/www.organisator.ch\/it\/wp-json\/wp\/v2\/comments?post=5777"}],"version-history":[{"count":0,"href":"https:\/\/www.organisator.ch\/it\/wp-json\/wp\/v2\/posts\/5777\/revisions"}],"wp:featuredmedia":[{"embeddable":true,"href":"https:\/\/www.organisator.ch\/it\/wp-json\/wp\/v2\/media\/5778"}],"wp:attachment":[{"href":"https:\/\/www.organisator.ch\/it\/wp-json\/wp\/v2\/media?parent=5777"}],"wp:term":[{"taxonomy":"category","embeddable":true,"href":"https:\/\/www.organisator.ch\/it\/wp-json\/wp\/v2\/categories?post=5777"},{"taxonomy":"post_tag","embeddable":true,"href":"https:\/\/www.organisator.ch\/it\/wp-json\/wp\/v2\/tags?post=5777"}],"curies":[{"name":"wp","href":"https:\/\/api.w.org\/{rel}","templated":true}]}}