{"id":5810,"date":"2019-09-18T09:03:28","date_gmt":"2019-09-18T07:03:28","guid":{"rendered":"https:\/\/www.organisator.ch\/?p=5810"},"modified":"2019-09-18T09:03:28","modified_gmt":"2019-09-18T07:03:28","slug":"dienstleistungen-im-spannungsfeld-zwischen-kooperation-und-wettbewerb","status":"publish","type":"post","link":"https:\/\/www.organisator.ch\/it\/management\/2019-09-18\/dienstleistungen-im-spannungsfeld-zwischen-kooperation-und-wettbewerb\/","title":{"rendered":"Servizi nell'area di tensione tra cooperazione e concorrenza"},"content":{"rendered":"<figure id=\"attachment_5811\" aria-describedby=\"caption-attachment-5811\" style=\"width: 680px\" class=\"wp-caption alignnone\"><img loading=\"lazy\" decoding=\"async\" class=\"size-medium wp-image-5811\" src=\"https:\/\/www.organisator.ch\/wp-content\/uploads\/2019\/09\/Dienstleistungen-im-Spannungsfeld-zwischen-Kooperation-und-Wettbewerb_Organisator.jpg\" alt=\"\" width=\"680\" height=\"353\" srcset=\"https:\/\/www.organisator.ch\/wp-content\/uploads\/2019\/09\/Dienstleistungen-im-Spannungsfeld-zwischen-Kooperation-und-Wettbewerb_Organisator.jpg 680w, https:\/\/www.organisator.ch\/wp-content\/uploads\/2019\/09\/Dienstleistungen-im-Spannungsfeld-zwischen-Kooperation-und-Wettbewerb_Organisator-16x8.jpg 16w, https:\/\/www.organisator.ch\/wp-content\/uploads\/2019\/09\/Dienstleistungen-im-Spannungsfeld-zwischen-Kooperation-und-Wettbewerb_Organisator-337x175.jpg 337w, https:\/\/www.organisator.ch\/wp-content\/uploads\/2019\/09\/Dienstleistungen-im-Spannungsfeld-zwischen-Kooperation-und-Wettbewerb_Organisator-674x350.jpg 674w, https:\/\/www.organisator.ch\/wp-content\/uploads\/2019\/09\/Dienstleistungen-im-Spannungsfeld-zwischen-Kooperation-und-Wettbewerb_Organisator-300x156.jpg 300w\" sizes=\"auto, (max-width: 680px) 100vw, 680px\" \/><figcaption id=\"caption-attachment-5811\" class=\"wp-caption-text\">Punto di discussione cooperazione e competizione: Mareike Ahlers e i relatori sul podio. (Immagine: Forum DLM)<\/figcaption><\/figure>\n<p>Il quarto Service Management Forum sul tema della coopetizione dei servizi si \u00e8 svolto a Basilea il 13 settembre 2019. Presentazioni pratiche e una tavola rotonda hanno offerto ai partecipanti possibili soluzioni e impulsi innovativi per sfruttare il potenziale dei modelli aziendali cooperativi. Daniel Ebneter (CEO, Karger Publishers), Jan Exner (Manager Consulting, Adobe), Simon Br\u00f6samle (Chief Business Development Officer, SHARE NOW), Sascha Breite (Chief Marketing Officer, Swiss Bankers) e i professori Manfred Bruhn (Universit\u00e0 di Basilea) e Karsten Hadwich (Universit\u00e0 di Hohenheim) hanno fornito le best practice e il materiale di discussione.<\/p>\n<h2>Cooperazione e competizione: trovare la linea ideale<\/h2>\n<p>Gli interessanti contributi dei relatori hanno chiarito soprattutto una cosa: anche se si proviene da settori diversi, le sfide per lo sviluppo di modelli di business cooperativi sono simili. La globalizzazione e la digitalizzazione, l'aumento della complessit\u00e0 e l'offuscamento dei confini del settore richiedono alle aziende agilit\u00e0 nella ricerca di strategie e nella selezione dei partner strategici. Questo crea anche nuove opportunit\u00e0 di posizionamento, espansione internazionale e innovazione di prodotto.<\/p>\n<p>\"Il progresso tecnologico apre nuovi potenziali di cooperazione e amplia lo spettro delle possibilit\u00e0 strategiche per le aziende. I modelli di business in coopetizione con i concorrenti sono sempre pi\u00f9 un'opzione seria per aumentare il proprio potere di mercato e generare una crescita del mercato\", ha affermato l'iniziatore del Forum DLM, il professor Manfred Bruhn, nella sua conferenza introduttiva.<\/p>\n<h2>Ecosistemi basati sui servizi<\/h2>\n<p>Nella sua presentazione, Daniel Ebneter ha illustrato come i cosiddetti \"ecosistemi basati sui servizi\" si siano sviluppati nell'industria editoriale e come Karger Verlag stia esplorando nuove possibilit\u00e0 di cooperazione in questo contesto. L'attenzione si \u00e8 concentrata soprattutto sulla questione di come le piccole e medie case editrici possano resistere in un ambiente caratterizzato dalla digitalizzazione. La crescente importanza di organizzare i dati dei clienti con l'aiuto di piattaforme di gestione dei dati e quindi di controllare le spese di marketing in modo pi\u00f9 efficiente \u00e8 stata al centro della presentazione di Jan Exner di Adobe.<\/p>\n<p>Nella sua presentazione, Simon Br\u00f6samle ha illustrato come due concorrenti di lunga data come Daimler e BMW possano riuscire a creare una joint venture orientata al futuro nel settore della mobilit\u00e0. Il presupposto fondamentale \u00e8 soprattutto lo sviluppo di una cultura aziendale comune e la volont\u00e0 di abbandonare costantemente i vecchi schemi di pensiero. \"Una base comune di fiducia e trasparenza \u00e8 indispensabile nei partenariati di coopetizione\", ha sottolineato Sascha Breite, CMO di Swiss Bankers, nel suo contributo. Inoltre, anche la disponibilit\u00e0 a concedere tempo per le correzioni di rotta gioca un ruolo importante nel settore dei pagamenti.<\/p>\n<h2>Valore aggiunto dei modelli di business in coopetizione<\/h2>\n<p>Nella tavola rotonda conclusiva, moderata dalla dott.ssa Mareike Ahlers, amministratore delegato della Prof. Bruhn &amp; Partner AG, \u00e8 emerso ancora una volta chiaramente che, nonostante le sfide per i processi interni e la cultura aziendale, i modelli di business in coopetizione offrono soprattutto l'opportunit\u00e0 di rispondere alle nuove esigenze del mercato e di sviluppare prodotti innovativi con un reale valore aggiunto per i clienti. Una gestione efficace del cambiamento, un buon posizionamento del marchio e, non da ultimo, la volont\u00e0 dell'intera organizzazione di contribuire al processo di trasformazione sono fattori chiave di successo.<\/p>\n<p>Il DLM Forum \u00e8 stato avviato dalla societ\u00e0 di consulenza di marketing e strategia Prof. Bruhn &amp; Partner AG, dal MAS Marketing Management dell'Universit\u00e0 di Basilea e dai due professori Manfred Bruhn (Universit\u00e0 di Basilea) e Karsten Hadwich (Universit\u00e0 di Hohenheim) per promuovere in modo specifico lo scambio tra scienza e pratica.<\/p>\n<p><em>Informazioni: <a href=\"http:\/\/www.forum-dlm.ch\">Forum DLM<\/a><\/em><\/p>","protected":false},"excerpt":{"rendered":"<p>Am 13. September 2019 fand in Basel zum vierten Mal das Forum Dienstleistungsmanagement zum Thema Service Coopetition statt. Praxisvortr\u00e4ge und eine Podiumsdiskussion boten den Teilnehmern m\u00f6gliche L\u00f6sungsans\u00e4tze und innovative Impulse, um die Potenziale von kooperativen Gesch\u00e4ftsmodellen f\u00fcr sich zu erschliessen. Die Best Practices und den Diskussionsstoff daf\u00fcr lieferten Daniel Ebneter (CEO, Karger Publishers), Jan Exner [&hellip;]<\/p>\n","protected":false},"author":4,"featured_media":5811,"comment_status":"closed","ping_status":"closed","sticky":false,"template":"","format":"standard","meta":{"_acf_changed":false,"_yoast_wpseo_focuskw":"Kooperation und Wettbewerb","_yoast_wpseo_metadesc":"Im Fokus des Forums Dienstleistungsmanagement stand in diesem Jahr das Thema Service Coopetition, also Kooperation und Wettbewerb.","articlekey":"","footnotes":""},"categories":[28],"tags":[150,193,335,432,533],"class_list":["post-5810","post","type-post","status-publish","format-standard","has-post-thumbnail","hentry","category-management","tag-dienstleistungen","tag-fachkongressfachmesse","tag-management-und-unternehmensfuehrung","tag-service-excellence","tag-wissenschaft"],"acf":[],"yoast_head":"<!-- This site is optimized with the Yoast SEO plugin v27.4 - https:\/\/yoast.com\/product\/yoast-seo-wordpress\/ -->\n<title>Dienstleistungen im Spannungsfeld zwischen Kooperation und Wettbewerb - Organisator<\/title>\n<meta name=\"description\" content=\"Im Fokus des Forums Dienstleistungsmanagement stand in diesem Jahr das Thema Service Coopetition, also Kooperation und Wettbewerb.\" \/>\n<meta name=\"robots\" content=\"index, follow, max-snippet:-1, max-image-preview:large, max-video-preview:-1\" \/>\n<link rel=\"canonical\" href=\"https:\/\/www.organisator.ch\/it\/gestione-2\/2019-09-18\/dienstleistungen-im-spannungsfeld-zwischen-kooperation-und-wettbewerb\/\" \/>\n<meta property=\"og:locale\" content=\"it_IT\" \/>\n<meta property=\"og:type\" content=\"article\" \/>\n<meta property=\"og:title\" content=\"Dienstleistungen im Spannungsfeld zwischen Kooperation und Wettbewerb\" \/>\n<meta property=\"og:description\" content=\"Im Fokus des Forums Dienstleistungsmanagement stand in diesem Jahr das Thema Service Coopetition, also Kooperation und Wettbewerb.\" \/>\n<meta property=\"og:url\" content=\"https:\/\/www.organisator.ch\/it\/gestione-2\/2019-09-18\/dienstleistungen-im-spannungsfeld-zwischen-kooperation-und-wettbewerb\/\" \/>\n<meta property=\"og:site_name\" content=\"Organisator\" \/>\n<meta property=\"article:publisher\" content=\"https:\/\/www.facebook.com\/OrganisatorFachmagazin\" \/>\n<meta property=\"article:published_time\" content=\"2019-09-18T07:03:28+00:00\" \/>\n<meta property=\"og:image\" content=\"https:\/\/www.organisator.ch\/wp-content\/uploads\/2019\/09\/Dienstleistungen-im-Spannungsfeld-zwischen-Kooperation-und-Wettbewerb_Organisator.jpg\" \/>\n\t<meta property=\"og:image:width\" content=\"680\" \/>\n\t<meta property=\"og:image:height\" content=\"353\" \/>\n\t<meta property=\"og:image:type\" content=\"image\/jpeg\" \/>\n<meta name=\"author\" content=\"thomas.berner\" \/>\n<meta name=\"twitter:card\" content=\"summary_large_image\" \/>\n<meta name=\"twitter:title\" content=\"#Dienstleistungen im Spannungsfeld zwischen #Kooperation und #Wettbewerb\" \/>\n<meta name=\"twitter:description\" content=\"Im Fokus des Forums #Dienstleistungsmanagement stand in diesem Jahr das Thema Service #Coopetition, also Kooperation und Wettbewerb.\" \/>\n<meta name=\"twitter:image\" content=\"https:\/\/www.organisator.ch\/wp-content\/uploads\/2019\/09\/Dienstleistungen-im-Spannungsfeld-zwischen-Kooperation-und-Wettbewerb_Organisator.jpg\" \/>\n<script type=\"application\/ld+json\" class=\"yoast-schema-graph\">{\"@context\":\"https:\\\/\\\/schema.org\",\"@graph\":[{\"@type\":\"Article\",\"@id\":\"https:\\\/\\\/www.organisator.ch\\\/management\\\/2019-09-18\\\/dienstleistungen-im-spannungsfeld-zwischen-kooperation-und-wettbewerb\\\/#article\",\"isPartOf\":{\"@id\":\"https:\\\/\\\/www.organisator.ch\\\/management\\\/2019-09-18\\\/dienstleistungen-im-spannungsfeld-zwischen-kooperation-und-wettbewerb\\\/\"},\"author\":{\"name\":\"thomas.berner\",\"@id\":\"https:\\\/\\\/www.organisator.ch\\\/#\\\/schema\\\/person\\\/6f650f90b2842cd4c0cc334b4e36f67e\"},\"headline\":\"Dienstleistungen im Spannungsfeld zwischen Kooperation und Wettbewerb\",\"datePublished\":\"2019-09-18T07:03:28+00:00\",\"mainEntityOfPage\":{\"@id\":\"https:\\\/\\\/www.organisator.ch\\\/management\\\/2019-09-18\\\/dienstleistungen-im-spannungsfeld-zwischen-kooperation-und-wettbewerb\\\/\"},\"wordCount\":552,\"publisher\":{\"@id\":\"https:\\\/\\\/www.organisator.ch\\\/#organization\"},\"image\":{\"@id\":\"https:\\\/\\\/www.organisator.ch\\\/management\\\/2019-09-18\\\/dienstleistungen-im-spannungsfeld-zwischen-kooperation-und-wettbewerb\\\/#primaryimage\"},\"thumbnailUrl\":\"https:\\\/\\\/www.organisator.ch\\\/wp-content\\\/uploads\\\/2019\\\/09\\\/Dienstleistungen-im-Spannungsfeld-zwischen-Kooperation-und-Wettbewerb_Organisator.jpg\",\"keywords\":[\"Dienstleistungen\",\"Fachkongress\\\/Fachmesse\",\"Management und Unternehmensf\u00fchrung\",\"Service Excellence\",\"Wissenschaft\"],\"articleSection\":[\"MANAGEMENT\"],\"inLanguage\":\"it-IT\"},{\"@type\":\"WebPage\",\"@id\":\"https:\\\/\\\/www.organisator.ch\\\/management\\\/2019-09-18\\\/dienstleistungen-im-spannungsfeld-zwischen-kooperation-und-wettbewerb\\\/\",\"url\":\"https:\\\/\\\/www.organisator.ch\\\/management\\\/2019-09-18\\\/dienstleistungen-im-spannungsfeld-zwischen-kooperation-und-wettbewerb\\\/\",\"name\":\"Dienstleistungen im Spannungsfeld zwischen Kooperation und Wettbewerb - Organisator\",\"isPartOf\":{\"@id\":\"https:\\\/\\\/www.organisator.ch\\\/#website\"},\"primaryImageOfPage\":{\"@id\":\"https:\\\/\\\/www.organisator.ch\\\/management\\\/2019-09-18\\\/dienstleistungen-im-spannungsfeld-zwischen-kooperation-und-wettbewerb\\\/#primaryimage\"},\"image\":{\"@id\":\"https:\\\/\\\/www.organisator.ch\\\/management\\\/2019-09-18\\\/dienstleistungen-im-spannungsfeld-zwischen-kooperation-und-wettbewerb\\\/#primaryimage\"},\"thumbnailUrl\":\"https:\\\/\\\/www.organisator.ch\\\/wp-content\\\/uploads\\\/2019\\\/09\\\/Dienstleistungen-im-Spannungsfeld-zwischen-Kooperation-und-Wettbewerb_Organisator.jpg\",\"datePublished\":\"2019-09-18T07:03:28+00:00\",\"description\":\"Im Fokus des Forums Dienstleistungsmanagement stand in diesem Jahr das Thema Service Coopetition, also Kooperation und Wettbewerb.\",\"breadcrumb\":{\"@id\":\"https:\\\/\\\/www.organisator.ch\\\/management\\\/2019-09-18\\\/dienstleistungen-im-spannungsfeld-zwischen-kooperation-und-wettbewerb\\\/#breadcrumb\"},\"inLanguage\":\"it-IT\",\"potentialAction\":[{\"@type\":\"ReadAction\",\"target\":[\"https:\\\/\\\/www.organisator.ch\\\/management\\\/2019-09-18\\\/dienstleistungen-im-spannungsfeld-zwischen-kooperation-und-wettbewerb\\\/\"]}]},{\"@type\":\"ImageObject\",\"inLanguage\":\"it-IT\",\"@id\":\"https:\\\/\\\/www.organisator.ch\\\/management\\\/2019-09-18\\\/dienstleistungen-im-spannungsfeld-zwischen-kooperation-und-wettbewerb\\\/#primaryimage\",\"url\":\"https:\\\/\\\/www.organisator.ch\\\/wp-content\\\/uploads\\\/2019\\\/09\\\/Dienstleistungen-im-Spannungsfeld-zwischen-Kooperation-und-Wettbewerb_Organisator.jpg\",\"contentUrl\":\"https:\\\/\\\/www.organisator.ch\\\/wp-content\\\/uploads\\\/2019\\\/09\\\/Dienstleistungen-im-Spannungsfeld-zwischen-Kooperation-und-Wettbewerb_Organisator.jpg\",\"width\":680,\"height\":353,\"caption\":\"Diskussionspunkt Kooperation und Wettbewerb: Mareike Ahlers und Referenten auf dem Podium. (Bild: Forum DLM)\"},{\"@type\":\"BreadcrumbList\",\"@id\":\"https:\\\/\\\/www.organisator.ch\\\/management\\\/2019-09-18\\\/dienstleistungen-im-spannungsfeld-zwischen-kooperation-und-wettbewerb\\\/#breadcrumb\",\"itemListElement\":[{\"@type\":\"ListItem\",\"position\":1,\"name\":\"Home\",\"item\":\"https:\\\/\\\/www.organisator.ch\\\/\"},{\"@type\":\"ListItem\",\"position\":2,\"name\":\"Dienstleistungen im Spannungsfeld zwischen Kooperation und Wettbewerb\"}]},{\"@type\":\"WebSite\",\"@id\":\"https:\\\/\\\/www.organisator.ch\\\/#website\",\"url\":\"https:\\\/\\\/www.organisator.ch\\\/\",\"name\":\"Organisator\",\"description\":\"Kompetent. Praxisnah. Der ORGANISATOR bereitet in 10 Ausgaben pro Jahr die wesentlichen Themen f\u00fcr F\u00fchrungskr\u00e4fte von KMU auf.\",\"publisher\":{\"@id\":\"https:\\\/\\\/www.organisator.ch\\\/#organization\"},\"potentialAction\":[{\"@type\":\"SearchAction\",\"target\":{\"@type\":\"EntryPoint\",\"urlTemplate\":\"https:\\\/\\\/www.organisator.ch\\\/?s={search_term_string}\"},\"query-input\":{\"@type\":\"PropertyValueSpecification\",\"valueRequired\":true,\"valueName\":\"search_term_string\"}}],\"inLanguage\":\"it-IT\"},{\"@type\":\"Organization\",\"@id\":\"https:\\\/\\\/www.organisator.ch\\\/#organization\",\"name\":\"Organisator\",\"url\":\"https:\\\/\\\/www.organisator.ch\\\/\",\"logo\":{\"@type\":\"ImageObject\",\"inLanguage\":\"it-IT\",\"@id\":\"https:\\\/\\\/www.organisator.ch\\\/#\\\/schema\\\/logo\\\/image\\\/\",\"url\":\"https:\\\/\\\/www.organisator.ch\\\/wp-content\\\/uploads\\\/2022\\\/01\\\/Logo_Organisator_Website.png\",\"contentUrl\":\"https:\\\/\\\/www.organisator.ch\\\/wp-content\\\/uploads\\\/2022\\\/01\\\/Logo_Organisator_Website.png\",\"width\":800,\"height\":77,\"caption\":\"Organisator\"},\"image\":{\"@id\":\"https:\\\/\\\/www.organisator.ch\\\/#\\\/schema\\\/logo\\\/image\\\/\"},\"sameAs\":[\"https:\\\/\\\/www.facebook.com\\\/OrganisatorFachmagazin\",\"https:\\\/\\\/www.linkedin.com\\\/showcase\\\/organisator-das-magazin-fr-kmu\",\"https:\\\/\\\/www.xing.com\\\/news\\\/pages\\\/organisator-ch-695\",\"https:\\\/\\\/www.youtube.com\\\/channel\\\/UCGP2Sq0iWaZwT3BdIAQFYpw\"]},{\"@type\":\"Person\",\"@id\":\"https:\\\/\\\/www.organisator.ch\\\/#\\\/schema\\\/person\\\/6f650f90b2842cd4c0cc334b4e36f67e\",\"name\":\"thomas.berner\",\"image\":{\"@type\":\"ImageObject\",\"inLanguage\":\"it-IT\",\"@id\":\"https:\\\/\\\/secure.gravatar.com\\\/avatar\\\/ac5001d2a36cb6c6cd3e50789007ffca834b477b74a2144564522e944eabff61?s=96&d=mm&r=g\",\"url\":\"https:\\\/\\\/secure.gravatar.com\\\/avatar\\\/ac5001d2a36cb6c6cd3e50789007ffca834b477b74a2144564522e944eabff61?s=96&d=mm&r=g\",\"contentUrl\":\"https:\\\/\\\/secure.gravatar.com\\\/avatar\\\/ac5001d2a36cb6c6cd3e50789007ffca834b477b74a2144564522e944eabff61?s=96&d=mm&r=g\",\"caption\":\"thomas.berner\"},\"url\":\"https:\\\/\\\/www.organisator.ch\\\/it\\\/author\\\/thomas-berner\\\/\"}]}<\/script>\n<!-- \/ Yoast SEO plugin. -->","yoast_head_json":{"title":"Servizi nell'area di tensione tra cooperazione e competizione - Organizzatore","description":"Quest'anno il Service Management Forum si \u00e8 concentrato sul tema della coopetizione dei servizi, ovvero della cooperazione e della concorrenza.","robots":{"index":"index","follow":"follow","max-snippet":"max-snippet:-1","max-image-preview":"max-image-preview:large","max-video-preview":"max-video-preview:-1"},"canonical":"https:\/\/www.organisator.ch\/it\/gestione-2\/2019-09-18\/dienstleistungen-im-spannungsfeld-zwischen-kooperation-und-wettbewerb\/","og_locale":"it_IT","og_type":"article","og_title":"Dienstleistungen im Spannungsfeld zwischen Kooperation und Wettbewerb","og_description":"Im Fokus des Forums Dienstleistungsmanagement stand in diesem Jahr das Thema Service Coopetition, also Kooperation und Wettbewerb.","og_url":"https:\/\/www.organisator.ch\/it\/gestione-2\/2019-09-18\/dienstleistungen-im-spannungsfeld-zwischen-kooperation-und-wettbewerb\/","og_site_name":"Organisator","article_publisher":"https:\/\/www.facebook.com\/OrganisatorFachmagazin","article_published_time":"2019-09-18T07:03:28+00:00","og_image":[{"width":680,"height":353,"url":"https:\/\/www.organisator.ch\/wp-content\/uploads\/2019\/09\/Dienstleistungen-im-Spannungsfeld-zwischen-Kooperation-und-Wettbewerb_Organisator.jpg","type":"image\/jpeg"}],"author":"thomas.berner","twitter_card":"summary_large_image","twitter_title":"#Dienstleistungen im Spannungsfeld zwischen #Kooperation und #Wettbewerb","twitter_description":"Im Fokus des Forums #Dienstleistungsmanagement stand in diesem Jahr das Thema Service #Coopetition, also Kooperation und Wettbewerb.","twitter_image":"https:\/\/www.organisator.ch\/wp-content\/uploads\/2019\/09\/Dienstleistungen-im-Spannungsfeld-zwischen-Kooperation-und-Wettbewerb_Organisator.jpg","schema":{"@context":"https:\/\/schema.org","@graph":[{"@type":"Article","@id":"https:\/\/www.organisator.ch\/management\/2019-09-18\/dienstleistungen-im-spannungsfeld-zwischen-kooperation-und-wettbewerb\/#article","isPartOf":{"@id":"https:\/\/www.organisator.ch\/management\/2019-09-18\/dienstleistungen-im-spannungsfeld-zwischen-kooperation-und-wettbewerb\/"},"author":{"name":"thomas.berner","@id":"https:\/\/www.organisator.ch\/#\/schema\/person\/6f650f90b2842cd4c0cc334b4e36f67e"},"headline":"Dienstleistungen im Spannungsfeld zwischen Kooperation und Wettbewerb","datePublished":"2019-09-18T07:03:28+00:00","mainEntityOfPage":{"@id":"https:\/\/www.organisator.ch\/management\/2019-09-18\/dienstleistungen-im-spannungsfeld-zwischen-kooperation-und-wettbewerb\/"},"wordCount":552,"publisher":{"@id":"https:\/\/www.organisator.ch\/#organization"},"image":{"@id":"https:\/\/www.organisator.ch\/management\/2019-09-18\/dienstleistungen-im-spannungsfeld-zwischen-kooperation-und-wettbewerb\/#primaryimage"},"thumbnailUrl":"https:\/\/www.organisator.ch\/wp-content\/uploads\/2019\/09\/Dienstleistungen-im-Spannungsfeld-zwischen-Kooperation-und-Wettbewerb_Organisator.jpg","keywords":["Dienstleistungen","Fachkongress\/Fachmesse","Management und Unternehmensf\u00fchrung","Service Excellence","Wissenschaft"],"articleSection":["MANAGEMENT"],"inLanguage":"it-IT"},{"@type":"WebPage","@id":"https:\/\/www.organisator.ch\/management\/2019-09-18\/dienstleistungen-im-spannungsfeld-zwischen-kooperation-und-wettbewerb\/","url":"https:\/\/www.organisator.ch\/management\/2019-09-18\/dienstleistungen-im-spannungsfeld-zwischen-kooperation-und-wettbewerb\/","name":"Servizi nell'area di tensione tra cooperazione e competizione - Organizzatore","isPartOf":{"@id":"https:\/\/www.organisator.ch\/#website"},"primaryImageOfPage":{"@id":"https:\/\/www.organisator.ch\/management\/2019-09-18\/dienstleistungen-im-spannungsfeld-zwischen-kooperation-und-wettbewerb\/#primaryimage"},"image":{"@id":"https:\/\/www.organisator.ch\/management\/2019-09-18\/dienstleistungen-im-spannungsfeld-zwischen-kooperation-und-wettbewerb\/#primaryimage"},"thumbnailUrl":"https:\/\/www.organisator.ch\/wp-content\/uploads\/2019\/09\/Dienstleistungen-im-Spannungsfeld-zwischen-Kooperation-und-Wettbewerb_Organisator.jpg","datePublished":"2019-09-18T07:03:28+00:00","description":"Quest'anno il Service Management Forum si \u00e8 concentrato sul tema della coopetizione dei servizi, ovvero della cooperazione e della concorrenza.","breadcrumb":{"@id":"https:\/\/www.organisator.ch\/management\/2019-09-18\/dienstleistungen-im-spannungsfeld-zwischen-kooperation-und-wettbewerb\/#breadcrumb"},"inLanguage":"it-IT","potentialAction":[{"@type":"ReadAction","target":["https:\/\/www.organisator.ch\/management\/2019-09-18\/dienstleistungen-im-spannungsfeld-zwischen-kooperation-und-wettbewerb\/"]}]},{"@type":"ImageObject","inLanguage":"it-IT","@id":"https:\/\/www.organisator.ch\/management\/2019-09-18\/dienstleistungen-im-spannungsfeld-zwischen-kooperation-und-wettbewerb\/#primaryimage","url":"https:\/\/www.organisator.ch\/wp-content\/uploads\/2019\/09\/Dienstleistungen-im-Spannungsfeld-zwischen-Kooperation-und-Wettbewerb_Organisator.jpg","contentUrl":"https:\/\/www.organisator.ch\/wp-content\/uploads\/2019\/09\/Dienstleistungen-im-Spannungsfeld-zwischen-Kooperation-und-Wettbewerb_Organisator.jpg","width":680,"height":353,"caption":"Diskussionspunkt Kooperation und Wettbewerb: Mareike Ahlers und Referenten auf dem Podium. (Bild: Forum DLM)"},{"@type":"BreadcrumbList","@id":"https:\/\/www.organisator.ch\/management\/2019-09-18\/dienstleistungen-im-spannungsfeld-zwischen-kooperation-und-wettbewerb\/#breadcrumb","itemListElement":[{"@type":"ListItem","position":1,"name":"Home","item":"https:\/\/www.organisator.ch\/"},{"@type":"ListItem","position":2,"name":"Dienstleistungen im Spannungsfeld zwischen Kooperation und Wettbewerb"}]},{"@type":"WebSite","@id":"https:\/\/www.organisator.ch\/#website","url":"https:\/\/www.organisator.ch\/","name":"Organizzatore","description":"Competente. Pratico. In 10 numeri all'anno, ORGANISATOR presenta i temi essenziali per i manager delle PMI.","publisher":{"@id":"https:\/\/www.organisator.ch\/#organization"},"potentialAction":[{"@type":"SearchAction","target":{"@type":"EntryPoint","urlTemplate":"https:\/\/www.organisator.ch\/?s={search_term_string}"},"query-input":{"@type":"PropertyValueSpecification","valueRequired":true,"valueName":"search_term_string"}}],"inLanguage":"it-IT"},{"@type":"Organization","@id":"https:\/\/www.organisator.ch\/#organization","name":"Organizzatore","url":"https:\/\/www.organisator.ch\/","logo":{"@type":"ImageObject","inLanguage":"it-IT","@id":"https:\/\/www.organisator.ch\/#\/schema\/logo\/image\/","url":"https:\/\/www.organisator.ch\/wp-content\/uploads\/2022\/01\/Logo_Organisator_Website.png","contentUrl":"https:\/\/www.organisator.ch\/wp-content\/uploads\/2022\/01\/Logo_Organisator_Website.png","width":800,"height":77,"caption":"Organisator"},"image":{"@id":"https:\/\/www.organisator.ch\/#\/schema\/logo\/image\/"},"sameAs":["https:\/\/www.facebook.com\/OrganisatorFachmagazin","https:\/\/www.linkedin.com\/showcase\/organisator-das-magazin-fr-kmu","https:\/\/www.xing.com\/news\/pages\/organisator-ch-695","https:\/\/www.youtube.com\/channel\/UCGP2Sq0iWaZwT3BdIAQFYpw"]},{"@type":"Person","@id":"https:\/\/www.organisator.ch\/#\/schema\/person\/6f650f90b2842cd4c0cc334b4e36f67e","name":"Tommaso.berner","image":{"@type":"ImageObject","inLanguage":"it-IT","@id":"https:\/\/secure.gravatar.com\/avatar\/ac5001d2a36cb6c6cd3e50789007ffca834b477b74a2144564522e944eabff61?s=96&d=mm&r=g","url":"https:\/\/secure.gravatar.com\/avatar\/ac5001d2a36cb6c6cd3e50789007ffca834b477b74a2144564522e944eabff61?s=96&d=mm&r=g","contentUrl":"https:\/\/secure.gravatar.com\/avatar\/ac5001d2a36cb6c6cd3e50789007ffca834b477b74a2144564522e944eabff61?s=96&d=mm&r=g","caption":"thomas.berner"},"url":"https:\/\/www.organisator.ch\/it\/author\/thomas-berner\/"}]}},"_links":{"self":[{"href":"https:\/\/www.organisator.ch\/it\/wp-json\/wp\/v2\/posts\/5810","targetHints":{"allow":["GET"]}}],"collection":[{"href":"https:\/\/www.organisator.ch\/it\/wp-json\/wp\/v2\/posts"}],"about":[{"href":"https:\/\/www.organisator.ch\/it\/wp-json\/wp\/v2\/types\/post"}],"author":[{"embeddable":true,"href":"https:\/\/www.organisator.ch\/it\/wp-json\/wp\/v2\/users\/4"}],"replies":[{"embeddable":true,"href":"https:\/\/www.organisator.ch\/it\/wp-json\/wp\/v2\/comments?post=5810"}],"version-history":[{"count":0,"href":"https:\/\/www.organisator.ch\/it\/wp-json\/wp\/v2\/posts\/5810\/revisions"}],"wp:featuredmedia":[{"embeddable":true,"href":"https:\/\/www.organisator.ch\/it\/wp-json\/wp\/v2\/media\/5811"}],"wp:attachment":[{"href":"https:\/\/www.organisator.ch\/it\/wp-json\/wp\/v2\/media?parent=5810"}],"wp:term":[{"taxonomy":"category","embeddable":true,"href":"https:\/\/www.organisator.ch\/it\/wp-json\/wp\/v2\/categories?post=5810"},{"taxonomy":"post_tag","embeddable":true,"href":"https:\/\/www.organisator.ch\/it\/wp-json\/wp\/v2\/tags?post=5810"}],"curies":[{"name":"wp","href":"https:\/\/api.w.org\/{rel}","templated":true}]}}