{"id":5816,"date":"2019-09-18T16:43:45","date_gmt":"2019-09-18T14:43:45","guid":{"rendered":"https:\/\/www.organisator.ch\/?p=5816"},"modified":"2019-09-18T16:43:45","modified_gmt":"2019-09-18T14:43:45","slug":"spannende-impulse-von-hofnarren-und-aus-der-hoehle-des-loewen","status":"publish","type":"post","link":"https:\/\/www.organisator.ch\/it\/management\/2019-09-18\/spannende-impulse-von-hofnarren-und-aus-der-hoehle-des-loewen\/","title":{"rendered":"Impulsi eccitanti dai giullari di corte e dalla tana del leone"},"content":{"rendered":"<figure id=\"attachment_5817\" aria-describedby=\"caption-attachment-5817\" style=\"width: 667px\" class=\"wp-caption alignnone\"><img loading=\"lazy\" decoding=\"async\" class=\"size-medium wp-image-5817\" src=\"https:\/\/www.organisator.ch\/wp-content\/uploads\/2019\/09\/Spannende-Impulse-von-Hofnarren-und-aus-der-Hoehle-des-Loewen_Organisator-667x1000.jpg\" alt=\"\" width=\"667\" height=\"1000\" srcset=\"https:\/\/www.organisator.ch\/wp-content\/uploads\/2019\/09\/Spannende-Impulse-von-Hofnarren-und-aus-der-Hoehle-des-Loewen_Organisator-667x1000.jpg 667w, https:\/\/www.organisator.ch\/wp-content\/uploads\/2019\/09\/Spannende-Impulse-von-Hofnarren-und-aus-der-Hoehle-des-Loewen_Organisator-8x12.jpg 8w, https:\/\/www.organisator.ch\/wp-content\/uploads\/2019\/09\/Spannende-Impulse-von-Hofnarren-und-aus-der-Hoehle-des-Loewen_Organisator-117x175.jpg 117w, https:\/\/www.organisator.ch\/wp-content\/uploads\/2019\/09\/Spannende-Impulse-von-Hofnarren-und-aus-der-Hoehle-des-Loewen_Organisator-233x350.jpg 233w, https:\/\/www.organisator.ch\/wp-content\/uploads\/2019\/09\/Spannende-Impulse-von-Hofnarren-und-aus-der-Hoehle-des-Loewen_Organisator-533x800.jpg 533w, https:\/\/www.organisator.ch\/wp-content\/uploads\/2019\/09\/Spannende-Impulse-von-Hofnarren-und-aus-der-Hoehle-des-Loewen_Organisator-300x450.jpg 300w, https:\/\/www.organisator.ch\/wp-content\/uploads\/2019\/09\/Spannende-Impulse-von-Hofnarren-und-aus-der-Hoehle-des-Loewen_Organisator.jpg 680w\" sizes=\"auto, (max-width: 667px) 100vw, 667px\" \/><figcaption id=\"caption-attachment-5817\" class=\"wp-caption-text\">Dalla \"tana del leone\": L'imprenditore di Fricktal Roland Brack \u00e8 considerato un oratore di spicco al business forum \"ErfolgsSignale\" del 17 ottobre. (Immagine: zVg)<\/figcaption><\/figure>\n<p>C'era una volta... Il business forum \"ErfolgsSignale\" a Rheinfelden presenta storie di imprenditori che scrivono una storia aziendale di successo con idee speciali, innovazioni e sfide. \"Le storie non sono solo eccitanti, ma anche istruttive, ispiratrici e motivanti. Questo \u00e8 esattamente quello che vogliamo ottenere con il nostro business forum\", dice l'iniziatore e fondatore Fabrice M\u00fcller, che organizza il business forum insieme a Mich\u00e8le D\u00fcrrenberger. Ecco perch\u00e9 i due organizzatori tengono d'occhio durante l'anno gli oratori interessanti, per conquistarli per un'apparizione al Forum economico di Rheinfelden.<\/p>\n<h2><strong>Roland Brack dalla \"Tana del Leone<\/strong><\/h2>\n<p>Al business forum di quest'anno \"ErfolgsSignale\", per esempio, l'imprenditore di Fricktal Roland Brack potrebbe essere vinto come relatore. Fondata nel 1994 come ditta individuale da Roland Brack, l'azienda si \u00e8 sviluppata rapidamente negli anni seguenti. BRACK.CH ha fatto affidamento su Internet e sul commercio elettronico in una fase iniziale. Oggi, BRACK.CH AG, che fa parte del gruppo di aziende Competec, genera la maggior parte delle sue vendite attraverso il suo negozio online BRACK.CH. Roland Brack, conosciuto tra l'altro dal programma televisivo \"H\u00f6hle des L\u00f6wen\" (Lion's Den), mostrer\u00e0 il percorso del suo successo al business forum e parler\u00e0 delle sue innovazioni e sfide come imprenditore.<\/p>\n<h2><strong>Successo con robusti mobili da giardino<\/strong><\/h2>\n<p>Un altro oratore \u00e8 stato Martin Schaffner, amministratore delegato di seconda generazione della Schaffner AG di M\u00fcllheim. Fondata 60 anni fa, l'azienda si \u00e8 fatta un nome con i suoi robusti mobili da giardino in metallo. Il cliente con i piedi per terra ama le cose senza pretese. La storia dell'azienda Schaffner \u00e8 segnata da alti e bassi. Di difficolt\u00e0 finanziarie e di burnout. Di punti luminosi, dipendenti leali e storie di successo. Per esempio, quando Schaffner ha spazzato il German Brand Award 2017 a Berlino e ha vinto due premi in una volta. Il 17 ottobre, Martin Schaffner riveler\u00e0 come ha messo in pista la sua azienda come mecenate e come i suoi ormai iconici mobili da giardino sono richiesti anche a livello internazionale.<\/p>\n<h2><strong>L'economia ha bisogno di pi\u00f9 giullari di corte<\/strong><\/h2>\n<p>Peter Haller, un amministratore e imprenditore di Magden, entrer\u00e0 nel ring di \"ErfolgsSignale\" come un eroe locale con il vantaggio di casa, per cos\u00ec dire. Nel suo discorso, sosterr\u00e0 la necessit\u00e0 di avere pi\u00f9 giullari di corte e pensatori laterali negli affari. Perch\u00e9 sono cos\u00ec importanti per un'imprenditoria di successo? E come si fa a diventare un buffone di corte negli affari, in primo luogo?<\/p>\n<p>Anche come un giullare di corte, l'artista e musicista di Laufenburg Gabriel Kramer metter\u00e0 contemporaneamente su carta le dichiarazioni e i voti dei discorsi sotto forma di caricature durante il forum economico. Insieme a Sonja Wunderlin del \"Foifer und Weggli Trionettli\", fornir\u00e0 anche un accompagnamento musicale all'evento. A causa dei lavori di ristrutturazione dell'Hotel Sch\u00fctzen, il Forum economico di quest'anno si svolger\u00e0 eccezionalmente nella Chiesa dei Cappuccini. L'evento inizier\u00e0 ora alle 17.30 con l'ingresso e alle 18.00 con il programma ufficiale. Dopo i discorsi, un \"Ap\u00e9ro riche\" sar\u00e0 servito dall'Hotel Sch\u00fctzen intorno alle 20.15. Allo stesso tempo, avr\u00e0 luogo la fiera dei tavoli degli sponsor. <em>(EF)<\/em><\/p>\n<p><em>Business Forum \"SuccessSignals<br \/>\nGioved\u00ec 17 ottobre, Chiesa dei Cappuccini Rheinfelden<br \/>\nIngresso, 17.30, inizio: 18.00.<br \/>\nIngresso: Fr. 40, comprese le bevande e \"Ap\u00e9ro riche<br \/>\nInfo e registrazione:<br \/>\n<a href=\"http:\/\/www.erfolgssignale.ch\">www.erfolgssignale.ch<\/a><\/em><\/p>","protected":false},"excerpt":{"rendered":"<p>Es war einmal &#8230; Das Wirtschaftsforum \u201eErfolgsSignale\u201c in Rheinfelden pr\u00e4sentiert Geschichten von Unternehmerinnen und Unternehmern, die mit besonderen Ideen, Innovationen und Herausforderungen eine erfolgreiche Firmengeschichte schreiben. \u201eGeschichten sind nicht nur spannend, sondern auch lehrreich, inspirierend und motivierend. Genau dies wollen wir mit unserem Wirtschaftsforum erreichen\u201c, sagt der Initiant und Gr\u00fcnder Fabrice M\u00fcller, der das Wirtschaftsforum [&hellip;]<\/p>\n","protected":false},"author":4,"featured_media":5817,"comment_status":"closed","ping_status":"closed","sticky":false,"template":"","format":"standard","meta":{"_acf_changed":false,"_yoast_wpseo_focuskw":"H\u00f6hle des L\u00f6wen","_yoast_wpseo_metadesc":"Ein Hofnarr, ein Patron und ein Unternehmer aus der \u201eH\u00f6hle des L\u00f6wen\u201c referieren am Wirtschaftsforum \u201eErfolgsSignale\u201c 17. Oktober, in Rheinfelden.","articlekey":"","footnotes":""},"categories":[28],"tags":[193,335,502],"class_list":["post-5816","post","type-post","status-publish","format-standard","has-post-thumbnail","hentry","category-management","tag-fachkongressfachmesse","tag-management-und-unternehmensfuehrung","tag-veranstaltungen"],"acf":[],"yoast_head":"<!-- This site is optimized with the Yoast SEO plugin v27.4 - https:\/\/yoast.com\/product\/yoast-seo-wordpress\/ -->\n<title>Spannende Impulse von Hofnarren und aus der H\u00f6hle des L\u00f6wen - Organisator<\/title>\n<meta name=\"description\" content=\"Ein Hofnarr, ein Patron und ein Unternehmer aus der \u201eH\u00f6hle des L\u00f6wen\u201c referieren am Wirtschaftsforum \u201eErfolgsSignale\u201c 17. Oktober, in Rheinfelden.\" \/>\n<meta name=\"robots\" content=\"index, follow, max-snippet:-1, max-image-preview:large, max-video-preview:-1\" \/>\n<link rel=\"canonical\" href=\"https:\/\/www.organisator.ch\/it\/gestione-2\/2019-09-18\/spannende-impulse-von-hofnarren-und-aus-der-hoehle-des-loewen\/\" \/>\n<meta property=\"og:locale\" content=\"it_IT\" \/>\n<meta property=\"og:type\" content=\"article\" \/>\n<meta property=\"og:title\" content=\"Spannende Impulse von Hofnarren und aus der H\u00f6hle des L\u00f6wen\" \/>\n<meta property=\"og:description\" content=\"Ein Hofnarr, ein Patron und ein Unternehmer aus der \u201eH\u00f6hle des L\u00f6wen\u201c referieren am Wirtschaftsforum \u201eErfolgsSignale\u201c 17. Oktober, in Rheinfelden.\" \/>\n<meta property=\"og:url\" content=\"https:\/\/www.organisator.ch\/it\/gestione-2\/2019-09-18\/spannende-impulse-von-hofnarren-und-aus-der-hoehle-des-loewen\/\" \/>\n<meta property=\"og:site_name\" content=\"Organisator\" \/>\n<meta property=\"article:publisher\" content=\"https:\/\/www.facebook.com\/OrganisatorFachmagazin\" \/>\n<meta property=\"article:published_time\" content=\"2019-09-18T14:43:45+00:00\" \/>\n<meta property=\"og:image\" content=\"https:\/\/www.organisator.ch\/wp-content\/uploads\/2019\/09\/Spannende-Impulse-von-Hofnarren-und-aus-der-Hoehle-des-Loewen_Organisator.jpg\" \/>\n\t<meta property=\"og:image:width\" content=\"680\" \/>\n\t<meta property=\"og:image:height\" content=\"1020\" \/>\n\t<meta property=\"og:image:type\" content=\"image\/jpeg\" \/>\n<meta name=\"author\" content=\"thomas.berner\" \/>\n<meta name=\"twitter:card\" content=\"summary_large_image\" \/>\n<meta name=\"twitter:title\" content=\"Spannende Impulse von #Hofnarren und aus der H\u00f6hle des L\u00f6wen\" \/>\n<meta name=\"twitter:description\" content=\"Ein #Hofnarr, ein #Patron und ein Unternehmer aus der \u201eH\u00f6hle des L\u00f6wen\u201c referieren am Wirtschaftsforum \u201e#ErfolgsSignale\u201c 17. Oktober, in Rheinfelden.\" \/>\n<meta name=\"twitter:image\" content=\"https:\/\/www.organisator.ch\/wp-content\/uploads\/2019\/09\/Spannende-Impulse-von-Hofnarren-und-aus-der-Hoehle-des-Loewen_Organisator.jpg\" \/>\n<script type=\"application\/ld+json\" class=\"yoast-schema-graph\">{\"@context\":\"https:\\\/\\\/schema.org\",\"@graph\":[{\"@type\":\"Article\",\"@id\":\"https:\\\/\\\/www.organisator.ch\\\/management\\\/2019-09-18\\\/spannende-impulse-von-hofnarren-und-aus-der-hoehle-des-loewen\\\/#article\",\"isPartOf\":{\"@id\":\"https:\\\/\\\/www.organisator.ch\\\/management\\\/2019-09-18\\\/spannende-impulse-von-hofnarren-und-aus-der-hoehle-des-loewen\\\/\"},\"author\":{\"name\":\"thomas.berner\",\"@id\":\"https:\\\/\\\/www.organisator.ch\\\/#\\\/schema\\\/person\\\/6f650f90b2842cd4c0cc334b4e36f67e\"},\"headline\":\"Spannende Impulse von Hofnarren und aus der H\u00f6hle des L\u00f6wen\",\"datePublished\":\"2019-09-18T14:43:45+00:00\",\"mainEntityOfPage\":{\"@id\":\"https:\\\/\\\/www.organisator.ch\\\/management\\\/2019-09-18\\\/spannende-impulse-von-hofnarren-und-aus-der-hoehle-des-loewen\\\/\"},\"wordCount\":554,\"publisher\":{\"@id\":\"https:\\\/\\\/www.organisator.ch\\\/#organization\"},\"image\":{\"@id\":\"https:\\\/\\\/www.organisator.ch\\\/management\\\/2019-09-18\\\/spannende-impulse-von-hofnarren-und-aus-der-hoehle-des-loewen\\\/#primaryimage\"},\"thumbnailUrl\":\"https:\\\/\\\/www.organisator.ch\\\/wp-content\\\/uploads\\\/2019\\\/09\\\/Spannende-Impulse-von-Hofnarren-und-aus-der-Hoehle-des-Loewen_Organisator.jpg\",\"keywords\":[\"Fachkongress\\\/Fachmesse\",\"Management und Unternehmensf\u00fchrung\",\"Veranstaltungen\"],\"articleSection\":[\"MANAGEMENT\"],\"inLanguage\":\"it-IT\"},{\"@type\":\"WebPage\",\"@id\":\"https:\\\/\\\/www.organisator.ch\\\/management\\\/2019-09-18\\\/spannende-impulse-von-hofnarren-und-aus-der-hoehle-des-loewen\\\/\",\"url\":\"https:\\\/\\\/www.organisator.ch\\\/management\\\/2019-09-18\\\/spannende-impulse-von-hofnarren-und-aus-der-hoehle-des-loewen\\\/\",\"name\":\"Spannende Impulse von Hofnarren und aus der H\u00f6hle des L\u00f6wen - Organisator\",\"isPartOf\":{\"@id\":\"https:\\\/\\\/www.organisator.ch\\\/#website\"},\"primaryImageOfPage\":{\"@id\":\"https:\\\/\\\/www.organisator.ch\\\/management\\\/2019-09-18\\\/spannende-impulse-von-hofnarren-und-aus-der-hoehle-des-loewen\\\/#primaryimage\"},\"image\":{\"@id\":\"https:\\\/\\\/www.organisator.ch\\\/management\\\/2019-09-18\\\/spannende-impulse-von-hofnarren-und-aus-der-hoehle-des-loewen\\\/#primaryimage\"},\"thumbnailUrl\":\"https:\\\/\\\/www.organisator.ch\\\/wp-content\\\/uploads\\\/2019\\\/09\\\/Spannende-Impulse-von-Hofnarren-und-aus-der-Hoehle-des-Loewen_Organisator.jpg\",\"datePublished\":\"2019-09-18T14:43:45+00:00\",\"description\":\"Ein Hofnarr, ein Patron und ein Unternehmer aus der \u201eH\u00f6hle des L\u00f6wen\u201c referieren am Wirtschaftsforum \u201eErfolgsSignale\u201c 17. Oktober, in Rheinfelden.\",\"breadcrumb\":{\"@id\":\"https:\\\/\\\/www.organisator.ch\\\/management\\\/2019-09-18\\\/spannende-impulse-von-hofnarren-und-aus-der-hoehle-des-loewen\\\/#breadcrumb\"},\"inLanguage\":\"it-IT\",\"potentialAction\":[{\"@type\":\"ReadAction\",\"target\":[\"https:\\\/\\\/www.organisator.ch\\\/management\\\/2019-09-18\\\/spannende-impulse-von-hofnarren-und-aus-der-hoehle-des-loewen\\\/\"]}]},{\"@type\":\"ImageObject\",\"inLanguage\":\"it-IT\",\"@id\":\"https:\\\/\\\/www.organisator.ch\\\/management\\\/2019-09-18\\\/spannende-impulse-von-hofnarren-und-aus-der-hoehle-des-loewen\\\/#primaryimage\",\"url\":\"https:\\\/\\\/www.organisator.ch\\\/wp-content\\\/uploads\\\/2019\\\/09\\\/Spannende-Impulse-von-Hofnarren-und-aus-der-Hoehle-des-Loewen_Organisator.jpg\",\"contentUrl\":\"https:\\\/\\\/www.organisator.ch\\\/wp-content\\\/uploads\\\/2019\\\/09\\\/Spannende-Impulse-von-Hofnarren-und-aus-der-Hoehle-des-Loewen_Organisator.jpg\",\"width\":680,\"height\":1020,\"caption\":\"Aus der \\\"H\u00f6hle des L\u00f6wen\\\": Der Fricktaler Unternehmer Roland Brack gilt als prominenter Redner am Wirtschaftsforum \u201eErfolgsSignale\u201c vom 17. Oktober. (Bild: zVg)\"},{\"@type\":\"BreadcrumbList\",\"@id\":\"https:\\\/\\\/www.organisator.ch\\\/management\\\/2019-09-18\\\/spannende-impulse-von-hofnarren-und-aus-der-hoehle-des-loewen\\\/#breadcrumb\",\"itemListElement\":[{\"@type\":\"ListItem\",\"position\":1,\"name\":\"Home\",\"item\":\"https:\\\/\\\/www.organisator.ch\\\/\"},{\"@type\":\"ListItem\",\"position\":2,\"name\":\"Spannende Impulse von Hofnarren und aus der H\u00f6hle des L\u00f6wen\"}]},{\"@type\":\"WebSite\",\"@id\":\"https:\\\/\\\/www.organisator.ch\\\/#website\",\"url\":\"https:\\\/\\\/www.organisator.ch\\\/\",\"name\":\"Organisator\",\"description\":\"Kompetent. Praxisnah. Der ORGANISATOR bereitet in 10 Ausgaben pro Jahr die wesentlichen Themen f\u00fcr F\u00fchrungskr\u00e4fte von KMU auf.\",\"publisher\":{\"@id\":\"https:\\\/\\\/www.organisator.ch\\\/#organization\"},\"potentialAction\":[{\"@type\":\"SearchAction\",\"target\":{\"@type\":\"EntryPoint\",\"urlTemplate\":\"https:\\\/\\\/www.organisator.ch\\\/?s={search_term_string}\"},\"query-input\":{\"@type\":\"PropertyValueSpecification\",\"valueRequired\":true,\"valueName\":\"search_term_string\"}}],\"inLanguage\":\"it-IT\"},{\"@type\":\"Organization\",\"@id\":\"https:\\\/\\\/www.organisator.ch\\\/#organization\",\"name\":\"Organisator\",\"url\":\"https:\\\/\\\/www.organisator.ch\\\/\",\"logo\":{\"@type\":\"ImageObject\",\"inLanguage\":\"it-IT\",\"@id\":\"https:\\\/\\\/www.organisator.ch\\\/#\\\/schema\\\/logo\\\/image\\\/\",\"url\":\"https:\\\/\\\/www.organisator.ch\\\/wp-content\\\/uploads\\\/2022\\\/01\\\/Logo_Organisator_Website.png\",\"contentUrl\":\"https:\\\/\\\/www.organisator.ch\\\/wp-content\\\/uploads\\\/2022\\\/01\\\/Logo_Organisator_Website.png\",\"width\":800,\"height\":77,\"caption\":\"Organisator\"},\"image\":{\"@id\":\"https:\\\/\\\/www.organisator.ch\\\/#\\\/schema\\\/logo\\\/image\\\/\"},\"sameAs\":[\"https:\\\/\\\/www.facebook.com\\\/OrganisatorFachmagazin\",\"https:\\\/\\\/www.linkedin.com\\\/showcase\\\/organisator-das-magazin-fr-kmu\",\"https:\\\/\\\/www.xing.com\\\/news\\\/pages\\\/organisator-ch-695\",\"https:\\\/\\\/www.youtube.com\\\/channel\\\/UCGP2Sq0iWaZwT3BdIAQFYpw\"]},{\"@type\":\"Person\",\"@id\":\"https:\\\/\\\/www.organisator.ch\\\/#\\\/schema\\\/person\\\/6f650f90b2842cd4c0cc334b4e36f67e\",\"name\":\"thomas.berner\",\"image\":{\"@type\":\"ImageObject\",\"inLanguage\":\"it-IT\",\"@id\":\"https:\\\/\\\/secure.gravatar.com\\\/avatar\\\/ac5001d2a36cb6c6cd3e50789007ffca834b477b74a2144564522e944eabff61?s=96&d=mm&r=g\",\"url\":\"https:\\\/\\\/secure.gravatar.com\\\/avatar\\\/ac5001d2a36cb6c6cd3e50789007ffca834b477b74a2144564522e944eabff61?s=96&d=mm&r=g\",\"contentUrl\":\"https:\\\/\\\/secure.gravatar.com\\\/avatar\\\/ac5001d2a36cb6c6cd3e50789007ffca834b477b74a2144564522e944eabff61?s=96&d=mm&r=g\",\"caption\":\"thomas.berner\"},\"url\":\"https:\\\/\\\/www.organisator.ch\\\/it\\\/author\\\/thomas-berner\\\/\"}]}<\/script>\n<!-- \/ Yoast SEO plugin. -->","yoast_head_json":{"title":"Impulsi eccitanti dai giullari di corte e dalla tana del leone - Organizzatore","description":"Un giullare di corte, un mecenate e un imprenditore della \"tana del leone\" interverranno al forum aziendale \"ErfolgsSignale\" il 17 ottobre a Rheinfelden.","robots":{"index":"index","follow":"follow","max-snippet":"max-snippet:-1","max-image-preview":"max-image-preview:large","max-video-preview":"max-video-preview:-1"},"canonical":"https:\/\/www.organisator.ch\/it\/gestione-2\/2019-09-18\/spannende-impulse-von-hofnarren-und-aus-der-hoehle-des-loewen\/","og_locale":"it_IT","og_type":"article","og_title":"Spannende Impulse von Hofnarren und aus der H\u00f6hle des L\u00f6wen","og_description":"Ein Hofnarr, ein Patron und ein Unternehmer aus der \u201eH\u00f6hle des L\u00f6wen\u201c referieren am Wirtschaftsforum \u201eErfolgsSignale\u201c 17. Oktober, in Rheinfelden.","og_url":"https:\/\/www.organisator.ch\/it\/gestione-2\/2019-09-18\/spannende-impulse-von-hofnarren-und-aus-der-hoehle-des-loewen\/","og_site_name":"Organisator","article_publisher":"https:\/\/www.facebook.com\/OrganisatorFachmagazin","article_published_time":"2019-09-18T14:43:45+00:00","og_image":[{"width":680,"height":1020,"url":"https:\/\/www.organisator.ch\/wp-content\/uploads\/2019\/09\/Spannende-Impulse-von-Hofnarren-und-aus-der-Hoehle-des-Loewen_Organisator.jpg","type":"image\/jpeg"}],"author":"thomas.berner","twitter_card":"summary_large_image","twitter_title":"Spannende Impulse von #Hofnarren und aus der H\u00f6hle des L\u00f6wen","twitter_description":"Ein #Hofnarr, ein #Patron und ein Unternehmer aus der \u201eH\u00f6hle des L\u00f6wen\u201c referieren am Wirtschaftsforum \u201e#ErfolgsSignale\u201c 17. Oktober, in Rheinfelden.","twitter_image":"https:\/\/www.organisator.ch\/wp-content\/uploads\/2019\/09\/Spannende-Impulse-von-Hofnarren-und-aus-der-Hoehle-des-Loewen_Organisator.jpg","schema":{"@context":"https:\/\/schema.org","@graph":[{"@type":"Article","@id":"https:\/\/www.organisator.ch\/management\/2019-09-18\/spannende-impulse-von-hofnarren-und-aus-der-hoehle-des-loewen\/#article","isPartOf":{"@id":"https:\/\/www.organisator.ch\/management\/2019-09-18\/spannende-impulse-von-hofnarren-und-aus-der-hoehle-des-loewen\/"},"author":{"name":"thomas.berner","@id":"https:\/\/www.organisator.ch\/#\/schema\/person\/6f650f90b2842cd4c0cc334b4e36f67e"},"headline":"Spannende Impulse von Hofnarren und aus der H\u00f6hle des L\u00f6wen","datePublished":"2019-09-18T14:43:45+00:00","mainEntityOfPage":{"@id":"https:\/\/www.organisator.ch\/management\/2019-09-18\/spannende-impulse-von-hofnarren-und-aus-der-hoehle-des-loewen\/"},"wordCount":554,"publisher":{"@id":"https:\/\/www.organisator.ch\/#organization"},"image":{"@id":"https:\/\/www.organisator.ch\/management\/2019-09-18\/spannende-impulse-von-hofnarren-und-aus-der-hoehle-des-loewen\/#primaryimage"},"thumbnailUrl":"https:\/\/www.organisator.ch\/wp-content\/uploads\/2019\/09\/Spannende-Impulse-von-Hofnarren-und-aus-der-Hoehle-des-Loewen_Organisator.jpg","keywords":["Fachkongress\/Fachmesse","Management und Unternehmensf\u00fchrung","Veranstaltungen"],"articleSection":["MANAGEMENT"],"inLanguage":"it-IT"},{"@type":"WebPage","@id":"https:\/\/www.organisator.ch\/management\/2019-09-18\/spannende-impulse-von-hofnarren-und-aus-der-hoehle-des-loewen\/","url":"https:\/\/www.organisator.ch\/management\/2019-09-18\/spannende-impulse-von-hofnarren-und-aus-der-hoehle-des-loewen\/","name":"Impulsi eccitanti dai giullari di corte e dalla tana del leone - Organizzatore","isPartOf":{"@id":"https:\/\/www.organisator.ch\/#website"},"primaryImageOfPage":{"@id":"https:\/\/www.organisator.ch\/management\/2019-09-18\/spannende-impulse-von-hofnarren-und-aus-der-hoehle-des-loewen\/#primaryimage"},"image":{"@id":"https:\/\/www.organisator.ch\/management\/2019-09-18\/spannende-impulse-von-hofnarren-und-aus-der-hoehle-des-loewen\/#primaryimage"},"thumbnailUrl":"https:\/\/www.organisator.ch\/wp-content\/uploads\/2019\/09\/Spannende-Impulse-von-Hofnarren-und-aus-der-Hoehle-des-Loewen_Organisator.jpg","datePublished":"2019-09-18T14:43:45+00:00","description":"Un giullare di corte, un mecenate e un imprenditore della \"tana del leone\" interverranno al forum aziendale \"ErfolgsSignale\" il 17 ottobre a Rheinfelden.","breadcrumb":{"@id":"https:\/\/www.organisator.ch\/management\/2019-09-18\/spannende-impulse-von-hofnarren-und-aus-der-hoehle-des-loewen\/#breadcrumb"},"inLanguage":"it-IT","potentialAction":[{"@type":"ReadAction","target":["https:\/\/www.organisator.ch\/management\/2019-09-18\/spannende-impulse-von-hofnarren-und-aus-der-hoehle-des-loewen\/"]}]},{"@type":"ImageObject","inLanguage":"it-IT","@id":"https:\/\/www.organisator.ch\/management\/2019-09-18\/spannende-impulse-von-hofnarren-und-aus-der-hoehle-des-loewen\/#primaryimage","url":"https:\/\/www.organisator.ch\/wp-content\/uploads\/2019\/09\/Spannende-Impulse-von-Hofnarren-und-aus-der-Hoehle-des-Loewen_Organisator.jpg","contentUrl":"https:\/\/www.organisator.ch\/wp-content\/uploads\/2019\/09\/Spannende-Impulse-von-Hofnarren-und-aus-der-Hoehle-des-Loewen_Organisator.jpg","width":680,"height":1020,"caption":"Aus der \"H\u00f6hle des L\u00f6wen\": Der Fricktaler Unternehmer Roland Brack gilt als prominenter Redner am Wirtschaftsforum \u201eErfolgsSignale\u201c vom 17. Oktober. (Bild: zVg)"},{"@type":"BreadcrumbList","@id":"https:\/\/www.organisator.ch\/management\/2019-09-18\/spannende-impulse-von-hofnarren-und-aus-der-hoehle-des-loewen\/#breadcrumb","itemListElement":[{"@type":"ListItem","position":1,"name":"Home","item":"https:\/\/www.organisator.ch\/"},{"@type":"ListItem","position":2,"name":"Spannende Impulse von Hofnarren und aus der H\u00f6hle des L\u00f6wen"}]},{"@type":"WebSite","@id":"https:\/\/www.organisator.ch\/#website","url":"https:\/\/www.organisator.ch\/","name":"Organizzatore","description":"Competente. Pratico. In 10 numeri all'anno, ORGANISATOR presenta i temi essenziali per i manager delle PMI.","publisher":{"@id":"https:\/\/www.organisator.ch\/#organization"},"potentialAction":[{"@type":"SearchAction","target":{"@type":"EntryPoint","urlTemplate":"https:\/\/www.organisator.ch\/?s={search_term_string}"},"query-input":{"@type":"PropertyValueSpecification","valueRequired":true,"valueName":"search_term_string"}}],"inLanguage":"it-IT"},{"@type":"Organization","@id":"https:\/\/www.organisator.ch\/#organization","name":"Organizzatore","url":"https:\/\/www.organisator.ch\/","logo":{"@type":"ImageObject","inLanguage":"it-IT","@id":"https:\/\/www.organisator.ch\/#\/schema\/logo\/image\/","url":"https:\/\/www.organisator.ch\/wp-content\/uploads\/2022\/01\/Logo_Organisator_Website.png","contentUrl":"https:\/\/www.organisator.ch\/wp-content\/uploads\/2022\/01\/Logo_Organisator_Website.png","width":800,"height":77,"caption":"Organisator"},"image":{"@id":"https:\/\/www.organisator.ch\/#\/schema\/logo\/image\/"},"sameAs":["https:\/\/www.facebook.com\/OrganisatorFachmagazin","https:\/\/www.linkedin.com\/showcase\/organisator-das-magazin-fr-kmu","https:\/\/www.xing.com\/news\/pages\/organisator-ch-695","https:\/\/www.youtube.com\/channel\/UCGP2Sq0iWaZwT3BdIAQFYpw"]},{"@type":"Person","@id":"https:\/\/www.organisator.ch\/#\/schema\/person\/6f650f90b2842cd4c0cc334b4e36f67e","name":"Tommaso.berner","image":{"@type":"ImageObject","inLanguage":"it-IT","@id":"https:\/\/secure.gravatar.com\/avatar\/ac5001d2a36cb6c6cd3e50789007ffca834b477b74a2144564522e944eabff61?s=96&d=mm&r=g","url":"https:\/\/secure.gravatar.com\/avatar\/ac5001d2a36cb6c6cd3e50789007ffca834b477b74a2144564522e944eabff61?s=96&d=mm&r=g","contentUrl":"https:\/\/secure.gravatar.com\/avatar\/ac5001d2a36cb6c6cd3e50789007ffca834b477b74a2144564522e944eabff61?s=96&d=mm&r=g","caption":"thomas.berner"},"url":"https:\/\/www.organisator.ch\/it\/author\/thomas-berner\/"}]}},"_links":{"self":[{"href":"https:\/\/www.organisator.ch\/it\/wp-json\/wp\/v2\/posts\/5816","targetHints":{"allow":["GET"]}}],"collection":[{"href":"https:\/\/www.organisator.ch\/it\/wp-json\/wp\/v2\/posts"}],"about":[{"href":"https:\/\/www.organisator.ch\/it\/wp-json\/wp\/v2\/types\/post"}],"author":[{"embeddable":true,"href":"https:\/\/www.organisator.ch\/it\/wp-json\/wp\/v2\/users\/4"}],"replies":[{"embeddable":true,"href":"https:\/\/www.organisator.ch\/it\/wp-json\/wp\/v2\/comments?post=5816"}],"version-history":[{"count":0,"href":"https:\/\/www.organisator.ch\/it\/wp-json\/wp\/v2\/posts\/5816\/revisions"}],"wp:featuredmedia":[{"embeddable":true,"href":"https:\/\/www.organisator.ch\/it\/wp-json\/wp\/v2\/media\/5817"}],"wp:attachment":[{"href":"https:\/\/www.organisator.ch\/it\/wp-json\/wp\/v2\/media?parent=5816"}],"wp:term":[{"taxonomy":"category","embeddable":true,"href":"https:\/\/www.organisator.ch\/it\/wp-json\/wp\/v2\/categories?post=5816"},{"taxonomy":"post_tag","embeddable":true,"href":"https:\/\/www.organisator.ch\/it\/wp-json\/wp\/v2\/tags?post=5816"}],"curies":[{"name":"wp","href":"https:\/\/api.w.org\/{rel}","templated":true}]}}