{"id":5819,"date":"2019-09-19T14:00:18","date_gmt":"2019-09-19T12:00:18","guid":{"rendered":"https:\/\/www.organisator.ch\/?p=5819"},"modified":"2019-09-19T14:00:18","modified_gmt":"2019-09-19T12:00:18","slug":"der-gute-geist-im-unternehmen-video-serie-teil-2","status":"publish","type":"post","link":"https:\/\/www.organisator.ch\/it\/management\/2019-09-19\/der-gute-geist-im-unternehmen-video-serie-teil-2\/","title":{"rendered":"Lo spirito buono nell'azienda - serie di video, parte 2"},"content":{"rendered":"<p>Bruno Aregger, fondatore e proprietario di APPLETREE, ha accompagnato Ruedi e Selina Bauberger di Bauberger AG, impresa generale svizzera di traslochi industriali, montaggio e manutenzione di macchinari, durante la successione aziendale. Conversando con loro, mostra come un cambio generazionale possa avere un successo ottimale. La seconda parte della serie di video affronta la questione di quando sia il momento giusto per cedere la propria azienda a un successore.<\/p>\n<p><a href=\"https:\/\/youtu.be\/vUuPRKi3ZaE\"><img loading=\"lazy\" decoding=\"async\" class=\"alignnone size-medium wp-image-5822\" src=\"https:\/\/www.organisator.ch\/wp-content\/uploads\/2019\/09\/Bauberger_Thumb4.png\" alt=\"\" width=\"680\" height=\"383\" srcset=\"https:\/\/www.organisator.ch\/wp-content\/uploads\/2019\/09\/Bauberger_Thumb4.png 1280w, https:\/\/www.organisator.ch\/wp-content\/uploads\/2019\/09\/Bauberger_Thumb4-680x383.png 680w, https:\/\/www.organisator.ch\/wp-content\/uploads\/2019\/09\/Bauberger_Thumb4-1024x576.png 1024w, https:\/\/www.organisator.ch\/wp-content\/uploads\/2019\/09\/Bauberger_Thumb4-768x432.png 768w, https:\/\/www.organisator.ch\/wp-content\/uploads\/2019\/09\/Bauberger_Thumb4-16x9.png 16w, https:\/\/www.organisator.ch\/wp-content\/uploads\/2019\/09\/Bauberger_Thumb4-311x175.png 311w, https:\/\/www.organisator.ch\/wp-content\/uploads\/2019\/09\/Bauberger_Thumb4-622x350.png 622w, https:\/\/www.organisator.ch\/wp-content\/uploads\/2019\/09\/Bauberger_Thumb4-920x518.png 920w, https:\/\/www.organisator.ch\/wp-content\/uploads\/2019\/09\/Bauberger_Thumb4-300x169.png 300w\" sizes=\"auto, (max-width: 680px) 100vw, 680px\" \/><\/a><\/p>\n<p>Per continuare...<\/p>","protected":false},"excerpt":{"rendered":"<p>Bruno Aregger, Gr\u00fcnder und Inhaber von APPLETREE, hat Ruedi und Selina Bauberger von Bauberger AG, dem Schweizer Generalunternehmen f\u00fcr Industrieumz\u00fcge, Maschinenmontagen und Instandhaltung, bei ihrer Firmennachfolge begleitet. Im Gespr\u00e4ch mit ihnen zeigt er auf, wie ein Generationenwechsel optimal gelingen kann. Im zweiten Teil der Video-Serie geht es um die Frage, wann der richtige Zeitpunkt gekommen [&hellip;]<\/p>\n","protected":false},"author":4,"featured_media":5822,"comment_status":"closed","ping_status":"closed","sticky":false,"template":"","format":"standard","meta":{"_acf_changed":false,"_yoast_wpseo_focuskw":"Der gute Geist","_yoast_wpseo_metadesc":"Zu Besuch bei Selina und Ruedi Bauberger, die ihr Unternehmen erfolgreich weitergegeben haben. Eine Video-Serie in f\u00fcnf Teilen.","articlekey":"","footnotes":""},"categories":[28],"tags":[207,335,356,492,515],"class_list":["post-5819","post","type-post","status-publish","format-standard","has-post-thumbnail","hentry","category-management","tag-firmennachfolge","tag-management-und-unternehmensfuehrung","tag-nachfolgeplanung","tag-unternehmen","tag-video"],"acf":[],"yoast_head":"<!-- This site is optimized with the Yoast SEO plugin v27.5 - https:\/\/yoast.com\/product\/yoast-seo-wordpress\/ -->\n<title>Der gute Geist im Unternehmen - Video-Serie, Teil 2 - Organisator<\/title>\n<meta name=\"description\" content=\"Zu Besuch bei Selina und Ruedi Bauberger, die ihr Unternehmen erfolgreich weitergegeben haben. Eine Video-Serie in f\u00fcnf Teilen.\" \/>\n<meta name=\"robots\" content=\"index, follow, max-snippet:-1, max-image-preview:large, max-video-preview:-1\" \/>\n<link rel=\"canonical\" href=\"https:\/\/www.organisator.ch\/it\/gestione-2\/2019-09-19\/der-gute-geist-im-unternehmen-video-serie-teil-2\/\" \/>\n<meta property=\"og:locale\" content=\"it_IT\" \/>\n<meta property=\"og:type\" content=\"article\" \/>\n<meta property=\"og:title\" content=\"Der gute Geist im Unternehmen - Video-Serie, Teil 2\" \/>\n<meta property=\"og:description\" content=\"Zu Besuch bei Selina und Ruedi Bauberger, die ihr Unternehmen erfolgreich weitergegeben haben. Eine Video-Serie in f\u00fcnf Teilen.\" \/>\n<meta property=\"og:url\" content=\"https:\/\/www.organisator.ch\/it\/gestione-2\/2019-09-19\/der-gute-geist-im-unternehmen-video-serie-teil-2\/\" \/>\n<meta property=\"og:site_name\" content=\"Organisator\" \/>\n<meta property=\"article:publisher\" content=\"https:\/\/www.facebook.com\/OrganisatorFachmagazin\" \/>\n<meta property=\"article:published_time\" content=\"2019-09-19T12:00:18+00:00\" \/>\n<meta property=\"og:image\" content=\"https:\/\/www.organisator.ch\/wp-content\/uploads\/2019\/09\/Bauberger_Thumb4.png\" \/>\n\t<meta property=\"og:image:width\" content=\"1280\" \/>\n\t<meta property=\"og:image:height\" content=\"720\" \/>\n\t<meta property=\"og:image:type\" content=\"image\/png\" \/>\n<meta name=\"author\" content=\"thomas.berner\" \/>\n<meta name=\"twitter:card\" content=\"summary_large_image\" \/>\n<meta name=\"twitter:title\" content=\"Der gute Geist im Unternehmen - Video-Serie, Teil 2\" \/>\n<meta name=\"twitter:description\" content=\"Zu Besuch bei Selina und Ruedi Bauberger, die ihr Unternehmen erfolgreich weitergegeben haben. Eine Video-Serie in f\u00fcnf Teilen.\" \/>\n<meta name=\"twitter:image\" content=\"https:\/\/www.organisator.ch\/wp-content\/uploads\/2019\/09\/Bauberger_Thumb4.png\" \/>\n<script type=\"application\/ld+json\" class=\"yoast-schema-graph\">{\"@context\":\"https:\\\/\\\/schema.org\",\"@graph\":[{\"@type\":\"Article\",\"@id\":\"https:\\\/\\\/www.organisator.ch\\\/management\\\/2019-09-19\\\/der-gute-geist-im-unternehmen-video-serie-teil-2\\\/#article\",\"isPartOf\":{\"@id\":\"https:\\\/\\\/www.organisator.ch\\\/management\\\/2019-09-19\\\/der-gute-geist-im-unternehmen-video-serie-teil-2\\\/\"},\"author\":{\"name\":\"thomas.berner\",\"@id\":\"https:\\\/\\\/www.organisator.ch\\\/#\\\/schema\\\/person\\\/6f650f90b2842cd4c0cc334b4e36f67e\"},\"headline\":\"Der gute Geist im Unternehmen &#8211; Video-Serie, Teil 2\",\"datePublished\":\"2019-09-19T12:00:18+00:00\",\"mainEntityOfPage\":{\"@id\":\"https:\\\/\\\/www.organisator.ch\\\/management\\\/2019-09-19\\\/der-gute-geist-im-unternehmen-video-serie-teil-2\\\/\"},\"wordCount\":78,\"publisher\":{\"@id\":\"https:\\\/\\\/www.organisator.ch\\\/#organization\"},\"image\":{\"@id\":\"https:\\\/\\\/www.organisator.ch\\\/management\\\/2019-09-19\\\/der-gute-geist-im-unternehmen-video-serie-teil-2\\\/#primaryimage\"},\"thumbnailUrl\":\"https:\\\/\\\/www.organisator.ch\\\/wp-content\\\/uploads\\\/2019\\\/09\\\/Bauberger_Thumb4.png\",\"keywords\":[\"Firmennachfolge\",\"Management und Unternehmensf\u00fchrung\",\"Nachfolgeplanung\",\"Unternehmen\",\"Video\"],\"articleSection\":[\"MANAGEMENT\"],\"inLanguage\":\"it-IT\"},{\"@type\":\"WebPage\",\"@id\":\"https:\\\/\\\/www.organisator.ch\\\/management\\\/2019-09-19\\\/der-gute-geist-im-unternehmen-video-serie-teil-2\\\/\",\"url\":\"https:\\\/\\\/www.organisator.ch\\\/management\\\/2019-09-19\\\/der-gute-geist-im-unternehmen-video-serie-teil-2\\\/\",\"name\":\"Der gute Geist im Unternehmen - Video-Serie, Teil 2 - Organisator\",\"isPartOf\":{\"@id\":\"https:\\\/\\\/www.organisator.ch\\\/#website\"},\"primaryImageOfPage\":{\"@id\":\"https:\\\/\\\/www.organisator.ch\\\/management\\\/2019-09-19\\\/der-gute-geist-im-unternehmen-video-serie-teil-2\\\/#primaryimage\"},\"image\":{\"@id\":\"https:\\\/\\\/www.organisator.ch\\\/management\\\/2019-09-19\\\/der-gute-geist-im-unternehmen-video-serie-teil-2\\\/#primaryimage\"},\"thumbnailUrl\":\"https:\\\/\\\/www.organisator.ch\\\/wp-content\\\/uploads\\\/2019\\\/09\\\/Bauberger_Thumb4.png\",\"datePublished\":\"2019-09-19T12:00:18+00:00\",\"description\":\"Zu Besuch bei Selina und Ruedi Bauberger, die ihr Unternehmen erfolgreich weitergegeben haben. Eine Video-Serie in f\u00fcnf Teilen.\",\"breadcrumb\":{\"@id\":\"https:\\\/\\\/www.organisator.ch\\\/management\\\/2019-09-19\\\/der-gute-geist-im-unternehmen-video-serie-teil-2\\\/#breadcrumb\"},\"inLanguage\":\"it-IT\",\"potentialAction\":[{\"@type\":\"ReadAction\",\"target\":[\"https:\\\/\\\/www.organisator.ch\\\/management\\\/2019-09-19\\\/der-gute-geist-im-unternehmen-video-serie-teil-2\\\/\"]}]},{\"@type\":\"ImageObject\",\"inLanguage\":\"it-IT\",\"@id\":\"https:\\\/\\\/www.organisator.ch\\\/management\\\/2019-09-19\\\/der-gute-geist-im-unternehmen-video-serie-teil-2\\\/#primaryimage\",\"url\":\"https:\\\/\\\/www.organisator.ch\\\/wp-content\\\/uploads\\\/2019\\\/09\\\/Bauberger_Thumb4.png\",\"contentUrl\":\"https:\\\/\\\/www.organisator.ch\\\/wp-content\\\/uploads\\\/2019\\\/09\\\/Bauberger_Thumb4.png\",\"width\":1280,\"height\":720},{\"@type\":\"BreadcrumbList\",\"@id\":\"https:\\\/\\\/www.organisator.ch\\\/management\\\/2019-09-19\\\/der-gute-geist-im-unternehmen-video-serie-teil-2\\\/#breadcrumb\",\"itemListElement\":[{\"@type\":\"ListItem\",\"position\":1,\"name\":\"Home\",\"item\":\"https:\\\/\\\/www.organisator.ch\\\/\"},{\"@type\":\"ListItem\",\"position\":2,\"name\":\"Der gute Geist im Unternehmen &#8211; Video-Serie, Teil 2\"}]},{\"@type\":\"WebSite\",\"@id\":\"https:\\\/\\\/www.organisator.ch\\\/#website\",\"url\":\"https:\\\/\\\/www.organisator.ch\\\/\",\"name\":\"Organisator\",\"description\":\"Kompetent. Praxisnah. Der ORGANISATOR bereitet in 10 Ausgaben pro Jahr die wesentlichen Themen f\u00fcr F\u00fchrungskr\u00e4fte von KMU auf.\",\"publisher\":{\"@id\":\"https:\\\/\\\/www.organisator.ch\\\/#organization\"},\"potentialAction\":[{\"@type\":\"SearchAction\",\"target\":{\"@type\":\"EntryPoint\",\"urlTemplate\":\"https:\\\/\\\/www.organisator.ch\\\/?s={search_term_string}\"},\"query-input\":{\"@type\":\"PropertyValueSpecification\",\"valueRequired\":true,\"valueName\":\"search_term_string\"}}],\"inLanguage\":\"it-IT\"},{\"@type\":\"Organization\",\"@id\":\"https:\\\/\\\/www.organisator.ch\\\/#organization\",\"name\":\"Organisator\",\"url\":\"https:\\\/\\\/www.organisator.ch\\\/\",\"logo\":{\"@type\":\"ImageObject\",\"inLanguage\":\"it-IT\",\"@id\":\"https:\\\/\\\/www.organisator.ch\\\/#\\\/schema\\\/logo\\\/image\\\/\",\"url\":\"https:\\\/\\\/www.organisator.ch\\\/wp-content\\\/uploads\\\/2022\\\/01\\\/Logo_Organisator_Website.png\",\"contentUrl\":\"https:\\\/\\\/www.organisator.ch\\\/wp-content\\\/uploads\\\/2022\\\/01\\\/Logo_Organisator_Website.png\",\"width\":800,\"height\":77,\"caption\":\"Organisator\"},\"image\":{\"@id\":\"https:\\\/\\\/www.organisator.ch\\\/#\\\/schema\\\/logo\\\/image\\\/\"},\"sameAs\":[\"https:\\\/\\\/www.facebook.com\\\/OrganisatorFachmagazin\",\"https:\\\/\\\/www.linkedin.com\\\/showcase\\\/organisator-das-magazin-fr-kmu\",\"https:\\\/\\\/www.xing.com\\\/news\\\/pages\\\/organisator-ch-695\",\"https:\\\/\\\/www.youtube.com\\\/channel\\\/UCGP2Sq0iWaZwT3BdIAQFYpw\"]},{\"@type\":\"Person\",\"@id\":\"https:\\\/\\\/www.organisator.ch\\\/#\\\/schema\\\/person\\\/6f650f90b2842cd4c0cc334b4e36f67e\",\"name\":\"thomas.berner\",\"image\":{\"@type\":\"ImageObject\",\"inLanguage\":\"it-IT\",\"@id\":\"https:\\\/\\\/secure.gravatar.com\\\/avatar\\\/ac5001d2a36cb6c6cd3e50789007ffca834b477b74a2144564522e944eabff61?s=96&d=mm&r=g\",\"url\":\"https:\\\/\\\/secure.gravatar.com\\\/avatar\\\/ac5001d2a36cb6c6cd3e50789007ffca834b477b74a2144564522e944eabff61?s=96&d=mm&r=g\",\"contentUrl\":\"https:\\\/\\\/secure.gravatar.com\\\/avatar\\\/ac5001d2a36cb6c6cd3e50789007ffca834b477b74a2144564522e944eabff61?s=96&d=mm&r=g\",\"caption\":\"thomas.berner\"},\"url\":\"https:\\\/\\\/www.organisator.ch\\\/it\\\/author\\\/thomas-berner\\\/\"}]}<\/script>\n<!-- \/ Yoast SEO plugin. -->","yoast_head_json":{"title":"Il buon spirito in azienda - Serie di video, parte 2 - Organizzatore","description":"Una visita con Selina e Ruedi Bauberger, che hanno trasmesso con successo la loro attivit\u00e0. Una serie di video in cinque parti.","robots":{"index":"index","follow":"follow","max-snippet":"max-snippet:-1","max-image-preview":"max-image-preview:large","max-video-preview":"max-video-preview:-1"},"canonical":"https:\/\/www.organisator.ch\/it\/gestione-2\/2019-09-19\/der-gute-geist-im-unternehmen-video-serie-teil-2\/","og_locale":"it_IT","og_type":"article","og_title":"Der gute Geist im Unternehmen - Video-Serie, Teil 2","og_description":"Zu Besuch bei Selina und Ruedi Bauberger, die ihr Unternehmen erfolgreich weitergegeben haben. Eine Video-Serie in f\u00fcnf Teilen.","og_url":"https:\/\/www.organisator.ch\/it\/gestione-2\/2019-09-19\/der-gute-geist-im-unternehmen-video-serie-teil-2\/","og_site_name":"Organisator","article_publisher":"https:\/\/www.facebook.com\/OrganisatorFachmagazin","article_published_time":"2019-09-19T12:00:18+00:00","og_image":[{"width":1280,"height":720,"url":"https:\/\/www.organisator.ch\/wp-content\/uploads\/2019\/09\/Bauberger_Thumb4.png","type":"image\/png"}],"author":"thomas.berner","twitter_card":"summary_large_image","twitter_title":"Der gute Geist im Unternehmen - Video-Serie, Teil 2","twitter_description":"Zu Besuch bei Selina und Ruedi Bauberger, die ihr Unternehmen erfolgreich weitergegeben haben. Eine Video-Serie in f\u00fcnf Teilen.","twitter_image":"https:\/\/www.organisator.ch\/wp-content\/uploads\/2019\/09\/Bauberger_Thumb4.png","schema":{"@context":"https:\/\/schema.org","@graph":[{"@type":"Article","@id":"https:\/\/www.organisator.ch\/management\/2019-09-19\/der-gute-geist-im-unternehmen-video-serie-teil-2\/#article","isPartOf":{"@id":"https:\/\/www.organisator.ch\/management\/2019-09-19\/der-gute-geist-im-unternehmen-video-serie-teil-2\/"},"author":{"name":"thomas.berner","@id":"https:\/\/www.organisator.ch\/#\/schema\/person\/6f650f90b2842cd4c0cc334b4e36f67e"},"headline":"Der gute Geist im Unternehmen &#8211; Video-Serie, Teil 2","datePublished":"2019-09-19T12:00:18+00:00","mainEntityOfPage":{"@id":"https:\/\/www.organisator.ch\/management\/2019-09-19\/der-gute-geist-im-unternehmen-video-serie-teil-2\/"},"wordCount":78,"publisher":{"@id":"https:\/\/www.organisator.ch\/#organization"},"image":{"@id":"https:\/\/www.organisator.ch\/management\/2019-09-19\/der-gute-geist-im-unternehmen-video-serie-teil-2\/#primaryimage"},"thumbnailUrl":"https:\/\/www.organisator.ch\/wp-content\/uploads\/2019\/09\/Bauberger_Thumb4.png","keywords":["Firmennachfolge","Management und Unternehmensf\u00fchrung","Nachfolgeplanung","Unternehmen","Video"],"articleSection":["MANAGEMENT"],"inLanguage":"it-IT"},{"@type":"WebPage","@id":"https:\/\/www.organisator.ch\/management\/2019-09-19\/der-gute-geist-im-unternehmen-video-serie-teil-2\/","url":"https:\/\/www.organisator.ch\/management\/2019-09-19\/der-gute-geist-im-unternehmen-video-serie-teil-2\/","name":"Il buon spirito in azienda - Serie di video, parte 2 - Organizzatore","isPartOf":{"@id":"https:\/\/www.organisator.ch\/#website"},"primaryImageOfPage":{"@id":"https:\/\/www.organisator.ch\/management\/2019-09-19\/der-gute-geist-im-unternehmen-video-serie-teil-2\/#primaryimage"},"image":{"@id":"https:\/\/www.organisator.ch\/management\/2019-09-19\/der-gute-geist-im-unternehmen-video-serie-teil-2\/#primaryimage"},"thumbnailUrl":"https:\/\/www.organisator.ch\/wp-content\/uploads\/2019\/09\/Bauberger_Thumb4.png","datePublished":"2019-09-19T12:00:18+00:00","description":"Una visita con Selina e Ruedi Bauberger, che hanno trasmesso con successo la loro attivit\u00e0. Una serie di video in cinque parti.","breadcrumb":{"@id":"https:\/\/www.organisator.ch\/management\/2019-09-19\/der-gute-geist-im-unternehmen-video-serie-teil-2\/#breadcrumb"},"inLanguage":"it-IT","potentialAction":[{"@type":"ReadAction","target":["https:\/\/www.organisator.ch\/management\/2019-09-19\/der-gute-geist-im-unternehmen-video-serie-teil-2\/"]}]},{"@type":"ImageObject","inLanguage":"it-IT","@id":"https:\/\/www.organisator.ch\/management\/2019-09-19\/der-gute-geist-im-unternehmen-video-serie-teil-2\/#primaryimage","url":"https:\/\/www.organisator.ch\/wp-content\/uploads\/2019\/09\/Bauberger_Thumb4.png","contentUrl":"https:\/\/www.organisator.ch\/wp-content\/uploads\/2019\/09\/Bauberger_Thumb4.png","width":1280,"height":720},{"@type":"BreadcrumbList","@id":"https:\/\/www.organisator.ch\/management\/2019-09-19\/der-gute-geist-im-unternehmen-video-serie-teil-2\/#breadcrumb","itemListElement":[{"@type":"ListItem","position":1,"name":"Home","item":"https:\/\/www.organisator.ch\/"},{"@type":"ListItem","position":2,"name":"Der gute Geist im Unternehmen &#8211; Video-Serie, Teil 2"}]},{"@type":"WebSite","@id":"https:\/\/www.organisator.ch\/#website","url":"https:\/\/www.organisator.ch\/","name":"Organizzatore","description":"Competente. Pratico. In 10 numeri all'anno, ORGANISATOR presenta i temi essenziali per i manager delle PMI.","publisher":{"@id":"https:\/\/www.organisator.ch\/#organization"},"potentialAction":[{"@type":"SearchAction","target":{"@type":"EntryPoint","urlTemplate":"https:\/\/www.organisator.ch\/?s={search_term_string}"},"query-input":{"@type":"PropertyValueSpecification","valueRequired":true,"valueName":"search_term_string"}}],"inLanguage":"it-IT"},{"@type":"Organization","@id":"https:\/\/www.organisator.ch\/#organization","name":"Organizzatore","url":"https:\/\/www.organisator.ch\/","logo":{"@type":"ImageObject","inLanguage":"it-IT","@id":"https:\/\/www.organisator.ch\/#\/schema\/logo\/image\/","url":"https:\/\/www.organisator.ch\/wp-content\/uploads\/2022\/01\/Logo_Organisator_Website.png","contentUrl":"https:\/\/www.organisator.ch\/wp-content\/uploads\/2022\/01\/Logo_Organisator_Website.png","width":800,"height":77,"caption":"Organisator"},"image":{"@id":"https:\/\/www.organisator.ch\/#\/schema\/logo\/image\/"},"sameAs":["https:\/\/www.facebook.com\/OrganisatorFachmagazin","https:\/\/www.linkedin.com\/showcase\/organisator-das-magazin-fr-kmu","https:\/\/www.xing.com\/news\/pages\/organisator-ch-695","https:\/\/www.youtube.com\/channel\/UCGP2Sq0iWaZwT3BdIAQFYpw"]},{"@type":"Person","@id":"https:\/\/www.organisator.ch\/#\/schema\/person\/6f650f90b2842cd4c0cc334b4e36f67e","name":"Tommaso.berner","image":{"@type":"ImageObject","inLanguage":"it-IT","@id":"https:\/\/secure.gravatar.com\/avatar\/ac5001d2a36cb6c6cd3e50789007ffca834b477b74a2144564522e944eabff61?s=96&d=mm&r=g","url":"https:\/\/secure.gravatar.com\/avatar\/ac5001d2a36cb6c6cd3e50789007ffca834b477b74a2144564522e944eabff61?s=96&d=mm&r=g","contentUrl":"https:\/\/secure.gravatar.com\/avatar\/ac5001d2a36cb6c6cd3e50789007ffca834b477b74a2144564522e944eabff61?s=96&d=mm&r=g","caption":"thomas.berner"},"url":"https:\/\/www.organisator.ch\/it\/author\/thomas-berner\/"}]}},"_links":{"self":[{"href":"https:\/\/www.organisator.ch\/it\/wp-json\/wp\/v2\/posts\/5819","targetHints":{"allow":["GET"]}}],"collection":[{"href":"https:\/\/www.organisator.ch\/it\/wp-json\/wp\/v2\/posts"}],"about":[{"href":"https:\/\/www.organisator.ch\/it\/wp-json\/wp\/v2\/types\/post"}],"author":[{"embeddable":true,"href":"https:\/\/www.organisator.ch\/it\/wp-json\/wp\/v2\/users\/4"}],"replies":[{"embeddable":true,"href":"https:\/\/www.organisator.ch\/it\/wp-json\/wp\/v2\/comments?post=5819"}],"version-history":[{"count":0,"href":"https:\/\/www.organisator.ch\/it\/wp-json\/wp\/v2\/posts\/5819\/revisions"}],"wp:featuredmedia":[{"embeddable":true,"href":"https:\/\/www.organisator.ch\/it\/wp-json\/wp\/v2\/media\/5822"}],"wp:attachment":[{"href":"https:\/\/www.organisator.ch\/it\/wp-json\/wp\/v2\/media?parent=5819"}],"wp:term":[{"taxonomy":"category","embeddable":true,"href":"https:\/\/www.organisator.ch\/it\/wp-json\/wp\/v2\/categories?post=5819"},{"taxonomy":"post_tag","embeddable":true,"href":"https:\/\/www.organisator.ch\/it\/wp-json\/wp\/v2\/tags?post=5819"}],"curies":[{"name":"wp","href":"https:\/\/api.w.org\/{rel}","templated":true}]}}