{"id":5839,"date":"2019-09-26T08:14:55","date_gmt":"2019-09-26T06:14:55","guid":{"rendered":"https:\/\/www.organisator.ch\/?p=5839"},"modified":"2019-09-26T08:14:55","modified_gmt":"2019-09-26T06:14:55","slug":"unternehmenssteuer-oecd-forderungen-duerften-fuer-steuerausfaelle-sorgen","status":"publish","type":"post","link":"https:\/\/www.organisator.ch\/it\/management\/finanzen_recht\/2019-09-26\/unternehmenssteuer-oecd-forderungen-duerften-fuer-steuerausfaelle-sorgen\/","title":{"rendered":"Imposta sulle societ\u00e0: le richieste dell'OCSE causeranno probabilmente degli ammanchi fiscali"},"content":{"rendered":"<figure id=\"attachment_5840\" aria-describedby=\"caption-attachment-5840\" style=\"width: 680px\" class=\"wp-caption alignnone\"><img loading=\"lazy\" decoding=\"async\" class=\"size-medium wp-image-5840\" src=\"https:\/\/www.organisator.ch\/wp-content\/uploads\/2019\/09\/Unternehmenssteuer-OECD-Forderungen-duerften-fuer-Steuerausfaelle-sorgen_Organisator.jpg\" alt=\"\" width=\"680\" height=\"480\" srcset=\"https:\/\/www.organisator.ch\/wp-content\/uploads\/2019\/09\/Unternehmenssteuer-OECD-Forderungen-duerften-fuer-Steuerausfaelle-sorgen_Organisator.jpg 680w, https:\/\/www.organisator.ch\/wp-content\/uploads\/2019\/09\/Unternehmenssteuer-OECD-Forderungen-duerften-fuer-Steuerausfaelle-sorgen_Organisator-16x12.jpg 16w, https:\/\/www.organisator.ch\/wp-content\/uploads\/2019\/09\/Unternehmenssteuer-OECD-Forderungen-duerften-fuer-Steuerausfaelle-sorgen_Organisator-248x175.jpg 248w, https:\/\/www.organisator.ch\/wp-content\/uploads\/2019\/09\/Unternehmenssteuer-OECD-Forderungen-duerften-fuer-Steuerausfaelle-sorgen_Organisator-496x350.jpg 496w, https:\/\/www.organisator.ch\/wp-content\/uploads\/2019\/09\/Unternehmenssteuer-OECD-Forderungen-duerften-fuer-Steuerausfaelle-sorgen_Organisator-300x212.jpg 300w\" sizes=\"auto, (max-width: 680px) 100vw, 680px\" \/><figcaption id=\"caption-attachment-5840\" class=\"wp-caption-text\">L'OCSE ha nuove richieste sull'imposta sulle societ\u00e0: si profilano perdite fiscali per il governo federale, i cantoni e i comuni? (Immagine: Pixabay.com)<\/figcaption><\/figure>\n<p>Con il titolo \"<em style=\"font-weight: inherit;\">Tasse<\/em> <em style=\"font-weight: inherit;\">in tempi digitali\".<\/em> la conferenza annuale di EXPERTsuisse si \u00e8 svolta il 25 settembre 2019 al Kursaal di Berna con oltre 700 partecipanti. Il presidente di EXPERTsuisse Peter Ritter ha sottolineato che il tema delle tasse non \u00e8 stato scelto a caso: \"Utilizziamo la nostra esperienza per attirare l'attenzione su un dibattito internazionale molto sottovalutato\". La funzione di interesse pubblico dell'associazione \u00e8 stata riconosciuta anche dal Ministro dell'Economia, il Consigliere federale Guy Parmelin, nel suo messaggio di saluto.<\/p>\n<h2>Nuovi piani dell'OCSE per la tassazione delle imprese<\/h2>\n<p style=\"font-style: inherit; font-weight: inherit;\"><span style=\"font-style: inherit; font-weight: inherit;\">In particolare, riguarda i piani dell'OCSE per riorganizzare la distribuzione mondiale delle imposte sulle societ\u00e0. Eventuali perdite fiscali potrebbero avere conseguenze enormi per il governo federale, ma anche per i cantoni e i comuni. Daniela Stoffel, capo della Segreteria di Stato per le questioni finanziarie internazionali, \u00e8 stata la figura chiave della Svizzera in questi negoziati. La sua presentazione ha mostrato che l'OCSE sta perseguendo una tabella di marcia ambiziosa e che la Svizzera potrebbe presto trovarsi di fronte a richieste concrete. Sulle modalit\u00e0 di approccio all'OCSE hanno discusso anche il membro del Consiglio degli Stati della CVP Erich Ettlin e la consigliera nazionale del PS Mattea Meyer, guidati dalla moderatrice Patrizia Laeri.<\/span><\/p>\n<h2 style=\"font-style: inherit; font-weight: inherit;\"><strong style=\"font-style: inherit;\">Modernizzazione del Codice del Lavoro - progetto con ampio sostegno<\/strong><\/h2>\n<p style=\"font-style: inherit; font-weight: inherit;\">La Federazione ha inoltre preso atto con soddisfazione dello sviluppo del Codice del lavoro. La scorsa settimana, il Consiglio degli Stati ha deciso di stralciare l'iniziativa parlamentare Keller-Sutter per la liberalizzazione della registrazione degli orari di lavoro e di concentrarsi sull'iniziativa parlamentare Graber. Quest'ultimo legalizza forme di lavoro collaudate da parte di supervisori e specialisti autodeterminati, con uno speciale modello di orario di lavoro annuale, combinato con una protezione sanitaria rafforzata. EXPERTsuisse accoglie con favore questa decisione.<\/p>\n<p style=\"font-style: inherit; font-weight: inherit;\">La proposta di legge mette su un piano legale forme di lavoro collaudate da parte di supervisori e tecnici specializzati autodeterminati. Questo serve anche a migliorare la compatibilit\u00e0 tra lavoro e famiglia. Un mondo del lavoro moderno ha bisogno di un diritto del lavoro moderno e le aziende hanno bisogno di dipendenti sani. Da una discussione tra il consigliere CVP Konrad Graber, autore dell'iniziativa parlamentare, e il consigliere SP Daniel Jositsch, presidente dell'Associazione degli impiegati di commercio, \u00e8 emerso che con la \"plattform\". - Angestellte Schweiz\", importanti associazioni di lavoratori sostengono la proposta di Graber, membro del Consiglio degli Stati. Secondo Daniel Jositsch, una migliore protezione della salute porterebbe un valore aggiunto ai dipendenti.<\/p>\n<p><em>Fonte: <a href=\"http:\/\/www.expertsuisse.ch\">ESPERTO<\/a><\/em><\/p>","protected":false},"excerpt":{"rendered":"<p>Unter dem Titel \u00abSteuern in digitalen Zeiten\u00bb fand am 25. September 2019 im Kursaal in Bern die Jahrestagung von EXPERTsuisse mit \u00fcber 700 Teilnehmerinnen und Teilnehmern statt. Pr\u00e4sident von EXPERTsuisse Peter Ritter betonte, dass das Thema Steuern nicht zuf\u00e4llig gew\u00e4hlt wurde: \u00abWir nutzen unsere Expertise, um auf eine stark untersch\u00e4tzte, internationale Debatte aufmerksam zu machen.\u00bb [&hellip;]<\/p>\n","protected":false},"author":4,"featured_media":5840,"comment_status":"closed","ping_status":"closed","sticky":false,"template":"","format":"standard","meta":{"_acf_changed":false,"_yoast_wpseo_focuskw":"Unternehmenssteuer","_yoast_wpseo_metadesc":"Die Anpassung der kantonalen Steuergesetze nach der Reform der Unternehmenssteuer l\u00e4uft. Doch die OECD hat weitere Forderungen.","articlekey":"","footnotes":""},"categories":[24],"tags":[193,454,531],"class_list":["post-5839","post","type-post","status-publish","format-standard","has-post-thumbnail","hentry","category-finanzen_recht","tag-fachkongressfachmesse","tag-steuern","tag-wirtschaftspolitik"],"acf":[],"yoast_head":"<!-- This site is optimized with the Yoast SEO plugin v27.4 - https:\/\/yoast.com\/product\/yoast-seo-wordpress\/ -->\n<title>Unternehmenssteuer: OECD-Forderungen d\u00fcrften f\u00fcr Steuerausf\u00e4lle sorgen - Organisator<\/title>\n<meta name=\"description\" content=\"Die Anpassung der kantonalen Steuergesetze nach der Reform der Unternehmenssteuer l\u00e4uft. Doch die OECD hat weitere Forderungen.\" \/>\n<meta name=\"robots\" content=\"index, follow, max-snippet:-1, max-image-preview:large, max-video-preview:-1\" \/>\n<link rel=\"canonical\" href=\"https:\/\/www.organisator.ch\/it\/gestione-2\/finanzen_recht\/2019-09-26\/unternehmenssteuer-oecd-forderungen-duerften-fuer-steuerausfaelle-sorgen\/\" \/>\n<meta property=\"og:locale\" content=\"it_IT\" \/>\n<meta property=\"og:type\" content=\"article\" \/>\n<meta property=\"og:title\" content=\"Unternehmenssteuer: OECD-Forderungen d\u00fcrften f\u00fcr Steuerausf\u00e4lle sorgen\" \/>\n<meta property=\"og:description\" content=\"Die Anpassung der kantonalen Steuergesetze nach der Reform der Unternehmenssteuer l\u00e4uft. Doch die OECD hat weitere Forderungen.\" \/>\n<meta property=\"og:url\" content=\"https:\/\/www.organisator.ch\/it\/gestione-2\/finanzen_recht\/2019-09-26\/unternehmenssteuer-oecd-forderungen-duerften-fuer-steuerausfaelle-sorgen\/\" \/>\n<meta property=\"og:site_name\" content=\"Organisator\" \/>\n<meta property=\"article:publisher\" content=\"https:\/\/www.facebook.com\/OrganisatorFachmagazin\" \/>\n<meta property=\"article:published_time\" content=\"2019-09-26T06:14:55+00:00\" \/>\n<meta property=\"og:image\" content=\"https:\/\/www.organisator.ch\/wp-content\/uploads\/2019\/09\/Unternehmenssteuer-OECD-Forderungen-duerften-fuer-Steuerausfaelle-sorgen_Organisator.jpg\" \/>\n\t<meta property=\"og:image:width\" content=\"680\" \/>\n\t<meta property=\"og:image:height\" content=\"480\" \/>\n\t<meta property=\"og:image:type\" content=\"image\/jpeg\" \/>\n<meta name=\"author\" content=\"thomas.berner\" \/>\n<meta name=\"twitter:card\" content=\"summary_large_image\" \/>\n<meta name=\"twitter:title\" content=\"#Unternehmenssteuer: #OECD-Forderungen d\u00fcrften f\u00fcr Steuerausf\u00e4lle sorgen\" \/>\n<meta name=\"twitter:description\" content=\"Die Anpassung der kantonalen Steuergesetze nach der Reform der #Unternehmenssteuer l\u00e4uft. Doch die #OECD hat weitere Forderungen.\" \/>\n<meta name=\"twitter:image\" content=\"https:\/\/www.organisator.ch\/wp-content\/uploads\/2019\/09\/Unternehmenssteuer-OECD-Forderungen-duerften-fuer-Steuerausfaelle-sorgen_Organisator.jpg\" \/>\n<script type=\"application\/ld+json\" class=\"yoast-schema-graph\">{\"@context\":\"https:\\\/\\\/schema.org\",\"@graph\":[{\"@type\":\"Article\",\"@id\":\"https:\\\/\\\/www.organisator.ch\\\/management\\\/finanzen_recht\\\/2019-09-26\\\/unternehmenssteuer-oecd-forderungen-duerften-fuer-steuerausfaelle-sorgen\\\/#article\",\"isPartOf\":{\"@id\":\"https:\\\/\\\/www.organisator.ch\\\/management\\\/finanzen_recht\\\/2019-09-26\\\/unternehmenssteuer-oecd-forderungen-duerften-fuer-steuerausfaelle-sorgen\\\/\"},\"author\":{\"name\":\"thomas.berner\",\"@id\":\"https:\\\/\\\/www.organisator.ch\\\/#\\\/schema\\\/person\\\/6f650f90b2842cd4c0cc334b4e36f67e\"},\"headline\":\"Unternehmenssteuer: OECD-Forderungen d\u00fcrften f\u00fcr Steuerausf\u00e4lle sorgen\",\"datePublished\":\"2019-09-26T06:14:55+00:00\",\"mainEntityOfPage\":{\"@id\":\"https:\\\/\\\/www.organisator.ch\\\/management\\\/finanzen_recht\\\/2019-09-26\\\/unternehmenssteuer-oecd-forderungen-duerften-fuer-steuerausfaelle-sorgen\\\/\"},\"wordCount\":382,\"publisher\":{\"@id\":\"https:\\\/\\\/www.organisator.ch\\\/#organization\"},\"image\":{\"@id\":\"https:\\\/\\\/www.organisator.ch\\\/management\\\/finanzen_recht\\\/2019-09-26\\\/unternehmenssteuer-oecd-forderungen-duerften-fuer-steuerausfaelle-sorgen\\\/#primaryimage\"},\"thumbnailUrl\":\"https:\\\/\\\/www.organisator.ch\\\/wp-content\\\/uploads\\\/2019\\\/09\\\/Unternehmenssteuer-OECD-Forderungen-duerften-fuer-Steuerausfaelle-sorgen_Organisator.jpg\",\"keywords\":[\"Fachkongress\\\/Fachmesse\",\"Steuern\",\"Wirtschaftspolitik\"],\"articleSection\":[\"FINANZEN\\\/RECHT\"],\"inLanguage\":\"it-IT\"},{\"@type\":\"WebPage\",\"@id\":\"https:\\\/\\\/www.organisator.ch\\\/management\\\/finanzen_recht\\\/2019-09-26\\\/unternehmenssteuer-oecd-forderungen-duerften-fuer-steuerausfaelle-sorgen\\\/\",\"url\":\"https:\\\/\\\/www.organisator.ch\\\/management\\\/finanzen_recht\\\/2019-09-26\\\/unternehmenssteuer-oecd-forderungen-duerften-fuer-steuerausfaelle-sorgen\\\/\",\"name\":\"Unternehmenssteuer: OECD-Forderungen d\u00fcrften f\u00fcr Steuerausf\u00e4lle sorgen - Organisator\",\"isPartOf\":{\"@id\":\"https:\\\/\\\/www.organisator.ch\\\/#website\"},\"primaryImageOfPage\":{\"@id\":\"https:\\\/\\\/www.organisator.ch\\\/management\\\/finanzen_recht\\\/2019-09-26\\\/unternehmenssteuer-oecd-forderungen-duerften-fuer-steuerausfaelle-sorgen\\\/#primaryimage\"},\"image\":{\"@id\":\"https:\\\/\\\/www.organisator.ch\\\/management\\\/finanzen_recht\\\/2019-09-26\\\/unternehmenssteuer-oecd-forderungen-duerften-fuer-steuerausfaelle-sorgen\\\/#primaryimage\"},\"thumbnailUrl\":\"https:\\\/\\\/www.organisator.ch\\\/wp-content\\\/uploads\\\/2019\\\/09\\\/Unternehmenssteuer-OECD-Forderungen-duerften-fuer-Steuerausfaelle-sorgen_Organisator.jpg\",\"datePublished\":\"2019-09-26T06:14:55+00:00\",\"description\":\"Die Anpassung der kantonalen Steuergesetze nach der Reform der Unternehmenssteuer l\u00e4uft. Doch die OECD hat weitere Forderungen.\",\"breadcrumb\":{\"@id\":\"https:\\\/\\\/www.organisator.ch\\\/management\\\/finanzen_recht\\\/2019-09-26\\\/unternehmenssteuer-oecd-forderungen-duerften-fuer-steuerausfaelle-sorgen\\\/#breadcrumb\"},\"inLanguage\":\"it-IT\",\"potentialAction\":[{\"@type\":\"ReadAction\",\"target\":[\"https:\\\/\\\/www.organisator.ch\\\/management\\\/finanzen_recht\\\/2019-09-26\\\/unternehmenssteuer-oecd-forderungen-duerften-fuer-steuerausfaelle-sorgen\\\/\"]}]},{\"@type\":\"ImageObject\",\"inLanguage\":\"it-IT\",\"@id\":\"https:\\\/\\\/www.organisator.ch\\\/management\\\/finanzen_recht\\\/2019-09-26\\\/unternehmenssteuer-oecd-forderungen-duerften-fuer-steuerausfaelle-sorgen\\\/#primaryimage\",\"url\":\"https:\\\/\\\/www.organisator.ch\\\/wp-content\\\/uploads\\\/2019\\\/09\\\/Unternehmenssteuer-OECD-Forderungen-duerften-fuer-Steuerausfaelle-sorgen_Organisator.jpg\",\"contentUrl\":\"https:\\\/\\\/www.organisator.ch\\\/wp-content\\\/uploads\\\/2019\\\/09\\\/Unternehmenssteuer-OECD-Forderungen-duerften-fuer-Steuerausfaelle-sorgen_Organisator.jpg\",\"width\":680,\"height\":480,\"caption\":\"Die OECD hat neue Forderungen an die Unternehmenssteuer: Drohen Steuerausf\u00e4lle f\u00fcr Bund, Kantone und Gemeinden? (Bild: Pixabay.com)\"},{\"@type\":\"BreadcrumbList\",\"@id\":\"https:\\\/\\\/www.organisator.ch\\\/management\\\/finanzen_recht\\\/2019-09-26\\\/unternehmenssteuer-oecd-forderungen-duerften-fuer-steuerausfaelle-sorgen\\\/#breadcrumb\",\"itemListElement\":[{\"@type\":\"ListItem\",\"position\":1,\"name\":\"Home\",\"item\":\"https:\\\/\\\/www.organisator.ch\\\/\"},{\"@type\":\"ListItem\",\"position\":2,\"name\":\"Unternehmenssteuer: OECD-Forderungen d\u00fcrften f\u00fcr Steuerausf\u00e4lle sorgen\"}]},{\"@type\":\"WebSite\",\"@id\":\"https:\\\/\\\/www.organisator.ch\\\/#website\",\"url\":\"https:\\\/\\\/www.organisator.ch\\\/\",\"name\":\"Organisator\",\"description\":\"Kompetent. Praxisnah. Der ORGANISATOR bereitet in 10 Ausgaben pro Jahr die wesentlichen Themen f\u00fcr F\u00fchrungskr\u00e4fte von KMU auf.\",\"publisher\":{\"@id\":\"https:\\\/\\\/www.organisator.ch\\\/#organization\"},\"potentialAction\":[{\"@type\":\"SearchAction\",\"target\":{\"@type\":\"EntryPoint\",\"urlTemplate\":\"https:\\\/\\\/www.organisator.ch\\\/?s={search_term_string}\"},\"query-input\":{\"@type\":\"PropertyValueSpecification\",\"valueRequired\":true,\"valueName\":\"search_term_string\"}}],\"inLanguage\":\"it-IT\"},{\"@type\":\"Organization\",\"@id\":\"https:\\\/\\\/www.organisator.ch\\\/#organization\",\"name\":\"Organisator\",\"url\":\"https:\\\/\\\/www.organisator.ch\\\/\",\"logo\":{\"@type\":\"ImageObject\",\"inLanguage\":\"it-IT\",\"@id\":\"https:\\\/\\\/www.organisator.ch\\\/#\\\/schema\\\/logo\\\/image\\\/\",\"url\":\"https:\\\/\\\/www.organisator.ch\\\/wp-content\\\/uploads\\\/2022\\\/01\\\/Logo_Organisator_Website.png\",\"contentUrl\":\"https:\\\/\\\/www.organisator.ch\\\/wp-content\\\/uploads\\\/2022\\\/01\\\/Logo_Organisator_Website.png\",\"width\":800,\"height\":77,\"caption\":\"Organisator\"},\"image\":{\"@id\":\"https:\\\/\\\/www.organisator.ch\\\/#\\\/schema\\\/logo\\\/image\\\/\"},\"sameAs\":[\"https:\\\/\\\/www.facebook.com\\\/OrganisatorFachmagazin\",\"https:\\\/\\\/www.linkedin.com\\\/showcase\\\/organisator-das-magazin-fr-kmu\",\"https:\\\/\\\/www.xing.com\\\/news\\\/pages\\\/organisator-ch-695\",\"https:\\\/\\\/www.youtube.com\\\/channel\\\/UCGP2Sq0iWaZwT3BdIAQFYpw\"]},{\"@type\":\"Person\",\"@id\":\"https:\\\/\\\/www.organisator.ch\\\/#\\\/schema\\\/person\\\/6f650f90b2842cd4c0cc334b4e36f67e\",\"name\":\"thomas.berner\",\"image\":{\"@type\":\"ImageObject\",\"inLanguage\":\"it-IT\",\"@id\":\"https:\\\/\\\/secure.gravatar.com\\\/avatar\\\/ac5001d2a36cb6c6cd3e50789007ffca834b477b74a2144564522e944eabff61?s=96&d=mm&r=g\",\"url\":\"https:\\\/\\\/secure.gravatar.com\\\/avatar\\\/ac5001d2a36cb6c6cd3e50789007ffca834b477b74a2144564522e944eabff61?s=96&d=mm&r=g\",\"contentUrl\":\"https:\\\/\\\/secure.gravatar.com\\\/avatar\\\/ac5001d2a36cb6c6cd3e50789007ffca834b477b74a2144564522e944eabff61?s=96&d=mm&r=g\",\"caption\":\"thomas.berner\"},\"url\":\"https:\\\/\\\/www.organisator.ch\\\/it\\\/author\\\/thomas-berner\\\/\"}]}<\/script>\n<!-- \/ Yoast SEO plugin. -->","yoast_head_json":{"title":"Imposta sulle societ\u00e0: le richieste dell'OCSE potrebbero causare carenze fiscali - Organizzatore","description":"\u00c8 in corso l'adeguamento delle leggi fiscali cantonali dopo la riforma dell'imposta sulle societ\u00e0. Ma l'OCSE ha altre richieste.","robots":{"index":"index","follow":"follow","max-snippet":"max-snippet:-1","max-image-preview":"max-image-preview:large","max-video-preview":"max-video-preview:-1"},"canonical":"https:\/\/www.organisator.ch\/it\/gestione-2\/finanzen_recht\/2019-09-26\/unternehmenssteuer-oecd-forderungen-duerften-fuer-steuerausfaelle-sorgen\/","og_locale":"it_IT","og_type":"article","og_title":"Unternehmenssteuer: OECD-Forderungen d\u00fcrften f\u00fcr Steuerausf\u00e4lle sorgen","og_description":"Die Anpassung der kantonalen Steuergesetze nach der Reform der Unternehmenssteuer l\u00e4uft. Doch die OECD hat weitere Forderungen.","og_url":"https:\/\/www.organisator.ch\/it\/gestione-2\/finanzen_recht\/2019-09-26\/unternehmenssteuer-oecd-forderungen-duerften-fuer-steuerausfaelle-sorgen\/","og_site_name":"Organisator","article_publisher":"https:\/\/www.facebook.com\/OrganisatorFachmagazin","article_published_time":"2019-09-26T06:14:55+00:00","og_image":[{"width":680,"height":480,"url":"https:\/\/www.organisator.ch\/wp-content\/uploads\/2019\/09\/Unternehmenssteuer-OECD-Forderungen-duerften-fuer-Steuerausfaelle-sorgen_Organisator.jpg","type":"image\/jpeg"}],"author":"thomas.berner","twitter_card":"summary_large_image","twitter_title":"#Unternehmenssteuer: #OECD-Forderungen d\u00fcrften f\u00fcr Steuerausf\u00e4lle sorgen","twitter_description":"Die Anpassung der kantonalen Steuergesetze nach der Reform der #Unternehmenssteuer l\u00e4uft. Doch die #OECD hat weitere Forderungen.","twitter_image":"https:\/\/www.organisator.ch\/wp-content\/uploads\/2019\/09\/Unternehmenssteuer-OECD-Forderungen-duerften-fuer-Steuerausfaelle-sorgen_Organisator.jpg","schema":{"@context":"https:\/\/schema.org","@graph":[{"@type":"Article","@id":"https:\/\/www.organisator.ch\/management\/finanzen_recht\/2019-09-26\/unternehmenssteuer-oecd-forderungen-duerften-fuer-steuerausfaelle-sorgen\/#article","isPartOf":{"@id":"https:\/\/www.organisator.ch\/management\/finanzen_recht\/2019-09-26\/unternehmenssteuer-oecd-forderungen-duerften-fuer-steuerausfaelle-sorgen\/"},"author":{"name":"thomas.berner","@id":"https:\/\/www.organisator.ch\/#\/schema\/person\/6f650f90b2842cd4c0cc334b4e36f67e"},"headline":"Unternehmenssteuer: OECD-Forderungen d\u00fcrften f\u00fcr Steuerausf\u00e4lle sorgen","datePublished":"2019-09-26T06:14:55+00:00","mainEntityOfPage":{"@id":"https:\/\/www.organisator.ch\/management\/finanzen_recht\/2019-09-26\/unternehmenssteuer-oecd-forderungen-duerften-fuer-steuerausfaelle-sorgen\/"},"wordCount":382,"publisher":{"@id":"https:\/\/www.organisator.ch\/#organization"},"image":{"@id":"https:\/\/www.organisator.ch\/management\/finanzen_recht\/2019-09-26\/unternehmenssteuer-oecd-forderungen-duerften-fuer-steuerausfaelle-sorgen\/#primaryimage"},"thumbnailUrl":"https:\/\/www.organisator.ch\/wp-content\/uploads\/2019\/09\/Unternehmenssteuer-OECD-Forderungen-duerften-fuer-Steuerausfaelle-sorgen_Organisator.jpg","keywords":["Fachkongress\/Fachmesse","Steuern","Wirtschaftspolitik"],"articleSection":["FINANZEN\/RECHT"],"inLanguage":"it-IT"},{"@type":"WebPage","@id":"https:\/\/www.organisator.ch\/management\/finanzen_recht\/2019-09-26\/unternehmenssteuer-oecd-forderungen-duerften-fuer-steuerausfaelle-sorgen\/","url":"https:\/\/www.organisator.ch\/management\/finanzen_recht\/2019-09-26\/unternehmenssteuer-oecd-forderungen-duerften-fuer-steuerausfaelle-sorgen\/","name":"Imposta sulle societ\u00e0: le richieste dell'OCSE potrebbero causare carenze fiscali - Organizzatore","isPartOf":{"@id":"https:\/\/www.organisator.ch\/#website"},"primaryImageOfPage":{"@id":"https:\/\/www.organisator.ch\/management\/finanzen_recht\/2019-09-26\/unternehmenssteuer-oecd-forderungen-duerften-fuer-steuerausfaelle-sorgen\/#primaryimage"},"image":{"@id":"https:\/\/www.organisator.ch\/management\/finanzen_recht\/2019-09-26\/unternehmenssteuer-oecd-forderungen-duerften-fuer-steuerausfaelle-sorgen\/#primaryimage"},"thumbnailUrl":"https:\/\/www.organisator.ch\/wp-content\/uploads\/2019\/09\/Unternehmenssteuer-OECD-Forderungen-duerften-fuer-Steuerausfaelle-sorgen_Organisator.jpg","datePublished":"2019-09-26T06:14:55+00:00","description":"\u00c8 in corso l'adeguamento delle leggi fiscali cantonali dopo la riforma dell'imposta sulle societ\u00e0. Ma l'OCSE ha altre richieste.","breadcrumb":{"@id":"https:\/\/www.organisator.ch\/management\/finanzen_recht\/2019-09-26\/unternehmenssteuer-oecd-forderungen-duerften-fuer-steuerausfaelle-sorgen\/#breadcrumb"},"inLanguage":"it-IT","potentialAction":[{"@type":"ReadAction","target":["https:\/\/www.organisator.ch\/management\/finanzen_recht\/2019-09-26\/unternehmenssteuer-oecd-forderungen-duerften-fuer-steuerausfaelle-sorgen\/"]}]},{"@type":"ImageObject","inLanguage":"it-IT","@id":"https:\/\/www.organisator.ch\/management\/finanzen_recht\/2019-09-26\/unternehmenssteuer-oecd-forderungen-duerften-fuer-steuerausfaelle-sorgen\/#primaryimage","url":"https:\/\/www.organisator.ch\/wp-content\/uploads\/2019\/09\/Unternehmenssteuer-OECD-Forderungen-duerften-fuer-Steuerausfaelle-sorgen_Organisator.jpg","contentUrl":"https:\/\/www.organisator.ch\/wp-content\/uploads\/2019\/09\/Unternehmenssteuer-OECD-Forderungen-duerften-fuer-Steuerausfaelle-sorgen_Organisator.jpg","width":680,"height":480,"caption":"Die OECD hat neue Forderungen an die Unternehmenssteuer: Drohen Steuerausf\u00e4lle f\u00fcr Bund, Kantone und Gemeinden? (Bild: Pixabay.com)"},{"@type":"BreadcrumbList","@id":"https:\/\/www.organisator.ch\/management\/finanzen_recht\/2019-09-26\/unternehmenssteuer-oecd-forderungen-duerften-fuer-steuerausfaelle-sorgen\/#breadcrumb","itemListElement":[{"@type":"ListItem","position":1,"name":"Home","item":"https:\/\/www.organisator.ch\/"},{"@type":"ListItem","position":2,"name":"Unternehmenssteuer: OECD-Forderungen d\u00fcrften f\u00fcr Steuerausf\u00e4lle sorgen"}]},{"@type":"WebSite","@id":"https:\/\/www.organisator.ch\/#website","url":"https:\/\/www.organisator.ch\/","name":"Organizzatore","description":"Competente. Pratico. In 10 numeri all'anno, ORGANISATOR presenta i temi essenziali per i manager delle PMI.","publisher":{"@id":"https:\/\/www.organisator.ch\/#organization"},"potentialAction":[{"@type":"SearchAction","target":{"@type":"EntryPoint","urlTemplate":"https:\/\/www.organisator.ch\/?s={search_term_string}"},"query-input":{"@type":"PropertyValueSpecification","valueRequired":true,"valueName":"search_term_string"}}],"inLanguage":"it-IT"},{"@type":"Organization","@id":"https:\/\/www.organisator.ch\/#organization","name":"Organizzatore","url":"https:\/\/www.organisator.ch\/","logo":{"@type":"ImageObject","inLanguage":"it-IT","@id":"https:\/\/www.organisator.ch\/#\/schema\/logo\/image\/","url":"https:\/\/www.organisator.ch\/wp-content\/uploads\/2022\/01\/Logo_Organisator_Website.png","contentUrl":"https:\/\/www.organisator.ch\/wp-content\/uploads\/2022\/01\/Logo_Organisator_Website.png","width":800,"height":77,"caption":"Organisator"},"image":{"@id":"https:\/\/www.organisator.ch\/#\/schema\/logo\/image\/"},"sameAs":["https:\/\/www.facebook.com\/OrganisatorFachmagazin","https:\/\/www.linkedin.com\/showcase\/organisator-das-magazin-fr-kmu","https:\/\/www.xing.com\/news\/pages\/organisator-ch-695","https:\/\/www.youtube.com\/channel\/UCGP2Sq0iWaZwT3BdIAQFYpw"]},{"@type":"Person","@id":"https:\/\/www.organisator.ch\/#\/schema\/person\/6f650f90b2842cd4c0cc334b4e36f67e","name":"Tommaso.berner","image":{"@type":"ImageObject","inLanguage":"it-IT","@id":"https:\/\/secure.gravatar.com\/avatar\/ac5001d2a36cb6c6cd3e50789007ffca834b477b74a2144564522e944eabff61?s=96&d=mm&r=g","url":"https:\/\/secure.gravatar.com\/avatar\/ac5001d2a36cb6c6cd3e50789007ffca834b477b74a2144564522e944eabff61?s=96&d=mm&r=g","contentUrl":"https:\/\/secure.gravatar.com\/avatar\/ac5001d2a36cb6c6cd3e50789007ffca834b477b74a2144564522e944eabff61?s=96&d=mm&r=g","caption":"thomas.berner"},"url":"https:\/\/www.organisator.ch\/it\/author\/thomas-berner\/"}]}},"_links":{"self":[{"href":"https:\/\/www.organisator.ch\/it\/wp-json\/wp\/v2\/posts\/5839","targetHints":{"allow":["GET"]}}],"collection":[{"href":"https:\/\/www.organisator.ch\/it\/wp-json\/wp\/v2\/posts"}],"about":[{"href":"https:\/\/www.organisator.ch\/it\/wp-json\/wp\/v2\/types\/post"}],"author":[{"embeddable":true,"href":"https:\/\/www.organisator.ch\/it\/wp-json\/wp\/v2\/users\/4"}],"replies":[{"embeddable":true,"href":"https:\/\/www.organisator.ch\/it\/wp-json\/wp\/v2\/comments?post=5839"}],"version-history":[{"count":0,"href":"https:\/\/www.organisator.ch\/it\/wp-json\/wp\/v2\/posts\/5839\/revisions"}],"wp:featuredmedia":[{"embeddable":true,"href":"https:\/\/www.organisator.ch\/it\/wp-json\/wp\/v2\/media\/5840"}],"wp:attachment":[{"href":"https:\/\/www.organisator.ch\/it\/wp-json\/wp\/v2\/media?parent=5839"}],"wp:term":[{"taxonomy":"category","embeddable":true,"href":"https:\/\/www.organisator.ch\/it\/wp-json\/wp\/v2\/categories?post=5839"},{"taxonomy":"post_tag","embeddable":true,"href":"https:\/\/www.organisator.ch\/it\/wp-json\/wp\/v2\/tags?post=5839"}],"curies":[{"name":"wp","href":"https:\/\/api.w.org\/{rel}","templated":true}]}}