{"id":5863,"date":"2019-10-02T08:35:25","date_gmt":"2019-10-02T06:35:25","guid":{"rendered":"https:\/\/www.organisator.ch\/?p=5863"},"modified":"2019-10-02T08:35:25","modified_gmt":"2019-10-02T06:35:25","slug":"schweizer-innovationskraft-besser-nutzen-business-innovation-week-laeuft","status":"publish","type":"post","link":"https:\/\/www.organisator.ch\/it\/management\/2019-10-02\/schweizer-innovationskraft-besser-nutzen-business-innovation-week-laeuft\/","title":{"rendered":"Sfruttare meglio la forza innovativa della Svizzera - Si conclude la Settimana dell'innovazione aziendale"},"content":{"rendered":"<figure id=\"attachment_5864\" aria-describedby=\"caption-attachment-5864\" style=\"width: 680px\" class=\"wp-caption alignnone\"><img loading=\"lazy\" decoding=\"async\" class=\"size-medium wp-image-5864\" src=\"https:\/\/www.organisator.ch\/wp-content\/uploads\/2019\/10\/Schweizer-Innovationskraft-besser-nutzen-Business-Innovation-Week-laeuft_Organisator.jpg\" alt=\"\" width=\"680\" height=\"360\" srcset=\"https:\/\/www.organisator.ch\/wp-content\/uploads\/2019\/10\/Schweizer-Innovationskraft-besser-nutzen-Business-Innovation-Week-laeuft_Organisator.jpg 680w, https:\/\/www.organisator.ch\/wp-content\/uploads\/2019\/10\/Schweizer-Innovationskraft-besser-nutzen-Business-Innovation-Week-laeuft_Organisator-16x8.jpg 16w, https:\/\/www.organisator.ch\/wp-content\/uploads\/2019\/10\/Schweizer-Innovationskraft-besser-nutzen-Business-Innovation-Week-laeuft_Organisator-331x175.jpg 331w, https:\/\/www.organisator.ch\/wp-content\/uploads\/2019\/10\/Schweizer-Innovationskraft-besser-nutzen-Business-Innovation-Week-laeuft_Organisator-661x350.jpg 661w, https:\/\/www.organisator.ch\/wp-content\/uploads\/2019\/10\/Schweizer-Innovationskraft-besser-nutzen-Business-Innovation-Week-laeuft_Organisator-300x159.jpg 300w\" sizes=\"auto, (max-width: 680px) 100vw, 680px\" \/><figcaption id=\"caption-attachment-5864\" class=\"wp-caption-text\">Potenza innovativa e intelligenza artificiale in Svizzera: la fondatrice della BIW Ewa Ming (terza da sinistra) e il moderatore Stephan Klapproth (quarto da sinistra) con i relatori e gli ospiti del mondo economico, scientifico e politico. (Foto: BIW)<\/figcaption><\/figure>\n<p>Oggi, 4 ottobre 2019, si conclude la prima edizione della Business Innovation Week. Gli obiettivi erano ambiziosi: Doveva essere un grande evento in stile festival e trasformare il vivace luogo di lavoro di Zurigo Oerlikon in un \"forum ispiratore e interattivo per le innovazioni e i modelli di business rilevanti per l'azienda\". L'attenzione era rivolta alla digitalizzazione, ai nuovi lavori, alle tendenze e alle ultime tecnologie per il mondo del lavoro moderno. Non \u00e8 ancora possibile giudicare se i 10.000 visitatori professionali previsti siano stati effettivamente raggiunti. Tuttavia, i primi commenti di espositori e visitatori sono stati cautamente positivi: la qualit\u00e0 era buona, ma il pubblico avrebbe potuto essere un po' di pi\u00f9.<\/p>\n<h2>SVIZZERA futuRa<\/h2>\n<p>Nella giornata inaugurale, l'attenzione si \u00e8 concentrata sulla forza innovativa della Svizzera: In occasione del forum di apertura \"Zukunft SchwAIz\", il dott. Peter Gr\u00fcnenfelder, direttore di Avenir Suisse Business, ha affermato chiaramente che la Svizzera deve sfruttare meglio il suo potenziale economico. \"Dobbiamo finalmente rompere l'impasse delle riforme\", ha esortato i presenti. A suo avviso, l'intelligenza artificiale non minaccia il mercato del lavoro: \"La disoccupazione legata alla tecnologia \u00e8 un mito\". I nuovi profili professionali compenserebbero questa situazione.<\/p>\n<h2>Forza innovativa svizzera vs. cautela<\/h2>\n<p>Sono chiamate in causa soprattutto le PMI. Marted\u00ec 1 ottobre \u00e8 iniziata una giornata tematica sulla cultura dell'innovazione, il co-working, la leadership, le risorse umane e il nuovo lavoro. Sono tutti argomenti che le aziende dovrebbero tenere a mente se vogliono rimanere competitive in futuro. \"Questi temi riguardano tutte le PMI\", afferma Lionel Schlessinger, proprietario e CEO del produttore di vernici Monopol AG. \"Come mi devo comportare con la Generazione Z? Come affrontare i nuovi mercati? Gli svizzeri si alzano presto e si svegliano molto tardi\", ha dichiarato Schlessinger ai media. Il futurista Gerd Leonhard esorta le aziende a uscire dalla loro zona di comfort. \"L'accelerazione \u00e8 in aumento, e in modo esponenziale. Tuttavia, le persone stesse non sono esponenziali\", riassume il problema.<\/p>\n<h2>Formato di evento diversificato<\/h2>\n<p>Il formato della Business Innovation Week riflette la complessit\u00e0 in cui il mondo delle imprese deve operare oggi. \"Abbiamo la visione di offrire prospettive diverse sui temi\", dice Ewa Ming, che ha lanciato e creato l'evento. \"Vogliamo riunire persone diverse su argomenti diversi\".<\/p>\n<p>Resta da vedere se questo formato funziona. Il primo giorno della conferenza meritava sicuramente un po' pi\u00f9 di pubblico. Ma non si tratta solo di relazioni e presentazioni, concordano gli organizzatori e i relatori. \"Deve trattarsi di sperimentare e vivere la tecnologia\", afferma Gerd Leonhard. E questo \u00e8 stato certamente possibile: ad esempio, questa settimana si sono esibiti 25 robot umanoidi; si \u00e8 trattato della pi\u00f9 grande esposizione di robot in Europa fino ad oggi. Alla Business Innovation Week \u00e8 stata lanciata anche HERA, una nuova alleanza europea per la robotica: la \"Human Empowering Robot Alliance\".<\/p>\n<p>In ogni caso, si pu\u00f2 essere curiosi di conoscere il futuro dell'evento.<\/p>\n<p><a href=\"http:\/\/www.businessinnovation.ch\"><em>www.businessinnovation.ch<\/em><\/a><\/p>","protected":false},"excerpt":{"rendered":"<p>Heute, 4. Oktober 2019, endet die erste Ausgabe der Business Innovation Week. Die Ziele waren ambitioniert: Ein Grossanlass im Festival-Style sollte es werden und den pulsierenden Werkplatz Z\u00fcrich Oerlikon in ein &#8222;inspirierendes, interaktives Forum f\u00fcr unternehmsrelevante Innovationen und Gesch\u00e4ftsmodelle&#8220; verwandeln. Im Fokus standen die Themen Digitalisierung, New Work, Trends und neueste Technologien f\u00fcr die moderne [&hellip;]<\/p>\n","protected":false},"author":4,"featured_media":5864,"comment_status":"closed","ping_status":"closed","sticky":false,"template":"","format":"standard","meta":{"_acf_changed":false,"_yoast_wpseo_focuskw":"Schweizer Innovationskraft","_yoast_wpseo_metadesc":"Schweizer Innovationskraft im Fokus: An der Business Innovation Week befassten sich \u00fcber 100 Speakerinnen und Speaker sowie Aussteller mit Zukunftsthemen.","articlekey":"","footnotes":""},"categories":[28],"tags":[156,193,274,335],"class_list":["post-5863","post","type-post","status-publish","format-standard","has-post-thumbnail","hentry","category-management","tag-digitalisierung","tag-fachkongressfachmesse","tag-innovation","tag-management-und-unternehmensfuehrung"],"acf":[],"yoast_head":"<!-- This site is optimized with the Yoast SEO plugin v27.5 - https:\/\/yoast.com\/product\/yoast-seo-wordpress\/ -->\n<title>Schweizer Innovationskraft besser nutzen - Business Innovation Week geht zu Ende - Organisator<\/title>\n<meta name=\"description\" content=\"Schweizer Innovationskraft im Fokus: An der Business Innovation Week befassten sich \u00fcber 100 Speakerinnen und Speaker sowie Aussteller mit Zukunftsthemen.\" \/>\n<meta name=\"robots\" content=\"index, follow, max-snippet:-1, max-image-preview:large, max-video-preview:-1\" \/>\n<link rel=\"canonical\" href=\"https:\/\/www.organisator.ch\/it\/gestione-2\/2019-10-02\/schweizer-innovationskraft-besser-nutzen-business-innovation-week-laeuft\/\" \/>\n<meta property=\"og:locale\" content=\"it_IT\" \/>\n<meta property=\"og:type\" content=\"article\" \/>\n<meta property=\"og:title\" content=\"Schweizer Innovationskraft besser nutzen - Business Innovation Week l\u00e4uft\" \/>\n<meta property=\"og:description\" content=\"Noch bis Freitag, 4. Oktober 2019, werden \u00fcber 100 Speakerinnen und Speaker sowie Aussteller sich mit dem Thema Mensch-Maschine-Megatrends befassen.\" \/>\n<meta property=\"og:url\" content=\"https:\/\/www.organisator.ch\/it\/gestione-2\/2019-10-02\/schweizer-innovationskraft-besser-nutzen-business-innovation-week-laeuft\/\" \/>\n<meta property=\"og:site_name\" content=\"Organisator\" \/>\n<meta property=\"article:publisher\" content=\"https:\/\/www.facebook.com\/OrganisatorFachmagazin\" \/>\n<meta property=\"article:published_time\" content=\"2019-10-02T06:35:25+00:00\" \/>\n<meta property=\"og:image\" content=\"https:\/\/www.organisator.ch\/wp-content\/uploads\/2019\/10\/Schweizer-Innovationskraft-besser-nutzen-Business-Innovation-Week-laeuft_Organisator.jpg\" \/>\n\t<meta property=\"og:image:width\" content=\"680\" \/>\n\t<meta property=\"og:image:height\" content=\"360\" \/>\n\t<meta property=\"og:image:type\" content=\"image\/jpeg\" \/>\n<meta name=\"author\" content=\"thomas.berner\" \/>\n<meta name=\"twitter:card\" content=\"summary_large_image\" \/>\n<meta name=\"twitter:title\" content=\"Schweizer #Innovationskraft besser nutzen - Business Innovation Week l\u00e4uft\" \/>\n<meta name=\"twitter:description\" content=\"Noch bis Freitag, 4. Oktober 2019, werden \u00fcber 100 Speakerinnen und Speaker sowie Aussteller sich mit dem Thema #Mensch-Maschine-Megatrends befassen.\" \/>\n<meta name=\"twitter:image\" content=\"https:\/\/www.organisator.ch\/wp-content\/uploads\/2019\/10\/Schweizer-Innovationskraft-besser-nutzen-Business-Innovation-Week-laeuft_Organisator.jpg\" \/>\n<script type=\"application\/ld+json\" class=\"yoast-schema-graph\">{\"@context\":\"https:\\\/\\\/schema.org\",\"@graph\":[{\"@type\":\"Article\",\"@id\":\"https:\\\/\\\/www.organisator.ch\\\/management\\\/2019-10-02\\\/schweizer-innovationskraft-besser-nutzen-business-innovation-week-laeuft\\\/#article\",\"isPartOf\":{\"@id\":\"https:\\\/\\\/www.organisator.ch\\\/management\\\/2019-10-02\\\/schweizer-innovationskraft-besser-nutzen-business-innovation-week-laeuft\\\/\"},\"author\":{\"name\":\"thomas.berner\",\"@id\":\"https:\\\/\\\/www.organisator.ch\\\/#\\\/schema\\\/person\\\/6f650f90b2842cd4c0cc334b4e36f67e\"},\"headline\":\"Schweizer Innovationskraft besser nutzen &#8211; Business Innovation Week geht zu Ende\",\"datePublished\":\"2019-10-02T06:35:25+00:00\",\"mainEntityOfPage\":{\"@id\":\"https:\\\/\\\/www.organisator.ch\\\/management\\\/2019-10-02\\\/schweizer-innovationskraft-besser-nutzen-business-innovation-week-laeuft\\\/\"},\"wordCount\":496,\"publisher\":{\"@id\":\"https:\\\/\\\/www.organisator.ch\\\/#organization\"},\"image\":{\"@id\":\"https:\\\/\\\/www.organisator.ch\\\/management\\\/2019-10-02\\\/schweizer-innovationskraft-besser-nutzen-business-innovation-week-laeuft\\\/#primaryimage\"},\"thumbnailUrl\":\"https:\\\/\\\/www.organisator.ch\\\/wp-content\\\/uploads\\\/2019\\\/10\\\/Schweizer-Innovationskraft-besser-nutzen-Business-Innovation-Week-laeuft_Organisator.jpg\",\"keywords\":[\"Digitalisierung\",\"Fachkongress\\\/Fachmesse\",\"Innovation\",\"Management und Unternehmensf\u00fchrung\"],\"articleSection\":[\"MANAGEMENT\"],\"inLanguage\":\"it-IT\"},{\"@type\":\"WebPage\",\"@id\":\"https:\\\/\\\/www.organisator.ch\\\/management\\\/2019-10-02\\\/schweizer-innovationskraft-besser-nutzen-business-innovation-week-laeuft\\\/\",\"url\":\"https:\\\/\\\/www.organisator.ch\\\/management\\\/2019-10-02\\\/schweizer-innovationskraft-besser-nutzen-business-innovation-week-laeuft\\\/\",\"name\":\"Schweizer Innovationskraft besser nutzen - Business Innovation Week geht zu Ende - Organisator\",\"isPartOf\":{\"@id\":\"https:\\\/\\\/www.organisator.ch\\\/#website\"},\"primaryImageOfPage\":{\"@id\":\"https:\\\/\\\/www.organisator.ch\\\/management\\\/2019-10-02\\\/schweizer-innovationskraft-besser-nutzen-business-innovation-week-laeuft\\\/#primaryimage\"},\"image\":{\"@id\":\"https:\\\/\\\/www.organisator.ch\\\/management\\\/2019-10-02\\\/schweizer-innovationskraft-besser-nutzen-business-innovation-week-laeuft\\\/#primaryimage\"},\"thumbnailUrl\":\"https:\\\/\\\/www.organisator.ch\\\/wp-content\\\/uploads\\\/2019\\\/10\\\/Schweizer-Innovationskraft-besser-nutzen-Business-Innovation-Week-laeuft_Organisator.jpg\",\"datePublished\":\"2019-10-02T06:35:25+00:00\",\"description\":\"Schweizer Innovationskraft im Fokus: An der Business Innovation Week befassten sich \u00fcber 100 Speakerinnen und Speaker sowie Aussteller mit Zukunftsthemen.\",\"breadcrumb\":{\"@id\":\"https:\\\/\\\/www.organisator.ch\\\/management\\\/2019-10-02\\\/schweizer-innovationskraft-besser-nutzen-business-innovation-week-laeuft\\\/#breadcrumb\"},\"inLanguage\":\"it-IT\",\"potentialAction\":[{\"@type\":\"ReadAction\",\"target\":[\"https:\\\/\\\/www.organisator.ch\\\/management\\\/2019-10-02\\\/schweizer-innovationskraft-besser-nutzen-business-innovation-week-laeuft\\\/\"]}]},{\"@type\":\"ImageObject\",\"inLanguage\":\"it-IT\",\"@id\":\"https:\\\/\\\/www.organisator.ch\\\/management\\\/2019-10-02\\\/schweizer-innovationskraft-besser-nutzen-business-innovation-week-laeuft\\\/#primaryimage\",\"url\":\"https:\\\/\\\/www.organisator.ch\\\/wp-content\\\/uploads\\\/2019\\\/10\\\/Schweizer-Innovationskraft-besser-nutzen-Business-Innovation-Week-laeuft_Organisator.jpg\",\"contentUrl\":\"https:\\\/\\\/www.organisator.ch\\\/wp-content\\\/uploads\\\/2019\\\/10\\\/Schweizer-Innovationskraft-besser-nutzen-Business-Innovation-Week-laeuft_Organisator.jpg\",\"width\":680,\"height\":360,\"caption\":\"Schweizer Innovationskraft und k\u00fcnstliche Intelligenz: BIW-Gr\u00fcnderin Ewa Ming (3.v.l.) und Moderator Stephan Klapproth (4.v.l.) mit Speakern und Talkg\u00e4sten aus Wirtschaft, Wissenschaft und Politik. (Foto: BIW)\"},{\"@type\":\"BreadcrumbList\",\"@id\":\"https:\\\/\\\/www.organisator.ch\\\/management\\\/2019-10-02\\\/schweizer-innovationskraft-besser-nutzen-business-innovation-week-laeuft\\\/#breadcrumb\",\"itemListElement\":[{\"@type\":\"ListItem\",\"position\":1,\"name\":\"Home\",\"item\":\"https:\\\/\\\/www.organisator.ch\\\/\"},{\"@type\":\"ListItem\",\"position\":2,\"name\":\"Schweizer Innovationskraft besser nutzen &#8211; Business Innovation Week geht zu Ende\"}]},{\"@type\":\"WebSite\",\"@id\":\"https:\\\/\\\/www.organisator.ch\\\/#website\",\"url\":\"https:\\\/\\\/www.organisator.ch\\\/\",\"name\":\"Organisator\",\"description\":\"Kompetent. Praxisnah. Der ORGANISATOR bereitet in 10 Ausgaben pro Jahr die wesentlichen Themen f\u00fcr F\u00fchrungskr\u00e4fte von KMU auf.\",\"publisher\":{\"@id\":\"https:\\\/\\\/www.organisator.ch\\\/#organization\"},\"potentialAction\":[{\"@type\":\"SearchAction\",\"target\":{\"@type\":\"EntryPoint\",\"urlTemplate\":\"https:\\\/\\\/www.organisator.ch\\\/?s={search_term_string}\"},\"query-input\":{\"@type\":\"PropertyValueSpecification\",\"valueRequired\":true,\"valueName\":\"search_term_string\"}}],\"inLanguage\":\"it-IT\"},{\"@type\":\"Organization\",\"@id\":\"https:\\\/\\\/www.organisator.ch\\\/#organization\",\"name\":\"Organisator\",\"url\":\"https:\\\/\\\/www.organisator.ch\\\/\",\"logo\":{\"@type\":\"ImageObject\",\"inLanguage\":\"it-IT\",\"@id\":\"https:\\\/\\\/www.organisator.ch\\\/#\\\/schema\\\/logo\\\/image\\\/\",\"url\":\"https:\\\/\\\/www.organisator.ch\\\/wp-content\\\/uploads\\\/2022\\\/01\\\/Logo_Organisator_Website.png\",\"contentUrl\":\"https:\\\/\\\/www.organisator.ch\\\/wp-content\\\/uploads\\\/2022\\\/01\\\/Logo_Organisator_Website.png\",\"width\":800,\"height\":77,\"caption\":\"Organisator\"},\"image\":{\"@id\":\"https:\\\/\\\/www.organisator.ch\\\/#\\\/schema\\\/logo\\\/image\\\/\"},\"sameAs\":[\"https:\\\/\\\/www.facebook.com\\\/OrganisatorFachmagazin\",\"https:\\\/\\\/www.linkedin.com\\\/showcase\\\/organisator-das-magazin-fr-kmu\",\"https:\\\/\\\/www.xing.com\\\/news\\\/pages\\\/organisator-ch-695\",\"https:\\\/\\\/www.youtube.com\\\/channel\\\/UCGP2Sq0iWaZwT3BdIAQFYpw\"]},{\"@type\":\"Person\",\"@id\":\"https:\\\/\\\/www.organisator.ch\\\/#\\\/schema\\\/person\\\/6f650f90b2842cd4c0cc334b4e36f67e\",\"name\":\"thomas.berner\",\"image\":{\"@type\":\"ImageObject\",\"inLanguage\":\"it-IT\",\"@id\":\"https:\\\/\\\/secure.gravatar.com\\\/avatar\\\/ac5001d2a36cb6c6cd3e50789007ffca834b477b74a2144564522e944eabff61?s=96&d=mm&r=g\",\"url\":\"https:\\\/\\\/secure.gravatar.com\\\/avatar\\\/ac5001d2a36cb6c6cd3e50789007ffca834b477b74a2144564522e944eabff61?s=96&d=mm&r=g\",\"contentUrl\":\"https:\\\/\\\/secure.gravatar.com\\\/avatar\\\/ac5001d2a36cb6c6cd3e50789007ffca834b477b74a2144564522e944eabff61?s=96&d=mm&r=g\",\"caption\":\"thomas.berner\"},\"url\":\"https:\\\/\\\/www.organisator.ch\\\/it\\\/author\\\/thomas-berner\\\/\"}]}<\/script>\n<!-- \/ Yoast SEO plugin. -->","yoast_head_json":{"title":"Sfruttare meglio la forza innovativa della Svizzera - Si conclude la Settimana dell'innovazione aziendale - Organizzatore","description":"La forza innovativa della Svizzera al centro dell'attenzione: alla Business Innovation Week, pi\u00f9 di 100 relatori ed espositori hanno affrontato i temi del futuro.","robots":{"index":"index","follow":"follow","max-snippet":"max-snippet:-1","max-image-preview":"max-image-preview:large","max-video-preview":"max-video-preview:-1"},"canonical":"https:\/\/www.organisator.ch\/it\/gestione-2\/2019-10-02\/schweizer-innovationskraft-besser-nutzen-business-innovation-week-laeuft\/","og_locale":"it_IT","og_type":"article","og_title":"Schweizer Innovationskraft besser nutzen - Business Innovation Week l\u00e4uft","og_description":"Noch bis Freitag, 4. Oktober 2019, werden \u00fcber 100 Speakerinnen und Speaker sowie Aussteller sich mit dem Thema Mensch-Maschine-Megatrends befassen.","og_url":"https:\/\/www.organisator.ch\/it\/gestione-2\/2019-10-02\/schweizer-innovationskraft-besser-nutzen-business-innovation-week-laeuft\/","og_site_name":"Organisator","article_publisher":"https:\/\/www.facebook.com\/OrganisatorFachmagazin","article_published_time":"2019-10-02T06:35:25+00:00","og_image":[{"width":680,"height":360,"url":"https:\/\/www.organisator.ch\/wp-content\/uploads\/2019\/10\/Schweizer-Innovationskraft-besser-nutzen-Business-Innovation-Week-laeuft_Organisator.jpg","type":"image\/jpeg"}],"author":"thomas.berner","twitter_card":"summary_large_image","twitter_title":"Schweizer #Innovationskraft besser nutzen - Business Innovation Week l\u00e4uft","twitter_description":"Noch bis Freitag, 4. Oktober 2019, werden \u00fcber 100 Speakerinnen und Speaker sowie Aussteller sich mit dem Thema #Mensch-Maschine-Megatrends befassen.","twitter_image":"https:\/\/www.organisator.ch\/wp-content\/uploads\/2019\/10\/Schweizer-Innovationskraft-besser-nutzen-Business-Innovation-Week-laeuft_Organisator.jpg","schema":{"@context":"https:\/\/schema.org","@graph":[{"@type":"Article","@id":"https:\/\/www.organisator.ch\/management\/2019-10-02\/schweizer-innovationskraft-besser-nutzen-business-innovation-week-laeuft\/#article","isPartOf":{"@id":"https:\/\/www.organisator.ch\/management\/2019-10-02\/schweizer-innovationskraft-besser-nutzen-business-innovation-week-laeuft\/"},"author":{"name":"thomas.berner","@id":"https:\/\/www.organisator.ch\/#\/schema\/person\/6f650f90b2842cd4c0cc334b4e36f67e"},"headline":"Schweizer Innovationskraft besser nutzen &#8211; Business Innovation Week geht zu Ende","datePublished":"2019-10-02T06:35:25+00:00","mainEntityOfPage":{"@id":"https:\/\/www.organisator.ch\/management\/2019-10-02\/schweizer-innovationskraft-besser-nutzen-business-innovation-week-laeuft\/"},"wordCount":496,"publisher":{"@id":"https:\/\/www.organisator.ch\/#organization"},"image":{"@id":"https:\/\/www.organisator.ch\/management\/2019-10-02\/schweizer-innovationskraft-besser-nutzen-business-innovation-week-laeuft\/#primaryimage"},"thumbnailUrl":"https:\/\/www.organisator.ch\/wp-content\/uploads\/2019\/10\/Schweizer-Innovationskraft-besser-nutzen-Business-Innovation-Week-laeuft_Organisator.jpg","keywords":["Digitalisierung","Fachkongress\/Fachmesse","Innovation","Management und Unternehmensf\u00fchrung"],"articleSection":["MANAGEMENT"],"inLanguage":"it-IT"},{"@type":"WebPage","@id":"https:\/\/www.organisator.ch\/management\/2019-10-02\/schweizer-innovationskraft-besser-nutzen-business-innovation-week-laeuft\/","url":"https:\/\/www.organisator.ch\/management\/2019-10-02\/schweizer-innovationskraft-besser-nutzen-business-innovation-week-laeuft\/","name":"Sfruttare meglio la forza innovativa della Svizzera - Si conclude la Settimana dell'innovazione aziendale - Organizzatore","isPartOf":{"@id":"https:\/\/www.organisator.ch\/#website"},"primaryImageOfPage":{"@id":"https:\/\/www.organisator.ch\/management\/2019-10-02\/schweizer-innovationskraft-besser-nutzen-business-innovation-week-laeuft\/#primaryimage"},"image":{"@id":"https:\/\/www.organisator.ch\/management\/2019-10-02\/schweizer-innovationskraft-besser-nutzen-business-innovation-week-laeuft\/#primaryimage"},"thumbnailUrl":"https:\/\/www.organisator.ch\/wp-content\/uploads\/2019\/10\/Schweizer-Innovationskraft-besser-nutzen-Business-Innovation-Week-laeuft_Organisator.jpg","datePublished":"2019-10-02T06:35:25+00:00","description":"La forza innovativa della Svizzera al centro dell'attenzione: alla Business Innovation Week, pi\u00f9 di 100 relatori ed espositori hanno affrontato i temi del futuro.","breadcrumb":{"@id":"https:\/\/www.organisator.ch\/management\/2019-10-02\/schweizer-innovationskraft-besser-nutzen-business-innovation-week-laeuft\/#breadcrumb"},"inLanguage":"it-IT","potentialAction":[{"@type":"ReadAction","target":["https:\/\/www.organisator.ch\/management\/2019-10-02\/schweizer-innovationskraft-besser-nutzen-business-innovation-week-laeuft\/"]}]},{"@type":"ImageObject","inLanguage":"it-IT","@id":"https:\/\/www.organisator.ch\/management\/2019-10-02\/schweizer-innovationskraft-besser-nutzen-business-innovation-week-laeuft\/#primaryimage","url":"https:\/\/www.organisator.ch\/wp-content\/uploads\/2019\/10\/Schweizer-Innovationskraft-besser-nutzen-Business-Innovation-Week-laeuft_Organisator.jpg","contentUrl":"https:\/\/www.organisator.ch\/wp-content\/uploads\/2019\/10\/Schweizer-Innovationskraft-besser-nutzen-Business-Innovation-Week-laeuft_Organisator.jpg","width":680,"height":360,"caption":"Schweizer Innovationskraft und k\u00fcnstliche Intelligenz: BIW-Gr\u00fcnderin Ewa Ming (3.v.l.) und Moderator Stephan Klapproth (4.v.l.) mit Speakern und Talkg\u00e4sten aus Wirtschaft, Wissenschaft und Politik. (Foto: BIW)"},{"@type":"BreadcrumbList","@id":"https:\/\/www.organisator.ch\/management\/2019-10-02\/schweizer-innovationskraft-besser-nutzen-business-innovation-week-laeuft\/#breadcrumb","itemListElement":[{"@type":"ListItem","position":1,"name":"Home","item":"https:\/\/www.organisator.ch\/"},{"@type":"ListItem","position":2,"name":"Schweizer Innovationskraft besser nutzen &#8211; Business Innovation Week geht zu Ende"}]},{"@type":"WebSite","@id":"https:\/\/www.organisator.ch\/#website","url":"https:\/\/www.organisator.ch\/","name":"Organizzatore","description":"Competente. Pratico. In 10 numeri all'anno, ORGANISATOR presenta i temi essenziali per i manager delle PMI.","publisher":{"@id":"https:\/\/www.organisator.ch\/#organization"},"potentialAction":[{"@type":"SearchAction","target":{"@type":"EntryPoint","urlTemplate":"https:\/\/www.organisator.ch\/?s={search_term_string}"},"query-input":{"@type":"PropertyValueSpecification","valueRequired":true,"valueName":"search_term_string"}}],"inLanguage":"it-IT"},{"@type":"Organization","@id":"https:\/\/www.organisator.ch\/#organization","name":"Organizzatore","url":"https:\/\/www.organisator.ch\/","logo":{"@type":"ImageObject","inLanguage":"it-IT","@id":"https:\/\/www.organisator.ch\/#\/schema\/logo\/image\/","url":"https:\/\/www.organisator.ch\/wp-content\/uploads\/2022\/01\/Logo_Organisator_Website.png","contentUrl":"https:\/\/www.organisator.ch\/wp-content\/uploads\/2022\/01\/Logo_Organisator_Website.png","width":800,"height":77,"caption":"Organisator"},"image":{"@id":"https:\/\/www.organisator.ch\/#\/schema\/logo\/image\/"},"sameAs":["https:\/\/www.facebook.com\/OrganisatorFachmagazin","https:\/\/www.linkedin.com\/showcase\/organisator-das-magazin-fr-kmu","https:\/\/www.xing.com\/news\/pages\/organisator-ch-695","https:\/\/www.youtube.com\/channel\/UCGP2Sq0iWaZwT3BdIAQFYpw"]},{"@type":"Person","@id":"https:\/\/www.organisator.ch\/#\/schema\/person\/6f650f90b2842cd4c0cc334b4e36f67e","name":"Tommaso.berner","image":{"@type":"ImageObject","inLanguage":"it-IT","@id":"https:\/\/secure.gravatar.com\/avatar\/ac5001d2a36cb6c6cd3e50789007ffca834b477b74a2144564522e944eabff61?s=96&d=mm&r=g","url":"https:\/\/secure.gravatar.com\/avatar\/ac5001d2a36cb6c6cd3e50789007ffca834b477b74a2144564522e944eabff61?s=96&d=mm&r=g","contentUrl":"https:\/\/secure.gravatar.com\/avatar\/ac5001d2a36cb6c6cd3e50789007ffca834b477b74a2144564522e944eabff61?s=96&d=mm&r=g","caption":"thomas.berner"},"url":"https:\/\/www.organisator.ch\/it\/author\/thomas-berner\/"}]}},"_links":{"self":[{"href":"https:\/\/www.organisator.ch\/it\/wp-json\/wp\/v2\/posts\/5863","targetHints":{"allow":["GET"]}}],"collection":[{"href":"https:\/\/www.organisator.ch\/it\/wp-json\/wp\/v2\/posts"}],"about":[{"href":"https:\/\/www.organisator.ch\/it\/wp-json\/wp\/v2\/types\/post"}],"author":[{"embeddable":true,"href":"https:\/\/www.organisator.ch\/it\/wp-json\/wp\/v2\/users\/4"}],"replies":[{"embeddable":true,"href":"https:\/\/www.organisator.ch\/it\/wp-json\/wp\/v2\/comments?post=5863"}],"version-history":[{"count":0,"href":"https:\/\/www.organisator.ch\/it\/wp-json\/wp\/v2\/posts\/5863\/revisions"}],"wp:featuredmedia":[{"embeddable":true,"href":"https:\/\/www.organisator.ch\/it\/wp-json\/wp\/v2\/media\/5864"}],"wp:attachment":[{"href":"https:\/\/www.organisator.ch\/it\/wp-json\/wp\/v2\/media?parent=5863"}],"wp:term":[{"taxonomy":"category","embeddable":true,"href":"https:\/\/www.organisator.ch\/it\/wp-json\/wp\/v2\/categories?post=5863"},{"taxonomy":"post_tag","embeddable":true,"href":"https:\/\/www.organisator.ch\/it\/wp-json\/wp\/v2\/tags?post=5863"}],"curies":[{"name":"wp","href":"https:\/\/api.w.org\/{rel}","templated":true}]}}