{"id":5940,"date":"2019-10-22T09:42:27","date_gmt":"2019-10-22T07:42:27","guid":{"rendered":"https:\/\/www.organisator.ch\/?p=5940"},"modified":"2019-10-22T09:42:27","modified_gmt":"2019-10-22T07:42:27","slug":"neuer-lehrgang-zu-mobbing-sexueller-belaestigung-und-diskriminierung","status":"publish","type":"post","link":"https:\/\/www.organisator.ch\/it\/human-resources\/fit_im_job\/2019-10-22\/neuer-lehrgang-zu-mobbing-sexueller-belaestigung-und-diskriminierung\/","title":{"rendered":"Nuovo corso su bullismo, molestie sessuali e discriminazione"},"content":{"rendered":"<figure id=\"attachment_5941\" aria-describedby=\"caption-attachment-5941\" style=\"width: 680px\" class=\"wp-caption alignnone\"><img loading=\"lazy\" decoding=\"async\" class=\"size-medium wp-image-5941\" src=\"https:\/\/www.organisator.ch\/wp-content\/uploads\/2019\/10\/Neuer-Lehrgang-zu-Mobbing-sexueller-Belaestigung-und-Diskriminierung_Organisator.jpg\" alt=\"\" width=\"680\" height=\"454\" srcset=\"https:\/\/www.organisator.ch\/wp-content\/uploads\/2019\/10\/Neuer-Lehrgang-zu-Mobbing-sexueller-Belaestigung-und-Diskriminierung_Organisator.jpg 680w, https:\/\/www.organisator.ch\/wp-content\/uploads\/2019\/10\/Neuer-Lehrgang-zu-Mobbing-sexueller-Belaestigung-und-Diskriminierung_Organisator-16x12.jpg 16w, https:\/\/www.organisator.ch\/wp-content\/uploads\/2019\/10\/Neuer-Lehrgang-zu-Mobbing-sexueller-Belaestigung-und-Diskriminierung_Organisator-262x175.jpg 262w, https:\/\/www.organisator.ch\/wp-content\/uploads\/2019\/10\/Neuer-Lehrgang-zu-Mobbing-sexueller-Belaestigung-und-Diskriminierung_Organisator-524x350.jpg 524w, https:\/\/www.organisator.ch\/wp-content\/uploads\/2019\/10\/Neuer-Lehrgang-zu-Mobbing-sexueller-Belaestigung-und-Diskriminierung_Organisator-300x200.jpg 300w\" sizes=\"auto, (max-width: 680px) 100vw, 680px\" \/><figcaption id=\"caption-attachment-5941\" class=\"wp-caption-text\">Nuovo corso su bullismo, molestie sessuali e discriminazione nell'industria delle pulizie: Corinne Sch\u00e4rer spiega i motivi. (Immagine: zVg)<\/figcaption><\/figure>\n<p>Ci sono 65.000 persone impiegate nell'industria della pulizia nella Svizzera tedesca. Molti dipendenti hanno un background migratorio e non hanno ancora un alto livello di conoscenza della lingua nazionale. L'industria delle pulizie offre loro l'opportunit\u00e0 di farsi strada in una professione versatile, ma anche sempre pi\u00f9 esigente. Possono anche approfittare di numerose opportunit\u00e0 di formazione continua sul lavoro.<\/p>\n<h2><strong>Formazione professionale orientata alla pratica <\/strong><\/h2>\n<p><strong>Corinne Sch\u00e4rer<\/strong> \u00e8 vicepresidente della PK Reinigung e rappresenta gli interessi dei dipendenti. Il segretario centrale e capo del dipartimento politico di Unia \u00e8 convinto che l'istruzione sia indispensabile per il settore delle pulizie, a partire dalle competenze linguistiche: \"Gli addetti alle pulizie devono essere in grado di comunicare e di capire i lavori che devono fare. Chi ha una buona conoscenza del lavoro progredir\u00e0 professionalmente e personalmente. L'intero settore ne beneficia, perch\u00e9 le richieste dei clienti aumentano anche nel settore della pulizia. I dipendenti meglio addestrati forniscono un servizio migliore ai clienti - in questo modo tutti sono soddisfatti. Il vicepresidente della PK Reinigung sottolinea che il modo in cui l'educazione viene impartita \u00e8 cruciale: \"L'educazione deve iniziare con l'individuo - con le sue competenze. La formazione professionale in particolare deve essere molto orientata alla pratica. L'educazione \u00e8 molto importante per lo sviluppo dell'industria delle pulizie, ma anche in generale per il futuro della nostra societ\u00e0, specialmente per il mondo del lavoro. Per gli individui, \u00e8 l'opportunit\u00e0 di progredire professionalmente e di fare lavori interessanti\". (Intervista video: <a href=\"https:\/\/www.youtube.com\/watch?v=uCSVlbwyygE\">https:\/\/www.youtube.com\/watch?v=uCSVlbwyygE<\/a>)<\/p>\n<h2>\"Il rispetto sul posto di lavoro\": Nuovo corso su bullismo, molestie sessuali e discriminazione<\/h2>\n<p>Le numerose offerte del PK Reinigung sono utilizzate attivamente. I soli corsi di tedesco sono stati frequentati da circa 900 persone nel 2018. Nel 2018, PK Reinigung ha introdotto con successo il corso di formazione CLA rilevante per il salario. Un nuovo corso in 2 parti su mobbing, molestie sessuali e discriminazione si terr\u00e0 da ottobre 2019. Nel modulo di base e di approfondimento, i dipendenti e i dirigenti acquisiscono le conoscenze necessarie per riconoscere i casi di bullismo, molestie sessuali e discriminazione. Imparano a reagire in modo appropriato e a prendere le misure necessarie. Provano azioni concrete. Il pedagogista sociale Lu Decurtins \u00e8 uno dei sei esperti che hanno sviluppato il corso. Esprime il suo desiderio personale per l'industria delle pulizie: \"I dipendenti dovrebbero sentirsi forti, avere una posizione sicura e lottare per i loro diritti.<\/p>\n<p><em>Ulteriori informazioni: <a href=\"http:\/\/www.reineprofis.ch\">www.reineprofis.ch <\/a><\/em><\/p>","protected":false},"excerpt":{"rendered":"<p>In der Reinigungsbranche sind in der Deutschschweiz 65\u2019000 Menschen t\u00e4tig. Zahreiche Arbeitnehmenden verf\u00fcgen \u00fcber einen Migrationshintergrund und beherrschen die Landessprache noch nicht auf hohem Niveau. Ihnen bietet die Reinigungsbranche die Chance, in einem vielseitigen, aber auch zunehmend anspruchsvollen Beruf Fuss zu fassen. Sie k\u00f6nnen zudem zahlreiche Angebote nutzen, um sich laufend on the Job weiterzubilden. [&hellip;]<\/p>\n","protected":false},"author":4,"featured_media":5941,"comment_status":"closed","ping_status":"closed","sticky":false,"template":"","format":"standard","meta":{"_acf_changed":false,"_yoast_wpseo_focuskw":"Neuer Lehrgang zu Mobbing","_yoast_wpseo_metadesc":"Die Reinigungsbranche setzt ihre Bildungsoffensive weiter um. Ein neuer Lehrgang zu Mobbing, sexueller Bel\u00e4stigung und Diskriminierung wurde geschaffen.","articlekey":"","footnotes":""},"categories":[25],"tags":[62,208,254,503],"class_list":["post-5940","post","type-post","status-publish","format-standard","has-post-thumbnail","hentry","category-fit_im_job","tag-aus-weiterbildung","tag-fit-im-job","tag-hrm","tag-verbaende"],"acf":[],"yoast_head":"<!-- This site is optimized with the Yoast SEO plugin v27.4 - https:\/\/yoast.com\/product\/yoast-seo-wordpress\/ -->\n<title>Neuer Lehrgang zu Mobbing, sexueller Bel\u00e4stigung und Diskriminierung - Organisator<\/title>\n<meta name=\"description\" content=\"Die Reinigungsbranche setzt ihre Bildungsoffensive weiter um. Ein neuer Lehrgang zu Mobbing, sexueller Bel\u00e4stigung und Diskriminierung wurde geschaffen.\" \/>\n<meta name=\"robots\" content=\"index, follow, max-snippet:-1, max-image-preview:large, max-video-preview:-1\" \/>\n<link rel=\"canonical\" href=\"https:\/\/www.organisator.ch\/it\/risorse-umane\/fit_im_job\/2019-10-22\/neuer-lehrgang-zu-mobbing-sexueller-belaestigung-und-diskriminierung\/\" \/>\n<meta property=\"og:locale\" content=\"it_IT\" \/>\n<meta property=\"og:type\" content=\"article\" \/>\n<meta property=\"og:title\" content=\"Neuer Lehrgang zu Mobbing, sexueller Bel\u00e4stigung und Diskriminierung\" \/>\n<meta property=\"og:description\" content=\"Die Reinigungsbranche setzt ihre Bildungsoffensive weiter um. Ein neuer Lehrgang zu Mobbing, sexueller Bel\u00e4stigung und Diskriminierung wurde geschaffen.\" \/>\n<meta property=\"og:url\" content=\"https:\/\/www.organisator.ch\/it\/risorse-umane\/fit_im_job\/2019-10-22\/neuer-lehrgang-zu-mobbing-sexueller-belaestigung-und-diskriminierung\/\" \/>\n<meta property=\"og:site_name\" content=\"Organisator\" \/>\n<meta property=\"article:publisher\" content=\"https:\/\/www.facebook.com\/OrganisatorFachmagazin\" \/>\n<meta property=\"article:published_time\" content=\"2019-10-22T07:42:27+00:00\" \/>\n<meta property=\"og:image\" content=\"https:\/\/www.organisator.ch\/wp-content\/uploads\/2019\/10\/Neuer-Lehrgang-zu-Mobbing-sexueller-Belaestigung-und-Diskriminierung_Organisator.jpg\" \/>\n\t<meta property=\"og:image:width\" content=\"680\" \/>\n\t<meta property=\"og:image:height\" content=\"454\" \/>\n\t<meta property=\"og:image:type\" content=\"image\/jpeg\" \/>\n<meta name=\"author\" content=\"thomas.berner\" \/>\n<meta name=\"twitter:card\" content=\"summary_large_image\" \/>\n<meta name=\"twitter:title\" content=\"Neuer Lehrgang zu #Mobbing, sexueller #Bel\u00e4stigung und #Diskriminierung\" \/>\n<meta name=\"twitter:description\" content=\"Die #Reinigungsbranche setzt ihre #Bildungsoffensive weiter um. Ein neuer Lehrgang zu #Mobbing, sexueller #Bel\u00e4stigung und #Diskriminierung wurde geschaffen.\" \/>\n<meta name=\"twitter:image\" content=\"https:\/\/www.organisator.ch\/wp-content\/uploads\/2019\/10\/Neuer-Lehrgang-zu-Mobbing-sexueller-Belaestigung-und-Diskriminierung_Organisator.jpg\" \/>\n<script type=\"application\/ld+json\" class=\"yoast-schema-graph\">{\"@context\":\"https:\\\/\\\/schema.org\",\"@graph\":[{\"@type\":\"Article\",\"@id\":\"https:\\\/\\\/www.organisator.ch\\\/human-resources\\\/fit_im_job\\\/2019-10-22\\\/neuer-lehrgang-zu-mobbing-sexueller-belaestigung-und-diskriminierung\\\/#article\",\"isPartOf\":{\"@id\":\"https:\\\/\\\/www.organisator.ch\\\/human-resources\\\/fit_im_job\\\/2019-10-22\\\/neuer-lehrgang-zu-mobbing-sexueller-belaestigung-und-diskriminierung\\\/\"},\"author\":{\"name\":\"thomas.berner\",\"@id\":\"https:\\\/\\\/www.organisator.ch\\\/#\\\/schema\\\/person\\\/6f650f90b2842cd4c0cc334b4e36f67e\"},\"headline\":\"Neuer Lehrgang zu Mobbing, sexueller Bel\u00e4stigung und Diskriminierung\",\"datePublished\":\"2019-10-22T07:42:27+00:00\",\"mainEntityOfPage\":{\"@id\":\"https:\\\/\\\/www.organisator.ch\\\/human-resources\\\/fit_im_job\\\/2019-10-22\\\/neuer-lehrgang-zu-mobbing-sexueller-belaestigung-und-diskriminierung\\\/\"},\"wordCount\":427,\"publisher\":{\"@id\":\"https:\\\/\\\/www.organisator.ch\\\/#organization\"},\"image\":{\"@id\":\"https:\\\/\\\/www.organisator.ch\\\/human-resources\\\/fit_im_job\\\/2019-10-22\\\/neuer-lehrgang-zu-mobbing-sexueller-belaestigung-und-diskriminierung\\\/#primaryimage\"},\"thumbnailUrl\":\"https:\\\/\\\/www.organisator.ch\\\/wp-content\\\/uploads\\\/2019\\\/10\\\/Neuer-Lehrgang-zu-Mobbing-sexueller-Belaestigung-und-Diskriminierung_Organisator.jpg\",\"keywords\":[\"Aus-\\\/Weiterbildung\",\"Fit im Job\",\"HRM\",\"Verb\u00e4nde\"],\"articleSection\":[\"FIT IM JOB\"],\"inLanguage\":\"it-IT\"},{\"@type\":\"WebPage\",\"@id\":\"https:\\\/\\\/www.organisator.ch\\\/human-resources\\\/fit_im_job\\\/2019-10-22\\\/neuer-lehrgang-zu-mobbing-sexueller-belaestigung-und-diskriminierung\\\/\",\"url\":\"https:\\\/\\\/www.organisator.ch\\\/human-resources\\\/fit_im_job\\\/2019-10-22\\\/neuer-lehrgang-zu-mobbing-sexueller-belaestigung-und-diskriminierung\\\/\",\"name\":\"Neuer Lehrgang zu Mobbing, sexueller Bel\u00e4stigung und Diskriminierung - Organisator\",\"isPartOf\":{\"@id\":\"https:\\\/\\\/www.organisator.ch\\\/#website\"},\"primaryImageOfPage\":{\"@id\":\"https:\\\/\\\/www.organisator.ch\\\/human-resources\\\/fit_im_job\\\/2019-10-22\\\/neuer-lehrgang-zu-mobbing-sexueller-belaestigung-und-diskriminierung\\\/#primaryimage\"},\"image\":{\"@id\":\"https:\\\/\\\/www.organisator.ch\\\/human-resources\\\/fit_im_job\\\/2019-10-22\\\/neuer-lehrgang-zu-mobbing-sexueller-belaestigung-und-diskriminierung\\\/#primaryimage\"},\"thumbnailUrl\":\"https:\\\/\\\/www.organisator.ch\\\/wp-content\\\/uploads\\\/2019\\\/10\\\/Neuer-Lehrgang-zu-Mobbing-sexueller-Belaestigung-und-Diskriminierung_Organisator.jpg\",\"datePublished\":\"2019-10-22T07:42:27+00:00\",\"description\":\"Die Reinigungsbranche setzt ihre Bildungsoffensive weiter um. Ein neuer Lehrgang zu Mobbing, sexueller Bel\u00e4stigung und Diskriminierung wurde geschaffen.\",\"breadcrumb\":{\"@id\":\"https:\\\/\\\/www.organisator.ch\\\/human-resources\\\/fit_im_job\\\/2019-10-22\\\/neuer-lehrgang-zu-mobbing-sexueller-belaestigung-und-diskriminierung\\\/#breadcrumb\"},\"inLanguage\":\"it-IT\",\"potentialAction\":[{\"@type\":\"ReadAction\",\"target\":[\"https:\\\/\\\/www.organisator.ch\\\/human-resources\\\/fit_im_job\\\/2019-10-22\\\/neuer-lehrgang-zu-mobbing-sexueller-belaestigung-und-diskriminierung\\\/\"]}]},{\"@type\":\"ImageObject\",\"inLanguage\":\"it-IT\",\"@id\":\"https:\\\/\\\/www.organisator.ch\\\/human-resources\\\/fit_im_job\\\/2019-10-22\\\/neuer-lehrgang-zu-mobbing-sexueller-belaestigung-und-diskriminierung\\\/#primaryimage\",\"url\":\"https:\\\/\\\/www.organisator.ch\\\/wp-content\\\/uploads\\\/2019\\\/10\\\/Neuer-Lehrgang-zu-Mobbing-sexueller-Belaestigung-und-Diskriminierung_Organisator.jpg\",\"contentUrl\":\"https:\\\/\\\/www.organisator.ch\\\/wp-content\\\/uploads\\\/2019\\\/10\\\/Neuer-Lehrgang-zu-Mobbing-sexueller-Belaestigung-und-Diskriminierung_Organisator.jpg\",\"width\":680,\"height\":454,\"caption\":\"Neuer Lehrgang zu Mobbing, sexueller Bel\u00e4stigung und Diskriminierung in der Reinigungsbranche: Corinne Sch\u00e4rer erl\u00e4utert die Beweggr\u00fcnde. (Bild: zVg)\"},{\"@type\":\"BreadcrumbList\",\"@id\":\"https:\\\/\\\/www.organisator.ch\\\/human-resources\\\/fit_im_job\\\/2019-10-22\\\/neuer-lehrgang-zu-mobbing-sexueller-belaestigung-und-diskriminierung\\\/#breadcrumb\",\"itemListElement\":[{\"@type\":\"ListItem\",\"position\":1,\"name\":\"Home\",\"item\":\"https:\\\/\\\/www.organisator.ch\\\/\"},{\"@type\":\"ListItem\",\"position\":2,\"name\":\"Neuer Lehrgang zu Mobbing, sexueller Bel\u00e4stigung und Diskriminierung\"}]},{\"@type\":\"WebSite\",\"@id\":\"https:\\\/\\\/www.organisator.ch\\\/#website\",\"url\":\"https:\\\/\\\/www.organisator.ch\\\/\",\"name\":\"Organisator\",\"description\":\"Kompetent. Praxisnah. Der ORGANISATOR bereitet in 10 Ausgaben pro Jahr die wesentlichen Themen f\u00fcr F\u00fchrungskr\u00e4fte von KMU auf.\",\"publisher\":{\"@id\":\"https:\\\/\\\/www.organisator.ch\\\/#organization\"},\"potentialAction\":[{\"@type\":\"SearchAction\",\"target\":{\"@type\":\"EntryPoint\",\"urlTemplate\":\"https:\\\/\\\/www.organisator.ch\\\/?s={search_term_string}\"},\"query-input\":{\"@type\":\"PropertyValueSpecification\",\"valueRequired\":true,\"valueName\":\"search_term_string\"}}],\"inLanguage\":\"it-IT\"},{\"@type\":\"Organization\",\"@id\":\"https:\\\/\\\/www.organisator.ch\\\/#organization\",\"name\":\"Organisator\",\"url\":\"https:\\\/\\\/www.organisator.ch\\\/\",\"logo\":{\"@type\":\"ImageObject\",\"inLanguage\":\"it-IT\",\"@id\":\"https:\\\/\\\/www.organisator.ch\\\/#\\\/schema\\\/logo\\\/image\\\/\",\"url\":\"https:\\\/\\\/www.organisator.ch\\\/wp-content\\\/uploads\\\/2022\\\/01\\\/Logo_Organisator_Website.png\",\"contentUrl\":\"https:\\\/\\\/www.organisator.ch\\\/wp-content\\\/uploads\\\/2022\\\/01\\\/Logo_Organisator_Website.png\",\"width\":800,\"height\":77,\"caption\":\"Organisator\"},\"image\":{\"@id\":\"https:\\\/\\\/www.organisator.ch\\\/#\\\/schema\\\/logo\\\/image\\\/\"},\"sameAs\":[\"https:\\\/\\\/www.facebook.com\\\/OrganisatorFachmagazin\",\"https:\\\/\\\/www.linkedin.com\\\/showcase\\\/organisator-das-magazin-fr-kmu\",\"https:\\\/\\\/www.xing.com\\\/news\\\/pages\\\/organisator-ch-695\",\"https:\\\/\\\/www.youtube.com\\\/channel\\\/UCGP2Sq0iWaZwT3BdIAQFYpw\"]},{\"@type\":\"Person\",\"@id\":\"https:\\\/\\\/www.organisator.ch\\\/#\\\/schema\\\/person\\\/6f650f90b2842cd4c0cc334b4e36f67e\",\"name\":\"thomas.berner\",\"image\":{\"@type\":\"ImageObject\",\"inLanguage\":\"it-IT\",\"@id\":\"https:\\\/\\\/secure.gravatar.com\\\/avatar\\\/ac5001d2a36cb6c6cd3e50789007ffca834b477b74a2144564522e944eabff61?s=96&d=mm&r=g\",\"url\":\"https:\\\/\\\/secure.gravatar.com\\\/avatar\\\/ac5001d2a36cb6c6cd3e50789007ffca834b477b74a2144564522e944eabff61?s=96&d=mm&r=g\",\"contentUrl\":\"https:\\\/\\\/secure.gravatar.com\\\/avatar\\\/ac5001d2a36cb6c6cd3e50789007ffca834b477b74a2144564522e944eabff61?s=96&d=mm&r=g\",\"caption\":\"thomas.berner\"},\"url\":\"https:\\\/\\\/www.organisator.ch\\\/it\\\/author\\\/thomas-berner\\\/\"}]}<\/script>\n<!-- \/ Yoast SEO plugin. -->","yoast_head_json":{"title":"Nuovo corso sul bullismo, le molestie sessuali e la discriminazione - Organizzatore","description":"Il settore delle pulizie continua ad attuare la sua offensiva educativa. \u00c8 stato creato un nuovo corso su bullismo, molestie sessuali e discriminazione.","robots":{"index":"index","follow":"follow","max-snippet":"max-snippet:-1","max-image-preview":"max-image-preview:large","max-video-preview":"max-video-preview:-1"},"canonical":"https:\/\/www.organisator.ch\/it\/risorse-umane\/fit_im_job\/2019-10-22\/neuer-lehrgang-zu-mobbing-sexueller-belaestigung-und-diskriminierung\/","og_locale":"it_IT","og_type":"article","og_title":"Neuer Lehrgang zu Mobbing, sexueller Bel\u00e4stigung und Diskriminierung","og_description":"Die Reinigungsbranche setzt ihre Bildungsoffensive weiter um. Ein neuer Lehrgang zu Mobbing, sexueller Bel\u00e4stigung und Diskriminierung wurde geschaffen.","og_url":"https:\/\/www.organisator.ch\/it\/risorse-umane\/fit_im_job\/2019-10-22\/neuer-lehrgang-zu-mobbing-sexueller-belaestigung-und-diskriminierung\/","og_site_name":"Organisator","article_publisher":"https:\/\/www.facebook.com\/OrganisatorFachmagazin","article_published_time":"2019-10-22T07:42:27+00:00","og_image":[{"width":680,"height":454,"url":"https:\/\/www.organisator.ch\/wp-content\/uploads\/2019\/10\/Neuer-Lehrgang-zu-Mobbing-sexueller-Belaestigung-und-Diskriminierung_Organisator.jpg","type":"image\/jpeg"}],"author":"thomas.berner","twitter_card":"summary_large_image","twitter_title":"Neuer Lehrgang zu #Mobbing, sexueller #Bel\u00e4stigung und #Diskriminierung","twitter_description":"Die #Reinigungsbranche setzt ihre #Bildungsoffensive weiter um. Ein neuer Lehrgang zu #Mobbing, sexueller #Bel\u00e4stigung und #Diskriminierung wurde geschaffen.","twitter_image":"https:\/\/www.organisator.ch\/wp-content\/uploads\/2019\/10\/Neuer-Lehrgang-zu-Mobbing-sexueller-Belaestigung-und-Diskriminierung_Organisator.jpg","schema":{"@context":"https:\/\/schema.org","@graph":[{"@type":"Article","@id":"https:\/\/www.organisator.ch\/human-resources\/fit_im_job\/2019-10-22\/neuer-lehrgang-zu-mobbing-sexueller-belaestigung-und-diskriminierung\/#article","isPartOf":{"@id":"https:\/\/www.organisator.ch\/human-resources\/fit_im_job\/2019-10-22\/neuer-lehrgang-zu-mobbing-sexueller-belaestigung-und-diskriminierung\/"},"author":{"name":"thomas.berner","@id":"https:\/\/www.organisator.ch\/#\/schema\/person\/6f650f90b2842cd4c0cc334b4e36f67e"},"headline":"Neuer Lehrgang zu Mobbing, sexueller Bel\u00e4stigung und Diskriminierung","datePublished":"2019-10-22T07:42:27+00:00","mainEntityOfPage":{"@id":"https:\/\/www.organisator.ch\/human-resources\/fit_im_job\/2019-10-22\/neuer-lehrgang-zu-mobbing-sexueller-belaestigung-und-diskriminierung\/"},"wordCount":427,"publisher":{"@id":"https:\/\/www.organisator.ch\/#organization"},"image":{"@id":"https:\/\/www.organisator.ch\/human-resources\/fit_im_job\/2019-10-22\/neuer-lehrgang-zu-mobbing-sexueller-belaestigung-und-diskriminierung\/#primaryimage"},"thumbnailUrl":"https:\/\/www.organisator.ch\/wp-content\/uploads\/2019\/10\/Neuer-Lehrgang-zu-Mobbing-sexueller-Belaestigung-und-Diskriminierung_Organisator.jpg","keywords":["Aus-\/Weiterbildung","Fit im Job","HRM","Verb\u00e4nde"],"articleSection":["FIT IM JOB"],"inLanguage":"it-IT"},{"@type":"WebPage","@id":"https:\/\/www.organisator.ch\/human-resources\/fit_im_job\/2019-10-22\/neuer-lehrgang-zu-mobbing-sexueller-belaestigung-und-diskriminierung\/","url":"https:\/\/www.organisator.ch\/human-resources\/fit_im_job\/2019-10-22\/neuer-lehrgang-zu-mobbing-sexueller-belaestigung-und-diskriminierung\/","name":"Nuovo corso sul bullismo, le molestie sessuali e la discriminazione - Organizzatore","isPartOf":{"@id":"https:\/\/www.organisator.ch\/#website"},"primaryImageOfPage":{"@id":"https:\/\/www.organisator.ch\/human-resources\/fit_im_job\/2019-10-22\/neuer-lehrgang-zu-mobbing-sexueller-belaestigung-und-diskriminierung\/#primaryimage"},"image":{"@id":"https:\/\/www.organisator.ch\/human-resources\/fit_im_job\/2019-10-22\/neuer-lehrgang-zu-mobbing-sexueller-belaestigung-und-diskriminierung\/#primaryimage"},"thumbnailUrl":"https:\/\/www.organisator.ch\/wp-content\/uploads\/2019\/10\/Neuer-Lehrgang-zu-Mobbing-sexueller-Belaestigung-und-Diskriminierung_Organisator.jpg","datePublished":"2019-10-22T07:42:27+00:00","description":"Il settore delle pulizie continua ad attuare la sua offensiva educativa. \u00c8 stato creato un nuovo corso su bullismo, molestie sessuali e discriminazione.","breadcrumb":{"@id":"https:\/\/www.organisator.ch\/human-resources\/fit_im_job\/2019-10-22\/neuer-lehrgang-zu-mobbing-sexueller-belaestigung-und-diskriminierung\/#breadcrumb"},"inLanguage":"it-IT","potentialAction":[{"@type":"ReadAction","target":["https:\/\/www.organisator.ch\/human-resources\/fit_im_job\/2019-10-22\/neuer-lehrgang-zu-mobbing-sexueller-belaestigung-und-diskriminierung\/"]}]},{"@type":"ImageObject","inLanguage":"it-IT","@id":"https:\/\/www.organisator.ch\/human-resources\/fit_im_job\/2019-10-22\/neuer-lehrgang-zu-mobbing-sexueller-belaestigung-und-diskriminierung\/#primaryimage","url":"https:\/\/www.organisator.ch\/wp-content\/uploads\/2019\/10\/Neuer-Lehrgang-zu-Mobbing-sexueller-Belaestigung-und-Diskriminierung_Organisator.jpg","contentUrl":"https:\/\/www.organisator.ch\/wp-content\/uploads\/2019\/10\/Neuer-Lehrgang-zu-Mobbing-sexueller-Belaestigung-und-Diskriminierung_Organisator.jpg","width":680,"height":454,"caption":"Neuer Lehrgang zu Mobbing, sexueller Bel\u00e4stigung und Diskriminierung in der Reinigungsbranche: Corinne Sch\u00e4rer erl\u00e4utert die Beweggr\u00fcnde. (Bild: zVg)"},{"@type":"BreadcrumbList","@id":"https:\/\/www.organisator.ch\/human-resources\/fit_im_job\/2019-10-22\/neuer-lehrgang-zu-mobbing-sexueller-belaestigung-und-diskriminierung\/#breadcrumb","itemListElement":[{"@type":"ListItem","position":1,"name":"Home","item":"https:\/\/www.organisator.ch\/"},{"@type":"ListItem","position":2,"name":"Neuer Lehrgang zu Mobbing, sexueller Bel\u00e4stigung und Diskriminierung"}]},{"@type":"WebSite","@id":"https:\/\/www.organisator.ch\/#website","url":"https:\/\/www.organisator.ch\/","name":"Organizzatore","description":"Competente. Pratico. In 10 numeri all'anno, ORGANISATOR presenta i temi essenziali per i manager delle PMI.","publisher":{"@id":"https:\/\/www.organisator.ch\/#organization"},"potentialAction":[{"@type":"SearchAction","target":{"@type":"EntryPoint","urlTemplate":"https:\/\/www.organisator.ch\/?s={search_term_string}"},"query-input":{"@type":"PropertyValueSpecification","valueRequired":true,"valueName":"search_term_string"}}],"inLanguage":"it-IT"},{"@type":"Organization","@id":"https:\/\/www.organisator.ch\/#organization","name":"Organizzatore","url":"https:\/\/www.organisator.ch\/","logo":{"@type":"ImageObject","inLanguage":"it-IT","@id":"https:\/\/www.organisator.ch\/#\/schema\/logo\/image\/","url":"https:\/\/www.organisator.ch\/wp-content\/uploads\/2022\/01\/Logo_Organisator_Website.png","contentUrl":"https:\/\/www.organisator.ch\/wp-content\/uploads\/2022\/01\/Logo_Organisator_Website.png","width":800,"height":77,"caption":"Organisator"},"image":{"@id":"https:\/\/www.organisator.ch\/#\/schema\/logo\/image\/"},"sameAs":["https:\/\/www.facebook.com\/OrganisatorFachmagazin","https:\/\/www.linkedin.com\/showcase\/organisator-das-magazin-fr-kmu","https:\/\/www.xing.com\/news\/pages\/organisator-ch-695","https:\/\/www.youtube.com\/channel\/UCGP2Sq0iWaZwT3BdIAQFYpw"]},{"@type":"Person","@id":"https:\/\/www.organisator.ch\/#\/schema\/person\/6f650f90b2842cd4c0cc334b4e36f67e","name":"Tommaso.berner","image":{"@type":"ImageObject","inLanguage":"it-IT","@id":"https:\/\/secure.gravatar.com\/avatar\/ac5001d2a36cb6c6cd3e50789007ffca834b477b74a2144564522e944eabff61?s=96&d=mm&r=g","url":"https:\/\/secure.gravatar.com\/avatar\/ac5001d2a36cb6c6cd3e50789007ffca834b477b74a2144564522e944eabff61?s=96&d=mm&r=g","contentUrl":"https:\/\/secure.gravatar.com\/avatar\/ac5001d2a36cb6c6cd3e50789007ffca834b477b74a2144564522e944eabff61?s=96&d=mm&r=g","caption":"thomas.berner"},"url":"https:\/\/www.organisator.ch\/it\/author\/thomas-berner\/"}]}},"_links":{"self":[{"href":"https:\/\/www.organisator.ch\/it\/wp-json\/wp\/v2\/posts\/5940","targetHints":{"allow":["GET"]}}],"collection":[{"href":"https:\/\/www.organisator.ch\/it\/wp-json\/wp\/v2\/posts"}],"about":[{"href":"https:\/\/www.organisator.ch\/it\/wp-json\/wp\/v2\/types\/post"}],"author":[{"embeddable":true,"href":"https:\/\/www.organisator.ch\/it\/wp-json\/wp\/v2\/users\/4"}],"replies":[{"embeddable":true,"href":"https:\/\/www.organisator.ch\/it\/wp-json\/wp\/v2\/comments?post=5940"}],"version-history":[{"count":0,"href":"https:\/\/www.organisator.ch\/it\/wp-json\/wp\/v2\/posts\/5940\/revisions"}],"wp:featuredmedia":[{"embeddable":true,"href":"https:\/\/www.organisator.ch\/it\/wp-json\/wp\/v2\/media\/5941"}],"wp:attachment":[{"href":"https:\/\/www.organisator.ch\/it\/wp-json\/wp\/v2\/media?parent=5940"}],"wp:term":[{"taxonomy":"category","embeddable":true,"href":"https:\/\/www.organisator.ch\/it\/wp-json\/wp\/v2\/categories?post=5940"},{"taxonomy":"post_tag","embeddable":true,"href":"https:\/\/www.organisator.ch\/it\/wp-json\/wp\/v2\/tags?post=5940"}],"curies":[{"name":"wp","href":"https:\/\/api.w.org\/{rel}","templated":true}]}}