{"id":5943,"date":"2019-10-22T12:04:30","date_gmt":"2019-10-22T10:04:30","guid":{"rendered":"https:\/\/www.organisator.ch\/?p=5943"},"modified":"2019-10-22T12:04:30","modified_gmt":"2019-10-22T10:04:30","slug":"arbeitswelt-4-0-der-wandel-findet-ohne-die-mitarbeitenden-statt","status":"publish","type":"post","link":"https:\/\/www.organisator.ch\/it\/management\/2019-10-22\/arbeitswelt-4-0-der-wandel-findet-ohne-die-mitarbeitenden-statt\/","title":{"rendered":"Mondo del lavoro 4.0: il cambiamento avviene senza i dipendenti"},"content":{"rendered":"<figure id=\"attachment_5944\" aria-describedby=\"caption-attachment-5944\" style=\"width: 680px\" class=\"wp-caption alignnone\"><img loading=\"lazy\" decoding=\"async\" class=\"size-medium wp-image-5944\" src=\"https:\/\/www.organisator.ch\/wp-content\/uploads\/2019\/10\/Arbeitswelt-4-0-Der-Wandel-findet-ohne-die-Mitarbeitenden-statt_Organisator.jpg\" alt=\"\" width=\"680\" height=\"385\" srcset=\"https:\/\/www.organisator.ch\/wp-content\/uploads\/2019\/10\/Arbeitswelt-4-0-Der-Wandel-findet-ohne-die-Mitarbeitenden-statt_Organisator.jpg 680w, https:\/\/www.organisator.ch\/wp-content\/uploads\/2019\/10\/Arbeitswelt-4-0-Der-Wandel-findet-ohne-die-Mitarbeitenden-statt_Organisator-16x9.jpg 16w, https:\/\/www.organisator.ch\/wp-content\/uploads\/2019\/10\/Arbeitswelt-4-0-Der-Wandel-findet-ohne-die-Mitarbeitenden-statt_Organisator-309x175.jpg 309w, https:\/\/www.organisator.ch\/wp-content\/uploads\/2019\/10\/Arbeitswelt-4-0-Der-Wandel-findet-ohne-die-Mitarbeitenden-statt_Organisator-618x350.jpg 618w, https:\/\/www.organisator.ch\/wp-content\/uploads\/2019\/10\/Arbeitswelt-4-0-Der-Wandel-findet-ohne-die-Mitarbeitenden-statt_Organisator-300x170.jpg 300w\" sizes=\"auto, (max-width: 680px) 100vw, 680px\" \/><figcaption id=\"caption-attachment-5944\" class=\"wp-caption-text\">Lo dimostra un nuovo studio sul mondo del lavoro 4.0: La trasformazione avviene senza i dipendenti. (Immagine: zVg)<\/figcaption><\/figure>\n<p>Dopo il primo grande studio svizzero sulla trasformazione digitale di due anni fa, il secondo volume di ricerca su Working World 4.0 \u00e8 ora disponibile. Gli autori della School of Business FHNW e della School of Applied Psychology FHNW e del Future Work Group hanno esaminato lo stato del Nuovo Lavoro attraverso un ampio studio con 1.144 partecipanti.<\/p>\n<h2>Nessuna strategia per il mondo del lavoro 4.0<\/h2>\n<p>I risultati centrali dello studio sono:<\/p>\n<ul>\n<li>Solo 12% delle aziende intervistate hanno gi\u00e0 raggiunto una fase avanzata del Nuovo Lavoro; 45% delle aziende sono solo nel processo di trasformazione e 43% sono ancora all'inizio.<\/li>\n<li>76% delle aziende non hanno una strategia di Nuovo Lavoro o i dipendenti non ne sono a conoscenza.<\/li>\n<li>58% delle aziende non coinvolgono i dipendenti nella progettazione di Working World 4.0.<\/li>\n<li>Le maggiori barriere per le aziende sono la mancanza di conoscenza\/know-how (42%), le strutture gestionali e organizzative esistenti e talvolta rigide (41%) e i conflitti con altre priorit\u00e0 aziendali (35%).<\/li>\n<li>Le ragioni pi\u00f9 importanti per il Nuovo Lavoro sono la pressione per innovare (66%), una migliore comunicazione interna (64%) e l'acquisizione di maggiore flessibilit\u00e0 (55%).<\/li>\n<\/ul>\n<h2>Nuovo lavoro come iniziativa strategica<\/h2>\n<p>Lo studio mostra che Working World 4.0 fa parte della trasformazione digitale delle aziende. New Work pu\u00f2 essere descritto come un'iniziativa strategica che libera il potenziale dei processi ottimizzati, dell'automazione, dell'aumento della collaborazione e del networking, nonch\u00e9 dell'uso delle tecnologie nel contesto delle persone e specialmente dei dipendenti. Le tre dimensioni di persone (dipendenti), luogo (ambiente di lavoro) e tecnologia (tecnologie) sono al centro del Nuovo Lavoro.<\/p>\n<p>Secondo il responsabile dello studio, il Prof. Dr. Marc K. Peter dell'Istituto per la competitivit\u00e0 e la comunicazione dell'Universit\u00e0 di Scienze Applicate FHNW, ogni dimensione ha le sue caratteristiche. Nella dimensione delle persone, i temi della cultura aziendale e della leadership, della cooperazione, della reputazione del datore di lavoro e della formazione e dello sviluppo dei dipendenti hanno un peso elevato. Nell'ambiente di lavoro moderno (Place), c'\u00e8 bisogno di orari di lavoro flessibili, e nella dimensione tecnologica (Technology), investimenti mirati in hardware e software supportano la trasformazione verso il mondo del lavoro 4.0.<\/p>\n<p><em>Il progetto di ricerca \u00e8 stato sostenuto da Promozione Salute Svizzera, Sedus Stoll, Sharp Electronics e Lenovo, tra gli altri. I risultati dello studio e la guida pratica al mondo del lavoro 4.0 sono disponibili gratuitamente in formato PDF su <a href=\"http:\/\/www.arbeitswelt-zukunft.ch\">www.arbeitswelt-zukunft.ch<\/a><\/em><\/p>","protected":false},"excerpt":{"rendered":"<p>Nach der ersten grossen Schweizer Studie zur digitalen Transformation vor zwei Jahren liegt nun der zweite Forschungsband zur Arbeitswelt 4.0 vor. Autorinnen und Autoren der Hochschule f\u00fcr Wirtschaft FHNW und der Hochschule f\u00fcr Angewandte Psychologie FHNW sowie der Future Work Group untersuchten den Stand von New Work durch eine breit angelegte Studie mit 1&#8217;144 Teilnehmenden. [&hellip;]<\/p>\n","protected":false},"author":4,"featured_media":5944,"comment_status":"closed","ping_status":"closed","sticky":false,"template":"","format":"standard","meta":{"_acf_changed":false,"_yoast_wpseo_focuskw":"Arbeitswelt 4.0","_yoast_wpseo_metadesc":"Eine Studie der FHNW zeigt, dass die Arbeitswelt 4.0 (auch \u00abNew Work\u00bb genannt) wichtiger Bestandteil der digitalen Transformation von Unternehmen ist.","articlekey":"","footnotes":""},"categories":[28],"tags":[156,335,363,459,533],"class_list":["post-5943","post","type-post","status-publish","format-standard","has-post-thumbnail","hentry","category-management","tag-digitalisierung","tag-management-und-unternehmensfuehrung","tag-new-work","tag-studie","tag-wissenschaft"],"acf":[],"yoast_head":"<!-- This site is optimized with the Yoast SEO plugin v27.5 - https:\/\/yoast.com\/product\/yoast-seo-wordpress\/ -->\n<title>Arbeitswelt 4.0: Der Wandel findet ohne die Mitarbeitenden statt - Organisator<\/title>\n<meta name=\"description\" content=\"Eine Studie der FHNW zeigt, dass die Arbeitswelt 4.0 (auch \u00abNew Work\u00bb genannt) wichtiger Bestandteil der digitalen Transformation von Unternehmen ist.\" \/>\n<meta name=\"robots\" content=\"index, follow, max-snippet:-1, max-image-preview:large, max-video-preview:-1\" \/>\n<link rel=\"canonical\" href=\"https:\/\/www.organisator.ch\/it\/gestione-2\/2019-10-22\/arbeitswelt-4-0-der-wandel-findet-ohne-die-mitarbeitenden-statt\/\" \/>\n<meta property=\"og:locale\" content=\"it_IT\" \/>\n<meta property=\"og:type\" content=\"article\" \/>\n<meta property=\"og:title\" content=\"Arbeitswelt 4.0: Der Wandel findet ohne die Mitarbeitenden statt\" \/>\n<meta property=\"og:description\" content=\"Eine Studie der FHNW zeigt, dass die Arbeitswelt 4.0 (auch \u00abNew Work\u00bb genannt) wichtiger Bestandteil der digitalen Transformation von Unternehmen ist.\" \/>\n<meta property=\"og:url\" content=\"https:\/\/www.organisator.ch\/it\/gestione-2\/2019-10-22\/arbeitswelt-4-0-der-wandel-findet-ohne-die-mitarbeitenden-statt\/\" \/>\n<meta property=\"og:site_name\" content=\"Organisator\" \/>\n<meta property=\"article:publisher\" content=\"https:\/\/www.facebook.com\/OrganisatorFachmagazin\" \/>\n<meta property=\"article:published_time\" content=\"2019-10-22T10:04:30+00:00\" \/>\n<meta property=\"og:image\" content=\"https:\/\/www.organisator.ch\/wp-content\/uploads\/2019\/10\/Arbeitswelt-4-0-Der-Wandel-findet-ohne-die-Mitarbeitenden-statt_Organisator.jpg\" \/>\n\t<meta property=\"og:image:width\" content=\"680\" \/>\n\t<meta property=\"og:image:height\" content=\"385\" \/>\n\t<meta property=\"og:image:type\" content=\"image\/jpeg\" \/>\n<meta name=\"author\" content=\"thomas.berner\" \/>\n<meta name=\"twitter:card\" content=\"summary_large_image\" \/>\n<meta name=\"twitter:title\" content=\"Arbeitswelt 4.0: Der #Wandel findet ohne die #Mitarbeitenden statt\" \/>\n<meta name=\"twitter:description\" content=\"Eine Studie der #FHNW zeigt, dass die Arbeitswelt 4.0 (auch \u00abNew Work\u00bb genannt) wichtiger Bestandteil der digitalen Transformation von Unternehmen ist.\" \/>\n<meta name=\"twitter:image\" content=\"https:\/\/www.organisator.ch\/wp-content\/uploads\/2019\/10\/Arbeitswelt-4-0-Der-Wandel-findet-ohne-die-Mitarbeitenden-statt_Organisator.jpg\" \/>\n<script type=\"application\/ld+json\" class=\"yoast-schema-graph\">{\"@context\":\"https:\\\/\\\/schema.org\",\"@graph\":[{\"@type\":\"Article\",\"@id\":\"https:\\\/\\\/www.organisator.ch\\\/management\\\/2019-10-22\\\/arbeitswelt-4-0-der-wandel-findet-ohne-die-mitarbeitenden-statt\\\/#article\",\"isPartOf\":{\"@id\":\"https:\\\/\\\/www.organisator.ch\\\/management\\\/2019-10-22\\\/arbeitswelt-4-0-der-wandel-findet-ohne-die-mitarbeitenden-statt\\\/\"},\"author\":{\"name\":\"thomas.berner\",\"@id\":\"https:\\\/\\\/www.organisator.ch\\\/#\\\/schema\\\/person\\\/6f650f90b2842cd4c0cc334b4e36f67e\"},\"headline\":\"Arbeitswelt 4.0: Der Wandel findet ohne die Mitarbeitenden statt\",\"datePublished\":\"2019-10-22T10:04:30+00:00\",\"mainEntityOfPage\":{\"@id\":\"https:\\\/\\\/www.organisator.ch\\\/management\\\/2019-10-22\\\/arbeitswelt-4-0-der-wandel-findet-ohne-die-mitarbeitenden-statt\\\/\"},\"wordCount\":378,\"publisher\":{\"@id\":\"https:\\\/\\\/www.organisator.ch\\\/#organization\"},\"image\":{\"@id\":\"https:\\\/\\\/www.organisator.ch\\\/management\\\/2019-10-22\\\/arbeitswelt-4-0-der-wandel-findet-ohne-die-mitarbeitenden-statt\\\/#primaryimage\"},\"thumbnailUrl\":\"https:\\\/\\\/www.organisator.ch\\\/wp-content\\\/uploads\\\/2019\\\/10\\\/Arbeitswelt-4-0-Der-Wandel-findet-ohne-die-Mitarbeitenden-statt_Organisator.jpg\",\"keywords\":[\"Digitalisierung\",\"Management und Unternehmensf\u00fchrung\",\"New Work\",\"Studie\",\"Wissenschaft\"],\"articleSection\":[\"MANAGEMENT\"],\"inLanguage\":\"it-IT\"},{\"@type\":\"WebPage\",\"@id\":\"https:\\\/\\\/www.organisator.ch\\\/management\\\/2019-10-22\\\/arbeitswelt-4-0-der-wandel-findet-ohne-die-mitarbeitenden-statt\\\/\",\"url\":\"https:\\\/\\\/www.organisator.ch\\\/management\\\/2019-10-22\\\/arbeitswelt-4-0-der-wandel-findet-ohne-die-mitarbeitenden-statt\\\/\",\"name\":\"Arbeitswelt 4.0: Der Wandel findet ohne die Mitarbeitenden statt - Organisator\",\"isPartOf\":{\"@id\":\"https:\\\/\\\/www.organisator.ch\\\/#website\"},\"primaryImageOfPage\":{\"@id\":\"https:\\\/\\\/www.organisator.ch\\\/management\\\/2019-10-22\\\/arbeitswelt-4-0-der-wandel-findet-ohne-die-mitarbeitenden-statt\\\/#primaryimage\"},\"image\":{\"@id\":\"https:\\\/\\\/www.organisator.ch\\\/management\\\/2019-10-22\\\/arbeitswelt-4-0-der-wandel-findet-ohne-die-mitarbeitenden-statt\\\/#primaryimage\"},\"thumbnailUrl\":\"https:\\\/\\\/www.organisator.ch\\\/wp-content\\\/uploads\\\/2019\\\/10\\\/Arbeitswelt-4-0-Der-Wandel-findet-ohne-die-Mitarbeitenden-statt_Organisator.jpg\",\"datePublished\":\"2019-10-22T10:04:30+00:00\",\"description\":\"Eine Studie der FHNW zeigt, dass die Arbeitswelt 4.0 (auch \u00abNew Work\u00bb genannt) wichtiger Bestandteil der digitalen Transformation von Unternehmen ist.\",\"breadcrumb\":{\"@id\":\"https:\\\/\\\/www.organisator.ch\\\/management\\\/2019-10-22\\\/arbeitswelt-4-0-der-wandel-findet-ohne-die-mitarbeitenden-statt\\\/#breadcrumb\"},\"inLanguage\":\"it-IT\",\"potentialAction\":[{\"@type\":\"ReadAction\",\"target\":[\"https:\\\/\\\/www.organisator.ch\\\/management\\\/2019-10-22\\\/arbeitswelt-4-0-der-wandel-findet-ohne-die-mitarbeitenden-statt\\\/\"]}]},{\"@type\":\"ImageObject\",\"inLanguage\":\"it-IT\",\"@id\":\"https:\\\/\\\/www.organisator.ch\\\/management\\\/2019-10-22\\\/arbeitswelt-4-0-der-wandel-findet-ohne-die-mitarbeitenden-statt\\\/#primaryimage\",\"url\":\"https:\\\/\\\/www.organisator.ch\\\/wp-content\\\/uploads\\\/2019\\\/10\\\/Arbeitswelt-4-0-Der-Wandel-findet-ohne-die-Mitarbeitenden-statt_Organisator.jpg\",\"contentUrl\":\"https:\\\/\\\/www.organisator.ch\\\/wp-content\\\/uploads\\\/2019\\\/10\\\/Arbeitswelt-4-0-Der-Wandel-findet-ohne-die-Mitarbeitenden-statt_Organisator.jpg\",\"width\":680,\"height\":385,\"caption\":\"Eine neue Studie zur Arbeitswelt 4.0 zeigt: Die Transformation findet ohne die Mitarbeitenden statt. (Bild: zVg)\"},{\"@type\":\"BreadcrumbList\",\"@id\":\"https:\\\/\\\/www.organisator.ch\\\/management\\\/2019-10-22\\\/arbeitswelt-4-0-der-wandel-findet-ohne-die-mitarbeitenden-statt\\\/#breadcrumb\",\"itemListElement\":[{\"@type\":\"ListItem\",\"position\":1,\"name\":\"Home\",\"item\":\"https:\\\/\\\/www.organisator.ch\\\/\"},{\"@type\":\"ListItem\",\"position\":2,\"name\":\"Arbeitswelt 4.0: Der Wandel findet ohne die Mitarbeitenden statt\"}]},{\"@type\":\"WebSite\",\"@id\":\"https:\\\/\\\/www.organisator.ch\\\/#website\",\"url\":\"https:\\\/\\\/www.organisator.ch\\\/\",\"name\":\"Organisator\",\"description\":\"Kompetent. Praxisnah. Der ORGANISATOR bereitet in 10 Ausgaben pro Jahr die wesentlichen Themen f\u00fcr F\u00fchrungskr\u00e4fte von KMU auf.\",\"publisher\":{\"@id\":\"https:\\\/\\\/www.organisator.ch\\\/#organization\"},\"potentialAction\":[{\"@type\":\"SearchAction\",\"target\":{\"@type\":\"EntryPoint\",\"urlTemplate\":\"https:\\\/\\\/www.organisator.ch\\\/?s={search_term_string}\"},\"query-input\":{\"@type\":\"PropertyValueSpecification\",\"valueRequired\":true,\"valueName\":\"search_term_string\"}}],\"inLanguage\":\"it-IT\"},{\"@type\":\"Organization\",\"@id\":\"https:\\\/\\\/www.organisator.ch\\\/#organization\",\"name\":\"Organisator\",\"url\":\"https:\\\/\\\/www.organisator.ch\\\/\",\"logo\":{\"@type\":\"ImageObject\",\"inLanguage\":\"it-IT\",\"@id\":\"https:\\\/\\\/www.organisator.ch\\\/#\\\/schema\\\/logo\\\/image\\\/\",\"url\":\"https:\\\/\\\/www.organisator.ch\\\/wp-content\\\/uploads\\\/2022\\\/01\\\/Logo_Organisator_Website.png\",\"contentUrl\":\"https:\\\/\\\/www.organisator.ch\\\/wp-content\\\/uploads\\\/2022\\\/01\\\/Logo_Organisator_Website.png\",\"width\":800,\"height\":77,\"caption\":\"Organisator\"},\"image\":{\"@id\":\"https:\\\/\\\/www.organisator.ch\\\/#\\\/schema\\\/logo\\\/image\\\/\"},\"sameAs\":[\"https:\\\/\\\/www.facebook.com\\\/OrganisatorFachmagazin\",\"https:\\\/\\\/www.linkedin.com\\\/showcase\\\/organisator-das-magazin-fr-kmu\",\"https:\\\/\\\/www.xing.com\\\/news\\\/pages\\\/organisator-ch-695\",\"https:\\\/\\\/www.youtube.com\\\/channel\\\/UCGP2Sq0iWaZwT3BdIAQFYpw\"]},{\"@type\":\"Person\",\"@id\":\"https:\\\/\\\/www.organisator.ch\\\/#\\\/schema\\\/person\\\/6f650f90b2842cd4c0cc334b4e36f67e\",\"name\":\"thomas.berner\",\"image\":{\"@type\":\"ImageObject\",\"inLanguage\":\"it-IT\",\"@id\":\"https:\\\/\\\/secure.gravatar.com\\\/avatar\\\/ac5001d2a36cb6c6cd3e50789007ffca834b477b74a2144564522e944eabff61?s=96&d=mm&r=g\",\"url\":\"https:\\\/\\\/secure.gravatar.com\\\/avatar\\\/ac5001d2a36cb6c6cd3e50789007ffca834b477b74a2144564522e944eabff61?s=96&d=mm&r=g\",\"contentUrl\":\"https:\\\/\\\/secure.gravatar.com\\\/avatar\\\/ac5001d2a36cb6c6cd3e50789007ffca834b477b74a2144564522e944eabff61?s=96&d=mm&r=g\",\"caption\":\"thomas.berner\"},\"url\":\"https:\\\/\\\/www.organisator.ch\\\/it\\\/author\\\/thomas-berner\\\/\"}]}<\/script>\n<!-- \/ Yoast SEO plugin. -->","yoast_head_json":{"title":"Mondo del lavoro 4.0: il cambiamento avviene senza i dipendenti - Organizzatore","description":"Uno studio della FHNW dimostra che il mondo del lavoro 4.0 (chiamato anche \"nuovo lavoro\") \u00e8 una parte importante della trasformazione digitale delle aziende.","robots":{"index":"index","follow":"follow","max-snippet":"max-snippet:-1","max-image-preview":"max-image-preview:large","max-video-preview":"max-video-preview:-1"},"canonical":"https:\/\/www.organisator.ch\/it\/gestione-2\/2019-10-22\/arbeitswelt-4-0-der-wandel-findet-ohne-die-mitarbeitenden-statt\/","og_locale":"it_IT","og_type":"article","og_title":"Arbeitswelt 4.0: Der Wandel findet ohne die Mitarbeitenden statt","og_description":"Eine Studie der FHNW zeigt, dass die Arbeitswelt 4.0 (auch \u00abNew Work\u00bb genannt) wichtiger Bestandteil der digitalen Transformation von Unternehmen ist.","og_url":"https:\/\/www.organisator.ch\/it\/gestione-2\/2019-10-22\/arbeitswelt-4-0-der-wandel-findet-ohne-die-mitarbeitenden-statt\/","og_site_name":"Organisator","article_publisher":"https:\/\/www.facebook.com\/OrganisatorFachmagazin","article_published_time":"2019-10-22T10:04:30+00:00","og_image":[{"width":680,"height":385,"url":"https:\/\/www.organisator.ch\/wp-content\/uploads\/2019\/10\/Arbeitswelt-4-0-Der-Wandel-findet-ohne-die-Mitarbeitenden-statt_Organisator.jpg","type":"image\/jpeg"}],"author":"thomas.berner","twitter_card":"summary_large_image","twitter_title":"Arbeitswelt 4.0: Der #Wandel findet ohne die #Mitarbeitenden statt","twitter_description":"Eine Studie der #FHNW zeigt, dass die Arbeitswelt 4.0 (auch \u00abNew Work\u00bb genannt) wichtiger Bestandteil der digitalen Transformation von Unternehmen ist.","twitter_image":"https:\/\/www.organisator.ch\/wp-content\/uploads\/2019\/10\/Arbeitswelt-4-0-Der-Wandel-findet-ohne-die-Mitarbeitenden-statt_Organisator.jpg","schema":{"@context":"https:\/\/schema.org","@graph":[{"@type":"Article","@id":"https:\/\/www.organisator.ch\/management\/2019-10-22\/arbeitswelt-4-0-der-wandel-findet-ohne-die-mitarbeitenden-statt\/#article","isPartOf":{"@id":"https:\/\/www.organisator.ch\/management\/2019-10-22\/arbeitswelt-4-0-der-wandel-findet-ohne-die-mitarbeitenden-statt\/"},"author":{"name":"thomas.berner","@id":"https:\/\/www.organisator.ch\/#\/schema\/person\/6f650f90b2842cd4c0cc334b4e36f67e"},"headline":"Arbeitswelt 4.0: Der Wandel findet ohne die Mitarbeitenden statt","datePublished":"2019-10-22T10:04:30+00:00","mainEntityOfPage":{"@id":"https:\/\/www.organisator.ch\/management\/2019-10-22\/arbeitswelt-4-0-der-wandel-findet-ohne-die-mitarbeitenden-statt\/"},"wordCount":378,"publisher":{"@id":"https:\/\/www.organisator.ch\/#organization"},"image":{"@id":"https:\/\/www.organisator.ch\/management\/2019-10-22\/arbeitswelt-4-0-der-wandel-findet-ohne-die-mitarbeitenden-statt\/#primaryimage"},"thumbnailUrl":"https:\/\/www.organisator.ch\/wp-content\/uploads\/2019\/10\/Arbeitswelt-4-0-Der-Wandel-findet-ohne-die-Mitarbeitenden-statt_Organisator.jpg","keywords":["Digitalisierung","Management und Unternehmensf\u00fchrung","New Work","Studie","Wissenschaft"],"articleSection":["MANAGEMENT"],"inLanguage":"it-IT"},{"@type":"WebPage","@id":"https:\/\/www.organisator.ch\/management\/2019-10-22\/arbeitswelt-4-0-der-wandel-findet-ohne-die-mitarbeitenden-statt\/","url":"https:\/\/www.organisator.ch\/management\/2019-10-22\/arbeitswelt-4-0-der-wandel-findet-ohne-die-mitarbeitenden-statt\/","name":"Mondo del lavoro 4.0: il cambiamento avviene senza i dipendenti - Organizzatore","isPartOf":{"@id":"https:\/\/www.organisator.ch\/#website"},"primaryImageOfPage":{"@id":"https:\/\/www.organisator.ch\/management\/2019-10-22\/arbeitswelt-4-0-der-wandel-findet-ohne-die-mitarbeitenden-statt\/#primaryimage"},"image":{"@id":"https:\/\/www.organisator.ch\/management\/2019-10-22\/arbeitswelt-4-0-der-wandel-findet-ohne-die-mitarbeitenden-statt\/#primaryimage"},"thumbnailUrl":"https:\/\/www.organisator.ch\/wp-content\/uploads\/2019\/10\/Arbeitswelt-4-0-Der-Wandel-findet-ohne-die-Mitarbeitenden-statt_Organisator.jpg","datePublished":"2019-10-22T10:04:30+00:00","description":"Uno studio della FHNW dimostra che il mondo del lavoro 4.0 (chiamato anche \"nuovo lavoro\") \u00e8 una parte importante della trasformazione digitale delle aziende.","breadcrumb":{"@id":"https:\/\/www.organisator.ch\/management\/2019-10-22\/arbeitswelt-4-0-der-wandel-findet-ohne-die-mitarbeitenden-statt\/#breadcrumb"},"inLanguage":"it-IT","potentialAction":[{"@type":"ReadAction","target":["https:\/\/www.organisator.ch\/management\/2019-10-22\/arbeitswelt-4-0-der-wandel-findet-ohne-die-mitarbeitenden-statt\/"]}]},{"@type":"ImageObject","inLanguage":"it-IT","@id":"https:\/\/www.organisator.ch\/management\/2019-10-22\/arbeitswelt-4-0-der-wandel-findet-ohne-die-mitarbeitenden-statt\/#primaryimage","url":"https:\/\/www.organisator.ch\/wp-content\/uploads\/2019\/10\/Arbeitswelt-4-0-Der-Wandel-findet-ohne-die-Mitarbeitenden-statt_Organisator.jpg","contentUrl":"https:\/\/www.organisator.ch\/wp-content\/uploads\/2019\/10\/Arbeitswelt-4-0-Der-Wandel-findet-ohne-die-Mitarbeitenden-statt_Organisator.jpg","width":680,"height":385,"caption":"Eine neue Studie zur Arbeitswelt 4.0 zeigt: Die Transformation findet ohne die Mitarbeitenden statt. (Bild: zVg)"},{"@type":"BreadcrumbList","@id":"https:\/\/www.organisator.ch\/management\/2019-10-22\/arbeitswelt-4-0-der-wandel-findet-ohne-die-mitarbeitenden-statt\/#breadcrumb","itemListElement":[{"@type":"ListItem","position":1,"name":"Home","item":"https:\/\/www.organisator.ch\/"},{"@type":"ListItem","position":2,"name":"Arbeitswelt 4.0: Der Wandel findet ohne die Mitarbeitenden statt"}]},{"@type":"WebSite","@id":"https:\/\/www.organisator.ch\/#website","url":"https:\/\/www.organisator.ch\/","name":"Organizzatore","description":"Competente. Pratico. In 10 numeri all'anno, ORGANISATOR presenta i temi essenziali per i manager delle PMI.","publisher":{"@id":"https:\/\/www.organisator.ch\/#organization"},"potentialAction":[{"@type":"SearchAction","target":{"@type":"EntryPoint","urlTemplate":"https:\/\/www.organisator.ch\/?s={search_term_string}"},"query-input":{"@type":"PropertyValueSpecification","valueRequired":true,"valueName":"search_term_string"}}],"inLanguage":"it-IT"},{"@type":"Organization","@id":"https:\/\/www.organisator.ch\/#organization","name":"Organizzatore","url":"https:\/\/www.organisator.ch\/","logo":{"@type":"ImageObject","inLanguage":"it-IT","@id":"https:\/\/www.organisator.ch\/#\/schema\/logo\/image\/","url":"https:\/\/www.organisator.ch\/wp-content\/uploads\/2022\/01\/Logo_Organisator_Website.png","contentUrl":"https:\/\/www.organisator.ch\/wp-content\/uploads\/2022\/01\/Logo_Organisator_Website.png","width":800,"height":77,"caption":"Organisator"},"image":{"@id":"https:\/\/www.organisator.ch\/#\/schema\/logo\/image\/"},"sameAs":["https:\/\/www.facebook.com\/OrganisatorFachmagazin","https:\/\/www.linkedin.com\/showcase\/organisator-das-magazin-fr-kmu","https:\/\/www.xing.com\/news\/pages\/organisator-ch-695","https:\/\/www.youtube.com\/channel\/UCGP2Sq0iWaZwT3BdIAQFYpw"]},{"@type":"Person","@id":"https:\/\/www.organisator.ch\/#\/schema\/person\/6f650f90b2842cd4c0cc334b4e36f67e","name":"Tommaso.berner","image":{"@type":"ImageObject","inLanguage":"it-IT","@id":"https:\/\/secure.gravatar.com\/avatar\/ac5001d2a36cb6c6cd3e50789007ffca834b477b74a2144564522e944eabff61?s=96&d=mm&r=g","url":"https:\/\/secure.gravatar.com\/avatar\/ac5001d2a36cb6c6cd3e50789007ffca834b477b74a2144564522e944eabff61?s=96&d=mm&r=g","contentUrl":"https:\/\/secure.gravatar.com\/avatar\/ac5001d2a36cb6c6cd3e50789007ffca834b477b74a2144564522e944eabff61?s=96&d=mm&r=g","caption":"thomas.berner"},"url":"https:\/\/www.organisator.ch\/it\/author\/thomas-berner\/"}]}},"_links":{"self":[{"href":"https:\/\/www.organisator.ch\/it\/wp-json\/wp\/v2\/posts\/5943","targetHints":{"allow":["GET"]}}],"collection":[{"href":"https:\/\/www.organisator.ch\/it\/wp-json\/wp\/v2\/posts"}],"about":[{"href":"https:\/\/www.organisator.ch\/it\/wp-json\/wp\/v2\/types\/post"}],"author":[{"embeddable":true,"href":"https:\/\/www.organisator.ch\/it\/wp-json\/wp\/v2\/users\/4"}],"replies":[{"embeddable":true,"href":"https:\/\/www.organisator.ch\/it\/wp-json\/wp\/v2\/comments?post=5943"}],"version-history":[{"count":0,"href":"https:\/\/www.organisator.ch\/it\/wp-json\/wp\/v2\/posts\/5943\/revisions"}],"wp:featuredmedia":[{"embeddable":true,"href":"https:\/\/www.organisator.ch\/it\/wp-json\/wp\/v2\/media\/5944"}],"wp:attachment":[{"href":"https:\/\/www.organisator.ch\/it\/wp-json\/wp\/v2\/media?parent=5943"}],"wp:term":[{"taxonomy":"category","embeddable":true,"href":"https:\/\/www.organisator.ch\/it\/wp-json\/wp\/v2\/categories?post=5943"},{"taxonomy":"post_tag","embeddable":true,"href":"https:\/\/www.organisator.ch\/it\/wp-json\/wp\/v2\/tags?post=5943"}],"curies":[{"name":"wp","href":"https:\/\/api.w.org\/{rel}","templated":true}]}}