{"id":605,"date":"2016-10-31T13:38:26","date_gmt":"2016-10-31T12:38:26","guid":{"rendered":"http:\/\/dev.organisator.ch\/?p=605"},"modified":"2016-10-31T13:38:26","modified_gmt":"2016-10-31T12:38:26","slug":"die-kmu-perspektive","status":"publish","type":"post","link":"https:\/\/www.organisator.ch\/it\/management\/2016-10-31\/die-kmu-perspektive\/","title":{"rendered":"La prospettiva delle PMI"},"content":{"rendered":"<figure id=\"attachment_612\" aria-describedby=\"caption-attachment-612\" style=\"width: 640px\" class=\"wp-caption alignnone\"><img loading=\"lazy\" decoding=\"async\" class=\"size-full wp-image-612\" src=\"https:\/\/www.organisator.ch\/wp-content\/uploads\/2016\/12\/Die-KMU-Perspektive1-organisator.jpg\" alt=\"\" width=\"640\" height=\"394\" srcset=\"https:\/\/www.organisator.ch\/wp-content\/uploads\/2016\/12\/Die-KMU-Perspektive1-organisator.jpg 640w, https:\/\/www.organisator.ch\/wp-content\/uploads\/2016\/12\/Die-KMU-Perspektive1-organisator-16x10.jpg 16w, https:\/\/www.organisator.ch\/wp-content\/uploads\/2016\/12\/Die-KMU-Perspektive1-organisator-284x175.jpg 284w, https:\/\/www.organisator.ch\/wp-content\/uploads\/2016\/12\/Die-KMU-Perspektive1-organisator-569x350.jpg 569w, https:\/\/www.organisator.ch\/wp-content\/uploads\/2016\/12\/Die-KMU-Perspektive1-organisator-300x185.jpg 300w\" sizes=\"auto, (max-width: 640px) 100vw, 640px\" \/><figcaption id=\"caption-attachment-612\" class=\"wp-caption-text\">Relatori sul podio - con la moderatrice Christa Rigozzi: Thomas Binggeli (a sinistra) e il Prof. Dr. Martin Kolmar. (Foto: Thomas Berner)<\/figcaption><\/figure>\n<p>La nebbia autunnale ha iniziato a sollevarsi quando i primi ospiti sono arrivati all'Olma Hall 9 a San Gallo. Dopo alcune deviazioni, le stanze per i vari workshop, offerti e condotti dagli sponsor principali, furono trovate e la conferenza pot\u00e9 iniziare. Anche ORGANISATOR, che da anni \u00e8 uno dei principali media partner dell'evento, ha tenuto il proprio workshop. In esso, la consulente di gestione Beatrice Erb ha mostrato il cambiamento di prospettiva nel mondo del lavoro: Il cambiamento demografico e la carenza di lavoratori qualificati stanno costringendo le aziende a prestare particolare attenzione alla generazione 50+. Perch\u00e9 hanno pi\u00f9 in comune con i Rolling Stones che la prospettiva del rollator...<\/p>\n<p><strong>Tra percezione di s\u00e9 e percezione degli altri<\/strong><\/p>\n<p>Come al solito, il Prof. Dr. Urs Fueglistaller, direttore della KMU-HSG, ha aperto le presentazioni. Ha fatto riferimento alle ultime cifre dell'Ufficio Federale di Statistica, che hanno gi\u00e0 mostrato che molto \u00e8 una questione di prospettiva: la stragrande maggioranza delle PMI, cio\u00e8 il 92,4%, sono micro-imprese con 0-9 dipendenti. O in cifre assolute: Il totale di 1.273 grandi aziende \u00e8 confrontato con 576.848 PMI, cio\u00e8 un rapporto di 1:453. Urs Fueglistaller ha continuato a spiegare alcuni dei risultati dello studio della Giornata delle PMI, che \u00e8 stato condotto anche quest'anno. Ha mostrato che le PMI sono molto brave ad oscillare tra l'auto-percezione e la percezione esterna - cos\u00ec come la costante interazione tra pensiero strategico e azione operativa.<\/p>\n<figure id=\"attachment_611\" aria-describedby=\"caption-attachment-611\" style=\"width: 640px\" class=\"wp-caption alignnone\"><img loading=\"lazy\" decoding=\"async\" class=\"wp-image-611 size-full\" src=\"https:\/\/www.organisator.ch\/wp-content\/uploads\/2016\/12\/Die-KMU-Perspektive2-organisator.jpg\" width=\"640\" height=\"425\" srcset=\"https:\/\/www.organisator.ch\/wp-content\/uploads\/2016\/12\/Die-KMU-Perspektive2-organisator.jpg 640w, https:\/\/www.organisator.ch\/wp-content\/uploads\/2016\/12\/Die-KMU-Perspektive2-organisator-16x12.jpg 16w, https:\/\/www.organisator.ch\/wp-content\/uploads\/2016\/12\/Die-KMU-Perspektive2-organisator-264x175.jpg 264w, https:\/\/www.organisator.ch\/wp-content\/uploads\/2016\/12\/Die-KMU-Perspektive2-organisator-527x350.jpg 527w, https:\/\/www.organisator.ch\/wp-content\/uploads\/2016\/12\/Die-KMU-Perspektive2-organisator-300x199.jpg 300w\" sizes=\"auto, (max-width: 640px) 100vw, 640px\" \/><figcaption id=\"caption-attachment-611\" class=\"wp-caption-text\">Il presidente della conferenza Prof. Dr. Urs Fueglistaller bilancia le PMI e le grandi aziende. (Foto: Thomas Berner)<\/figcaption><\/figure>\n<p><strong>Prospettive economiche e imprenditoriali<\/strong><\/p>\n<p>Il punto di vista dell'economista \u00e8 stato poi preso dal Prof. Dr. Martin Kolmar dell'Universit\u00e0 di San Gallo. Ha spiegato che le PMI devono affrontare diverse sfide, economiche, politiche, ecologiche e sociali. La digitalizzazione \u00e8 solo una di queste, ma una che cambier\u00e0 permanentemente i mercati del lavoro e l'organizzazione delle aziende. In questo contesto, ha coniato il termine ingombrante di \"serviceisation\" - per esempio, quando un'automobile non \u00e8 pi\u00f9 solo offerta come un prodotto, ma come un servizio. Un elemento centrale dei cambiamenti di prospettiva \u00e8 l'empatia, come ha continuato Kolmar. Ha fatto appello al comportamento etico delle aziende, che le rende pi\u00f9 redditizie a lungo termine.<\/p>\n<p>La prospettiva imprenditoriale \u00e8 stata presentata da Thomas Binggeli, fondatore e CEO di Th\u00f6mus Veloshop. \u00c8 una di quelle persone che hanno il gene imprenditoriale nel sangue, dato che ha venduto le pecore della fattoria dei suoi genitori all'et\u00e0 di 17 anni per raccogliere il capitale iniziale per la sua attivit\u00e0 di bicicletta. Perseverante e convinto delle sue idee, ha sopportato varie battute d'arresto per trasformare finalmente la sua idea di una bicicletta elettrica \"che funziona come un iPhone\" in realt\u00e0. L'ultima generazione di \"Stromer\", come viene chiamato il suo marchio, \u00e8 una bicicletta completamente digitalizzata con opzioni di tracciamento, modelli di condivisione e altre funzionalit\u00e0. Come ha spiegato nella successiva discussione - guidata dalla moderatrice Christa Rigozzi - il feedback diretto e le esigenze dei clienti sono particolarmente importanti per lui quando sviluppa i suoi prodotti. \"La maggior parte dei nuovi modelli di business sono creati durante le passeggiate in bicicletta condivise nei grandi spazi aperti\", ha detto Thomas Binggeli, descrivendo una delle sue ricette per il successo.<\/p>\n<figure id=\"attachment_610\" aria-describedby=\"caption-attachment-610\" style=\"width: 640px\" class=\"wp-caption alignnone\"><img loading=\"lazy\" decoding=\"async\" class=\"size-full wp-image-610\" src=\"https:\/\/www.organisator.ch\/wp-content\/uploads\/2016\/12\/Die-KMU-Perspektive3-organisator.jpg\" alt=\"\" width=\"640\" height=\"425\" srcset=\"https:\/\/www.organisator.ch\/wp-content\/uploads\/2016\/12\/Die-KMU-Perspektive3-organisator.jpg 640w, https:\/\/www.organisator.ch\/wp-content\/uploads\/2016\/12\/Die-KMU-Perspektive3-organisator-16x12.jpg 16w, https:\/\/www.organisator.ch\/wp-content\/uploads\/2016\/12\/Die-KMU-Perspektive3-organisator-264x175.jpg 264w, https:\/\/www.organisator.ch\/wp-content\/uploads\/2016\/12\/Die-KMU-Perspektive3-organisator-527x350.jpg 527w, https:\/\/www.organisator.ch\/wp-content\/uploads\/2016\/12\/Die-KMU-Perspektive3-organisator-300x199.jpg 300w\" sizes=\"auto, (max-width: 640px) 100vw, 640px\" \/><figcaption id=\"caption-attachment-610\" class=\"wp-caption-text\">Christa Rigozzi in conversazione con il professore di filosofia Wilhelm Schmidt e Bea Knecht di Zattoo. (Foto: Thomas Berner)<\/figcaption><\/figure>\n<p><strong>Vedere ed essere visti<\/strong><\/p>\n<p>Nella sua presentazione, il filosofo Wilhelm Schmidt ha fatto un riferimento diretto al ciclismo e ha dimostrato vividamente l'importanza di cambiare le prospettive: Gli automobilisti si irritano con i ciclisti, ma quando loro stessi vogliono fare qualche giro di allenamento in bicicletta dopo il lavoro, si irritano a loro volta con gli automobilisti - o anche con i pedoni, che a loro volta si irritano con i ciclisti e gli automobilisti. Da questi esempi quotidiani, pass\u00f2 a quattro motivi per cui vediamo alcune cose ma non altre: o perch\u00e9 le cose sfuggono al nostro sguardo, o perch\u00e9 sono nascoste dietro un angolo, non corrispondono alle nostre idee o semplicemente non corrispondono ai nostri interessi. La conclusione inversa deve quindi essere: \"Noi <em>hanno <\/em>nessuna prospettiva, noi <em>sono<\/em> la prospettiva\".<\/p>\n<p>Anche la successiva presentazione di Bea Knecht, fondatrice di Zattoo, il pi\u00f9 grande fornitore europeo di web TV in diretta, ha riguardato la visione. Gi\u00e0 durante i suoi studi di informatica a Berkeley, California, ha riconosciuto la prospettiva futura della televisione: Nel corso dello sviluppo dell'HDTV, la televisione diventer\u00e0 il computer - ma anche: il computer diventer\u00e0 la televisione. Con l'aiuto di alcuni aneddoti della genesi di Zattoo - a proposito, una parola giapponese trascritta per \"folla\" - ha anche dato al pubblico alcuni consigli pratici per il proprio sviluppo aziendale: Non passate troppo tempo a cercare nuovi marchi e fissate consapevolmente solo una priorit\u00e0 all'anno.<\/p>\n<p><strong>Percepire le persone e se stessi<\/strong><\/p>\n<p>Anche Luciano Marinello aveva una storia d'affari emozionante da raccontare. Suo nonno in realt\u00e0 voleva emigrare dal nord Italia in America, ma si \"aren\u00f2\" a Zurigo, dove incontr\u00f2 sua moglie, con la quale poi cre\u00f2 una nota azienda di commercio di verdure in citt\u00e0. Luciano Marinello ha rilevato l'azienda nel 2002 dopo i suoi anni di apprendistato e di viaggi. Come mecenate, le persone erano particolarmente importanti per lui; come imprenditore, era deciso da solo, ma sempre in mezzo ai dipendenti. Allo stesso tempo, assumere il ruolo del perfetto padre di famiglia lo ha spinto pi\u00f9 volte ai suoi limiti. Alla fine, Luciano Marinello ha dovuto prendere una decisione epocale e ha venduto la sua azienda a un grande distributore - ma con la condizione che nessun dipendente perdesse il lavoro. Ha sottolineato chiaramente che anche oggi tutti gli imprenditori hanno una responsabilit\u00e0 sociale.<\/p>\n<p>Anitra Eggler ha poi concluso le presentazioni. L'autoproclamato \"terapista digitale\" ha mostrato gli eccessi della costante accessibilit\u00e0 grazie agli smartphone e le insidie di internet che ci attendono quotidianamente sul posto di lavoro. Una persona con un'aspettativa di vita di 75 anni avr\u00e0 passato 12 anni della sua vita su internet, 8 anni sul suo cellulare - ma avr\u00e0 baciato solo per 14 settimane - questa \u00e8 la valutazione non irrealistica di Anitra Eggler. Consiglia alle persone di spegnere consapevolmente, di limitarsi quando si svuota la cassetta della posta e in generale di avere il coraggio di rallentare. Forse uno o due imprenditori di PMI sono stati spinti a fare un cambio di prospettiva a questo proposito, atteso da tempo.<\/p>\n<p><em>Testo: Thomas Berner<\/em><\/p>\n<p><em>Ulteriori informazioni: <a href=\"http:\/\/www.kmu-tag.ch\" data-cke-saved-href=\"http:\/\/www.kmu-tag.ch\">www.kmu-tag.ch<\/a><\/em><\/p>\n<div id='gallery-1' class='gallery galleryid-605 gallery-columns-3 gallery-size-thumbnail'><figure class='gallery-item'>\n\t\t\t<div class='gallery-icon landscape'>\n\t\t\t\t<a href='https:\/\/www.organisator.ch\/it\/management\/2016-10-31\/die-kmu-perspektive\/attachment\/die-kmu-perspektive4-organisator\/'><img loading=\"lazy\" decoding=\"async\" width=\"150\" height=\"150\" src=\"https:\/\/www.organisator.ch\/wp-content\/uploads\/2016\/12\/Die-KMU-Perspektive4-organisator-150x150.jpg\" class=\"attachment-thumbnail size-thumbnail\" alt=\"\" srcset=\"https:\/\/www.organisator.ch\/wp-content\/uploads\/2016\/12\/Die-KMU-Perspektive4-organisator-150x150.jpg 150w, https:\/\/www.organisator.ch\/wp-content\/uploads\/2016\/12\/Die-KMU-Perspektive4-organisator-250x250.jpg 250w, https:\/\/www.organisator.ch\/wp-content\/uploads\/2016\/12\/Die-KMU-Perspektive4-organisator-100x100.jpg 100w\" sizes=\"auto, (max-width: 150px) 100vw, 150px\" \/><\/a>\n\t\t\t<\/div><\/figure><figure class='gallery-item'>\n\t\t\t<div class='gallery-icon landscape'>\n\t\t\t\t<a href='https:\/\/www.organisator.ch\/it\/management\/2016-10-31\/die-kmu-perspektive\/attachment\/die-kmu-perspektive5-organisator\/'><img loading=\"lazy\" decoding=\"async\" width=\"150\" height=\"150\" src=\"https:\/\/www.organisator.ch\/wp-content\/uploads\/2016\/12\/Die-KMU-Perspektive5-organisator-150x150.jpg\" class=\"attachment-thumbnail size-thumbnail\" alt=\"\" srcset=\"https:\/\/www.organisator.ch\/wp-content\/uploads\/2016\/12\/Die-KMU-Perspektive5-organisator-150x150.jpg 150w, https:\/\/www.organisator.ch\/wp-content\/uploads\/2016\/12\/Die-KMU-Perspektive5-organisator-250x250.jpg 250w, https:\/\/www.organisator.ch\/wp-content\/uploads\/2016\/12\/Die-KMU-Perspektive5-organisator-100x100.jpg 100w\" sizes=\"auto, (max-width: 150px) 100vw, 150px\" \/><\/a>\n\t\t\t<\/div><\/figure><figure class='gallery-item'>\n\t\t\t<div class='gallery-icon landscape'>\n\t\t\t\t<a href='https:\/\/www.organisator.ch\/it\/management\/2016-10-31\/die-kmu-perspektive\/attachment\/die-kmu-perspektive6-organisator\/'><img loading=\"lazy\" decoding=\"async\" width=\"150\" height=\"150\" src=\"https:\/\/www.organisator.ch\/wp-content\/uploads\/2016\/12\/Die-KMU-Perspektive6-organisator-150x150.jpg\" class=\"attachment-thumbnail size-thumbnail\" alt=\"\" srcset=\"https:\/\/www.organisator.ch\/wp-content\/uploads\/2016\/12\/Die-KMU-Perspektive6-organisator-150x150.jpg 150w, https:\/\/www.organisator.ch\/wp-content\/uploads\/2016\/12\/Die-KMU-Perspektive6-organisator-250x250.jpg 250w, https:\/\/www.organisator.ch\/wp-content\/uploads\/2016\/12\/Die-KMU-Perspektive6-organisator-100x100.jpg 100w\" sizes=\"auto, (max-width: 150px) 100vw, 150px\" \/><\/a>\n\t\t\t<\/div><\/figure><figure class='gallery-item'>\n\t\t\t<div class='gallery-icon landscape'>\n\t\t\t\t<a href='https:\/\/www.organisator.ch\/it\/management\/2016-10-31\/die-kmu-perspektive\/attachment\/die-kmu-perspektive7-organisator\/'><img loading=\"lazy\" decoding=\"async\" width=\"150\" height=\"150\" src=\"https:\/\/www.organisator.ch\/wp-content\/uploads\/2016\/12\/Die-KMU-Perspektive7-organisator-150x150.jpg\" class=\"attachment-thumbnail size-thumbnail\" alt=\"\" srcset=\"https:\/\/www.organisator.ch\/wp-content\/uploads\/2016\/12\/Die-KMU-Perspektive7-organisator-150x150.jpg 150w, https:\/\/www.organisator.ch\/wp-content\/uploads\/2016\/12\/Die-KMU-Perspektive7-organisator-250x250.jpg 250w, https:\/\/www.organisator.ch\/wp-content\/uploads\/2016\/12\/Die-KMU-Perspektive7-organisator-100x100.jpg 100w\" sizes=\"auto, (max-width: 150px) 100vw, 150px\" \/><\/a>\n\t\t\t<\/div><\/figure>\n\t\t<\/div>\n\n<p><em>Altre impressioni del SME Day: workshop ORGANISATOR, relatori Luciano Marinello, Anitra Eggler. (Immagini: Rolf Gubelmann, Thomas Berner)<\/em><\/p>","protected":false},"excerpt":{"rendered":"<p>Der herbstliche Nebel begann sich zu lichten, als die ersten G\u00e4ste in der Olma-Halle 9 in St.Gallen eintrafen. Nach einigen Umwegen waren dann auch die R\u00e4umlichkeiten der diversen Workshops, angeboten und durchgef\u00fchrt von den Hauptsponsoren, gefunden und die Tagung konnte beginnen. Auch der ORGANISATOR, seit Jahren einer der Haupt-Medienpartner des Anlasses, f\u00fchrte einen eigenen Workshop [&hellip;]<\/p>\n","protected":false},"author":1,"featured_media":612,"comment_status":"open","ping_status":"open","sticky":false,"template":"","format":"standard","meta":{"_acf_changed":false,"_yoast_wpseo_focuskw":"KMU-Perspektive","_yoast_wpseo_metadesc":"Das Tagungsthema am Schweizer KMU-Tag lautete \u201eKMU und Perspektivenwechsel \u2013 mittendrin und trotzdem draussen.\u201c Einmal mehr war \u201evolles Haus\u201c.","articlekey":"","footnotes":""},"categories":[28],"tags":[193,335,492],"class_list":["post-605","post","type-post","status-publish","format-standard","has-post-thumbnail","hentry","category-management","tag-fachkongressfachmesse","tag-management-und-unternehmensfuehrung","tag-unternehmen"],"acf":[],"yoast_head":"<!-- This site is optimized with the Yoast SEO plugin v27.5 - https:\/\/yoast.com\/product\/yoast-seo-wordpress\/ -->\n<title>Die KMU-Perspektive - Organisator<\/title>\n<meta name=\"description\" content=\"Das Tagungsthema am Schweizer KMU-Tag lautete \u201eKMU und Perspektivenwechsel \u2013 mittendrin und trotzdem draussen.\u201c Einmal mehr war \u201evolles Haus\u201c.\" \/>\n<meta name=\"robots\" content=\"index, follow, max-snippet:-1, max-image-preview:large, max-video-preview:-1\" \/>\n<link rel=\"canonical\" href=\"https:\/\/www.organisator.ch\/it\/gestione-2\/2016-10-31\/die-kmu-perspektive\/\" \/>\n<meta property=\"og:locale\" content=\"it_IT\" \/>\n<meta property=\"og:type\" content=\"article\" \/>\n<meta property=\"og:title\" content=\"Die KMU-Perspektive\" \/>\n<meta property=\"og:description\" content=\"Am 28. Oktober 2016 fand in St.Gallen der traditionelle Schweizer KMU-Tag statt. Das Tagungsthema lautete \u201eKMU und Perspektivenwechsel \u2013 mittendrin und trotzdem draussen.\u201c Einmal mehr war \u201evolles Haus\u201c \u2013 und die Besucher kamen in den Genuss von praxisorientierten Workshops, gehaltvollen Referaten und reichhaltigen Networking-M\u00f6glichkeiten.\" \/>\n<meta property=\"og:url\" content=\"https:\/\/www.organisator.ch\/it\/gestione-2\/2016-10-31\/die-kmu-perspektive\/\" \/>\n<meta property=\"og:site_name\" content=\"Organisator\" \/>\n<meta property=\"article:publisher\" content=\"https:\/\/www.facebook.com\/OrganisatorFachmagazin\" \/>\n<meta property=\"article:published_time\" content=\"2016-10-31T12:38:26+00:00\" \/>\n<meta name=\"author\" content=\"admin\" \/>\n<meta name=\"twitter:card\" content=\"summary_large_image\" \/>\n<meta name=\"twitter:image\" content=\"https:\/\/www.organisator.ch\/wp-content\/uploads\/2016\/12\/Die-KMU-Perspektive1-organisator.jpg\" \/>\n<script type=\"application\/ld+json\" class=\"yoast-schema-graph\">{\"@context\":\"https:\\\/\\\/schema.org\",\"@graph\":[{\"@type\":\"Article\",\"@id\":\"https:\\\/\\\/www.organisator.ch\\\/management\\\/2016-10-31\\\/die-kmu-perspektive\\\/#article\",\"isPartOf\":{\"@id\":\"https:\\\/\\\/www.organisator.ch\\\/management\\\/2016-10-31\\\/die-kmu-perspektive\\\/\"},\"author\":{\"name\":\"admin\",\"@id\":\"https:\\\/\\\/www.organisator.ch\\\/#\\\/schema\\\/person\\\/aa2bace6c5c5aad60102004a50c4eb1c\"},\"headline\":\"Die KMU-Perspektive\",\"datePublished\":\"2016-10-31T12:38:26+00:00\",\"mainEntityOfPage\":{\"@id\":\"https:\\\/\\\/www.organisator.ch\\\/management\\\/2016-10-31\\\/die-kmu-perspektive\\\/\"},\"wordCount\":1040,\"commentCount\":0,\"publisher\":{\"@id\":\"https:\\\/\\\/www.organisator.ch\\\/#organization\"},\"image\":{\"@id\":\"https:\\\/\\\/www.organisator.ch\\\/management\\\/2016-10-31\\\/die-kmu-perspektive\\\/#primaryimage\"},\"thumbnailUrl\":\"https:\\\/\\\/www.organisator.ch\\\/wp-content\\\/uploads\\\/2016\\\/12\\\/Die-KMU-Perspektive1-organisator.jpg\",\"keywords\":[\"Fachkongress\\\/Fachmesse\",\"Management und Unternehmensf\u00fchrung\",\"Unternehmen\"],\"articleSection\":[\"MANAGEMENT\"],\"inLanguage\":\"it-IT\"},{\"@type\":\"WebPage\",\"@id\":\"https:\\\/\\\/www.organisator.ch\\\/management\\\/2016-10-31\\\/die-kmu-perspektive\\\/\",\"url\":\"https:\\\/\\\/www.organisator.ch\\\/management\\\/2016-10-31\\\/die-kmu-perspektive\\\/\",\"name\":\"Die KMU-Perspektive - Organisator\",\"isPartOf\":{\"@id\":\"https:\\\/\\\/www.organisator.ch\\\/#website\"},\"primaryImageOfPage\":{\"@id\":\"https:\\\/\\\/www.organisator.ch\\\/management\\\/2016-10-31\\\/die-kmu-perspektive\\\/#primaryimage\"},\"image\":{\"@id\":\"https:\\\/\\\/www.organisator.ch\\\/management\\\/2016-10-31\\\/die-kmu-perspektive\\\/#primaryimage\"},\"thumbnailUrl\":\"https:\\\/\\\/www.organisator.ch\\\/wp-content\\\/uploads\\\/2016\\\/12\\\/Die-KMU-Perspektive1-organisator.jpg\",\"datePublished\":\"2016-10-31T12:38:26+00:00\",\"description\":\"Das Tagungsthema am Schweizer KMU-Tag lautete \u201eKMU und Perspektivenwechsel \u2013 mittendrin und trotzdem draussen.\u201c Einmal mehr war \u201evolles Haus\u201c.\",\"breadcrumb\":{\"@id\":\"https:\\\/\\\/www.organisator.ch\\\/management\\\/2016-10-31\\\/die-kmu-perspektive\\\/#breadcrumb\"},\"inLanguage\":\"it-IT\",\"potentialAction\":[{\"@type\":\"ReadAction\",\"target\":[\"https:\\\/\\\/www.organisator.ch\\\/management\\\/2016-10-31\\\/die-kmu-perspektive\\\/\"]}]},{\"@type\":\"ImageObject\",\"inLanguage\":\"it-IT\",\"@id\":\"https:\\\/\\\/www.organisator.ch\\\/management\\\/2016-10-31\\\/die-kmu-perspektive\\\/#primaryimage\",\"url\":\"https:\\\/\\\/www.organisator.ch\\\/wp-content\\\/uploads\\\/2016\\\/12\\\/Die-KMU-Perspektive1-organisator.jpg\",\"contentUrl\":\"https:\\\/\\\/www.organisator.ch\\\/wp-content\\\/uploads\\\/2016\\\/12\\\/Die-KMU-Perspektive1-organisator.jpg\",\"width\":640,\"height\":394,\"caption\":\"Referenten auf dem Podium - mit Moderatorin Christa Rigozzi: Thomas Binggeli (links) und Prof. Dr. Martin Kolmar. (Foto: Thomas Berner)\"},{\"@type\":\"BreadcrumbList\",\"@id\":\"https:\\\/\\\/www.organisator.ch\\\/management\\\/2016-10-31\\\/die-kmu-perspektive\\\/#breadcrumb\",\"itemListElement\":[{\"@type\":\"ListItem\",\"position\":1,\"name\":\"Home\",\"item\":\"https:\\\/\\\/www.organisator.ch\\\/\"},{\"@type\":\"ListItem\",\"position\":2,\"name\":\"Die KMU-Perspektive\"}]},{\"@type\":\"WebSite\",\"@id\":\"https:\\\/\\\/www.organisator.ch\\\/#website\",\"url\":\"https:\\\/\\\/www.organisator.ch\\\/\",\"name\":\"Organisator\",\"description\":\"Kompetent. Praxisnah. Der ORGANISATOR bereitet in 10 Ausgaben pro Jahr die wesentlichen Themen f\u00fcr F\u00fchrungskr\u00e4fte von KMU auf.\",\"publisher\":{\"@id\":\"https:\\\/\\\/www.organisator.ch\\\/#organization\"},\"potentialAction\":[{\"@type\":\"SearchAction\",\"target\":{\"@type\":\"EntryPoint\",\"urlTemplate\":\"https:\\\/\\\/www.organisator.ch\\\/?s={search_term_string}\"},\"query-input\":{\"@type\":\"PropertyValueSpecification\",\"valueRequired\":true,\"valueName\":\"search_term_string\"}}],\"inLanguage\":\"it-IT\"},{\"@type\":\"Organization\",\"@id\":\"https:\\\/\\\/www.organisator.ch\\\/#organization\",\"name\":\"Organisator\",\"url\":\"https:\\\/\\\/www.organisator.ch\\\/\",\"logo\":{\"@type\":\"ImageObject\",\"inLanguage\":\"it-IT\",\"@id\":\"https:\\\/\\\/www.organisator.ch\\\/#\\\/schema\\\/logo\\\/image\\\/\",\"url\":\"https:\\\/\\\/www.organisator.ch\\\/wp-content\\\/uploads\\\/2022\\\/01\\\/Logo_Organisator_Website.png\",\"contentUrl\":\"https:\\\/\\\/www.organisator.ch\\\/wp-content\\\/uploads\\\/2022\\\/01\\\/Logo_Organisator_Website.png\",\"width\":800,\"height\":77,\"caption\":\"Organisator\"},\"image\":{\"@id\":\"https:\\\/\\\/www.organisator.ch\\\/#\\\/schema\\\/logo\\\/image\\\/\"},\"sameAs\":[\"https:\\\/\\\/www.facebook.com\\\/OrganisatorFachmagazin\",\"https:\\\/\\\/www.linkedin.com\\\/showcase\\\/organisator-das-magazin-fr-kmu\",\"https:\\\/\\\/www.xing.com\\\/news\\\/pages\\\/organisator-ch-695\",\"https:\\\/\\\/www.youtube.com\\\/channel\\\/UCGP2Sq0iWaZwT3BdIAQFYpw\"]},{\"@type\":\"Person\",\"@id\":\"https:\\\/\\\/www.organisator.ch\\\/#\\\/schema\\\/person\\\/aa2bace6c5c5aad60102004a50c4eb1c\",\"name\":\"admin\",\"image\":{\"@type\":\"ImageObject\",\"inLanguage\":\"it-IT\",\"@id\":\"https:\\\/\\\/secure.gravatar.com\\\/avatar\\\/ae2f4d718e6c49043e314ce431e7e645d646302a24a5ef5a8bc8e3f5a032e319?s=96&d=mm&r=g\",\"url\":\"https:\\\/\\\/secure.gravatar.com\\\/avatar\\\/ae2f4d718e6c49043e314ce431e7e645d646302a24a5ef5a8bc8e3f5a032e319?s=96&d=mm&r=g\",\"contentUrl\":\"https:\\\/\\\/secure.gravatar.com\\\/avatar\\\/ae2f4d718e6c49043e314ce431e7e645d646302a24a5ef5a8bc8e3f5a032e319?s=96&d=mm&r=g\",\"caption\":\"admin\"},\"sameAs\":[\"https:\\\/\\\/www.organisator.ch\"],\"url\":\"https:\\\/\\\/www.organisator.ch\\\/it\\\/author\\\/admin\\\/\"}]}<\/script>\n<!-- \/ Yoast SEO plugin. -->","yoast_head_json":{"title":"Il punto di vista delle PMI - Organizzatore","description":"Il tema della conferenza della Giornata svizzera delle PMI \u00e8 stato \"Le PMI e il cambiamento di prospettiva - al centro e ancora fuori\". Ancora una volta, c'\u00e8 stato il \"pienone\".","robots":{"index":"index","follow":"follow","max-snippet":"max-snippet:-1","max-image-preview":"max-image-preview:large","max-video-preview":"max-video-preview:-1"},"canonical":"https:\/\/www.organisator.ch\/it\/gestione-2\/2016-10-31\/die-kmu-perspektive\/","og_locale":"it_IT","og_type":"article","og_title":"Die KMU-Perspektive","og_description":"Am 28. Oktober 2016 fand in St.Gallen der traditionelle Schweizer KMU-Tag statt. Das Tagungsthema lautete \u201eKMU und Perspektivenwechsel \u2013 mittendrin und trotzdem draussen.\u201c Einmal mehr war \u201evolles Haus\u201c \u2013 und die Besucher kamen in den Genuss von praxisorientierten Workshops, gehaltvollen Referaten und reichhaltigen Networking-M\u00f6glichkeiten.","og_url":"https:\/\/www.organisator.ch\/it\/gestione-2\/2016-10-31\/die-kmu-perspektive\/","og_site_name":"Organisator","article_publisher":"https:\/\/www.facebook.com\/OrganisatorFachmagazin","article_published_time":"2016-10-31T12:38:26+00:00","author":"admin","twitter_card":"summary_large_image","twitter_image":"https:\/\/www.organisator.ch\/wp-content\/uploads\/2016\/12\/Die-KMU-Perspektive1-organisator.jpg","schema":{"@context":"https:\/\/schema.org","@graph":[{"@type":"Article","@id":"https:\/\/www.organisator.ch\/management\/2016-10-31\/die-kmu-perspektive\/#article","isPartOf":{"@id":"https:\/\/www.organisator.ch\/management\/2016-10-31\/die-kmu-perspektive\/"},"author":{"name":"admin","@id":"https:\/\/www.organisator.ch\/#\/schema\/person\/aa2bace6c5c5aad60102004a50c4eb1c"},"headline":"Die KMU-Perspektive","datePublished":"2016-10-31T12:38:26+00:00","mainEntityOfPage":{"@id":"https:\/\/www.organisator.ch\/management\/2016-10-31\/die-kmu-perspektive\/"},"wordCount":1040,"commentCount":0,"publisher":{"@id":"https:\/\/www.organisator.ch\/#organization"},"image":{"@id":"https:\/\/www.organisator.ch\/management\/2016-10-31\/die-kmu-perspektive\/#primaryimage"},"thumbnailUrl":"https:\/\/www.organisator.ch\/wp-content\/uploads\/2016\/12\/Die-KMU-Perspektive1-organisator.jpg","keywords":["Fachkongress\/Fachmesse","Management und Unternehmensf\u00fchrung","Unternehmen"],"articleSection":["MANAGEMENT"],"inLanguage":"it-IT"},{"@type":"WebPage","@id":"https:\/\/www.organisator.ch\/management\/2016-10-31\/die-kmu-perspektive\/","url":"https:\/\/www.organisator.ch\/management\/2016-10-31\/die-kmu-perspektive\/","name":"Il punto di vista delle PMI - Organizzatore","isPartOf":{"@id":"https:\/\/www.organisator.ch\/#website"},"primaryImageOfPage":{"@id":"https:\/\/www.organisator.ch\/management\/2016-10-31\/die-kmu-perspektive\/#primaryimage"},"image":{"@id":"https:\/\/www.organisator.ch\/management\/2016-10-31\/die-kmu-perspektive\/#primaryimage"},"thumbnailUrl":"https:\/\/www.organisator.ch\/wp-content\/uploads\/2016\/12\/Die-KMU-Perspektive1-organisator.jpg","datePublished":"2016-10-31T12:38:26+00:00","description":"Il tema della conferenza della Giornata svizzera delle PMI \u00e8 stato \"Le PMI e il cambiamento di prospettiva - al centro e ancora fuori\". Ancora una volta, c'\u00e8 stato il \"pienone\".","breadcrumb":{"@id":"https:\/\/www.organisator.ch\/management\/2016-10-31\/die-kmu-perspektive\/#breadcrumb"},"inLanguage":"it-IT","potentialAction":[{"@type":"ReadAction","target":["https:\/\/www.organisator.ch\/management\/2016-10-31\/die-kmu-perspektive\/"]}]},{"@type":"ImageObject","inLanguage":"it-IT","@id":"https:\/\/www.organisator.ch\/management\/2016-10-31\/die-kmu-perspektive\/#primaryimage","url":"https:\/\/www.organisator.ch\/wp-content\/uploads\/2016\/12\/Die-KMU-Perspektive1-organisator.jpg","contentUrl":"https:\/\/www.organisator.ch\/wp-content\/uploads\/2016\/12\/Die-KMU-Perspektive1-organisator.jpg","width":640,"height":394,"caption":"Referenten auf dem Podium - mit Moderatorin Christa Rigozzi: Thomas Binggeli (links) und Prof. Dr. Martin Kolmar. (Foto: Thomas Berner)"},{"@type":"BreadcrumbList","@id":"https:\/\/www.organisator.ch\/management\/2016-10-31\/die-kmu-perspektive\/#breadcrumb","itemListElement":[{"@type":"ListItem","position":1,"name":"Home","item":"https:\/\/www.organisator.ch\/"},{"@type":"ListItem","position":2,"name":"Die KMU-Perspektive"}]},{"@type":"WebSite","@id":"https:\/\/www.organisator.ch\/#website","url":"https:\/\/www.organisator.ch\/","name":"Organizzatore","description":"Competente. Pratico. In 10 numeri all'anno, ORGANISATOR presenta i temi essenziali per i manager delle PMI.","publisher":{"@id":"https:\/\/www.organisator.ch\/#organization"},"potentialAction":[{"@type":"SearchAction","target":{"@type":"EntryPoint","urlTemplate":"https:\/\/www.organisator.ch\/?s={search_term_string}"},"query-input":{"@type":"PropertyValueSpecification","valueRequired":true,"valueName":"search_term_string"}}],"inLanguage":"it-IT"},{"@type":"Organization","@id":"https:\/\/www.organisator.ch\/#organization","name":"Organizzatore","url":"https:\/\/www.organisator.ch\/","logo":{"@type":"ImageObject","inLanguage":"it-IT","@id":"https:\/\/www.organisator.ch\/#\/schema\/logo\/image\/","url":"https:\/\/www.organisator.ch\/wp-content\/uploads\/2022\/01\/Logo_Organisator_Website.png","contentUrl":"https:\/\/www.organisator.ch\/wp-content\/uploads\/2022\/01\/Logo_Organisator_Website.png","width":800,"height":77,"caption":"Organisator"},"image":{"@id":"https:\/\/www.organisator.ch\/#\/schema\/logo\/image\/"},"sameAs":["https:\/\/www.facebook.com\/OrganisatorFachmagazin","https:\/\/www.linkedin.com\/showcase\/organisator-das-magazin-fr-kmu","https:\/\/www.xing.com\/news\/pages\/organisator-ch-695","https:\/\/www.youtube.com\/channel\/UCGP2Sq0iWaZwT3BdIAQFYpw"]},{"@type":"Person","@id":"https:\/\/www.organisator.ch\/#\/schema\/person\/aa2bace6c5c5aad60102004a50c4eb1c","name":"amministratore","image":{"@type":"ImageObject","inLanguage":"it-IT","@id":"https:\/\/secure.gravatar.com\/avatar\/ae2f4d718e6c49043e314ce431e7e645d646302a24a5ef5a8bc8e3f5a032e319?s=96&d=mm&r=g","url":"https:\/\/secure.gravatar.com\/avatar\/ae2f4d718e6c49043e314ce431e7e645d646302a24a5ef5a8bc8e3f5a032e319?s=96&d=mm&r=g","contentUrl":"https:\/\/secure.gravatar.com\/avatar\/ae2f4d718e6c49043e314ce431e7e645d646302a24a5ef5a8bc8e3f5a032e319?s=96&d=mm&r=g","caption":"admin"},"sameAs":["https:\/\/www.organisator.ch"],"url":"https:\/\/www.organisator.ch\/it\/author\/admin\/"}]}},"_links":{"self":[{"href":"https:\/\/www.organisator.ch\/it\/wp-json\/wp\/v2\/posts\/605","targetHints":{"allow":["GET"]}}],"collection":[{"href":"https:\/\/www.organisator.ch\/it\/wp-json\/wp\/v2\/posts"}],"about":[{"href":"https:\/\/www.organisator.ch\/it\/wp-json\/wp\/v2\/types\/post"}],"author":[{"embeddable":true,"href":"https:\/\/www.organisator.ch\/it\/wp-json\/wp\/v2\/users\/1"}],"replies":[{"embeddable":true,"href":"https:\/\/www.organisator.ch\/it\/wp-json\/wp\/v2\/comments?post=605"}],"version-history":[{"count":0,"href":"https:\/\/www.organisator.ch\/it\/wp-json\/wp\/v2\/posts\/605\/revisions"}],"wp:featuredmedia":[{"embeddable":true,"href":"https:\/\/www.organisator.ch\/it\/wp-json\/wp\/v2\/media\/612"}],"wp:attachment":[{"href":"https:\/\/www.organisator.ch\/it\/wp-json\/wp\/v2\/media?parent=605"}],"wp:term":[{"taxonomy":"category","embeddable":true,"href":"https:\/\/www.organisator.ch\/it\/wp-json\/wp\/v2\/categories?post=605"},{"taxonomy":"post_tag","embeddable":true,"href":"https:\/\/www.organisator.ch\/it\/wp-json\/wp\/v2\/tags?post=605"}],"curies":[{"name":"wp","href":"https:\/\/api.w.org\/{rel}","templated":true}]}}