{"id":6253,"date":"2020-01-21T08:23:50","date_gmt":"2020-01-21T07:23:50","guid":{"rendered":"https:\/\/www.organisator.ch\/?p=6253"},"modified":"2020-01-21T08:23:50","modified_gmt":"2020-01-21T07:23:50","slug":"starker-franken-europa-gewinnt-fuer-die-beschaffung-bei-kmus-an-bedeutung","status":"publish","type":"post","link":"https:\/\/www.organisator.ch\/it\/management\/finanzen_recht\/2020-01-21\/starker-franken-europa-gewinnt-fuer-die-beschaffung-bei-kmus-an-bedeutung\/","title":{"rendered":"Franco forte: l'Europa acquista importanza per gli acquisti delle PMI"},"content":{"rendered":"<figure id=\"attachment_6254\" aria-describedby=\"caption-attachment-6254\" style=\"width: 680px\" class=\"wp-caption alignnone\"><img loading=\"lazy\" decoding=\"async\" class=\"size-medium wp-image-6254\" src=\"https:\/\/www.organisator.ch\/wp-content\/uploads\/2020\/01\/Starker-Franken-Europa-gewinnt-fuer-die-Beschaffung-bei-KMUs-an-Bedeutung-1.jpg\" alt=\"\" width=\"680\" height=\"381\" srcset=\"https:\/\/www.organisator.ch\/wp-content\/uploads\/2020\/01\/Starker-Franken-Europa-gewinnt-fuer-die-Beschaffung-bei-KMUs-an-Bedeutung-1.jpg 680w, https:\/\/www.organisator.ch\/wp-content\/uploads\/2020\/01\/Starker-Franken-Europa-gewinnt-fuer-die-Beschaffung-bei-KMUs-an-Bedeutung-1-16x9.jpg 16w, https:\/\/www.organisator.ch\/wp-content\/uploads\/2020\/01\/Starker-Franken-Europa-gewinnt-fuer-die-Beschaffung-bei-KMUs-an-Bedeutung-1-312x175.jpg 312w, https:\/\/www.organisator.ch\/wp-content\/uploads\/2020\/01\/Starker-Franken-Europa-gewinnt-fuer-die-Beschaffung-bei-KMUs-an-Bedeutung-1-625x350.jpg 625w, https:\/\/www.organisator.ch\/wp-content\/uploads\/2020\/01\/Starker-Franken-Europa-gewinnt-fuer-die-Beschaffung-bei-KMUs-an-Bedeutung-1-300x168.jpg 300w\" sizes=\"auto, (max-width: 680px) 100vw, 680px\" \/><figcaption id=\"caption-attachment-6254\" class=\"wp-caption-text\">Il franco forte affonda i margini delle PMI, ma non del tutto. (Immagine: Pixabay.com)<\/figcaption><\/figure>\n<p>A cavallo dell'anno 2019\/20, Visable ha chiesto a pi\u00f9 di 80 PMI la loro situazione economica in un sondaggio online. Visable offre alle aziende diverse opportunit\u00e0 per aumentare la loro portata su Internet. Visable comprende anche il marketplace B2B \"Wer liefert was\" e la piattaforma europea B2B EUROPAGES.<\/p>\n<h2><strong>Il franco forte deprime gli utili<\/strong><\/h2>\n<p>Alla domanda generale sulle conseguenze delle incertezze economiche, due terzi (62,6 %) delle PMI hanno dichiarato di non avvertire alcun impatto. Secondo il sondaggio Visable, la rinnovata forza del franco sembra avere un impatto minimo sulla situazione degli ordini e sul fatturato delle PMI svizzere. Tuttavia, il 24,1% delle aziende sta subendo un calo degli utili. \"Le aziende orientate all'esportazione stanno soffrendo per il franco forte. Poich\u00e9 i prezzi svizzeri stanno diventando pi\u00f9 cari per l'estero, le aziende svizzere sono esposte alla pressione sui prezzi. Se i prezzi devono essere abbassati, il margine di profitto si riduce\", spiega Peter F. Schmid, CEO di Visable. Un quarto delle aziende sta reagendo al contesto economico pi\u00f9 difficile riducendo o interrompendo gli investimenti. E un altro quarto non pubblicizza pi\u00f9 nuovi posti di lavoro.<\/p>\n<figure id=\"attachment_6255\" aria-describedby=\"caption-attachment-6255\" style=\"width: 680px\" class=\"wp-caption alignnone\"><img loading=\"lazy\" decoding=\"async\" class=\"size-medium wp-image-6255\" src=\"https:\/\/www.organisator.ch\/wp-content\/uploads\/2020\/01\/Starker-Franken-Europa-gewinnt-fuer-die-Beschaffung-bei-KMUs-an-Bedeutung-2.jpg\" alt=\"\" width=\"680\" height=\"453\" srcset=\"https:\/\/www.organisator.ch\/wp-content\/uploads\/2020\/01\/Starker-Franken-Europa-gewinnt-fuer-die-Beschaffung-bei-KMUs-an-Bedeutung-2.jpg 680w, https:\/\/www.organisator.ch\/wp-content\/uploads\/2020\/01\/Starker-Franken-Europa-gewinnt-fuer-die-Beschaffung-bei-KMUs-an-Bedeutung-2-16x12.jpg 16w, https:\/\/www.organisator.ch\/wp-content\/uploads\/2020\/01\/Starker-Franken-Europa-gewinnt-fuer-die-Beschaffung-bei-KMUs-an-Bedeutung-2-263x175.jpg 263w, https:\/\/www.organisator.ch\/wp-content\/uploads\/2020\/01\/Starker-Franken-Europa-gewinnt-fuer-die-Beschaffung-bei-KMUs-an-Bedeutung-2-525x350.jpg 525w, https:\/\/www.organisator.ch\/wp-content\/uploads\/2020\/01\/Starker-Franken-Europa-gewinnt-fuer-die-Beschaffung-bei-KMUs-an-Bedeutung-2-300x200.jpg 300w\" sizes=\"auto, (max-width: 680px) 100vw, 680px\" \/><figcaption id=\"caption-attachment-6255\" class=\"wp-caption-text\">Ecco come il franco forte influisce sulle aziende. (Grafico: Visibile)<\/figcaption><\/figure>\n<p>Quindi, mentre un franco forte ha conseguenze notevoli per alcune aziende, le conseguenze del conflitto commerciale USA-Cina e USA-Europa sono molto meno drammatiche. Solo il 19,3% delle aziende ritiene che il conflitto commerciale abbia un impatto negativo sulla propria azienda. Come mostra il sondaggio Visable, il conflitto non ha conseguenze negative per la netta maggioranza del 67,5%.<\/p>\n<h2><strong>L'Europa acquista importanza per gli acquisti<\/strong><\/h2>\n<p>Per quanto riguarda la domanda se le condizioni economiche pi\u00f9 difficili abbiano cambiato la strategia di approvvigionamento, emergono alcuni cambiamenti per quanto riguarda le regioni commerciali preferite. Se l'orientamento degli acquisti \u00e8 cambiato, i partner commerciali europei in particolare stanno guadagnando importanza (26,5 %). Tuttavia, ci sono anche aziende che acquistano sempre pi\u00f9 in Cina (10,8 %) o negli Stati Uniti (4,8 %). Allo stesso tempo, ci sono PMI che ritengono che i mercati di Cina e Stati Uniti stiano perdendo importanza. Per quanto riguarda la Cina, tuttavia, questo sembra essere irrilevante. Perch\u00e9 solo per il 3,6% delle aziende intervistate la Cina sta perdendo importanza. Il mercato statunitense, invece, sembra perdere terreno, con il 7,2% delle risposte corrispondenti.<\/p>\n<p>\"Alcune aziende possono trarre profitto dal conflitto commerciale entrando nella breccia e aumentando selettivamente gli scambi con gli Stati Uniti o la Cina\", spiega Peter F. Schmid, CEO di Visable. \"La Cina \u00e8 un po' pi\u00f9 importante come partner commerciale al momento. Questo ha a che fare con i bassi salari del Paese, ma anche con l'accordo commerciale con la Svizzera. Ma gli Stati Uniti potrebbero seguirne l'esempio in un secondo momento, se dall'accordo commerciale previsto emergessero nuove prospettive\", aggiunge Peter F. Schmid.<\/p>\n<h2><strong>Brexit poco rilevante per la Svizzera grazie alla debolezza della bilancia commerciale<\/strong><\/h2>\n<p>L'imminente Brexit \u00e8 praticamente irrilevante per le PMI svizzere. Tre quarti delle aziende (75,9 %) hanno dichiarato che l'uscita del Regno Unito dall'UE non avr\u00e0 conseguenze negative per loro. \"L'Inghilterra \u00e8 un partner commerciale molto meno importante per la Svizzera rispetto a Germania, Stati Uniti, Italia, Francia o Cina\", spiega Peter F. Schmid. \"A causa della debole bilancia commerciale con l'Inghilterra, le conseguenze economiche della Brexit sono relativamente basse\", afferma il CEO di Visable.<\/p>\n<p>In generale, nonostante le crescenti sfide economiche, pi\u00f9 della met\u00e0 delle aziende intervistate (53,7 %) ritiene che la propria competitivit\u00e0 nei confronti della concorrenza sia rimasta invariata. Tuttavia, ben il 18,3% delle PMI deve fare i conti con una situazione competitiva pi\u00f9 difficile. Per il 14,6%, invece, la pressione competitiva \u00e8 addirittura diminuita.<\/p>\n<p><em>Fonte: <a href=\"http:\/\/www.visable.com\">Visibile<\/a><\/em><\/p>","protected":false},"excerpt":{"rendered":"<p>Visable hat zum Jahreswechsel 2019\/20 in einer Online-Umfrage \u00fcber 80 KMUs zur wirtschaftlichen Lage befragt. Visable bietet Unternehmen verschiedene M\u00f6glichkeiten zur Reichweiten-Steigerung im Internet. Zu Visable geh\u00f6ren auch der B2B-Marktplatz \u00abWer liefert was\u00bb und die europ\u00e4ische B2B-Plattform EUROPAGES. Starker Franken dr\u00fcckt auf den Gewinn Allgemein nach den Folgen der wirtschaftlichen Unsicherheiten gefragt, gaben zwei Drittel [&hellip;]<\/p>\n","protected":false},"author":4,"featured_media":6254,"comment_status":"closed","ping_status":"closed","sticky":false,"template":"","format":"standard","meta":{"_acf_changed":false,"_yoast_wpseo_focuskw":"Starker Franken","_yoast_wpseo_metadesc":"Handelskonflikte, Brexit und abk\u00fchlende Konjunktur haben f\u00fcr die KMU kaum Auswirkungen. Ein starker Franken l\u00e4sst den Gewinn einiger Betriebe schrumpfen.","articlekey":"","footnotes":""},"categories":[24],"tags":[202,310,459,531],"class_list":["post-6253","post","type-post","status-publish","format-standard","has-post-thumbnail","hentry","category-finanzen_recht","tag-finanzenrecht","tag-konjunktur","tag-studie","tag-wirtschaftspolitik"],"acf":[],"yoast_head":"<!-- This site is optimized with the Yoast SEO plugin v27.4 - https:\/\/yoast.com\/product\/yoast-seo-wordpress\/ -->\n<title>Starker Franken: Europa gewinnt f\u00fcr die Beschaffung bei KMUs an Bedeutung - Organisator<\/title>\n<meta name=\"description\" content=\"Handelskonflikte, Brexit und abk\u00fchlende Konjunktur haben f\u00fcr die KMU kaum Auswirkungen. Ein starker Franken l\u00e4sst den Gewinn einiger Betriebe schrumpfen.\" \/>\n<meta name=\"robots\" content=\"index, follow, max-snippet:-1, max-image-preview:large, max-video-preview:-1\" \/>\n<link rel=\"canonical\" href=\"https:\/\/www.organisator.ch\/it\/gestione-2\/finanzen_recht\/2020-01-21\/starker-franken-europa-gewinnt-fuer-die-beschaffung-bei-kmus-an-bedeutung\/\" \/>\n<meta property=\"og:locale\" content=\"it_IT\" \/>\n<meta property=\"og:type\" content=\"article\" \/>\n<meta property=\"og:title\" content=\"Starker Franken: Europa gewinnt f\u00fcr die Beschaffung bei KMUs an Bedeutung\" \/>\n<meta property=\"og:description\" content=\"Handelskonflikte, Brexit und abk\u00fchlende Konjunktur haben f\u00fcr die KMU kaum Auswirkungen. Ein starker Franken l\u00e4sst den Gewinn einiger Betriebe schrumpfen.\" \/>\n<meta property=\"og:url\" content=\"https:\/\/www.organisator.ch\/it\/gestione-2\/finanzen_recht\/2020-01-21\/starker-franken-europa-gewinnt-fuer-die-beschaffung-bei-kmus-an-bedeutung\/\" \/>\n<meta property=\"og:site_name\" content=\"Organisator\" \/>\n<meta property=\"article:publisher\" content=\"https:\/\/www.facebook.com\/OrganisatorFachmagazin\" \/>\n<meta property=\"article:published_time\" content=\"2020-01-21T07:23:50+00:00\" \/>\n<meta property=\"og:image\" content=\"https:\/\/www.organisator.ch\/wp-content\/uploads\/2020\/01\/Starker-Franken-Europa-gewinnt-fuer-die-Beschaffung-bei-KMUs-an-Bedeutung-1.jpg\" \/>\n\t<meta property=\"og:image:width\" content=\"680\" \/>\n\t<meta property=\"og:image:height\" content=\"381\" \/>\n\t<meta property=\"og:image:type\" content=\"image\/jpeg\" \/>\n<meta name=\"author\" content=\"thomas.berner\" \/>\n<meta name=\"twitter:card\" content=\"summary_large_image\" \/>\n<meta name=\"twitter:title\" content=\"Starker #Franken: #Europa gewinnt f\u00fcr die Beschaffung bei KMUs an Bedeutung\" \/>\n<meta name=\"twitter:description\" content=\"#Handelskonflikte, #Brexit und abk\u00fchlende Konjunktur haben f\u00fcr die KMU kaum Auswirkungen. Ein starker #Franken l\u00e4sst den Gewinn einiger Betriebe schrumpfen.\" \/>\n<meta name=\"twitter:image\" content=\"https:\/\/www.organisator.ch\/wp-content\/uploads\/2020\/01\/Starker-Franken-Europa-gewinnt-fuer-die-Beschaffung-bei-KMUs-an-Bedeutung-1.jpg\" \/>\n<script type=\"application\/ld+json\" class=\"yoast-schema-graph\">{\"@context\":\"https:\\\/\\\/schema.org\",\"@graph\":[{\"@type\":\"Article\",\"@id\":\"https:\\\/\\\/www.organisator.ch\\\/management\\\/finanzen_recht\\\/2020-01-21\\\/starker-franken-europa-gewinnt-fuer-die-beschaffung-bei-kmus-an-bedeutung\\\/#article\",\"isPartOf\":{\"@id\":\"https:\\\/\\\/www.organisator.ch\\\/management\\\/finanzen_recht\\\/2020-01-21\\\/starker-franken-europa-gewinnt-fuer-die-beschaffung-bei-kmus-an-bedeutung\\\/\"},\"author\":{\"name\":\"thomas.berner\",\"@id\":\"https:\\\/\\\/www.organisator.ch\\\/#\\\/schema\\\/person\\\/6f650f90b2842cd4c0cc334b4e36f67e\"},\"headline\":\"Starker Franken: Europa gewinnt f\u00fcr die Beschaffung bei KMUs an Bedeutung\",\"datePublished\":\"2020-01-21T07:23:50+00:00\",\"mainEntityOfPage\":{\"@id\":\"https:\\\/\\\/www.organisator.ch\\\/management\\\/finanzen_recht\\\/2020-01-21\\\/starker-franken-europa-gewinnt-fuer-die-beschaffung-bei-kmus-an-bedeutung\\\/\"},\"wordCount\":634,\"publisher\":{\"@id\":\"https:\\\/\\\/www.organisator.ch\\\/#organization\"},\"image\":{\"@id\":\"https:\\\/\\\/www.organisator.ch\\\/management\\\/finanzen_recht\\\/2020-01-21\\\/starker-franken-europa-gewinnt-fuer-die-beschaffung-bei-kmus-an-bedeutung\\\/#primaryimage\"},\"thumbnailUrl\":\"https:\\\/\\\/www.organisator.ch\\\/wp-content\\\/uploads\\\/2020\\\/01\\\/Starker-Franken-Europa-gewinnt-fuer-die-Beschaffung-bei-KMUs-an-Bedeutung-1.jpg\",\"keywords\":[\"Finanzen\\\/Recht\",\"Konjunktur\",\"Studie\",\"Wirtschaftspolitik\"],\"articleSection\":[\"FINANZEN\\\/RECHT\"],\"inLanguage\":\"it-IT\"},{\"@type\":\"WebPage\",\"@id\":\"https:\\\/\\\/www.organisator.ch\\\/management\\\/finanzen_recht\\\/2020-01-21\\\/starker-franken-europa-gewinnt-fuer-die-beschaffung-bei-kmus-an-bedeutung\\\/\",\"url\":\"https:\\\/\\\/www.organisator.ch\\\/management\\\/finanzen_recht\\\/2020-01-21\\\/starker-franken-europa-gewinnt-fuer-die-beschaffung-bei-kmus-an-bedeutung\\\/\",\"name\":\"Starker Franken: Europa gewinnt f\u00fcr die Beschaffung bei KMUs an Bedeutung - Organisator\",\"isPartOf\":{\"@id\":\"https:\\\/\\\/www.organisator.ch\\\/#website\"},\"primaryImageOfPage\":{\"@id\":\"https:\\\/\\\/www.organisator.ch\\\/management\\\/finanzen_recht\\\/2020-01-21\\\/starker-franken-europa-gewinnt-fuer-die-beschaffung-bei-kmus-an-bedeutung\\\/#primaryimage\"},\"image\":{\"@id\":\"https:\\\/\\\/www.organisator.ch\\\/management\\\/finanzen_recht\\\/2020-01-21\\\/starker-franken-europa-gewinnt-fuer-die-beschaffung-bei-kmus-an-bedeutung\\\/#primaryimage\"},\"thumbnailUrl\":\"https:\\\/\\\/www.organisator.ch\\\/wp-content\\\/uploads\\\/2020\\\/01\\\/Starker-Franken-Europa-gewinnt-fuer-die-Beschaffung-bei-KMUs-an-Bedeutung-1.jpg\",\"datePublished\":\"2020-01-21T07:23:50+00:00\",\"description\":\"Handelskonflikte, Brexit und abk\u00fchlende Konjunktur haben f\u00fcr die KMU kaum Auswirkungen. Ein starker Franken l\u00e4sst den Gewinn einiger Betriebe schrumpfen.\",\"breadcrumb\":{\"@id\":\"https:\\\/\\\/www.organisator.ch\\\/management\\\/finanzen_recht\\\/2020-01-21\\\/starker-franken-europa-gewinnt-fuer-die-beschaffung-bei-kmus-an-bedeutung\\\/#breadcrumb\"},\"inLanguage\":\"it-IT\",\"potentialAction\":[{\"@type\":\"ReadAction\",\"target\":[\"https:\\\/\\\/www.organisator.ch\\\/management\\\/finanzen_recht\\\/2020-01-21\\\/starker-franken-europa-gewinnt-fuer-die-beschaffung-bei-kmus-an-bedeutung\\\/\"]}]},{\"@type\":\"ImageObject\",\"inLanguage\":\"it-IT\",\"@id\":\"https:\\\/\\\/www.organisator.ch\\\/management\\\/finanzen_recht\\\/2020-01-21\\\/starker-franken-europa-gewinnt-fuer-die-beschaffung-bei-kmus-an-bedeutung\\\/#primaryimage\",\"url\":\"https:\\\/\\\/www.organisator.ch\\\/wp-content\\\/uploads\\\/2020\\\/01\\\/Starker-Franken-Europa-gewinnt-fuer-die-Beschaffung-bei-KMUs-an-Bedeutung-1.jpg\",\"contentUrl\":\"https:\\\/\\\/www.organisator.ch\\\/wp-content\\\/uploads\\\/2020\\\/01\\\/Starker-Franken-Europa-gewinnt-fuer-die-Beschaffung-bei-KMUs-an-Bedeutung-1.jpg\",\"width\":680,\"height\":381,\"caption\":\"Starker Franken l\u00e4sst Margen bei KMU sinken. (Bild: Pixabay.com)\"},{\"@type\":\"BreadcrumbList\",\"@id\":\"https:\\\/\\\/www.organisator.ch\\\/management\\\/finanzen_recht\\\/2020-01-21\\\/starker-franken-europa-gewinnt-fuer-die-beschaffung-bei-kmus-an-bedeutung\\\/#breadcrumb\",\"itemListElement\":[{\"@type\":\"ListItem\",\"position\":1,\"name\":\"Home\",\"item\":\"https:\\\/\\\/www.organisator.ch\\\/\"},{\"@type\":\"ListItem\",\"position\":2,\"name\":\"Starker Franken: Europa gewinnt f\u00fcr die Beschaffung bei KMUs an Bedeutung\"}]},{\"@type\":\"WebSite\",\"@id\":\"https:\\\/\\\/www.organisator.ch\\\/#website\",\"url\":\"https:\\\/\\\/www.organisator.ch\\\/\",\"name\":\"Organisator\",\"description\":\"Kompetent. Praxisnah. Der ORGANISATOR bereitet in 10 Ausgaben pro Jahr die wesentlichen Themen f\u00fcr F\u00fchrungskr\u00e4fte von KMU auf.\",\"publisher\":{\"@id\":\"https:\\\/\\\/www.organisator.ch\\\/#organization\"},\"potentialAction\":[{\"@type\":\"SearchAction\",\"target\":{\"@type\":\"EntryPoint\",\"urlTemplate\":\"https:\\\/\\\/www.organisator.ch\\\/?s={search_term_string}\"},\"query-input\":{\"@type\":\"PropertyValueSpecification\",\"valueRequired\":true,\"valueName\":\"search_term_string\"}}],\"inLanguage\":\"it-IT\"},{\"@type\":\"Organization\",\"@id\":\"https:\\\/\\\/www.organisator.ch\\\/#organization\",\"name\":\"Organisator\",\"url\":\"https:\\\/\\\/www.organisator.ch\\\/\",\"logo\":{\"@type\":\"ImageObject\",\"inLanguage\":\"it-IT\",\"@id\":\"https:\\\/\\\/www.organisator.ch\\\/#\\\/schema\\\/logo\\\/image\\\/\",\"url\":\"https:\\\/\\\/www.organisator.ch\\\/wp-content\\\/uploads\\\/2022\\\/01\\\/Logo_Organisator_Website.png\",\"contentUrl\":\"https:\\\/\\\/www.organisator.ch\\\/wp-content\\\/uploads\\\/2022\\\/01\\\/Logo_Organisator_Website.png\",\"width\":800,\"height\":77,\"caption\":\"Organisator\"},\"image\":{\"@id\":\"https:\\\/\\\/www.organisator.ch\\\/#\\\/schema\\\/logo\\\/image\\\/\"},\"sameAs\":[\"https:\\\/\\\/www.facebook.com\\\/OrganisatorFachmagazin\",\"https:\\\/\\\/www.linkedin.com\\\/showcase\\\/organisator-das-magazin-fr-kmu\",\"https:\\\/\\\/www.xing.com\\\/news\\\/pages\\\/organisator-ch-695\",\"https:\\\/\\\/www.youtube.com\\\/channel\\\/UCGP2Sq0iWaZwT3BdIAQFYpw\"]},{\"@type\":\"Person\",\"@id\":\"https:\\\/\\\/www.organisator.ch\\\/#\\\/schema\\\/person\\\/6f650f90b2842cd4c0cc334b4e36f67e\",\"name\":\"thomas.berner\",\"image\":{\"@type\":\"ImageObject\",\"inLanguage\":\"it-IT\",\"@id\":\"https:\\\/\\\/secure.gravatar.com\\\/avatar\\\/ac5001d2a36cb6c6cd3e50789007ffca834b477b74a2144564522e944eabff61?s=96&d=mm&r=g\",\"url\":\"https:\\\/\\\/secure.gravatar.com\\\/avatar\\\/ac5001d2a36cb6c6cd3e50789007ffca834b477b74a2144564522e944eabff61?s=96&d=mm&r=g\",\"contentUrl\":\"https:\\\/\\\/secure.gravatar.com\\\/avatar\\\/ac5001d2a36cb6c6cd3e50789007ffca834b477b74a2144564522e944eabff61?s=96&d=mm&r=g\",\"caption\":\"thomas.berner\"},\"url\":\"https:\\\/\\\/www.organisator.ch\\\/it\\\/author\\\/thomas-berner\\\/\"}]}<\/script>\n<!-- \/ Yoast SEO plugin. -->","yoast_head_json":{"title":"Franco forte: l'Europa acquista importanza per gli acquisti delle PMI - Organizzatore","description":"I conflitti commerciali, la Brexit e il raffreddamento dell'economia hanno un impatto limitato sulle PMI. Il franco forte sta causando una contrazione dei profitti di alcune imprese.","robots":{"index":"index","follow":"follow","max-snippet":"max-snippet:-1","max-image-preview":"max-image-preview:large","max-video-preview":"max-video-preview:-1"},"canonical":"https:\/\/www.organisator.ch\/it\/gestione-2\/finanzen_recht\/2020-01-21\/starker-franken-europa-gewinnt-fuer-die-beschaffung-bei-kmus-an-bedeutung\/","og_locale":"it_IT","og_type":"article","og_title":"Starker Franken: Europa gewinnt f\u00fcr die Beschaffung bei KMUs an Bedeutung","og_description":"Handelskonflikte, Brexit und abk\u00fchlende Konjunktur haben f\u00fcr die KMU kaum Auswirkungen. Ein starker Franken l\u00e4sst den Gewinn einiger Betriebe schrumpfen.","og_url":"https:\/\/www.organisator.ch\/it\/gestione-2\/finanzen_recht\/2020-01-21\/starker-franken-europa-gewinnt-fuer-die-beschaffung-bei-kmus-an-bedeutung\/","og_site_name":"Organisator","article_publisher":"https:\/\/www.facebook.com\/OrganisatorFachmagazin","article_published_time":"2020-01-21T07:23:50+00:00","og_image":[{"width":680,"height":381,"url":"https:\/\/www.organisator.ch\/wp-content\/uploads\/2020\/01\/Starker-Franken-Europa-gewinnt-fuer-die-Beschaffung-bei-KMUs-an-Bedeutung-1.jpg","type":"image\/jpeg"}],"author":"thomas.berner","twitter_card":"summary_large_image","twitter_title":"Starker #Franken: #Europa gewinnt f\u00fcr die Beschaffung bei KMUs an Bedeutung","twitter_description":"#Handelskonflikte, #Brexit und abk\u00fchlende Konjunktur haben f\u00fcr die KMU kaum Auswirkungen. Ein starker #Franken l\u00e4sst den Gewinn einiger Betriebe schrumpfen.","twitter_image":"https:\/\/www.organisator.ch\/wp-content\/uploads\/2020\/01\/Starker-Franken-Europa-gewinnt-fuer-die-Beschaffung-bei-KMUs-an-Bedeutung-1.jpg","schema":{"@context":"https:\/\/schema.org","@graph":[{"@type":"Article","@id":"https:\/\/www.organisator.ch\/management\/finanzen_recht\/2020-01-21\/starker-franken-europa-gewinnt-fuer-die-beschaffung-bei-kmus-an-bedeutung\/#article","isPartOf":{"@id":"https:\/\/www.organisator.ch\/management\/finanzen_recht\/2020-01-21\/starker-franken-europa-gewinnt-fuer-die-beschaffung-bei-kmus-an-bedeutung\/"},"author":{"name":"thomas.berner","@id":"https:\/\/www.organisator.ch\/#\/schema\/person\/6f650f90b2842cd4c0cc334b4e36f67e"},"headline":"Starker Franken: Europa gewinnt f\u00fcr die Beschaffung bei KMUs an Bedeutung","datePublished":"2020-01-21T07:23:50+00:00","mainEntityOfPage":{"@id":"https:\/\/www.organisator.ch\/management\/finanzen_recht\/2020-01-21\/starker-franken-europa-gewinnt-fuer-die-beschaffung-bei-kmus-an-bedeutung\/"},"wordCount":634,"publisher":{"@id":"https:\/\/www.organisator.ch\/#organization"},"image":{"@id":"https:\/\/www.organisator.ch\/management\/finanzen_recht\/2020-01-21\/starker-franken-europa-gewinnt-fuer-die-beschaffung-bei-kmus-an-bedeutung\/#primaryimage"},"thumbnailUrl":"https:\/\/www.organisator.ch\/wp-content\/uploads\/2020\/01\/Starker-Franken-Europa-gewinnt-fuer-die-Beschaffung-bei-KMUs-an-Bedeutung-1.jpg","keywords":["Finanzen\/Recht","Konjunktur","Studie","Wirtschaftspolitik"],"articleSection":["FINANZEN\/RECHT"],"inLanguage":"it-IT"},{"@type":"WebPage","@id":"https:\/\/www.organisator.ch\/management\/finanzen_recht\/2020-01-21\/starker-franken-europa-gewinnt-fuer-die-beschaffung-bei-kmus-an-bedeutung\/","url":"https:\/\/www.organisator.ch\/management\/finanzen_recht\/2020-01-21\/starker-franken-europa-gewinnt-fuer-die-beschaffung-bei-kmus-an-bedeutung\/","name":"Franco forte: l'Europa acquista importanza per gli acquisti delle PMI - Organizzatore","isPartOf":{"@id":"https:\/\/www.organisator.ch\/#website"},"primaryImageOfPage":{"@id":"https:\/\/www.organisator.ch\/management\/finanzen_recht\/2020-01-21\/starker-franken-europa-gewinnt-fuer-die-beschaffung-bei-kmus-an-bedeutung\/#primaryimage"},"image":{"@id":"https:\/\/www.organisator.ch\/management\/finanzen_recht\/2020-01-21\/starker-franken-europa-gewinnt-fuer-die-beschaffung-bei-kmus-an-bedeutung\/#primaryimage"},"thumbnailUrl":"https:\/\/www.organisator.ch\/wp-content\/uploads\/2020\/01\/Starker-Franken-Europa-gewinnt-fuer-die-Beschaffung-bei-KMUs-an-Bedeutung-1.jpg","datePublished":"2020-01-21T07:23:50+00:00","description":"I conflitti commerciali, la Brexit e il raffreddamento dell'economia hanno un impatto limitato sulle PMI. Il franco forte sta causando una contrazione dei profitti di alcune imprese.","breadcrumb":{"@id":"https:\/\/www.organisator.ch\/management\/finanzen_recht\/2020-01-21\/starker-franken-europa-gewinnt-fuer-die-beschaffung-bei-kmus-an-bedeutung\/#breadcrumb"},"inLanguage":"it-IT","potentialAction":[{"@type":"ReadAction","target":["https:\/\/www.organisator.ch\/management\/finanzen_recht\/2020-01-21\/starker-franken-europa-gewinnt-fuer-die-beschaffung-bei-kmus-an-bedeutung\/"]}]},{"@type":"ImageObject","inLanguage":"it-IT","@id":"https:\/\/www.organisator.ch\/management\/finanzen_recht\/2020-01-21\/starker-franken-europa-gewinnt-fuer-die-beschaffung-bei-kmus-an-bedeutung\/#primaryimage","url":"https:\/\/www.organisator.ch\/wp-content\/uploads\/2020\/01\/Starker-Franken-Europa-gewinnt-fuer-die-Beschaffung-bei-KMUs-an-Bedeutung-1.jpg","contentUrl":"https:\/\/www.organisator.ch\/wp-content\/uploads\/2020\/01\/Starker-Franken-Europa-gewinnt-fuer-die-Beschaffung-bei-KMUs-an-Bedeutung-1.jpg","width":680,"height":381,"caption":"Starker Franken l\u00e4sst Margen bei KMU sinken. (Bild: Pixabay.com)"},{"@type":"BreadcrumbList","@id":"https:\/\/www.organisator.ch\/management\/finanzen_recht\/2020-01-21\/starker-franken-europa-gewinnt-fuer-die-beschaffung-bei-kmus-an-bedeutung\/#breadcrumb","itemListElement":[{"@type":"ListItem","position":1,"name":"Home","item":"https:\/\/www.organisator.ch\/"},{"@type":"ListItem","position":2,"name":"Starker Franken: Europa gewinnt f\u00fcr die Beschaffung bei KMUs an Bedeutung"}]},{"@type":"WebSite","@id":"https:\/\/www.organisator.ch\/#website","url":"https:\/\/www.organisator.ch\/","name":"Organizzatore","description":"Competente. Pratico. In 10 numeri all'anno, ORGANISATOR presenta i temi essenziali per i manager delle PMI.","publisher":{"@id":"https:\/\/www.organisator.ch\/#organization"},"potentialAction":[{"@type":"SearchAction","target":{"@type":"EntryPoint","urlTemplate":"https:\/\/www.organisator.ch\/?s={search_term_string}"},"query-input":{"@type":"PropertyValueSpecification","valueRequired":true,"valueName":"search_term_string"}}],"inLanguage":"it-IT"},{"@type":"Organization","@id":"https:\/\/www.organisator.ch\/#organization","name":"Organizzatore","url":"https:\/\/www.organisator.ch\/","logo":{"@type":"ImageObject","inLanguage":"it-IT","@id":"https:\/\/www.organisator.ch\/#\/schema\/logo\/image\/","url":"https:\/\/www.organisator.ch\/wp-content\/uploads\/2022\/01\/Logo_Organisator_Website.png","contentUrl":"https:\/\/www.organisator.ch\/wp-content\/uploads\/2022\/01\/Logo_Organisator_Website.png","width":800,"height":77,"caption":"Organisator"},"image":{"@id":"https:\/\/www.organisator.ch\/#\/schema\/logo\/image\/"},"sameAs":["https:\/\/www.facebook.com\/OrganisatorFachmagazin","https:\/\/www.linkedin.com\/showcase\/organisator-das-magazin-fr-kmu","https:\/\/www.xing.com\/news\/pages\/organisator-ch-695","https:\/\/www.youtube.com\/channel\/UCGP2Sq0iWaZwT3BdIAQFYpw"]},{"@type":"Person","@id":"https:\/\/www.organisator.ch\/#\/schema\/person\/6f650f90b2842cd4c0cc334b4e36f67e","name":"Tommaso.berner","image":{"@type":"ImageObject","inLanguage":"it-IT","@id":"https:\/\/secure.gravatar.com\/avatar\/ac5001d2a36cb6c6cd3e50789007ffca834b477b74a2144564522e944eabff61?s=96&d=mm&r=g","url":"https:\/\/secure.gravatar.com\/avatar\/ac5001d2a36cb6c6cd3e50789007ffca834b477b74a2144564522e944eabff61?s=96&d=mm&r=g","contentUrl":"https:\/\/secure.gravatar.com\/avatar\/ac5001d2a36cb6c6cd3e50789007ffca834b477b74a2144564522e944eabff61?s=96&d=mm&r=g","caption":"thomas.berner"},"url":"https:\/\/www.organisator.ch\/it\/author\/thomas-berner\/"}]}},"_links":{"self":[{"href":"https:\/\/www.organisator.ch\/it\/wp-json\/wp\/v2\/posts\/6253","targetHints":{"allow":["GET"]}}],"collection":[{"href":"https:\/\/www.organisator.ch\/it\/wp-json\/wp\/v2\/posts"}],"about":[{"href":"https:\/\/www.organisator.ch\/it\/wp-json\/wp\/v2\/types\/post"}],"author":[{"embeddable":true,"href":"https:\/\/www.organisator.ch\/it\/wp-json\/wp\/v2\/users\/4"}],"replies":[{"embeddable":true,"href":"https:\/\/www.organisator.ch\/it\/wp-json\/wp\/v2\/comments?post=6253"}],"version-history":[{"count":0,"href":"https:\/\/www.organisator.ch\/it\/wp-json\/wp\/v2\/posts\/6253\/revisions"}],"wp:featuredmedia":[{"embeddable":true,"href":"https:\/\/www.organisator.ch\/it\/wp-json\/wp\/v2\/media\/6254"}],"wp:attachment":[{"href":"https:\/\/www.organisator.ch\/it\/wp-json\/wp\/v2\/media?parent=6253"}],"wp:term":[{"taxonomy":"category","embeddable":true,"href":"https:\/\/www.organisator.ch\/it\/wp-json\/wp\/v2\/categories?post=6253"},{"taxonomy":"post_tag","embeddable":true,"href":"https:\/\/www.organisator.ch\/it\/wp-json\/wp\/v2\/tags?post=6253"}],"curies":[{"name":"wp","href":"https:\/\/api.w.org\/{rel}","templated":true}]}}