{"id":6270,"date":"2020-01-24T08:34:01","date_gmt":"2020-01-24T07:34:01","guid":{"rendered":"https:\/\/www.organisator.ch\/?p=6270"},"modified":"2020-01-24T08:34:01","modified_gmt":"2020-01-24T07:34:01","slug":"mehrere-millionen-franken-fuer-klimaschutz-projekte","status":"publish","type":"post","link":"https:\/\/www.organisator.ch\/it\/management\/2020-01-24\/mehrere-millionen-franken-fuer-klimaschutz-projekte\/","title":{"rendered":"Diversi milioni di franchi per progetti di protezione del clima"},"content":{"rendered":"<figure id=\"attachment_6271\" aria-describedby=\"caption-attachment-6271\" style=\"width: 680px\" class=\"wp-caption alignnone\"><img loading=\"lazy\" decoding=\"async\" class=\"size-medium wp-image-6271\" src=\"https:\/\/www.organisator.ch\/wp-content\/uploads\/2020\/01\/Mehrere-Millionen-Franken-fuer-Klimaschutz-Projekte_Organisator.jpg\" alt=\"\" width=\"680\" height=\"306\" srcset=\"https:\/\/www.organisator.ch\/wp-content\/uploads\/2020\/01\/Mehrere-Millionen-Franken-fuer-Klimaschutz-Projekte_Organisator.jpg 680w, https:\/\/www.organisator.ch\/wp-content\/uploads\/2020\/01\/Mehrere-Millionen-Franken-fuer-Klimaschutz-Projekte_Organisator-16x7.jpg 16w, https:\/\/www.organisator.ch\/wp-content\/uploads\/2020\/01\/Mehrere-Millionen-Franken-fuer-Klimaschutz-Projekte_Organisator-375x169.jpg 375w, https:\/\/www.organisator.ch\/wp-content\/uploads\/2020\/01\/Mehrere-Millionen-Franken-fuer-Klimaschutz-Projekte_Organisator-300x135.jpg 300w\" sizes=\"auto, (max-width: 680px) 100vw, 680px\" \/><figcaption id=\"caption-attachment-6271\" class=\"wp-caption-text\">La Fondazione svizzera per il clima finanzia progetti di protezione del clima. Vatorex, per esempio, che ha sviluppato un sistema di riscaldamento a pavimento per le api da miele, ne ha tratto vantaggio. (Immagine: maxcomm-green.com)<\/figcaption><\/figure>\n<p>La protezione del clima e la sostenibilit\u00e0 sono in cima all'agenda. Se si vuole raggiungere l'obiettivo di una Svizzera neutrale per il clima entro il 2050, \u00e8 necessario un impegno determinato da parte di tutti. Sempre pi\u00f9 PMI fanno la loro parte lanciando progetti promettenti o migliorando l'efficienza energetica. Tuttavia, per realizzare con successo un'impresa del genere in modo economico e sostenibile, molte aziende hanno bisogno di assistenza per l'avviamento. Ora possono richiederlo alla Fondazione svizzera per il clima. La fondazione accetta domande di sostegno finanziario per progetti di protezione del clima fino al 1\u00b0 marzo 2020.<\/p>\n<h2><strong>Innovazioni per il clima in domanda<\/strong><\/h2>\n<p>Le PMI in Svizzera e nel Liechtenstein che stanno sviluppando una soluzione innovativa per la protezione del clima possono candidarsi online attraverso il <a href=\"https:\/\/maxcomm.us12.list-manage.com\/track\/click?u=74090039ecde65db808b5baa9&amp;id=d677ce8e7d&amp;e=4a105d0b7c\">Sito web<\/a> presentare una domanda di finanziamento alla Fondazione svizzera per il clima. Lo spettro delle innovazioni che sono state sostenute dalla fondazione finora \u00e8 ampio: Mentre alcuni stanno sviluppando facciate in vetro ad alta efficienza energetica grazie al sostegno della Fondazione svizzera per il clima (<a href=\"https:\/\/maxcomm.us12.list-manage.com\/track\/click?u=74090039ecde65db808b5baa9&amp;id=11af00c074&amp;e=4a105d0b7c\">HyWin<\/a>), altri stanno armeggiando con metodi di compostaggio innovativi (<a href=\"https:\/\/maxcomm.us12.list-manage.com\/track\/click?u=74090039ecde65db808b5baa9&amp;id=edc353c389&amp;e=4a105d0b7c\">WormUp<\/a>) o il riscaldamento a pavimento per le api (<a href=\"https:\/\/maxcomm.us12.list-manage.com\/track\/click?u=74090039ecde65db808b5baa9&amp;id=121335e638&amp;e=4a105d0b7c\">Vatorex<\/a>) - tutti questi sono nuovi prodotti che alla fine vanno a beneficio del clima. Inoltre, la fondazione sostiene anche misure di vasta portata per risparmiare energia nelle proprie operazioni. Anche le domande per progetti di efficienza energetica superiori a 20.000 franchi possono essere presentate fino al 1\u00b0 marzo. <a href=\"https:\/\/maxcomm.us12.list-manage.com\/track\/click?u=74090039ecde65db808b5baa9&amp;id=b6487c2d9e&amp;e=4a105d0b7c\">presentato<\/a> essere attuato. Misure di efficienza pi\u00f9 piccole, le cosiddette <a href=\"https:\/\/maxcomm.us12.list-manage.com\/track\/click?u=74090039ecde65db808b5baa9&amp;id=46fed00631&amp;e=4a105d0b7c\">Misure standard<\/a>pu\u00f2 essere richiesto in qualsiasi momento. Solo l'anno scorso, la Fondazione svizzera per il clima ha investito 4,2 milioni di franchi in progetti di protezione del clima e misure di risparmio energetico di aziende svizzere e del Liechtenstein.<\/p>\n<h2><strong>Dall'economia per l'economia\u00a0<\/strong><\/h2>\n<p>La Fondazione svizzera per il clima attende nuovamente numerose candidature di aziende con nuove idee e prodotti avanzati che contribuiscono a promuovere la protezione del clima. \"La Svizzera \u00e8 da anni in testa alla classifica globale dei paesi pi\u00f9 innovativi. Soprattutto nell'area della ricerca e dell'educazione, si posiziona al top. Questo fornisce terreno fertile per promettenti progetti di protezione del clima\", dice Vincent Eckert, direttore esecutivo della Fondazione. \"Tuttavia, soprattutto le giovani imprese che vogliono dare un contributo positivo allo sviluppo sostenibile con idee commerciali innovative, spesso non dispongono delle risorse finanziarie necessarie\", aggiunge Christian Hofer, membro del consiglio di fondazione e responsabile della responsabilit\u00e0 aziendale e della sostenibilit\u00e0 di Raiffeisen Svizzera. \"Con il suo ampio sostegno nella comunit\u00e0 imprenditoriale, la Climate Foundation pu\u00f2 dare un importante contributo al superamento di questo ostacolo\".<\/p>\n<h2>Promozione di progetti di protezione del clima grazie a partner di lunga data<\/h2>\n<p>La Fondazione svizzera per il clima pu\u00f2 contare sul sostegno a lungo termine di 27 aziende partner della Svizzera e del Liechtenstein, tra cui banche e assicurazioni, nonch\u00e9 fornitori di servizi come PwC Svizzera, Sanitas e SAP. Le aziende partner donano volontariamente i loro rimborsi dalla tassa sulle emissioni di CO2 e rendono cos\u00ec possibile l'impegno della Fondazione svizzera per il clima.<\/p>","protected":false},"excerpt":{"rendered":"<p>Klimaschutz und Nachhaltigkeit stehen ganz oben auf der Agenda. Soll das Ziel einer klimaneutralen Schweiz bis 2050 erreicht werden, ist ein entschlossenes Engagement von allen Seiten n\u00f6tig. Auch immer mehr KMU machen sich daf\u00fcr stark, indem sie zukunftstr\u00e4chtige Projekte lancieren oder in Sachen Energieeffizienz aufr\u00fcsten. Um ein solches Unterfangen wirtschaftlich und nachhaltig erfolgreich umzusetzen, brauchen [&hellip;]<\/p>\n","protected":false},"author":4,"featured_media":6271,"comment_status":"closed","ping_status":"closed","sticky":false,"template":"","format":"standard","meta":{"_acf_changed":false,"_yoast_wpseo_focuskw":"Klimaschutz-Projekte","_yoast_wpseo_metadesc":"Die Klimastiftung Schweiz investiert erneut mehrere Millionen Franken in Klimaschutz-Projekte in der Schweiz und Liechtenstein.","articlekey":"","footnotes":""},"categories":[28],"tags":[203,275,300,334,335],"class_list":["post-6270","post","type-post","status-publish","format-standard","has-post-thumbnail","hentry","category-management","tag-finanzierung","tag-institutionen","tag-klimaschutz","tag-management","tag-management-und-unternehmensfuehrung"],"acf":[],"yoast_head":"<!-- This site is optimized with the Yoast SEO plugin v27.4 - https:\/\/yoast.com\/product\/yoast-seo-wordpress\/ -->\n<title>Mehrere Millionen Franken f\u00fcr Klimaschutz-Projekte - Organisator<\/title>\n<meta name=\"description\" content=\"Die Klimastiftung Schweiz investiert erneut mehrere Millionen Franken in Klimaschutz-Projekte in der Schweiz und Liechtenstein.\" \/>\n<meta name=\"robots\" content=\"index, follow, max-snippet:-1, max-image-preview:large, max-video-preview:-1\" \/>\n<link rel=\"canonical\" href=\"https:\/\/www.organisator.ch\/it\/gestione-2\/2020-01-24\/mehrere-millionen-franken-fuer-klimaschutz-projekte\/\" \/>\n<meta property=\"og:locale\" content=\"it_IT\" \/>\n<meta property=\"og:type\" content=\"article\" \/>\n<meta property=\"og:title\" content=\"Mehrere Millionen Franken f\u00fcr Klimaschutz-Projekte\" \/>\n<meta property=\"og:description\" content=\"Die Klimastiftung Schweiz investiert erneut mehrere Millionen Franken in Klimaschutz-Projekte in der Schweiz und Liechtenstein.\" \/>\n<meta property=\"og:url\" content=\"https:\/\/www.organisator.ch\/it\/gestione-2\/2020-01-24\/mehrere-millionen-franken-fuer-klimaschutz-projekte\/\" \/>\n<meta property=\"og:site_name\" content=\"Organisator\" \/>\n<meta property=\"article:publisher\" content=\"https:\/\/www.facebook.com\/OrganisatorFachmagazin\" \/>\n<meta property=\"article:published_time\" content=\"2020-01-24T07:34:01+00:00\" \/>\n<meta property=\"og:image\" content=\"https:\/\/www.organisator.ch\/wp-content\/uploads\/2020\/01\/Mehrere-Millionen-Franken-fuer-Klimaschutz-Projekte_Organisator.jpg\" \/>\n\t<meta property=\"og:image:width\" content=\"680\" \/>\n\t<meta property=\"og:image:height\" content=\"306\" \/>\n\t<meta property=\"og:image:type\" content=\"image\/jpeg\" \/>\n<meta name=\"author\" content=\"thomas.berner\" \/>\n<meta name=\"twitter:card\" content=\"summary_large_image\" \/>\n<meta name=\"twitter:title\" content=\"Mehrere Millionen Franken f\u00fcr #Klimaschutz-Projekte\" \/>\n<meta name=\"twitter:description\" content=\"Die #Klimastiftung Schweiz investiert erneut mehrere Millionen Franken in #Klimaschutz-Projekte in der Schweiz und Liechtenstein.\" \/>\n<meta name=\"twitter:image\" content=\"https:\/\/www.organisator.ch\/wp-content\/uploads\/2020\/01\/Mehrere-Millionen-Franken-fuer-Klimaschutz-Projekte_Organisator.jpg\" \/>\n<script type=\"application\/ld+json\" class=\"yoast-schema-graph\">{\"@context\":\"https:\\\/\\\/schema.org\",\"@graph\":[{\"@type\":\"Article\",\"@id\":\"https:\\\/\\\/www.organisator.ch\\\/management\\\/2020-01-24\\\/mehrere-millionen-franken-fuer-klimaschutz-projekte\\\/#article\",\"isPartOf\":{\"@id\":\"https:\\\/\\\/www.organisator.ch\\\/management\\\/2020-01-24\\\/mehrere-millionen-franken-fuer-klimaschutz-projekte\\\/\"},\"author\":{\"name\":\"thomas.berner\",\"@id\":\"https:\\\/\\\/www.organisator.ch\\\/#\\\/schema\\\/person\\\/6f650f90b2842cd4c0cc334b4e36f67e\"},\"headline\":\"Mehrere Millionen Franken f\u00fcr Klimaschutz-Projekte\",\"datePublished\":\"2020-01-24T07:34:01+00:00\",\"mainEntityOfPage\":{\"@id\":\"https:\\\/\\\/www.organisator.ch\\\/management\\\/2020-01-24\\\/mehrere-millionen-franken-fuer-klimaschutz-projekte\\\/\"},\"wordCount\":474,\"publisher\":{\"@id\":\"https:\\\/\\\/www.organisator.ch\\\/#organization\"},\"image\":{\"@id\":\"https:\\\/\\\/www.organisator.ch\\\/management\\\/2020-01-24\\\/mehrere-millionen-franken-fuer-klimaschutz-projekte\\\/#primaryimage\"},\"thumbnailUrl\":\"https:\\\/\\\/www.organisator.ch\\\/wp-content\\\/uploads\\\/2020\\\/01\\\/Mehrere-Millionen-Franken-fuer-Klimaschutz-Projekte_Organisator.jpg\",\"keywords\":[\"Finanzierung\",\"Institutionen\",\"Klimaschutz\",\"Management\",\"Management und Unternehmensf\u00fchrung\"],\"articleSection\":[\"MANAGEMENT\"],\"inLanguage\":\"it-IT\"},{\"@type\":\"WebPage\",\"@id\":\"https:\\\/\\\/www.organisator.ch\\\/management\\\/2020-01-24\\\/mehrere-millionen-franken-fuer-klimaschutz-projekte\\\/\",\"url\":\"https:\\\/\\\/www.organisator.ch\\\/management\\\/2020-01-24\\\/mehrere-millionen-franken-fuer-klimaschutz-projekte\\\/\",\"name\":\"Mehrere Millionen Franken f\u00fcr Klimaschutz-Projekte - Organisator\",\"isPartOf\":{\"@id\":\"https:\\\/\\\/www.organisator.ch\\\/#website\"},\"primaryImageOfPage\":{\"@id\":\"https:\\\/\\\/www.organisator.ch\\\/management\\\/2020-01-24\\\/mehrere-millionen-franken-fuer-klimaschutz-projekte\\\/#primaryimage\"},\"image\":{\"@id\":\"https:\\\/\\\/www.organisator.ch\\\/management\\\/2020-01-24\\\/mehrere-millionen-franken-fuer-klimaschutz-projekte\\\/#primaryimage\"},\"thumbnailUrl\":\"https:\\\/\\\/www.organisator.ch\\\/wp-content\\\/uploads\\\/2020\\\/01\\\/Mehrere-Millionen-Franken-fuer-Klimaschutz-Projekte_Organisator.jpg\",\"datePublished\":\"2020-01-24T07:34:01+00:00\",\"description\":\"Die Klimastiftung Schweiz investiert erneut mehrere Millionen Franken in Klimaschutz-Projekte in der Schweiz und Liechtenstein.\",\"breadcrumb\":{\"@id\":\"https:\\\/\\\/www.organisator.ch\\\/management\\\/2020-01-24\\\/mehrere-millionen-franken-fuer-klimaschutz-projekte\\\/#breadcrumb\"},\"inLanguage\":\"it-IT\",\"potentialAction\":[{\"@type\":\"ReadAction\",\"target\":[\"https:\\\/\\\/www.organisator.ch\\\/management\\\/2020-01-24\\\/mehrere-millionen-franken-fuer-klimaschutz-projekte\\\/\"]}]},{\"@type\":\"ImageObject\",\"inLanguage\":\"it-IT\",\"@id\":\"https:\\\/\\\/www.organisator.ch\\\/management\\\/2020-01-24\\\/mehrere-millionen-franken-fuer-klimaschutz-projekte\\\/#primaryimage\",\"url\":\"https:\\\/\\\/www.organisator.ch\\\/wp-content\\\/uploads\\\/2020\\\/01\\\/Mehrere-Millionen-Franken-fuer-Klimaschutz-Projekte_Organisator.jpg\",\"contentUrl\":\"https:\\\/\\\/www.organisator.ch\\\/wp-content\\\/uploads\\\/2020\\\/01\\\/Mehrere-Millionen-Franken-fuer-Klimaschutz-Projekte_Organisator.jpg\",\"width\":680,\"height\":306,\"caption\":\"F\u00fcr Klimaschutz-Projekte stellt die Klimastiftung Schweiz F\u00f6rdergelder bereit. Genutzt hat dies etwa Vatorex, die eine Bodenheizungen f\u00fcr Honigbienen entwickelt hat. (Bild: maxcomm-green.com)\"},{\"@type\":\"BreadcrumbList\",\"@id\":\"https:\\\/\\\/www.organisator.ch\\\/management\\\/2020-01-24\\\/mehrere-millionen-franken-fuer-klimaschutz-projekte\\\/#breadcrumb\",\"itemListElement\":[{\"@type\":\"ListItem\",\"position\":1,\"name\":\"Home\",\"item\":\"https:\\\/\\\/www.organisator.ch\\\/\"},{\"@type\":\"ListItem\",\"position\":2,\"name\":\"Mehrere Millionen Franken f\u00fcr Klimaschutz-Projekte\"}]},{\"@type\":\"WebSite\",\"@id\":\"https:\\\/\\\/www.organisator.ch\\\/#website\",\"url\":\"https:\\\/\\\/www.organisator.ch\\\/\",\"name\":\"Organisator\",\"description\":\"Kompetent. Praxisnah. Der ORGANISATOR bereitet in 10 Ausgaben pro Jahr die wesentlichen Themen f\u00fcr F\u00fchrungskr\u00e4fte von KMU auf.\",\"publisher\":{\"@id\":\"https:\\\/\\\/www.organisator.ch\\\/#organization\"},\"potentialAction\":[{\"@type\":\"SearchAction\",\"target\":{\"@type\":\"EntryPoint\",\"urlTemplate\":\"https:\\\/\\\/www.organisator.ch\\\/?s={search_term_string}\"},\"query-input\":{\"@type\":\"PropertyValueSpecification\",\"valueRequired\":true,\"valueName\":\"search_term_string\"}}],\"inLanguage\":\"it-IT\"},{\"@type\":\"Organization\",\"@id\":\"https:\\\/\\\/www.organisator.ch\\\/#organization\",\"name\":\"Organisator\",\"url\":\"https:\\\/\\\/www.organisator.ch\\\/\",\"logo\":{\"@type\":\"ImageObject\",\"inLanguage\":\"it-IT\",\"@id\":\"https:\\\/\\\/www.organisator.ch\\\/#\\\/schema\\\/logo\\\/image\\\/\",\"url\":\"https:\\\/\\\/www.organisator.ch\\\/wp-content\\\/uploads\\\/2022\\\/01\\\/Logo_Organisator_Website.png\",\"contentUrl\":\"https:\\\/\\\/www.organisator.ch\\\/wp-content\\\/uploads\\\/2022\\\/01\\\/Logo_Organisator_Website.png\",\"width\":800,\"height\":77,\"caption\":\"Organisator\"},\"image\":{\"@id\":\"https:\\\/\\\/www.organisator.ch\\\/#\\\/schema\\\/logo\\\/image\\\/\"},\"sameAs\":[\"https:\\\/\\\/www.facebook.com\\\/OrganisatorFachmagazin\",\"https:\\\/\\\/www.linkedin.com\\\/showcase\\\/organisator-das-magazin-fr-kmu\",\"https:\\\/\\\/www.xing.com\\\/news\\\/pages\\\/organisator-ch-695\",\"https:\\\/\\\/www.youtube.com\\\/channel\\\/UCGP2Sq0iWaZwT3BdIAQFYpw\"]},{\"@type\":\"Person\",\"@id\":\"https:\\\/\\\/www.organisator.ch\\\/#\\\/schema\\\/person\\\/6f650f90b2842cd4c0cc334b4e36f67e\",\"name\":\"thomas.berner\",\"image\":{\"@type\":\"ImageObject\",\"inLanguage\":\"it-IT\",\"@id\":\"https:\\\/\\\/secure.gravatar.com\\\/avatar\\\/ac5001d2a36cb6c6cd3e50789007ffca834b477b74a2144564522e944eabff61?s=96&d=mm&r=g\",\"url\":\"https:\\\/\\\/secure.gravatar.com\\\/avatar\\\/ac5001d2a36cb6c6cd3e50789007ffca834b477b74a2144564522e944eabff61?s=96&d=mm&r=g\",\"contentUrl\":\"https:\\\/\\\/secure.gravatar.com\\\/avatar\\\/ac5001d2a36cb6c6cd3e50789007ffca834b477b74a2144564522e944eabff61?s=96&d=mm&r=g\",\"caption\":\"thomas.berner\"},\"url\":\"https:\\\/\\\/www.organisator.ch\\\/it\\\/author\\\/thomas-berner\\\/\"}]}<\/script>\n<!-- \/ Yoast SEO plugin. -->","yoast_head_json":{"title":"Diversi milioni di franchi per progetti di protezione del clima - Organizzatore","description":"La Fondazione Svizzera per il Clima investe ancora una volta diversi milioni di franchi svizzeri in progetti di protezione del clima in Svizzera e nel Liechtenstein.","robots":{"index":"index","follow":"follow","max-snippet":"max-snippet:-1","max-image-preview":"max-image-preview:large","max-video-preview":"max-video-preview:-1"},"canonical":"https:\/\/www.organisator.ch\/it\/gestione-2\/2020-01-24\/mehrere-millionen-franken-fuer-klimaschutz-projekte\/","og_locale":"it_IT","og_type":"article","og_title":"Mehrere Millionen Franken f\u00fcr Klimaschutz-Projekte","og_description":"Die Klimastiftung Schweiz investiert erneut mehrere Millionen Franken in Klimaschutz-Projekte in der Schweiz und Liechtenstein.","og_url":"https:\/\/www.organisator.ch\/it\/gestione-2\/2020-01-24\/mehrere-millionen-franken-fuer-klimaschutz-projekte\/","og_site_name":"Organisator","article_publisher":"https:\/\/www.facebook.com\/OrganisatorFachmagazin","article_published_time":"2020-01-24T07:34:01+00:00","og_image":[{"width":680,"height":306,"url":"https:\/\/www.organisator.ch\/wp-content\/uploads\/2020\/01\/Mehrere-Millionen-Franken-fuer-Klimaschutz-Projekte_Organisator.jpg","type":"image\/jpeg"}],"author":"thomas.berner","twitter_card":"summary_large_image","twitter_title":"Mehrere Millionen Franken f\u00fcr #Klimaschutz-Projekte","twitter_description":"Die #Klimastiftung Schweiz investiert erneut mehrere Millionen Franken in #Klimaschutz-Projekte in der Schweiz und Liechtenstein.","twitter_image":"https:\/\/www.organisator.ch\/wp-content\/uploads\/2020\/01\/Mehrere-Millionen-Franken-fuer-Klimaschutz-Projekte_Organisator.jpg","schema":{"@context":"https:\/\/schema.org","@graph":[{"@type":"Article","@id":"https:\/\/www.organisator.ch\/management\/2020-01-24\/mehrere-millionen-franken-fuer-klimaschutz-projekte\/#article","isPartOf":{"@id":"https:\/\/www.organisator.ch\/management\/2020-01-24\/mehrere-millionen-franken-fuer-klimaschutz-projekte\/"},"author":{"name":"thomas.berner","@id":"https:\/\/www.organisator.ch\/#\/schema\/person\/6f650f90b2842cd4c0cc334b4e36f67e"},"headline":"Mehrere Millionen Franken f\u00fcr Klimaschutz-Projekte","datePublished":"2020-01-24T07:34:01+00:00","mainEntityOfPage":{"@id":"https:\/\/www.organisator.ch\/management\/2020-01-24\/mehrere-millionen-franken-fuer-klimaschutz-projekte\/"},"wordCount":474,"publisher":{"@id":"https:\/\/www.organisator.ch\/#organization"},"image":{"@id":"https:\/\/www.organisator.ch\/management\/2020-01-24\/mehrere-millionen-franken-fuer-klimaschutz-projekte\/#primaryimage"},"thumbnailUrl":"https:\/\/www.organisator.ch\/wp-content\/uploads\/2020\/01\/Mehrere-Millionen-Franken-fuer-Klimaschutz-Projekte_Organisator.jpg","keywords":["Finanzierung","Institutionen","Klimaschutz","Management","Management und Unternehmensf\u00fchrung"],"articleSection":["MANAGEMENT"],"inLanguage":"it-IT"},{"@type":"WebPage","@id":"https:\/\/www.organisator.ch\/management\/2020-01-24\/mehrere-millionen-franken-fuer-klimaschutz-projekte\/","url":"https:\/\/www.organisator.ch\/management\/2020-01-24\/mehrere-millionen-franken-fuer-klimaschutz-projekte\/","name":"Diversi milioni di franchi per progetti di protezione del clima - Organizzatore","isPartOf":{"@id":"https:\/\/www.organisator.ch\/#website"},"primaryImageOfPage":{"@id":"https:\/\/www.organisator.ch\/management\/2020-01-24\/mehrere-millionen-franken-fuer-klimaschutz-projekte\/#primaryimage"},"image":{"@id":"https:\/\/www.organisator.ch\/management\/2020-01-24\/mehrere-millionen-franken-fuer-klimaschutz-projekte\/#primaryimage"},"thumbnailUrl":"https:\/\/www.organisator.ch\/wp-content\/uploads\/2020\/01\/Mehrere-Millionen-Franken-fuer-Klimaschutz-Projekte_Organisator.jpg","datePublished":"2020-01-24T07:34:01+00:00","description":"La Fondazione Svizzera per il Clima investe ancora una volta diversi milioni di franchi svizzeri in progetti di protezione del clima in Svizzera e nel Liechtenstein.","breadcrumb":{"@id":"https:\/\/www.organisator.ch\/management\/2020-01-24\/mehrere-millionen-franken-fuer-klimaschutz-projekte\/#breadcrumb"},"inLanguage":"it-IT","potentialAction":[{"@type":"ReadAction","target":["https:\/\/www.organisator.ch\/management\/2020-01-24\/mehrere-millionen-franken-fuer-klimaschutz-projekte\/"]}]},{"@type":"ImageObject","inLanguage":"it-IT","@id":"https:\/\/www.organisator.ch\/management\/2020-01-24\/mehrere-millionen-franken-fuer-klimaschutz-projekte\/#primaryimage","url":"https:\/\/www.organisator.ch\/wp-content\/uploads\/2020\/01\/Mehrere-Millionen-Franken-fuer-Klimaschutz-Projekte_Organisator.jpg","contentUrl":"https:\/\/www.organisator.ch\/wp-content\/uploads\/2020\/01\/Mehrere-Millionen-Franken-fuer-Klimaschutz-Projekte_Organisator.jpg","width":680,"height":306,"caption":"F\u00fcr Klimaschutz-Projekte stellt die Klimastiftung Schweiz F\u00f6rdergelder bereit. Genutzt hat dies etwa Vatorex, die eine Bodenheizungen f\u00fcr Honigbienen entwickelt hat. (Bild: maxcomm-green.com)"},{"@type":"BreadcrumbList","@id":"https:\/\/www.organisator.ch\/management\/2020-01-24\/mehrere-millionen-franken-fuer-klimaschutz-projekte\/#breadcrumb","itemListElement":[{"@type":"ListItem","position":1,"name":"Home","item":"https:\/\/www.organisator.ch\/"},{"@type":"ListItem","position":2,"name":"Mehrere Millionen Franken f\u00fcr Klimaschutz-Projekte"}]},{"@type":"WebSite","@id":"https:\/\/www.organisator.ch\/#website","url":"https:\/\/www.organisator.ch\/","name":"Organizzatore","description":"Competente. Pratico. In 10 numeri all'anno, ORGANISATOR presenta i temi essenziali per i manager delle PMI.","publisher":{"@id":"https:\/\/www.organisator.ch\/#organization"},"potentialAction":[{"@type":"SearchAction","target":{"@type":"EntryPoint","urlTemplate":"https:\/\/www.organisator.ch\/?s={search_term_string}"},"query-input":{"@type":"PropertyValueSpecification","valueRequired":true,"valueName":"search_term_string"}}],"inLanguage":"it-IT"},{"@type":"Organization","@id":"https:\/\/www.organisator.ch\/#organization","name":"Organizzatore","url":"https:\/\/www.organisator.ch\/","logo":{"@type":"ImageObject","inLanguage":"it-IT","@id":"https:\/\/www.organisator.ch\/#\/schema\/logo\/image\/","url":"https:\/\/www.organisator.ch\/wp-content\/uploads\/2022\/01\/Logo_Organisator_Website.png","contentUrl":"https:\/\/www.organisator.ch\/wp-content\/uploads\/2022\/01\/Logo_Organisator_Website.png","width":800,"height":77,"caption":"Organisator"},"image":{"@id":"https:\/\/www.organisator.ch\/#\/schema\/logo\/image\/"},"sameAs":["https:\/\/www.facebook.com\/OrganisatorFachmagazin","https:\/\/www.linkedin.com\/showcase\/organisator-das-magazin-fr-kmu","https:\/\/www.xing.com\/news\/pages\/organisator-ch-695","https:\/\/www.youtube.com\/channel\/UCGP2Sq0iWaZwT3BdIAQFYpw"]},{"@type":"Person","@id":"https:\/\/www.organisator.ch\/#\/schema\/person\/6f650f90b2842cd4c0cc334b4e36f67e","name":"Tommaso.berner","image":{"@type":"ImageObject","inLanguage":"it-IT","@id":"https:\/\/secure.gravatar.com\/avatar\/ac5001d2a36cb6c6cd3e50789007ffca834b477b74a2144564522e944eabff61?s=96&d=mm&r=g","url":"https:\/\/secure.gravatar.com\/avatar\/ac5001d2a36cb6c6cd3e50789007ffca834b477b74a2144564522e944eabff61?s=96&d=mm&r=g","contentUrl":"https:\/\/secure.gravatar.com\/avatar\/ac5001d2a36cb6c6cd3e50789007ffca834b477b74a2144564522e944eabff61?s=96&d=mm&r=g","caption":"thomas.berner"},"url":"https:\/\/www.organisator.ch\/it\/author\/thomas-berner\/"}]}},"_links":{"self":[{"href":"https:\/\/www.organisator.ch\/it\/wp-json\/wp\/v2\/posts\/6270","targetHints":{"allow":["GET"]}}],"collection":[{"href":"https:\/\/www.organisator.ch\/it\/wp-json\/wp\/v2\/posts"}],"about":[{"href":"https:\/\/www.organisator.ch\/it\/wp-json\/wp\/v2\/types\/post"}],"author":[{"embeddable":true,"href":"https:\/\/www.organisator.ch\/it\/wp-json\/wp\/v2\/users\/4"}],"replies":[{"embeddable":true,"href":"https:\/\/www.organisator.ch\/it\/wp-json\/wp\/v2\/comments?post=6270"}],"version-history":[{"count":0,"href":"https:\/\/www.organisator.ch\/it\/wp-json\/wp\/v2\/posts\/6270\/revisions"}],"wp:featuredmedia":[{"embeddable":true,"href":"https:\/\/www.organisator.ch\/it\/wp-json\/wp\/v2\/media\/6271"}],"wp:attachment":[{"href":"https:\/\/www.organisator.ch\/it\/wp-json\/wp\/v2\/media?parent=6270"}],"wp:term":[{"taxonomy":"category","embeddable":true,"href":"https:\/\/www.organisator.ch\/it\/wp-json\/wp\/v2\/categories?post=6270"},{"taxonomy":"post_tag","embeddable":true,"href":"https:\/\/www.organisator.ch\/it\/wp-json\/wp\/v2\/tags?post=6270"}],"curies":[{"name":"wp","href":"https:\/\/api.w.org\/{rel}","templated":true}]}}