{"id":6291,"date":"2020-01-31T09:09:58","date_gmt":"2020-01-31T08:09:58","guid":{"rendered":"https:\/\/www.organisator.ch\/?p=6291"},"modified":"2020-01-31T09:09:58","modified_gmt":"2020-01-31T08:09:58","slug":"digitaler-wandel-laesst-mietwagen-markt-boomen","status":"publish","type":"post","link":"https:\/\/www.organisator.ch\/it\/management\/2020-01-31\/digitaler-wandel-laesst-mietwagen-markt-boomen\/","title":{"rendered":"La trasformazione digitale fa il boom del mercato del noleggio auto"},"content":{"rendered":"<figure id=\"attachment_6292\" aria-describedby=\"caption-attachment-6292\" style=\"width: 680px\" class=\"wp-caption alignnone\"><img loading=\"lazy\" decoding=\"async\" class=\"size-medium wp-image-6292\" src=\"https:\/\/www.organisator.ch\/wp-content\/uploads\/2020\/01\/Digitaler-Wandel-laesst-Mietwagen-Markt-boomen_Organisator.jpg\" alt=\"\" width=\"680\" height=\"680\" srcset=\"https:\/\/www.organisator.ch\/wp-content\/uploads\/2020\/01\/Digitaler-Wandel-laesst-Mietwagen-Markt-boomen_Organisator.jpg 680w, https:\/\/www.organisator.ch\/wp-content\/uploads\/2020\/01\/Digitaler-Wandel-laesst-Mietwagen-Markt-boomen_Organisator-150x150.jpg 150w, https:\/\/www.organisator.ch\/wp-content\/uploads\/2020\/01\/Digitaler-Wandel-laesst-Mietwagen-Markt-boomen_Organisator-12x12.jpg 12w, https:\/\/www.organisator.ch\/wp-content\/uploads\/2020\/01\/Digitaler-Wandel-laesst-Mietwagen-Markt-boomen_Organisator-175x175.jpg 175w, https:\/\/www.organisator.ch\/wp-content\/uploads\/2020\/01\/Digitaler-Wandel-laesst-Mietwagen-Markt-boomen_Organisator-350x350.jpg 350w, https:\/\/www.organisator.ch\/wp-content\/uploads\/2020\/01\/Digitaler-Wandel-laesst-Mietwagen-Markt-boomen_Organisator-250x250.jpg 250w, https:\/\/www.organisator.ch\/wp-content\/uploads\/2020\/01\/Digitaler-Wandel-laesst-Mietwagen-Markt-boomen_Organisator-300x300.jpg 300w, https:\/\/www.organisator.ch\/wp-content\/uploads\/2020\/01\/Digitaler-Wandel-laesst-Mietwagen-Markt-boomen_Organisator-100x100.jpg 100w\" sizes=\"auto, (max-width: 680px) 100vw, 680px\" \/><figcaption id=\"caption-attachment-6292\" class=\"wp-caption-text\">Marco Venturini, amministratore delegato della MSS Fahrzeugvermietung AG, sta scuotendo il mercato svizzero del noleggio auto con nuove offerte digitali. (Immagine: zVg)<\/figcaption><\/figure>\n<p>Il mercato svizzero della mobilit\u00e0 cresce tra i 4 e i 5% all'anno. Una tendenza all'aumento che si riflette anche nelle cifre annuali di Impresa Svizzera. \"L'utilizzo della nostra flotta \u00e8 stato di circa 84% nel 2019. Siamo stati in grado di aumentare il fatturato e i noleggi di 15% rispetto all'anno precedente\", dice Marco Venturini, CEO di Enterprise Switzerland. L'azienda ha sentito un particolare aumento nel business dei clienti diretti, come spiega Venturini: \"Stiamo vedendo un aumento di 50% di clienti che prenotano direttamente attraverso di noi. Vogliamo aumentare questo e abbiamo sviluppato nuovi modelli di business per il 2020 che sono ancora pi\u00f9 rispondenti alle esigenze del mercato\".<\/p>\n<h2>La digitalizzazione e il car sharing stanno cambiando il mercato del noleggio auto<\/h2>\n<p>MSS Holding ha preso una partecipazione in una start-up che ha sviluppato ci\u00f2 che sostiene essere una piattaforma unica di car-sharing. L'obiettivo \u00e8 quello di automatizzare l'intero processo di noleggio auto e car sharing, dalla prenotazione alla restituzione, attraverso questa tecnologia app, secondo la societ\u00e0. Enterprise Switzerland non vuole altro che ribaltare l'industria. Il credo corrispondente \u00e8: spontaneo, semplice, trasparente e senza complicazioni. \"Offriamo ai nostri clienti aziendali un nuovo modello di car-sharing che d\u00e0 loro un accesso orientato alla domanda alla nostra intera flotta di auto. I veicoli aziendali possono ora essere ottenuti da noi in abbonamento. Questo beneficia notevolmente i nostri clienti\", spiega Venturini.<\/p>\n<h2>Nuova app per l'accesso senza contatore alle auto a noleggio<\/h2>\n<p>Inoltre, Enterprise Svizzera sta lanciando un nuovo tipo di app in maggio che dar\u00e0 ai clienti aziendali e privati l'accesso senza contatore alle auto a noleggio. Venturini sottolinea: \"Siamo convinti che avremo un impatto massiccio sul mercato svizzero dell'autonoleggio e della mobilit\u00e0 nei prossimi anni grazie alle nostre tecnologie innovative, un processo di noleggio flessibile e semplice, il rilevamento e il controllo automatico dei danni.\"<\/p>\n<p><em>Ulteriori informazioni: <a href=\"https:\/\/www.enterprise.ch\/de\/home.html\">MSS Fahrzeugvermietung AG<\/a><\/em><\/p>","protected":false},"excerpt":{"rendered":"<p>Der Schweizer Mobilit\u00e4tsmarkt w\u00e4chst j\u00e4hrlich zwischen 4 bis 5%. Ein Aufw\u00e4rtstrend, der sich auch in den Jahreszahlen von Enterprise Schweiz widerspiegelt. \u201eDie Auslastung unserer Flotte lag 2019 bei rund 84%. Umsatz und Mieten haben wir im Vergleich zum Vorjahr um 15% steigern k\u00f6nnen\u201c, sagt Marco Venturini, CEO von Enterprise Schweiz. Eine besondere Zunahme versp\u00fcrte das [&hellip;]<\/p>\n","protected":false},"author":4,"featured_media":6292,"comment_status":"closed","ping_status":"closed","sticky":false,"template":"","format":"standard","meta":{"_acf_changed":false,"_yoast_wpseo_focuskw":"Mietwagen-Markt","_yoast_wpseo_metadesc":"Mit einem neuartigen Konzept f\u00fcr Flotten- und Firmenkunden will nun Enterprise Schweiz den hiesigen Mietwagen-Markt aufmischen.","articlekey":"","footnotes":""},"categories":[28],"tags":[212,335,354,492],"class_list":["post-6291","post","type-post","status-publish","format-standard","has-post-thumbnail","hentry","category-management","tag-flottenmanagement","tag-management-und-unternehmensfuehrung","tag-mobilitaet","tag-unternehmen"],"acf":[],"yoast_head":"<!-- This site is optimized with the Yoast SEO plugin v27.5 - https:\/\/yoast.com\/product\/yoast-seo-wordpress\/ -->\n<title>Digitaler Wandel l\u00e4sst Mietwagen-Markt boomen - Organisator<\/title>\n<meta name=\"description\" content=\"Mit einem neuartigen Konzept f\u00fcr Flotten- und Firmenkunden will nun Enterprise Schweiz den hiesigen Mietwagen-Markt aufmischen.\" \/>\n<meta name=\"robots\" content=\"index, follow, max-snippet:-1, max-image-preview:large, max-video-preview:-1\" \/>\n<link rel=\"canonical\" href=\"https:\/\/www.organisator.ch\/it\/gestione-2\/2020-01-31\/digitaler-wandel-laesst-mietwagen-markt-boomen\/\" \/>\n<meta property=\"og:locale\" content=\"it_IT\" \/>\n<meta property=\"og:type\" content=\"article\" \/>\n<meta property=\"og:title\" content=\"Digitaler Wandel l\u00e4sst Mietwagen-Markt boomen\" \/>\n<meta property=\"og:description\" content=\"Mit einem neuartigen Konzept f\u00fcr Flotten- und Firmenkunden will nun Enterprise Schweiz den hiesigen Mietwagen-Markt aufmischen.\" \/>\n<meta property=\"og:url\" content=\"https:\/\/www.organisator.ch\/it\/gestione-2\/2020-01-31\/digitaler-wandel-laesst-mietwagen-markt-boomen\/\" \/>\n<meta property=\"og:site_name\" content=\"Organisator\" \/>\n<meta property=\"article:publisher\" content=\"https:\/\/www.facebook.com\/OrganisatorFachmagazin\" \/>\n<meta property=\"article:published_time\" content=\"2020-01-31T08:09:58+00:00\" \/>\n<meta property=\"og:image\" content=\"https:\/\/www.organisator.ch\/wp-content\/uploads\/2020\/01\/Digitaler-Wandel-laesst-Mietwagen-Markt-boomen_Organisator.jpg\" \/>\n\t<meta property=\"og:image:width\" content=\"680\" \/>\n\t<meta property=\"og:image:height\" content=\"680\" \/>\n\t<meta property=\"og:image:type\" content=\"image\/jpeg\" \/>\n<meta name=\"author\" content=\"thomas.berner\" \/>\n<meta name=\"twitter:card\" content=\"summary_large_image\" \/>\n<meta name=\"twitter:title\" content=\"Digitaler Wandel l\u00e4sst #Mietwagen-Markt boomen\" \/>\n<meta name=\"twitter:description\" content=\"Mit einem neuartigen Konzept f\u00fcr Flotten- und Firmenkunden will nun #Enterprise Schweiz den hiesigen #Mietwagen-Markt aufmischen.\" \/>\n<meta name=\"twitter:image\" content=\"https:\/\/www.organisator.ch\/wp-content\/uploads\/2020\/01\/Digitaler-Wandel-laesst-Mietwagen-Markt-boomen_Organisator.jpg\" \/>\n<script type=\"application\/ld+json\" class=\"yoast-schema-graph\">{\"@context\":\"https:\\\/\\\/schema.org\",\"@graph\":[{\"@type\":\"Article\",\"@id\":\"https:\\\/\\\/www.organisator.ch\\\/management\\\/2020-01-31\\\/digitaler-wandel-laesst-mietwagen-markt-boomen\\\/#article\",\"isPartOf\":{\"@id\":\"https:\\\/\\\/www.organisator.ch\\\/management\\\/2020-01-31\\\/digitaler-wandel-laesst-mietwagen-markt-boomen\\\/\"},\"author\":{\"name\":\"thomas.berner\",\"@id\":\"https:\\\/\\\/www.organisator.ch\\\/#\\\/schema\\\/person\\\/6f650f90b2842cd4c0cc334b4e36f67e\"},\"headline\":\"Digitaler Wandel l\u00e4sst Mietwagen-Markt boomen\",\"datePublished\":\"2020-01-31T08:09:58+00:00\",\"mainEntityOfPage\":{\"@id\":\"https:\\\/\\\/www.organisator.ch\\\/management\\\/2020-01-31\\\/digitaler-wandel-laesst-mietwagen-markt-boomen\\\/\"},\"wordCount\":306,\"publisher\":{\"@id\":\"https:\\\/\\\/www.organisator.ch\\\/#organization\"},\"image\":{\"@id\":\"https:\\\/\\\/www.organisator.ch\\\/management\\\/2020-01-31\\\/digitaler-wandel-laesst-mietwagen-markt-boomen\\\/#primaryimage\"},\"thumbnailUrl\":\"https:\\\/\\\/www.organisator.ch\\\/wp-content\\\/uploads\\\/2020\\\/01\\\/Digitaler-Wandel-laesst-Mietwagen-Markt-boomen_Organisator.jpg\",\"keywords\":[\"Flottenmanagement\",\"Management und Unternehmensf\u00fchrung\",\"Mobilit\u00e4t\",\"Unternehmen\"],\"articleSection\":[\"MANAGEMENT\"],\"inLanguage\":\"it-IT\"},{\"@type\":\"WebPage\",\"@id\":\"https:\\\/\\\/www.organisator.ch\\\/management\\\/2020-01-31\\\/digitaler-wandel-laesst-mietwagen-markt-boomen\\\/\",\"url\":\"https:\\\/\\\/www.organisator.ch\\\/management\\\/2020-01-31\\\/digitaler-wandel-laesst-mietwagen-markt-boomen\\\/\",\"name\":\"Digitaler Wandel l\u00e4sst Mietwagen-Markt boomen - Organisator\",\"isPartOf\":{\"@id\":\"https:\\\/\\\/www.organisator.ch\\\/#website\"},\"primaryImageOfPage\":{\"@id\":\"https:\\\/\\\/www.organisator.ch\\\/management\\\/2020-01-31\\\/digitaler-wandel-laesst-mietwagen-markt-boomen\\\/#primaryimage\"},\"image\":{\"@id\":\"https:\\\/\\\/www.organisator.ch\\\/management\\\/2020-01-31\\\/digitaler-wandel-laesst-mietwagen-markt-boomen\\\/#primaryimage\"},\"thumbnailUrl\":\"https:\\\/\\\/www.organisator.ch\\\/wp-content\\\/uploads\\\/2020\\\/01\\\/Digitaler-Wandel-laesst-Mietwagen-Markt-boomen_Organisator.jpg\",\"datePublished\":\"2020-01-31T08:09:58+00:00\",\"description\":\"Mit einem neuartigen Konzept f\u00fcr Flotten- und Firmenkunden will nun Enterprise Schweiz den hiesigen Mietwagen-Markt aufmischen.\",\"breadcrumb\":{\"@id\":\"https:\\\/\\\/www.organisator.ch\\\/management\\\/2020-01-31\\\/digitaler-wandel-laesst-mietwagen-markt-boomen\\\/#breadcrumb\"},\"inLanguage\":\"it-IT\",\"potentialAction\":[{\"@type\":\"ReadAction\",\"target\":[\"https:\\\/\\\/www.organisator.ch\\\/management\\\/2020-01-31\\\/digitaler-wandel-laesst-mietwagen-markt-boomen\\\/\"]}]},{\"@type\":\"ImageObject\",\"inLanguage\":\"it-IT\",\"@id\":\"https:\\\/\\\/www.organisator.ch\\\/management\\\/2020-01-31\\\/digitaler-wandel-laesst-mietwagen-markt-boomen\\\/#primaryimage\",\"url\":\"https:\\\/\\\/www.organisator.ch\\\/wp-content\\\/uploads\\\/2020\\\/01\\\/Digitaler-Wandel-laesst-Mietwagen-Markt-boomen_Organisator.jpg\",\"contentUrl\":\"https:\\\/\\\/www.organisator.ch\\\/wp-content\\\/uploads\\\/2020\\\/01\\\/Digitaler-Wandel-laesst-Mietwagen-Markt-boomen_Organisator.jpg\",\"width\":680,\"height\":680,\"caption\":\"Marco Venturini, Managing Director MSS Fahrzeugvermietung AG, mischt mit neuen digitalen Angeboten den Schweizer Mietwagen-Markt auf. (Bild: zVg)\"},{\"@type\":\"BreadcrumbList\",\"@id\":\"https:\\\/\\\/www.organisator.ch\\\/management\\\/2020-01-31\\\/digitaler-wandel-laesst-mietwagen-markt-boomen\\\/#breadcrumb\",\"itemListElement\":[{\"@type\":\"ListItem\",\"position\":1,\"name\":\"Home\",\"item\":\"https:\\\/\\\/www.organisator.ch\\\/\"},{\"@type\":\"ListItem\",\"position\":2,\"name\":\"Digitaler Wandel l\u00e4sst Mietwagen-Markt boomen\"}]},{\"@type\":\"WebSite\",\"@id\":\"https:\\\/\\\/www.organisator.ch\\\/#website\",\"url\":\"https:\\\/\\\/www.organisator.ch\\\/\",\"name\":\"Organisator\",\"description\":\"Kompetent. Praxisnah. Der ORGANISATOR bereitet in 10 Ausgaben pro Jahr die wesentlichen Themen f\u00fcr F\u00fchrungskr\u00e4fte von KMU auf.\",\"publisher\":{\"@id\":\"https:\\\/\\\/www.organisator.ch\\\/#organization\"},\"potentialAction\":[{\"@type\":\"SearchAction\",\"target\":{\"@type\":\"EntryPoint\",\"urlTemplate\":\"https:\\\/\\\/www.organisator.ch\\\/?s={search_term_string}\"},\"query-input\":{\"@type\":\"PropertyValueSpecification\",\"valueRequired\":true,\"valueName\":\"search_term_string\"}}],\"inLanguage\":\"it-IT\"},{\"@type\":\"Organization\",\"@id\":\"https:\\\/\\\/www.organisator.ch\\\/#organization\",\"name\":\"Organisator\",\"url\":\"https:\\\/\\\/www.organisator.ch\\\/\",\"logo\":{\"@type\":\"ImageObject\",\"inLanguage\":\"it-IT\",\"@id\":\"https:\\\/\\\/www.organisator.ch\\\/#\\\/schema\\\/logo\\\/image\\\/\",\"url\":\"https:\\\/\\\/www.organisator.ch\\\/wp-content\\\/uploads\\\/2022\\\/01\\\/Logo_Organisator_Website.png\",\"contentUrl\":\"https:\\\/\\\/www.organisator.ch\\\/wp-content\\\/uploads\\\/2022\\\/01\\\/Logo_Organisator_Website.png\",\"width\":800,\"height\":77,\"caption\":\"Organisator\"},\"image\":{\"@id\":\"https:\\\/\\\/www.organisator.ch\\\/#\\\/schema\\\/logo\\\/image\\\/\"},\"sameAs\":[\"https:\\\/\\\/www.facebook.com\\\/OrganisatorFachmagazin\",\"https:\\\/\\\/www.linkedin.com\\\/showcase\\\/organisator-das-magazin-fr-kmu\",\"https:\\\/\\\/www.xing.com\\\/news\\\/pages\\\/organisator-ch-695\",\"https:\\\/\\\/www.youtube.com\\\/channel\\\/UCGP2Sq0iWaZwT3BdIAQFYpw\"]},{\"@type\":\"Person\",\"@id\":\"https:\\\/\\\/www.organisator.ch\\\/#\\\/schema\\\/person\\\/6f650f90b2842cd4c0cc334b4e36f67e\",\"name\":\"thomas.berner\",\"image\":{\"@type\":\"ImageObject\",\"inLanguage\":\"it-IT\",\"@id\":\"https:\\\/\\\/secure.gravatar.com\\\/avatar\\\/ac5001d2a36cb6c6cd3e50789007ffca834b477b74a2144564522e944eabff61?s=96&d=mm&r=g\",\"url\":\"https:\\\/\\\/secure.gravatar.com\\\/avatar\\\/ac5001d2a36cb6c6cd3e50789007ffca834b477b74a2144564522e944eabff61?s=96&d=mm&r=g\",\"contentUrl\":\"https:\\\/\\\/secure.gravatar.com\\\/avatar\\\/ac5001d2a36cb6c6cd3e50789007ffca834b477b74a2144564522e944eabff61?s=96&d=mm&r=g\",\"caption\":\"thomas.berner\"},\"url\":\"https:\\\/\\\/www.organisator.ch\\\/it\\\/author\\\/thomas-berner\\\/\"}]}<\/script>\n<!-- \/ Yoast SEO plugin. -->","yoast_head_json":{"title":"La trasformazione digitale fa esplodere il mercato dell'autonoleggio - Organizzatore","description":"Enterprise Svizzera vuole ora scuotere il mercato locale dell'autonoleggio con un nuovo concetto per le flotte e le aziende.","robots":{"index":"index","follow":"follow","max-snippet":"max-snippet:-1","max-image-preview":"max-image-preview:large","max-video-preview":"max-video-preview:-1"},"canonical":"https:\/\/www.organisator.ch\/it\/gestione-2\/2020-01-31\/digitaler-wandel-laesst-mietwagen-markt-boomen\/","og_locale":"it_IT","og_type":"article","og_title":"Digitaler Wandel l\u00e4sst Mietwagen-Markt boomen","og_description":"Mit einem neuartigen Konzept f\u00fcr Flotten- und Firmenkunden will nun Enterprise Schweiz den hiesigen Mietwagen-Markt aufmischen.","og_url":"https:\/\/www.organisator.ch\/it\/gestione-2\/2020-01-31\/digitaler-wandel-laesst-mietwagen-markt-boomen\/","og_site_name":"Organisator","article_publisher":"https:\/\/www.facebook.com\/OrganisatorFachmagazin","article_published_time":"2020-01-31T08:09:58+00:00","og_image":[{"width":680,"height":680,"url":"https:\/\/www.organisator.ch\/wp-content\/uploads\/2020\/01\/Digitaler-Wandel-laesst-Mietwagen-Markt-boomen_Organisator.jpg","type":"image\/jpeg"}],"author":"thomas.berner","twitter_card":"summary_large_image","twitter_title":"Digitaler Wandel l\u00e4sst #Mietwagen-Markt boomen","twitter_description":"Mit einem neuartigen Konzept f\u00fcr Flotten- und Firmenkunden will nun #Enterprise Schweiz den hiesigen #Mietwagen-Markt aufmischen.","twitter_image":"https:\/\/www.organisator.ch\/wp-content\/uploads\/2020\/01\/Digitaler-Wandel-laesst-Mietwagen-Markt-boomen_Organisator.jpg","schema":{"@context":"https:\/\/schema.org","@graph":[{"@type":"Article","@id":"https:\/\/www.organisator.ch\/management\/2020-01-31\/digitaler-wandel-laesst-mietwagen-markt-boomen\/#article","isPartOf":{"@id":"https:\/\/www.organisator.ch\/management\/2020-01-31\/digitaler-wandel-laesst-mietwagen-markt-boomen\/"},"author":{"name":"thomas.berner","@id":"https:\/\/www.organisator.ch\/#\/schema\/person\/6f650f90b2842cd4c0cc334b4e36f67e"},"headline":"Digitaler Wandel l\u00e4sst Mietwagen-Markt boomen","datePublished":"2020-01-31T08:09:58+00:00","mainEntityOfPage":{"@id":"https:\/\/www.organisator.ch\/management\/2020-01-31\/digitaler-wandel-laesst-mietwagen-markt-boomen\/"},"wordCount":306,"publisher":{"@id":"https:\/\/www.organisator.ch\/#organization"},"image":{"@id":"https:\/\/www.organisator.ch\/management\/2020-01-31\/digitaler-wandel-laesst-mietwagen-markt-boomen\/#primaryimage"},"thumbnailUrl":"https:\/\/www.organisator.ch\/wp-content\/uploads\/2020\/01\/Digitaler-Wandel-laesst-Mietwagen-Markt-boomen_Organisator.jpg","keywords":["Flottenmanagement","Management und Unternehmensf\u00fchrung","Mobilit\u00e4t","Unternehmen"],"articleSection":["MANAGEMENT"],"inLanguage":"it-IT"},{"@type":"WebPage","@id":"https:\/\/www.organisator.ch\/management\/2020-01-31\/digitaler-wandel-laesst-mietwagen-markt-boomen\/","url":"https:\/\/www.organisator.ch\/management\/2020-01-31\/digitaler-wandel-laesst-mietwagen-markt-boomen\/","name":"La trasformazione digitale fa esplodere il mercato dell'autonoleggio - Organizzatore","isPartOf":{"@id":"https:\/\/www.organisator.ch\/#website"},"primaryImageOfPage":{"@id":"https:\/\/www.organisator.ch\/management\/2020-01-31\/digitaler-wandel-laesst-mietwagen-markt-boomen\/#primaryimage"},"image":{"@id":"https:\/\/www.organisator.ch\/management\/2020-01-31\/digitaler-wandel-laesst-mietwagen-markt-boomen\/#primaryimage"},"thumbnailUrl":"https:\/\/www.organisator.ch\/wp-content\/uploads\/2020\/01\/Digitaler-Wandel-laesst-Mietwagen-Markt-boomen_Organisator.jpg","datePublished":"2020-01-31T08:09:58+00:00","description":"Enterprise Svizzera vuole ora scuotere il mercato locale dell'autonoleggio con un nuovo concetto per le flotte e le aziende.","breadcrumb":{"@id":"https:\/\/www.organisator.ch\/management\/2020-01-31\/digitaler-wandel-laesst-mietwagen-markt-boomen\/#breadcrumb"},"inLanguage":"it-IT","potentialAction":[{"@type":"ReadAction","target":["https:\/\/www.organisator.ch\/management\/2020-01-31\/digitaler-wandel-laesst-mietwagen-markt-boomen\/"]}]},{"@type":"ImageObject","inLanguage":"it-IT","@id":"https:\/\/www.organisator.ch\/management\/2020-01-31\/digitaler-wandel-laesst-mietwagen-markt-boomen\/#primaryimage","url":"https:\/\/www.organisator.ch\/wp-content\/uploads\/2020\/01\/Digitaler-Wandel-laesst-Mietwagen-Markt-boomen_Organisator.jpg","contentUrl":"https:\/\/www.organisator.ch\/wp-content\/uploads\/2020\/01\/Digitaler-Wandel-laesst-Mietwagen-Markt-boomen_Organisator.jpg","width":680,"height":680,"caption":"Marco Venturini, Managing Director MSS Fahrzeugvermietung AG, mischt mit neuen digitalen Angeboten den Schweizer Mietwagen-Markt auf. (Bild: zVg)"},{"@type":"BreadcrumbList","@id":"https:\/\/www.organisator.ch\/management\/2020-01-31\/digitaler-wandel-laesst-mietwagen-markt-boomen\/#breadcrumb","itemListElement":[{"@type":"ListItem","position":1,"name":"Home","item":"https:\/\/www.organisator.ch\/"},{"@type":"ListItem","position":2,"name":"Digitaler Wandel l\u00e4sst Mietwagen-Markt boomen"}]},{"@type":"WebSite","@id":"https:\/\/www.organisator.ch\/#website","url":"https:\/\/www.organisator.ch\/","name":"Organizzatore","description":"Competente. Pratico. In 10 numeri all'anno, ORGANISATOR presenta i temi essenziali per i manager delle PMI.","publisher":{"@id":"https:\/\/www.organisator.ch\/#organization"},"potentialAction":[{"@type":"SearchAction","target":{"@type":"EntryPoint","urlTemplate":"https:\/\/www.organisator.ch\/?s={search_term_string}"},"query-input":{"@type":"PropertyValueSpecification","valueRequired":true,"valueName":"search_term_string"}}],"inLanguage":"it-IT"},{"@type":"Organization","@id":"https:\/\/www.organisator.ch\/#organization","name":"Organizzatore","url":"https:\/\/www.organisator.ch\/","logo":{"@type":"ImageObject","inLanguage":"it-IT","@id":"https:\/\/www.organisator.ch\/#\/schema\/logo\/image\/","url":"https:\/\/www.organisator.ch\/wp-content\/uploads\/2022\/01\/Logo_Organisator_Website.png","contentUrl":"https:\/\/www.organisator.ch\/wp-content\/uploads\/2022\/01\/Logo_Organisator_Website.png","width":800,"height":77,"caption":"Organisator"},"image":{"@id":"https:\/\/www.organisator.ch\/#\/schema\/logo\/image\/"},"sameAs":["https:\/\/www.facebook.com\/OrganisatorFachmagazin","https:\/\/www.linkedin.com\/showcase\/organisator-das-magazin-fr-kmu","https:\/\/www.xing.com\/news\/pages\/organisator-ch-695","https:\/\/www.youtube.com\/channel\/UCGP2Sq0iWaZwT3BdIAQFYpw"]},{"@type":"Person","@id":"https:\/\/www.organisator.ch\/#\/schema\/person\/6f650f90b2842cd4c0cc334b4e36f67e","name":"Tommaso.berner","image":{"@type":"ImageObject","inLanguage":"it-IT","@id":"https:\/\/secure.gravatar.com\/avatar\/ac5001d2a36cb6c6cd3e50789007ffca834b477b74a2144564522e944eabff61?s=96&d=mm&r=g","url":"https:\/\/secure.gravatar.com\/avatar\/ac5001d2a36cb6c6cd3e50789007ffca834b477b74a2144564522e944eabff61?s=96&d=mm&r=g","contentUrl":"https:\/\/secure.gravatar.com\/avatar\/ac5001d2a36cb6c6cd3e50789007ffca834b477b74a2144564522e944eabff61?s=96&d=mm&r=g","caption":"thomas.berner"},"url":"https:\/\/www.organisator.ch\/it\/author\/thomas-berner\/"}]}},"_links":{"self":[{"href":"https:\/\/www.organisator.ch\/it\/wp-json\/wp\/v2\/posts\/6291","targetHints":{"allow":["GET"]}}],"collection":[{"href":"https:\/\/www.organisator.ch\/it\/wp-json\/wp\/v2\/posts"}],"about":[{"href":"https:\/\/www.organisator.ch\/it\/wp-json\/wp\/v2\/types\/post"}],"author":[{"embeddable":true,"href":"https:\/\/www.organisator.ch\/it\/wp-json\/wp\/v2\/users\/4"}],"replies":[{"embeddable":true,"href":"https:\/\/www.organisator.ch\/it\/wp-json\/wp\/v2\/comments?post=6291"}],"version-history":[{"count":0,"href":"https:\/\/www.organisator.ch\/it\/wp-json\/wp\/v2\/posts\/6291\/revisions"}],"wp:featuredmedia":[{"embeddable":true,"href":"https:\/\/www.organisator.ch\/it\/wp-json\/wp\/v2\/media\/6292"}],"wp:attachment":[{"href":"https:\/\/www.organisator.ch\/it\/wp-json\/wp\/v2\/media?parent=6291"}],"wp:term":[{"taxonomy":"category","embeddable":true,"href":"https:\/\/www.organisator.ch\/it\/wp-json\/wp\/v2\/categories?post=6291"},{"taxonomy":"post_tag","embeddable":true,"href":"https:\/\/www.organisator.ch\/it\/wp-json\/wp\/v2\/tags?post=6291"}],"curies":[{"name":"wp","href":"https:\/\/api.w.org\/{rel}","templated":true}]}}