{"id":6314,"date":"2020-02-06T12:37:12","date_gmt":"2020-02-06T11:37:12","guid":{"rendered":"https:\/\/www.organisator.ch\/?p=6314"},"modified":"2020-02-06T12:37:12","modified_gmt":"2020-02-06T11:37:12","slug":"coronavirus-reisende-die-im-januar-in-china-waren-muessen-mit-restriktionen-rechnen","status":"publish","type":"post","link":"https:\/\/www.organisator.ch\/it\/allgemein\/2020-02-06\/coronavirus-reisende-die-im-januar-in-china-waren-muessen-mit-restriktionen-rechnen\/","title":{"rendered":"Coronavirus: i viaggiatori che erano in Cina a gennaio devono aspettarsi delle restrizioni"},"content":{"rendered":"<figure id=\"attachment_6315\" aria-describedby=\"caption-attachment-6315\" style=\"width: 680px\" class=\"wp-caption alignnone\"><img loading=\"lazy\" decoding=\"async\" class=\"size-medium wp-image-6315\" src=\"https:\/\/www.organisator.ch\/wp-content\/uploads\/2020\/02\/Coronavirus-Reisende-die-im-Januar-in-China-waren-muessen-mit-Restriktionen-rechnen_Organisator.jpg\" alt=\"\" width=\"680\" height=\"230\" srcset=\"https:\/\/www.organisator.ch\/wp-content\/uploads\/2020\/02\/Coronavirus-Reisende-die-im-Januar-in-China-waren-muessen-mit-Restriktionen-rechnen_Organisator.jpg 680w, https:\/\/www.organisator.ch\/wp-content\/uploads\/2020\/02\/Coronavirus-Reisende-die-im-Januar-in-China-waren-muessen-mit-Restriktionen-rechnen_Organisator-16x5.jpg 16w, https:\/\/www.organisator.ch\/wp-content\/uploads\/2020\/02\/Coronavirus-Reisende-die-im-Januar-in-China-waren-muessen-mit-Restriktionen-rechnen_Organisator-375x127.jpg 375w, https:\/\/www.organisator.ch\/wp-content\/uploads\/2020\/02\/Coronavirus-Reisende-die-im-Januar-in-China-waren-muessen-mit-Restriktionen-rechnen_Organisator-300x101.jpg 300w\" sizes=\"auto, (max-width: 680px) 100vw, 680px\" \/><figcaption id=\"caption-attachment-6315\" class=\"wp-caption-text\">Conseguenze del coronavirus: sempre pi\u00f9 restrizioni per i viaggiatori che sono stati in Cina a gennaio. (Immagine: Pixabay.com)<\/figcaption><\/figure>\n<p>Come gi\u00e0 noto, l'Ufficio federale della sanit\u00e0 pubblica sconsiglia i viaggi nella provincia di Hubei\/Cina a causa del coronavirus e molte compagnie aeree hanno temporaneamente sospeso i voli da e per la Cina. L'Associazione svizzera di viaggio richiama ora l'attenzione sul fatto che sempre pi\u00f9 Paesi stanno imponendo restrizioni o addirittura divieti di ingresso ai viaggiatori che hanno visitato la Cina a gennaio. Questo potrebbe quindi riguardare anche i viaggiatori provenienti dalla Svizzera che vi si sono recati di recente per lavoro. Secondo l'Associazione svizzera di viaggio, ad esempio, i seguenti Paesi rifiutano l'ingresso: Stati Uniti, Australia, Nuova Zelanda, Vietnam, Filippine, Corea del Sud, Indonesia, Giappone e Israele. Altri Paesi prevedono restrizioni all'ingresso, come controlli della temperatura corporea o norme di quarantena. Queste informazioni cambiano quasi ogni ora. L'Associazione svizzera di viaggio invita pertanto i viaggiatori che hanno trascorso un soggiorno in Cina nel mese di gennaio a contattare la propria agenzia di viaggio o l'ufficio prenotazioni prima del prossimo viaggio o a informarsi sulle attuali formalit\u00e0 di ingresso presso l'ambasciata del nuovo Paese da visitare.<\/p>\n<p><em>Fonte: <a href=\"http:\/\/www.srv.ch\">Associazione svizzera di viaggio\u00a0<\/a><\/em><\/p>","protected":false},"excerpt":{"rendered":"<p>Wie bereits bekannt, r\u00e4t das Bundesamt f\u00fcr Gesundheit infolge des Coronavirus von Reisen in die Provinz Hubei\/China ab und viele Fluggesellschaften haben ihre Fl\u00fcge von und nach China vor\u00fcbergehend eingestellt. Der Schweizer Reise-Verband macht nun darauf aufmerksam, dass immer mehr L\u00e4nder Restriktionen oder gar Einreisesperren f\u00fcr Reisende erlassen, die im Januar China besucht haben. Das [&hellip;]<\/p>\n","protected":false},"author":4,"featured_media":6315,"comment_status":"closed","ping_status":"closed","sticky":false,"template":"","format":"standard","meta":{"_acf_changed":false,"_yoast_wpseo_focuskw":"Coronavirus","_yoast_wpseo_metadesc":"Das Coronavirus zieht weitere Kreise. Viele Staaten sind laufend dabei, ihre Einreisebestimmungen im Zusammenhang mit China anzupassen.","articlekey":"","footnotes":""},"categories":[1],"tags":[239,418,508],"class_list":["post-6314","post","type-post","status-publish","format-standard","has-post-thumbnail","hentry","category-allgemein","tag-geschaeftsreisen","tag-risikomanagement","tag-vermischtes"],"acf":[],"yoast_head":"<!-- This site is optimized with the Yoast SEO plugin v27.5 - https:\/\/yoast.com\/product\/yoast-seo-wordpress\/ -->\n<title>Coronavirus: Reisende, die im Januar in China waren, m\u00fcssen mit Restriktionen rechnen - Organisator<\/title>\n<meta name=\"description\" content=\"Das Coronavirus zieht weitere Kreise. Viele Staaten sind laufend dabei, ihre Einreisebestimmungen im Zusammenhang mit China anzupassen.\" \/>\n<meta name=\"robots\" content=\"index, follow, max-snippet:-1, max-image-preview:large, max-video-preview:-1\" \/>\n<link rel=\"canonical\" href=\"https:\/\/www.organisator.ch\/it\/generale\/2020-02-06\/coronavirus-reisende-die-im-januar-in-china-waren-muessen-mit-restriktionen-rechnen\/\" \/>\n<meta property=\"og:locale\" content=\"it_IT\" \/>\n<meta property=\"og:type\" content=\"article\" \/>\n<meta property=\"og:title\" content=\"Coronavirus: Reisende, die im Januar in China waren, m\u00fcssen mit Restriktionen rechnen\" \/>\n<meta property=\"og:description\" content=\"Das Coronavirus zieht weitere Kreise. Viele Staaten sind laufend dabei, ihre Einreisebestimmungen im Zusammenhang mit China anzupassen.\" \/>\n<meta property=\"og:url\" content=\"https:\/\/www.organisator.ch\/it\/generale\/2020-02-06\/coronavirus-reisende-die-im-januar-in-china-waren-muessen-mit-restriktionen-rechnen\/\" \/>\n<meta property=\"og:site_name\" content=\"Organisator\" \/>\n<meta property=\"article:publisher\" content=\"https:\/\/www.facebook.com\/OrganisatorFachmagazin\" \/>\n<meta property=\"article:published_time\" content=\"2020-02-06T11:37:12+00:00\" \/>\n<meta property=\"og:image\" content=\"https:\/\/www.organisator.ch\/wp-content\/uploads\/2020\/02\/Coronavirus-Reisende-die-im-Januar-in-China-waren-muessen-mit-Restriktionen-rechnen_Organisator.jpg\" \/>\n\t<meta property=\"og:image:width\" content=\"680\" \/>\n\t<meta property=\"og:image:height\" content=\"230\" \/>\n\t<meta property=\"og:image:type\" content=\"image\/jpeg\" \/>\n<meta name=\"author\" content=\"thomas.berner\" \/>\n<meta name=\"twitter:card\" content=\"summary_large_image\" \/>\n<meta name=\"twitter:title\" content=\"#Coronavirus: Reisende, die im Januar in China waren, m\u00fcssen mit #Restriktionen rechnen\" \/>\n<meta name=\"twitter:description\" content=\"Das #Coronavirus zieht weitere Kreise. Viele Staaten sind laufend dabei, ihre #Einreisebestimmungen im Zusammenhang mit China anzupassen.\" \/>\n<meta name=\"twitter:image\" content=\"https:\/\/www.organisator.ch\/wp-content\/uploads\/2020\/02\/Coronavirus-Reisende-die-im-Januar-in-China-waren-muessen-mit-Restriktionen-rechnen_Organisator.jpg\" \/>\n<script type=\"application\/ld+json\" class=\"yoast-schema-graph\">{\"@context\":\"https:\\\/\\\/schema.org\",\"@graph\":[{\"@type\":\"Article\",\"@id\":\"https:\\\/\\\/www.organisator.ch\\\/de\\\/allgemein\\\/2020-02-06\\\/coronavirus-reisende-die-im-januar-in-china-waren-muessen-mit-restriktionen-rechnen\\\/#article\",\"isPartOf\":{\"@id\":\"https:\\\/\\\/www.organisator.ch\\\/de\\\/allgemein\\\/2020-02-06\\\/coronavirus-reisende-die-im-januar-in-china-waren-muessen-mit-restriktionen-rechnen\\\/\"},\"author\":{\"name\":\"thomas.berner\",\"@id\":\"https:\\\/\\\/www.organisator.ch\\\/#\\\/schema\\\/person\\\/6f650f90b2842cd4c0cc334b4e36f67e\"},\"headline\":\"Coronavirus: Reisende, die im Januar in China waren, m\u00fcssen mit Restriktionen rechnen\",\"datePublished\":\"2020-02-06T11:37:12+00:00\",\"mainEntityOfPage\":{\"@id\":\"https:\\\/\\\/www.organisator.ch\\\/de\\\/allgemein\\\/2020-02-06\\\/coronavirus-reisende-die-im-januar-in-china-waren-muessen-mit-restriktionen-rechnen\\\/\"},\"wordCount\":218,\"publisher\":{\"@id\":\"https:\\\/\\\/www.organisator.ch\\\/#organization\"},\"image\":{\"@id\":\"https:\\\/\\\/www.organisator.ch\\\/de\\\/allgemein\\\/2020-02-06\\\/coronavirus-reisende-die-im-januar-in-china-waren-muessen-mit-restriktionen-rechnen\\\/#primaryimage\"},\"thumbnailUrl\":\"https:\\\/\\\/www.organisator.ch\\\/wp-content\\\/uploads\\\/2020\\\/02\\\/Coronavirus-Reisende-die-im-Januar-in-China-waren-muessen-mit-Restriktionen-rechnen_Organisator.jpg\",\"keywords\":[\"Gesch\u00e4ftsreisen\",\"Risikomanagement\",\"Vermischtes\"],\"articleSection\":[\"Allgemein\"],\"inLanguage\":\"it-IT\"},{\"@type\":\"WebPage\",\"@id\":\"https:\\\/\\\/www.organisator.ch\\\/de\\\/allgemein\\\/2020-02-06\\\/coronavirus-reisende-die-im-januar-in-china-waren-muessen-mit-restriktionen-rechnen\\\/\",\"url\":\"https:\\\/\\\/www.organisator.ch\\\/de\\\/allgemein\\\/2020-02-06\\\/coronavirus-reisende-die-im-januar-in-china-waren-muessen-mit-restriktionen-rechnen\\\/\",\"name\":\"Coronavirus: Reisende, die im Januar in China waren, m\u00fcssen mit Restriktionen rechnen - Organisator\",\"isPartOf\":{\"@id\":\"https:\\\/\\\/www.organisator.ch\\\/#website\"},\"primaryImageOfPage\":{\"@id\":\"https:\\\/\\\/www.organisator.ch\\\/de\\\/allgemein\\\/2020-02-06\\\/coronavirus-reisende-die-im-januar-in-china-waren-muessen-mit-restriktionen-rechnen\\\/#primaryimage\"},\"image\":{\"@id\":\"https:\\\/\\\/www.organisator.ch\\\/de\\\/allgemein\\\/2020-02-06\\\/coronavirus-reisende-die-im-januar-in-china-waren-muessen-mit-restriktionen-rechnen\\\/#primaryimage\"},\"thumbnailUrl\":\"https:\\\/\\\/www.organisator.ch\\\/wp-content\\\/uploads\\\/2020\\\/02\\\/Coronavirus-Reisende-die-im-Januar-in-China-waren-muessen-mit-Restriktionen-rechnen_Organisator.jpg\",\"datePublished\":\"2020-02-06T11:37:12+00:00\",\"description\":\"Das Coronavirus zieht weitere Kreise. Viele Staaten sind laufend dabei, ihre Einreisebestimmungen im Zusammenhang mit China anzupassen.\",\"breadcrumb\":{\"@id\":\"https:\\\/\\\/www.organisator.ch\\\/de\\\/allgemein\\\/2020-02-06\\\/coronavirus-reisende-die-im-januar-in-china-waren-muessen-mit-restriktionen-rechnen\\\/#breadcrumb\"},\"inLanguage\":\"it-IT\",\"potentialAction\":[{\"@type\":\"ReadAction\",\"target\":[\"https:\\\/\\\/www.organisator.ch\\\/de\\\/allgemein\\\/2020-02-06\\\/coronavirus-reisende-die-im-januar-in-china-waren-muessen-mit-restriktionen-rechnen\\\/\"]}]},{\"@type\":\"ImageObject\",\"inLanguage\":\"it-IT\",\"@id\":\"https:\\\/\\\/www.organisator.ch\\\/de\\\/allgemein\\\/2020-02-06\\\/coronavirus-reisende-die-im-januar-in-china-waren-muessen-mit-restriktionen-rechnen\\\/#primaryimage\",\"url\":\"https:\\\/\\\/www.organisator.ch\\\/wp-content\\\/uploads\\\/2020\\\/02\\\/Coronavirus-Reisende-die-im-Januar-in-China-waren-muessen-mit-Restriktionen-rechnen_Organisator.jpg\",\"contentUrl\":\"https:\\\/\\\/www.organisator.ch\\\/wp-content\\\/uploads\\\/2020\\\/02\\\/Coronavirus-Reisende-die-im-Januar-in-China-waren-muessen-mit-Restriktionen-rechnen_Organisator.jpg\",\"width\":680,\"height\":230,\"caption\":\"Folgen des Coronavirus: Immer mehr Restriktionen f\u00fcr Reisende, die im Januar in China waren. (Bild: Pixabay.com)\"},{\"@type\":\"BreadcrumbList\",\"@id\":\"https:\\\/\\\/www.organisator.ch\\\/de\\\/allgemein\\\/2020-02-06\\\/coronavirus-reisende-die-im-januar-in-china-waren-muessen-mit-restriktionen-rechnen\\\/#breadcrumb\",\"itemListElement\":[{\"@type\":\"ListItem\",\"position\":1,\"name\":\"Home\",\"item\":\"https:\\\/\\\/www.organisator.ch\\\/\"},{\"@type\":\"ListItem\",\"position\":2,\"name\":\"Coronavirus: Reisende, die im Januar in China waren, m\u00fcssen mit Restriktionen rechnen\"}]},{\"@type\":\"WebSite\",\"@id\":\"https:\\\/\\\/www.organisator.ch\\\/#website\",\"url\":\"https:\\\/\\\/www.organisator.ch\\\/\",\"name\":\"Organisator\",\"description\":\"Kompetent. Praxisnah. Der ORGANISATOR bereitet in 10 Ausgaben pro Jahr die wesentlichen Themen f\u00fcr F\u00fchrungskr\u00e4fte von KMU auf.\",\"publisher\":{\"@id\":\"https:\\\/\\\/www.organisator.ch\\\/#organization\"},\"potentialAction\":[{\"@type\":\"SearchAction\",\"target\":{\"@type\":\"EntryPoint\",\"urlTemplate\":\"https:\\\/\\\/www.organisator.ch\\\/?s={search_term_string}\"},\"query-input\":{\"@type\":\"PropertyValueSpecification\",\"valueRequired\":true,\"valueName\":\"search_term_string\"}}],\"inLanguage\":\"it-IT\"},{\"@type\":\"Organization\",\"@id\":\"https:\\\/\\\/www.organisator.ch\\\/#organization\",\"name\":\"Organisator\",\"url\":\"https:\\\/\\\/www.organisator.ch\\\/\",\"logo\":{\"@type\":\"ImageObject\",\"inLanguage\":\"it-IT\",\"@id\":\"https:\\\/\\\/www.organisator.ch\\\/#\\\/schema\\\/logo\\\/image\\\/\",\"url\":\"https:\\\/\\\/www.organisator.ch\\\/wp-content\\\/uploads\\\/2022\\\/01\\\/Logo_Organisator_Website.png\",\"contentUrl\":\"https:\\\/\\\/www.organisator.ch\\\/wp-content\\\/uploads\\\/2022\\\/01\\\/Logo_Organisator_Website.png\",\"width\":800,\"height\":77,\"caption\":\"Organisator\"},\"image\":{\"@id\":\"https:\\\/\\\/www.organisator.ch\\\/#\\\/schema\\\/logo\\\/image\\\/\"},\"sameAs\":[\"https:\\\/\\\/www.facebook.com\\\/OrganisatorFachmagazin\",\"https:\\\/\\\/www.linkedin.com\\\/showcase\\\/organisator-das-magazin-fr-kmu\",\"https:\\\/\\\/www.xing.com\\\/news\\\/pages\\\/organisator-ch-695\",\"https:\\\/\\\/www.youtube.com\\\/channel\\\/UCGP2Sq0iWaZwT3BdIAQFYpw\"]},{\"@type\":\"Person\",\"@id\":\"https:\\\/\\\/www.organisator.ch\\\/#\\\/schema\\\/person\\\/6f650f90b2842cd4c0cc334b4e36f67e\",\"name\":\"thomas.berner\",\"image\":{\"@type\":\"ImageObject\",\"inLanguage\":\"it-IT\",\"@id\":\"https:\\\/\\\/secure.gravatar.com\\\/avatar\\\/ac5001d2a36cb6c6cd3e50789007ffca834b477b74a2144564522e944eabff61?s=96&d=mm&r=g\",\"url\":\"https:\\\/\\\/secure.gravatar.com\\\/avatar\\\/ac5001d2a36cb6c6cd3e50789007ffca834b477b74a2144564522e944eabff61?s=96&d=mm&r=g\",\"contentUrl\":\"https:\\\/\\\/secure.gravatar.com\\\/avatar\\\/ac5001d2a36cb6c6cd3e50789007ffca834b477b74a2144564522e944eabff61?s=96&d=mm&r=g\",\"caption\":\"thomas.berner\"},\"url\":\"https:\\\/\\\/www.organisator.ch\\\/it\\\/author\\\/thomas-berner\\\/\"}]}<\/script>\n<!-- \/ Yoast SEO plugin. -->","yoast_head_json":{"title":"Coronavirus: i viaggiatori che sono stati in Cina a gennaio devono aspettarsi restrizioni - Organizzatore","description":"Il coronavirus si sta diffondendo. Molti Paesi stanno costantemente modificando le loro norme di ingresso in relazione alla Cina.","robots":{"index":"index","follow":"follow","max-snippet":"max-snippet:-1","max-image-preview":"max-image-preview:large","max-video-preview":"max-video-preview:-1"},"canonical":"https:\/\/www.organisator.ch\/it\/generale\/2020-02-06\/coronavirus-reisende-die-im-januar-in-china-waren-muessen-mit-restriktionen-rechnen\/","og_locale":"it_IT","og_type":"article","og_title":"Coronavirus: Reisende, die im Januar in China waren, m\u00fcssen mit Restriktionen rechnen","og_description":"Das Coronavirus zieht weitere Kreise. Viele Staaten sind laufend dabei, ihre Einreisebestimmungen im Zusammenhang mit China anzupassen.","og_url":"https:\/\/www.organisator.ch\/it\/generale\/2020-02-06\/coronavirus-reisende-die-im-januar-in-china-waren-muessen-mit-restriktionen-rechnen\/","og_site_name":"Organisator","article_publisher":"https:\/\/www.facebook.com\/OrganisatorFachmagazin","article_published_time":"2020-02-06T11:37:12+00:00","og_image":[{"width":680,"height":230,"url":"https:\/\/www.organisator.ch\/wp-content\/uploads\/2020\/02\/Coronavirus-Reisende-die-im-Januar-in-China-waren-muessen-mit-Restriktionen-rechnen_Organisator.jpg","type":"image\/jpeg"}],"author":"thomas.berner","twitter_card":"summary_large_image","twitter_title":"#Coronavirus: Reisende, die im Januar in China waren, m\u00fcssen mit #Restriktionen rechnen","twitter_description":"Das #Coronavirus zieht weitere Kreise. Viele Staaten sind laufend dabei, ihre #Einreisebestimmungen im Zusammenhang mit China anzupassen.","twitter_image":"https:\/\/www.organisator.ch\/wp-content\/uploads\/2020\/02\/Coronavirus-Reisende-die-im-Januar-in-China-waren-muessen-mit-Restriktionen-rechnen_Organisator.jpg","schema":{"@context":"https:\/\/schema.org","@graph":[{"@type":"Article","@id":"https:\/\/www.organisator.ch\/de\/allgemein\/2020-02-06\/coronavirus-reisende-die-im-januar-in-china-waren-muessen-mit-restriktionen-rechnen\/#article","isPartOf":{"@id":"https:\/\/www.organisator.ch\/de\/allgemein\/2020-02-06\/coronavirus-reisende-die-im-januar-in-china-waren-muessen-mit-restriktionen-rechnen\/"},"author":{"name":"thomas.berner","@id":"https:\/\/www.organisator.ch\/#\/schema\/person\/6f650f90b2842cd4c0cc334b4e36f67e"},"headline":"Coronavirus: Reisende, die im Januar in China waren, m\u00fcssen mit Restriktionen rechnen","datePublished":"2020-02-06T11:37:12+00:00","mainEntityOfPage":{"@id":"https:\/\/www.organisator.ch\/de\/allgemein\/2020-02-06\/coronavirus-reisende-die-im-januar-in-china-waren-muessen-mit-restriktionen-rechnen\/"},"wordCount":218,"publisher":{"@id":"https:\/\/www.organisator.ch\/#organization"},"image":{"@id":"https:\/\/www.organisator.ch\/de\/allgemein\/2020-02-06\/coronavirus-reisende-die-im-januar-in-china-waren-muessen-mit-restriktionen-rechnen\/#primaryimage"},"thumbnailUrl":"https:\/\/www.organisator.ch\/wp-content\/uploads\/2020\/02\/Coronavirus-Reisende-die-im-Januar-in-China-waren-muessen-mit-Restriktionen-rechnen_Organisator.jpg","keywords":["Gesch\u00e4ftsreisen","Risikomanagement","Vermischtes"],"articleSection":["Allgemein"],"inLanguage":"it-IT"},{"@type":"WebPage","@id":"https:\/\/www.organisator.ch\/de\/allgemein\/2020-02-06\/coronavirus-reisende-die-im-januar-in-china-waren-muessen-mit-restriktionen-rechnen\/","url":"https:\/\/www.organisator.ch\/de\/allgemein\/2020-02-06\/coronavirus-reisende-die-im-januar-in-china-waren-muessen-mit-restriktionen-rechnen\/","name":"Coronavirus: i viaggiatori che sono stati in Cina a gennaio devono aspettarsi restrizioni - Organizzatore","isPartOf":{"@id":"https:\/\/www.organisator.ch\/#website"},"primaryImageOfPage":{"@id":"https:\/\/www.organisator.ch\/de\/allgemein\/2020-02-06\/coronavirus-reisende-die-im-januar-in-china-waren-muessen-mit-restriktionen-rechnen\/#primaryimage"},"image":{"@id":"https:\/\/www.organisator.ch\/de\/allgemein\/2020-02-06\/coronavirus-reisende-die-im-januar-in-china-waren-muessen-mit-restriktionen-rechnen\/#primaryimage"},"thumbnailUrl":"https:\/\/www.organisator.ch\/wp-content\/uploads\/2020\/02\/Coronavirus-Reisende-die-im-Januar-in-China-waren-muessen-mit-Restriktionen-rechnen_Organisator.jpg","datePublished":"2020-02-06T11:37:12+00:00","description":"Il coronavirus si sta diffondendo. Molti Paesi stanno costantemente modificando le loro norme di ingresso in relazione alla Cina.","breadcrumb":{"@id":"https:\/\/www.organisator.ch\/de\/allgemein\/2020-02-06\/coronavirus-reisende-die-im-januar-in-china-waren-muessen-mit-restriktionen-rechnen\/#breadcrumb"},"inLanguage":"it-IT","potentialAction":[{"@type":"ReadAction","target":["https:\/\/www.organisator.ch\/de\/allgemein\/2020-02-06\/coronavirus-reisende-die-im-januar-in-china-waren-muessen-mit-restriktionen-rechnen\/"]}]},{"@type":"ImageObject","inLanguage":"it-IT","@id":"https:\/\/www.organisator.ch\/de\/allgemein\/2020-02-06\/coronavirus-reisende-die-im-januar-in-china-waren-muessen-mit-restriktionen-rechnen\/#primaryimage","url":"https:\/\/www.organisator.ch\/wp-content\/uploads\/2020\/02\/Coronavirus-Reisende-die-im-Januar-in-China-waren-muessen-mit-Restriktionen-rechnen_Organisator.jpg","contentUrl":"https:\/\/www.organisator.ch\/wp-content\/uploads\/2020\/02\/Coronavirus-Reisende-die-im-Januar-in-China-waren-muessen-mit-Restriktionen-rechnen_Organisator.jpg","width":680,"height":230,"caption":"Folgen des Coronavirus: Immer mehr Restriktionen f\u00fcr Reisende, die im Januar in China waren. (Bild: Pixabay.com)"},{"@type":"BreadcrumbList","@id":"https:\/\/www.organisator.ch\/de\/allgemein\/2020-02-06\/coronavirus-reisende-die-im-januar-in-china-waren-muessen-mit-restriktionen-rechnen\/#breadcrumb","itemListElement":[{"@type":"ListItem","position":1,"name":"Home","item":"https:\/\/www.organisator.ch\/"},{"@type":"ListItem","position":2,"name":"Coronavirus: Reisende, die im Januar in China waren, m\u00fcssen mit Restriktionen rechnen"}]},{"@type":"WebSite","@id":"https:\/\/www.organisator.ch\/#website","url":"https:\/\/www.organisator.ch\/","name":"Organizzatore","description":"Competente. Pratico. In 10 numeri all'anno, ORGANISATOR presenta i temi essenziali per i manager delle PMI.","publisher":{"@id":"https:\/\/www.organisator.ch\/#organization"},"potentialAction":[{"@type":"SearchAction","target":{"@type":"EntryPoint","urlTemplate":"https:\/\/www.organisator.ch\/?s={search_term_string}"},"query-input":{"@type":"PropertyValueSpecification","valueRequired":true,"valueName":"search_term_string"}}],"inLanguage":"it-IT"},{"@type":"Organization","@id":"https:\/\/www.organisator.ch\/#organization","name":"Organizzatore","url":"https:\/\/www.organisator.ch\/","logo":{"@type":"ImageObject","inLanguage":"it-IT","@id":"https:\/\/www.organisator.ch\/#\/schema\/logo\/image\/","url":"https:\/\/www.organisator.ch\/wp-content\/uploads\/2022\/01\/Logo_Organisator_Website.png","contentUrl":"https:\/\/www.organisator.ch\/wp-content\/uploads\/2022\/01\/Logo_Organisator_Website.png","width":800,"height":77,"caption":"Organisator"},"image":{"@id":"https:\/\/www.organisator.ch\/#\/schema\/logo\/image\/"},"sameAs":["https:\/\/www.facebook.com\/OrganisatorFachmagazin","https:\/\/www.linkedin.com\/showcase\/organisator-das-magazin-fr-kmu","https:\/\/www.xing.com\/news\/pages\/organisator-ch-695","https:\/\/www.youtube.com\/channel\/UCGP2Sq0iWaZwT3BdIAQFYpw"]},{"@type":"Person","@id":"https:\/\/www.organisator.ch\/#\/schema\/person\/6f650f90b2842cd4c0cc334b4e36f67e","name":"Tommaso.berner","image":{"@type":"ImageObject","inLanguage":"it-IT","@id":"https:\/\/secure.gravatar.com\/avatar\/ac5001d2a36cb6c6cd3e50789007ffca834b477b74a2144564522e944eabff61?s=96&d=mm&r=g","url":"https:\/\/secure.gravatar.com\/avatar\/ac5001d2a36cb6c6cd3e50789007ffca834b477b74a2144564522e944eabff61?s=96&d=mm&r=g","contentUrl":"https:\/\/secure.gravatar.com\/avatar\/ac5001d2a36cb6c6cd3e50789007ffca834b477b74a2144564522e944eabff61?s=96&d=mm&r=g","caption":"thomas.berner"},"url":"https:\/\/www.organisator.ch\/it\/author\/thomas-berner\/"}]}},"_links":{"self":[{"href":"https:\/\/www.organisator.ch\/it\/wp-json\/wp\/v2\/posts\/6314","targetHints":{"allow":["GET"]}}],"collection":[{"href":"https:\/\/www.organisator.ch\/it\/wp-json\/wp\/v2\/posts"}],"about":[{"href":"https:\/\/www.organisator.ch\/it\/wp-json\/wp\/v2\/types\/post"}],"author":[{"embeddable":true,"href":"https:\/\/www.organisator.ch\/it\/wp-json\/wp\/v2\/users\/4"}],"replies":[{"embeddable":true,"href":"https:\/\/www.organisator.ch\/it\/wp-json\/wp\/v2\/comments?post=6314"}],"version-history":[{"count":0,"href":"https:\/\/www.organisator.ch\/it\/wp-json\/wp\/v2\/posts\/6314\/revisions"}],"wp:featuredmedia":[{"embeddable":true,"href":"https:\/\/www.organisator.ch\/it\/wp-json\/wp\/v2\/media\/6315"}],"wp:attachment":[{"href":"https:\/\/www.organisator.ch\/it\/wp-json\/wp\/v2\/media?parent=6314"}],"wp:term":[{"taxonomy":"category","embeddable":true,"href":"https:\/\/www.organisator.ch\/it\/wp-json\/wp\/v2\/categories?post=6314"},{"taxonomy":"post_tag","embeddable":true,"href":"https:\/\/www.organisator.ch\/it\/wp-json\/wp\/v2\/tags?post=6314"}],"curies":[{"name":"wp","href":"https:\/\/api.w.org\/{rel}","templated":true}]}}