{"id":6317,"date":"2020-02-07T08:21:44","date_gmt":"2020-02-07T07:21:44","guid":{"rendered":"https:\/\/www.organisator.ch\/?p=6317"},"modified":"2020-02-07T08:21:44","modified_gmt":"2020-02-07T07:21:44","slug":"schweizer-software-anbieter-opacc-ist-gut-im-schuss","status":"publish","type":"post","link":"https:\/\/www.organisator.ch\/it\/management\/it\/2020-02-07\/schweizer-software-anbieter-opacc-ist-gut-im-schuss\/","title":{"rendered":"Il fornitore di software svizzero Opacc \u00e8 \"in buona forma\"."},"content":{"rendered":"<figure id=\"attachment_6318\" aria-describedby=\"caption-attachment-6318\" style=\"width: 680px\" class=\"wp-caption alignnone\"><img loading=\"lazy\" decoding=\"async\" class=\"size-medium wp-image-6318\" src=\"https:\/\/www.organisator.ch\/wp-content\/uploads\/2020\/02\/Schweizer-Software-Anbieter-Opacc-ist-gut-im-Schuss_Organisator.jpg\" alt=\"\" width=\"680\" height=\"354\" srcset=\"https:\/\/www.organisator.ch\/wp-content\/uploads\/2020\/02\/Schweizer-Software-Anbieter-Opacc-ist-gut-im-Schuss_Organisator.jpg 680w, https:\/\/www.organisator.ch\/wp-content\/uploads\/2020\/02\/Schweizer-Software-Anbieter-Opacc-ist-gut-im-Schuss_Organisator-16x8.jpg 16w, https:\/\/www.organisator.ch\/wp-content\/uploads\/2020\/02\/Schweizer-Software-Anbieter-Opacc-ist-gut-im-Schuss_Organisator-336x175.jpg 336w, https:\/\/www.organisator.ch\/wp-content\/uploads\/2020\/02\/Schweizer-Software-Anbieter-Opacc-ist-gut-im-Schuss_Organisator-672x350.jpg 672w, https:\/\/www.organisator.ch\/wp-content\/uploads\/2020\/02\/Schweizer-Software-Anbieter-Opacc-ist-gut-im-Schuss_Organisator-300x156.jpg 300w\" sizes=\"auto, (max-width: 680px) 100vw, 680px\" \/><figcaption id=\"caption-attachment-6318\" class=\"wp-caption-text\">Il fornitore di software svizzero Opacc guarda indietro al miglior risultato commerciale nei suoi 30 anni di storia. (Immagine: Opacc)<\/figcaption><\/figure>\n<p>Il trasferimento da Kriens a Rothenburg ha dato i suoi frutti. Il primo anno completo di attivit\u00e0 all'OpaccCampus Rothenburg \u00e8 stato il migliore nei 30 anni di storia dell'azienda. Questo secondo il fornitore di software svizzero, che ha sviluppato la propria piattaforma di software aziendale (<a href=\"https:\/\/www.opacc.ch\/produkte\/opacc-oxas\">Opacc OXAS<\/a>) sviluppato con. Il fatturato \u00e8 stato aumentato di oltre 10%, sono stati creati 17 nuovi posti di lavoro e sono stati acquisiti oltre 1500 nuovi utenti per Opacc. Beat Bussmann, fondatore e CEO, non vede solo le cifre nude: \"Ancora pi\u00f9 bello per noi \u00e8 la realizzazione che soprattutto le grandi aziende ci considerano sempre pi\u00f9 come partner. L'OpaccCampus ci apre virtualmente un nuovo potenziale commerciale in un altro segmento.<\/p>\n<h2>Il mercato del personale rimane a secco<\/h2>\n<p>L'Opacc \u00e8 - come negli anni precedenti - uno dei datori di lavoro pi\u00f9 popolari in Svizzera e ha ricevuto diversi premi. La piattaforma di rating kununu.com ha determinato quali sono le aziende svizzere che sono i datori di lavoro pi\u00f9 popolari. La Opacc, con i suoi circa 150 dipendenti, ha occupato per anni posizioni di primo piano. Il fornitore di software ha anche ottenuto il 2\u00b0 posto nello Swiss Employer Award e anche il 2\u00b0 posto nel \"Best Workplace 2019\". L'anno scorso l'Opacc ha risposto alla carenza di lavoratori qualificati con una vasta gamma di misure. La piacevole atmosfera di lavoro nel nuovissimo Opacc Campus fa parte di tutto questo, cos\u00ec come gli orari di lavoro flessibili, i processi di applicazione equi e l'iniziativa \"Friendly Work Space\".<\/p>\n<p>L'equilibrio tra lavoro e vita privata e il sostegno continuo all'istruzione e alla formazione sono altre pietre miliari per rapporti di lavoro buoni e stabili. Due ampie campagne di reclutamento hanno generato un numero gratificante di richieste.<\/p>\n<h2>Eventi nel nostro campus<\/h2>\n<p>Il nuovo edificio a Rothenburg apre nuove prospettive per gli eventi interni. I vari formati di eventi hanno goduto di una grande richiesta nel 2019, in particolare gli OpaccTalks alla fine della giornata con fino a 50 ospiti e relatori interessanti. Ma anche gli eventi mattutini Early Bird e i seminari di approfondimento OpaccTracks per i clienti sono stati molto seguiti. L'azienda della Svizzera centrale ha accumulato esperienza nello sviluppo e nell'implementazione di software aziendali per oltre 30 anni. Nel 2019, sono state completate numerose nuove installazioni e sono stati consegnati due importanti aggiornamenti del software. Grazie alla garanzia di aggiornamento unica di Opacc, i clienti sono automaticamente aggiornati.<\/p>\n<p><em>Fonte: <a href=\"http:\/\/www.opacc.ch\">Opacc<\/a><\/em><\/p>","protected":false},"excerpt":{"rendered":"<p>Der Umzug von Kriens nach Rothenburg hat sich gelohnt. Das erste volle Gesch\u00e4ftsjahr im OpaccCampus Rothenburg war das Beste in der \u00fcber 30-j\u00e4hrigen Firmengeschichte. Dies teilt der Schweizer Software-Anbieter, der seit 1988 eine eigenen Enterprise Software Plattform (Opacc OXAS) entwickelt, mit. So wurde der Umsatz um mehr als 10% gesteigert, 17 neue Stellen geschaffen und [&hellip;]<\/p>\n","protected":false},"author":4,"featured_media":6318,"comment_status":"closed","ping_status":"closed","sticky":false,"template":"","format":"standard","meta":{"_acf_changed":false,"_yoast_wpseo_focuskw":"Schweizer Software-Anbieter","_yoast_wpseo_metadesc":"Der Schweizer Software-Anbieter Opacc blickt auf ein hervorragendes Gesch\u00e4ftsjahr 2019 zur\u00fcck und geh\u00f6rt zu den beliebtesten Arbeitgebern.","articlekey":"","footnotes":""},"categories":[27],"tags":[182,286,288,492],"class_list":["post-6317","post","type-post","status-publish","format-standard","has-post-thumbnail","hentry","category-it","tag-erp","tag-it","tag-it-business-software","tag-unternehmen"],"acf":[],"yoast_head":"<!-- This site is optimized with the Yoast SEO plugin v27.4 - https:\/\/yoast.com\/product\/yoast-seo-wordpress\/ -->\n<title>Schweizer Software-Anbieter Opacc ist &quot;gut im Schuss&quot; - Organisator<\/title>\n<meta name=\"description\" content=\"Der Schweizer Software-Anbieter Opacc blickt auf ein hervorragendes Gesch\u00e4ftsjahr 2019 zur\u00fcck und geh\u00f6rt zu den beliebtesten Arbeitgebern.\" \/>\n<meta name=\"robots\" content=\"index, follow, max-snippet:-1, max-image-preview:large, max-video-preview:-1\" \/>\n<link rel=\"canonical\" href=\"https:\/\/www.organisator.ch\/it\/gestione-2\/it\/2020-02-07\/schweizer-software-anbieter-opacc-ist-gut-im-schuss\/\" \/>\n<meta property=\"og:locale\" content=\"it_IT\" \/>\n<meta property=\"og:type\" content=\"article\" \/>\n<meta property=\"og:title\" content=\"Schweizer Software-Anbieter Opacc ist &quot;gut im Schuss&quot;\" \/>\n<meta property=\"og:description\" content=\"Der Schweizer Software-Anbieter Opacc blickt auf ein hervorragendes Gesch\u00e4ftsjahr 2019 zur\u00fcck und geh\u00f6rt zu den beliebtesten Arbeitgebern.\" \/>\n<meta property=\"og:url\" content=\"https:\/\/www.organisator.ch\/it\/gestione-2\/it\/2020-02-07\/schweizer-software-anbieter-opacc-ist-gut-im-schuss\/\" \/>\n<meta property=\"og:site_name\" content=\"Organisator\" \/>\n<meta property=\"article:publisher\" content=\"https:\/\/www.facebook.com\/OrganisatorFachmagazin\" \/>\n<meta property=\"article:published_time\" content=\"2020-02-07T07:21:44+00:00\" \/>\n<meta property=\"og:image\" content=\"https:\/\/www.organisator.ch\/wp-content\/uploads\/2020\/02\/Schweizer-Software-Anbieter-Opacc-ist-gut-im-Schuss_Organisator.jpg\" \/>\n\t<meta property=\"og:image:width\" content=\"680\" \/>\n\t<meta property=\"og:image:height\" content=\"354\" \/>\n\t<meta property=\"og:image:type\" content=\"image\/jpeg\" \/>\n<meta name=\"author\" content=\"thomas.berner\" \/>\n<meta name=\"twitter:card\" content=\"summary_large_image\" \/>\n<meta name=\"twitter:title\" content=\"Schweizer #Software-Anbieter #Opacc ist &quot;gut im Schuss&quot;\" \/>\n<meta name=\"twitter:description\" content=\"Der Schweizer #Software-Anbieter #Opacc blickt auf ein hervorragendes Gesch\u00e4ftsjahr 2019 zur\u00fcck und geh\u00f6rt zu den beliebtesten Arbeitgebern.\" \/>\n<meta name=\"twitter:image\" content=\"https:\/\/www.organisator.ch\/wp-content\/uploads\/2020\/02\/Schweizer-Software-Anbieter-Opacc-ist-gut-im-Schuss_Organisator.jpg\" \/>\n<script type=\"application\/ld+json\" class=\"yoast-schema-graph\">{\"@context\":\"https:\\\/\\\/schema.org\",\"@graph\":[{\"@type\":\"Article\",\"@id\":\"https:\\\/\\\/www.organisator.ch\\\/management\\\/it\\\/2020-02-07\\\/schweizer-software-anbieter-opacc-ist-gut-im-schuss\\\/#article\",\"isPartOf\":{\"@id\":\"https:\\\/\\\/www.organisator.ch\\\/management\\\/it\\\/2020-02-07\\\/schweizer-software-anbieter-opacc-ist-gut-im-schuss\\\/\"},\"author\":{\"name\":\"thomas.berner\",\"@id\":\"https:\\\/\\\/www.organisator.ch\\\/#\\\/schema\\\/person\\\/6f650f90b2842cd4c0cc334b4e36f67e\"},\"headline\":\"Schweizer Software-Anbieter Opacc ist &#8222;gut im Schuss&#8220;\",\"datePublished\":\"2020-02-07T07:21:44+00:00\",\"mainEntityOfPage\":{\"@id\":\"https:\\\/\\\/www.organisator.ch\\\/management\\\/it\\\/2020-02-07\\\/schweizer-software-anbieter-opacc-ist-gut-im-schuss\\\/\"},\"wordCount\":374,\"publisher\":{\"@id\":\"https:\\\/\\\/www.organisator.ch\\\/#organization\"},\"image\":{\"@id\":\"https:\\\/\\\/www.organisator.ch\\\/management\\\/it\\\/2020-02-07\\\/schweizer-software-anbieter-opacc-ist-gut-im-schuss\\\/#primaryimage\"},\"thumbnailUrl\":\"https:\\\/\\\/www.organisator.ch\\\/wp-content\\\/uploads\\\/2020\\\/02\\\/Schweizer-Software-Anbieter-Opacc-ist-gut-im-Schuss_Organisator.jpg\",\"keywords\":[\"ERP\",\"IT\",\"IT &amp; Business Software\",\"Unternehmen\"],\"articleSection\":[\"IT\"],\"inLanguage\":\"it-IT\"},{\"@type\":\"WebPage\",\"@id\":\"https:\\\/\\\/www.organisator.ch\\\/management\\\/it\\\/2020-02-07\\\/schweizer-software-anbieter-opacc-ist-gut-im-schuss\\\/\",\"url\":\"https:\\\/\\\/www.organisator.ch\\\/management\\\/it\\\/2020-02-07\\\/schweizer-software-anbieter-opacc-ist-gut-im-schuss\\\/\",\"name\":\"Schweizer Software-Anbieter Opacc ist \\\"gut im Schuss\\\" - Organisator\",\"isPartOf\":{\"@id\":\"https:\\\/\\\/www.organisator.ch\\\/#website\"},\"primaryImageOfPage\":{\"@id\":\"https:\\\/\\\/www.organisator.ch\\\/management\\\/it\\\/2020-02-07\\\/schweizer-software-anbieter-opacc-ist-gut-im-schuss\\\/#primaryimage\"},\"image\":{\"@id\":\"https:\\\/\\\/www.organisator.ch\\\/management\\\/it\\\/2020-02-07\\\/schweizer-software-anbieter-opacc-ist-gut-im-schuss\\\/#primaryimage\"},\"thumbnailUrl\":\"https:\\\/\\\/www.organisator.ch\\\/wp-content\\\/uploads\\\/2020\\\/02\\\/Schweizer-Software-Anbieter-Opacc-ist-gut-im-Schuss_Organisator.jpg\",\"datePublished\":\"2020-02-07T07:21:44+00:00\",\"description\":\"Der Schweizer Software-Anbieter Opacc blickt auf ein hervorragendes Gesch\u00e4ftsjahr 2019 zur\u00fcck und geh\u00f6rt zu den beliebtesten Arbeitgebern.\",\"breadcrumb\":{\"@id\":\"https:\\\/\\\/www.organisator.ch\\\/management\\\/it\\\/2020-02-07\\\/schweizer-software-anbieter-opacc-ist-gut-im-schuss\\\/#breadcrumb\"},\"inLanguage\":\"it-IT\",\"potentialAction\":[{\"@type\":\"ReadAction\",\"target\":[\"https:\\\/\\\/www.organisator.ch\\\/management\\\/it\\\/2020-02-07\\\/schweizer-software-anbieter-opacc-ist-gut-im-schuss\\\/\"]}]},{\"@type\":\"ImageObject\",\"inLanguage\":\"it-IT\",\"@id\":\"https:\\\/\\\/www.organisator.ch\\\/management\\\/it\\\/2020-02-07\\\/schweizer-software-anbieter-opacc-ist-gut-im-schuss\\\/#primaryimage\",\"url\":\"https:\\\/\\\/www.organisator.ch\\\/wp-content\\\/uploads\\\/2020\\\/02\\\/Schweizer-Software-Anbieter-Opacc-ist-gut-im-Schuss_Organisator.jpg\",\"contentUrl\":\"https:\\\/\\\/www.organisator.ch\\\/wp-content\\\/uploads\\\/2020\\\/02\\\/Schweizer-Software-Anbieter-Opacc-ist-gut-im-Schuss_Organisator.jpg\",\"width\":680,\"height\":354,\"caption\":\"Der Schweizer Softare-Anbieter Opacc blickt auf das beste Gesch\u00e4ftsergebnis seiner 30-j\u00e4hrigen Geschichte zur\u00fcck. (Bild: Opacc)\"},{\"@type\":\"BreadcrumbList\",\"@id\":\"https:\\\/\\\/www.organisator.ch\\\/management\\\/it\\\/2020-02-07\\\/schweizer-software-anbieter-opacc-ist-gut-im-schuss\\\/#breadcrumb\",\"itemListElement\":[{\"@type\":\"ListItem\",\"position\":1,\"name\":\"Home\",\"item\":\"https:\\\/\\\/www.organisator.ch\\\/\"},{\"@type\":\"ListItem\",\"position\":2,\"name\":\"Schweizer Software-Anbieter Opacc ist &#8222;gut im Schuss&#8220;\"}]},{\"@type\":\"WebSite\",\"@id\":\"https:\\\/\\\/www.organisator.ch\\\/#website\",\"url\":\"https:\\\/\\\/www.organisator.ch\\\/\",\"name\":\"Organisator\",\"description\":\"Kompetent. Praxisnah. Der ORGANISATOR bereitet in 10 Ausgaben pro Jahr die wesentlichen Themen f\u00fcr F\u00fchrungskr\u00e4fte von KMU auf.\",\"publisher\":{\"@id\":\"https:\\\/\\\/www.organisator.ch\\\/#organization\"},\"potentialAction\":[{\"@type\":\"SearchAction\",\"target\":{\"@type\":\"EntryPoint\",\"urlTemplate\":\"https:\\\/\\\/www.organisator.ch\\\/?s={search_term_string}\"},\"query-input\":{\"@type\":\"PropertyValueSpecification\",\"valueRequired\":true,\"valueName\":\"search_term_string\"}}],\"inLanguage\":\"it-IT\"},{\"@type\":\"Organization\",\"@id\":\"https:\\\/\\\/www.organisator.ch\\\/#organization\",\"name\":\"Organisator\",\"url\":\"https:\\\/\\\/www.organisator.ch\\\/\",\"logo\":{\"@type\":\"ImageObject\",\"inLanguage\":\"it-IT\",\"@id\":\"https:\\\/\\\/www.organisator.ch\\\/#\\\/schema\\\/logo\\\/image\\\/\",\"url\":\"https:\\\/\\\/www.organisator.ch\\\/wp-content\\\/uploads\\\/2022\\\/01\\\/Logo_Organisator_Website.png\",\"contentUrl\":\"https:\\\/\\\/www.organisator.ch\\\/wp-content\\\/uploads\\\/2022\\\/01\\\/Logo_Organisator_Website.png\",\"width\":800,\"height\":77,\"caption\":\"Organisator\"},\"image\":{\"@id\":\"https:\\\/\\\/www.organisator.ch\\\/#\\\/schema\\\/logo\\\/image\\\/\"},\"sameAs\":[\"https:\\\/\\\/www.facebook.com\\\/OrganisatorFachmagazin\",\"https:\\\/\\\/www.linkedin.com\\\/showcase\\\/organisator-das-magazin-fr-kmu\",\"https:\\\/\\\/www.xing.com\\\/news\\\/pages\\\/organisator-ch-695\",\"https:\\\/\\\/www.youtube.com\\\/channel\\\/UCGP2Sq0iWaZwT3BdIAQFYpw\"]},{\"@type\":\"Person\",\"@id\":\"https:\\\/\\\/www.organisator.ch\\\/#\\\/schema\\\/person\\\/6f650f90b2842cd4c0cc334b4e36f67e\",\"name\":\"thomas.berner\",\"image\":{\"@type\":\"ImageObject\",\"inLanguage\":\"it-IT\",\"@id\":\"https:\\\/\\\/secure.gravatar.com\\\/avatar\\\/ac5001d2a36cb6c6cd3e50789007ffca834b477b74a2144564522e944eabff61?s=96&d=mm&r=g\",\"url\":\"https:\\\/\\\/secure.gravatar.com\\\/avatar\\\/ac5001d2a36cb6c6cd3e50789007ffca834b477b74a2144564522e944eabff61?s=96&d=mm&r=g\",\"contentUrl\":\"https:\\\/\\\/secure.gravatar.com\\\/avatar\\\/ac5001d2a36cb6c6cd3e50789007ffca834b477b74a2144564522e944eabff61?s=96&d=mm&r=g\",\"caption\":\"thomas.berner\"},\"url\":\"https:\\\/\\\/www.organisator.ch\\\/it\\\/author\\\/thomas-berner\\\/\"}]}<\/script>\n<!-- \/ Yoast SEO plugin. -->","yoast_head_json":{"title":"Il fornitore di software svizzero Opacc \u00e8 \"in buona forma\" - Organizzatore","description":"Il fornitore svizzero di software Opacc guarda all'eccellente anno finanziario 2019 ed \u00e8 uno dei datori di lavoro pi\u00f9 richiesti.","robots":{"index":"index","follow":"follow","max-snippet":"max-snippet:-1","max-image-preview":"max-image-preview:large","max-video-preview":"max-video-preview:-1"},"canonical":"https:\/\/www.organisator.ch\/it\/gestione-2\/it\/2020-02-07\/schweizer-software-anbieter-opacc-ist-gut-im-schuss\/","og_locale":"it_IT","og_type":"article","og_title":"Schweizer Software-Anbieter Opacc ist \"gut im Schuss\"","og_description":"Der Schweizer Software-Anbieter Opacc blickt auf ein hervorragendes Gesch\u00e4ftsjahr 2019 zur\u00fcck und geh\u00f6rt zu den beliebtesten Arbeitgebern.","og_url":"https:\/\/www.organisator.ch\/it\/gestione-2\/it\/2020-02-07\/schweizer-software-anbieter-opacc-ist-gut-im-schuss\/","og_site_name":"Organisator","article_publisher":"https:\/\/www.facebook.com\/OrganisatorFachmagazin","article_published_time":"2020-02-07T07:21:44+00:00","og_image":[{"width":680,"height":354,"url":"https:\/\/www.organisator.ch\/wp-content\/uploads\/2020\/02\/Schweizer-Software-Anbieter-Opacc-ist-gut-im-Schuss_Organisator.jpg","type":"image\/jpeg"}],"author":"thomas.berner","twitter_card":"summary_large_image","twitter_title":"Schweizer #Software-Anbieter #Opacc ist \"gut im Schuss\"","twitter_description":"Der Schweizer #Software-Anbieter #Opacc blickt auf ein hervorragendes Gesch\u00e4ftsjahr 2019 zur\u00fcck und geh\u00f6rt zu den beliebtesten Arbeitgebern.","twitter_image":"https:\/\/www.organisator.ch\/wp-content\/uploads\/2020\/02\/Schweizer-Software-Anbieter-Opacc-ist-gut-im-Schuss_Organisator.jpg","schema":{"@context":"https:\/\/schema.org","@graph":[{"@type":"Article","@id":"https:\/\/www.organisator.ch\/management\/it\/2020-02-07\/schweizer-software-anbieter-opacc-ist-gut-im-schuss\/#article","isPartOf":{"@id":"https:\/\/www.organisator.ch\/management\/it\/2020-02-07\/schweizer-software-anbieter-opacc-ist-gut-im-schuss\/"},"author":{"name":"thomas.berner","@id":"https:\/\/www.organisator.ch\/#\/schema\/person\/6f650f90b2842cd4c0cc334b4e36f67e"},"headline":"Schweizer Software-Anbieter Opacc ist &#8222;gut im Schuss&#8220;","datePublished":"2020-02-07T07:21:44+00:00","mainEntityOfPage":{"@id":"https:\/\/www.organisator.ch\/management\/it\/2020-02-07\/schweizer-software-anbieter-opacc-ist-gut-im-schuss\/"},"wordCount":374,"publisher":{"@id":"https:\/\/www.organisator.ch\/#organization"},"image":{"@id":"https:\/\/www.organisator.ch\/management\/it\/2020-02-07\/schweizer-software-anbieter-opacc-ist-gut-im-schuss\/#primaryimage"},"thumbnailUrl":"https:\/\/www.organisator.ch\/wp-content\/uploads\/2020\/02\/Schweizer-Software-Anbieter-Opacc-ist-gut-im-Schuss_Organisator.jpg","keywords":["ERP","IT","IT &amp; Business Software","Unternehmen"],"articleSection":["IT"],"inLanguage":"it-IT"},{"@type":"WebPage","@id":"https:\/\/www.organisator.ch\/management\/it\/2020-02-07\/schweizer-software-anbieter-opacc-ist-gut-im-schuss\/","url":"https:\/\/www.organisator.ch\/management\/it\/2020-02-07\/schweizer-software-anbieter-opacc-ist-gut-im-schuss\/","name":"Il fornitore di software svizzero Opacc \u00e8 \"in buona forma\" - Organizzatore","isPartOf":{"@id":"https:\/\/www.organisator.ch\/#website"},"primaryImageOfPage":{"@id":"https:\/\/www.organisator.ch\/management\/it\/2020-02-07\/schweizer-software-anbieter-opacc-ist-gut-im-schuss\/#primaryimage"},"image":{"@id":"https:\/\/www.organisator.ch\/management\/it\/2020-02-07\/schweizer-software-anbieter-opacc-ist-gut-im-schuss\/#primaryimage"},"thumbnailUrl":"https:\/\/www.organisator.ch\/wp-content\/uploads\/2020\/02\/Schweizer-Software-Anbieter-Opacc-ist-gut-im-Schuss_Organisator.jpg","datePublished":"2020-02-07T07:21:44+00:00","description":"Il fornitore svizzero di software Opacc guarda all'eccellente anno finanziario 2019 ed \u00e8 uno dei datori di lavoro pi\u00f9 richiesti.","breadcrumb":{"@id":"https:\/\/www.organisator.ch\/management\/it\/2020-02-07\/schweizer-software-anbieter-opacc-ist-gut-im-schuss\/#breadcrumb"},"inLanguage":"it-IT","potentialAction":[{"@type":"ReadAction","target":["https:\/\/www.organisator.ch\/management\/it\/2020-02-07\/schweizer-software-anbieter-opacc-ist-gut-im-schuss\/"]}]},{"@type":"ImageObject","inLanguage":"it-IT","@id":"https:\/\/www.organisator.ch\/management\/it\/2020-02-07\/schweizer-software-anbieter-opacc-ist-gut-im-schuss\/#primaryimage","url":"https:\/\/www.organisator.ch\/wp-content\/uploads\/2020\/02\/Schweizer-Software-Anbieter-Opacc-ist-gut-im-Schuss_Organisator.jpg","contentUrl":"https:\/\/www.organisator.ch\/wp-content\/uploads\/2020\/02\/Schweizer-Software-Anbieter-Opacc-ist-gut-im-Schuss_Organisator.jpg","width":680,"height":354,"caption":"Der Schweizer Softare-Anbieter Opacc blickt auf das beste Gesch\u00e4ftsergebnis seiner 30-j\u00e4hrigen Geschichte zur\u00fcck. (Bild: Opacc)"},{"@type":"BreadcrumbList","@id":"https:\/\/www.organisator.ch\/management\/it\/2020-02-07\/schweizer-software-anbieter-opacc-ist-gut-im-schuss\/#breadcrumb","itemListElement":[{"@type":"ListItem","position":1,"name":"Home","item":"https:\/\/www.organisator.ch\/"},{"@type":"ListItem","position":2,"name":"Schweizer Software-Anbieter Opacc ist &#8222;gut im Schuss&#8220;"}]},{"@type":"WebSite","@id":"https:\/\/www.organisator.ch\/#website","url":"https:\/\/www.organisator.ch\/","name":"Organizzatore","description":"Competente. Pratico. In 10 numeri all'anno, ORGANISATOR presenta i temi essenziali per i manager delle PMI.","publisher":{"@id":"https:\/\/www.organisator.ch\/#organization"},"potentialAction":[{"@type":"SearchAction","target":{"@type":"EntryPoint","urlTemplate":"https:\/\/www.organisator.ch\/?s={search_term_string}"},"query-input":{"@type":"PropertyValueSpecification","valueRequired":true,"valueName":"search_term_string"}}],"inLanguage":"it-IT"},{"@type":"Organization","@id":"https:\/\/www.organisator.ch\/#organization","name":"Organizzatore","url":"https:\/\/www.organisator.ch\/","logo":{"@type":"ImageObject","inLanguage":"it-IT","@id":"https:\/\/www.organisator.ch\/#\/schema\/logo\/image\/","url":"https:\/\/www.organisator.ch\/wp-content\/uploads\/2022\/01\/Logo_Organisator_Website.png","contentUrl":"https:\/\/www.organisator.ch\/wp-content\/uploads\/2022\/01\/Logo_Organisator_Website.png","width":800,"height":77,"caption":"Organisator"},"image":{"@id":"https:\/\/www.organisator.ch\/#\/schema\/logo\/image\/"},"sameAs":["https:\/\/www.facebook.com\/OrganisatorFachmagazin","https:\/\/www.linkedin.com\/showcase\/organisator-das-magazin-fr-kmu","https:\/\/www.xing.com\/news\/pages\/organisator-ch-695","https:\/\/www.youtube.com\/channel\/UCGP2Sq0iWaZwT3BdIAQFYpw"]},{"@type":"Person","@id":"https:\/\/www.organisator.ch\/#\/schema\/person\/6f650f90b2842cd4c0cc334b4e36f67e","name":"Tommaso.berner","image":{"@type":"ImageObject","inLanguage":"it-IT","@id":"https:\/\/secure.gravatar.com\/avatar\/ac5001d2a36cb6c6cd3e50789007ffca834b477b74a2144564522e944eabff61?s=96&d=mm&r=g","url":"https:\/\/secure.gravatar.com\/avatar\/ac5001d2a36cb6c6cd3e50789007ffca834b477b74a2144564522e944eabff61?s=96&d=mm&r=g","contentUrl":"https:\/\/secure.gravatar.com\/avatar\/ac5001d2a36cb6c6cd3e50789007ffca834b477b74a2144564522e944eabff61?s=96&d=mm&r=g","caption":"thomas.berner"},"url":"https:\/\/www.organisator.ch\/it\/author\/thomas-berner\/"}]}},"_links":{"self":[{"href":"https:\/\/www.organisator.ch\/it\/wp-json\/wp\/v2\/posts\/6317","targetHints":{"allow":["GET"]}}],"collection":[{"href":"https:\/\/www.organisator.ch\/it\/wp-json\/wp\/v2\/posts"}],"about":[{"href":"https:\/\/www.organisator.ch\/it\/wp-json\/wp\/v2\/types\/post"}],"author":[{"embeddable":true,"href":"https:\/\/www.organisator.ch\/it\/wp-json\/wp\/v2\/users\/4"}],"replies":[{"embeddable":true,"href":"https:\/\/www.organisator.ch\/it\/wp-json\/wp\/v2\/comments?post=6317"}],"version-history":[{"count":0,"href":"https:\/\/www.organisator.ch\/it\/wp-json\/wp\/v2\/posts\/6317\/revisions"}],"wp:featuredmedia":[{"embeddable":true,"href":"https:\/\/www.organisator.ch\/it\/wp-json\/wp\/v2\/media\/6318"}],"wp:attachment":[{"href":"https:\/\/www.organisator.ch\/it\/wp-json\/wp\/v2\/media?parent=6317"}],"wp:term":[{"taxonomy":"category","embeddable":true,"href":"https:\/\/www.organisator.ch\/it\/wp-json\/wp\/v2\/categories?post=6317"},{"taxonomy":"post_tag","embeddable":true,"href":"https:\/\/www.organisator.ch\/it\/wp-json\/wp\/v2\/tags?post=6317"}],"curies":[{"name":"wp","href":"https:\/\/api.w.org\/{rel}","templated":true}]}}