{"id":6325,"date":"2020-02-11T09:58:01","date_gmt":"2020-02-11T08:58:01","guid":{"rendered":"https:\/\/www.organisator.ch\/?p=6325"},"modified":"2020-02-11T09:58:01","modified_gmt":"2020-02-11T08:58:01","slug":"am-puls-der-schweizer-tech-bewegung","status":"publish","type":"post","link":"https:\/\/www.organisator.ch\/it\/management\/2020-02-11\/am-puls-der-schweizer-tech-bewegung\/","title":{"rendered":"Al polso del movimento tecnologico svizzero"},"content":{"rendered":"<figure id=\"attachment_6326\" aria-describedby=\"caption-attachment-6326\" style=\"width: 680px\" class=\"wp-caption alignnone\"><img loading=\"lazy\" decoding=\"async\" class=\"size-medium wp-image-6326\" src=\"https:\/\/www.organisator.ch\/wp-content\/uploads\/2020\/02\/Am-Puls-der-Schweizer-Tech-Bewegung_Organisator.jpg\" alt=\"\" width=\"680\" height=\"354\" srcset=\"https:\/\/www.organisator.ch\/wp-content\/uploads\/2020\/02\/Am-Puls-der-Schweizer-Tech-Bewegung_Organisator.jpg 680w, https:\/\/www.organisator.ch\/wp-content\/uploads\/2020\/02\/Am-Puls-der-Schweizer-Tech-Bewegung_Organisator-16x8.jpg 16w, https:\/\/www.organisator.ch\/wp-content\/uploads\/2020\/02\/Am-Puls-der-Schweizer-Tech-Bewegung_Organisator-336x175.jpg 336w, https:\/\/www.organisator.ch\/wp-content\/uploads\/2020\/02\/Am-Puls-der-Schweizer-Tech-Bewegung_Organisator-672x350.jpg 672w, https:\/\/www.organisator.ch\/wp-content\/uploads\/2020\/02\/Am-Puls-der-Schweizer-Tech-Bewegung_Organisator-300x156.jpg 300w\" sizes=\"auto, (max-width: 680px) 100vw, 680px\" \/><figcaption id=\"caption-attachment-6326\" class=\"wp-caption-text\">Crea un luogo di incontro per il movimento tecnologico svizzero: Alex von M\u00fchlenen, fondatore di Chainwork. (Immagine: zVg)<\/figcaption><\/figure>\n<p>I fondatori di Chainwork vogliono rafforzare ulteriormente la Svizzera come sede d'affari come hub globale nel mondo della tecnologia. \"Chainwork sostiene la trasformazione digitale delle aziende e offre all'economia svizzera un accesso unico a tecnologie lungimiranti e dirompenti. Ci concentriamo sulla cooperazione e sul trasferimento di conoscenze tra start-up, investitori, aziende tecnologiche e PMI e aziende svizzere\", dice Alex von M\u00fchlenen, CEO e fondatore di Chainwork.<\/p>\n<h2>Sostenere il movimento tecnologico<\/h2>\n<p>Con Chainwork, il giovane imprenditore ben collegato ha creato circa un anno fa le basi per una piattaforma che intende sostenere l'ecosistema svizzero delle start-up con un consolidamento mirato. Von M\u00fchlenen spiega: \"La Svizzera \u00e8 un hotspot per l'innovazione tecnologica ed \u00e8 molto ben posizionata nella competizione globale. Tuttavia, vediamo un problema nell'attuale frammentazione dei singoli attori economici. Vogliamo contrastare questa frammentazione con Chainwork\".<\/p>\n<h2>Cooperazione invece di competizione<\/h2>\n<p>L'HUB dell'azienda, situato nel Seefeld di Zurigo, copre oltre 1800 m2 con un grande spazio di coworking, un moderno spazio per eventi e un salotto con un proprio concetto di bar-caffetteria. Alex von M\u00fchlenen sottolinea: \"Vogliamo offrire ai creativi esperti di tecnologia e alle persone che la pensano come loro un quadro eccitante per il networking e la costruzione della comunit\u00e0. Chainwork deve diventare un punto d'incontro e di incontro intergenerazionale per il mondo tecnologico e aziendale\". Con il suo spazio di coworking, varie serie di eventi e un programma di sostegno alle start-up, Chainwork \u00e8 un ecosistema interattivo a s\u00e9 stante, dove la trasformazione digitale delle aziende svizzere deve accelerare. \"Le sinergie delle nostre aree di business ci rendono unici. Allo stesso tempo, siamo una piattaforma aperta che \u00e8 progettata per cooperare e integrare altri ecosistemi.<\/p>\n<h2>Riconoscere le sfide del mercato<\/h2>\n<p>Con la sua azienda, Alex von M\u00fchlenen si affida a grandi nomi comprovati dell'economia svizzera. A differenza di altri fornitori di supporto alle start-up, Chainwork ha aspetti esplicitamente commerciali. Von M\u00fchlenen sottolinea: \"Non contano solo le 'buone' idee delle start-up. Questi devono anche essere pratici e rispondere ai bisogni reali delle imprese anticipando gli interessi commerciali\". Di conseguenza, Chainwork attribuisce grande importanza a un'attenta cura e coordinamento delle aziende che compongono il pool di membri: \"Per noi, la qualit\u00e0 ha la precedenza sulla quantit\u00e0. Ci vediamo come un'etichetta boutique per collaborazioni lungimiranti tra innovatori e investitori che si incontrano alla pari\", dice Alex von M\u00fchlenen.<\/p>\n<p><em>Informazioni: <a href=\"http:\/\/www.chainwork.com\">www.chainwork.com<\/a><\/em><\/p>","protected":false},"excerpt":{"rendered":"<p>Die Gr\u00fcnder von Chainwork wollen den Wirtschaftsstandort Schweiz weiter als globalen Drehpunkt in der Technologie-Welt st\u00e4rken. \u201eChainwork unterst\u00fctzt die digitale Transformation von Unternehmen und bietet der Schweizer Wirtschaft einen einzigartigen Zugang zu zukunftsweisenden und disruptiven Technologien. Wir setzen auf Kooperation und Wissenstransfer zwischen Startups, Investoren, Technologie-unternehmen sowie Schweizer KMU und Konzernen\u201c, sagt Alex von M\u00fchlenen, [&hellip;]<\/p>\n","protected":false},"author":4,"featured_media":6326,"comment_status":"closed","ping_status":"closed","sticky":false,"template":"","format":"standard","meta":{"_acf_changed":false,"_yoast_wpseo_focuskw":"Tech-Bewegung","_yoast_wpseo_metadesc":"Am Puls der Schweizer Tech-Bewegung: Das Schweizer Unternehmen Chainwork schafft einen Begegnungsort f\u00fcr technologieaffine KMU, Startups und Investoren.","articlekey":"","footnotes":""},"categories":[28],"tags":[135,156,451,492],"class_list":["post-6325","post","type-post","status-publish","format-standard","has-post-thumbnail","hentry","category-management","tag-coworking","tag-digitalisierung","tag-startups","tag-unternehmen"],"acf":[],"yoast_head":"<!-- This site is optimized with the Yoast SEO plugin v27.5 - https:\/\/yoast.com\/product\/yoast-seo-wordpress\/ -->\n<title>Am Puls der Schweizer Tech-Bewegung - Organisator<\/title>\n<meta name=\"description\" content=\"Am Puls der Schweizer Tech-Bewegung: Das Schweizer Unternehmen Chainwork schafft einen Begegnungsort f\u00fcr technologieaffine KMU, Startups und Investoren.\" \/>\n<meta name=\"robots\" content=\"index, follow, max-snippet:-1, max-image-preview:large, max-video-preview:-1\" \/>\n<link rel=\"canonical\" href=\"https:\/\/www.organisator.ch\/it\/gestione-2\/2020-02-11\/am-puls-der-schweizer-tech-bewegung\/\" \/>\n<meta property=\"og:locale\" content=\"it_IT\" \/>\n<meta property=\"og:type\" content=\"article\" \/>\n<meta property=\"og:title\" content=\"Am Puls der Schweizer Tech-Bewegung\" \/>\n<meta property=\"og:description\" content=\"Am Puls der Schweizer Tech-Bewegung: Das Schweizer Unternehmen Chainwork schafft einen Begegnungsort f\u00fcr technologieaffine KMU, Startups und Investoren.\" \/>\n<meta property=\"og:url\" content=\"https:\/\/www.organisator.ch\/it\/gestione-2\/2020-02-11\/am-puls-der-schweizer-tech-bewegung\/\" \/>\n<meta property=\"og:site_name\" content=\"Organisator\" \/>\n<meta property=\"article:publisher\" content=\"https:\/\/www.facebook.com\/OrganisatorFachmagazin\" \/>\n<meta property=\"article:published_time\" content=\"2020-02-11T08:58:01+00:00\" \/>\n<meta property=\"og:image\" content=\"https:\/\/www.organisator.ch\/wp-content\/uploads\/2020\/02\/Am-Puls-der-Schweizer-Tech-Bewegung_Organisator.jpg\" \/>\n\t<meta property=\"og:image:width\" content=\"680\" \/>\n\t<meta property=\"og:image:height\" content=\"354\" \/>\n\t<meta property=\"og:image:type\" content=\"image\/jpeg\" \/>\n<meta name=\"author\" content=\"thomas.berner\" \/>\n<meta name=\"twitter:card\" content=\"summary_large_image\" \/>\n<meta name=\"twitter:title\" content=\"Am Puls der Schweizer #Tech-Bewegung\" \/>\n<meta name=\"twitter:description\" content=\"Am Puls der Schweizer #Tech-Bewegung: Das Schweizer Unternehmen #Chainwork schafft einen Begegnungsort f\u00fcr technologieaffine KMU, Startups und Investoren.\" \/>\n<meta name=\"twitter:image\" content=\"https:\/\/www.organisator.ch\/wp-content\/uploads\/2020\/02\/Am-Puls-der-Schweizer-Tech-Bewegung_Organisator.jpg\" \/>\n<script type=\"application\/ld+json\" class=\"yoast-schema-graph\">{\"@context\":\"https:\\\/\\\/schema.org\",\"@graph\":[{\"@type\":\"Article\",\"@id\":\"https:\\\/\\\/www.organisator.ch\\\/management\\\/2020-02-11\\\/am-puls-der-schweizer-tech-bewegung\\\/#article\",\"isPartOf\":{\"@id\":\"https:\\\/\\\/www.organisator.ch\\\/management\\\/2020-02-11\\\/am-puls-der-schweizer-tech-bewegung\\\/\"},\"author\":{\"name\":\"thomas.berner\",\"@id\":\"https:\\\/\\\/www.organisator.ch\\\/#\\\/schema\\\/person\\\/6f650f90b2842cd4c0cc334b4e36f67e\"},\"headline\":\"Am Puls der Schweizer Tech-Bewegung\",\"datePublished\":\"2020-02-11T08:58:01+00:00\",\"mainEntityOfPage\":{\"@id\":\"https:\\\/\\\/www.organisator.ch\\\/management\\\/2020-02-11\\\/am-puls-der-schweizer-tech-bewegung\\\/\"},\"wordCount\":407,\"publisher\":{\"@id\":\"https:\\\/\\\/www.organisator.ch\\\/#organization\"},\"image\":{\"@id\":\"https:\\\/\\\/www.organisator.ch\\\/management\\\/2020-02-11\\\/am-puls-der-schweizer-tech-bewegung\\\/#primaryimage\"},\"thumbnailUrl\":\"https:\\\/\\\/www.organisator.ch\\\/wp-content\\\/uploads\\\/2020\\\/02\\\/Am-Puls-der-Schweizer-Tech-Bewegung_Organisator.jpg\",\"keywords\":[\"Coworking\",\"Digitalisierung\",\"Startups\",\"Unternehmen\"],\"articleSection\":[\"MANAGEMENT\"],\"inLanguage\":\"it-IT\"},{\"@type\":\"WebPage\",\"@id\":\"https:\\\/\\\/www.organisator.ch\\\/management\\\/2020-02-11\\\/am-puls-der-schweizer-tech-bewegung\\\/\",\"url\":\"https:\\\/\\\/www.organisator.ch\\\/management\\\/2020-02-11\\\/am-puls-der-schweizer-tech-bewegung\\\/\",\"name\":\"Am Puls der Schweizer Tech-Bewegung - Organisator\",\"isPartOf\":{\"@id\":\"https:\\\/\\\/www.organisator.ch\\\/#website\"},\"primaryImageOfPage\":{\"@id\":\"https:\\\/\\\/www.organisator.ch\\\/management\\\/2020-02-11\\\/am-puls-der-schweizer-tech-bewegung\\\/#primaryimage\"},\"image\":{\"@id\":\"https:\\\/\\\/www.organisator.ch\\\/management\\\/2020-02-11\\\/am-puls-der-schweizer-tech-bewegung\\\/#primaryimage\"},\"thumbnailUrl\":\"https:\\\/\\\/www.organisator.ch\\\/wp-content\\\/uploads\\\/2020\\\/02\\\/Am-Puls-der-Schweizer-Tech-Bewegung_Organisator.jpg\",\"datePublished\":\"2020-02-11T08:58:01+00:00\",\"description\":\"Am Puls der Schweizer Tech-Bewegung: Das Schweizer Unternehmen Chainwork schafft einen Begegnungsort f\u00fcr technologieaffine KMU, Startups und Investoren.\",\"breadcrumb\":{\"@id\":\"https:\\\/\\\/www.organisator.ch\\\/management\\\/2020-02-11\\\/am-puls-der-schweizer-tech-bewegung\\\/#breadcrumb\"},\"inLanguage\":\"it-IT\",\"potentialAction\":[{\"@type\":\"ReadAction\",\"target\":[\"https:\\\/\\\/www.organisator.ch\\\/management\\\/2020-02-11\\\/am-puls-der-schweizer-tech-bewegung\\\/\"]}]},{\"@type\":\"ImageObject\",\"inLanguage\":\"it-IT\",\"@id\":\"https:\\\/\\\/www.organisator.ch\\\/management\\\/2020-02-11\\\/am-puls-der-schweizer-tech-bewegung\\\/#primaryimage\",\"url\":\"https:\\\/\\\/www.organisator.ch\\\/wp-content\\\/uploads\\\/2020\\\/02\\\/Am-Puls-der-Schweizer-Tech-Bewegung_Organisator.jpg\",\"contentUrl\":\"https:\\\/\\\/www.organisator.ch\\\/wp-content\\\/uploads\\\/2020\\\/02\\\/Am-Puls-der-Schweizer-Tech-Bewegung_Organisator.jpg\",\"width\":680,\"height\":354,\"caption\":\"Schafft einen Begegnungsort f\u00fcr die Schweizer Tech-Bewegung: Alex von M\u00fchlenen, Gr\u00fcnder von Chainwork. (Bild: zVg)\"},{\"@type\":\"BreadcrumbList\",\"@id\":\"https:\\\/\\\/www.organisator.ch\\\/management\\\/2020-02-11\\\/am-puls-der-schweizer-tech-bewegung\\\/#breadcrumb\",\"itemListElement\":[{\"@type\":\"ListItem\",\"position\":1,\"name\":\"Home\",\"item\":\"https:\\\/\\\/www.organisator.ch\\\/\"},{\"@type\":\"ListItem\",\"position\":2,\"name\":\"Am Puls der Schweizer Tech-Bewegung\"}]},{\"@type\":\"WebSite\",\"@id\":\"https:\\\/\\\/www.organisator.ch\\\/#website\",\"url\":\"https:\\\/\\\/www.organisator.ch\\\/\",\"name\":\"Organisator\",\"description\":\"Kompetent. Praxisnah. Der ORGANISATOR bereitet in 10 Ausgaben pro Jahr die wesentlichen Themen f\u00fcr F\u00fchrungskr\u00e4fte von KMU auf.\",\"publisher\":{\"@id\":\"https:\\\/\\\/www.organisator.ch\\\/#organization\"},\"potentialAction\":[{\"@type\":\"SearchAction\",\"target\":{\"@type\":\"EntryPoint\",\"urlTemplate\":\"https:\\\/\\\/www.organisator.ch\\\/?s={search_term_string}\"},\"query-input\":{\"@type\":\"PropertyValueSpecification\",\"valueRequired\":true,\"valueName\":\"search_term_string\"}}],\"inLanguage\":\"it-IT\"},{\"@type\":\"Organization\",\"@id\":\"https:\\\/\\\/www.organisator.ch\\\/#organization\",\"name\":\"Organisator\",\"url\":\"https:\\\/\\\/www.organisator.ch\\\/\",\"logo\":{\"@type\":\"ImageObject\",\"inLanguage\":\"it-IT\",\"@id\":\"https:\\\/\\\/www.organisator.ch\\\/#\\\/schema\\\/logo\\\/image\\\/\",\"url\":\"https:\\\/\\\/www.organisator.ch\\\/wp-content\\\/uploads\\\/2022\\\/01\\\/Logo_Organisator_Website.png\",\"contentUrl\":\"https:\\\/\\\/www.organisator.ch\\\/wp-content\\\/uploads\\\/2022\\\/01\\\/Logo_Organisator_Website.png\",\"width\":800,\"height\":77,\"caption\":\"Organisator\"},\"image\":{\"@id\":\"https:\\\/\\\/www.organisator.ch\\\/#\\\/schema\\\/logo\\\/image\\\/\"},\"sameAs\":[\"https:\\\/\\\/www.facebook.com\\\/OrganisatorFachmagazin\",\"https:\\\/\\\/www.linkedin.com\\\/showcase\\\/organisator-das-magazin-fr-kmu\",\"https:\\\/\\\/www.xing.com\\\/news\\\/pages\\\/organisator-ch-695\",\"https:\\\/\\\/www.youtube.com\\\/channel\\\/UCGP2Sq0iWaZwT3BdIAQFYpw\"]},{\"@type\":\"Person\",\"@id\":\"https:\\\/\\\/www.organisator.ch\\\/#\\\/schema\\\/person\\\/6f650f90b2842cd4c0cc334b4e36f67e\",\"name\":\"thomas.berner\",\"image\":{\"@type\":\"ImageObject\",\"inLanguage\":\"it-IT\",\"@id\":\"https:\\\/\\\/secure.gravatar.com\\\/avatar\\\/ac5001d2a36cb6c6cd3e50789007ffca834b477b74a2144564522e944eabff61?s=96&d=mm&r=g\",\"url\":\"https:\\\/\\\/secure.gravatar.com\\\/avatar\\\/ac5001d2a36cb6c6cd3e50789007ffca834b477b74a2144564522e944eabff61?s=96&d=mm&r=g\",\"contentUrl\":\"https:\\\/\\\/secure.gravatar.com\\\/avatar\\\/ac5001d2a36cb6c6cd3e50789007ffca834b477b74a2144564522e944eabff61?s=96&d=mm&r=g\",\"caption\":\"thomas.berner\"},\"url\":\"https:\\\/\\\/www.organisator.ch\\\/it\\\/author\\\/thomas-berner\\\/\"}]}<\/script>\n<!-- \/ Yoast SEO plugin. -->","yoast_head_json":{"title":"Al polso del movimento tecnologico svizzero - Organizzatore","description":"Al polso del movimento tecnologico svizzero: L'azienda svizzera Chainwork crea un luogo d'incontro per PMI, start-up e investitori esperti di tecnologia.","robots":{"index":"index","follow":"follow","max-snippet":"max-snippet:-1","max-image-preview":"max-image-preview:large","max-video-preview":"max-video-preview:-1"},"canonical":"https:\/\/www.organisator.ch\/it\/gestione-2\/2020-02-11\/am-puls-der-schweizer-tech-bewegung\/","og_locale":"it_IT","og_type":"article","og_title":"Am Puls der Schweizer Tech-Bewegung","og_description":"Am Puls der Schweizer Tech-Bewegung: Das Schweizer Unternehmen Chainwork schafft einen Begegnungsort f\u00fcr technologieaffine KMU, Startups und Investoren.","og_url":"https:\/\/www.organisator.ch\/it\/gestione-2\/2020-02-11\/am-puls-der-schweizer-tech-bewegung\/","og_site_name":"Organisator","article_publisher":"https:\/\/www.facebook.com\/OrganisatorFachmagazin","article_published_time":"2020-02-11T08:58:01+00:00","og_image":[{"width":680,"height":354,"url":"https:\/\/www.organisator.ch\/wp-content\/uploads\/2020\/02\/Am-Puls-der-Schweizer-Tech-Bewegung_Organisator.jpg","type":"image\/jpeg"}],"author":"thomas.berner","twitter_card":"summary_large_image","twitter_title":"Am Puls der Schweizer #Tech-Bewegung","twitter_description":"Am Puls der Schweizer #Tech-Bewegung: Das Schweizer Unternehmen #Chainwork schafft einen Begegnungsort f\u00fcr technologieaffine KMU, Startups und Investoren.","twitter_image":"https:\/\/www.organisator.ch\/wp-content\/uploads\/2020\/02\/Am-Puls-der-Schweizer-Tech-Bewegung_Organisator.jpg","schema":{"@context":"https:\/\/schema.org","@graph":[{"@type":"Article","@id":"https:\/\/www.organisator.ch\/management\/2020-02-11\/am-puls-der-schweizer-tech-bewegung\/#article","isPartOf":{"@id":"https:\/\/www.organisator.ch\/management\/2020-02-11\/am-puls-der-schweizer-tech-bewegung\/"},"author":{"name":"thomas.berner","@id":"https:\/\/www.organisator.ch\/#\/schema\/person\/6f650f90b2842cd4c0cc334b4e36f67e"},"headline":"Am Puls der Schweizer Tech-Bewegung","datePublished":"2020-02-11T08:58:01+00:00","mainEntityOfPage":{"@id":"https:\/\/www.organisator.ch\/management\/2020-02-11\/am-puls-der-schweizer-tech-bewegung\/"},"wordCount":407,"publisher":{"@id":"https:\/\/www.organisator.ch\/#organization"},"image":{"@id":"https:\/\/www.organisator.ch\/management\/2020-02-11\/am-puls-der-schweizer-tech-bewegung\/#primaryimage"},"thumbnailUrl":"https:\/\/www.organisator.ch\/wp-content\/uploads\/2020\/02\/Am-Puls-der-Schweizer-Tech-Bewegung_Organisator.jpg","keywords":["Coworking","Digitalisierung","Startups","Unternehmen"],"articleSection":["MANAGEMENT"],"inLanguage":"it-IT"},{"@type":"WebPage","@id":"https:\/\/www.organisator.ch\/management\/2020-02-11\/am-puls-der-schweizer-tech-bewegung\/","url":"https:\/\/www.organisator.ch\/management\/2020-02-11\/am-puls-der-schweizer-tech-bewegung\/","name":"Al polso del movimento tecnologico svizzero - Organizzatore","isPartOf":{"@id":"https:\/\/www.organisator.ch\/#website"},"primaryImageOfPage":{"@id":"https:\/\/www.organisator.ch\/management\/2020-02-11\/am-puls-der-schweizer-tech-bewegung\/#primaryimage"},"image":{"@id":"https:\/\/www.organisator.ch\/management\/2020-02-11\/am-puls-der-schweizer-tech-bewegung\/#primaryimage"},"thumbnailUrl":"https:\/\/www.organisator.ch\/wp-content\/uploads\/2020\/02\/Am-Puls-der-Schweizer-Tech-Bewegung_Organisator.jpg","datePublished":"2020-02-11T08:58:01+00:00","description":"Al polso del movimento tecnologico svizzero: L'azienda svizzera Chainwork crea un luogo d'incontro per PMI, start-up e investitori esperti di tecnologia.","breadcrumb":{"@id":"https:\/\/www.organisator.ch\/management\/2020-02-11\/am-puls-der-schweizer-tech-bewegung\/#breadcrumb"},"inLanguage":"it-IT","potentialAction":[{"@type":"ReadAction","target":["https:\/\/www.organisator.ch\/management\/2020-02-11\/am-puls-der-schweizer-tech-bewegung\/"]}]},{"@type":"ImageObject","inLanguage":"it-IT","@id":"https:\/\/www.organisator.ch\/management\/2020-02-11\/am-puls-der-schweizer-tech-bewegung\/#primaryimage","url":"https:\/\/www.organisator.ch\/wp-content\/uploads\/2020\/02\/Am-Puls-der-Schweizer-Tech-Bewegung_Organisator.jpg","contentUrl":"https:\/\/www.organisator.ch\/wp-content\/uploads\/2020\/02\/Am-Puls-der-Schweizer-Tech-Bewegung_Organisator.jpg","width":680,"height":354,"caption":"Schafft einen Begegnungsort f\u00fcr die Schweizer Tech-Bewegung: Alex von M\u00fchlenen, Gr\u00fcnder von Chainwork. (Bild: zVg)"},{"@type":"BreadcrumbList","@id":"https:\/\/www.organisator.ch\/management\/2020-02-11\/am-puls-der-schweizer-tech-bewegung\/#breadcrumb","itemListElement":[{"@type":"ListItem","position":1,"name":"Home","item":"https:\/\/www.organisator.ch\/"},{"@type":"ListItem","position":2,"name":"Am Puls der Schweizer Tech-Bewegung"}]},{"@type":"WebSite","@id":"https:\/\/www.organisator.ch\/#website","url":"https:\/\/www.organisator.ch\/","name":"Organizzatore","description":"Competente. Pratico. In 10 numeri all'anno, ORGANISATOR presenta i temi essenziali per i manager delle PMI.","publisher":{"@id":"https:\/\/www.organisator.ch\/#organization"},"potentialAction":[{"@type":"SearchAction","target":{"@type":"EntryPoint","urlTemplate":"https:\/\/www.organisator.ch\/?s={search_term_string}"},"query-input":{"@type":"PropertyValueSpecification","valueRequired":true,"valueName":"search_term_string"}}],"inLanguage":"it-IT"},{"@type":"Organization","@id":"https:\/\/www.organisator.ch\/#organization","name":"Organizzatore","url":"https:\/\/www.organisator.ch\/","logo":{"@type":"ImageObject","inLanguage":"it-IT","@id":"https:\/\/www.organisator.ch\/#\/schema\/logo\/image\/","url":"https:\/\/www.organisator.ch\/wp-content\/uploads\/2022\/01\/Logo_Organisator_Website.png","contentUrl":"https:\/\/www.organisator.ch\/wp-content\/uploads\/2022\/01\/Logo_Organisator_Website.png","width":800,"height":77,"caption":"Organisator"},"image":{"@id":"https:\/\/www.organisator.ch\/#\/schema\/logo\/image\/"},"sameAs":["https:\/\/www.facebook.com\/OrganisatorFachmagazin","https:\/\/www.linkedin.com\/showcase\/organisator-das-magazin-fr-kmu","https:\/\/www.xing.com\/news\/pages\/organisator-ch-695","https:\/\/www.youtube.com\/channel\/UCGP2Sq0iWaZwT3BdIAQFYpw"]},{"@type":"Person","@id":"https:\/\/www.organisator.ch\/#\/schema\/person\/6f650f90b2842cd4c0cc334b4e36f67e","name":"Tommaso.berner","image":{"@type":"ImageObject","inLanguage":"it-IT","@id":"https:\/\/secure.gravatar.com\/avatar\/ac5001d2a36cb6c6cd3e50789007ffca834b477b74a2144564522e944eabff61?s=96&d=mm&r=g","url":"https:\/\/secure.gravatar.com\/avatar\/ac5001d2a36cb6c6cd3e50789007ffca834b477b74a2144564522e944eabff61?s=96&d=mm&r=g","contentUrl":"https:\/\/secure.gravatar.com\/avatar\/ac5001d2a36cb6c6cd3e50789007ffca834b477b74a2144564522e944eabff61?s=96&d=mm&r=g","caption":"thomas.berner"},"url":"https:\/\/www.organisator.ch\/it\/author\/thomas-berner\/"}]}},"_links":{"self":[{"href":"https:\/\/www.organisator.ch\/it\/wp-json\/wp\/v2\/posts\/6325","targetHints":{"allow":["GET"]}}],"collection":[{"href":"https:\/\/www.organisator.ch\/it\/wp-json\/wp\/v2\/posts"}],"about":[{"href":"https:\/\/www.organisator.ch\/it\/wp-json\/wp\/v2\/types\/post"}],"author":[{"embeddable":true,"href":"https:\/\/www.organisator.ch\/it\/wp-json\/wp\/v2\/users\/4"}],"replies":[{"embeddable":true,"href":"https:\/\/www.organisator.ch\/it\/wp-json\/wp\/v2\/comments?post=6325"}],"version-history":[{"count":0,"href":"https:\/\/www.organisator.ch\/it\/wp-json\/wp\/v2\/posts\/6325\/revisions"}],"wp:featuredmedia":[{"embeddable":true,"href":"https:\/\/www.organisator.ch\/it\/wp-json\/wp\/v2\/media\/6326"}],"wp:attachment":[{"href":"https:\/\/www.organisator.ch\/it\/wp-json\/wp\/v2\/media?parent=6325"}],"wp:term":[{"taxonomy":"category","embeddable":true,"href":"https:\/\/www.organisator.ch\/it\/wp-json\/wp\/v2\/categories?post=6325"},{"taxonomy":"post_tag","embeddable":true,"href":"https:\/\/www.organisator.ch\/it\/wp-json\/wp\/v2\/tags?post=6325"}],"curies":[{"name":"wp","href":"https:\/\/api.w.org\/{rel}","templated":true}]}}