{"id":6346,"date":"2020-02-18T08:27:37","date_gmt":"2020-02-18T07:27:37","guid":{"rendered":"https:\/\/www.organisator.ch\/?p=6346"},"modified":"2020-02-18T08:27:37","modified_gmt":"2020-02-18T07:27:37","slug":"force-majeure-ein-spannendes-thema-nicht-nur-fuer-juristen","status":"publish","type":"post","link":"https:\/\/www.organisator.ch\/it\/management\/2020-02-18\/force-majeure-ein-spannendes-thema-nicht-nur-fuer-juristen\/","title":{"rendered":"Forza maggiore: un argomento interessante non solo per gli avvocati"},"content":{"rendered":"<figure id=\"attachment_6347\" aria-describedby=\"caption-attachment-6347\" style=\"width: 680px\" class=\"wp-caption alignnone\"><img loading=\"lazy\" decoding=\"async\" class=\"size-medium wp-image-6347\" src=\"https:\/\/www.organisator.ch\/wp-content\/uploads\/2020\/02\/Force-Majeure-Ein-spannendes-Thema-nicht-nur-fuer-Juristen_Organisator.jpg\" alt=\"\" width=\"680\" height=\"510\" srcset=\"https:\/\/www.organisator.ch\/wp-content\/uploads\/2020\/02\/Force-Majeure-Ein-spannendes-Thema-nicht-nur-fuer-Juristen_Organisator.jpg 680w, https:\/\/www.organisator.ch\/wp-content\/uploads\/2020\/02\/Force-Majeure-Ein-spannendes-Thema-nicht-nur-fuer-Juristen_Organisator-16x12.jpg 16w, https:\/\/www.organisator.ch\/wp-content\/uploads\/2020\/02\/Force-Majeure-Ein-spannendes-Thema-nicht-nur-fuer-Juristen_Organisator-233x175.jpg 233w, https:\/\/www.organisator.ch\/wp-content\/uploads\/2020\/02\/Force-Majeure-Ein-spannendes-Thema-nicht-nur-fuer-Juristen_Organisator-467x350.jpg 467w, https:\/\/www.organisator.ch\/wp-content\/uploads\/2020\/02\/Force-Majeure-Ein-spannendes-Thema-nicht-nur-fuer-Juristen_Organisator-300x225.jpg 300w\" sizes=\"auto, (max-width: 680px) 100vw, 680px\" \/><figcaption id=\"caption-attachment-6347\" class=\"wp-caption-text\">Il tema della \"Forza maggiore\" ha incontrato un grande interesse al Forum dello Swiss Shippers Council a Interlaken. (Foto: Helene Tobler, SSC)<\/figcaption><\/figure>\n<p>Gli eventi naturali che impediscono un trasporto, ma anche eventi inevitabili come uno sciopero, la pirateria o, pi\u00f9 recentemente, il virus Corona, sono sussunti sotto il termine forza maggiore. Il crollo del ponte Morandi a Genova e l'affondamento del letto ferroviario vicino a Raststatt, tuttavia, non rientrerebbero a priori in questo termine, hanno spiegato l'avvocato specializzato tedesco Frank Wilting e l'avvocato genovese Enrico Modiglia. Erano basati su errori umani, mancanza di manutenzione, calcoli errati, ecc.<\/p>\n<h2>La forza maggiore non sempre prevale in tribunale<\/h2>\n<p>\"Gli avvocati amano argomentare la forza maggiore, ma i tribunali hanno standard elevati\", ha aggiunto Giovanna Montanaro dello studio legale Wartmann Merker di Zurigo. Una vivace tavola rotonda su \"Basi legali e gestione contrattuale dei rischi di responsabilit\u00e0 in caso di forza maggiore\" \u00e8 stata moderata da Barbara Klett, avvocato in diritto delle assicurazioni e dei trasporti e membro attivo di Ladies in Logistics Switzerland. Ha spiegato che il problema spesso non si risolve con un'esclusione di responsabilit\u00e0, poich\u00e9 le considerazioni commerciali giocano un ruolo importante nel settore dei trasporti. Oltre alle misure di controllo della responsabilit\u00e0, anche le misure operative potrebbero avere un effetto preventivo.<\/p>\n<p>Gli entusiasmanti esempi pratici e i seminari istruttivi sul tema \"Forza maggiore - dove sono i rischi per il caricatore?\" hanno fornito molte esperienze aha, specialmente per gli specialisti e i manager non legali. I diversi background commerciali dei partecipanti al forum hanno permesso una visione molto diversa dei problemi e hanno ispirato lo scambio di esperienze.<\/p>\n<h2>Una vasta gamma di argomenti<\/h2>\n<p>Al Forum SSC sono stati discussi anche altri argomenti, come \"Sicurezza nella catena di approvvigionamento\", \"Tempi di attesa nei terminal container\", \"Carenza di autisti in Svizzera e in Europa\", \"Nuova via della seta - rischio per l'Occidente?\", \"Documenti sulla digitalizzazione - Chi \u00e8 responsabile nella societ\u00e0?\", \"Polveriera del Golfo Persico\".<\/p>\n<p>L'evento ha dimostrato ancora una volta che molte donne non hanno ancora riconosciuto il valore di tali eventi commerciali per il miglioramento delle conoscenze e il networking. La partecipazione femminile \u00e8 stata - come al solito nel mondo della logistica - debole. Tuttavia, questo non dovrebbe essere accettato come naturale, ha spiegato Susanne Biemer del \"Ladies in Logistics Switzerland\" (LiLS). Ha usato la piattaforma per presentare la rete e invitare i professionisti della logistica presenti a motivare maggiormente le loro collaboratrici per rendersi pi\u00f9 visibili. \"L'industria deve diventare ancora pi\u00f9 attraente per le donne. Questo aiuterebbe anche ad alleviare la carenza di lavoratori qualificati\", ha detto Susanne Biemer.<\/p>\n<p>Il prossimo Ladies in Logistics, Switzerland Lounge avr\u00e0 luogo il 26 marzo al Verkehrsdrehscheibe Schweiz a Basilea.<\/p>\n<p><a href=\"https:\/\/www.xing.com\/events\/9-ladies-logistics-switzerland-lounge-2583061\"><em>Clicca qui per registrarti<\/em><\/a><\/p>","protected":false},"excerpt":{"rendered":"<p>Naturereignisse, die einen Transport verhindern, aber auch unabwendbare Ereignisse wie ein Streik, Piraterie oder ganz aktuell der Coronavirus, werden unter dem Begriff Force Majeure (&#8222;H\u00f6here Gewalt&#8220;) subsummiert. Der Einsturz der Morandi-Br\u00fccke in Genua und das Absinken des Gleisbetts bei Raststatt w\u00fcrden aber nicht a priori unter diesen Begriff fallen, erl\u00e4uterten der deutsche Fachanwalt Frank Wilting [&hellip;]<\/p>\n","protected":false},"author":4,"featured_media":6347,"comment_status":"closed","ping_status":"closed","sticky":false,"template":"","format":"standard","meta":{"_acf_changed":false,"_yoast_wpseo_focuskw":"Force Majeure","_yoast_wpseo_metadesc":"Spektakul\u00e4re Schadensf\u00e4lle, Haftungsrisiken und Sicherheitsthemen, die unter \"Force Majeure\" subsummiert werden k\u00f6nnen, stossen auf lebhaftes Interesse.","articlekey":"","footnotes":""},"categories":[28],"tags":[193,202,328,335],"class_list":["post-6346","post","type-post","status-publish","format-standard","has-post-thumbnail","hentry","category-management","tag-fachkongressfachmesse","tag-finanzenrecht","tag-logistik","tag-management-und-unternehmensfuehrung"],"acf":[],"yoast_head":"<!-- This site is optimized with the Yoast SEO plugin v27.4 - https:\/\/yoast.com\/product\/yoast-seo-wordpress\/ -->\n<title>Force Majeure: Ein spannendes Thema nicht nur f\u00fcr Juristen - Organisator<\/title>\n<meta name=\"description\" content=\"Spektakul\u00e4re Schadensf\u00e4lle, Haftungsrisiken und Sicherheitsthemen, die unter &quot;Force Majeure&quot; subsummiert werden k\u00f6nnen, stossen auf lebhaftes Interesse.\" \/>\n<meta name=\"robots\" content=\"index, follow, max-snippet:-1, max-image-preview:large, max-video-preview:-1\" \/>\n<link rel=\"canonical\" href=\"https:\/\/www.organisator.ch\/it\/gestione-2\/2020-02-18\/force-majeure-ein-spannendes-thema-nicht-nur-fuer-juristen\/\" \/>\n<meta property=\"og:locale\" content=\"it_IT\" \/>\n<meta property=\"og:type\" content=\"article\" \/>\n<meta property=\"og:title\" content=\"Force Majeure: Ein spannendes Thema nicht nur f\u00fcr Juristen\" \/>\n<meta property=\"og:description\" content=\"Spektakul\u00e4re Schadensf\u00e4lle, Haftungsrisiken und Sicherheitsthemen, die unter &quot;Force Majeure&quot; subsummiert werden k\u00f6nnen, stossen auf lebhaftes Interesse.\" \/>\n<meta property=\"og:url\" content=\"https:\/\/www.organisator.ch\/it\/gestione-2\/2020-02-18\/force-majeure-ein-spannendes-thema-nicht-nur-fuer-juristen\/\" \/>\n<meta property=\"og:site_name\" content=\"Organisator\" \/>\n<meta property=\"article:publisher\" content=\"https:\/\/www.facebook.com\/OrganisatorFachmagazin\" \/>\n<meta property=\"article:published_time\" content=\"2020-02-18T07:27:37+00:00\" \/>\n<meta property=\"og:image\" content=\"https:\/\/www.organisator.ch\/wp-content\/uploads\/2020\/02\/Force-Majeure-Ein-spannendes-Thema-nicht-nur-fuer-Juristen_Organisator.jpg\" \/>\n\t<meta property=\"og:image:width\" content=\"680\" \/>\n\t<meta property=\"og:image:height\" content=\"510\" \/>\n\t<meta property=\"og:image:type\" content=\"image\/jpeg\" \/>\n<meta name=\"author\" content=\"thomas.berner\" \/>\n<meta name=\"twitter:card\" content=\"summary_large_image\" \/>\n<meta name=\"twitter:title\" content=\"Force #Majeure: Ein spannendes Thema nicht nur f\u00fcr #Juristen\" \/>\n<meta name=\"twitter:description\" content=\"Spektakul\u00e4re #Schadensf\u00e4lle, #Haftungsrisiken und #Sicherheitsthemen, die unter &quot;Force Majeure&quot; subsummiert werden k\u00f6nnen, stossen auf lebhaftes Interesse.\" \/>\n<meta name=\"twitter:image\" content=\"https:\/\/www.organisator.ch\/wp-content\/uploads\/2020\/02\/Force-Majeure-Ein-spannendes-Thema-nicht-nur-fuer-Juristen_Organisator.jpg\" \/>\n<script type=\"application\/ld+json\" class=\"yoast-schema-graph\">{\"@context\":\"https:\\\/\\\/schema.org\",\"@graph\":[{\"@type\":\"Article\",\"@id\":\"https:\\\/\\\/www.organisator.ch\\\/management\\\/2020-02-18\\\/force-majeure-ein-spannendes-thema-nicht-nur-fuer-juristen\\\/#article\",\"isPartOf\":{\"@id\":\"https:\\\/\\\/www.organisator.ch\\\/management\\\/2020-02-18\\\/force-majeure-ein-spannendes-thema-nicht-nur-fuer-juristen\\\/\"},\"author\":{\"name\":\"thomas.berner\",\"@id\":\"https:\\\/\\\/www.organisator.ch\\\/#\\\/schema\\\/person\\\/6f650f90b2842cd4c0cc334b4e36f67e\"},\"headline\":\"Force Majeure: Ein spannendes Thema nicht nur f\u00fcr Juristen\",\"datePublished\":\"2020-02-18T07:27:37+00:00\",\"mainEntityOfPage\":{\"@id\":\"https:\\\/\\\/www.organisator.ch\\\/management\\\/2020-02-18\\\/force-majeure-ein-spannendes-thema-nicht-nur-fuer-juristen\\\/\"},\"wordCount\":434,\"publisher\":{\"@id\":\"https:\\\/\\\/www.organisator.ch\\\/#organization\"},\"image\":{\"@id\":\"https:\\\/\\\/www.organisator.ch\\\/management\\\/2020-02-18\\\/force-majeure-ein-spannendes-thema-nicht-nur-fuer-juristen\\\/#primaryimage\"},\"thumbnailUrl\":\"https:\\\/\\\/www.organisator.ch\\\/wp-content\\\/uploads\\\/2020\\\/02\\\/Force-Majeure-Ein-spannendes-Thema-nicht-nur-fuer-Juristen_Organisator.jpg\",\"keywords\":[\"Fachkongress\\\/Fachmesse\",\"Finanzen\\\/Recht\",\"Logistik\",\"Management und Unternehmensf\u00fchrung\"],\"articleSection\":[\"MANAGEMENT\"],\"inLanguage\":\"it-IT\"},{\"@type\":\"WebPage\",\"@id\":\"https:\\\/\\\/www.organisator.ch\\\/management\\\/2020-02-18\\\/force-majeure-ein-spannendes-thema-nicht-nur-fuer-juristen\\\/\",\"url\":\"https:\\\/\\\/www.organisator.ch\\\/management\\\/2020-02-18\\\/force-majeure-ein-spannendes-thema-nicht-nur-fuer-juristen\\\/\",\"name\":\"Force Majeure: Ein spannendes Thema nicht nur f\u00fcr Juristen - Organisator\",\"isPartOf\":{\"@id\":\"https:\\\/\\\/www.organisator.ch\\\/#website\"},\"primaryImageOfPage\":{\"@id\":\"https:\\\/\\\/www.organisator.ch\\\/management\\\/2020-02-18\\\/force-majeure-ein-spannendes-thema-nicht-nur-fuer-juristen\\\/#primaryimage\"},\"image\":{\"@id\":\"https:\\\/\\\/www.organisator.ch\\\/management\\\/2020-02-18\\\/force-majeure-ein-spannendes-thema-nicht-nur-fuer-juristen\\\/#primaryimage\"},\"thumbnailUrl\":\"https:\\\/\\\/www.organisator.ch\\\/wp-content\\\/uploads\\\/2020\\\/02\\\/Force-Majeure-Ein-spannendes-Thema-nicht-nur-fuer-Juristen_Organisator.jpg\",\"datePublished\":\"2020-02-18T07:27:37+00:00\",\"description\":\"Spektakul\u00e4re Schadensf\u00e4lle, Haftungsrisiken und Sicherheitsthemen, die unter \\\"Force Majeure\\\" subsummiert werden k\u00f6nnen, stossen auf lebhaftes Interesse.\",\"breadcrumb\":{\"@id\":\"https:\\\/\\\/www.organisator.ch\\\/management\\\/2020-02-18\\\/force-majeure-ein-spannendes-thema-nicht-nur-fuer-juristen\\\/#breadcrumb\"},\"inLanguage\":\"it-IT\",\"potentialAction\":[{\"@type\":\"ReadAction\",\"target\":[\"https:\\\/\\\/www.organisator.ch\\\/management\\\/2020-02-18\\\/force-majeure-ein-spannendes-thema-nicht-nur-fuer-juristen\\\/\"]}]},{\"@type\":\"ImageObject\",\"inLanguage\":\"it-IT\",\"@id\":\"https:\\\/\\\/www.organisator.ch\\\/management\\\/2020-02-18\\\/force-majeure-ein-spannendes-thema-nicht-nur-fuer-juristen\\\/#primaryimage\",\"url\":\"https:\\\/\\\/www.organisator.ch\\\/wp-content\\\/uploads\\\/2020\\\/02\\\/Force-Majeure-Ein-spannendes-Thema-nicht-nur-fuer-Juristen_Organisator.jpg\",\"contentUrl\":\"https:\\\/\\\/www.organisator.ch\\\/wp-content\\\/uploads\\\/2020\\\/02\\\/Force-Majeure-Ein-spannendes-Thema-nicht-nur-fuer-Juristen_Organisator.jpg\",\"width\":680,\"height\":510,\"caption\":\"Das Thema \\\"Force Majeure\\\" stiess am Swiss Shippers Council Forum in Interlaken auf grosses Interesse. (Bild: Helene Tobler, SSC)\"},{\"@type\":\"BreadcrumbList\",\"@id\":\"https:\\\/\\\/www.organisator.ch\\\/management\\\/2020-02-18\\\/force-majeure-ein-spannendes-thema-nicht-nur-fuer-juristen\\\/#breadcrumb\",\"itemListElement\":[{\"@type\":\"ListItem\",\"position\":1,\"name\":\"Home\",\"item\":\"https:\\\/\\\/www.organisator.ch\\\/\"},{\"@type\":\"ListItem\",\"position\":2,\"name\":\"Force Majeure: Ein spannendes Thema nicht nur f\u00fcr Juristen\"}]},{\"@type\":\"WebSite\",\"@id\":\"https:\\\/\\\/www.organisator.ch\\\/#website\",\"url\":\"https:\\\/\\\/www.organisator.ch\\\/\",\"name\":\"Organisator\",\"description\":\"Kompetent. Praxisnah. Der ORGANISATOR bereitet in 10 Ausgaben pro Jahr die wesentlichen Themen f\u00fcr F\u00fchrungskr\u00e4fte von KMU auf.\",\"publisher\":{\"@id\":\"https:\\\/\\\/www.organisator.ch\\\/#organization\"},\"potentialAction\":[{\"@type\":\"SearchAction\",\"target\":{\"@type\":\"EntryPoint\",\"urlTemplate\":\"https:\\\/\\\/www.organisator.ch\\\/?s={search_term_string}\"},\"query-input\":{\"@type\":\"PropertyValueSpecification\",\"valueRequired\":true,\"valueName\":\"search_term_string\"}}],\"inLanguage\":\"it-IT\"},{\"@type\":\"Organization\",\"@id\":\"https:\\\/\\\/www.organisator.ch\\\/#organization\",\"name\":\"Organisator\",\"url\":\"https:\\\/\\\/www.organisator.ch\\\/\",\"logo\":{\"@type\":\"ImageObject\",\"inLanguage\":\"it-IT\",\"@id\":\"https:\\\/\\\/www.organisator.ch\\\/#\\\/schema\\\/logo\\\/image\\\/\",\"url\":\"https:\\\/\\\/www.organisator.ch\\\/wp-content\\\/uploads\\\/2022\\\/01\\\/Logo_Organisator_Website.png\",\"contentUrl\":\"https:\\\/\\\/www.organisator.ch\\\/wp-content\\\/uploads\\\/2022\\\/01\\\/Logo_Organisator_Website.png\",\"width\":800,\"height\":77,\"caption\":\"Organisator\"},\"image\":{\"@id\":\"https:\\\/\\\/www.organisator.ch\\\/#\\\/schema\\\/logo\\\/image\\\/\"},\"sameAs\":[\"https:\\\/\\\/www.facebook.com\\\/OrganisatorFachmagazin\",\"https:\\\/\\\/www.linkedin.com\\\/showcase\\\/organisator-das-magazin-fr-kmu\",\"https:\\\/\\\/www.xing.com\\\/news\\\/pages\\\/organisator-ch-695\",\"https:\\\/\\\/www.youtube.com\\\/channel\\\/UCGP2Sq0iWaZwT3BdIAQFYpw\"]},{\"@type\":\"Person\",\"@id\":\"https:\\\/\\\/www.organisator.ch\\\/#\\\/schema\\\/person\\\/6f650f90b2842cd4c0cc334b4e36f67e\",\"name\":\"thomas.berner\",\"image\":{\"@type\":\"ImageObject\",\"inLanguage\":\"it-IT\",\"@id\":\"https:\\\/\\\/secure.gravatar.com\\\/avatar\\\/ac5001d2a36cb6c6cd3e50789007ffca834b477b74a2144564522e944eabff61?s=96&d=mm&r=g\",\"url\":\"https:\\\/\\\/secure.gravatar.com\\\/avatar\\\/ac5001d2a36cb6c6cd3e50789007ffca834b477b74a2144564522e944eabff61?s=96&d=mm&r=g\",\"contentUrl\":\"https:\\\/\\\/secure.gravatar.com\\\/avatar\\\/ac5001d2a36cb6c6cd3e50789007ffca834b477b74a2144564522e944eabff61?s=96&d=mm&r=g\",\"caption\":\"thomas.berner\"},\"url\":\"https:\\\/\\\/www.organisator.ch\\\/it\\\/author\\\/thomas-berner\\\/\"}]}<\/script>\n<!-- \/ Yoast SEO plugin. -->","yoast_head_json":{"title":"Forza maggiore: un argomento interessante non solo per gli avvocati - Organizzatore","description":"I casi spettacolari di danni, i rischi di responsabilit\u00e0 civile e i temi della sicurezza che possono essere racchiusi nel concetto di \"forza maggiore\" suscitano un vivo interesse.","robots":{"index":"index","follow":"follow","max-snippet":"max-snippet:-1","max-image-preview":"max-image-preview:large","max-video-preview":"max-video-preview:-1"},"canonical":"https:\/\/www.organisator.ch\/it\/gestione-2\/2020-02-18\/force-majeure-ein-spannendes-thema-nicht-nur-fuer-juristen\/","og_locale":"it_IT","og_type":"article","og_title":"Force Majeure: Ein spannendes Thema nicht nur f\u00fcr Juristen","og_description":"Spektakul\u00e4re Schadensf\u00e4lle, Haftungsrisiken und Sicherheitsthemen, die unter \"Force Majeure\" subsummiert werden k\u00f6nnen, stossen auf lebhaftes Interesse.","og_url":"https:\/\/www.organisator.ch\/it\/gestione-2\/2020-02-18\/force-majeure-ein-spannendes-thema-nicht-nur-fuer-juristen\/","og_site_name":"Organisator","article_publisher":"https:\/\/www.facebook.com\/OrganisatorFachmagazin","article_published_time":"2020-02-18T07:27:37+00:00","og_image":[{"width":680,"height":510,"url":"https:\/\/www.organisator.ch\/wp-content\/uploads\/2020\/02\/Force-Majeure-Ein-spannendes-Thema-nicht-nur-fuer-Juristen_Organisator.jpg","type":"image\/jpeg"}],"author":"thomas.berner","twitter_card":"summary_large_image","twitter_title":"Force #Majeure: Ein spannendes Thema nicht nur f\u00fcr #Juristen","twitter_description":"Spektakul\u00e4re #Schadensf\u00e4lle, #Haftungsrisiken und #Sicherheitsthemen, die unter \"Force Majeure\" subsummiert werden k\u00f6nnen, stossen auf lebhaftes Interesse.","twitter_image":"https:\/\/www.organisator.ch\/wp-content\/uploads\/2020\/02\/Force-Majeure-Ein-spannendes-Thema-nicht-nur-fuer-Juristen_Organisator.jpg","schema":{"@context":"https:\/\/schema.org","@graph":[{"@type":"Article","@id":"https:\/\/www.organisator.ch\/management\/2020-02-18\/force-majeure-ein-spannendes-thema-nicht-nur-fuer-juristen\/#article","isPartOf":{"@id":"https:\/\/www.organisator.ch\/management\/2020-02-18\/force-majeure-ein-spannendes-thema-nicht-nur-fuer-juristen\/"},"author":{"name":"thomas.berner","@id":"https:\/\/www.organisator.ch\/#\/schema\/person\/6f650f90b2842cd4c0cc334b4e36f67e"},"headline":"Force Majeure: Ein spannendes Thema nicht nur f\u00fcr Juristen","datePublished":"2020-02-18T07:27:37+00:00","mainEntityOfPage":{"@id":"https:\/\/www.organisator.ch\/management\/2020-02-18\/force-majeure-ein-spannendes-thema-nicht-nur-fuer-juristen\/"},"wordCount":434,"publisher":{"@id":"https:\/\/www.organisator.ch\/#organization"},"image":{"@id":"https:\/\/www.organisator.ch\/management\/2020-02-18\/force-majeure-ein-spannendes-thema-nicht-nur-fuer-juristen\/#primaryimage"},"thumbnailUrl":"https:\/\/www.organisator.ch\/wp-content\/uploads\/2020\/02\/Force-Majeure-Ein-spannendes-Thema-nicht-nur-fuer-Juristen_Organisator.jpg","keywords":["Fachkongress\/Fachmesse","Finanzen\/Recht","Logistik","Management und Unternehmensf\u00fchrung"],"articleSection":["MANAGEMENT"],"inLanguage":"it-IT"},{"@type":"WebPage","@id":"https:\/\/www.organisator.ch\/management\/2020-02-18\/force-majeure-ein-spannendes-thema-nicht-nur-fuer-juristen\/","url":"https:\/\/www.organisator.ch\/management\/2020-02-18\/force-majeure-ein-spannendes-thema-nicht-nur-fuer-juristen\/","name":"Forza maggiore: un argomento interessante non solo per gli avvocati - Organizzatore","isPartOf":{"@id":"https:\/\/www.organisator.ch\/#website"},"primaryImageOfPage":{"@id":"https:\/\/www.organisator.ch\/management\/2020-02-18\/force-majeure-ein-spannendes-thema-nicht-nur-fuer-juristen\/#primaryimage"},"image":{"@id":"https:\/\/www.organisator.ch\/management\/2020-02-18\/force-majeure-ein-spannendes-thema-nicht-nur-fuer-juristen\/#primaryimage"},"thumbnailUrl":"https:\/\/www.organisator.ch\/wp-content\/uploads\/2020\/02\/Force-Majeure-Ein-spannendes-Thema-nicht-nur-fuer-Juristen_Organisator.jpg","datePublished":"2020-02-18T07:27:37+00:00","description":"I casi spettacolari di danni, i rischi di responsabilit\u00e0 civile e i temi della sicurezza che possono essere racchiusi nel concetto di \"forza maggiore\" suscitano un vivo interesse.","breadcrumb":{"@id":"https:\/\/www.organisator.ch\/management\/2020-02-18\/force-majeure-ein-spannendes-thema-nicht-nur-fuer-juristen\/#breadcrumb"},"inLanguage":"it-IT","potentialAction":[{"@type":"ReadAction","target":["https:\/\/www.organisator.ch\/management\/2020-02-18\/force-majeure-ein-spannendes-thema-nicht-nur-fuer-juristen\/"]}]},{"@type":"ImageObject","inLanguage":"it-IT","@id":"https:\/\/www.organisator.ch\/management\/2020-02-18\/force-majeure-ein-spannendes-thema-nicht-nur-fuer-juristen\/#primaryimage","url":"https:\/\/www.organisator.ch\/wp-content\/uploads\/2020\/02\/Force-Majeure-Ein-spannendes-Thema-nicht-nur-fuer-Juristen_Organisator.jpg","contentUrl":"https:\/\/www.organisator.ch\/wp-content\/uploads\/2020\/02\/Force-Majeure-Ein-spannendes-Thema-nicht-nur-fuer-Juristen_Organisator.jpg","width":680,"height":510,"caption":"Das Thema \"Force Majeure\" stiess am Swiss Shippers Council Forum in Interlaken auf grosses Interesse. (Bild: Helene Tobler, SSC)"},{"@type":"BreadcrumbList","@id":"https:\/\/www.organisator.ch\/management\/2020-02-18\/force-majeure-ein-spannendes-thema-nicht-nur-fuer-juristen\/#breadcrumb","itemListElement":[{"@type":"ListItem","position":1,"name":"Home","item":"https:\/\/www.organisator.ch\/"},{"@type":"ListItem","position":2,"name":"Force Majeure: Ein spannendes Thema nicht nur f\u00fcr Juristen"}]},{"@type":"WebSite","@id":"https:\/\/www.organisator.ch\/#website","url":"https:\/\/www.organisator.ch\/","name":"Organizzatore","description":"Competente. Pratico. In 10 numeri all'anno, ORGANISATOR presenta i temi essenziali per i manager delle PMI.","publisher":{"@id":"https:\/\/www.organisator.ch\/#organization"},"potentialAction":[{"@type":"SearchAction","target":{"@type":"EntryPoint","urlTemplate":"https:\/\/www.organisator.ch\/?s={search_term_string}"},"query-input":{"@type":"PropertyValueSpecification","valueRequired":true,"valueName":"search_term_string"}}],"inLanguage":"it-IT"},{"@type":"Organization","@id":"https:\/\/www.organisator.ch\/#organization","name":"Organizzatore","url":"https:\/\/www.organisator.ch\/","logo":{"@type":"ImageObject","inLanguage":"it-IT","@id":"https:\/\/www.organisator.ch\/#\/schema\/logo\/image\/","url":"https:\/\/www.organisator.ch\/wp-content\/uploads\/2022\/01\/Logo_Organisator_Website.png","contentUrl":"https:\/\/www.organisator.ch\/wp-content\/uploads\/2022\/01\/Logo_Organisator_Website.png","width":800,"height":77,"caption":"Organisator"},"image":{"@id":"https:\/\/www.organisator.ch\/#\/schema\/logo\/image\/"},"sameAs":["https:\/\/www.facebook.com\/OrganisatorFachmagazin","https:\/\/www.linkedin.com\/showcase\/organisator-das-magazin-fr-kmu","https:\/\/www.xing.com\/news\/pages\/organisator-ch-695","https:\/\/www.youtube.com\/channel\/UCGP2Sq0iWaZwT3BdIAQFYpw"]},{"@type":"Person","@id":"https:\/\/www.organisator.ch\/#\/schema\/person\/6f650f90b2842cd4c0cc334b4e36f67e","name":"Tommaso.berner","image":{"@type":"ImageObject","inLanguage":"it-IT","@id":"https:\/\/secure.gravatar.com\/avatar\/ac5001d2a36cb6c6cd3e50789007ffca834b477b74a2144564522e944eabff61?s=96&d=mm&r=g","url":"https:\/\/secure.gravatar.com\/avatar\/ac5001d2a36cb6c6cd3e50789007ffca834b477b74a2144564522e944eabff61?s=96&d=mm&r=g","contentUrl":"https:\/\/secure.gravatar.com\/avatar\/ac5001d2a36cb6c6cd3e50789007ffca834b477b74a2144564522e944eabff61?s=96&d=mm&r=g","caption":"thomas.berner"},"url":"https:\/\/www.organisator.ch\/it\/author\/thomas-berner\/"}]}},"_links":{"self":[{"href":"https:\/\/www.organisator.ch\/it\/wp-json\/wp\/v2\/posts\/6346","targetHints":{"allow":["GET"]}}],"collection":[{"href":"https:\/\/www.organisator.ch\/it\/wp-json\/wp\/v2\/posts"}],"about":[{"href":"https:\/\/www.organisator.ch\/it\/wp-json\/wp\/v2\/types\/post"}],"author":[{"embeddable":true,"href":"https:\/\/www.organisator.ch\/it\/wp-json\/wp\/v2\/users\/4"}],"replies":[{"embeddable":true,"href":"https:\/\/www.organisator.ch\/it\/wp-json\/wp\/v2\/comments?post=6346"}],"version-history":[{"count":0,"href":"https:\/\/www.organisator.ch\/it\/wp-json\/wp\/v2\/posts\/6346\/revisions"}],"wp:featuredmedia":[{"embeddable":true,"href":"https:\/\/www.organisator.ch\/it\/wp-json\/wp\/v2\/media\/6347"}],"wp:attachment":[{"href":"https:\/\/www.organisator.ch\/it\/wp-json\/wp\/v2\/media?parent=6346"}],"wp:term":[{"taxonomy":"category","embeddable":true,"href":"https:\/\/www.organisator.ch\/it\/wp-json\/wp\/v2\/categories?post=6346"},{"taxonomy":"post_tag","embeddable":true,"href":"https:\/\/www.organisator.ch\/it\/wp-json\/wp\/v2\/tags?post=6346"}],"curies":[{"name":"wp","href":"https:\/\/api.w.org\/{rel}","templated":true}]}}