{"id":635,"date":"2016-12-23T16:06:44","date_gmt":"2016-12-23T15:06:44","guid":{"rendered":"https:\/\/umweltperspektiven.ch\/?p=635"},"modified":"2022-02-09T11:06:22","modified_gmt":"2022-02-09T10:06:22","slug":"bund-grosses-potenzial-fuer-erneuerbare-energienutzung","status":"publish","type":"post","link":"https:\/\/www.organisator.ch\/it\/sustainability\/2016-12-23\/bund-grosses-potenzial-fuer-erneuerbare-energienutzung\/","title":{"rendered":"Confederazione: grande potenziale per l'uso delle energie rinnovabili"},"content":{"rendered":"<figure id=\"attachment_636\" aria-describedby=\"caption-attachment-636\" style=\"width: 680px\" class=\"wp-caption alignnone\"><img loading=\"lazy\" decoding=\"async\" class=\"size-medium wp-image-636\" src=\"\/\/www.umweltperspektiven.ch\/wp-content\/uploads\/2017\/01\/Depositphotos_18485293_l-2015.jpg\" alt=\"Confederazione: grande potenziale per l&#039;uso delle energie rinnovabili\" width=\"680\" height=\"453\" srcset=\"https:\/\/www.organisator.ch\/wp-content\/uploads\/2017\/01\/Depositphotos_18485293_l-2015.jpg 2000w, https:\/\/www.organisator.ch\/wp-content\/uploads\/2017\/01\/Depositphotos_18485293_l-2015-680x453.jpg 680w, https:\/\/www.organisator.ch\/wp-content\/uploads\/2017\/01\/Depositphotos_18485293_l-2015-1024x682.jpg 1024w, https:\/\/www.organisator.ch\/wp-content\/uploads\/2017\/01\/Depositphotos_18485293_l-2015-768x512.jpg 768w, https:\/\/www.organisator.ch\/wp-content\/uploads\/2017\/01\/Depositphotos_18485293_l-2015-1536x1024.jpg 1536w, https:\/\/www.organisator.ch\/wp-content\/uploads\/2017\/01\/Depositphotos_18485293_l-2015-18x12.jpg 18w, https:\/\/www.organisator.ch\/wp-content\/uploads\/2017\/01\/Depositphotos_18485293_l-2015-263x175.jpg 263w, https:\/\/www.organisator.ch\/wp-content\/uploads\/2017\/01\/Depositphotos_18485293_l-2015-525x350.jpg 525w, https:\/\/www.organisator.ch\/wp-content\/uploads\/2017\/01\/Depositphotos_18485293_l-2015-1200x800.jpg 1200w, https:\/\/www.organisator.ch\/wp-content\/uploads\/2017\/01\/Depositphotos_18485293_l-2015-920x613.jpg 920w, https:\/\/www.organisator.ch\/wp-content\/uploads\/2017\/01\/Depositphotos_18485293_l-2015-1400x933.jpg 1400w, https:\/\/www.organisator.ch\/wp-content\/uploads\/2017\/01\/Depositphotos_18485293_l-2015-300x200.jpg 300w\" sizes=\"auto, (max-width: 680px) 100vw, 680px\" \/><figcaption id=\"caption-attachment-636\" class=\"wp-caption-text\">C'\u00e8 un grande potenziale per l'uso delle energie rinnovabili a livello federale.<\/figcaption><\/figure>\n<p>La Confederazione svolge la sua funzione esemplare nel quadro del primo pacchetto di misure della Strategia energetica 2050. Entro il 2020, mira ad aumentare l'efficienza energetica di 25% rispetto all'anno base 2006. I suddetti attori si sono uniti per formare la Confederazione come modello energetico e hanno gi\u00e0 superato questo obiettivo con un aumento di efficienza di 26,7% (vedi comunicato stampa del 29 giugno 2016). Senza ulteriori sforzi, tuttavia, non c'\u00e8 garanzia che questo valore possa essere mantenuto o addirittura aumentato negli anni successivi.<\/p>\n<p>La Confederazione vuole anche fare progressi nell'uso e nell'autoproduzione di energie rinnovabili. A met\u00e0 del 2014, il Consiglio federale ha quindi invitato gli attori della Confederazione come modello per l'energia a svolgere le corrispondenti analisi del potenziale. Devono mostrare in che misura e a che costo le energie rinnovabili potrebbero essere prodotte nei loro siti ed edifici. Il rapporto consolidato sulle singole analisi potenziali \u00e8 ora disponibile.<\/p>\n<p><b>Potenziale elettrico<\/b><\/p>\n<p>Oggi, gli attori della Confederazione come modello energetico consumano 1444 gigawattora di elettricit\u00e0 all'anno (GWh\/a). 88% (1.277 GWh\/a) provengono da fonti rinnovabili, di cui 10% (139,4 GWh\/a) da produzione propria. Le analisi del potenziale mostrano un potenziale realistico per l'espansione dell'autoproduzione di 232,4 GWh\/a. Il potenziale maggiore \u00e8 quello dell'energia solare, seguito dall'energia idroelettrica e dall'energia eolica. Il DDPS mostra pi\u00f9 di 50% di questo potenziale. Con il potenziale realistico, la quota di autoproduzione di elettricit\u00e0 rinnovabile nel consumo totale di elettricit\u00e0 degli attori potrebbe essere aumentata dagli attuali 10% a 26%. Da notare: L'elettricit\u00e0 utilizzata per far funzionare le ferrovie (corrente di trazione) non fa parte dell'analisi del potenziale. Pi\u00f9 di 90% della corrente di trazione proviene gi\u00e0 da energie rinnovabili.<\/p>\n<p>I costi d'investimento per sfruttare l'intero potenziale realistico di elettricit\u00e0 sono stimati a circa 370 milioni di franchi svizzeri, la maggior parte dei quali per gli impianti fotovoltaici.<\/p>\n<p><b>Potenziali di calore<\/b><\/p>\n<p>Oggi, gli attori della Confederazione come modello energetico consumano 917,4 gigawattora di energia termica all'anno. 40% (370,3 GWh\/a) provengono da fonti rinnovabili, di cui 70% (261,5 GWh\/a) sono autoprodotti. Le analisi del potenziale mostrano un potenziale tecnico totale per il calore generato da fonti rinnovabili (e il raffreddamento nel settore dei PF) di 438,0 GWh\/a. Il maggior potenziale tecnico si trova nell'uso dell'energia ambientale con 35%, seguito dal legno con 30%. Il potenziale economicamente realizzabile potrebbe essere determinato solo parzialmente. Tuttavia, \u00e8 chiaro che, dal punto di vista attuale, solo meno di un terzo del potenziale tecnico pu\u00f2 essere sfruttato in modo economicamente valido.<\/p>\n<p>Se i sistemi di riscaldamento esistenti devono essere sostituiti nei prossimi 20-30 anni e si vuole sfruttare il potenziale tecnico di 50%, ci\u00f2 comporter\u00e0 costi d'investimento aggiuntivi per 59 milioni di franchi. Per il recupero del calore residuo, il recupero del calore dalla biomassa (CHP) e l'utilizzo dell'energia ambientale nel settore dei PF, i costi di investimento aggiuntivi sono stimati in almeno 215-230 milioni di franchi.<\/p>\n<p><b>Barriere<\/b><\/p>\n<p>Per tutti gli attori, il pi\u00f9 grande ostacolo alla realizzazione dei potenziali \u00e8 la fornitura dei fondi di investimento necessari. Questo vale anche per le soluzioni che sono economiche per tutta la loro durata di vita, poich\u00e9 l'investimento iniziale \u00e8 di solito pi\u00f9 alto che per le soluzioni convenzionali. Nel caso di grandi impianti che producono anche energia per clienti esterni, un ostacolo \u00e8 che i fondi sono vincolati al di fuori del core business. Inoltre, ci sono siti che sarebbero molto adatti per la produzione di elettricit\u00e0, ma gli attori non hanno bisogno di elettricit\u00e0. Poich\u00e9 l'Amministrazione federale civile, il settore dei PF e il DDPS non hanno un mandato per la produzione e la vendita di energia, il potenziale di queste localit\u00e0 non pu\u00f2 essere sfruttato al momento.<\/p>\n<p><b>Ulteriore procedura<\/b><\/p>\n<p>Le parti interessate al modello di ruolo energetico devono sviluppare piani d'azione per affrontare i potenziali e gli ostacoli identificati entro la fine del 2017. Nel fare ci\u00f2, l'efficienza economica deve essere presa in considerazione. Rapporti regolari sui progressi saranno fatti nel quadro del gruppo di coordinamento del modello energetico federale.<\/p>\n<p><em>Fonte: UFE<\/em><\/p>","protected":false},"excerpt":{"rendered":"<p>Der Bund nimmt seine Vorbildfunktion im Rahmen des ersten Massnahmenpakets der Energiestrategie 2050 wahr. Bis 2020 strebt er gegen\u00fcber dem Basisjahr 2006 eine Steigerung der Energieeffizienz um 25% an. Die oben genannten Akteure haben sich zum Energie-Vorbild Bund zusammengeschlossen und haben dieses Ziel mit einer Effizienzsteigerung von 26.7% bereits \u00fcbertroffen (siehe Medienmitteilung vom 29. Juni [&hellip;]<\/p>\n","protected":false},"author":1,"featured_media":636,"comment_status":"open","ping_status":"open","sticky":false,"template":"","format":"standard","meta":{"_acf_changed":false,"_yoast_wpseo_focuskw":"erneuerbare Energienutzung","_yoast_wpseo_metadesc":"erneuerbare Energienutzung: Bereits heute stammen 88% des Stroms und 40% der W\u00e4rmeenergie, aus erneuerbaren Quellen.","articlekey":"","footnotes":""},"categories":[580],"tags":[884,1098,459,460],"class_list":["post-635","post","type-post","status-publish","format-standard","has-post-thumbnail","hentry","category-sustainability","tag-bundesamt-fuer-energie","tag-enerneuerbare-energie","tag-studie","tag-studien"],"acf":[],"yoast_head":"<!-- This site is optimized with the Yoast SEO plugin v27.4 - https:\/\/yoast.com\/product\/yoast-seo-wordpress\/ -->\n<title>Bund: Grosses Potenzial f\u00fcr erneuerbare Energienutzung - Organisator<\/title>\n<meta name=\"description\" content=\"erneuerbare Energienutzung: Bereits heute stammen 88% des Stroms und 40% der W\u00e4rmeenergie, aus erneuerbaren Quellen.\" \/>\n<meta name=\"robots\" content=\"index, follow, max-snippet:-1, max-image-preview:large, max-video-preview:-1\" \/>\n<link rel=\"canonical\" href=\"https:\/\/www.organisator.ch\/it\/sostenibilita\/2016-12-23\/bund-grosses-potenzial-fuer-erneuerbare-energienutzung\/\" \/>\n<meta property=\"og:locale\" content=\"it_IT\" \/>\n<meta property=\"og:type\" content=\"article\" \/>\n<meta property=\"og:title\" content=\"Bund: Grosses Potenzial f\u00fcr erneuerbare Energienutzung - Organisator\" \/>\n<meta property=\"og:description\" content=\"erneuerbare Energienutzung: Bereits heute stammen 88% des Stroms und 40% der W\u00e4rmeenergie, aus erneuerbaren Quellen.\" \/>\n<meta property=\"og:url\" content=\"https:\/\/www.organisator.ch\/it\/sostenibilita\/2016-12-23\/bund-grosses-potenzial-fuer-erneuerbare-energienutzung\/\" \/>\n<meta property=\"og:site_name\" content=\"Organisator\" \/>\n<meta property=\"article:publisher\" content=\"https:\/\/www.facebook.com\/OrganisatorFachmagazin\" \/>\n<meta property=\"article:published_time\" content=\"2016-12-23T15:06:44+00:00\" \/>\n<meta property=\"article:modified_time\" content=\"2022-02-09T10:06:22+00:00\" \/>\n<meta property=\"og:image\" content=\"https:\/\/www.organisator.ch\/wp-content\/uploads\/2017\/01\/Depositphotos_18485293_l-2015-1024x682.jpg\" \/>\n\t<meta property=\"og:image:width\" content=\"1024\" \/>\n\t<meta property=\"og:image:height\" content=\"682\" \/>\n\t<meta property=\"og:image:type\" content=\"image\/jpeg\" \/>\n<meta name=\"author\" content=\"admin\" \/>\n<meta name=\"twitter:card\" content=\"summary_large_image\" \/>\n<script type=\"application\/ld+json\" class=\"yoast-schema-graph\">{\"@context\":\"https:\\\/\\\/schema.org\",\"@graph\":[{\"@type\":\"Article\",\"@id\":\"https:\\\/\\\/www.organisator.ch\\\/sustainability\\\/2016-12-23\\\/bund-grosses-potenzial-fuer-erneuerbare-energienutzung\\\/#article\",\"isPartOf\":{\"@id\":\"https:\\\/\\\/www.organisator.ch\\\/sustainability\\\/2016-12-23\\\/bund-grosses-potenzial-fuer-erneuerbare-energienutzung\\\/\"},\"author\":{\"name\":\"admin\",\"@id\":\"https:\\\/\\\/www.organisator.ch\\\/#\\\/schema\\\/person\\\/aa2bace6c5c5aad60102004a50c4eb1c\"},\"headline\":\"Bund: Grosses Potenzial f\u00fcr erneuerbare Energienutzung\",\"datePublished\":\"2016-12-23T15:06:44+00:00\",\"dateModified\":\"2022-02-09T10:06:22+00:00\",\"mainEntityOfPage\":{\"@id\":\"https:\\\/\\\/www.organisator.ch\\\/sustainability\\\/2016-12-23\\\/bund-grosses-potenzial-fuer-erneuerbare-energienutzung\\\/\"},\"wordCount\":611,\"commentCount\":0,\"publisher\":{\"@id\":\"https:\\\/\\\/www.organisator.ch\\\/#organization\"},\"image\":{\"@id\":\"https:\\\/\\\/www.organisator.ch\\\/sustainability\\\/2016-12-23\\\/bund-grosses-potenzial-fuer-erneuerbare-energienutzung\\\/#primaryimage\"},\"thumbnailUrl\":\"https:\\\/\\\/www.organisator.ch\\\/wp-content\\\/uploads\\\/2017\\\/01\\\/Depositphotos_18485293_l-2015.jpg\",\"keywords\":[\"Bundesamt f\u00fcr Energie\",\"Enerneuerbare Energie\",\"Studie\",\"Studien\"],\"articleSection\":[\"SUSTAINABILITY\"],\"inLanguage\":\"it-IT\"},{\"@type\":\"WebPage\",\"@id\":\"https:\\\/\\\/www.organisator.ch\\\/sustainability\\\/2016-12-23\\\/bund-grosses-potenzial-fuer-erneuerbare-energienutzung\\\/\",\"url\":\"https:\\\/\\\/www.organisator.ch\\\/sustainability\\\/2016-12-23\\\/bund-grosses-potenzial-fuer-erneuerbare-energienutzung\\\/\",\"name\":\"Bund: Grosses Potenzial f\u00fcr erneuerbare Energienutzung - Organisator\",\"isPartOf\":{\"@id\":\"https:\\\/\\\/www.organisator.ch\\\/#website\"},\"primaryImageOfPage\":{\"@id\":\"https:\\\/\\\/www.organisator.ch\\\/sustainability\\\/2016-12-23\\\/bund-grosses-potenzial-fuer-erneuerbare-energienutzung\\\/#primaryimage\"},\"image\":{\"@id\":\"https:\\\/\\\/www.organisator.ch\\\/sustainability\\\/2016-12-23\\\/bund-grosses-potenzial-fuer-erneuerbare-energienutzung\\\/#primaryimage\"},\"thumbnailUrl\":\"https:\\\/\\\/www.organisator.ch\\\/wp-content\\\/uploads\\\/2017\\\/01\\\/Depositphotos_18485293_l-2015.jpg\",\"datePublished\":\"2016-12-23T15:06:44+00:00\",\"dateModified\":\"2022-02-09T10:06:22+00:00\",\"description\":\"erneuerbare Energienutzung: Bereits heute stammen 88% des Stroms und 40% der W\u00e4rmeenergie, aus erneuerbaren Quellen.\",\"breadcrumb\":{\"@id\":\"https:\\\/\\\/www.organisator.ch\\\/sustainability\\\/2016-12-23\\\/bund-grosses-potenzial-fuer-erneuerbare-energienutzung\\\/#breadcrumb\"},\"inLanguage\":\"it-IT\",\"potentialAction\":[{\"@type\":\"ReadAction\",\"target\":[\"https:\\\/\\\/www.organisator.ch\\\/sustainability\\\/2016-12-23\\\/bund-grosses-potenzial-fuer-erneuerbare-energienutzung\\\/\"]}]},{\"@type\":\"ImageObject\",\"inLanguage\":\"it-IT\",\"@id\":\"https:\\\/\\\/www.organisator.ch\\\/sustainability\\\/2016-12-23\\\/bund-grosses-potenzial-fuer-erneuerbare-energienutzung\\\/#primaryimage\",\"url\":\"https:\\\/\\\/www.organisator.ch\\\/wp-content\\\/uploads\\\/2017\\\/01\\\/Depositphotos_18485293_l-2015.jpg\",\"contentUrl\":\"https:\\\/\\\/www.organisator.ch\\\/wp-content\\\/uploads\\\/2017\\\/01\\\/Depositphotos_18485293_l-2015.jpg\",\"width\":2000,\"height\":1333,\"caption\":\"Beim Bund besteht ein grosses Potenzial f\u00fcr die Nutzung erneurbarer Energien.\"},{\"@type\":\"BreadcrumbList\",\"@id\":\"https:\\\/\\\/www.organisator.ch\\\/sustainability\\\/2016-12-23\\\/bund-grosses-potenzial-fuer-erneuerbare-energienutzung\\\/#breadcrumb\",\"itemListElement\":[{\"@type\":\"ListItem\",\"position\":1,\"name\":\"Home\",\"item\":\"https:\\\/\\\/www.organisator.ch\\\/\"},{\"@type\":\"ListItem\",\"position\":2,\"name\":\"Bund: Grosses Potenzial f\u00fcr erneuerbare Energienutzung\"}]},{\"@type\":\"WebSite\",\"@id\":\"https:\\\/\\\/www.organisator.ch\\\/#website\",\"url\":\"https:\\\/\\\/www.organisator.ch\\\/\",\"name\":\"Organisator\",\"description\":\"Kompetent. Praxisnah. Der ORGANISATOR bereitet in 10 Ausgaben pro Jahr die wesentlichen Themen f\u00fcr F\u00fchrungskr\u00e4fte von KMU auf.\",\"publisher\":{\"@id\":\"https:\\\/\\\/www.organisator.ch\\\/#organization\"},\"potentialAction\":[{\"@type\":\"SearchAction\",\"target\":{\"@type\":\"EntryPoint\",\"urlTemplate\":\"https:\\\/\\\/www.organisator.ch\\\/?s={search_term_string}\"},\"query-input\":{\"@type\":\"PropertyValueSpecification\",\"valueRequired\":true,\"valueName\":\"search_term_string\"}}],\"inLanguage\":\"it-IT\"},{\"@type\":\"Organization\",\"@id\":\"https:\\\/\\\/www.organisator.ch\\\/#organization\",\"name\":\"Organisator\",\"url\":\"https:\\\/\\\/www.organisator.ch\\\/\",\"logo\":{\"@type\":\"ImageObject\",\"inLanguage\":\"it-IT\",\"@id\":\"https:\\\/\\\/www.organisator.ch\\\/#\\\/schema\\\/logo\\\/image\\\/\",\"url\":\"https:\\\/\\\/www.organisator.ch\\\/wp-content\\\/uploads\\\/2022\\\/01\\\/Logo_Organisator_Website.png\",\"contentUrl\":\"https:\\\/\\\/www.organisator.ch\\\/wp-content\\\/uploads\\\/2022\\\/01\\\/Logo_Organisator_Website.png\",\"width\":800,\"height\":77,\"caption\":\"Organisator\"},\"image\":{\"@id\":\"https:\\\/\\\/www.organisator.ch\\\/#\\\/schema\\\/logo\\\/image\\\/\"},\"sameAs\":[\"https:\\\/\\\/www.facebook.com\\\/OrganisatorFachmagazin\",\"https:\\\/\\\/www.linkedin.com\\\/showcase\\\/organisator-das-magazin-fr-kmu\",\"https:\\\/\\\/www.xing.com\\\/news\\\/pages\\\/organisator-ch-695\",\"https:\\\/\\\/www.youtube.com\\\/channel\\\/UCGP2Sq0iWaZwT3BdIAQFYpw\"]},{\"@type\":\"Person\",\"@id\":\"https:\\\/\\\/www.organisator.ch\\\/#\\\/schema\\\/person\\\/aa2bace6c5c5aad60102004a50c4eb1c\",\"name\":\"admin\",\"image\":{\"@type\":\"ImageObject\",\"inLanguage\":\"it-IT\",\"@id\":\"https:\\\/\\\/secure.gravatar.com\\\/avatar\\\/ae2f4d718e6c49043e314ce431e7e645d646302a24a5ef5a8bc8e3f5a032e319?s=96&d=mm&r=g\",\"url\":\"https:\\\/\\\/secure.gravatar.com\\\/avatar\\\/ae2f4d718e6c49043e314ce431e7e645d646302a24a5ef5a8bc8e3f5a032e319?s=96&d=mm&r=g\",\"contentUrl\":\"https:\\\/\\\/secure.gravatar.com\\\/avatar\\\/ae2f4d718e6c49043e314ce431e7e645d646302a24a5ef5a8bc8e3f5a032e319?s=96&d=mm&r=g\",\"caption\":\"admin\"},\"sameAs\":[\"https:\\\/\\\/www.organisator.ch\"],\"url\":\"https:\\\/\\\/www.organisator.ch\\\/it\\\/author\\\/admin\\\/\"}]}<\/script>\n<!-- \/ Yoast SEO plugin. -->","yoast_head_json":{"title":"Confederazione: Grande potenziale per lo sfruttamento delle energie rinnovabili - Organizzatore","description":"Uso di energia rinnovabile: gi\u00e0 oggi, 88% dell'elettricit\u00e0 e 40% dell'energia termica provengono da fonti rinnovabili.","robots":{"index":"index","follow":"follow","max-snippet":"max-snippet:-1","max-image-preview":"max-image-preview:large","max-video-preview":"max-video-preview:-1"},"canonical":"https:\/\/www.organisator.ch\/it\/sostenibilita\/2016-12-23\/bund-grosses-potenzial-fuer-erneuerbare-energienutzung\/","og_locale":"it_IT","og_type":"article","og_title":"Bund: Grosses Potenzial f\u00fcr erneuerbare Energienutzung - Organisator","og_description":"erneuerbare Energienutzung: Bereits heute stammen 88% des Stroms und 40% der W\u00e4rmeenergie, aus erneuerbaren Quellen.","og_url":"https:\/\/www.organisator.ch\/it\/sostenibilita\/2016-12-23\/bund-grosses-potenzial-fuer-erneuerbare-energienutzung\/","og_site_name":"Organisator","article_publisher":"https:\/\/www.facebook.com\/OrganisatorFachmagazin","article_published_time":"2016-12-23T15:06:44+00:00","article_modified_time":"2022-02-09T10:06:22+00:00","og_image":[{"width":1024,"height":682,"url":"https:\/\/www.organisator.ch\/wp-content\/uploads\/2017\/01\/Depositphotos_18485293_l-2015-1024x682.jpg","type":"image\/jpeg"}],"author":"admin","twitter_card":"summary_large_image","schema":{"@context":"https:\/\/schema.org","@graph":[{"@type":"Article","@id":"https:\/\/www.organisator.ch\/sustainability\/2016-12-23\/bund-grosses-potenzial-fuer-erneuerbare-energienutzung\/#article","isPartOf":{"@id":"https:\/\/www.organisator.ch\/sustainability\/2016-12-23\/bund-grosses-potenzial-fuer-erneuerbare-energienutzung\/"},"author":{"name":"admin","@id":"https:\/\/www.organisator.ch\/#\/schema\/person\/aa2bace6c5c5aad60102004a50c4eb1c"},"headline":"Bund: Grosses Potenzial f\u00fcr erneuerbare Energienutzung","datePublished":"2016-12-23T15:06:44+00:00","dateModified":"2022-02-09T10:06:22+00:00","mainEntityOfPage":{"@id":"https:\/\/www.organisator.ch\/sustainability\/2016-12-23\/bund-grosses-potenzial-fuer-erneuerbare-energienutzung\/"},"wordCount":611,"commentCount":0,"publisher":{"@id":"https:\/\/www.organisator.ch\/#organization"},"image":{"@id":"https:\/\/www.organisator.ch\/sustainability\/2016-12-23\/bund-grosses-potenzial-fuer-erneuerbare-energienutzung\/#primaryimage"},"thumbnailUrl":"https:\/\/www.organisator.ch\/wp-content\/uploads\/2017\/01\/Depositphotos_18485293_l-2015.jpg","keywords":["Bundesamt f\u00fcr Energie","Enerneuerbare Energie","Studie","Studien"],"articleSection":["SUSTAINABILITY"],"inLanguage":"it-IT"},{"@type":"WebPage","@id":"https:\/\/www.organisator.ch\/sustainability\/2016-12-23\/bund-grosses-potenzial-fuer-erneuerbare-energienutzung\/","url":"https:\/\/www.organisator.ch\/sustainability\/2016-12-23\/bund-grosses-potenzial-fuer-erneuerbare-energienutzung\/","name":"Confederazione: Grande potenziale per lo sfruttamento delle energie rinnovabili - Organizzatore","isPartOf":{"@id":"https:\/\/www.organisator.ch\/#website"},"primaryImageOfPage":{"@id":"https:\/\/www.organisator.ch\/sustainability\/2016-12-23\/bund-grosses-potenzial-fuer-erneuerbare-energienutzung\/#primaryimage"},"image":{"@id":"https:\/\/www.organisator.ch\/sustainability\/2016-12-23\/bund-grosses-potenzial-fuer-erneuerbare-energienutzung\/#primaryimage"},"thumbnailUrl":"https:\/\/www.organisator.ch\/wp-content\/uploads\/2017\/01\/Depositphotos_18485293_l-2015.jpg","datePublished":"2016-12-23T15:06:44+00:00","dateModified":"2022-02-09T10:06:22+00:00","description":"Uso di energia rinnovabile: gi\u00e0 oggi, 88% dell'elettricit\u00e0 e 40% dell'energia termica provengono da fonti rinnovabili.","breadcrumb":{"@id":"https:\/\/www.organisator.ch\/sustainability\/2016-12-23\/bund-grosses-potenzial-fuer-erneuerbare-energienutzung\/#breadcrumb"},"inLanguage":"it-IT","potentialAction":[{"@type":"ReadAction","target":["https:\/\/www.organisator.ch\/sustainability\/2016-12-23\/bund-grosses-potenzial-fuer-erneuerbare-energienutzung\/"]}]},{"@type":"ImageObject","inLanguage":"it-IT","@id":"https:\/\/www.organisator.ch\/sustainability\/2016-12-23\/bund-grosses-potenzial-fuer-erneuerbare-energienutzung\/#primaryimage","url":"https:\/\/www.organisator.ch\/wp-content\/uploads\/2017\/01\/Depositphotos_18485293_l-2015.jpg","contentUrl":"https:\/\/www.organisator.ch\/wp-content\/uploads\/2017\/01\/Depositphotos_18485293_l-2015.jpg","width":2000,"height":1333,"caption":"Beim Bund besteht ein grosses Potenzial f\u00fcr die Nutzung erneurbarer Energien."},{"@type":"BreadcrumbList","@id":"https:\/\/www.organisator.ch\/sustainability\/2016-12-23\/bund-grosses-potenzial-fuer-erneuerbare-energienutzung\/#breadcrumb","itemListElement":[{"@type":"ListItem","position":1,"name":"Home","item":"https:\/\/www.organisator.ch\/"},{"@type":"ListItem","position":2,"name":"Bund: Grosses Potenzial f\u00fcr erneuerbare Energienutzung"}]},{"@type":"WebSite","@id":"https:\/\/www.organisator.ch\/#website","url":"https:\/\/www.organisator.ch\/","name":"Organizzatore","description":"Competente. Pratico. In 10 numeri all'anno, ORGANISATOR presenta i temi essenziali per i manager delle PMI.","publisher":{"@id":"https:\/\/www.organisator.ch\/#organization"},"potentialAction":[{"@type":"SearchAction","target":{"@type":"EntryPoint","urlTemplate":"https:\/\/www.organisator.ch\/?s={search_term_string}"},"query-input":{"@type":"PropertyValueSpecification","valueRequired":true,"valueName":"search_term_string"}}],"inLanguage":"it-IT"},{"@type":"Organization","@id":"https:\/\/www.organisator.ch\/#organization","name":"Organizzatore","url":"https:\/\/www.organisator.ch\/","logo":{"@type":"ImageObject","inLanguage":"it-IT","@id":"https:\/\/www.organisator.ch\/#\/schema\/logo\/image\/","url":"https:\/\/www.organisator.ch\/wp-content\/uploads\/2022\/01\/Logo_Organisator_Website.png","contentUrl":"https:\/\/www.organisator.ch\/wp-content\/uploads\/2022\/01\/Logo_Organisator_Website.png","width":800,"height":77,"caption":"Organisator"},"image":{"@id":"https:\/\/www.organisator.ch\/#\/schema\/logo\/image\/"},"sameAs":["https:\/\/www.facebook.com\/OrganisatorFachmagazin","https:\/\/www.linkedin.com\/showcase\/organisator-das-magazin-fr-kmu","https:\/\/www.xing.com\/news\/pages\/organisator-ch-695","https:\/\/www.youtube.com\/channel\/UCGP2Sq0iWaZwT3BdIAQFYpw"]},{"@type":"Person","@id":"https:\/\/www.organisator.ch\/#\/schema\/person\/aa2bace6c5c5aad60102004a50c4eb1c","name":"amministratore","image":{"@type":"ImageObject","inLanguage":"it-IT","@id":"https:\/\/secure.gravatar.com\/avatar\/ae2f4d718e6c49043e314ce431e7e645d646302a24a5ef5a8bc8e3f5a032e319?s=96&d=mm&r=g","url":"https:\/\/secure.gravatar.com\/avatar\/ae2f4d718e6c49043e314ce431e7e645d646302a24a5ef5a8bc8e3f5a032e319?s=96&d=mm&r=g","contentUrl":"https:\/\/secure.gravatar.com\/avatar\/ae2f4d718e6c49043e314ce431e7e645d646302a24a5ef5a8bc8e3f5a032e319?s=96&d=mm&r=g","caption":"admin"},"sameAs":["https:\/\/www.organisator.ch"],"url":"https:\/\/www.organisator.ch\/it\/author\/admin\/"}]}},"_links":{"self":[{"href":"https:\/\/www.organisator.ch\/it\/wp-json\/wp\/v2\/posts\/635","targetHints":{"allow":["GET"]}}],"collection":[{"href":"https:\/\/www.organisator.ch\/it\/wp-json\/wp\/v2\/posts"}],"about":[{"href":"https:\/\/www.organisator.ch\/it\/wp-json\/wp\/v2\/types\/post"}],"author":[{"embeddable":true,"href":"https:\/\/www.organisator.ch\/it\/wp-json\/wp\/v2\/users\/1"}],"replies":[{"embeddable":true,"href":"https:\/\/www.organisator.ch\/it\/wp-json\/wp\/v2\/comments?post=635"}],"version-history":[{"count":1,"href":"https:\/\/www.organisator.ch\/it\/wp-json\/wp\/v2\/posts\/635\/revisions"}],"predecessor-version":[{"id":10599,"href":"https:\/\/www.organisator.ch\/it\/wp-json\/wp\/v2\/posts\/635\/revisions\/10599"}],"wp:featuredmedia":[{"embeddable":true,"href":"https:\/\/www.organisator.ch\/it\/wp-json\/wp\/v2\/media\/636"}],"wp:attachment":[{"href":"https:\/\/www.organisator.ch\/it\/wp-json\/wp\/v2\/media?parent=635"}],"wp:term":[{"taxonomy":"category","embeddable":true,"href":"https:\/\/www.organisator.ch\/it\/wp-json\/wp\/v2\/categories?post=635"},{"taxonomy":"post_tag","embeddable":true,"href":"https:\/\/www.organisator.ch\/it\/wp-json\/wp\/v2\/tags?post=635"}],"curies":[{"name":"wp","href":"https:\/\/api.w.org\/{rel}","templated":true}]}}