{"id":638,"date":"2016-10-20T13:53:06","date_gmt":"2016-10-20T11:53:06","guid":{"rendered":"http:\/\/dev.organisator.ch\/?p=638"},"modified":"2016-10-20T13:53:06","modified_gmt":"2016-10-20T11:53:06","slug":"betriebsstoerungen-durchschn-20-tage-gehen-pro-jahr-in-die-binsen","status":"publish","type":"post","link":"https:\/\/www.organisator.ch\/it\/allgemein\/2016-10-20\/betriebsstoerungen-durchschn-20-tage-gehen-pro-jahr-in-die-binsen\/","title":{"rendered":"Guasti: Una media di 20 giorni di guasti all'anno"},"content":{"rendered":"<figure id=\"attachment_639\" aria-describedby=\"caption-attachment-639\" style=\"width: 427px\" class=\"wp-caption alignnone\"><img loading=\"lazy\" decoding=\"async\" class=\"size-full wp-image-639\" src=\"https:\/\/www.organisator.ch\/wp-content\/uploads\/2016\/12\/Betriebsstoerungen-Durchschn.-20-Tage-gehen-pro-Jahr-in-die-Binsen-organisator.jpg\" alt=\"\" width=\"427\" height=\"640\" srcset=\"https:\/\/www.organisator.ch\/wp-content\/uploads\/2016\/12\/Betriebsstoerungen-Durchschn.-20-Tage-gehen-pro-Jahr-in-die-Binsen-organisator.jpg 427w, https:\/\/www.organisator.ch\/wp-content\/uploads\/2016\/12\/Betriebsstoerungen-Durchschn.-20-Tage-gehen-pro-Jahr-in-die-Binsen-organisator-8x12.jpg 8w, https:\/\/www.organisator.ch\/wp-content\/uploads\/2016\/12\/Betriebsstoerungen-Durchschn.-20-Tage-gehen-pro-Jahr-in-die-Binsen-organisator-117x175.jpg 117w, https:\/\/www.organisator.ch\/wp-content\/uploads\/2016\/12\/Betriebsstoerungen-Durchschn.-20-Tage-gehen-pro-Jahr-in-die-Binsen-organisator-234x350.jpg 234w, https:\/\/www.organisator.ch\/wp-content\/uploads\/2016\/12\/Betriebsstoerungen-Durchschn.-20-Tage-gehen-pro-Jahr-in-die-Binsen-organisator-300x450.jpg 300w\" sizes=\"auto, (max-width: 427px) 100vw, 427px\" \/><figcaption id=\"caption-attachment-639\" class=\"wp-caption-text\">I malfunzionamenti non possono sempre essere risolti con un martello. Gli impiegati devono aspettare fino a 38 minuti al giorno per ricevere aiuto.<\/figcaption><\/figure>\n<p>Secondo lo studio, che \u00e8 stato condotto tra 6.045 impiegati in nove paesi europei, l'attrezzatura tecnica \u00e8 uno dei maggiori sprechi di tempo in ufficio. Secondo lo studio, gli impiegati tedeschi perdono circa 10.000 minuti o 20 giorni lavorativi all'anno perch\u00e9 l'attrezzatura tecnica in ufficio li blocca invece di accelerare il loro lavoro.<\/p>\n<p>Per esempio, gli impiegati passano una media di 22 minuti al giorno a cercare nella rete della loro azienda documenti e immagini difficili da trovare. 8 minuti sono passati ad aspettare che le stampanti si avviino e si riscaldino. La stampa dei documenti richiede altri 9 minuti.<\/p>\n<p>In totale, gli impiegati in Germania devono lasciare inutilizzati circa 38 minuti della loro giornata lavorativa!<\/p>\n<p><strong>Incertezza nel funzionamento<\/strong><\/p>\n<p>Questa perdita di tempo ha varie cause. Per i dipendenti tedeschi, un sistema di archiviazione dei documenti confuso \u00e8 il problema pi\u00f9 serio: il 31% degli intervistati dice di perdere tempo perch\u00e9 i documenti non sono facili da trovare o condividere. Il 25 per cento si lamenta di tecnologie obsolete che rendono difficile lavorare in modo efficiente.<\/p>\n<p>Un sacco di tempo viene speso anche dai colleghi che cercano di aiutarsi a vicenda. Per esempio, il 25 per cento degli intervistati dice di aiutare occasionalmente i propri colleghi ad usare stampanti e scanner. Il 23% istruisce i propri colleghi sul funzionamento della tecnologia di videoconferenza. Ben il 21% degli impiegati ammette di non sapere come funzionano i dispositivi.<\/p>\n<p><strong>Effetto collaterale: demotivazione \u00a0<\/strong><\/p>\n<p>Il ritardo causato dai problemi tecnici non solo influisce sull'efficienza dei dipendenti, ma ha anche un impatto significativo sulla loro soddisfazione per il loro lavoro. Per esempio, il 52% degli intervistati dice che sarebbe pi\u00f9 produttivo con una tecnologia pi\u00f9 aggiornata. Il 42% \u00e8 sicuro che la sua motivazione aumenterebbe e il 16% sospetta addirittura che si sentirebbe pi\u00f9 legato al suo datore di lavoro e smetterebbe di cercare un nuovo lavoro.<\/p>\n<p>\"Con una tecnologia obsoleta, difettosa e complicata, le aziende rischiano di rallentare i processi lavorativi, di perdere profitti e persino di perdere dipendenti preziosi\", commenta Alexander Hermann Vice Presidente Information Systems Europe di Sharp. \"\u00c8 ora che riconoscano l'importanza di una tecnologia aggiornata e intelligente che si adatti alle esigenze in continua evoluzione della loro forza lavoro. La tecnologia giusta non solo aumenta l'efficienza dei team. Aumenta anche il divertimento sul lavoro e l'attrattiva del datore di lavoro\".<\/p>\n<p>Maggiori informazioni sui risultati paneuropei possono essere trovate a questo <a href=\"http:\/\/www.sharp.de\/Unlock\" target=\"_blank\" rel=\"noreferrer noopener\" data-cke-saved-href=\"http:\/\/www.sharp.de\/Unlock\">Link<\/a><\/p>","protected":false},"excerpt":{"rendered":"<p>Laut der Studie, die unter 6\u2018045 B\u00fcrokr\u00e4ften in neun L\u00e4ndern Europas durchgef\u00fchrt wurde, z\u00e4hlt die technische Ausstattung zu den gr\u00f6ssten Zeitfressern im B\u00fcro. Demnach verlieren deutsche B\u00fcroangestellte j\u00e4hrlich gegen 10\u2018000 Minuten oder 20 Arbeitstage pro Jahr, weil die technische Ausstattung im B\u00fcro sie aufh\u00e4lt, anstatt ihre Arbeit zu beschleunigen. So verbringen B\u00fcrokr\u00e4fte pro Tag durchschnittlich [&hellip;]<\/p>\n","protected":false},"author":1,"featured_media":639,"comment_status":"open","ping_status":"open","sticky":false,"template":"","format":"standard","meta":{"_acf_changed":false,"_yoast_wpseo_focuskw":"Betriebsst\u00f6rungen","_yoast_wpseo_metadesc":"B\u00fcroangestellte verlieren viel Zeit dadurch, dass sie sich mit fehlerhafter, langsamer oder komplizierter Technik auseinandersetzen m\u00fcssen.","articlekey":"","footnotes":""},"categories":[1],"tags":[459],"class_list":["post-638","post","type-post","status-publish","format-standard","has-post-thumbnail","hentry","category-allgemein","tag-studie"],"acf":[],"yoast_head":"<!-- This site is optimized with the Yoast SEO plugin v27.5 - https:\/\/yoast.com\/product\/yoast-seo-wordpress\/ -->\n<title>Betriebsst\u00f6rungen: Durchschn. 20 Tage gehen pro Jahr in die Binsen - Organisator<\/title>\n<meta name=\"description\" content=\"B\u00fcroangestellte verlieren viel Zeit dadurch, dass sie sich mit fehlerhafter, langsamer oder komplizierter Technik auseinandersetzen m\u00fcssen.\" \/>\n<meta name=\"robots\" content=\"index, follow, max-snippet:-1, max-image-preview:large, max-video-preview:-1\" \/>\n<link rel=\"canonical\" href=\"https:\/\/www.organisator.ch\/it\/generale\/2016-10-20\/betriebsstoerungen-durchschn-20-tage-gehen-pro-jahr-in-die-binsen\/\" \/>\n<meta property=\"og:locale\" content=\"it_IT\" \/>\n<meta property=\"og:type\" content=\"article\" \/>\n<meta property=\"og:title\" content=\"Betriebsst\u00f6rungen: Durchschn. 20 Tage gehen pro Jahr in die Binsen\" \/>\n<meta property=\"og:description\" content=\"Im Idealfall unterst\u00fctzt die technische Ausstattung im B\u00fcro den Angestellten darin, seine Aufgaben schneller und effizienter abzuarbeiten. Die Realit\u00e4t sieht jedoch oft anders aus: B\u00fcroangestellte verlieren viel Zeit dadurch, dass sie sich mit fehlerhafter, langsamer oder komplizierter Technik auseinandersetzen m\u00fcssen. Dies ergab eine Studie von Sharp Business Systems in Zusammenarbeit mit dem Marktforschungsinstitut Censuswide.\" \/>\n<meta property=\"og:url\" content=\"https:\/\/www.organisator.ch\/it\/generale\/2016-10-20\/betriebsstoerungen-durchschn-20-tage-gehen-pro-jahr-in-die-binsen\/\" \/>\n<meta property=\"og:site_name\" content=\"Organisator\" \/>\n<meta property=\"article:publisher\" content=\"https:\/\/www.facebook.com\/OrganisatorFachmagazin\" \/>\n<meta property=\"article:published_time\" content=\"2016-10-20T11:53:06+00:00\" \/>\n<meta property=\"og:image\" content=\"https:\/\/www.organisator.ch\/wp-content\/uploads\/2016\/12\/Betriebsstoerungen-Durchschn.-20-Tage-gehen-pro-Jahr-in-die-Binsen-organisator.jpg\" \/>\n\t<meta property=\"og:image:width\" content=\"427\" \/>\n\t<meta property=\"og:image:height\" content=\"640\" \/>\n\t<meta property=\"og:image:type\" content=\"image\/jpeg\" \/>\n<meta name=\"author\" content=\"admin\" \/>\n<meta name=\"twitter:card\" content=\"summary_large_image\" \/>\n<script type=\"application\/ld+json\" class=\"yoast-schema-graph\">{\"@context\":\"https:\\\/\\\/schema.org\",\"@graph\":[{\"@type\":\"Article\",\"@id\":\"https:\\\/\\\/www.organisator.ch\\\/it\\\/generale\\\/2016-10-20\\\/betriebsstoerungen-durchschn-20-tage-gehen-pro-jahr-in-die-binsen\\\/#article\",\"isPartOf\":{\"@id\":\"https:\\\/\\\/www.organisator.ch\\\/it\\\/generale\\\/2016-10-20\\\/betriebsstoerungen-durchschn-20-tage-gehen-pro-jahr-in-die-binsen\\\/\"},\"author\":{\"name\":\"admin\",\"@id\":\"https:\\\/\\\/www.organisator.ch\\\/#\\\/schema\\\/person\\\/aa2bace6c5c5aad60102004a50c4eb1c\"},\"headline\":\"Betriebsst\u00f6rungen: Durchschn. 20 Tage gehen pro Jahr in die Binsen\",\"datePublished\":\"2016-10-20T11:53:06+00:00\",\"mainEntityOfPage\":{\"@id\":\"https:\\\/\\\/www.organisator.ch\\\/it\\\/generale\\\/2016-10-20\\\/betriebsstoerungen-durchschn-20-tage-gehen-pro-jahr-in-die-binsen\\\/\"},\"wordCount\":430,\"commentCount\":0,\"publisher\":{\"@id\":\"https:\\\/\\\/www.organisator.ch\\\/#organization\"},\"image\":{\"@id\":\"https:\\\/\\\/www.organisator.ch\\\/it\\\/generale\\\/2016-10-20\\\/betriebsstoerungen-durchschn-20-tage-gehen-pro-jahr-in-die-binsen\\\/#primaryimage\"},\"thumbnailUrl\":\"https:\\\/\\\/www.organisator.ch\\\/wp-content\\\/uploads\\\/2016\\\/12\\\/Betriebsstoerungen-Durchschn.-20-Tage-gehen-pro-Jahr-in-die-Binsen-organisator.jpg\",\"keywords\":[\"Studie\"],\"articleSection\":[\"Allgemein\"],\"inLanguage\":\"it-IT\"},{\"@type\":\"WebPage\",\"@id\":\"https:\\\/\\\/www.organisator.ch\\\/it\\\/generale\\\/2016-10-20\\\/betriebsstoerungen-durchschn-20-tage-gehen-pro-jahr-in-die-binsen\\\/\",\"url\":\"https:\\\/\\\/www.organisator.ch\\\/it\\\/generale\\\/2016-10-20\\\/betriebsstoerungen-durchschn-20-tage-gehen-pro-jahr-in-die-binsen\\\/\",\"name\":\"Betriebsst\u00f6rungen: Durchschn. 20 Tage gehen pro Jahr in die Binsen - Organisator\",\"isPartOf\":{\"@id\":\"https:\\\/\\\/www.organisator.ch\\\/#website\"},\"primaryImageOfPage\":{\"@id\":\"https:\\\/\\\/www.organisator.ch\\\/it\\\/generale\\\/2016-10-20\\\/betriebsstoerungen-durchschn-20-tage-gehen-pro-jahr-in-die-binsen\\\/#primaryimage\"},\"image\":{\"@id\":\"https:\\\/\\\/www.organisator.ch\\\/it\\\/generale\\\/2016-10-20\\\/betriebsstoerungen-durchschn-20-tage-gehen-pro-jahr-in-die-binsen\\\/#primaryimage\"},\"thumbnailUrl\":\"https:\\\/\\\/www.organisator.ch\\\/wp-content\\\/uploads\\\/2016\\\/12\\\/Betriebsstoerungen-Durchschn.-20-Tage-gehen-pro-Jahr-in-die-Binsen-organisator.jpg\",\"datePublished\":\"2016-10-20T11:53:06+00:00\",\"description\":\"B\u00fcroangestellte verlieren viel Zeit dadurch, dass sie sich mit fehlerhafter, langsamer oder komplizierter Technik auseinandersetzen m\u00fcssen.\",\"breadcrumb\":{\"@id\":\"https:\\\/\\\/www.organisator.ch\\\/it\\\/generale\\\/2016-10-20\\\/betriebsstoerungen-durchschn-20-tage-gehen-pro-jahr-in-die-binsen\\\/#breadcrumb\"},\"inLanguage\":\"it-IT\",\"potentialAction\":[{\"@type\":\"ReadAction\",\"target\":[\"https:\\\/\\\/www.organisator.ch\\\/it\\\/generale\\\/2016-10-20\\\/betriebsstoerungen-durchschn-20-tage-gehen-pro-jahr-in-die-binsen\\\/\"]}]},{\"@type\":\"ImageObject\",\"inLanguage\":\"it-IT\",\"@id\":\"https:\\\/\\\/www.organisator.ch\\\/it\\\/generale\\\/2016-10-20\\\/betriebsstoerungen-durchschn-20-tage-gehen-pro-jahr-in-die-binsen\\\/#primaryimage\",\"url\":\"https:\\\/\\\/www.organisator.ch\\\/wp-content\\\/uploads\\\/2016\\\/12\\\/Betriebsstoerungen-Durchschn.-20-Tage-gehen-pro-Jahr-in-die-Binsen-organisator.jpg\",\"contentUrl\":\"https:\\\/\\\/www.organisator.ch\\\/wp-content\\\/uploads\\\/2016\\\/12\\\/Betriebsstoerungen-Durchschn.-20-Tage-gehen-pro-Jahr-in-die-Binsen-organisator.jpg\",\"width\":427,\"height\":640,\"caption\":\"Nicht immer lassen sich St\u00f6rungen mit einem Hammer beheben. Bis zu 38 Min. t\u00e4glich m\u00fcssen B\u00fcroangestellte auf Hilfe warten.\"},{\"@type\":\"BreadcrumbList\",\"@id\":\"https:\\\/\\\/www.organisator.ch\\\/it\\\/generale\\\/2016-10-20\\\/betriebsstoerungen-durchschn-20-tage-gehen-pro-jahr-in-die-binsen\\\/#breadcrumb\",\"itemListElement\":[{\"@type\":\"ListItem\",\"position\":1,\"name\":\"Home\",\"item\":\"https:\\\/\\\/www.organisator.ch\\\/\"},{\"@type\":\"ListItem\",\"position\":2,\"name\":\"Betriebsst\u00f6rungen: Durchschn. 20 Tage gehen pro Jahr in die Binsen\"}]},{\"@type\":\"WebSite\",\"@id\":\"https:\\\/\\\/www.organisator.ch\\\/#website\",\"url\":\"https:\\\/\\\/www.organisator.ch\\\/\",\"name\":\"Organisator\",\"description\":\"Kompetent. Praxisnah. Der ORGANISATOR bereitet in 10 Ausgaben pro Jahr die wesentlichen Themen f\u00fcr F\u00fchrungskr\u00e4fte von KMU auf.\",\"publisher\":{\"@id\":\"https:\\\/\\\/www.organisator.ch\\\/#organization\"},\"potentialAction\":[{\"@type\":\"SearchAction\",\"target\":{\"@type\":\"EntryPoint\",\"urlTemplate\":\"https:\\\/\\\/www.organisator.ch\\\/?s={search_term_string}\"},\"query-input\":{\"@type\":\"PropertyValueSpecification\",\"valueRequired\":true,\"valueName\":\"search_term_string\"}}],\"inLanguage\":\"it-IT\"},{\"@type\":\"Organization\",\"@id\":\"https:\\\/\\\/www.organisator.ch\\\/#organization\",\"name\":\"Organisator\",\"url\":\"https:\\\/\\\/www.organisator.ch\\\/\",\"logo\":{\"@type\":\"ImageObject\",\"inLanguage\":\"it-IT\",\"@id\":\"https:\\\/\\\/www.organisator.ch\\\/#\\\/schema\\\/logo\\\/image\\\/\",\"url\":\"https:\\\/\\\/www.organisator.ch\\\/wp-content\\\/uploads\\\/2022\\\/01\\\/Logo_Organisator_Website.png\",\"contentUrl\":\"https:\\\/\\\/www.organisator.ch\\\/wp-content\\\/uploads\\\/2022\\\/01\\\/Logo_Organisator_Website.png\",\"width\":800,\"height\":77,\"caption\":\"Organisator\"},\"image\":{\"@id\":\"https:\\\/\\\/www.organisator.ch\\\/#\\\/schema\\\/logo\\\/image\\\/\"},\"sameAs\":[\"https:\\\/\\\/www.facebook.com\\\/OrganisatorFachmagazin\",\"https:\\\/\\\/www.linkedin.com\\\/showcase\\\/organisator-das-magazin-fr-kmu\",\"https:\\\/\\\/www.xing.com\\\/news\\\/pages\\\/organisator-ch-695\",\"https:\\\/\\\/www.youtube.com\\\/channel\\\/UCGP2Sq0iWaZwT3BdIAQFYpw\"]},{\"@type\":\"Person\",\"@id\":\"https:\\\/\\\/www.organisator.ch\\\/#\\\/schema\\\/person\\\/aa2bace6c5c5aad60102004a50c4eb1c\",\"name\":\"admin\",\"image\":{\"@type\":\"ImageObject\",\"inLanguage\":\"it-IT\",\"@id\":\"https:\\\/\\\/secure.gravatar.com\\\/avatar\\\/ae2f4d718e6c49043e314ce431e7e645d646302a24a5ef5a8bc8e3f5a032e319?s=96&d=mm&r=g\",\"url\":\"https:\\\/\\\/secure.gravatar.com\\\/avatar\\\/ae2f4d718e6c49043e314ce431e7e645d646302a24a5ef5a8bc8e3f5a032e319?s=96&d=mm&r=g\",\"contentUrl\":\"https:\\\/\\\/secure.gravatar.com\\\/avatar\\\/ae2f4d718e6c49043e314ce431e7e645d646302a24a5ef5a8bc8e3f5a032e319?s=96&d=mm&r=g\",\"caption\":\"admin\"},\"sameAs\":[\"https:\\\/\\\/www.organisator.ch\"],\"url\":\"https:\\\/\\\/www.organisator.ch\\\/it\\\/author\\\/admin\\\/\"}]}<\/script>\n<!-- \/ Yoast SEO plugin. -->","yoast_head_json":{"title":"Ripartizioni: In media, 20 giorni all'anno vanno male - Organizzatore","description":"Gli impiegati perdono molto tempo a causa della tecnologia difettosa, lenta o complicata.","robots":{"index":"index","follow":"follow","max-snippet":"max-snippet:-1","max-image-preview":"max-image-preview:large","max-video-preview":"max-video-preview:-1"},"canonical":"https:\/\/www.organisator.ch\/it\/generale\/2016-10-20\/betriebsstoerungen-durchschn-20-tage-gehen-pro-jahr-in-die-binsen\/","og_locale":"it_IT","og_type":"article","og_title":"Betriebsst\u00f6rungen: Durchschn. 20 Tage gehen pro Jahr in die Binsen","og_description":"Im Idealfall unterst\u00fctzt die technische Ausstattung im B\u00fcro den Angestellten darin, seine Aufgaben schneller und effizienter abzuarbeiten. Die Realit\u00e4t sieht jedoch oft anders aus: B\u00fcroangestellte verlieren viel Zeit dadurch, dass sie sich mit fehlerhafter, langsamer oder komplizierter Technik auseinandersetzen m\u00fcssen. Dies ergab eine Studie von Sharp Business Systems in Zusammenarbeit mit dem Marktforschungsinstitut Censuswide.","og_url":"https:\/\/www.organisator.ch\/it\/generale\/2016-10-20\/betriebsstoerungen-durchschn-20-tage-gehen-pro-jahr-in-die-binsen\/","og_site_name":"Organisator","article_publisher":"https:\/\/www.facebook.com\/OrganisatorFachmagazin","article_published_time":"2016-10-20T11:53:06+00:00","og_image":[{"width":427,"height":640,"url":"https:\/\/www.organisator.ch\/wp-content\/uploads\/2016\/12\/Betriebsstoerungen-Durchschn.-20-Tage-gehen-pro-Jahr-in-die-Binsen-organisator.jpg","type":"image\/jpeg"}],"author":"admin","twitter_card":"summary_large_image","schema":{"@context":"https:\/\/schema.org","@graph":[{"@type":"Article","@id":"https:\/\/www.organisator.ch\/it\/generale\/2016-10-20\/betriebsstoerungen-durchschn-20-tage-gehen-pro-jahr-in-die-binsen\/#article","isPartOf":{"@id":"https:\/\/www.organisator.ch\/it\/generale\/2016-10-20\/betriebsstoerungen-durchschn-20-tage-gehen-pro-jahr-in-die-binsen\/"},"author":{"name":"admin","@id":"https:\/\/www.organisator.ch\/#\/schema\/person\/aa2bace6c5c5aad60102004a50c4eb1c"},"headline":"Betriebsst\u00f6rungen: Durchschn. 20 Tage gehen pro Jahr in die Binsen","datePublished":"2016-10-20T11:53:06+00:00","mainEntityOfPage":{"@id":"https:\/\/www.organisator.ch\/it\/generale\/2016-10-20\/betriebsstoerungen-durchschn-20-tage-gehen-pro-jahr-in-die-binsen\/"},"wordCount":430,"commentCount":0,"publisher":{"@id":"https:\/\/www.organisator.ch\/#organization"},"image":{"@id":"https:\/\/www.organisator.ch\/it\/generale\/2016-10-20\/betriebsstoerungen-durchschn-20-tage-gehen-pro-jahr-in-die-binsen\/#primaryimage"},"thumbnailUrl":"https:\/\/www.organisator.ch\/wp-content\/uploads\/2016\/12\/Betriebsstoerungen-Durchschn.-20-Tage-gehen-pro-Jahr-in-die-Binsen-organisator.jpg","keywords":["Studie"],"articleSection":["Allgemein"],"inLanguage":"it-IT"},{"@type":"WebPage","@id":"https:\/\/www.organisator.ch\/it\/generale\/2016-10-20\/betriebsstoerungen-durchschn-20-tage-gehen-pro-jahr-in-die-binsen\/","url":"https:\/\/www.organisator.ch\/it\/generale\/2016-10-20\/betriebsstoerungen-durchschn-20-tage-gehen-pro-jahr-in-die-binsen\/","name":"Ripartizioni: In media, 20 giorni all'anno vanno male - Organizzatore","isPartOf":{"@id":"https:\/\/www.organisator.ch\/#website"},"primaryImageOfPage":{"@id":"https:\/\/www.organisator.ch\/it\/generale\/2016-10-20\/betriebsstoerungen-durchschn-20-tage-gehen-pro-jahr-in-die-binsen\/#primaryimage"},"image":{"@id":"https:\/\/www.organisator.ch\/it\/generale\/2016-10-20\/betriebsstoerungen-durchschn-20-tage-gehen-pro-jahr-in-die-binsen\/#primaryimage"},"thumbnailUrl":"https:\/\/www.organisator.ch\/wp-content\/uploads\/2016\/12\/Betriebsstoerungen-Durchschn.-20-Tage-gehen-pro-Jahr-in-die-Binsen-organisator.jpg","datePublished":"2016-10-20T11:53:06+00:00","description":"Gli impiegati perdono molto tempo a causa della tecnologia difettosa, lenta o complicata.","breadcrumb":{"@id":"https:\/\/www.organisator.ch\/it\/generale\/2016-10-20\/betriebsstoerungen-durchschn-20-tage-gehen-pro-jahr-in-die-binsen\/#breadcrumb"},"inLanguage":"it-IT","potentialAction":[{"@type":"ReadAction","target":["https:\/\/www.organisator.ch\/it\/generale\/2016-10-20\/betriebsstoerungen-durchschn-20-tage-gehen-pro-jahr-in-die-binsen\/"]}]},{"@type":"ImageObject","inLanguage":"it-IT","@id":"https:\/\/www.organisator.ch\/it\/generale\/2016-10-20\/betriebsstoerungen-durchschn-20-tage-gehen-pro-jahr-in-die-binsen\/#primaryimage","url":"https:\/\/www.organisator.ch\/wp-content\/uploads\/2016\/12\/Betriebsstoerungen-Durchschn.-20-Tage-gehen-pro-Jahr-in-die-Binsen-organisator.jpg","contentUrl":"https:\/\/www.organisator.ch\/wp-content\/uploads\/2016\/12\/Betriebsstoerungen-Durchschn.-20-Tage-gehen-pro-Jahr-in-die-Binsen-organisator.jpg","width":427,"height":640,"caption":"Nicht immer lassen sich St\u00f6rungen mit einem Hammer beheben. Bis zu 38 Min. t\u00e4glich m\u00fcssen B\u00fcroangestellte auf Hilfe warten."},{"@type":"BreadcrumbList","@id":"https:\/\/www.organisator.ch\/it\/generale\/2016-10-20\/betriebsstoerungen-durchschn-20-tage-gehen-pro-jahr-in-die-binsen\/#breadcrumb","itemListElement":[{"@type":"ListItem","position":1,"name":"Home","item":"https:\/\/www.organisator.ch\/"},{"@type":"ListItem","position":2,"name":"Betriebsst\u00f6rungen: Durchschn. 20 Tage gehen pro Jahr in die Binsen"}]},{"@type":"WebSite","@id":"https:\/\/www.organisator.ch\/#website","url":"https:\/\/www.organisator.ch\/","name":"Organizzatore","description":"Competente. Pratico. In 10 numeri all'anno, ORGANISATOR presenta i temi essenziali per i manager delle PMI.","publisher":{"@id":"https:\/\/www.organisator.ch\/#organization"},"potentialAction":[{"@type":"SearchAction","target":{"@type":"EntryPoint","urlTemplate":"https:\/\/www.organisator.ch\/?s={search_term_string}"},"query-input":{"@type":"PropertyValueSpecification","valueRequired":true,"valueName":"search_term_string"}}],"inLanguage":"it-IT"},{"@type":"Organization","@id":"https:\/\/www.organisator.ch\/#organization","name":"Organizzatore","url":"https:\/\/www.organisator.ch\/","logo":{"@type":"ImageObject","inLanguage":"it-IT","@id":"https:\/\/www.organisator.ch\/#\/schema\/logo\/image\/","url":"https:\/\/www.organisator.ch\/wp-content\/uploads\/2022\/01\/Logo_Organisator_Website.png","contentUrl":"https:\/\/www.organisator.ch\/wp-content\/uploads\/2022\/01\/Logo_Organisator_Website.png","width":800,"height":77,"caption":"Organisator"},"image":{"@id":"https:\/\/www.organisator.ch\/#\/schema\/logo\/image\/"},"sameAs":["https:\/\/www.facebook.com\/OrganisatorFachmagazin","https:\/\/www.linkedin.com\/showcase\/organisator-das-magazin-fr-kmu","https:\/\/www.xing.com\/news\/pages\/organisator-ch-695","https:\/\/www.youtube.com\/channel\/UCGP2Sq0iWaZwT3BdIAQFYpw"]},{"@type":"Person","@id":"https:\/\/www.organisator.ch\/#\/schema\/person\/aa2bace6c5c5aad60102004a50c4eb1c","name":"amministratore","image":{"@type":"ImageObject","inLanguage":"it-IT","@id":"https:\/\/secure.gravatar.com\/avatar\/ae2f4d718e6c49043e314ce431e7e645d646302a24a5ef5a8bc8e3f5a032e319?s=96&d=mm&r=g","url":"https:\/\/secure.gravatar.com\/avatar\/ae2f4d718e6c49043e314ce431e7e645d646302a24a5ef5a8bc8e3f5a032e319?s=96&d=mm&r=g","contentUrl":"https:\/\/secure.gravatar.com\/avatar\/ae2f4d718e6c49043e314ce431e7e645d646302a24a5ef5a8bc8e3f5a032e319?s=96&d=mm&r=g","caption":"admin"},"sameAs":["https:\/\/www.organisator.ch"],"url":"https:\/\/www.organisator.ch\/it\/author\/admin\/"}]}},"_links":{"self":[{"href":"https:\/\/www.organisator.ch\/it\/wp-json\/wp\/v2\/posts\/638","targetHints":{"allow":["GET"]}}],"collection":[{"href":"https:\/\/www.organisator.ch\/it\/wp-json\/wp\/v2\/posts"}],"about":[{"href":"https:\/\/www.organisator.ch\/it\/wp-json\/wp\/v2\/types\/post"}],"author":[{"embeddable":true,"href":"https:\/\/www.organisator.ch\/it\/wp-json\/wp\/v2\/users\/1"}],"replies":[{"embeddable":true,"href":"https:\/\/www.organisator.ch\/it\/wp-json\/wp\/v2\/comments?post=638"}],"version-history":[{"count":0,"href":"https:\/\/www.organisator.ch\/it\/wp-json\/wp\/v2\/posts\/638\/revisions"}],"wp:featuredmedia":[{"embeddable":true,"href":"https:\/\/www.organisator.ch\/it\/wp-json\/wp\/v2\/media\/639"}],"wp:attachment":[{"href":"https:\/\/www.organisator.ch\/it\/wp-json\/wp\/v2\/media?parent=638"}],"wp:term":[{"taxonomy":"category","embeddable":true,"href":"https:\/\/www.organisator.ch\/it\/wp-json\/wp\/v2\/categories?post=638"},{"taxonomy":"post_tag","embeddable":true,"href":"https:\/\/www.organisator.ch\/it\/wp-json\/wp\/v2\/tags?post=638"}],"curies":[{"name":"wp","href":"https:\/\/api.w.org\/{rel}","templated":true}]}}