{"id":6387,"date":"2020-02-27T08:26:50","date_gmt":"2020-02-27T07:26:50","guid":{"rendered":"https:\/\/www.organisator.ch\/?p=6387"},"modified":"2020-02-27T08:26:50","modified_gmt":"2020-02-27T07:26:50","slug":"sourcing-markt-in-dach-verharrt-auf-hohem-niveau","status":"publish","type":"post","link":"https:\/\/www.organisator.ch\/it\/management\/2020-02-27\/sourcing-markt-in-dach-verharrt-auf-hohem-niveau\/","title":{"rendered":"Il mercato del sourcing in DACH rimane ad alto livello"},"content":{"rendered":"<figure id=\"attachment_6389\" aria-describedby=\"caption-attachment-6389\" style=\"width: 680px\" class=\"wp-caption alignnone\"><img loading=\"lazy\" decoding=\"async\" class=\"size-medium wp-image-6389\" src=\"https:\/\/www.organisator.ch\/wp-content\/uploads\/2020\/02\/Sourcing-Markt-in-DACH-verharrt-auf-hohem-Niveau_Organisator.jpg\" alt=\"\" width=\"680\" height=\"481\" srcset=\"https:\/\/www.organisator.ch\/wp-content\/uploads\/2020\/02\/Sourcing-Markt-in-DACH-verharrt-auf-hohem-Niveau_Organisator.jpg 680w, https:\/\/www.organisator.ch\/wp-content\/uploads\/2020\/02\/Sourcing-Markt-in-DACH-verharrt-auf-hohem-Niveau_Organisator-16x12.jpg 16w, https:\/\/www.organisator.ch\/wp-content\/uploads\/2020\/02\/Sourcing-Markt-in-DACH-verharrt-auf-hohem-Niveau_Organisator-247x175.jpg 247w, https:\/\/www.organisator.ch\/wp-content\/uploads\/2020\/02\/Sourcing-Markt-in-DACH-verharrt-auf-hohem-Niveau_Organisator-495x350.jpg 495w, https:\/\/www.organisator.ch\/wp-content\/uploads\/2020\/02\/Sourcing-Markt-in-DACH-verharrt-auf-hohem-Niveau_Organisator-300x212.jpg 300w\" sizes=\"auto, (max-width: 680px) 100vw, 680px\" \/><figcaption id=\"caption-attachment-6389\" class=\"wp-caption-text\">Il mercato del sourcing ha registrato una crescita superiore alla media nelle soluzioni cloud e as-a-service nella regione DACH. (Immagine: Pixabay.com)<\/figcaption><\/figure>\n<p>Come si \u00e8 sviluppato il mercato del sourcing nella regione DACH? Ecco i cinque fatti e le tendenze pi\u00f9 importanti dell'intero anno 2019, soprattutto per quanto riguarda i mercati di Germania, Austria, Svizzera:<\/p>\n<ol>\n<li><strong>Il mercato del sourcing in DACH si riduce leggermente<br \/>\n<\/strong>In contrasto con il mercato del sourcing in EMEA (Europa, Medio Oriente, Africa), che \u00e8 cresciuto del 10 per cento, il volume totale dei contratti annuali in DACH \u00e8 diminuito dell'1 per cento a 4,7 miliardi di euro nel 2019. Le ragioni sono le incertezze economiche, soprattutto nelle industrie manifatturiere ed energetiche. Nonostante il leggero calo dell'ACV, DACH ha registrato la sua seconda migliore performance annuale finora nel 2019, poich\u00e9 le aziende allineano le loro strategie di servizi gestiti e gli investimenti digitali.<\/li>\n<li><strong>Crescita superiore alla media nelle soluzioni cloud e as-a-service in DACH<br \/>\n<\/strong>In contrasto con la leggera contrazione del mercato generale, la crescita del volume dei contratti as-a-service in DACH \u00e8 stata la pi\u00f9 forte nel 2019 rispetto agli altri principali mercati europei. \u00c8 aumentato del 22% a 1,8 miliardi di euro nel 2019. L'as-as-service comprende ora il 38% del mercato totale. I tassi di crescita del 22% ciascuno per entrambi i Software-as-a-Service (SaaS) e Infrastructure-as-a-Service (IaaS) mostrano che le aziende continuano a muoversi verso ambienti ibridi e multi-cloud.<\/li>\n<li><strong>In tutta Europa, il mercato dell'outsourcing \u00e8 cresciuto del 10% nel 2019<br \/>\n<\/strong>In tutta l'EMEA, il valore dei contratti di outsourcing \u00e8 aumentato del 10% nel 2019, poich\u00e9 le aziende si sono concentrate sulla riduzione dei costi e sugli investimenti in soluzioni digitali di fronte all'incertezza economica. L'ACV totale dei contratti as-a-service e dei servizi gestiti in EMEA ha raggiunto 17,1 miliardi di euro nel 2019 - alimentato da una seconda met\u00e0 dell'anno straordinariamente forte. I volumi dei contratti dei servizi gestiti sono cresciuti dell'8% rispetto all'anno precedente, fino a 10,7 miliardi di euro. I valori As-a-Service hanno raggiunto un nuovo record di 6,4 miliardi di euro, in crescita del 13%. L'anno scorso l'As-a-Service ha rappresentato il 37% del mercato in EMEA.<\/li>\n<li><strong>Valori record in Gran Bretagna nonostante la Brexit<br \/>\n<\/strong>Il volume totale del mercato nel Regno Unito e in Irlanda \u00e8 aumentato del 13% nel 2019 fino a 5,5 miliardi di euro. Questa \u00e8 la cifra annuale pi\u00f9 alta dal 2012. Nonostante l'incertezza in corso a causa della Brexit, le aziende si stanno concentrando su maggiori investimenti IT e si stanno concentrando sulla trasformazione digitale e sull'uso della tecnologia per aumentare la loro produttivit\u00e0 e migliorare l'esperienza dei loro clienti. Il volume del mercato dei servizi gestiti \u00e8 aumentato del 15% a 3,3 miliardi di euro rispetto al 2018. Il volume del mercato As-a-Service ha superato i 2 miliardi di euro per il secondo anno consecutivo e ora rappresenta il 40% del mercato totale nel Regno Unito e in Irlanda. Sia il Software-as-a-Service (SaaS) che l'Infrastructure-as-a-Service (IaaS) hanno raggiunto nuovi massimi.<\/li>\n<li><strong>In tutto il mondo, anche l'attivit\u00e0 di sourcing \u00e8 cresciuta del 10 per cento<br \/>\n<\/strong>A livello globale, il volume totale dei contratti del mercato del sourcing nel 2019 \u00e8 cresciuto del 10 per cento su base annua, lo stesso dell'EMEA, fino a 55,7 miliardi di dollari a livello globale. Il mercato globale \u00e8 stato guidato dalla domanda record di soluzioni as-a-service, che \u00e8 cresciuta del 21% l'anno scorso fino a 28 miliardi di dollari.<\/li>\n<\/ol>\n<p>Barbara Florsch\u00fctz, Managing Director di Information Services Group (ISG) Germania, d\u00e0 la seguente previsione di mercato: \"I venti contrari macroeconomici che soffiano in Europa hanno significato che il ritmo della trasformazione digitale nella regione ha accelerato piuttosto che rallentato. Le tecnologie digitali sono diventate un'opzione predefinita per le aziende nel mondo di oggi, guidato dalla tecnologia. Le aziende stanno cercando modi per tagliare i costi e poi investendo quei guadagni in tecnologie che possono migliorare l'esperienza dei loro clienti e aiutarli a rimanere competitivi contro nuovi concorrenti come le start-up\".<\/p>\n<p><em>Fonte: <a href=\"http:\/\/www.isg-one.com\">ISG<\/a>\u00a0<\/em><\/p>\n<p>&nbsp;<\/p>","protected":false},"excerpt":{"rendered":"<p>Wie hat sich der Sourcing-Markt im DACH-Raum entwickelt? Hier sind die f\u00fcnf wichtigsten Fakten und Trends des gesamten Jahres 2019, vor allem mit Blick auf die M\u00e4rkte in Deutschland, \u00d6sterreich, Schweiz: Sourcing-Markt in DACH schrumpft leicht Im Gegensatz zum um 10 Prozent gewachsenen Sourcing-Markt in EMEA (Europa, Naher Osten, Afrika) ging 2019 das gesamte Jahresvertragsvolumen [&hellip;]<\/p>\n","protected":false},"author":4,"featured_media":6389,"comment_status":"closed","ping_status":"closed","sticky":false,"template":"","format":"standard","meta":{"_acf_changed":false,"_yoast_wpseo_focuskw":"Sourcing-Markt","_yoast_wpseo_metadesc":"Wie hat sich der Sourcing-Markt im DACH-Raum entwickelt? Der EMEA ISG Index stellt viertelj\u00e4hrlich die jeweils aktuellen Daten und Trends zusammen.","articlekey":"","footnotes":""},"categories":[28],"tags":[286,335,340,372,452],"class_list":["post-6387","post","type-post","status-publish","format-standard","has-post-thumbnail","hentry","category-management","tag-it","tag-management-und-unternehmensfuehrung","tag-maerkte","tag-outsourcing","tag-statistik"],"acf":[],"yoast_head":"<!-- This site is optimized with the Yoast SEO plugin v27.4 - https:\/\/yoast.com\/product\/yoast-seo-wordpress\/ -->\n<title>Sourcing-Markt in DACH verharrt auf hohem Niveau - Organisator<\/title>\n<meta name=\"description\" content=\"Wie hat sich der Sourcing-Markt im DACH-Raum entwickelt? Der EMEA ISG Index stellt viertelj\u00e4hrlich die jeweils aktuellen Daten und Trends zusammen.\" \/>\n<meta name=\"robots\" content=\"index, follow, max-snippet:-1, max-image-preview:large, max-video-preview:-1\" \/>\n<link rel=\"canonical\" href=\"https:\/\/www.organisator.ch\/it\/gestione-2\/2020-02-27\/sourcing-markt-in-dach-verharrt-auf-hohem-niveau\/\" \/>\n<meta property=\"og:locale\" content=\"it_IT\" \/>\n<meta property=\"og:type\" content=\"article\" \/>\n<meta property=\"og:title\" content=\"Sourcing-Markt in DACH verharrt auf hohem Niveau\" \/>\n<meta property=\"og:description\" content=\"Wie hat sich der Sourcing-Markt im DACH-Raum entwickelt? Der EMEA ISG Index stellt viertelj\u00e4hrlich die jeweils aktuellen Daten und Trends zusammen.\" \/>\n<meta property=\"og:url\" content=\"https:\/\/www.organisator.ch\/it\/gestione-2\/2020-02-27\/sourcing-markt-in-dach-verharrt-auf-hohem-niveau\/\" \/>\n<meta property=\"og:site_name\" content=\"Organisator\" \/>\n<meta property=\"article:publisher\" content=\"https:\/\/www.facebook.com\/OrganisatorFachmagazin\" \/>\n<meta property=\"article:published_time\" content=\"2020-02-27T07:26:50+00:00\" \/>\n<meta property=\"og:image\" content=\"https:\/\/www.organisator.ch\/wp-content\/uploads\/2020\/02\/Sourcing-Markt-in-DACH-verharrt-auf-hohem-Niveau_Organisator.jpg\" \/>\n\t<meta property=\"og:image:width\" content=\"680\" \/>\n\t<meta property=\"og:image:height\" content=\"481\" \/>\n\t<meta property=\"og:image:type\" content=\"image\/jpeg\" \/>\n<meta name=\"author\" content=\"thomas.berner\" \/>\n<meta name=\"twitter:card\" content=\"summary_large_image\" \/>\n<meta name=\"twitter:title\" content=\"#Sourcing-Markt in #DACH verharrt auf hohem Niveau\" \/>\n<meta name=\"twitter:description\" content=\"Wie hat sich der #Sourcing-Markt im #DACH-Raum entwickelt? Der EMEA ISG Index stellt viertelj\u00e4hrlich die jeweils aktuellen Daten und Trends zusammen.\" \/>\n<meta name=\"twitter:image\" content=\"https:\/\/www.organisator.ch\/wp-content\/uploads\/2020\/02\/Sourcing-Markt-in-DACH-verharrt-auf-hohem-Niveau_Organisator.jpg\" \/>\n<script type=\"application\/ld+json\" class=\"yoast-schema-graph\">{\"@context\":\"https:\\\/\\\/schema.org\",\"@graph\":[{\"@type\":\"Article\",\"@id\":\"https:\\\/\\\/www.organisator.ch\\\/management\\\/2020-02-27\\\/sourcing-markt-in-dach-verharrt-auf-hohem-niveau\\\/#article\",\"isPartOf\":{\"@id\":\"https:\\\/\\\/www.organisator.ch\\\/management\\\/2020-02-27\\\/sourcing-markt-in-dach-verharrt-auf-hohem-niveau\\\/\"},\"author\":{\"name\":\"thomas.berner\",\"@id\":\"https:\\\/\\\/www.organisator.ch\\\/#\\\/schema\\\/person\\\/6f650f90b2842cd4c0cc334b4e36f67e\"},\"headline\":\"Sourcing-Markt in DACH verharrt auf hohem Niveau\",\"datePublished\":\"2020-02-27T07:26:50+00:00\",\"mainEntityOfPage\":{\"@id\":\"https:\\\/\\\/www.organisator.ch\\\/management\\\/2020-02-27\\\/sourcing-markt-in-dach-verharrt-auf-hohem-niveau\\\/\"},\"wordCount\":568,\"publisher\":{\"@id\":\"https:\\\/\\\/www.organisator.ch\\\/#organization\"},\"image\":{\"@id\":\"https:\\\/\\\/www.organisator.ch\\\/management\\\/2020-02-27\\\/sourcing-markt-in-dach-verharrt-auf-hohem-niveau\\\/#primaryimage\"},\"thumbnailUrl\":\"https:\\\/\\\/www.organisator.ch\\\/wp-content\\\/uploads\\\/2020\\\/02\\\/Sourcing-Markt-in-DACH-verharrt-auf-hohem-Niveau_Organisator.jpg\",\"keywords\":[\"IT\",\"Management und Unternehmensf\u00fchrung\",\"M\u00e4rkte\",\"Outsourcing\",\"Statistik\"],\"articleSection\":[\"MANAGEMENT\"],\"inLanguage\":\"it-IT\"},{\"@type\":\"WebPage\",\"@id\":\"https:\\\/\\\/www.organisator.ch\\\/management\\\/2020-02-27\\\/sourcing-markt-in-dach-verharrt-auf-hohem-niveau\\\/\",\"url\":\"https:\\\/\\\/www.organisator.ch\\\/management\\\/2020-02-27\\\/sourcing-markt-in-dach-verharrt-auf-hohem-niveau\\\/\",\"name\":\"Sourcing-Markt in DACH verharrt auf hohem Niveau - Organisator\",\"isPartOf\":{\"@id\":\"https:\\\/\\\/www.organisator.ch\\\/#website\"},\"primaryImageOfPage\":{\"@id\":\"https:\\\/\\\/www.organisator.ch\\\/management\\\/2020-02-27\\\/sourcing-markt-in-dach-verharrt-auf-hohem-niveau\\\/#primaryimage\"},\"image\":{\"@id\":\"https:\\\/\\\/www.organisator.ch\\\/management\\\/2020-02-27\\\/sourcing-markt-in-dach-verharrt-auf-hohem-niveau\\\/#primaryimage\"},\"thumbnailUrl\":\"https:\\\/\\\/www.organisator.ch\\\/wp-content\\\/uploads\\\/2020\\\/02\\\/Sourcing-Markt-in-DACH-verharrt-auf-hohem-Niveau_Organisator.jpg\",\"datePublished\":\"2020-02-27T07:26:50+00:00\",\"description\":\"Wie hat sich der Sourcing-Markt im DACH-Raum entwickelt? Der EMEA ISG Index stellt viertelj\u00e4hrlich die jeweils aktuellen Daten und Trends zusammen.\",\"breadcrumb\":{\"@id\":\"https:\\\/\\\/www.organisator.ch\\\/management\\\/2020-02-27\\\/sourcing-markt-in-dach-verharrt-auf-hohem-niveau\\\/#breadcrumb\"},\"inLanguage\":\"it-IT\",\"potentialAction\":[{\"@type\":\"ReadAction\",\"target\":[\"https:\\\/\\\/www.organisator.ch\\\/management\\\/2020-02-27\\\/sourcing-markt-in-dach-verharrt-auf-hohem-niveau\\\/\"]}]},{\"@type\":\"ImageObject\",\"inLanguage\":\"it-IT\",\"@id\":\"https:\\\/\\\/www.organisator.ch\\\/management\\\/2020-02-27\\\/sourcing-markt-in-dach-verharrt-auf-hohem-niveau\\\/#primaryimage\",\"url\":\"https:\\\/\\\/www.organisator.ch\\\/wp-content\\\/uploads\\\/2020\\\/02\\\/Sourcing-Markt-in-DACH-verharrt-auf-hohem-Niveau_Organisator.jpg\",\"contentUrl\":\"https:\\\/\\\/www.organisator.ch\\\/wp-content\\\/uploads\\\/2020\\\/02\\\/Sourcing-Markt-in-DACH-verharrt-auf-hohem-Niveau_Organisator.jpg\",\"width\":680,\"height\":481,\"caption\":\"Der Sourcing-Markt verzeichnete im DACH-Raum ein \u00fcberdurchschnittliches Wachstum bei Cloud- und As-a-Service-L\u00f6sungen. (Bild: Pixabay.com)\"},{\"@type\":\"BreadcrumbList\",\"@id\":\"https:\\\/\\\/www.organisator.ch\\\/management\\\/2020-02-27\\\/sourcing-markt-in-dach-verharrt-auf-hohem-niveau\\\/#breadcrumb\",\"itemListElement\":[{\"@type\":\"ListItem\",\"position\":1,\"name\":\"Home\",\"item\":\"https:\\\/\\\/www.organisator.ch\\\/\"},{\"@type\":\"ListItem\",\"position\":2,\"name\":\"Sourcing-Markt in DACH verharrt auf hohem Niveau\"}]},{\"@type\":\"WebSite\",\"@id\":\"https:\\\/\\\/www.organisator.ch\\\/#website\",\"url\":\"https:\\\/\\\/www.organisator.ch\\\/\",\"name\":\"Organisator\",\"description\":\"Kompetent. Praxisnah. Der ORGANISATOR bereitet in 10 Ausgaben pro Jahr die wesentlichen Themen f\u00fcr F\u00fchrungskr\u00e4fte von KMU auf.\",\"publisher\":{\"@id\":\"https:\\\/\\\/www.organisator.ch\\\/#organization\"},\"potentialAction\":[{\"@type\":\"SearchAction\",\"target\":{\"@type\":\"EntryPoint\",\"urlTemplate\":\"https:\\\/\\\/www.organisator.ch\\\/?s={search_term_string}\"},\"query-input\":{\"@type\":\"PropertyValueSpecification\",\"valueRequired\":true,\"valueName\":\"search_term_string\"}}],\"inLanguage\":\"it-IT\"},{\"@type\":\"Organization\",\"@id\":\"https:\\\/\\\/www.organisator.ch\\\/#organization\",\"name\":\"Organisator\",\"url\":\"https:\\\/\\\/www.organisator.ch\\\/\",\"logo\":{\"@type\":\"ImageObject\",\"inLanguage\":\"it-IT\",\"@id\":\"https:\\\/\\\/www.organisator.ch\\\/#\\\/schema\\\/logo\\\/image\\\/\",\"url\":\"https:\\\/\\\/www.organisator.ch\\\/wp-content\\\/uploads\\\/2022\\\/01\\\/Logo_Organisator_Website.png\",\"contentUrl\":\"https:\\\/\\\/www.organisator.ch\\\/wp-content\\\/uploads\\\/2022\\\/01\\\/Logo_Organisator_Website.png\",\"width\":800,\"height\":77,\"caption\":\"Organisator\"},\"image\":{\"@id\":\"https:\\\/\\\/www.organisator.ch\\\/#\\\/schema\\\/logo\\\/image\\\/\"},\"sameAs\":[\"https:\\\/\\\/www.facebook.com\\\/OrganisatorFachmagazin\",\"https:\\\/\\\/www.linkedin.com\\\/showcase\\\/organisator-das-magazin-fr-kmu\",\"https:\\\/\\\/www.xing.com\\\/news\\\/pages\\\/organisator-ch-695\",\"https:\\\/\\\/www.youtube.com\\\/channel\\\/UCGP2Sq0iWaZwT3BdIAQFYpw\"]},{\"@type\":\"Person\",\"@id\":\"https:\\\/\\\/www.organisator.ch\\\/#\\\/schema\\\/person\\\/6f650f90b2842cd4c0cc334b4e36f67e\",\"name\":\"thomas.berner\",\"image\":{\"@type\":\"ImageObject\",\"inLanguage\":\"it-IT\",\"@id\":\"https:\\\/\\\/secure.gravatar.com\\\/avatar\\\/ac5001d2a36cb6c6cd3e50789007ffca834b477b74a2144564522e944eabff61?s=96&d=mm&r=g\",\"url\":\"https:\\\/\\\/secure.gravatar.com\\\/avatar\\\/ac5001d2a36cb6c6cd3e50789007ffca834b477b74a2144564522e944eabff61?s=96&d=mm&r=g\",\"contentUrl\":\"https:\\\/\\\/secure.gravatar.com\\\/avatar\\\/ac5001d2a36cb6c6cd3e50789007ffca834b477b74a2144564522e944eabff61?s=96&d=mm&r=g\",\"caption\":\"thomas.berner\"},\"url\":\"https:\\\/\\\/www.organisator.ch\\\/it\\\/author\\\/thomas-berner\\\/\"}]}<\/script>\n<!-- \/ Yoast SEO plugin. -->","yoast_head_json":{"title":"Il mercato del sourcing in DACH rimane ad un livello elevato - Organizzatore","description":"Come si \u00e8 sviluppato il mercato del sourcing nella regione DACH? L'EMEA ISG Index raccoglie i dati e le tendenze pi\u00f9 recenti su base trimestrale.","robots":{"index":"index","follow":"follow","max-snippet":"max-snippet:-1","max-image-preview":"max-image-preview:large","max-video-preview":"max-video-preview:-1"},"canonical":"https:\/\/www.organisator.ch\/it\/gestione-2\/2020-02-27\/sourcing-markt-in-dach-verharrt-auf-hohem-niveau\/","og_locale":"it_IT","og_type":"article","og_title":"Sourcing-Markt in DACH verharrt auf hohem Niveau","og_description":"Wie hat sich der Sourcing-Markt im DACH-Raum entwickelt? Der EMEA ISG Index stellt viertelj\u00e4hrlich die jeweils aktuellen Daten und Trends zusammen.","og_url":"https:\/\/www.organisator.ch\/it\/gestione-2\/2020-02-27\/sourcing-markt-in-dach-verharrt-auf-hohem-niveau\/","og_site_name":"Organisator","article_publisher":"https:\/\/www.facebook.com\/OrganisatorFachmagazin","article_published_time":"2020-02-27T07:26:50+00:00","og_image":[{"width":680,"height":481,"url":"https:\/\/www.organisator.ch\/wp-content\/uploads\/2020\/02\/Sourcing-Markt-in-DACH-verharrt-auf-hohem-Niveau_Organisator.jpg","type":"image\/jpeg"}],"author":"thomas.berner","twitter_card":"summary_large_image","twitter_title":"#Sourcing-Markt in #DACH verharrt auf hohem Niveau","twitter_description":"Wie hat sich der #Sourcing-Markt im #DACH-Raum entwickelt? Der EMEA ISG Index stellt viertelj\u00e4hrlich die jeweils aktuellen Daten und Trends zusammen.","twitter_image":"https:\/\/www.organisator.ch\/wp-content\/uploads\/2020\/02\/Sourcing-Markt-in-DACH-verharrt-auf-hohem-Niveau_Organisator.jpg","schema":{"@context":"https:\/\/schema.org","@graph":[{"@type":"Article","@id":"https:\/\/www.organisator.ch\/management\/2020-02-27\/sourcing-markt-in-dach-verharrt-auf-hohem-niveau\/#article","isPartOf":{"@id":"https:\/\/www.organisator.ch\/management\/2020-02-27\/sourcing-markt-in-dach-verharrt-auf-hohem-niveau\/"},"author":{"name":"thomas.berner","@id":"https:\/\/www.organisator.ch\/#\/schema\/person\/6f650f90b2842cd4c0cc334b4e36f67e"},"headline":"Sourcing-Markt in DACH verharrt auf hohem Niveau","datePublished":"2020-02-27T07:26:50+00:00","mainEntityOfPage":{"@id":"https:\/\/www.organisator.ch\/management\/2020-02-27\/sourcing-markt-in-dach-verharrt-auf-hohem-niveau\/"},"wordCount":568,"publisher":{"@id":"https:\/\/www.organisator.ch\/#organization"},"image":{"@id":"https:\/\/www.organisator.ch\/management\/2020-02-27\/sourcing-markt-in-dach-verharrt-auf-hohem-niveau\/#primaryimage"},"thumbnailUrl":"https:\/\/www.organisator.ch\/wp-content\/uploads\/2020\/02\/Sourcing-Markt-in-DACH-verharrt-auf-hohem-Niveau_Organisator.jpg","keywords":["IT","Management und Unternehmensf\u00fchrung","M\u00e4rkte","Outsourcing","Statistik"],"articleSection":["MANAGEMENT"],"inLanguage":"it-IT"},{"@type":"WebPage","@id":"https:\/\/www.organisator.ch\/management\/2020-02-27\/sourcing-markt-in-dach-verharrt-auf-hohem-niveau\/","url":"https:\/\/www.organisator.ch\/management\/2020-02-27\/sourcing-markt-in-dach-verharrt-auf-hohem-niveau\/","name":"Il mercato del sourcing in DACH rimane ad un livello elevato - Organizzatore","isPartOf":{"@id":"https:\/\/www.organisator.ch\/#website"},"primaryImageOfPage":{"@id":"https:\/\/www.organisator.ch\/management\/2020-02-27\/sourcing-markt-in-dach-verharrt-auf-hohem-niveau\/#primaryimage"},"image":{"@id":"https:\/\/www.organisator.ch\/management\/2020-02-27\/sourcing-markt-in-dach-verharrt-auf-hohem-niveau\/#primaryimage"},"thumbnailUrl":"https:\/\/www.organisator.ch\/wp-content\/uploads\/2020\/02\/Sourcing-Markt-in-DACH-verharrt-auf-hohem-Niveau_Organisator.jpg","datePublished":"2020-02-27T07:26:50+00:00","description":"Come si \u00e8 sviluppato il mercato del sourcing nella regione DACH? L'EMEA ISG Index raccoglie i dati e le tendenze pi\u00f9 recenti su base trimestrale.","breadcrumb":{"@id":"https:\/\/www.organisator.ch\/management\/2020-02-27\/sourcing-markt-in-dach-verharrt-auf-hohem-niveau\/#breadcrumb"},"inLanguage":"it-IT","potentialAction":[{"@type":"ReadAction","target":["https:\/\/www.organisator.ch\/management\/2020-02-27\/sourcing-markt-in-dach-verharrt-auf-hohem-niveau\/"]}]},{"@type":"ImageObject","inLanguage":"it-IT","@id":"https:\/\/www.organisator.ch\/management\/2020-02-27\/sourcing-markt-in-dach-verharrt-auf-hohem-niveau\/#primaryimage","url":"https:\/\/www.organisator.ch\/wp-content\/uploads\/2020\/02\/Sourcing-Markt-in-DACH-verharrt-auf-hohem-Niveau_Organisator.jpg","contentUrl":"https:\/\/www.organisator.ch\/wp-content\/uploads\/2020\/02\/Sourcing-Markt-in-DACH-verharrt-auf-hohem-Niveau_Organisator.jpg","width":680,"height":481,"caption":"Der Sourcing-Markt verzeichnete im DACH-Raum ein \u00fcberdurchschnittliches Wachstum bei Cloud- und As-a-Service-L\u00f6sungen. (Bild: Pixabay.com)"},{"@type":"BreadcrumbList","@id":"https:\/\/www.organisator.ch\/management\/2020-02-27\/sourcing-markt-in-dach-verharrt-auf-hohem-niveau\/#breadcrumb","itemListElement":[{"@type":"ListItem","position":1,"name":"Home","item":"https:\/\/www.organisator.ch\/"},{"@type":"ListItem","position":2,"name":"Sourcing-Markt in DACH verharrt auf hohem Niveau"}]},{"@type":"WebSite","@id":"https:\/\/www.organisator.ch\/#website","url":"https:\/\/www.organisator.ch\/","name":"Organizzatore","description":"Competente. Pratico. In 10 numeri all'anno, ORGANISATOR presenta i temi essenziali per i manager delle PMI.","publisher":{"@id":"https:\/\/www.organisator.ch\/#organization"},"potentialAction":[{"@type":"SearchAction","target":{"@type":"EntryPoint","urlTemplate":"https:\/\/www.organisator.ch\/?s={search_term_string}"},"query-input":{"@type":"PropertyValueSpecification","valueRequired":true,"valueName":"search_term_string"}}],"inLanguage":"it-IT"},{"@type":"Organization","@id":"https:\/\/www.organisator.ch\/#organization","name":"Organizzatore","url":"https:\/\/www.organisator.ch\/","logo":{"@type":"ImageObject","inLanguage":"it-IT","@id":"https:\/\/www.organisator.ch\/#\/schema\/logo\/image\/","url":"https:\/\/www.organisator.ch\/wp-content\/uploads\/2022\/01\/Logo_Organisator_Website.png","contentUrl":"https:\/\/www.organisator.ch\/wp-content\/uploads\/2022\/01\/Logo_Organisator_Website.png","width":800,"height":77,"caption":"Organisator"},"image":{"@id":"https:\/\/www.organisator.ch\/#\/schema\/logo\/image\/"},"sameAs":["https:\/\/www.facebook.com\/OrganisatorFachmagazin","https:\/\/www.linkedin.com\/showcase\/organisator-das-magazin-fr-kmu","https:\/\/www.xing.com\/news\/pages\/organisator-ch-695","https:\/\/www.youtube.com\/channel\/UCGP2Sq0iWaZwT3BdIAQFYpw"]},{"@type":"Person","@id":"https:\/\/www.organisator.ch\/#\/schema\/person\/6f650f90b2842cd4c0cc334b4e36f67e","name":"Tommaso.berner","image":{"@type":"ImageObject","inLanguage":"it-IT","@id":"https:\/\/secure.gravatar.com\/avatar\/ac5001d2a36cb6c6cd3e50789007ffca834b477b74a2144564522e944eabff61?s=96&d=mm&r=g","url":"https:\/\/secure.gravatar.com\/avatar\/ac5001d2a36cb6c6cd3e50789007ffca834b477b74a2144564522e944eabff61?s=96&d=mm&r=g","contentUrl":"https:\/\/secure.gravatar.com\/avatar\/ac5001d2a36cb6c6cd3e50789007ffca834b477b74a2144564522e944eabff61?s=96&d=mm&r=g","caption":"thomas.berner"},"url":"https:\/\/www.organisator.ch\/it\/author\/thomas-berner\/"}]}},"_links":{"self":[{"href":"https:\/\/www.organisator.ch\/it\/wp-json\/wp\/v2\/posts\/6387","targetHints":{"allow":["GET"]}}],"collection":[{"href":"https:\/\/www.organisator.ch\/it\/wp-json\/wp\/v2\/posts"}],"about":[{"href":"https:\/\/www.organisator.ch\/it\/wp-json\/wp\/v2\/types\/post"}],"author":[{"embeddable":true,"href":"https:\/\/www.organisator.ch\/it\/wp-json\/wp\/v2\/users\/4"}],"replies":[{"embeddable":true,"href":"https:\/\/www.organisator.ch\/it\/wp-json\/wp\/v2\/comments?post=6387"}],"version-history":[{"count":0,"href":"https:\/\/www.organisator.ch\/it\/wp-json\/wp\/v2\/posts\/6387\/revisions"}],"wp:featuredmedia":[{"embeddable":true,"href":"https:\/\/www.organisator.ch\/it\/wp-json\/wp\/v2\/media\/6389"}],"wp:attachment":[{"href":"https:\/\/www.organisator.ch\/it\/wp-json\/wp\/v2\/media?parent=6387"}],"wp:term":[{"taxonomy":"category","embeddable":true,"href":"https:\/\/www.organisator.ch\/it\/wp-json\/wp\/v2\/categories?post=6387"},{"taxonomy":"post_tag","embeddable":true,"href":"https:\/\/www.organisator.ch\/it\/wp-json\/wp\/v2\/tags?post=6387"}],"curies":[{"name":"wp","href":"https:\/\/api.w.org\/{rel}","templated":true}]}}