{"id":6403,"date":"2020-03-02T08:16:27","date_gmt":"2020-03-02T07:16:27","guid":{"rendered":"https:\/\/www.organisator.ch\/?p=6403"},"modified":"2020-03-02T08:16:27","modified_gmt":"2020-03-02T07:16:27","slug":"gesellschaftliche-verantwortung-ja-aber-nicht-auf-kosten-der-unternehmensgewinne","status":"publish","type":"post","link":"https:\/\/www.organisator.ch\/it\/management\/2020-03-02\/gesellschaftliche-verantwortung-ja-aber-nicht-auf-kosten-der-unternehmensgewinne\/","title":{"rendered":"Responsabilit\u00e0 sociale s\u00ec, ma non a spese dei profitti aziendali"},"content":{"rendered":"<figure id=\"attachment_6404\" aria-describedby=\"caption-attachment-6404\" style=\"width: 680px\" class=\"wp-caption alignnone\"><img loading=\"lazy\" decoding=\"async\" class=\"size-medium wp-image-6404\" src=\"https:\/\/www.organisator.ch\/wp-content\/uploads\/2020\/03\/Gesellschaftliche-Verantwortung-ja-aber-nicht-auf-Kosten-der-Unternehmensgewinne-1_Organisator.jpg\" alt=\"\" width=\"680\" height=\"460\" srcset=\"https:\/\/www.organisator.ch\/wp-content\/uploads\/2020\/03\/Gesellschaftliche-Verantwortung-ja-aber-nicht-auf-Kosten-der-Unternehmensgewinne-1_Organisator.jpg 680w, https:\/\/www.organisator.ch\/wp-content\/uploads\/2020\/03\/Gesellschaftliche-Verantwortung-ja-aber-nicht-auf-Kosten-der-Unternehmensgewinne-1_Organisator-16x12.jpg 16w, https:\/\/www.organisator.ch\/wp-content\/uploads\/2020\/03\/Gesellschaftliche-Verantwortung-ja-aber-nicht-auf-Kosten-der-Unternehmensgewinne-1_Organisator-259x175.jpg 259w, https:\/\/www.organisator.ch\/wp-content\/uploads\/2020\/03\/Gesellschaftliche-Verantwortung-ja-aber-nicht-auf-Kosten-der-Unternehmensgewinne-1_Organisator-517x350.jpg 517w, https:\/\/www.organisator.ch\/wp-content\/uploads\/2020\/03\/Gesellschaftliche-Verantwortung-ja-aber-nicht-auf-Kosten-der-Unternehmensgewinne-1_Organisator-300x203.jpg 300w\" sizes=\"auto, (max-width: 680px) 100vw, 680px\" \/><figcaption id=\"caption-attachment-6404\" class=\"wp-caption-text\">La responsabilit\u00e0 sociale \u00e8 percepita in modo diverso dai membri del consiglio di amministrazione: I dipendenti vengono prima della natura e dell'ambiente. (Immagine: Pixabay.com)<\/figcaption><\/figure>\n<p>La responsabilit\u00e0 sociale delle imprese (RSI) \u00e8 sulla bocca di tutti: innumerevoli iniziative sono state lanciate, un certo numero di dichiarazioni di intenti firmate e una moltitudine di rapporti pubblicati. Al World Economic Forum di Davos, la responsabilit\u00e0 aziendale e il cambiamento climatico sono stati i temi dominanti. Secondo lo swissVR Monitor, pubblicato dall'associazione swissVR insieme alla societ\u00e0 di consulenza Deloitte e alla Scuola universitaria professionale di Lucerna, questa discussione pubblica sul tema si riflette anche nei consigli di amministrazione delle aziende svizzere: il 36 per cento ha integrato completamente la responsabilit\u00e0 sociale delle imprese nella propria strategia aziendale, il 45 per cento almeno parzialmente.<\/p>\n<h2><strong>Spesso mancano obiettivi chiari per la responsabilit\u00e0 sociale<\/strong><\/h2>\n<p>Tuttavia, c'\u00e8 ancora bisogno di agire nell'attuazione: Solo tre quinti (61%) degli intervistati credono che il loro consiglio di amministrazione abbia risorse e competenze sufficienti per implementare con successo il tema. Si inserisce in questo quadro il fatto che per quasi la met\u00e0 (46%) degli intervistati i temi di impegno sociale che sono importanti per l'azienda sono piuttosto non definiti (36%) o non definiti affatto (10%). E solo un decimo (9%) del consiglio di amministrazione ha definito obiettivi chiari e coordinati nel tempo per l'impegno sociale, anche se un altro 27% tende ad essere d'accordo con questa affermazione. E solo poco pi\u00f9 della met\u00e0 (54%) degli intervistati crede che nel consiglio di amministrazione si dedichi abbastanza tempo al tema della responsabilit\u00e0 sociale.<\/p>\n<p>\"Sempre pi\u00f9 aziende svizzere si rendono conto che la gente si aspetta da loro qualcosa di pi\u00f9 che fare profitti e creare posti di lavoro. Allo stesso tempo, la sfiducia dell'opinione pubblica verso il business sta aumentando - questo si riflette attualmente in modo molto concreto nell'ampia simpatia per l'iniziativa di responsabilit\u00e0 aziendale. Sembra che una regolamentazione pi\u00f9 forte non possa pi\u00f9 essere evitata\", spiega Reto Savoia, CEO di Deloitte Svizzera.<\/p>\n<p>Tuttavia, Savoia vede anche grandi opportunit\u00e0 imprenditoriali: \"Le aziende devono ancorare strategicamente in modo convincente la loro responsabilit\u00e0 specifica per l'ambiente e la societ\u00e0 ed elaborare sistematicamente le questioni materiali che sono essenziali per loro. Tuttavia, questo da solo non \u00e8 sufficiente per ottenere un reale vantaggio competitivo. Sono necessari obiettivi chiari, misurazione dell'impatto e comunicazione trasparente. In definitiva, si tratta di un cambiamento culturale e dell'ancoraggio a livello aziendale di una mentalit\u00e0 integrata\".<\/p>\n<h2><strong>I dipendenti sono pi\u00f9 importanti dell'ambiente<\/strong><\/h2>\n<p>Per i membri del consiglio di amministrazione, i dipendenti come gruppo target sono in cima alla lista quando si tratta di responsabilit\u00e0 sociale delle imprese: per l'89%, salari equi e condizioni di lavoro o protezione della salute sono importanti. Una priorit\u00e0 quasi altrettanto alta \u00e8 data alle pratiche commerciali etiche in generale - si tratta del corretto rispetto delle leggi, della concorrenza leale e delle pratiche commerciali eticamente giustificabili. Quasi due terzi degli intervistati (64%) considerano anche i clienti importanti e pensano a un'informazione trasparente sulla produzione, la catena di approvvigionamento o la protezione dei consumatori. Poco meno della met\u00e0 (47%) dei dirigenti intervistati considera la natura e l'ambiente un aspetto importante della responsabilit\u00e0 sociale delle imprese. Un'importanza simile alla compatibilit\u00e0 ambientale, alla protezione del clima, all'efficienza energetica o alla conservazione delle risorse per le aziende svizzere \u00e8 la responsabilit\u00e0 per gli effetti della digitalizzazione: una buona met\u00e0 (51%) degli intervistati descrive la protezione dei dati, la sicurezza delle informazioni o gli effetti sociali delle tecnologie digitali come un aspetto importante della loro responsabilit\u00e0 sociale aziendale.<\/p>\n<figure id=\"attachment_6405\" aria-describedby=\"caption-attachment-6405\" style=\"width: 680px\" class=\"wp-caption alignnone\"><img loading=\"lazy\" decoding=\"async\" class=\"size-medium wp-image-6405\" src=\"https:\/\/www.organisator.ch\/wp-content\/uploads\/2020\/03\/Gesellschaftliche-Verantwortung-ja-aber-nicht-auf-Kosten-der-Unternehmensgewinne-2_Organisator.jpg\" alt=\"\" width=\"680\" height=\"422\" srcset=\"https:\/\/www.organisator.ch\/wp-content\/uploads\/2020\/03\/Gesellschaftliche-Verantwortung-ja-aber-nicht-auf-Kosten-der-Unternehmensgewinne-2_Organisator.jpg 680w, https:\/\/www.organisator.ch\/wp-content\/uploads\/2020\/03\/Gesellschaftliche-Verantwortung-ja-aber-nicht-auf-Kosten-der-Unternehmensgewinne-2_Organisator-16x10.jpg 16w, https:\/\/www.organisator.ch\/wp-content\/uploads\/2020\/03\/Gesellschaftliche-Verantwortung-ja-aber-nicht-auf-Kosten-der-Unternehmensgewinne-2_Organisator-282x175.jpg 282w, https:\/\/www.organisator.ch\/wp-content\/uploads\/2020\/03\/Gesellschaftliche-Verantwortung-ja-aber-nicht-auf-Kosten-der-Unternehmensgewinne-2_Organisator-564x350.jpg 564w, https:\/\/www.organisator.ch\/wp-content\/uploads\/2020\/03\/Gesellschaftliche-Verantwortung-ja-aber-nicht-auf-Kosten-der-Unternehmensgewinne-2_Organisator-300x186.jpg 300w\" sizes=\"auto, (max-width: 680px) 100vw, 680px\" \/><figcaption id=\"caption-attachment-6405\" class=\"wp-caption-text\">Quali aspetti della responsabilit\u00e0 sociale sono importanti per lei? (Grafico: Deloitte)<\/figcaption><\/figure>\n<p>\"L'importanza centrale dei dipendenti \u00e8 giustificata; sono il bene pi\u00f9 importante delle aziende e hanno un'influenza significativa sul loro successo. Sempre pi\u00f9 aziende si assumono la responsabilit\u00e0 dello sviluppo dei loro dipendenti e li preparano a nuove sfide come la trasformazione digitale. Le aziende svizzere fanno bene a radicare una cultura dell'apprendimento permanente nelle loro organizzazioni. Tuttavia, molti hanno ancora bisogno di prestare maggiore attenzione a quali competenze hanno bisogno i loro dipendenti per guidare con successo la loro azienda nel futuro. Inoltre, \u00e8 un buon segno che le aziende non solo vedono le tecnologie digitali come motori di profitto e vogliono usarle per aumentare l'efficienza, ma stanno anche diventando consapevoli della loro responsabilit\u00e0 per i possibili effetti negativi\", dice Cornelia Ritz Bossicard, presidente swissVR.<\/p>\n<h2><strong>Molte PMI sono ancora scettiche<\/strong><\/h2>\n<p>La stragrande maggioranza degli intervistati trova che la percezione della responsabilit\u00e0 sociale aziendale promuove la lealt\u00e0 dei dipendenti, aumenta l'attrattiva come datore di lavoro, facilita l'acquisizione di clienti e rafforza la competitivit\u00e0 e la reputazione. Tuttavia, ci sono anche voci scettiche: Per un buon terzo (36%) degli intervistati, la concentrazione delle aziende sui loro compiti economici \u00e8 una priorit\u00e0. La responsabilit\u00e0 aziendale causa costi, riduce i profitti e rende i prodotti pi\u00f9 costosi, secondo il 32% degli intervistati. Un quarto (25%) dei membri del consiglio di amministrazione intervistati sostiene l'affermazione che fare profitti e aumentare il valore aziendale sono le loro uniche vere responsabilit\u00e0. Altri due quinti (40%) credono che la loro azienda abbia abbastanza responsabilit\u00e0 sociale creando posti di lavoro e pagando le tasse.<\/p>\n<p>L'indagine rivela quindi anche un conflitto di obiettivi tra i costi e i benefici delle misure per la percezione della responsabilit\u00e0 sociale delle imprese. Questo \u00e8 pi\u00f9 pronunciato tra le PMI che tra le grandi aziende: il 40% degli intervistati delle piccole e il 30% delle medie imprese pensa che l'impegno sociale generi principalmente dei costi. Solo il 26% delle grandi aziende \u00e8 di questa opinione.<\/p>\n<p>Il Prof. Dr. Christoph Lengwiler, docente presso l'Istituto di servizi finanziari Zug IFZ della Scuola universitaria professionale di Lucerna e vicepresidente di swissVR spiega: \"Nei consigli di amministrazione delle PMI c'\u00e8 apparentemente ancora un certo scetticismo sull'effettiva utilit\u00e0 di un impegno sociale mirato. Oltre alla scarsit\u00e0 di risorse, questo pu\u00f2 anche essere dovuto al fatto che molte aziende gestite dai proprietari e specialmente le imprese familiari hanno gi\u00e0 una lunga tradizione di responsabilit\u00e0 aziendale. Sono ancorati al loro ambiente sociale e si assumono la responsabilit\u00e0 corrispondente senza ancorarla in obiettivi scritti e programmi di RSI. Qui, potrebbe valere la pena di comunicare pi\u00f9 attivamente agli stakeholder l'impegno sociale che viene dato per scontato\".<\/p>\n<p><em>Fonte: <a href=\"http:\/\/www.swissvr.ch\">Cda svizzero<\/a> \/ <a href=\"http:\/\/www.deloitte.com\/ch\/de\/about\">Deloitte<\/a><\/em><\/p>","protected":false},"excerpt":{"rendered":"<p>Gesellschaftliche Verantwortung von Unternehmen oder Corporate Social Responsibility (CSR) ist in aller Munde: unz\u00e4hlige Initiativen wurden lanciert, reihenweise Absichtserkl\u00e4rungen unterzeichnet und eine Vielzahl Berichte ver\u00f6ffentlicht. Am Weltwirtschaftsforum in Davos waren Unternehmensverantwortung und Klimawandel die alles dominierenden Themen. Gem\u00e4ss dem von der Vereinigung swissVR zusammen mit dem Beratungsunternehmen Deloitte und der Hochschule Luzern herausgegebenen swissVR Monitor [&hellip;]<\/p>\n","protected":false},"author":4,"featured_media":6404,"comment_status":"closed","ping_status":"closed","sticky":false,"template":"","format":"standard","meta":{"_acf_changed":false,"_yoast_wpseo_focuskw":"Gesellschaftliche Verantwortung","_yoast_wpseo_metadesc":"Gesellschaftliche Verantwortung: Mitarbeitende stehen diesbez\u00fcglich klar im Fokus, gefolgt von den Kunden und mit einigem Abstand von Natur und Umwelt.","articlekey":"","footnotes":""},"categories":[28],"tags":[133,335,358,459],"class_list":["post-6403","post","type-post","status-publish","format-standard","has-post-thumbnail","hentry","category-management","tag-corporate-social-responsibility","tag-management-und-unternehmensfuehrung","tag-nachhaltige-wirtschaft","tag-studie"],"acf":[],"yoast_head":"<!-- This site is optimized with the Yoast SEO plugin v27.4 - https:\/\/yoast.com\/product\/yoast-seo-wordpress\/ -->\n<title>Gesellschaftliche Verantwortung ja, aber nicht auf Kosten der Unternehmensgewinne - Organisator<\/title>\n<meta name=\"description\" content=\"Gesellschaftliche Verantwortung: Mitarbeitende stehen diesbez\u00fcglich klar im Fokus, gefolgt von den Kunden und mit einigem Abstand von Natur und Umwelt.\" \/>\n<meta name=\"robots\" content=\"index, follow, max-snippet:-1, max-image-preview:large, max-video-preview:-1\" \/>\n<link rel=\"canonical\" href=\"https:\/\/www.organisator.ch\/it\/gestione-2\/2020-03-02\/gesellschaftliche-verantwortung-ja-aber-nicht-auf-kosten-der-unternehmensgewinne\/\" \/>\n<meta property=\"og:locale\" content=\"it_IT\" \/>\n<meta property=\"og:type\" content=\"article\" \/>\n<meta property=\"og:title\" content=\"Gesellschaftliche Verantwortung ja, aber nicht auf Kosten der Unternehmensgewinne\" \/>\n<meta property=\"og:description\" content=\"Gesellschaftliche Verantwortung: Mitarbeitende stehen diesbez\u00fcglich klar im Fokus, gefolgt von den Kunden und mit einigem Abstand von Natur und Umwelt.\" \/>\n<meta property=\"og:url\" content=\"https:\/\/www.organisator.ch\/it\/gestione-2\/2020-03-02\/gesellschaftliche-verantwortung-ja-aber-nicht-auf-kosten-der-unternehmensgewinne\/\" \/>\n<meta property=\"og:site_name\" content=\"Organisator\" \/>\n<meta property=\"article:publisher\" content=\"https:\/\/www.facebook.com\/OrganisatorFachmagazin\" \/>\n<meta property=\"article:published_time\" content=\"2020-03-02T07:16:27+00:00\" \/>\n<meta property=\"og:image\" content=\"https:\/\/www.organisator.ch\/wp-content\/uploads\/2020\/03\/Gesellschaftliche-Verantwortung-ja-aber-nicht-auf-Kosten-der-Unternehmensgewinne-1_Organisator.jpg\" \/>\n\t<meta property=\"og:image:width\" content=\"680\" \/>\n\t<meta property=\"og:image:height\" content=\"460\" \/>\n\t<meta property=\"og:image:type\" content=\"image\/jpeg\" \/>\n<meta name=\"author\" content=\"thomas.berner\" \/>\n<meta name=\"twitter:card\" content=\"summary_large_image\" \/>\n<meta name=\"twitter:title\" content=\"Gesellschaftliche #Verantwortung ja, aber nicht auf Kosten der #Unternehmensgewinne\" \/>\n<meta name=\"twitter:description\" content=\"Gesellschaftliche #Verantwortung: Mitarbeitende stehen diesbez\u00fcglich klar im Fokus, gefolgt von den #Kunden und mit einigem Abstand von #Natur und #Umwelt.\" \/>\n<meta name=\"twitter:image\" content=\"https:\/\/www.organisator.ch\/wp-content\/uploads\/2020\/03\/Gesellschaftliche-Verantwortung-ja-aber-nicht-auf-Kosten-der-Unternehmensgewinne-1_Organisator.jpg\" \/>\n<script type=\"application\/ld+json\" class=\"yoast-schema-graph\">{\"@context\":\"https:\\\/\\\/schema.org\",\"@graph\":[{\"@type\":\"Article\",\"@id\":\"https:\\\/\\\/www.organisator.ch\\\/management\\\/2020-03-02\\\/gesellschaftliche-verantwortung-ja-aber-nicht-auf-kosten-der-unternehmensgewinne\\\/#article\",\"isPartOf\":{\"@id\":\"https:\\\/\\\/www.organisator.ch\\\/management\\\/2020-03-02\\\/gesellschaftliche-verantwortung-ja-aber-nicht-auf-kosten-der-unternehmensgewinne\\\/\"},\"author\":{\"name\":\"thomas.berner\",\"@id\":\"https:\\\/\\\/www.organisator.ch\\\/#\\\/schema\\\/person\\\/6f650f90b2842cd4c0cc334b4e36f67e\"},\"headline\":\"Gesellschaftliche Verantwortung ja, aber nicht auf Kosten der Unternehmensgewinne\",\"datePublished\":\"2020-03-02T07:16:27+00:00\",\"mainEntityOfPage\":{\"@id\":\"https:\\\/\\\/www.organisator.ch\\\/management\\\/2020-03-02\\\/gesellschaftliche-verantwortung-ja-aber-nicht-auf-kosten-der-unternehmensgewinne\\\/\"},\"wordCount\":963,\"publisher\":{\"@id\":\"https:\\\/\\\/www.organisator.ch\\\/#organization\"},\"image\":{\"@id\":\"https:\\\/\\\/www.organisator.ch\\\/management\\\/2020-03-02\\\/gesellschaftliche-verantwortung-ja-aber-nicht-auf-kosten-der-unternehmensgewinne\\\/#primaryimage\"},\"thumbnailUrl\":\"https:\\\/\\\/www.organisator.ch\\\/wp-content\\\/uploads\\\/2020\\\/03\\\/Gesellschaftliche-Verantwortung-ja-aber-nicht-auf-Kosten-der-Unternehmensgewinne-1_Organisator.jpg\",\"keywords\":[\"Corporate Social Responsibility\",\"Management und Unternehmensf\u00fchrung\",\"Nachhaltige Wirtschaft\",\"Studie\"],\"articleSection\":[\"MANAGEMENT\"],\"inLanguage\":\"it-IT\"},{\"@type\":\"WebPage\",\"@id\":\"https:\\\/\\\/www.organisator.ch\\\/management\\\/2020-03-02\\\/gesellschaftliche-verantwortung-ja-aber-nicht-auf-kosten-der-unternehmensgewinne\\\/\",\"url\":\"https:\\\/\\\/www.organisator.ch\\\/management\\\/2020-03-02\\\/gesellschaftliche-verantwortung-ja-aber-nicht-auf-kosten-der-unternehmensgewinne\\\/\",\"name\":\"Gesellschaftliche Verantwortung ja, aber nicht auf Kosten der Unternehmensgewinne - Organisator\",\"isPartOf\":{\"@id\":\"https:\\\/\\\/www.organisator.ch\\\/#website\"},\"primaryImageOfPage\":{\"@id\":\"https:\\\/\\\/www.organisator.ch\\\/management\\\/2020-03-02\\\/gesellschaftliche-verantwortung-ja-aber-nicht-auf-kosten-der-unternehmensgewinne\\\/#primaryimage\"},\"image\":{\"@id\":\"https:\\\/\\\/www.organisator.ch\\\/management\\\/2020-03-02\\\/gesellschaftliche-verantwortung-ja-aber-nicht-auf-kosten-der-unternehmensgewinne\\\/#primaryimage\"},\"thumbnailUrl\":\"https:\\\/\\\/www.organisator.ch\\\/wp-content\\\/uploads\\\/2020\\\/03\\\/Gesellschaftliche-Verantwortung-ja-aber-nicht-auf-Kosten-der-Unternehmensgewinne-1_Organisator.jpg\",\"datePublished\":\"2020-03-02T07:16:27+00:00\",\"description\":\"Gesellschaftliche Verantwortung: Mitarbeitende stehen diesbez\u00fcglich klar im Fokus, gefolgt von den Kunden und mit einigem Abstand von Natur und Umwelt.\",\"breadcrumb\":{\"@id\":\"https:\\\/\\\/www.organisator.ch\\\/management\\\/2020-03-02\\\/gesellschaftliche-verantwortung-ja-aber-nicht-auf-kosten-der-unternehmensgewinne\\\/#breadcrumb\"},\"inLanguage\":\"it-IT\",\"potentialAction\":[{\"@type\":\"ReadAction\",\"target\":[\"https:\\\/\\\/www.organisator.ch\\\/management\\\/2020-03-02\\\/gesellschaftliche-verantwortung-ja-aber-nicht-auf-kosten-der-unternehmensgewinne\\\/\"]}]},{\"@type\":\"ImageObject\",\"inLanguage\":\"it-IT\",\"@id\":\"https:\\\/\\\/www.organisator.ch\\\/management\\\/2020-03-02\\\/gesellschaftliche-verantwortung-ja-aber-nicht-auf-kosten-der-unternehmensgewinne\\\/#primaryimage\",\"url\":\"https:\\\/\\\/www.organisator.ch\\\/wp-content\\\/uploads\\\/2020\\\/03\\\/Gesellschaftliche-Verantwortung-ja-aber-nicht-auf-Kosten-der-Unternehmensgewinne-1_Organisator.jpg\",\"contentUrl\":\"https:\\\/\\\/www.organisator.ch\\\/wp-content\\\/uploads\\\/2020\\\/03\\\/Gesellschaftliche-Verantwortung-ja-aber-nicht-auf-Kosten-der-Unternehmensgewinne-1_Organisator.jpg\",\"width\":680,\"height\":460,\"caption\":\"Gesellschaftliche Verantwortung wird bei Verwaltungsr\u00e4ten unterschiedlich wahrgenommen: Mitarbeitende kommen vor Natur und Umwelt. (Bild: Pixabay.com)\"},{\"@type\":\"BreadcrumbList\",\"@id\":\"https:\\\/\\\/www.organisator.ch\\\/management\\\/2020-03-02\\\/gesellschaftliche-verantwortung-ja-aber-nicht-auf-kosten-der-unternehmensgewinne\\\/#breadcrumb\",\"itemListElement\":[{\"@type\":\"ListItem\",\"position\":1,\"name\":\"Home\",\"item\":\"https:\\\/\\\/www.organisator.ch\\\/\"},{\"@type\":\"ListItem\",\"position\":2,\"name\":\"Gesellschaftliche Verantwortung ja, aber nicht auf Kosten der Unternehmensgewinne\"}]},{\"@type\":\"WebSite\",\"@id\":\"https:\\\/\\\/www.organisator.ch\\\/#website\",\"url\":\"https:\\\/\\\/www.organisator.ch\\\/\",\"name\":\"Organisator\",\"description\":\"Kompetent. Praxisnah. Der ORGANISATOR bereitet in 10 Ausgaben pro Jahr die wesentlichen Themen f\u00fcr F\u00fchrungskr\u00e4fte von KMU auf.\",\"publisher\":{\"@id\":\"https:\\\/\\\/www.organisator.ch\\\/#organization\"},\"potentialAction\":[{\"@type\":\"SearchAction\",\"target\":{\"@type\":\"EntryPoint\",\"urlTemplate\":\"https:\\\/\\\/www.organisator.ch\\\/?s={search_term_string}\"},\"query-input\":{\"@type\":\"PropertyValueSpecification\",\"valueRequired\":true,\"valueName\":\"search_term_string\"}}],\"inLanguage\":\"it-IT\"},{\"@type\":\"Organization\",\"@id\":\"https:\\\/\\\/www.organisator.ch\\\/#organization\",\"name\":\"Organisator\",\"url\":\"https:\\\/\\\/www.organisator.ch\\\/\",\"logo\":{\"@type\":\"ImageObject\",\"inLanguage\":\"it-IT\",\"@id\":\"https:\\\/\\\/www.organisator.ch\\\/#\\\/schema\\\/logo\\\/image\\\/\",\"url\":\"https:\\\/\\\/www.organisator.ch\\\/wp-content\\\/uploads\\\/2022\\\/01\\\/Logo_Organisator_Website.png\",\"contentUrl\":\"https:\\\/\\\/www.organisator.ch\\\/wp-content\\\/uploads\\\/2022\\\/01\\\/Logo_Organisator_Website.png\",\"width\":800,\"height\":77,\"caption\":\"Organisator\"},\"image\":{\"@id\":\"https:\\\/\\\/www.organisator.ch\\\/#\\\/schema\\\/logo\\\/image\\\/\"},\"sameAs\":[\"https:\\\/\\\/www.facebook.com\\\/OrganisatorFachmagazin\",\"https:\\\/\\\/www.linkedin.com\\\/showcase\\\/organisator-das-magazin-fr-kmu\",\"https:\\\/\\\/www.xing.com\\\/news\\\/pages\\\/organisator-ch-695\",\"https:\\\/\\\/www.youtube.com\\\/channel\\\/UCGP2Sq0iWaZwT3BdIAQFYpw\"]},{\"@type\":\"Person\",\"@id\":\"https:\\\/\\\/www.organisator.ch\\\/#\\\/schema\\\/person\\\/6f650f90b2842cd4c0cc334b4e36f67e\",\"name\":\"thomas.berner\",\"image\":{\"@type\":\"ImageObject\",\"inLanguage\":\"it-IT\",\"@id\":\"https:\\\/\\\/secure.gravatar.com\\\/avatar\\\/ac5001d2a36cb6c6cd3e50789007ffca834b477b74a2144564522e944eabff61?s=96&d=mm&r=g\",\"url\":\"https:\\\/\\\/secure.gravatar.com\\\/avatar\\\/ac5001d2a36cb6c6cd3e50789007ffca834b477b74a2144564522e944eabff61?s=96&d=mm&r=g\",\"contentUrl\":\"https:\\\/\\\/secure.gravatar.com\\\/avatar\\\/ac5001d2a36cb6c6cd3e50789007ffca834b477b74a2144564522e944eabff61?s=96&d=mm&r=g\",\"caption\":\"thomas.berner\"},\"url\":\"https:\\\/\\\/www.organisator.ch\\\/it\\\/author\\\/thomas-berner\\\/\"}]}<\/script>\n<!-- \/ Yoast SEO plugin. -->","yoast_head_json":{"title":"Responsabilit\u00e0 sociale s\u00ec, ma non a scapito dei profitti aziendali - Organizzatore","description":"Responsabilit\u00e0 sociale: i dipendenti sono chiaramente al centro dell'attenzione, seguiti dai clienti e, a distanza, dalla natura e dall'ambiente.","robots":{"index":"index","follow":"follow","max-snippet":"max-snippet:-1","max-image-preview":"max-image-preview:large","max-video-preview":"max-video-preview:-1"},"canonical":"https:\/\/www.organisator.ch\/it\/gestione-2\/2020-03-02\/gesellschaftliche-verantwortung-ja-aber-nicht-auf-kosten-der-unternehmensgewinne\/","og_locale":"it_IT","og_type":"article","og_title":"Gesellschaftliche Verantwortung ja, aber nicht auf Kosten der Unternehmensgewinne","og_description":"Gesellschaftliche Verantwortung: Mitarbeitende stehen diesbez\u00fcglich klar im Fokus, gefolgt von den Kunden und mit einigem Abstand von Natur und Umwelt.","og_url":"https:\/\/www.organisator.ch\/it\/gestione-2\/2020-03-02\/gesellschaftliche-verantwortung-ja-aber-nicht-auf-kosten-der-unternehmensgewinne\/","og_site_name":"Organisator","article_publisher":"https:\/\/www.facebook.com\/OrganisatorFachmagazin","article_published_time":"2020-03-02T07:16:27+00:00","og_image":[{"width":680,"height":460,"url":"https:\/\/www.organisator.ch\/wp-content\/uploads\/2020\/03\/Gesellschaftliche-Verantwortung-ja-aber-nicht-auf-Kosten-der-Unternehmensgewinne-1_Organisator.jpg","type":"image\/jpeg"}],"author":"thomas.berner","twitter_card":"summary_large_image","twitter_title":"Gesellschaftliche #Verantwortung ja, aber nicht auf Kosten der #Unternehmensgewinne","twitter_description":"Gesellschaftliche #Verantwortung: Mitarbeitende stehen diesbez\u00fcglich klar im Fokus, gefolgt von den #Kunden und mit einigem Abstand von #Natur und #Umwelt.","twitter_image":"https:\/\/www.organisator.ch\/wp-content\/uploads\/2020\/03\/Gesellschaftliche-Verantwortung-ja-aber-nicht-auf-Kosten-der-Unternehmensgewinne-1_Organisator.jpg","schema":{"@context":"https:\/\/schema.org","@graph":[{"@type":"Article","@id":"https:\/\/www.organisator.ch\/management\/2020-03-02\/gesellschaftliche-verantwortung-ja-aber-nicht-auf-kosten-der-unternehmensgewinne\/#article","isPartOf":{"@id":"https:\/\/www.organisator.ch\/management\/2020-03-02\/gesellschaftliche-verantwortung-ja-aber-nicht-auf-kosten-der-unternehmensgewinne\/"},"author":{"name":"thomas.berner","@id":"https:\/\/www.organisator.ch\/#\/schema\/person\/6f650f90b2842cd4c0cc334b4e36f67e"},"headline":"Gesellschaftliche Verantwortung ja, aber nicht auf Kosten der Unternehmensgewinne","datePublished":"2020-03-02T07:16:27+00:00","mainEntityOfPage":{"@id":"https:\/\/www.organisator.ch\/management\/2020-03-02\/gesellschaftliche-verantwortung-ja-aber-nicht-auf-kosten-der-unternehmensgewinne\/"},"wordCount":963,"publisher":{"@id":"https:\/\/www.organisator.ch\/#organization"},"image":{"@id":"https:\/\/www.organisator.ch\/management\/2020-03-02\/gesellschaftliche-verantwortung-ja-aber-nicht-auf-kosten-der-unternehmensgewinne\/#primaryimage"},"thumbnailUrl":"https:\/\/www.organisator.ch\/wp-content\/uploads\/2020\/03\/Gesellschaftliche-Verantwortung-ja-aber-nicht-auf-Kosten-der-Unternehmensgewinne-1_Organisator.jpg","keywords":["Corporate Social Responsibility","Management und Unternehmensf\u00fchrung","Nachhaltige Wirtschaft","Studie"],"articleSection":["MANAGEMENT"],"inLanguage":"it-IT"},{"@type":"WebPage","@id":"https:\/\/www.organisator.ch\/management\/2020-03-02\/gesellschaftliche-verantwortung-ja-aber-nicht-auf-kosten-der-unternehmensgewinne\/","url":"https:\/\/www.organisator.ch\/management\/2020-03-02\/gesellschaftliche-verantwortung-ja-aber-nicht-auf-kosten-der-unternehmensgewinne\/","name":"Responsabilit\u00e0 sociale s\u00ec, ma non a scapito dei profitti aziendali - Organizzatore","isPartOf":{"@id":"https:\/\/www.organisator.ch\/#website"},"primaryImageOfPage":{"@id":"https:\/\/www.organisator.ch\/management\/2020-03-02\/gesellschaftliche-verantwortung-ja-aber-nicht-auf-kosten-der-unternehmensgewinne\/#primaryimage"},"image":{"@id":"https:\/\/www.organisator.ch\/management\/2020-03-02\/gesellschaftliche-verantwortung-ja-aber-nicht-auf-kosten-der-unternehmensgewinne\/#primaryimage"},"thumbnailUrl":"https:\/\/www.organisator.ch\/wp-content\/uploads\/2020\/03\/Gesellschaftliche-Verantwortung-ja-aber-nicht-auf-Kosten-der-Unternehmensgewinne-1_Organisator.jpg","datePublished":"2020-03-02T07:16:27+00:00","description":"Responsabilit\u00e0 sociale: i dipendenti sono chiaramente al centro dell'attenzione, seguiti dai clienti e, a distanza, dalla natura e dall'ambiente.","breadcrumb":{"@id":"https:\/\/www.organisator.ch\/management\/2020-03-02\/gesellschaftliche-verantwortung-ja-aber-nicht-auf-kosten-der-unternehmensgewinne\/#breadcrumb"},"inLanguage":"it-IT","potentialAction":[{"@type":"ReadAction","target":["https:\/\/www.organisator.ch\/management\/2020-03-02\/gesellschaftliche-verantwortung-ja-aber-nicht-auf-kosten-der-unternehmensgewinne\/"]}]},{"@type":"ImageObject","inLanguage":"it-IT","@id":"https:\/\/www.organisator.ch\/management\/2020-03-02\/gesellschaftliche-verantwortung-ja-aber-nicht-auf-kosten-der-unternehmensgewinne\/#primaryimage","url":"https:\/\/www.organisator.ch\/wp-content\/uploads\/2020\/03\/Gesellschaftliche-Verantwortung-ja-aber-nicht-auf-Kosten-der-Unternehmensgewinne-1_Organisator.jpg","contentUrl":"https:\/\/www.organisator.ch\/wp-content\/uploads\/2020\/03\/Gesellschaftliche-Verantwortung-ja-aber-nicht-auf-Kosten-der-Unternehmensgewinne-1_Organisator.jpg","width":680,"height":460,"caption":"Gesellschaftliche Verantwortung wird bei Verwaltungsr\u00e4ten unterschiedlich wahrgenommen: Mitarbeitende kommen vor Natur und Umwelt. (Bild: Pixabay.com)"},{"@type":"BreadcrumbList","@id":"https:\/\/www.organisator.ch\/management\/2020-03-02\/gesellschaftliche-verantwortung-ja-aber-nicht-auf-kosten-der-unternehmensgewinne\/#breadcrumb","itemListElement":[{"@type":"ListItem","position":1,"name":"Home","item":"https:\/\/www.organisator.ch\/"},{"@type":"ListItem","position":2,"name":"Gesellschaftliche Verantwortung ja, aber nicht auf Kosten der Unternehmensgewinne"}]},{"@type":"WebSite","@id":"https:\/\/www.organisator.ch\/#website","url":"https:\/\/www.organisator.ch\/","name":"Organizzatore","description":"Competente. Pratico. In 10 numeri all'anno, ORGANISATOR presenta i temi essenziali per i manager delle PMI.","publisher":{"@id":"https:\/\/www.organisator.ch\/#organization"},"potentialAction":[{"@type":"SearchAction","target":{"@type":"EntryPoint","urlTemplate":"https:\/\/www.organisator.ch\/?s={search_term_string}"},"query-input":{"@type":"PropertyValueSpecification","valueRequired":true,"valueName":"search_term_string"}}],"inLanguage":"it-IT"},{"@type":"Organization","@id":"https:\/\/www.organisator.ch\/#organization","name":"Organizzatore","url":"https:\/\/www.organisator.ch\/","logo":{"@type":"ImageObject","inLanguage":"it-IT","@id":"https:\/\/www.organisator.ch\/#\/schema\/logo\/image\/","url":"https:\/\/www.organisator.ch\/wp-content\/uploads\/2022\/01\/Logo_Organisator_Website.png","contentUrl":"https:\/\/www.organisator.ch\/wp-content\/uploads\/2022\/01\/Logo_Organisator_Website.png","width":800,"height":77,"caption":"Organisator"},"image":{"@id":"https:\/\/www.organisator.ch\/#\/schema\/logo\/image\/"},"sameAs":["https:\/\/www.facebook.com\/OrganisatorFachmagazin","https:\/\/www.linkedin.com\/showcase\/organisator-das-magazin-fr-kmu","https:\/\/www.xing.com\/news\/pages\/organisator-ch-695","https:\/\/www.youtube.com\/channel\/UCGP2Sq0iWaZwT3BdIAQFYpw"]},{"@type":"Person","@id":"https:\/\/www.organisator.ch\/#\/schema\/person\/6f650f90b2842cd4c0cc334b4e36f67e","name":"Tommaso.berner","image":{"@type":"ImageObject","inLanguage":"it-IT","@id":"https:\/\/secure.gravatar.com\/avatar\/ac5001d2a36cb6c6cd3e50789007ffca834b477b74a2144564522e944eabff61?s=96&d=mm&r=g","url":"https:\/\/secure.gravatar.com\/avatar\/ac5001d2a36cb6c6cd3e50789007ffca834b477b74a2144564522e944eabff61?s=96&d=mm&r=g","contentUrl":"https:\/\/secure.gravatar.com\/avatar\/ac5001d2a36cb6c6cd3e50789007ffca834b477b74a2144564522e944eabff61?s=96&d=mm&r=g","caption":"thomas.berner"},"url":"https:\/\/www.organisator.ch\/it\/author\/thomas-berner\/"}]}},"_links":{"self":[{"href":"https:\/\/www.organisator.ch\/it\/wp-json\/wp\/v2\/posts\/6403","targetHints":{"allow":["GET"]}}],"collection":[{"href":"https:\/\/www.organisator.ch\/it\/wp-json\/wp\/v2\/posts"}],"about":[{"href":"https:\/\/www.organisator.ch\/it\/wp-json\/wp\/v2\/types\/post"}],"author":[{"embeddable":true,"href":"https:\/\/www.organisator.ch\/it\/wp-json\/wp\/v2\/users\/4"}],"replies":[{"embeddable":true,"href":"https:\/\/www.organisator.ch\/it\/wp-json\/wp\/v2\/comments?post=6403"}],"version-history":[{"count":0,"href":"https:\/\/www.organisator.ch\/it\/wp-json\/wp\/v2\/posts\/6403\/revisions"}],"wp:featuredmedia":[{"embeddable":true,"href":"https:\/\/www.organisator.ch\/it\/wp-json\/wp\/v2\/media\/6404"}],"wp:attachment":[{"href":"https:\/\/www.organisator.ch\/it\/wp-json\/wp\/v2\/media?parent=6403"}],"wp:term":[{"taxonomy":"category","embeddable":true,"href":"https:\/\/www.organisator.ch\/it\/wp-json\/wp\/v2\/categories?post=6403"},{"taxonomy":"post_tag","embeddable":true,"href":"https:\/\/www.organisator.ch\/it\/wp-json\/wp\/v2\/tags?post=6403"}],"curies":[{"name":"wp","href":"https:\/\/api.w.org\/{rel}","templated":true}]}}