{"id":6411,"date":"2020-03-13T13:40:32","date_gmt":"2020-03-13T12:40:32","guid":{"rendered":"https:\/\/www.organisator.ch\/?p=6411"},"modified":"2020-03-13T13:40:32","modified_gmt":"2020-03-13T12:40:32","slug":"corona-virus-diverse-wirtschaftsanlaesse-sind-abgesagt","status":"publish","type":"post","link":"https:\/\/www.organisator.ch\/it\/allgemein\/2020-03-13\/corona-virus-diverse-wirtschaftsanlaesse-sind-abgesagt\/","title":{"rendered":"Virus Corona: altri eventi aziendali sono cancellati"},"content":{"rendered":"<figure id=\"attachment_6412\" aria-describedby=\"caption-attachment-6412\" style=\"width: 680px\" class=\"wp-caption alignnone\"><img loading=\"lazy\" decoding=\"async\" class=\"size-medium wp-image-6412\" src=\"https:\/\/www.organisator.ch\/wp-content\/uploads\/2020\/03\/Corona-Virus-Diverse-Wirtschaftsanlaesse-sind-abgesagt_Organisator.jpg\" alt=\"\" width=\"680\" height=\"453\" srcset=\"https:\/\/www.organisator.ch\/wp-content\/uploads\/2020\/03\/Corona-Virus-Diverse-Wirtschaftsanlaesse-sind-abgesagt_Organisator.jpg 680w, https:\/\/www.organisator.ch\/wp-content\/uploads\/2020\/03\/Corona-Virus-Diverse-Wirtschaftsanlaesse-sind-abgesagt_Organisator-16x12.jpg 16w, https:\/\/www.organisator.ch\/wp-content\/uploads\/2020\/03\/Corona-Virus-Diverse-Wirtschaftsanlaesse-sind-abgesagt_Organisator-263x175.jpg 263w, https:\/\/www.organisator.ch\/wp-content\/uploads\/2020\/03\/Corona-Virus-Diverse-Wirtschaftsanlaesse-sind-abgesagt_Organisator-525x350.jpg 525w, https:\/\/www.organisator.ch\/wp-content\/uploads\/2020\/03\/Corona-Virus-Diverse-Wirtschaftsanlaesse-sind-abgesagt_Organisator-300x200.jpg 300w\" sizes=\"auto, (max-width: 680px) 100vw, 680px\" \/><figcaption id=\"caption-attachment-6412\" class=\"wp-caption-text\">Prima in Cina, ora anche in Svizzera: il virus Corona sta costringendo i governi a prendere misure rigorose. (Immagine: Pixabay.com)<\/figcaption><\/figure>\n<p>Il virus Corona ha significato la fine di Autosalon, Baselworld, Giardina e della fiera Index nonwovens a Ginevra. A causa del rischio di infezione, il Consiglio federale ha vietato grandi eventi con riferimento alla legge sulle epidemie. Ma anche gli eventi pi\u00f9 piccoli, che non sono meno importanti all'interno della comunit\u00e0 economica a causa di questo, hanno dovuto piegarsi al divieto in questi giorni. La presentazione del Prix SVC Ostschweiz, prevista per il 5 marzo 2020, \u00e8 stata rinviata a tempo indeterminato. Lo Swiss Venture Club, come organizzatore, osserver\u00e0 lo sviluppo in questi giorni e spera di poter recuperare la cerimonia di premiazione in una data successiva, secondo quanto riportato. Non appena sar\u00e0 stata presa una decisione definitiva, l'OC informer\u00e0 nuovamente il pubblico.<\/p>\n<p>La \"situazione speciale\" dichiarata dal Consiglio federale costringe anche il Swiss Marketing Forum a prendere misure speciali: il comitato esecutivo ha deciso di annullare definitivamente la Giornata del Marketing del 10 marzo 2020 nel KKL. \"Tutto ci\u00f2 che costituisce il Marketing Day ci proibisce di tenerlo: la stretta di mano, il networking, il Face 2 Face, l'esperienza condivisa, l'avvicinamento - non solo nella sala da concerto\", si rammarica l'OC. Ma poich\u00e9 sono attesi circa 1000 ospiti per questo evento, gli organizzatori non potevano decidere altrimenti. Si sta considerando un rinvio all'autunno 2020. I biglietti rimangono validi e possono essere utilizzati per un'eventuale data di rinvio.<\/p>\n<p><em>Aggiornamento dal 6 marzo 2020:<\/em><\/p>\n<p>Il decreto del Consiglio federale dovrebbe durare fino al 15 marzo 2020. A seconda di come si sviluppa la situazione con il virus Corona, altri eventi potrebbero essere interessati, come il <a href=\"http:\/\/www.kmuswiss.ch\/index.cfm?setcatlist=1&amp;publication_id=418&amp;publication_action=dsp_publicationdetail&amp;content=1050&amp;paragraph=1\">Forum svizzero delle PMI<\/a> al Trafo Baden il 19 marzo. Secondo le informazioni di KMU Swiss, il permesso per questo evento \u00e8 stato rilasciato dal cantone di Argovia. Tuttavia, l'organizzatore deve rispettare la condizione che i visitatori che sono stati precedentemente in regioni di crisi come il nord Italia o la Cina non possono essere ammessi, cos\u00ec come le persone che mostrano sintomi di malattia il giorno della manifestazione. Se per allora la situazione dovesse cambiare, i partecipanti saranno informati di conseguenza.<\/p>\n<p><em>Aggiornamento 13 marzo 2020:<\/em><\/p>\n<ul>\n<li>Il consiglio di amministrazione del <a href=\"http:\/\/www.sgv-usam.ch\">Associazione svizzera del commercio sgv<\/a> ha deciso, tenendo conto dell'attuale situazione di Covid-19, di rinviare il Congresso Commerciale 2020 previsto per il 29 aprile 2020. La nuova data \u00e8 il 27 ottobre 2020 al Forum Fribourg.<\/li>\n<li>Il <a href=\"https:\/\/www.hrfestival.ch\/event\/36ec8c6a-8b1e-4765-b657-729be3255907\/summary?5S%2CM3%2C36ec8c6a-8b1e-4765-b657-729be3255907=&amp;environment=production-eu\">Festival delle risorse umane<\/a> il 31 marzo \/ 1 aprile sar\u00e0 rimandato a una data ancora da stabilire. Anche la presentazione dello Swiss HR Award \u00e8 stata annullata o posticipata. Questo evento avr\u00e0 luogo come un evento separato - anche questo in una data non ancora nota. Questo \u00e8 stato annunciato dagli organizzatori.<\/li>\n<li>Poich\u00e9 l'UFSP ha deciso di vietare le manifestazioni con pi\u00f9 di 100 partecipanti, anche il KMU SWISS Forum 2020 (vedi sopra) di gioved\u00ec 19 marzo 2020 \u00e8 annullato. L'organizzatore sta pensando di rimandare il Forum, con lo stesso programma di quest'anno, al prossimo anno, gioved\u00ec 18 marzo 2021. L'attenzione si concentra ora sulla pianificazione dettagliata del pannello KMU SWISS del 3 settembre 2020.<\/li>\n<\/ul>\n<p>&nbsp;<\/p>","protected":false},"excerpt":{"rendered":"<p>F\u00fcr den Autosalon, Baselworld, der Giardina oder auch der Vliesstoff-Fachmesse Index in Genf bedeutete das Corona-Virus das Aus. Der Bundesrat hat aufgrund der Infektionsgefahr Grossanl\u00e4sse mit Verweis auf das Epidemie-Gesetz verboten. Doch auch kleinere, deswegen aber innerhalb der wirtschaftlichen Community nicht weniger prominente Anl\u00e4sse, m\u00fcssen sich in diesen Tagen dem Verbot beugen. So wurde die [&hellip;]<\/p>\n","protected":false},"author":4,"featured_media":6412,"comment_status":"closed","ping_status":"closed","sticky":false,"template":"","format":"standard","meta":{"_acf_changed":false,"_yoast_wpseo_focuskw":"Corona-Virus","_yoast_wpseo_metadesc":"Der Bund hat Grossveranstaltungen wegen der Infektionsgefahr durch das Corona-Virus verboten. Davon betroffen sind auch einige gr\u00f6ssere Wirtschaftsanl\u00e4sse.","articlekey":"","footnotes":""},"categories":[1],"tags":[132,193,502,503,508],"class_list":["post-6411","post","type-post","status-publish","format-standard","has-post-thumbnail","hentry","category-allgemein","tag-coronavirus","tag-fachkongressfachmesse","tag-veranstaltungen","tag-verbaende","tag-vermischtes"],"acf":[],"yoast_head":"<!-- This site is optimized with the Yoast SEO plugin v27.5 - https:\/\/yoast.com\/product\/yoast-seo-wordpress\/ -->\n<title>Corona-Virus: Weitere Wirtschaftsanl\u00e4sse sind abgesagt - Organisator<\/title>\n<meta name=\"description\" content=\"Der Bund hat Grossveranstaltungen wegen der Infektionsgefahr durch das Corona-Virus verboten. Davon betroffen sind auch einige gr\u00f6ssere Wirtschaftsanl\u00e4sse.\" \/>\n<meta name=\"robots\" content=\"index, follow, max-snippet:-1, max-image-preview:large, max-video-preview:-1\" \/>\n<link rel=\"canonical\" href=\"https:\/\/www.organisator.ch\/it\/generale\/2020-03-13\/corona-virus-diverse-wirtschaftsanlaesse-sind-abgesagt\/\" \/>\n<meta property=\"og:locale\" content=\"it_IT\" \/>\n<meta property=\"og:type\" content=\"article\" \/>\n<meta property=\"og:title\" content=\"Corona-Virus: Diverse Wirtschaftsanl\u00e4sse sind abgesagt\" \/>\n<meta property=\"og:description\" content=\"Der Bund hat Grossveranstaltungen wegen der Infektionsgefahr durch das Corona-Virus verboten. Davon betroffen sind auch einige gr\u00f6ssere Wirtschaftsanl\u00e4sse.\" \/>\n<meta property=\"og:url\" content=\"https:\/\/www.organisator.ch\/it\/generale\/2020-03-13\/corona-virus-diverse-wirtschaftsanlaesse-sind-abgesagt\/\" \/>\n<meta property=\"og:site_name\" content=\"Organisator\" \/>\n<meta property=\"article:publisher\" content=\"https:\/\/www.facebook.com\/OrganisatorFachmagazin\" \/>\n<meta property=\"article:published_time\" content=\"2020-03-13T12:40:32+00:00\" \/>\n<meta property=\"og:image\" content=\"https:\/\/www.organisator.ch\/wp-content\/uploads\/2020\/03\/Corona-Virus-Diverse-Wirtschaftsanlaesse-sind-abgesagt_Organisator.jpg\" \/>\n\t<meta property=\"og:image:width\" content=\"680\" \/>\n\t<meta property=\"og:image:height\" content=\"453\" \/>\n\t<meta property=\"og:image:type\" content=\"image\/jpeg\" \/>\n<meta name=\"author\" content=\"thomas.berner\" \/>\n<meta name=\"twitter:card\" content=\"summary_large_image\" \/>\n<meta name=\"twitter:title\" content=\"#Corona-Virus: Diverse #Wirtschaftsanl\u00e4sse sind abgesagt\" \/>\n<meta name=\"twitter:description\" content=\"Der Bund hat #Grossveranstaltungen wegen der #Infektionsgefahr durch das #Corona-Virus verboten. Davon betroffen sind auch einige gr\u00f6ssere #Wirtschaftsanl\u00e4sse.\" \/>\n<meta name=\"twitter:image\" content=\"https:\/\/www.organisator.ch\/wp-content\/uploads\/2020\/03\/Corona-Virus-Diverse-Wirtschaftsanlaesse-sind-abgesagt_Organisator.jpg\" \/>\n<script type=\"application\/ld+json\" class=\"yoast-schema-graph\">{\"@context\":\"https:\\\/\\\/schema.org\",\"@graph\":[{\"@type\":\"Article\",\"@id\":\"https:\\\/\\\/www.organisator.ch\\\/de\\\/allgemein\\\/2020-03-13\\\/corona-virus-diverse-wirtschaftsanlaesse-sind-abgesagt\\\/#article\",\"isPartOf\":{\"@id\":\"https:\\\/\\\/www.organisator.ch\\\/de\\\/allgemein\\\/2020-03-13\\\/corona-virus-diverse-wirtschaftsanlaesse-sind-abgesagt\\\/\"},\"author\":{\"name\":\"thomas.berner\",\"@id\":\"https:\\\/\\\/www.organisator.ch\\\/#\\\/schema\\\/person\\\/6f650f90b2842cd4c0cc334b4e36f67e\"},\"headline\":\"Corona-Virus: Weitere Wirtschaftsanl\u00e4sse sind abgesagt\",\"datePublished\":\"2020-03-13T12:40:32+00:00\",\"mainEntityOfPage\":{\"@id\":\"https:\\\/\\\/www.organisator.ch\\\/de\\\/allgemein\\\/2020-03-13\\\/corona-virus-diverse-wirtschaftsanlaesse-sind-abgesagt\\\/\"},\"wordCount\":505,\"publisher\":{\"@id\":\"https:\\\/\\\/www.organisator.ch\\\/#organization\"},\"image\":{\"@id\":\"https:\\\/\\\/www.organisator.ch\\\/de\\\/allgemein\\\/2020-03-13\\\/corona-virus-diverse-wirtschaftsanlaesse-sind-abgesagt\\\/#primaryimage\"},\"thumbnailUrl\":\"https:\\\/\\\/www.organisator.ch\\\/wp-content\\\/uploads\\\/2020\\\/03\\\/Corona-Virus-Diverse-Wirtschaftsanlaesse-sind-abgesagt_Organisator.jpg\",\"keywords\":[\"Coronavirus\",\"Fachkongress\\\/Fachmesse\",\"Veranstaltungen\",\"Verb\u00e4nde\",\"Vermischtes\"],\"articleSection\":[\"Allgemein\"],\"inLanguage\":\"it-IT\"},{\"@type\":\"WebPage\",\"@id\":\"https:\\\/\\\/www.organisator.ch\\\/de\\\/allgemein\\\/2020-03-13\\\/corona-virus-diverse-wirtschaftsanlaesse-sind-abgesagt\\\/\",\"url\":\"https:\\\/\\\/www.organisator.ch\\\/de\\\/allgemein\\\/2020-03-13\\\/corona-virus-diverse-wirtschaftsanlaesse-sind-abgesagt\\\/\",\"name\":\"Corona-Virus: Weitere Wirtschaftsanl\u00e4sse sind abgesagt - Organisator\",\"isPartOf\":{\"@id\":\"https:\\\/\\\/www.organisator.ch\\\/#website\"},\"primaryImageOfPage\":{\"@id\":\"https:\\\/\\\/www.organisator.ch\\\/de\\\/allgemein\\\/2020-03-13\\\/corona-virus-diverse-wirtschaftsanlaesse-sind-abgesagt\\\/#primaryimage\"},\"image\":{\"@id\":\"https:\\\/\\\/www.organisator.ch\\\/de\\\/allgemein\\\/2020-03-13\\\/corona-virus-diverse-wirtschaftsanlaesse-sind-abgesagt\\\/#primaryimage\"},\"thumbnailUrl\":\"https:\\\/\\\/www.organisator.ch\\\/wp-content\\\/uploads\\\/2020\\\/03\\\/Corona-Virus-Diverse-Wirtschaftsanlaesse-sind-abgesagt_Organisator.jpg\",\"datePublished\":\"2020-03-13T12:40:32+00:00\",\"description\":\"Der Bund hat Grossveranstaltungen wegen der Infektionsgefahr durch das Corona-Virus verboten. Davon betroffen sind auch einige gr\u00f6ssere Wirtschaftsanl\u00e4sse.\",\"breadcrumb\":{\"@id\":\"https:\\\/\\\/www.organisator.ch\\\/de\\\/allgemein\\\/2020-03-13\\\/corona-virus-diverse-wirtschaftsanlaesse-sind-abgesagt\\\/#breadcrumb\"},\"inLanguage\":\"it-IT\",\"potentialAction\":[{\"@type\":\"ReadAction\",\"target\":[\"https:\\\/\\\/www.organisator.ch\\\/de\\\/allgemein\\\/2020-03-13\\\/corona-virus-diverse-wirtschaftsanlaesse-sind-abgesagt\\\/\"]}]},{\"@type\":\"ImageObject\",\"inLanguage\":\"it-IT\",\"@id\":\"https:\\\/\\\/www.organisator.ch\\\/de\\\/allgemein\\\/2020-03-13\\\/corona-virus-diverse-wirtschaftsanlaesse-sind-abgesagt\\\/#primaryimage\",\"url\":\"https:\\\/\\\/www.organisator.ch\\\/wp-content\\\/uploads\\\/2020\\\/03\\\/Corona-Virus-Diverse-Wirtschaftsanlaesse-sind-abgesagt_Organisator.jpg\",\"contentUrl\":\"https:\\\/\\\/www.organisator.ch\\\/wp-content\\\/uploads\\\/2020\\\/03\\\/Corona-Virus-Diverse-Wirtschaftsanlaesse-sind-abgesagt_Organisator.jpg\",\"width\":680,\"height\":453,\"caption\":\"Zuerst in China, nun auch in der Schweiz: Das Corona-Virus zwingt Regierungen zu rigorosen Massnahmen. (Bild: Pixabay.com)\"},{\"@type\":\"BreadcrumbList\",\"@id\":\"https:\\\/\\\/www.organisator.ch\\\/de\\\/allgemein\\\/2020-03-13\\\/corona-virus-diverse-wirtschaftsanlaesse-sind-abgesagt\\\/#breadcrumb\",\"itemListElement\":[{\"@type\":\"ListItem\",\"position\":1,\"name\":\"Home\",\"item\":\"https:\\\/\\\/www.organisator.ch\\\/\"},{\"@type\":\"ListItem\",\"position\":2,\"name\":\"Corona-Virus: Weitere Wirtschaftsanl\u00e4sse sind abgesagt\"}]},{\"@type\":\"WebSite\",\"@id\":\"https:\\\/\\\/www.organisator.ch\\\/#website\",\"url\":\"https:\\\/\\\/www.organisator.ch\\\/\",\"name\":\"Organisator\",\"description\":\"Kompetent. Praxisnah. Der ORGANISATOR bereitet in 10 Ausgaben pro Jahr die wesentlichen Themen f\u00fcr F\u00fchrungskr\u00e4fte von KMU auf.\",\"publisher\":{\"@id\":\"https:\\\/\\\/www.organisator.ch\\\/#organization\"},\"potentialAction\":[{\"@type\":\"SearchAction\",\"target\":{\"@type\":\"EntryPoint\",\"urlTemplate\":\"https:\\\/\\\/www.organisator.ch\\\/?s={search_term_string}\"},\"query-input\":{\"@type\":\"PropertyValueSpecification\",\"valueRequired\":true,\"valueName\":\"search_term_string\"}}],\"inLanguage\":\"it-IT\"},{\"@type\":\"Organization\",\"@id\":\"https:\\\/\\\/www.organisator.ch\\\/#organization\",\"name\":\"Organisator\",\"url\":\"https:\\\/\\\/www.organisator.ch\\\/\",\"logo\":{\"@type\":\"ImageObject\",\"inLanguage\":\"it-IT\",\"@id\":\"https:\\\/\\\/www.organisator.ch\\\/#\\\/schema\\\/logo\\\/image\\\/\",\"url\":\"https:\\\/\\\/www.organisator.ch\\\/wp-content\\\/uploads\\\/2022\\\/01\\\/Logo_Organisator_Website.png\",\"contentUrl\":\"https:\\\/\\\/www.organisator.ch\\\/wp-content\\\/uploads\\\/2022\\\/01\\\/Logo_Organisator_Website.png\",\"width\":800,\"height\":77,\"caption\":\"Organisator\"},\"image\":{\"@id\":\"https:\\\/\\\/www.organisator.ch\\\/#\\\/schema\\\/logo\\\/image\\\/\"},\"sameAs\":[\"https:\\\/\\\/www.facebook.com\\\/OrganisatorFachmagazin\",\"https:\\\/\\\/www.linkedin.com\\\/showcase\\\/organisator-das-magazin-fr-kmu\",\"https:\\\/\\\/www.xing.com\\\/news\\\/pages\\\/organisator-ch-695\",\"https:\\\/\\\/www.youtube.com\\\/channel\\\/UCGP2Sq0iWaZwT3BdIAQFYpw\"]},{\"@type\":\"Person\",\"@id\":\"https:\\\/\\\/www.organisator.ch\\\/#\\\/schema\\\/person\\\/6f650f90b2842cd4c0cc334b4e36f67e\",\"name\":\"thomas.berner\",\"image\":{\"@type\":\"ImageObject\",\"inLanguage\":\"it-IT\",\"@id\":\"https:\\\/\\\/secure.gravatar.com\\\/avatar\\\/ac5001d2a36cb6c6cd3e50789007ffca834b477b74a2144564522e944eabff61?s=96&d=mm&r=g\",\"url\":\"https:\\\/\\\/secure.gravatar.com\\\/avatar\\\/ac5001d2a36cb6c6cd3e50789007ffca834b477b74a2144564522e944eabff61?s=96&d=mm&r=g\",\"contentUrl\":\"https:\\\/\\\/secure.gravatar.com\\\/avatar\\\/ac5001d2a36cb6c6cd3e50789007ffca834b477b74a2144564522e944eabff61?s=96&d=mm&r=g\",\"caption\":\"thomas.berner\"},\"url\":\"https:\\\/\\\/www.organisator.ch\\\/it\\\/author\\\/thomas-berner\\\/\"}]}<\/script>\n<!-- \/ Yoast SEO plugin. -->","yoast_head_json":{"title":"Virus Corona: annullati altri eventi aziendali - Organizzatore","description":"Il governo federale ha vietato i grandi eventi a causa del rischio di infezione da parte del virus Corona. Ci\u00f2 riguarda anche alcuni grandi eventi commerciali.","robots":{"index":"index","follow":"follow","max-snippet":"max-snippet:-1","max-image-preview":"max-image-preview:large","max-video-preview":"max-video-preview:-1"},"canonical":"https:\/\/www.organisator.ch\/it\/generale\/2020-03-13\/corona-virus-diverse-wirtschaftsanlaesse-sind-abgesagt\/","og_locale":"it_IT","og_type":"article","og_title":"Corona-Virus: Diverse Wirtschaftsanl\u00e4sse sind abgesagt","og_description":"Der Bund hat Grossveranstaltungen wegen der Infektionsgefahr durch das Corona-Virus verboten. Davon betroffen sind auch einige gr\u00f6ssere Wirtschaftsanl\u00e4sse.","og_url":"https:\/\/www.organisator.ch\/it\/generale\/2020-03-13\/corona-virus-diverse-wirtschaftsanlaesse-sind-abgesagt\/","og_site_name":"Organisator","article_publisher":"https:\/\/www.facebook.com\/OrganisatorFachmagazin","article_published_time":"2020-03-13T12:40:32+00:00","og_image":[{"width":680,"height":453,"url":"https:\/\/www.organisator.ch\/wp-content\/uploads\/2020\/03\/Corona-Virus-Diverse-Wirtschaftsanlaesse-sind-abgesagt_Organisator.jpg","type":"image\/jpeg"}],"author":"thomas.berner","twitter_card":"summary_large_image","twitter_title":"#Corona-Virus: Diverse #Wirtschaftsanl\u00e4sse sind abgesagt","twitter_description":"Der Bund hat #Grossveranstaltungen wegen der #Infektionsgefahr durch das #Corona-Virus verboten. Davon betroffen sind auch einige gr\u00f6ssere #Wirtschaftsanl\u00e4sse.","twitter_image":"https:\/\/www.organisator.ch\/wp-content\/uploads\/2020\/03\/Corona-Virus-Diverse-Wirtschaftsanlaesse-sind-abgesagt_Organisator.jpg","schema":{"@context":"https:\/\/schema.org","@graph":[{"@type":"Article","@id":"https:\/\/www.organisator.ch\/de\/allgemein\/2020-03-13\/corona-virus-diverse-wirtschaftsanlaesse-sind-abgesagt\/#article","isPartOf":{"@id":"https:\/\/www.organisator.ch\/de\/allgemein\/2020-03-13\/corona-virus-diverse-wirtschaftsanlaesse-sind-abgesagt\/"},"author":{"name":"thomas.berner","@id":"https:\/\/www.organisator.ch\/#\/schema\/person\/6f650f90b2842cd4c0cc334b4e36f67e"},"headline":"Corona-Virus: Weitere Wirtschaftsanl\u00e4sse sind abgesagt","datePublished":"2020-03-13T12:40:32+00:00","mainEntityOfPage":{"@id":"https:\/\/www.organisator.ch\/de\/allgemein\/2020-03-13\/corona-virus-diverse-wirtschaftsanlaesse-sind-abgesagt\/"},"wordCount":505,"publisher":{"@id":"https:\/\/www.organisator.ch\/#organization"},"image":{"@id":"https:\/\/www.organisator.ch\/de\/allgemein\/2020-03-13\/corona-virus-diverse-wirtschaftsanlaesse-sind-abgesagt\/#primaryimage"},"thumbnailUrl":"https:\/\/www.organisator.ch\/wp-content\/uploads\/2020\/03\/Corona-Virus-Diverse-Wirtschaftsanlaesse-sind-abgesagt_Organisator.jpg","keywords":["Coronavirus","Fachkongress\/Fachmesse","Veranstaltungen","Verb\u00e4nde","Vermischtes"],"articleSection":["Allgemein"],"inLanguage":"it-IT"},{"@type":"WebPage","@id":"https:\/\/www.organisator.ch\/de\/allgemein\/2020-03-13\/corona-virus-diverse-wirtschaftsanlaesse-sind-abgesagt\/","url":"https:\/\/www.organisator.ch\/de\/allgemein\/2020-03-13\/corona-virus-diverse-wirtschaftsanlaesse-sind-abgesagt\/","name":"Virus Corona: annullati altri eventi aziendali - Organizzatore","isPartOf":{"@id":"https:\/\/www.organisator.ch\/#website"},"primaryImageOfPage":{"@id":"https:\/\/www.organisator.ch\/de\/allgemein\/2020-03-13\/corona-virus-diverse-wirtschaftsanlaesse-sind-abgesagt\/#primaryimage"},"image":{"@id":"https:\/\/www.organisator.ch\/de\/allgemein\/2020-03-13\/corona-virus-diverse-wirtschaftsanlaesse-sind-abgesagt\/#primaryimage"},"thumbnailUrl":"https:\/\/www.organisator.ch\/wp-content\/uploads\/2020\/03\/Corona-Virus-Diverse-Wirtschaftsanlaesse-sind-abgesagt_Organisator.jpg","datePublished":"2020-03-13T12:40:32+00:00","description":"Il governo federale ha vietato i grandi eventi a causa del rischio di infezione da parte del virus Corona. Ci\u00f2 riguarda anche alcuni grandi eventi commerciali.","breadcrumb":{"@id":"https:\/\/www.organisator.ch\/de\/allgemein\/2020-03-13\/corona-virus-diverse-wirtschaftsanlaesse-sind-abgesagt\/#breadcrumb"},"inLanguage":"it-IT","potentialAction":[{"@type":"ReadAction","target":["https:\/\/www.organisator.ch\/de\/allgemein\/2020-03-13\/corona-virus-diverse-wirtschaftsanlaesse-sind-abgesagt\/"]}]},{"@type":"ImageObject","inLanguage":"it-IT","@id":"https:\/\/www.organisator.ch\/de\/allgemein\/2020-03-13\/corona-virus-diverse-wirtschaftsanlaesse-sind-abgesagt\/#primaryimage","url":"https:\/\/www.organisator.ch\/wp-content\/uploads\/2020\/03\/Corona-Virus-Diverse-Wirtschaftsanlaesse-sind-abgesagt_Organisator.jpg","contentUrl":"https:\/\/www.organisator.ch\/wp-content\/uploads\/2020\/03\/Corona-Virus-Diverse-Wirtschaftsanlaesse-sind-abgesagt_Organisator.jpg","width":680,"height":453,"caption":"Zuerst in China, nun auch in der Schweiz: Das Corona-Virus zwingt Regierungen zu rigorosen Massnahmen. (Bild: Pixabay.com)"},{"@type":"BreadcrumbList","@id":"https:\/\/www.organisator.ch\/de\/allgemein\/2020-03-13\/corona-virus-diverse-wirtschaftsanlaesse-sind-abgesagt\/#breadcrumb","itemListElement":[{"@type":"ListItem","position":1,"name":"Home","item":"https:\/\/www.organisator.ch\/"},{"@type":"ListItem","position":2,"name":"Corona-Virus: Weitere Wirtschaftsanl\u00e4sse sind abgesagt"}]},{"@type":"WebSite","@id":"https:\/\/www.organisator.ch\/#website","url":"https:\/\/www.organisator.ch\/","name":"Organizzatore","description":"Competente. Pratico. In 10 numeri all'anno, ORGANISATOR presenta i temi essenziali per i manager delle PMI.","publisher":{"@id":"https:\/\/www.organisator.ch\/#organization"},"potentialAction":[{"@type":"SearchAction","target":{"@type":"EntryPoint","urlTemplate":"https:\/\/www.organisator.ch\/?s={search_term_string}"},"query-input":{"@type":"PropertyValueSpecification","valueRequired":true,"valueName":"search_term_string"}}],"inLanguage":"it-IT"},{"@type":"Organization","@id":"https:\/\/www.organisator.ch\/#organization","name":"Organizzatore","url":"https:\/\/www.organisator.ch\/","logo":{"@type":"ImageObject","inLanguage":"it-IT","@id":"https:\/\/www.organisator.ch\/#\/schema\/logo\/image\/","url":"https:\/\/www.organisator.ch\/wp-content\/uploads\/2022\/01\/Logo_Organisator_Website.png","contentUrl":"https:\/\/www.organisator.ch\/wp-content\/uploads\/2022\/01\/Logo_Organisator_Website.png","width":800,"height":77,"caption":"Organisator"},"image":{"@id":"https:\/\/www.organisator.ch\/#\/schema\/logo\/image\/"},"sameAs":["https:\/\/www.facebook.com\/OrganisatorFachmagazin","https:\/\/www.linkedin.com\/showcase\/organisator-das-magazin-fr-kmu","https:\/\/www.xing.com\/news\/pages\/organisator-ch-695","https:\/\/www.youtube.com\/channel\/UCGP2Sq0iWaZwT3BdIAQFYpw"]},{"@type":"Person","@id":"https:\/\/www.organisator.ch\/#\/schema\/person\/6f650f90b2842cd4c0cc334b4e36f67e","name":"Tommaso.berner","image":{"@type":"ImageObject","inLanguage":"it-IT","@id":"https:\/\/secure.gravatar.com\/avatar\/ac5001d2a36cb6c6cd3e50789007ffca834b477b74a2144564522e944eabff61?s=96&d=mm&r=g","url":"https:\/\/secure.gravatar.com\/avatar\/ac5001d2a36cb6c6cd3e50789007ffca834b477b74a2144564522e944eabff61?s=96&d=mm&r=g","contentUrl":"https:\/\/secure.gravatar.com\/avatar\/ac5001d2a36cb6c6cd3e50789007ffca834b477b74a2144564522e944eabff61?s=96&d=mm&r=g","caption":"thomas.berner"},"url":"https:\/\/www.organisator.ch\/it\/author\/thomas-berner\/"}]}},"_links":{"self":[{"href":"https:\/\/www.organisator.ch\/it\/wp-json\/wp\/v2\/posts\/6411","targetHints":{"allow":["GET"]}}],"collection":[{"href":"https:\/\/www.organisator.ch\/it\/wp-json\/wp\/v2\/posts"}],"about":[{"href":"https:\/\/www.organisator.ch\/it\/wp-json\/wp\/v2\/types\/post"}],"author":[{"embeddable":true,"href":"https:\/\/www.organisator.ch\/it\/wp-json\/wp\/v2\/users\/4"}],"replies":[{"embeddable":true,"href":"https:\/\/www.organisator.ch\/it\/wp-json\/wp\/v2\/comments?post=6411"}],"version-history":[{"count":0,"href":"https:\/\/www.organisator.ch\/it\/wp-json\/wp\/v2\/posts\/6411\/revisions"}],"wp:featuredmedia":[{"embeddable":true,"href":"https:\/\/www.organisator.ch\/it\/wp-json\/wp\/v2\/media\/6412"}],"wp:attachment":[{"href":"https:\/\/www.organisator.ch\/it\/wp-json\/wp\/v2\/media?parent=6411"}],"wp:term":[{"taxonomy":"category","embeddable":true,"href":"https:\/\/www.organisator.ch\/it\/wp-json\/wp\/v2\/categories?post=6411"},{"taxonomy":"post_tag","embeddable":true,"href":"https:\/\/www.organisator.ch\/it\/wp-json\/wp\/v2\/tags?post=6411"}],"curies":[{"name":"wp","href":"https:\/\/api.w.org\/{rel}","templated":true}]}}