{"id":6445,"date":"2020-03-13T08:44:56","date_gmt":"2020-03-13T07:44:56","guid":{"rendered":"https:\/\/www.organisator.ch\/?p=6445"},"modified":"2020-03-13T08:44:56","modified_gmt":"2020-03-13T07:44:56","slug":"die-corona-epidemie-ein-schwarzer-schwan","status":"publish","type":"post","link":"https:\/\/www.organisator.ch\/it\/management\/2020-03-13\/die-corona-epidemie-ein-schwarzer-schwan\/","title":{"rendered":"L'epidemia di Corona: un \"cigno nero\"?"},"content":{"rendered":"<figure id=\"attachment_6446\" aria-describedby=\"caption-attachment-6446\" style=\"width: 680px\" class=\"wp-caption alignnone\"><img loading=\"lazy\" decoding=\"async\" class=\"size-medium wp-image-6446\" src=\"https:\/\/www.organisator.ch\/wp-content\/uploads\/2020\/03\/Die-Corona-Epidemie-ein-Schwarzer-Schwan_Organisator.jpg\" alt=\"\" width=\"680\" height=\"453\" srcset=\"https:\/\/www.organisator.ch\/wp-content\/uploads\/2020\/03\/Die-Corona-Epidemie-ein-Schwarzer-Schwan_Organisator.jpg 680w, https:\/\/www.organisator.ch\/wp-content\/uploads\/2020\/03\/Die-Corona-Epidemie-ein-Schwarzer-Schwan_Organisator-16x12.jpg 16w, https:\/\/www.organisator.ch\/wp-content\/uploads\/2020\/03\/Die-Corona-Epidemie-ein-Schwarzer-Schwan_Organisator-263x175.jpg 263w, https:\/\/www.organisator.ch\/wp-content\/uploads\/2020\/03\/Die-Corona-Epidemie-ein-Schwarzer-Schwan_Organisator-525x350.jpg 525w, https:\/\/www.organisator.ch\/wp-content\/uploads\/2020\/03\/Die-Corona-Epidemie-ein-Schwarzer-Schwan_Organisator-300x200.jpg 300w\" sizes=\"auto, (max-width: 680px) 100vw, 680px\" \/><figcaption id=\"caption-attachment-6446\" class=\"wp-caption-text\">Un cigno nero \u00e8 un evento altamente raro e improbabile che ha conseguenze estreme per quelli direttamente e indirettamente colpiti. La crisi di Corona \u00e8 dunque un \"cigno nero\"? (Immagine: Pixabay.com)<\/figcaption><\/figure>\n<p>\"Questo \u00e8 un vero cigno nero\" - cio\u00e8 un evento che non pu\u00f2 essere previsto o pu\u00f2 essere previsto solo con difficolt\u00e0, che ha conseguenze di vasta portata, per lo pi\u00f9 negative, per tutte le persone e le organizzazioni direttamente e indirettamente interessate e che mette almeno in discussione i paradigmi del loro pensiero e delle loro azioni precedenti o, come nel caso di molte aziende, rende addirittura obsolete le loro strategie precedenti. Tali affermazioni si sentono spesso in relazione all'epidemia del virus Corona.<\/p>\n<h2><strong>I cigni neri stanno diventando pi\u00f9 comuni<\/strong><\/h2>\n<p>Questo \u00e8 sorprendente: I \"cigni neri\" sembrano essere diventati pi\u00f9 frequenti negli ultimi due decenni. In relazione a Corona, si fa talvolta riferimento allo tsunami nell'Oceano Indiano scatenato da un maremoto nel 2004 e all'incidente al reattore nucleare di Fukushima, in Giappone, nel 2011. Molto pi\u00f9 spesso, tuttavia, l'impatto globale di Corona \u00e8 usato per riferirsi alla crisi finanziaria innescata dal fallimento di Lehman nel 2008, che a sua volta ha causato in parte la crisi dell'euro che \u00e8 seguita poco dopo. E a volte si parla anche dell'\"affare diesel\" innescato dagli \"imbrogli\" di alcune case automobilistiche, che \u00e8 stato un cigno nero almeno per molti fornitori dell'industria automobilistica, rendendo obsolete le loro precedenti, di solito di successo, azioni o strategie aziendali.<\/p>\n<h2><strong>Forti parallelismi con la crisi finanziaria del 2008<\/strong><\/h2>\n<p>Ma l'epidemia di Corona pu\u00f2 essere paragonata, per esempio, allo tsunami nell'Oceano Indiano o all'\"affare diesel\"? Solo in misura limitata, perch\u00e9 lo tsunami \u00e8 stato - nonostante gli oltre 200.000 morti - principalmente un evento regionale. E gli effetti dell'\"affare diesel\" rimangono in gran parte limitati all'industria automobilistica.<\/p>\n<p>La crisi di Corona pu\u00f2 essere paragonata alla crisi finanziaria del 2008, che ha dimostrato drasticamente la fragilit\u00e0 del sistema finanziario internazionale: L'epidemia o pandemia di Corona rende chiaro quanto sia vulnerabile il nostro sistema economico globale con il suo groviglio difficilmente districabile di dipendenze e interdipendenze reciproche.<\/p>\n<h2><strong>Anche un cigno nero ha delle cause<\/strong><\/h2>\n<p>Il termine \"Cigno nero\" risale al libro del 2001 del pubblicista, matematico finanziario e banchiere d'investimento Nassim Nicholas Taleb, \"Fooled By Randomness\", che tratta la storia della finanza. Nel 2007, ha anche pubblicato un libro intitolato \"The Black Swan\", che si occupa di eventi imprevedibili ed epocali al di l\u00e0 del mercato finanziario.<\/p>\n<p>Secondo Taleb, i cigni neri sono eventi altamente rari e improbabili,<\/p>\n<ul>\n<li>che hanno conseguenze estreme per le persone direttamente e indirettamente colpite,<\/li>\n<li>per i quali, tuttavia, si trovano di solito spiegazioni plausibili e comprensibili a posteriori.<\/li>\n<\/ul>\n<p>Include anche eventi piuttosto coincidenti come la scoperta della penicillina, che ha rivoluzionato la sanit\u00e0, e la scoperta dell'America nella ricerca di una nuova rotta marittima verso l'India.<\/p>\n<h2><strong>I cigni neri mostrano i punti ciechi<\/strong><\/h2>\n<p>Come Taleb ha gi\u00e0 scritto, si trovano spiegazioni per la maggior parte dei cigni neri a posteriori. Cio\u00e8, non sono cos\u00ec imprevedibili come vengono spesso rappresentati, almeno al momento del loro verificarsi - anche come scusa del perch\u00e9, per esempio, un'azienda \u00e8 andata in tilt a causa dell'evento che si \u00e8 verificato.<\/p>\n<p>Tuttavia, nel caso di tutti i cigni neri menzionati in tempi recenti, c'erano esperti noti e rinomati che avevano avvertito in anticipo gli eventi o gli sviluppi corrispondenti - questo vale anche per il cigno nero \"cambiamento climatico\", che attualmente viene spinto di nuovo ai margini della consapevolezza pubblica sulla scia dell'epidemia di Corona. Questo significa che molti \"cigni neri\" erano o sono prevedibili. Pertanto, rivelano piuttosto bruscamente i punti ciechi del pensiero e della percezione collettiva.<\/p>\n<h2><strong>I cigni neri rendono visibili le rotture di strategia <\/strong><\/h2>\n<p>Inoltre, i cigni neri rivelano incoerenze nelle strategie d'azione delle societ\u00e0 e delle imprese. Per esempio, quando il discorso sociale nell'ambito dell'approvvigionamento energetico e alimentare discute la regionalit\u00e0 o la produzione vicina al consumatore, ma dimentica completamente l'approvvigionamento di medicinali, che attualmente sta portando a strozzature nell'approvvigionamento nel corso dell'epidemia di Corona.<\/p>\n<p>La situazione \u00e8 simile nell'industria. Negli ultimi decenni, molte aziende hanno implementato i concetti \"just-in-time\" nella loro produzione, per esempio, ma senza tenere sufficientemente conto del fatto che quando i pezzi richiesti vengono consegnati dalla Cina, che provengono anche dalle officine di un fornitore, c'\u00e8 un rischio maggiore che non vengano consegnati \"just-in-time\" - il che a sua volta paralizza la produzione.<\/p>\n<p>Ci\u00f2 significa che molti dei cosiddetti cigni neri avrebbero potuto essere evitati a posteriori, o che una gestione professionale del rischio avrebbe permesso di prendere migliori precauzioni in caso di emergenza o di necessit\u00e0.<\/p>\n<h2><strong>Rendere la strategia \"a prova di crisi\" - per quanto possibile<\/strong><\/h2>\n<p>Tali incoerenze - tra l'altro, dovute a punti ciechi collettivi causati, per esempio, dall'affiliazione a un settore - esistono spesso nelle strategie delle aziende. Queste possono portare a crisi esistenziali a medio e lungo termine. Per questo motivo, le aziende dovrebbero usare l'attuale crisi di Corona, sempre che non stiano lottando per la sopravvivenza, come un'opportunit\u00e0 per controllare oltre il business quotidiano con il supporto di esperti esterni: In che misura queste \"pause\" esistono nelle nostre considerazioni e decisioni strategiche? Solo allora si possono prendere le misure precauzionali necessarie per evitare che i rischi esistenti diventino cigni neri che, in casi estremi, mettono in pericolo l'esistenza dell'azienda.<\/p>\n<p><em><strong>All'autore:<br \/>\n<\/strong>Il dottor Georg Kraus \u00e8 socio amministratore della societ\u00e0 di consulenza aziendale Dr Kraus &amp; Partner, Bruchsal (<a href=\"http:\/\/www.kraus-und-partner.de\">www.kraus-und-partner.de<\/a>). \u00c8 docente presso l'Universit\u00e0 di Karlsruhe, l'IAE di Aix-en-Provence, la St.Gallen Business School e l'Universit\u00e0 Tecnica di Clausthal, tra gli altri.<\/em><\/p>","protected":false},"excerpt":{"rendered":"<p>\u201eDas ist ein echter Schwarzer Schwan\u201c \u2013 also ein nicht oder nur schwer vorhersehbares Ereignis, das weitreichende, zumeist negative Konsequenzen f\u00fcr alle direkt und indirekt betroffenen Personen und Organisation hat und die Paradigmen ihres bisherigen Denkens und Handeln zumindest in Frage spielt oder wie bei vielen Unternehmen ihre bisherigen Strategien sogar obsolet macht. Solche Aussagen [&hellip;]<\/p>\n","protected":false},"author":4,"featured_media":6446,"comment_status":"closed","ping_status":"closed","sticky":false,"template":"","format":"standard","meta":{"_acf_changed":false,"_yoast_wpseo_focuskw":"Schwarzer Schwan","_yoast_wpseo_metadesc":"Ein Schwarzer Schwan? Die Corona-Epidemie traf die Unternehmen wie ein Blitz aus heiterem Himmel und deckt Schw\u00e4chen im Risikomanagement schonungslos auf.","articlekey":"","footnotes":""},"categories":[28],"tags":[132,315,335,418],"class_list":["post-6445","post","type-post","status-publish","format-standard","has-post-thumbnail","hentry","category-management","tag-coronavirus","tag-krisenmanagement","tag-management-und-unternehmensfuehrung","tag-risikomanagement"],"acf":[],"yoast_head":"<!-- This site is optimized with the Yoast SEO plugin v27.5 - https:\/\/yoast.com\/product\/yoast-seo-wordpress\/ -->\n<title>Die Corona-Epidemie: ein \u201eSchwarzer Schwan\u201c? - Organisator<\/title>\n<meta name=\"description\" content=\"Ein Schwarzer Schwan? Die Corona-Epidemie traf die Unternehmen wie ein Blitz aus heiterem Himmel und deckt Schw\u00e4chen im Risikomanagement schonungslos auf.\" \/>\n<meta name=\"robots\" content=\"index, follow, max-snippet:-1, max-image-preview:large, max-video-preview:-1\" \/>\n<link rel=\"canonical\" href=\"https:\/\/www.organisator.ch\/it\/gestione-2\/2020-03-13\/die-corona-epidemie-ein-schwarzer-schwan\/\" \/>\n<meta property=\"og:locale\" content=\"it_IT\" \/>\n<meta property=\"og:type\" content=\"article\" \/>\n<meta property=\"og:title\" content=\"Die Corona-Epidemie: ein \u201eSchwarzer Schwan\u201c?\" \/>\n<meta property=\"og:description\" content=\"Ein Schwarzer Schwan? Die Corona-Epidemie traf die Unternehmen wie ein Blitz aus heiterem Himmel und deckt Schw\u00e4chen im Risikomanagement schonungslos auf.\" \/>\n<meta property=\"og:url\" content=\"https:\/\/www.organisator.ch\/it\/gestione-2\/2020-03-13\/die-corona-epidemie-ein-schwarzer-schwan\/\" \/>\n<meta property=\"og:site_name\" content=\"Organisator\" \/>\n<meta property=\"article:publisher\" content=\"https:\/\/www.facebook.com\/OrganisatorFachmagazin\" \/>\n<meta property=\"article:published_time\" content=\"2020-03-13T07:44:56+00:00\" \/>\n<meta property=\"og:image\" content=\"https:\/\/www.organisator.ch\/wp-content\/uploads\/2020\/03\/Die-Corona-Epidemie-ein-Schwarzer-Schwan_Organisator.jpg\" \/>\n\t<meta property=\"og:image:width\" content=\"680\" \/>\n\t<meta property=\"og:image:height\" content=\"453\" \/>\n\t<meta property=\"og:image:type\" content=\"image\/jpeg\" \/>\n<meta name=\"author\" content=\"thomas.berner\" \/>\n<meta name=\"twitter:card\" content=\"summary_large_image\" \/>\n<meta name=\"twitter:title\" content=\"Die #Corona-Epidemie: ein \u201eSchwarzer Schwan\u201c?\" \/>\n<meta name=\"twitter:description\" content=\"Ein Schwarzer Schwan? Die #Corona-Epidemie traf die Unternehmen wie ein Blitz aus heiterem Himmel und deckt Schw\u00e4chen im #Risikomanagement schonungslos auf.\" \/>\n<meta name=\"twitter:image\" content=\"https:\/\/www.organisator.ch\/wp-content\/uploads\/2020\/03\/Die-Corona-Epidemie-ein-Schwarzer-Schwan_Organisator.jpg\" \/>\n<script type=\"application\/ld+json\" class=\"yoast-schema-graph\">{\"@context\":\"https:\\\/\\\/schema.org\",\"@graph\":[{\"@type\":\"Article\",\"@id\":\"https:\\\/\\\/www.organisator.ch\\\/management\\\/2020-03-13\\\/die-corona-epidemie-ein-schwarzer-schwan\\\/#article\",\"isPartOf\":{\"@id\":\"https:\\\/\\\/www.organisator.ch\\\/management\\\/2020-03-13\\\/die-corona-epidemie-ein-schwarzer-schwan\\\/\"},\"author\":{\"name\":\"thomas.berner\",\"@id\":\"https:\\\/\\\/www.organisator.ch\\\/#\\\/schema\\\/person\\\/6f650f90b2842cd4c0cc334b4e36f67e\"},\"headline\":\"Die Corona-Epidemie: ein \u201eSchwarzer Schwan\u201c?\",\"datePublished\":\"2020-03-13T07:44:56+00:00\",\"mainEntityOfPage\":{\"@id\":\"https:\\\/\\\/www.organisator.ch\\\/management\\\/2020-03-13\\\/die-corona-epidemie-ein-schwarzer-schwan\\\/\"},\"wordCount\":927,\"publisher\":{\"@id\":\"https:\\\/\\\/www.organisator.ch\\\/#organization\"},\"image\":{\"@id\":\"https:\\\/\\\/www.organisator.ch\\\/management\\\/2020-03-13\\\/die-corona-epidemie-ein-schwarzer-schwan\\\/#primaryimage\"},\"thumbnailUrl\":\"https:\\\/\\\/www.organisator.ch\\\/wp-content\\\/uploads\\\/2020\\\/03\\\/Die-Corona-Epidemie-ein-Schwarzer-Schwan_Organisator.jpg\",\"keywords\":[\"Coronavirus\",\"Krisenmanagement\",\"Management und Unternehmensf\u00fchrung\",\"Risikomanagement\"],\"articleSection\":[\"MANAGEMENT\"],\"inLanguage\":\"it-IT\"},{\"@type\":\"WebPage\",\"@id\":\"https:\\\/\\\/www.organisator.ch\\\/management\\\/2020-03-13\\\/die-corona-epidemie-ein-schwarzer-schwan\\\/\",\"url\":\"https:\\\/\\\/www.organisator.ch\\\/management\\\/2020-03-13\\\/die-corona-epidemie-ein-schwarzer-schwan\\\/\",\"name\":\"Die Corona-Epidemie: ein \u201eSchwarzer Schwan\u201c? - Organisator\",\"isPartOf\":{\"@id\":\"https:\\\/\\\/www.organisator.ch\\\/#website\"},\"primaryImageOfPage\":{\"@id\":\"https:\\\/\\\/www.organisator.ch\\\/management\\\/2020-03-13\\\/die-corona-epidemie-ein-schwarzer-schwan\\\/#primaryimage\"},\"image\":{\"@id\":\"https:\\\/\\\/www.organisator.ch\\\/management\\\/2020-03-13\\\/die-corona-epidemie-ein-schwarzer-schwan\\\/#primaryimage\"},\"thumbnailUrl\":\"https:\\\/\\\/www.organisator.ch\\\/wp-content\\\/uploads\\\/2020\\\/03\\\/Die-Corona-Epidemie-ein-Schwarzer-Schwan_Organisator.jpg\",\"datePublished\":\"2020-03-13T07:44:56+00:00\",\"description\":\"Ein Schwarzer Schwan? Die Corona-Epidemie traf die Unternehmen wie ein Blitz aus heiterem Himmel und deckt Schw\u00e4chen im Risikomanagement schonungslos auf.\",\"breadcrumb\":{\"@id\":\"https:\\\/\\\/www.organisator.ch\\\/management\\\/2020-03-13\\\/die-corona-epidemie-ein-schwarzer-schwan\\\/#breadcrumb\"},\"inLanguage\":\"it-IT\",\"potentialAction\":[{\"@type\":\"ReadAction\",\"target\":[\"https:\\\/\\\/www.organisator.ch\\\/management\\\/2020-03-13\\\/die-corona-epidemie-ein-schwarzer-schwan\\\/\"]}]},{\"@type\":\"ImageObject\",\"inLanguage\":\"it-IT\",\"@id\":\"https:\\\/\\\/www.organisator.ch\\\/management\\\/2020-03-13\\\/die-corona-epidemie-ein-schwarzer-schwan\\\/#primaryimage\",\"url\":\"https:\\\/\\\/www.organisator.ch\\\/wp-content\\\/uploads\\\/2020\\\/03\\\/Die-Corona-Epidemie-ein-Schwarzer-Schwan_Organisator.jpg\",\"contentUrl\":\"https:\\\/\\\/www.organisator.ch\\\/wp-content\\\/uploads\\\/2020\\\/03\\\/Die-Corona-Epidemie-ein-Schwarzer-Schwan_Organisator.jpg\",\"width\":680,\"height\":453,\"caption\":\"Als Schwarzer Schwan bezeichnet man eine h\u00f6chst seltene und unwahrscheinliche Ereignisse, \u2022 die extreme Auswirkungen f\u00fcr die direkt und indirekt Betroffenen haben. Ist nun die Corona-Krise ein solcher \\\"Schwarzer Schwan\\\"? (Bild: Pixabay.com)\"},{\"@type\":\"BreadcrumbList\",\"@id\":\"https:\\\/\\\/www.organisator.ch\\\/management\\\/2020-03-13\\\/die-corona-epidemie-ein-schwarzer-schwan\\\/#breadcrumb\",\"itemListElement\":[{\"@type\":\"ListItem\",\"position\":1,\"name\":\"Home\",\"item\":\"https:\\\/\\\/www.organisator.ch\\\/\"},{\"@type\":\"ListItem\",\"position\":2,\"name\":\"Die Corona-Epidemie: ein \u201eSchwarzer Schwan\u201c?\"}]},{\"@type\":\"WebSite\",\"@id\":\"https:\\\/\\\/www.organisator.ch\\\/#website\",\"url\":\"https:\\\/\\\/www.organisator.ch\\\/\",\"name\":\"Organisator\",\"description\":\"Kompetent. Praxisnah. Der ORGANISATOR bereitet in 10 Ausgaben pro Jahr die wesentlichen Themen f\u00fcr F\u00fchrungskr\u00e4fte von KMU auf.\",\"publisher\":{\"@id\":\"https:\\\/\\\/www.organisator.ch\\\/#organization\"},\"potentialAction\":[{\"@type\":\"SearchAction\",\"target\":{\"@type\":\"EntryPoint\",\"urlTemplate\":\"https:\\\/\\\/www.organisator.ch\\\/?s={search_term_string}\"},\"query-input\":{\"@type\":\"PropertyValueSpecification\",\"valueRequired\":true,\"valueName\":\"search_term_string\"}}],\"inLanguage\":\"it-IT\"},{\"@type\":\"Organization\",\"@id\":\"https:\\\/\\\/www.organisator.ch\\\/#organization\",\"name\":\"Organisator\",\"url\":\"https:\\\/\\\/www.organisator.ch\\\/\",\"logo\":{\"@type\":\"ImageObject\",\"inLanguage\":\"it-IT\",\"@id\":\"https:\\\/\\\/www.organisator.ch\\\/#\\\/schema\\\/logo\\\/image\\\/\",\"url\":\"https:\\\/\\\/www.organisator.ch\\\/wp-content\\\/uploads\\\/2022\\\/01\\\/Logo_Organisator_Website.png\",\"contentUrl\":\"https:\\\/\\\/www.organisator.ch\\\/wp-content\\\/uploads\\\/2022\\\/01\\\/Logo_Organisator_Website.png\",\"width\":800,\"height\":77,\"caption\":\"Organisator\"},\"image\":{\"@id\":\"https:\\\/\\\/www.organisator.ch\\\/#\\\/schema\\\/logo\\\/image\\\/\"},\"sameAs\":[\"https:\\\/\\\/www.facebook.com\\\/OrganisatorFachmagazin\",\"https:\\\/\\\/www.linkedin.com\\\/showcase\\\/organisator-das-magazin-fr-kmu\",\"https:\\\/\\\/www.xing.com\\\/news\\\/pages\\\/organisator-ch-695\",\"https:\\\/\\\/www.youtube.com\\\/channel\\\/UCGP2Sq0iWaZwT3BdIAQFYpw\"]},{\"@type\":\"Person\",\"@id\":\"https:\\\/\\\/www.organisator.ch\\\/#\\\/schema\\\/person\\\/6f650f90b2842cd4c0cc334b4e36f67e\",\"name\":\"thomas.berner\",\"image\":{\"@type\":\"ImageObject\",\"inLanguage\":\"it-IT\",\"@id\":\"https:\\\/\\\/secure.gravatar.com\\\/avatar\\\/ac5001d2a36cb6c6cd3e50789007ffca834b477b74a2144564522e944eabff61?s=96&d=mm&r=g\",\"url\":\"https:\\\/\\\/secure.gravatar.com\\\/avatar\\\/ac5001d2a36cb6c6cd3e50789007ffca834b477b74a2144564522e944eabff61?s=96&d=mm&r=g\",\"contentUrl\":\"https:\\\/\\\/secure.gravatar.com\\\/avatar\\\/ac5001d2a36cb6c6cd3e50789007ffca834b477b74a2144564522e944eabff61?s=96&d=mm&r=g\",\"caption\":\"thomas.berner\"},\"url\":\"https:\\\/\\\/www.organisator.ch\\\/it\\\/author\\\/thomas-berner\\\/\"}]}<\/script>\n<!-- \/ Yoast SEO plugin. -->","yoast_head_json":{"title":"L'epidemia di Corona: un \"cigno nero\"? - Organizzatore","description":"Un cigno nero? L'epidemia di Corona ha colpito le aziende come un fulmine a ciel sereno e ha messo a nudo le debolezze nella gestione del rischio.","robots":{"index":"index","follow":"follow","max-snippet":"max-snippet:-1","max-image-preview":"max-image-preview:large","max-video-preview":"max-video-preview:-1"},"canonical":"https:\/\/www.organisator.ch\/it\/gestione-2\/2020-03-13\/die-corona-epidemie-ein-schwarzer-schwan\/","og_locale":"it_IT","og_type":"article","og_title":"Die Corona-Epidemie: ein \u201eSchwarzer Schwan\u201c?","og_description":"Ein Schwarzer Schwan? Die Corona-Epidemie traf die Unternehmen wie ein Blitz aus heiterem Himmel und deckt Schw\u00e4chen im Risikomanagement schonungslos auf.","og_url":"https:\/\/www.organisator.ch\/it\/gestione-2\/2020-03-13\/die-corona-epidemie-ein-schwarzer-schwan\/","og_site_name":"Organisator","article_publisher":"https:\/\/www.facebook.com\/OrganisatorFachmagazin","article_published_time":"2020-03-13T07:44:56+00:00","og_image":[{"width":680,"height":453,"url":"https:\/\/www.organisator.ch\/wp-content\/uploads\/2020\/03\/Die-Corona-Epidemie-ein-Schwarzer-Schwan_Organisator.jpg","type":"image\/jpeg"}],"author":"thomas.berner","twitter_card":"summary_large_image","twitter_title":"Die #Corona-Epidemie: ein \u201eSchwarzer Schwan\u201c?","twitter_description":"Ein Schwarzer Schwan? Die #Corona-Epidemie traf die Unternehmen wie ein Blitz aus heiterem Himmel und deckt Schw\u00e4chen im #Risikomanagement schonungslos auf.","twitter_image":"https:\/\/www.organisator.ch\/wp-content\/uploads\/2020\/03\/Die-Corona-Epidemie-ein-Schwarzer-Schwan_Organisator.jpg","schema":{"@context":"https:\/\/schema.org","@graph":[{"@type":"Article","@id":"https:\/\/www.organisator.ch\/management\/2020-03-13\/die-corona-epidemie-ein-schwarzer-schwan\/#article","isPartOf":{"@id":"https:\/\/www.organisator.ch\/management\/2020-03-13\/die-corona-epidemie-ein-schwarzer-schwan\/"},"author":{"name":"thomas.berner","@id":"https:\/\/www.organisator.ch\/#\/schema\/person\/6f650f90b2842cd4c0cc334b4e36f67e"},"headline":"Die Corona-Epidemie: ein \u201eSchwarzer Schwan\u201c?","datePublished":"2020-03-13T07:44:56+00:00","mainEntityOfPage":{"@id":"https:\/\/www.organisator.ch\/management\/2020-03-13\/die-corona-epidemie-ein-schwarzer-schwan\/"},"wordCount":927,"publisher":{"@id":"https:\/\/www.organisator.ch\/#organization"},"image":{"@id":"https:\/\/www.organisator.ch\/management\/2020-03-13\/die-corona-epidemie-ein-schwarzer-schwan\/#primaryimage"},"thumbnailUrl":"https:\/\/www.organisator.ch\/wp-content\/uploads\/2020\/03\/Die-Corona-Epidemie-ein-Schwarzer-Schwan_Organisator.jpg","keywords":["Coronavirus","Krisenmanagement","Management und Unternehmensf\u00fchrung","Risikomanagement"],"articleSection":["MANAGEMENT"],"inLanguage":"it-IT"},{"@type":"WebPage","@id":"https:\/\/www.organisator.ch\/management\/2020-03-13\/die-corona-epidemie-ein-schwarzer-schwan\/","url":"https:\/\/www.organisator.ch\/management\/2020-03-13\/die-corona-epidemie-ein-schwarzer-schwan\/","name":"L'epidemia di Corona: un \"cigno nero\"? - Organizzatore","isPartOf":{"@id":"https:\/\/www.organisator.ch\/#website"},"primaryImageOfPage":{"@id":"https:\/\/www.organisator.ch\/management\/2020-03-13\/die-corona-epidemie-ein-schwarzer-schwan\/#primaryimage"},"image":{"@id":"https:\/\/www.organisator.ch\/management\/2020-03-13\/die-corona-epidemie-ein-schwarzer-schwan\/#primaryimage"},"thumbnailUrl":"https:\/\/www.organisator.ch\/wp-content\/uploads\/2020\/03\/Die-Corona-Epidemie-ein-Schwarzer-Schwan_Organisator.jpg","datePublished":"2020-03-13T07:44:56+00:00","description":"Un cigno nero? L'epidemia di Corona ha colpito le aziende come un fulmine a ciel sereno e ha messo a nudo le debolezze nella gestione del rischio.","breadcrumb":{"@id":"https:\/\/www.organisator.ch\/management\/2020-03-13\/die-corona-epidemie-ein-schwarzer-schwan\/#breadcrumb"},"inLanguage":"it-IT","potentialAction":[{"@type":"ReadAction","target":["https:\/\/www.organisator.ch\/management\/2020-03-13\/die-corona-epidemie-ein-schwarzer-schwan\/"]}]},{"@type":"ImageObject","inLanguage":"it-IT","@id":"https:\/\/www.organisator.ch\/management\/2020-03-13\/die-corona-epidemie-ein-schwarzer-schwan\/#primaryimage","url":"https:\/\/www.organisator.ch\/wp-content\/uploads\/2020\/03\/Die-Corona-Epidemie-ein-Schwarzer-Schwan_Organisator.jpg","contentUrl":"https:\/\/www.organisator.ch\/wp-content\/uploads\/2020\/03\/Die-Corona-Epidemie-ein-Schwarzer-Schwan_Organisator.jpg","width":680,"height":453,"caption":"Als Schwarzer Schwan bezeichnet man eine h\u00f6chst seltene und unwahrscheinliche Ereignisse, \u2022 die extreme Auswirkungen f\u00fcr die direkt und indirekt Betroffenen haben. Ist nun die Corona-Krise ein solcher \"Schwarzer Schwan\"? (Bild: Pixabay.com)"},{"@type":"BreadcrumbList","@id":"https:\/\/www.organisator.ch\/management\/2020-03-13\/die-corona-epidemie-ein-schwarzer-schwan\/#breadcrumb","itemListElement":[{"@type":"ListItem","position":1,"name":"Home","item":"https:\/\/www.organisator.ch\/"},{"@type":"ListItem","position":2,"name":"Die Corona-Epidemie: ein \u201eSchwarzer Schwan\u201c?"}]},{"@type":"WebSite","@id":"https:\/\/www.organisator.ch\/#website","url":"https:\/\/www.organisator.ch\/","name":"Organizzatore","description":"Competente. Pratico. In 10 numeri all'anno, ORGANISATOR presenta i temi essenziali per i manager delle PMI.","publisher":{"@id":"https:\/\/www.organisator.ch\/#organization"},"potentialAction":[{"@type":"SearchAction","target":{"@type":"EntryPoint","urlTemplate":"https:\/\/www.organisator.ch\/?s={search_term_string}"},"query-input":{"@type":"PropertyValueSpecification","valueRequired":true,"valueName":"search_term_string"}}],"inLanguage":"it-IT"},{"@type":"Organization","@id":"https:\/\/www.organisator.ch\/#organization","name":"Organizzatore","url":"https:\/\/www.organisator.ch\/","logo":{"@type":"ImageObject","inLanguage":"it-IT","@id":"https:\/\/www.organisator.ch\/#\/schema\/logo\/image\/","url":"https:\/\/www.organisator.ch\/wp-content\/uploads\/2022\/01\/Logo_Organisator_Website.png","contentUrl":"https:\/\/www.organisator.ch\/wp-content\/uploads\/2022\/01\/Logo_Organisator_Website.png","width":800,"height":77,"caption":"Organisator"},"image":{"@id":"https:\/\/www.organisator.ch\/#\/schema\/logo\/image\/"},"sameAs":["https:\/\/www.facebook.com\/OrganisatorFachmagazin","https:\/\/www.linkedin.com\/showcase\/organisator-das-magazin-fr-kmu","https:\/\/www.xing.com\/news\/pages\/organisator-ch-695","https:\/\/www.youtube.com\/channel\/UCGP2Sq0iWaZwT3BdIAQFYpw"]},{"@type":"Person","@id":"https:\/\/www.organisator.ch\/#\/schema\/person\/6f650f90b2842cd4c0cc334b4e36f67e","name":"Tommaso.berner","image":{"@type":"ImageObject","inLanguage":"it-IT","@id":"https:\/\/secure.gravatar.com\/avatar\/ac5001d2a36cb6c6cd3e50789007ffca834b477b74a2144564522e944eabff61?s=96&d=mm&r=g","url":"https:\/\/secure.gravatar.com\/avatar\/ac5001d2a36cb6c6cd3e50789007ffca834b477b74a2144564522e944eabff61?s=96&d=mm&r=g","contentUrl":"https:\/\/secure.gravatar.com\/avatar\/ac5001d2a36cb6c6cd3e50789007ffca834b477b74a2144564522e944eabff61?s=96&d=mm&r=g","caption":"thomas.berner"},"url":"https:\/\/www.organisator.ch\/it\/author\/thomas-berner\/"}]}},"_links":{"self":[{"href":"https:\/\/www.organisator.ch\/it\/wp-json\/wp\/v2\/posts\/6445","targetHints":{"allow":["GET"]}}],"collection":[{"href":"https:\/\/www.organisator.ch\/it\/wp-json\/wp\/v2\/posts"}],"about":[{"href":"https:\/\/www.organisator.ch\/it\/wp-json\/wp\/v2\/types\/post"}],"author":[{"embeddable":true,"href":"https:\/\/www.organisator.ch\/it\/wp-json\/wp\/v2\/users\/4"}],"replies":[{"embeddable":true,"href":"https:\/\/www.organisator.ch\/it\/wp-json\/wp\/v2\/comments?post=6445"}],"version-history":[{"count":0,"href":"https:\/\/www.organisator.ch\/it\/wp-json\/wp\/v2\/posts\/6445\/revisions"}],"wp:featuredmedia":[{"embeddable":true,"href":"https:\/\/www.organisator.ch\/it\/wp-json\/wp\/v2\/media\/6446"}],"wp:attachment":[{"href":"https:\/\/www.organisator.ch\/it\/wp-json\/wp\/v2\/media?parent=6445"}],"wp:term":[{"taxonomy":"category","embeddable":true,"href":"https:\/\/www.organisator.ch\/it\/wp-json\/wp\/v2\/categories?post=6445"},{"taxonomy":"post_tag","embeddable":true,"href":"https:\/\/www.organisator.ch\/it\/wp-json\/wp\/v2\/tags?post=6445"}],"curies":[{"name":"wp","href":"https:\/\/api.w.org\/{rel}","templated":true}]}}