{"id":6449,"date":"2020-03-13T09:44:55","date_gmt":"2020-03-13T08:44:55","guid":{"rendered":"https:\/\/www.organisator.ch\/?p=6449"},"modified":"2020-03-13T09:44:55","modified_gmt":"2020-03-13T08:44:55","slug":"coronavirus-arbeitsrechtliche-fragen","status":"publish","type":"post","link":"https:\/\/www.organisator.ch\/it\/management\/finanzen_recht\/2020-03-13\/coronavirus-arbeitsrechtliche-fragen\/","title":{"rendered":"Coronavirus: questioni di diritto del lavoro"},"content":{"rendered":"<figure id=\"attachment_6450\" aria-describedby=\"caption-attachment-6450\" style=\"width: 680px\" class=\"wp-caption alignnone\"><img loading=\"lazy\" decoding=\"async\" class=\"size-medium wp-image-6450\" src=\"https:\/\/www.organisator.ch\/wp-content\/uploads\/2020\/03\/Coronavirus-Arbeitsrechtliche-Fragen_Organisator.jpg\" alt=\"\" width=\"680\" height=\"463\" srcset=\"https:\/\/www.organisator.ch\/wp-content\/uploads\/2020\/03\/Coronavirus-Arbeitsrechtliche-Fragen_Organisator.jpg 680w, https:\/\/www.organisator.ch\/wp-content\/uploads\/2020\/03\/Coronavirus-Arbeitsrechtliche-Fragen_Organisator-16x12.jpg 16w, https:\/\/www.organisator.ch\/wp-content\/uploads\/2020\/03\/Coronavirus-Arbeitsrechtliche-Fragen_Organisator-257x175.jpg 257w, https:\/\/www.organisator.ch\/wp-content\/uploads\/2020\/03\/Coronavirus-Arbeitsrechtliche-Fragen_Organisator-514x350.jpg 514w, https:\/\/www.organisator.ch\/wp-content\/uploads\/2020\/03\/Coronavirus-Arbeitsrechtliche-Fragen_Organisator-300x204.jpg 300w\" sizes=\"auto, (max-width: 680px) 100vw, 680px\" \/><figcaption id=\"caption-attachment-6450\" class=\"wp-caption-text\">La gestione della crisi di Corona solleva numerose questioni di diritto del lavoro. (Immagine: Pixabay.com)<\/figcaption><\/figure>\n<p>Secondo il CO, i datori di lavoro hanno il diritto di impartire istruzioni ai propri dipendenti, ma anche un dovere di diligenza. Ci\u00f2 \u00e8 ancora pi\u00f9 importante nel contesto della crisi di Corona.<\/p>\n<h2>Trovare misure ragionevoli per i dipendenti<\/h2>\n<p>In virt\u00f9 dell'obbligo di diligenza (OR 328 par. 2), il datore di lavoro deve adottare misure ragionevoli per proteggere la salute dei dipendenti. Questo include anche l'auto-quarantena se un dipendente \u00e8 tornato da un'area a rischio. In base al diritto di impartire istruzioni (OR 321d), il datore di lavoro pu\u00f2 ordinare il telelavoro o l'home office. In questo caso, i dipendenti devono seguire tali istruzioni. \u00c8 inoltre possibile ordinare la compensazione delle ore di lavoro straordinario o delle ferie (RU 359c); in caso di ferie obbligatorie, il datore di lavoro deve tenere conto degli interessi dei lavoratori. In tal caso, \u00e8 dovuta l'intera retribuzione (RU 324 cpv. 1). In caso di compensazione di ore straordinarie e supplementari, \u00e8 necessario il consenso del dipendente. Gli orari di lavoro sono generalmente conformi alla legge. In linea di principio, il datore di lavoro pu\u00f2 anche ordinare un divieto di ferie, in quanto pu\u00f2 stabilire il periodo delle ferie. Il dipendente deve essere consultato e la sua volont\u00e0 deve essere presa in considerazione. Tuttavia, il rinvio di ferie gi\u00e0 concordate \u00e8 giustificato solo da gravi motivi. L'obbligo di prendere un congedo non retribuito \u00e8 nullo. Sono possibili anche ferie aziendali, ma devono essere annunciate in anticipo (almeno 14 giorni).<\/p>\n<h2>Questioni di diritto del lavoro relative al pagamento continuato delle retribuzioni<\/h2>\n<p>Se un dipendente si ammala, l'azienda \u00e8 tenuta a continuare a pagare il salario (OR 324, comma 1). Se l'azienda ha un'assicurazione di indennit\u00e0 giornaliera per malattia (KTG), questa entra in vigore dopo la scadenza del periodo di attesa concordato contrattualmente (di solito 30, 60 o 90 giorni). Se non esiste un'assicurazione d'indennit\u00e0 giornaliera per malattia, la durata della continuazione del pagamento del salario si basa sulle tabelle esistenti (Berner, Basler, Z\u00fcrcher Skala). Se il datore di lavoro rinuncia al diritto al lavoro del dipendente, il salario concordato deve continuare a essere pagato. Un'auto-quarantena ordinata non pu\u00f2 essere liquidata tramite l'assicurazione d'indennit\u00e0 giornaliera per malattia, poich\u00e9 non vi \u00e8 alcun caso di malattia. Lo stesso vale se l'autorit\u00e0 competente ordina una misura di quarantena nei confronti di un dipendente ai sensi dell'art. 35 comma 1 lett. a EpiG (legge sulle epidemie). Se il dipendente desidera assentarsi dal lavoro di propria iniziativa, non ha diritto alla retribuzione per il periodo di assenza.<\/p>\n<p>Il salario \u00e8 dovuto anche nei seguenti casi (per un periodo limitato, RU 324a):<\/p>\n<ul>\n<li>Il dipendente si ammala durante le vacanze e non pu\u00f2 quindi viaggiare.<\/li>\n<li>Il dipendente si ammala di coronavirus durante le vacanze e non pu\u00f2 quindi viaggiare.<\/li>\n<li>L'operazione deve essere interrotta a causa di un blocco delle consegne da parte del fornitore.<\/li>\n<li>Il dipendente assiste a domicilio un bambino affetto da coronavirus (art. 36 ArG).<\/li>\n<li>Il datore di lavoro manda a casa il dipendente o chiude l'azienda per precauzione.<\/li>\n<li>Il datore di lavoro si rifiuta di adottare misure di protezione e di applicare le norme igieniche.<\/li>\n<li>Scuole e asili sono stati chiusi dalle autorit\u00e0. Il dipendente deve occuparsi dei figli (ZGB 276).<\/li>\n<li>L'impresa \u00e8 chiusa per ordine delle autorit\u00e0. Tuttavia, il dipendente pu\u00f2 essere obbligato a recuperare le ore di lavoro \"perse\" sulla base del suo dovere fiduciario.<\/li>\n<\/ul>\n<p>Il salario non \u00e8 dovuto nei seguenti casi:<\/p>\n<ul>\n<li>Il dipendente non pu\u00f2 rientrare dalle vacanze perch\u00e9 l'autorit\u00e0 competente nel luogo di villeggiatura non permette al dipendente di partire o chiude la frontiera (forza maggiore).<\/li>\n<li>Il lavoratore \u00e8 una persona timorosa e si rifiuta di lavorare per timore di essere contagiato (rifiuto di lavorare).<\/li>\n<li>Il dipendente non pu\u00f2 recarsi al lavoro perch\u00e9 il trasporto pubblico \u00e8 ridotto o interrotto (prendere altri mezzi di trasporto). Tuttavia, se il lavoro pu\u00f2 essere svolto da casa (telelavoro), la retribuzione \u00e8 dovuta.<\/li>\n<li>Il dipendente non manda il figlio all'asilo nido per paura, ma lo accudisce a casa e quindi deve assentarsi dal lavoro.<\/li>\n<li>Il luogo (intero) di residenza del lavoratore viene messo in quarantena.<\/li>\n<\/ul>\n<h2>Lavoro a tempo ridotto<\/h2>\n<p>La SECO ha incaricato i Cantoni di esaminare le richieste di lavoro a tempo ridotto in relazione a Covid-19. Se l'autorit\u00e0 competente ordina la chiusura di un'azienda o vieta l'accesso a determinati edifici o aree, occorre verificare se \u00e8 possibile richiedere un'indennit\u00e0 per lavoro ridotto. Il lavoro a tempo ridotto deve essere esaminato anche da quelle aziende che non possono ordinare il telelavoro a causa delle loro attivit\u00e0 commerciali. Si noti inoltre che, nel caso dell'orario flessibile, devono esistere regolamenti corrispondenti e un sistema di registrazione degli orari.<\/p>\n<p>Inoltre, devono essere esaminati i seguenti casi:<\/p>\n<ul>\n<li>i dipendenti non possono rispettare l'orario di lavoro perch\u00e9 le restrizioni di trasporto rendono difficile l'accesso al luogo di lavoro;<\/li>\n<li>le materie prime necessarie\/le forniture operative non sono disponibili a causa del divieto di importazione\/esportazione;<\/li>\n<li>Difficolt\u00e0 di consegna di materie prime e forniture;<\/li>\n<li>L'interazione di vari fattori, causati dalla pandemia, ha portato alla cessazione delle operazioni;<\/li>\n<li>Riduzione dell'orario di lavoro per ordine ufficiale;<\/li>\n<\/ul>\n<p>L'indennit\u00e0 per lavoro ridotto non pu\u00f2 essere richiesta se i dipendenti devono occuparsi dei figli a casa a causa di circostanze (ad esempio, asili nido chiusi).<\/p>\n<p><em>Le informazioni qui riportate si basano su un opuscolo pubblicato dall'Agenzia per la sicurezza alimentare. <a href=\"https:\/\/www.sgv-usam.ch\/\">Confederazione Svizzera dell'Artigianato sgv<\/a>. Per ulteriori informazioni su questioni di diritto del lavoro, piani contro le pandemie, protezione della salute, ecc. <a href=\"http:\/\/www.seco.admin.ch\">SECO<\/a>, <a href=\"http:\/\/www.bag.admin.ch\">BORSA<\/a> e altre agenzie federali.<\/em><\/p>\n<ul>\n<li><a href=\"https:\/\/www.seco.admin.ch\/seco\/de\/home\/Arbeit\/Arbeitsbedingungen\/gesundheitsschutz-am-arbeitsplatz\/Pandemie.html\"><em>https:\/\/www.seco.admin.ch\/seco\/de\/home\/Arbeit\/Arbeitsbedingungen\/gesundheitsschutz-am-arbeitsplatz\/Pandemie.html<\/em><\/a><\/li>\n<li><a href=\"http:\/\/www.seco.admin.ch\/neues-coronavirus\"><em>http:\/\/www.seco.admin.ch\/neues-coronavirus<\/em><\/a><\/li>\n<\/ul>","protected":false},"excerpt":{"rendered":"<p>Die Arbeitgeber haben gegen\u00fcber ihren Arbeitnehmenden gem\u00e4ss OR ein Weisungsrecht, aber auch eine F\u00fcrsorgepflicht. Dies gilt es im Zusammenhang mit der Corona-Krise erst recht zu beachten. Zumutbare Massnahmen f\u00fcr Mitarbeitende finden Aufgrund der\u00a0F\u00fcrsorgepflicht (OR 328 Abs. 2) hat die Arbeitgeberin zumutbare Massnahmen zum Schutz der Gesundheit der Mitarbeiterinnen und Mitarbeiter zu treffen. Darunter f\u00e4llt auch [&hellip;]<\/p>\n","protected":false},"author":4,"featured_media":6450,"comment_status":"closed","ping_status":"closed","sticky":false,"template":"","format":"standard","meta":{"_acf_changed":false,"_yoast_wpseo_focuskw":"Arbeitsrechtliche Fragen","_yoast_wpseo_metadesc":"Das Coronavirus h\u00e4lt die Wirtschaft in Atem. F\u00fcr manche Unternehmen stellen sich aktuell verschiedene arbeitsrechtliche Fragen.","articlekey":"","footnotes":""},"categories":[24],"tags":[52,115,132,335],"class_list":["post-6449","post","type-post","status-publish","format-standard","has-post-thumbnail","hentry","category-finanzen_recht","tag-arbeitsrecht","tag-checklisten","tag-coronavirus","tag-management-und-unternehmensfuehrung"],"acf":[],"yoast_head":"<!-- This site is optimized with the Yoast SEO plugin v27.5 - https:\/\/yoast.com\/product\/yoast-seo-wordpress\/ -->\n<title>Coronavirus: Arbeitsrechtliche Fragen - Organisator<\/title>\n<meta name=\"description\" content=\"Das Coronavirus h\u00e4lt die Wirtschaft in Atem. F\u00fcr manche Unternehmen stellen sich aktuell verschiedene arbeitsrechtliche Fragen.\" \/>\n<meta name=\"robots\" content=\"index, follow, max-snippet:-1, max-image-preview:large, max-video-preview:-1\" \/>\n<link rel=\"canonical\" href=\"https:\/\/www.organisator.ch\/it\/gestione-2\/finanzen_recht\/2020-03-13\/coronavirus-arbeitsrechtliche-fragen\/\" \/>\n<meta property=\"og:locale\" content=\"it_IT\" \/>\n<meta property=\"og:type\" content=\"article\" \/>\n<meta property=\"og:title\" content=\"Coronavirus: Arbeitsrechtliche Fragen\" \/>\n<meta property=\"og:description\" content=\"Das Coronavirus h\u00e4lt die Wirtschaft in Atem. F\u00fcr manche Unternehmen stellen sich aktuell verschiedene arbeitsrechtliche Fragen.\" \/>\n<meta property=\"og:url\" content=\"https:\/\/www.organisator.ch\/it\/gestione-2\/finanzen_recht\/2020-03-13\/coronavirus-arbeitsrechtliche-fragen\/\" \/>\n<meta property=\"og:site_name\" content=\"Organisator\" \/>\n<meta property=\"article:publisher\" content=\"https:\/\/www.facebook.com\/OrganisatorFachmagazin\" \/>\n<meta property=\"article:published_time\" content=\"2020-03-13T08:44:55+00:00\" \/>\n<meta property=\"og:image\" content=\"https:\/\/www.organisator.ch\/wp-content\/uploads\/2020\/03\/Coronavirus-Arbeitsrechtliche-Fragen_Organisator.jpg\" \/>\n\t<meta property=\"og:image:width\" content=\"680\" \/>\n\t<meta property=\"og:image:height\" content=\"463\" \/>\n\t<meta property=\"og:image:type\" content=\"image\/jpeg\" \/>\n<meta name=\"author\" content=\"thomas.berner\" \/>\n<meta name=\"twitter:card\" content=\"summary_large_image\" \/>\n<meta name=\"twitter:title\" content=\"#Coronavirus: Arbeitsrechtliche Fragen\" \/>\n<meta name=\"twitter:description\" content=\"Das #Coronavirus h\u00e4lt die Wirtschaft in Atem. F\u00fcr manche Unternehmen stellen sich aktuell verschiedene arbeitsrechtliche Fragen.\" \/>\n<meta name=\"twitter:image\" content=\"https:\/\/www.organisator.ch\/wp-content\/uploads\/2020\/03\/Coronavirus-Arbeitsrechtliche-Fragen_Organisator.jpg\" \/>\n<script type=\"application\/ld+json\" class=\"yoast-schema-graph\">{\"@context\":\"https:\\\/\\\/schema.org\",\"@graph\":[{\"@type\":\"Article\",\"@id\":\"https:\\\/\\\/www.organisator.ch\\\/management\\\/finanzen_recht\\\/2020-03-13\\\/coronavirus-arbeitsrechtliche-fragen\\\/#article\",\"isPartOf\":{\"@id\":\"https:\\\/\\\/www.organisator.ch\\\/management\\\/finanzen_recht\\\/2020-03-13\\\/coronavirus-arbeitsrechtliche-fragen\\\/\"},\"author\":{\"name\":\"thomas.berner\",\"@id\":\"https:\\\/\\\/www.organisator.ch\\\/#\\\/schema\\\/person\\\/6f650f90b2842cd4c0cc334b4e36f67e\"},\"headline\":\"Coronavirus: Arbeitsrechtliche Fragen\",\"datePublished\":\"2020-03-13T08:44:55+00:00\",\"mainEntityOfPage\":{\"@id\":\"https:\\\/\\\/www.organisator.ch\\\/management\\\/finanzen_recht\\\/2020-03-13\\\/coronavirus-arbeitsrechtliche-fragen\\\/\"},\"wordCount\":911,\"publisher\":{\"@id\":\"https:\\\/\\\/www.organisator.ch\\\/#organization\"},\"image\":{\"@id\":\"https:\\\/\\\/www.organisator.ch\\\/management\\\/finanzen_recht\\\/2020-03-13\\\/coronavirus-arbeitsrechtliche-fragen\\\/#primaryimage\"},\"thumbnailUrl\":\"https:\\\/\\\/www.organisator.ch\\\/wp-content\\\/uploads\\\/2020\\\/03\\\/Coronavirus-Arbeitsrechtliche-Fragen_Organisator.jpg\",\"keywords\":[\"Arbeitsrecht\",\"Checklisten\",\"Coronavirus\",\"Management und Unternehmensf\u00fchrung\"],\"articleSection\":[\"FINANZEN\\\/RECHT\"],\"inLanguage\":\"it-IT\"},{\"@type\":\"WebPage\",\"@id\":\"https:\\\/\\\/www.organisator.ch\\\/management\\\/finanzen_recht\\\/2020-03-13\\\/coronavirus-arbeitsrechtliche-fragen\\\/\",\"url\":\"https:\\\/\\\/www.organisator.ch\\\/management\\\/finanzen_recht\\\/2020-03-13\\\/coronavirus-arbeitsrechtliche-fragen\\\/\",\"name\":\"Coronavirus: Arbeitsrechtliche Fragen - Organisator\",\"isPartOf\":{\"@id\":\"https:\\\/\\\/www.organisator.ch\\\/#website\"},\"primaryImageOfPage\":{\"@id\":\"https:\\\/\\\/www.organisator.ch\\\/management\\\/finanzen_recht\\\/2020-03-13\\\/coronavirus-arbeitsrechtliche-fragen\\\/#primaryimage\"},\"image\":{\"@id\":\"https:\\\/\\\/www.organisator.ch\\\/management\\\/finanzen_recht\\\/2020-03-13\\\/coronavirus-arbeitsrechtliche-fragen\\\/#primaryimage\"},\"thumbnailUrl\":\"https:\\\/\\\/www.organisator.ch\\\/wp-content\\\/uploads\\\/2020\\\/03\\\/Coronavirus-Arbeitsrechtliche-Fragen_Organisator.jpg\",\"datePublished\":\"2020-03-13T08:44:55+00:00\",\"description\":\"Das Coronavirus h\u00e4lt die Wirtschaft in Atem. F\u00fcr manche Unternehmen stellen sich aktuell verschiedene arbeitsrechtliche Fragen.\",\"breadcrumb\":{\"@id\":\"https:\\\/\\\/www.organisator.ch\\\/management\\\/finanzen_recht\\\/2020-03-13\\\/coronavirus-arbeitsrechtliche-fragen\\\/#breadcrumb\"},\"inLanguage\":\"it-IT\",\"potentialAction\":[{\"@type\":\"ReadAction\",\"target\":[\"https:\\\/\\\/www.organisator.ch\\\/management\\\/finanzen_recht\\\/2020-03-13\\\/coronavirus-arbeitsrechtliche-fragen\\\/\"]}]},{\"@type\":\"ImageObject\",\"inLanguage\":\"it-IT\",\"@id\":\"https:\\\/\\\/www.organisator.ch\\\/management\\\/finanzen_recht\\\/2020-03-13\\\/coronavirus-arbeitsrechtliche-fragen\\\/#primaryimage\",\"url\":\"https:\\\/\\\/www.organisator.ch\\\/wp-content\\\/uploads\\\/2020\\\/03\\\/Coronavirus-Arbeitsrechtliche-Fragen_Organisator.jpg\",\"contentUrl\":\"https:\\\/\\\/www.organisator.ch\\\/wp-content\\\/uploads\\\/2020\\\/03\\\/Coronavirus-Arbeitsrechtliche-Fragen_Organisator.jpg\",\"width\":680,\"height\":463,\"caption\":\"Der Umgang mit der Corona-Krise zieht zahlreiche arbeitsrechtliche Fragen nach sich. (Bild: Pixabay.com)\"},{\"@type\":\"BreadcrumbList\",\"@id\":\"https:\\\/\\\/www.organisator.ch\\\/management\\\/finanzen_recht\\\/2020-03-13\\\/coronavirus-arbeitsrechtliche-fragen\\\/#breadcrumb\",\"itemListElement\":[{\"@type\":\"ListItem\",\"position\":1,\"name\":\"Home\",\"item\":\"https:\\\/\\\/www.organisator.ch\\\/\"},{\"@type\":\"ListItem\",\"position\":2,\"name\":\"Coronavirus: Arbeitsrechtliche Fragen\"}]},{\"@type\":\"WebSite\",\"@id\":\"https:\\\/\\\/www.organisator.ch\\\/#website\",\"url\":\"https:\\\/\\\/www.organisator.ch\\\/\",\"name\":\"Organisator\",\"description\":\"Kompetent. Praxisnah. Der ORGANISATOR bereitet in 10 Ausgaben pro Jahr die wesentlichen Themen f\u00fcr F\u00fchrungskr\u00e4fte von KMU auf.\",\"publisher\":{\"@id\":\"https:\\\/\\\/www.organisator.ch\\\/#organization\"},\"potentialAction\":[{\"@type\":\"SearchAction\",\"target\":{\"@type\":\"EntryPoint\",\"urlTemplate\":\"https:\\\/\\\/www.organisator.ch\\\/?s={search_term_string}\"},\"query-input\":{\"@type\":\"PropertyValueSpecification\",\"valueRequired\":true,\"valueName\":\"search_term_string\"}}],\"inLanguage\":\"it-IT\"},{\"@type\":\"Organization\",\"@id\":\"https:\\\/\\\/www.organisator.ch\\\/#organization\",\"name\":\"Organisator\",\"url\":\"https:\\\/\\\/www.organisator.ch\\\/\",\"logo\":{\"@type\":\"ImageObject\",\"inLanguage\":\"it-IT\",\"@id\":\"https:\\\/\\\/www.organisator.ch\\\/#\\\/schema\\\/logo\\\/image\\\/\",\"url\":\"https:\\\/\\\/www.organisator.ch\\\/wp-content\\\/uploads\\\/2022\\\/01\\\/Logo_Organisator_Website.png\",\"contentUrl\":\"https:\\\/\\\/www.organisator.ch\\\/wp-content\\\/uploads\\\/2022\\\/01\\\/Logo_Organisator_Website.png\",\"width\":800,\"height\":77,\"caption\":\"Organisator\"},\"image\":{\"@id\":\"https:\\\/\\\/www.organisator.ch\\\/#\\\/schema\\\/logo\\\/image\\\/\"},\"sameAs\":[\"https:\\\/\\\/www.facebook.com\\\/OrganisatorFachmagazin\",\"https:\\\/\\\/www.linkedin.com\\\/showcase\\\/organisator-das-magazin-fr-kmu\",\"https:\\\/\\\/www.xing.com\\\/news\\\/pages\\\/organisator-ch-695\",\"https:\\\/\\\/www.youtube.com\\\/channel\\\/UCGP2Sq0iWaZwT3BdIAQFYpw\"]},{\"@type\":\"Person\",\"@id\":\"https:\\\/\\\/www.organisator.ch\\\/#\\\/schema\\\/person\\\/6f650f90b2842cd4c0cc334b4e36f67e\",\"name\":\"thomas.berner\",\"image\":{\"@type\":\"ImageObject\",\"inLanguage\":\"it-IT\",\"@id\":\"https:\\\/\\\/secure.gravatar.com\\\/avatar\\\/ac5001d2a36cb6c6cd3e50789007ffca834b477b74a2144564522e944eabff61?s=96&d=mm&r=g\",\"url\":\"https:\\\/\\\/secure.gravatar.com\\\/avatar\\\/ac5001d2a36cb6c6cd3e50789007ffca834b477b74a2144564522e944eabff61?s=96&d=mm&r=g\",\"contentUrl\":\"https:\\\/\\\/secure.gravatar.com\\\/avatar\\\/ac5001d2a36cb6c6cd3e50789007ffca834b477b74a2144564522e944eabff61?s=96&d=mm&r=g\",\"caption\":\"thomas.berner\"},\"url\":\"https:\\\/\\\/www.organisator.ch\\\/it\\\/author\\\/thomas-berner\\\/\"}]}<\/script>\n<!-- \/ Yoast SEO plugin. -->","yoast_head_json":{"title":"Coronavirus: questioni di diritto del lavoro - Organizzatore","description":"Il coronavirus tiene in bilico l'economia. Alcune aziende stanno attualmente affrontando diversi problemi di diritto del lavoro.","robots":{"index":"index","follow":"follow","max-snippet":"max-snippet:-1","max-image-preview":"max-image-preview:large","max-video-preview":"max-video-preview:-1"},"canonical":"https:\/\/www.organisator.ch\/it\/gestione-2\/finanzen_recht\/2020-03-13\/coronavirus-arbeitsrechtliche-fragen\/","og_locale":"it_IT","og_type":"article","og_title":"Coronavirus: Arbeitsrechtliche Fragen","og_description":"Das Coronavirus h\u00e4lt die Wirtschaft in Atem. F\u00fcr manche Unternehmen stellen sich aktuell verschiedene arbeitsrechtliche Fragen.","og_url":"https:\/\/www.organisator.ch\/it\/gestione-2\/finanzen_recht\/2020-03-13\/coronavirus-arbeitsrechtliche-fragen\/","og_site_name":"Organisator","article_publisher":"https:\/\/www.facebook.com\/OrganisatorFachmagazin","article_published_time":"2020-03-13T08:44:55+00:00","og_image":[{"width":680,"height":463,"url":"https:\/\/www.organisator.ch\/wp-content\/uploads\/2020\/03\/Coronavirus-Arbeitsrechtliche-Fragen_Organisator.jpg","type":"image\/jpeg"}],"author":"thomas.berner","twitter_card":"summary_large_image","twitter_title":"#Coronavirus: Arbeitsrechtliche Fragen","twitter_description":"Das #Coronavirus h\u00e4lt die Wirtschaft in Atem. F\u00fcr manche Unternehmen stellen sich aktuell verschiedene arbeitsrechtliche Fragen.","twitter_image":"https:\/\/www.organisator.ch\/wp-content\/uploads\/2020\/03\/Coronavirus-Arbeitsrechtliche-Fragen_Organisator.jpg","schema":{"@context":"https:\/\/schema.org","@graph":[{"@type":"Article","@id":"https:\/\/www.organisator.ch\/management\/finanzen_recht\/2020-03-13\/coronavirus-arbeitsrechtliche-fragen\/#article","isPartOf":{"@id":"https:\/\/www.organisator.ch\/management\/finanzen_recht\/2020-03-13\/coronavirus-arbeitsrechtliche-fragen\/"},"author":{"name":"thomas.berner","@id":"https:\/\/www.organisator.ch\/#\/schema\/person\/6f650f90b2842cd4c0cc334b4e36f67e"},"headline":"Coronavirus: Arbeitsrechtliche Fragen","datePublished":"2020-03-13T08:44:55+00:00","mainEntityOfPage":{"@id":"https:\/\/www.organisator.ch\/management\/finanzen_recht\/2020-03-13\/coronavirus-arbeitsrechtliche-fragen\/"},"wordCount":911,"publisher":{"@id":"https:\/\/www.organisator.ch\/#organization"},"image":{"@id":"https:\/\/www.organisator.ch\/management\/finanzen_recht\/2020-03-13\/coronavirus-arbeitsrechtliche-fragen\/#primaryimage"},"thumbnailUrl":"https:\/\/www.organisator.ch\/wp-content\/uploads\/2020\/03\/Coronavirus-Arbeitsrechtliche-Fragen_Organisator.jpg","keywords":["Arbeitsrecht","Checklisten","Coronavirus","Management und Unternehmensf\u00fchrung"],"articleSection":["FINANZEN\/RECHT"],"inLanguage":"it-IT"},{"@type":"WebPage","@id":"https:\/\/www.organisator.ch\/management\/finanzen_recht\/2020-03-13\/coronavirus-arbeitsrechtliche-fragen\/","url":"https:\/\/www.organisator.ch\/management\/finanzen_recht\/2020-03-13\/coronavirus-arbeitsrechtliche-fragen\/","name":"Coronavirus: questioni di diritto del lavoro - Organizzatore","isPartOf":{"@id":"https:\/\/www.organisator.ch\/#website"},"primaryImageOfPage":{"@id":"https:\/\/www.organisator.ch\/management\/finanzen_recht\/2020-03-13\/coronavirus-arbeitsrechtliche-fragen\/#primaryimage"},"image":{"@id":"https:\/\/www.organisator.ch\/management\/finanzen_recht\/2020-03-13\/coronavirus-arbeitsrechtliche-fragen\/#primaryimage"},"thumbnailUrl":"https:\/\/www.organisator.ch\/wp-content\/uploads\/2020\/03\/Coronavirus-Arbeitsrechtliche-Fragen_Organisator.jpg","datePublished":"2020-03-13T08:44:55+00:00","description":"Il coronavirus tiene in bilico l'economia. Alcune aziende stanno attualmente affrontando diversi problemi di diritto del lavoro.","breadcrumb":{"@id":"https:\/\/www.organisator.ch\/management\/finanzen_recht\/2020-03-13\/coronavirus-arbeitsrechtliche-fragen\/#breadcrumb"},"inLanguage":"it-IT","potentialAction":[{"@type":"ReadAction","target":["https:\/\/www.organisator.ch\/management\/finanzen_recht\/2020-03-13\/coronavirus-arbeitsrechtliche-fragen\/"]}]},{"@type":"ImageObject","inLanguage":"it-IT","@id":"https:\/\/www.organisator.ch\/management\/finanzen_recht\/2020-03-13\/coronavirus-arbeitsrechtliche-fragen\/#primaryimage","url":"https:\/\/www.organisator.ch\/wp-content\/uploads\/2020\/03\/Coronavirus-Arbeitsrechtliche-Fragen_Organisator.jpg","contentUrl":"https:\/\/www.organisator.ch\/wp-content\/uploads\/2020\/03\/Coronavirus-Arbeitsrechtliche-Fragen_Organisator.jpg","width":680,"height":463,"caption":"Der Umgang mit der Corona-Krise zieht zahlreiche arbeitsrechtliche Fragen nach sich. (Bild: Pixabay.com)"},{"@type":"BreadcrumbList","@id":"https:\/\/www.organisator.ch\/management\/finanzen_recht\/2020-03-13\/coronavirus-arbeitsrechtliche-fragen\/#breadcrumb","itemListElement":[{"@type":"ListItem","position":1,"name":"Home","item":"https:\/\/www.organisator.ch\/"},{"@type":"ListItem","position":2,"name":"Coronavirus: Arbeitsrechtliche Fragen"}]},{"@type":"WebSite","@id":"https:\/\/www.organisator.ch\/#website","url":"https:\/\/www.organisator.ch\/","name":"Organizzatore","description":"Competente. Pratico. In 10 numeri all'anno, ORGANISATOR presenta i temi essenziali per i manager delle PMI.","publisher":{"@id":"https:\/\/www.organisator.ch\/#organization"},"potentialAction":[{"@type":"SearchAction","target":{"@type":"EntryPoint","urlTemplate":"https:\/\/www.organisator.ch\/?s={search_term_string}"},"query-input":{"@type":"PropertyValueSpecification","valueRequired":true,"valueName":"search_term_string"}}],"inLanguage":"it-IT"},{"@type":"Organization","@id":"https:\/\/www.organisator.ch\/#organization","name":"Organizzatore","url":"https:\/\/www.organisator.ch\/","logo":{"@type":"ImageObject","inLanguage":"it-IT","@id":"https:\/\/www.organisator.ch\/#\/schema\/logo\/image\/","url":"https:\/\/www.organisator.ch\/wp-content\/uploads\/2022\/01\/Logo_Organisator_Website.png","contentUrl":"https:\/\/www.organisator.ch\/wp-content\/uploads\/2022\/01\/Logo_Organisator_Website.png","width":800,"height":77,"caption":"Organisator"},"image":{"@id":"https:\/\/www.organisator.ch\/#\/schema\/logo\/image\/"},"sameAs":["https:\/\/www.facebook.com\/OrganisatorFachmagazin","https:\/\/www.linkedin.com\/showcase\/organisator-das-magazin-fr-kmu","https:\/\/www.xing.com\/news\/pages\/organisator-ch-695","https:\/\/www.youtube.com\/channel\/UCGP2Sq0iWaZwT3BdIAQFYpw"]},{"@type":"Person","@id":"https:\/\/www.organisator.ch\/#\/schema\/person\/6f650f90b2842cd4c0cc334b4e36f67e","name":"Tommaso.berner","image":{"@type":"ImageObject","inLanguage":"it-IT","@id":"https:\/\/secure.gravatar.com\/avatar\/ac5001d2a36cb6c6cd3e50789007ffca834b477b74a2144564522e944eabff61?s=96&d=mm&r=g","url":"https:\/\/secure.gravatar.com\/avatar\/ac5001d2a36cb6c6cd3e50789007ffca834b477b74a2144564522e944eabff61?s=96&d=mm&r=g","contentUrl":"https:\/\/secure.gravatar.com\/avatar\/ac5001d2a36cb6c6cd3e50789007ffca834b477b74a2144564522e944eabff61?s=96&d=mm&r=g","caption":"thomas.berner"},"url":"https:\/\/www.organisator.ch\/it\/author\/thomas-berner\/"}]}},"_links":{"self":[{"href":"https:\/\/www.organisator.ch\/it\/wp-json\/wp\/v2\/posts\/6449","targetHints":{"allow":["GET"]}}],"collection":[{"href":"https:\/\/www.organisator.ch\/it\/wp-json\/wp\/v2\/posts"}],"about":[{"href":"https:\/\/www.organisator.ch\/it\/wp-json\/wp\/v2\/types\/post"}],"author":[{"embeddable":true,"href":"https:\/\/www.organisator.ch\/it\/wp-json\/wp\/v2\/users\/4"}],"replies":[{"embeddable":true,"href":"https:\/\/www.organisator.ch\/it\/wp-json\/wp\/v2\/comments?post=6449"}],"version-history":[{"count":0,"href":"https:\/\/www.organisator.ch\/it\/wp-json\/wp\/v2\/posts\/6449\/revisions"}],"wp:featuredmedia":[{"embeddable":true,"href":"https:\/\/www.organisator.ch\/it\/wp-json\/wp\/v2\/media\/6450"}],"wp:attachment":[{"href":"https:\/\/www.organisator.ch\/it\/wp-json\/wp\/v2\/media?parent=6449"}],"wp:term":[{"taxonomy":"category","embeddable":true,"href":"https:\/\/www.organisator.ch\/it\/wp-json\/wp\/v2\/categories?post=6449"},{"taxonomy":"post_tag","embeddable":true,"href":"https:\/\/www.organisator.ch\/it\/wp-json\/wp\/v2\/tags?post=6449"}],"curies":[{"name":"wp","href":"https:\/\/api.w.org\/{rel}","templated":true}]}}