{"id":6462,"date":"2020-03-16T17:57:21","date_gmt":"2020-03-16T16:57:21","guid":{"rendered":"https:\/\/www.organisator.ch\/?p=6462"},"modified":"2020-03-16T17:57:21","modified_gmt":"2020-03-16T16:57:21","slug":"bundesrat-beschliesst-verschaerfte-massnahmen-kmu-sollen-hilfe-erhalten","status":"publish","type":"post","link":"https:\/\/www.organisator.ch\/it\/management\/2020-03-16\/bundesrat-beschliesst-verschaerfte-massnahmen-kmu-sollen-hilfe-erhalten\/","title":{"rendered":"Il Consiglio federale decide su misure pi\u00f9 severe - le PMI riceveranno un aiuto"},"content":{"rendered":"<figure id=\"attachment_6463\" aria-describedby=\"caption-attachment-6463\" style=\"width: 680px\" class=\"wp-caption alignnone\"><img loading=\"lazy\" decoding=\"async\" class=\"size-medium wp-image-6463\" src=\"https:\/\/www.organisator.ch\/wp-content\/uploads\/2020\/03\/Bundesrat-beschliesst-verschaerfte-Massnahmen-KMU-sollen-Hilfe-erhalten_Organisator.jpg\" alt=\"\" width=\"680\" height=\"251\" srcset=\"https:\/\/www.organisator.ch\/wp-content\/uploads\/2020\/03\/Bundesrat-beschliesst-verschaerfte-Massnahmen-KMU-sollen-Hilfe-erhalten_Organisator.jpg 680w, https:\/\/www.organisator.ch\/wp-content\/uploads\/2020\/03\/Bundesrat-beschliesst-verschaerfte-Massnahmen-KMU-sollen-Hilfe-erhalten_Organisator-16x6.jpg 16w, https:\/\/www.organisator.ch\/wp-content\/uploads\/2020\/03\/Bundesrat-beschliesst-verschaerfte-Massnahmen-KMU-sollen-Hilfe-erhalten_Organisator-375x138.jpg 375w, https:\/\/www.organisator.ch\/wp-content\/uploads\/2020\/03\/Bundesrat-beschliesst-verschaerfte-Massnahmen-KMU-sollen-Hilfe-erhalten_Organisator-300x111.jpg 300w\" sizes=\"auto, (max-width: 680px) 100vw, 680px\" \/><figcaption id=\"caption-attachment-6463\" class=\"wp-caption-text\">Le misure pi\u00f9 severe contro il coronavirus colpiscono il settore delle PMI svizzere. La Confederazione fa appello alla solidariet\u00e0. (Immagine: Pixabay.com)<\/figcaption><\/figure>\n<p>Gli eventi pubblici e privati sono vietati dalla mezzanotte di oggi, 16 marzo 2020. Tutti i negozi, i mercati, i ristoranti, i bar e le strutture di intrattenimento e svago come musei, biblioteche, cinema, sale da concerto e teatri, centri sportivi, piscine e stazioni sciistiche saranno chiusi. Allo stesso modo, verranno chiuse le attivit\u00e0 in cui non \u00e8 possibile mantenere la distanza, come i saloni di parrucchiere o di bellezza. Queste misure pi\u00f9 severe sono ora necessarie per fermare l'ulteriore diffusione del coronavirus.<\/p>\n<h2>Fornitura assicurata<\/h2>\n<p>L'approvvigionamento di tutta la popolazione con cibo, medicinali e beni di uso quotidiano \u00e8 garantito e sono state costituite scorte sufficienti, afferma il Consiglio federale. I negozi di alimentari, i take away, le mense aziendali, i servizi di consegna dei pasti e le farmacie rimarranno aperti, cos\u00ec come le stazioni di servizio, le stazioni ferroviarie, le banche, gli uffici postali, gli alberghi, la pubblica amministrazione e le istituzioni sociali. Anche le officine per i mezzi di trasporto possono rimanere aperte. Tutti questi stabilimenti devono rispettare le raccomandazioni dell'Ufficio federale della sanit\u00e0 pubblica in materia di spaziatura e igiene. Gli ospedali, le cliniche e gli studi medici restano aperti, ma devono astenersi da procedure e terapie mediche che non siano urgentemente indicate. Le persone particolarmente a rischio svolgono il loro lavoro a casa. Se ci\u00f2 non \u00e8 possibile, il datore di lavoro concede loro un congedo. Continuano a ricevere il loro salario.<\/p>\n<p>Il Consiglio federale invita inoltre la popolazione a evitare ogni contatto non necessario, a mantenere le distanze e a seguire le misure igieniche. Inoltre, invita soprattutto la popolazione anziana a rimanere a casa.<\/p>\n<h2>Promesso sostegno alle PMI<\/h2>\n<p>Il Consiglio federale prospetta un aiuto non burocratico per l'economia duramente colpita. Ad esempio, i termini per la richiesta di indennit\u00e0 per lavoro ridotto saranno ridotti. Le aziende dovranno pagare solo la perdita di un giorno di lavoro. Sono stati annunciati anche prestiti ponte tramite garanzie. L'obiettivo \u00e8 quello di attenuare le carenze di liquidit\u00e0 delle imprese. Le associazioni industriali come Swissmechanic accolgono con favore queste misure.<\/p>\n<p><em>Fonte:<a href=\"http:\/\/www.admin.ch\"> www.admin.ch<\/a><\/em><\/p>\n<p>&nbsp;<\/p>","protected":false},"excerpt":{"rendered":"<p>Heute, 16. M\u00e4rz 2020, ab Mitternacht sind \u00f6ffentliche und private Veranstaltungen verboten. Alle L\u00e4den, M\u00e4rkte, Restaurants, Bars sowie Unterhaltungs- und Freizeitbetriebe wie Museen, Bibliotheken, Kinos, Konzert- und Theaterh\u00e4user, Sportzentren, Schwimmb\u00e4der und Skigebiete werden geschlossen. Ebenso werden Betriebe geschlossen, in denen das Abstand halten nicht eingehalten werden kann, wie Coiffeursalons oder Kosmetikstudios. Derart versch\u00e4rfte Massnahmen seien [&hellip;]<\/p>\n","protected":false},"author":4,"featured_media":6463,"comment_status":"closed","ping_status":"closed","sticky":false,"template":"","format":"standard","meta":{"_acf_changed":false,"_yoast_wpseo_focuskw":"versch\u00e4rfte Massnahmen","_yoast_wpseo_metadesc":"Der Bundesrat setzt versch\u00e4rfte Massnahmen zum Schutz der Bev\u00f6lkerung in Kraft - mit einschneidenden Auswirkungen f\u00fcr die KMU-Wirtschaft.","articlekey":"","footnotes":""},"categories":[28],"tags":[132,315,335,492,531],"class_list":["post-6462","post","type-post","status-publish","format-standard","has-post-thumbnail","hentry","category-management","tag-coronavirus","tag-krisenmanagement","tag-management-und-unternehmensfuehrung","tag-unternehmen","tag-wirtschaftspolitik"],"acf":[],"yoast_head":"<!-- This site is optimized with the Yoast SEO plugin v27.5 - https:\/\/yoast.com\/product\/yoast-seo-wordpress\/ -->\n<title>Bundesrat beschliesst versch\u00e4rfte Massnahmen - KMU sollen Hilfe erhalten - Organisator<\/title>\n<meta name=\"description\" content=\"Der Bundesrat setzt versch\u00e4rfte Massnahmen zum Schutz der Bev\u00f6lkerung in Kraft - mit einschneidenden Auswirkungen f\u00fcr die KMU-Wirtschaft.\" \/>\n<meta name=\"robots\" content=\"index, follow, max-snippet:-1, max-image-preview:large, max-video-preview:-1\" \/>\n<link rel=\"canonical\" href=\"https:\/\/www.organisator.ch\/it\/gestione-2\/2020-03-16\/bundesrat-beschliesst-verschaerfte-massnahmen-kmu-sollen-hilfe-erhalten\/\" \/>\n<meta property=\"og:locale\" content=\"it_IT\" \/>\n<meta property=\"og:type\" content=\"article\" \/>\n<meta property=\"og:title\" content=\"Bundesrat beschliesst versch\u00e4rfte Massnahmen - KMU sollen Hilfe erhalten\" \/>\n<meta property=\"og:description\" content=\"Der Bundesrat setzt versch\u00e4rfte Massnahmen zum Schutz der Bev\u00f6lkerung in Kraft - mit einschneidenden Auswirkungen f\u00fcr die KMU-Wirtschaft.\" \/>\n<meta property=\"og:url\" content=\"https:\/\/www.organisator.ch\/it\/gestione-2\/2020-03-16\/bundesrat-beschliesst-verschaerfte-massnahmen-kmu-sollen-hilfe-erhalten\/\" \/>\n<meta property=\"og:site_name\" content=\"Organisator\" \/>\n<meta property=\"article:publisher\" content=\"https:\/\/www.facebook.com\/OrganisatorFachmagazin\" \/>\n<meta property=\"article:published_time\" content=\"2020-03-16T16:57:21+00:00\" \/>\n<meta property=\"og:image\" content=\"https:\/\/www.organisator.ch\/wp-content\/uploads\/2020\/03\/Bundesrat-beschliesst-verschaerfte-Massnahmen-KMU-sollen-Hilfe-erhalten_Organisator.jpg\" \/>\n\t<meta property=\"og:image:width\" content=\"680\" \/>\n\t<meta property=\"og:image:height\" content=\"251\" \/>\n\t<meta property=\"og:image:type\" content=\"image\/jpeg\" \/>\n<meta name=\"author\" content=\"thomas.berner\" \/>\n<meta name=\"twitter:card\" content=\"summary_large_image\" \/>\n<meta name=\"twitter:title\" content=\"Bundesrat beschliesst versch\u00e4rfte Massnahmen - KMU sollen Hilfe erhalten\" \/>\n<meta name=\"twitter:description\" content=\"Der Bundesrat setzt versch\u00e4rfte Massnahmen zum Schutz der Bev\u00f6lkerung in Kraft - mit einschneidenden Auswirkungen f\u00fcr die KMU-Wirtschaft.\" \/>\n<meta name=\"twitter:image\" content=\"https:\/\/www.organisator.ch\/wp-content\/uploads\/2020\/03\/Bundesrat-beschliesst-verschaerfte-Massnahmen-KMU-sollen-Hilfe-erhalten_Organisator.jpg\" \/>\n<script type=\"application\/ld+json\" class=\"yoast-schema-graph\">{\"@context\":\"https:\\\/\\\/schema.org\",\"@graph\":[{\"@type\":\"Article\",\"@id\":\"https:\\\/\\\/www.organisator.ch\\\/management\\\/2020-03-16\\\/bundesrat-beschliesst-verschaerfte-massnahmen-kmu-sollen-hilfe-erhalten\\\/#article\",\"isPartOf\":{\"@id\":\"https:\\\/\\\/www.organisator.ch\\\/management\\\/2020-03-16\\\/bundesrat-beschliesst-verschaerfte-massnahmen-kmu-sollen-hilfe-erhalten\\\/\"},\"author\":{\"name\":\"thomas.berner\",\"@id\":\"https:\\\/\\\/www.organisator.ch\\\/#\\\/schema\\\/person\\\/6f650f90b2842cd4c0cc334b4e36f67e\"},\"headline\":\"Bundesrat beschliesst versch\u00e4rfte Massnahmen &#8211; KMU sollen Hilfe erhalten\",\"datePublished\":\"2020-03-16T16:57:21+00:00\",\"mainEntityOfPage\":{\"@id\":\"https:\\\/\\\/www.organisator.ch\\\/management\\\/2020-03-16\\\/bundesrat-beschliesst-verschaerfte-massnahmen-kmu-sollen-hilfe-erhalten\\\/\"},\"wordCount\":353,\"publisher\":{\"@id\":\"https:\\\/\\\/www.organisator.ch\\\/#organization\"},\"image\":{\"@id\":\"https:\\\/\\\/www.organisator.ch\\\/management\\\/2020-03-16\\\/bundesrat-beschliesst-verschaerfte-massnahmen-kmu-sollen-hilfe-erhalten\\\/#primaryimage\"},\"thumbnailUrl\":\"https:\\\/\\\/www.organisator.ch\\\/wp-content\\\/uploads\\\/2020\\\/03\\\/Bundesrat-beschliesst-verschaerfte-Massnahmen-KMU-sollen-Hilfe-erhalten_Organisator.jpg\",\"keywords\":[\"Coronavirus\",\"Krisenmanagement\",\"Management und Unternehmensf\u00fchrung\",\"Unternehmen\",\"Wirtschaftspolitik\"],\"articleSection\":[\"MANAGEMENT\"],\"inLanguage\":\"it-IT\"},{\"@type\":\"WebPage\",\"@id\":\"https:\\\/\\\/www.organisator.ch\\\/management\\\/2020-03-16\\\/bundesrat-beschliesst-verschaerfte-massnahmen-kmu-sollen-hilfe-erhalten\\\/\",\"url\":\"https:\\\/\\\/www.organisator.ch\\\/management\\\/2020-03-16\\\/bundesrat-beschliesst-verschaerfte-massnahmen-kmu-sollen-hilfe-erhalten\\\/\",\"name\":\"Bundesrat beschliesst versch\u00e4rfte Massnahmen - KMU sollen Hilfe erhalten - Organisator\",\"isPartOf\":{\"@id\":\"https:\\\/\\\/www.organisator.ch\\\/#website\"},\"primaryImageOfPage\":{\"@id\":\"https:\\\/\\\/www.organisator.ch\\\/management\\\/2020-03-16\\\/bundesrat-beschliesst-verschaerfte-massnahmen-kmu-sollen-hilfe-erhalten\\\/#primaryimage\"},\"image\":{\"@id\":\"https:\\\/\\\/www.organisator.ch\\\/management\\\/2020-03-16\\\/bundesrat-beschliesst-verschaerfte-massnahmen-kmu-sollen-hilfe-erhalten\\\/#primaryimage\"},\"thumbnailUrl\":\"https:\\\/\\\/www.organisator.ch\\\/wp-content\\\/uploads\\\/2020\\\/03\\\/Bundesrat-beschliesst-verschaerfte-Massnahmen-KMU-sollen-Hilfe-erhalten_Organisator.jpg\",\"datePublished\":\"2020-03-16T16:57:21+00:00\",\"description\":\"Der Bundesrat setzt versch\u00e4rfte Massnahmen zum Schutz der Bev\u00f6lkerung in Kraft - mit einschneidenden Auswirkungen f\u00fcr die KMU-Wirtschaft.\",\"breadcrumb\":{\"@id\":\"https:\\\/\\\/www.organisator.ch\\\/management\\\/2020-03-16\\\/bundesrat-beschliesst-verschaerfte-massnahmen-kmu-sollen-hilfe-erhalten\\\/#breadcrumb\"},\"inLanguage\":\"it-IT\",\"potentialAction\":[{\"@type\":\"ReadAction\",\"target\":[\"https:\\\/\\\/www.organisator.ch\\\/management\\\/2020-03-16\\\/bundesrat-beschliesst-verschaerfte-massnahmen-kmu-sollen-hilfe-erhalten\\\/\"]}]},{\"@type\":\"ImageObject\",\"inLanguage\":\"it-IT\",\"@id\":\"https:\\\/\\\/www.organisator.ch\\\/management\\\/2020-03-16\\\/bundesrat-beschliesst-verschaerfte-massnahmen-kmu-sollen-hilfe-erhalten\\\/#primaryimage\",\"url\":\"https:\\\/\\\/www.organisator.ch\\\/wp-content\\\/uploads\\\/2020\\\/03\\\/Bundesrat-beschliesst-verschaerfte-Massnahmen-KMU-sollen-Hilfe-erhalten_Organisator.jpg\",\"contentUrl\":\"https:\\\/\\\/www.organisator.ch\\\/wp-content\\\/uploads\\\/2020\\\/03\\\/Bundesrat-beschliesst-verschaerfte-Massnahmen-KMU-sollen-Hilfe-erhalten_Organisator.jpg\",\"width\":680,\"height\":251,\"caption\":\"Versch\u00e4rfte Massnahmen gegen das Coronavirus treffen die Schweizer KMU-Wirtschaft. Der Bund ruft zu Solidarit\u00e4t auf. (Bild: Pixabay.com)\"},{\"@type\":\"BreadcrumbList\",\"@id\":\"https:\\\/\\\/www.organisator.ch\\\/management\\\/2020-03-16\\\/bundesrat-beschliesst-verschaerfte-massnahmen-kmu-sollen-hilfe-erhalten\\\/#breadcrumb\",\"itemListElement\":[{\"@type\":\"ListItem\",\"position\":1,\"name\":\"Home\",\"item\":\"https:\\\/\\\/www.organisator.ch\\\/\"},{\"@type\":\"ListItem\",\"position\":2,\"name\":\"Bundesrat beschliesst versch\u00e4rfte Massnahmen &#8211; KMU sollen Hilfe erhalten\"}]},{\"@type\":\"WebSite\",\"@id\":\"https:\\\/\\\/www.organisator.ch\\\/#website\",\"url\":\"https:\\\/\\\/www.organisator.ch\\\/\",\"name\":\"Organisator\",\"description\":\"Kompetent. Praxisnah. Der ORGANISATOR bereitet in 10 Ausgaben pro Jahr die wesentlichen Themen f\u00fcr F\u00fchrungskr\u00e4fte von KMU auf.\",\"publisher\":{\"@id\":\"https:\\\/\\\/www.organisator.ch\\\/#organization\"},\"potentialAction\":[{\"@type\":\"SearchAction\",\"target\":{\"@type\":\"EntryPoint\",\"urlTemplate\":\"https:\\\/\\\/www.organisator.ch\\\/?s={search_term_string}\"},\"query-input\":{\"@type\":\"PropertyValueSpecification\",\"valueRequired\":true,\"valueName\":\"search_term_string\"}}],\"inLanguage\":\"it-IT\"},{\"@type\":\"Organization\",\"@id\":\"https:\\\/\\\/www.organisator.ch\\\/#organization\",\"name\":\"Organisator\",\"url\":\"https:\\\/\\\/www.organisator.ch\\\/\",\"logo\":{\"@type\":\"ImageObject\",\"inLanguage\":\"it-IT\",\"@id\":\"https:\\\/\\\/www.organisator.ch\\\/#\\\/schema\\\/logo\\\/image\\\/\",\"url\":\"https:\\\/\\\/www.organisator.ch\\\/wp-content\\\/uploads\\\/2022\\\/01\\\/Logo_Organisator_Website.png\",\"contentUrl\":\"https:\\\/\\\/www.organisator.ch\\\/wp-content\\\/uploads\\\/2022\\\/01\\\/Logo_Organisator_Website.png\",\"width\":800,\"height\":77,\"caption\":\"Organisator\"},\"image\":{\"@id\":\"https:\\\/\\\/www.organisator.ch\\\/#\\\/schema\\\/logo\\\/image\\\/\"},\"sameAs\":[\"https:\\\/\\\/www.facebook.com\\\/OrganisatorFachmagazin\",\"https:\\\/\\\/www.linkedin.com\\\/showcase\\\/organisator-das-magazin-fr-kmu\",\"https:\\\/\\\/www.xing.com\\\/news\\\/pages\\\/organisator-ch-695\",\"https:\\\/\\\/www.youtube.com\\\/channel\\\/UCGP2Sq0iWaZwT3BdIAQFYpw\"]},{\"@type\":\"Person\",\"@id\":\"https:\\\/\\\/www.organisator.ch\\\/#\\\/schema\\\/person\\\/6f650f90b2842cd4c0cc334b4e36f67e\",\"name\":\"thomas.berner\",\"image\":{\"@type\":\"ImageObject\",\"inLanguage\":\"it-IT\",\"@id\":\"https:\\\/\\\/secure.gravatar.com\\\/avatar\\\/ac5001d2a36cb6c6cd3e50789007ffca834b477b74a2144564522e944eabff61?s=96&d=mm&r=g\",\"url\":\"https:\\\/\\\/secure.gravatar.com\\\/avatar\\\/ac5001d2a36cb6c6cd3e50789007ffca834b477b74a2144564522e944eabff61?s=96&d=mm&r=g\",\"contentUrl\":\"https:\\\/\\\/secure.gravatar.com\\\/avatar\\\/ac5001d2a36cb6c6cd3e50789007ffca834b477b74a2144564522e944eabff61?s=96&d=mm&r=g\",\"caption\":\"thomas.berner\"},\"url\":\"https:\\\/\\\/www.organisator.ch\\\/it\\\/author\\\/thomas-berner\\\/\"}]}<\/script>\n<!-- \/ Yoast SEO plugin. -->","yoast_head_json":{"title":"Il Consiglio federale decide misure pi\u00f9 severe: le PMI saranno aiutate - Organizzatore","description":"Il Consiglio federale adotta misure pi\u00f9 severe per proteggere la popolazione, con effetti drastici per l'economia delle PMI.","robots":{"index":"index","follow":"follow","max-snippet":"max-snippet:-1","max-image-preview":"max-image-preview:large","max-video-preview":"max-video-preview:-1"},"canonical":"https:\/\/www.organisator.ch\/it\/gestione-2\/2020-03-16\/bundesrat-beschliesst-verschaerfte-massnahmen-kmu-sollen-hilfe-erhalten\/","og_locale":"it_IT","og_type":"article","og_title":"Bundesrat beschliesst versch\u00e4rfte Massnahmen - KMU sollen Hilfe erhalten","og_description":"Der Bundesrat setzt versch\u00e4rfte Massnahmen zum Schutz der Bev\u00f6lkerung in Kraft - mit einschneidenden Auswirkungen f\u00fcr die KMU-Wirtschaft.","og_url":"https:\/\/www.organisator.ch\/it\/gestione-2\/2020-03-16\/bundesrat-beschliesst-verschaerfte-massnahmen-kmu-sollen-hilfe-erhalten\/","og_site_name":"Organisator","article_publisher":"https:\/\/www.facebook.com\/OrganisatorFachmagazin","article_published_time":"2020-03-16T16:57:21+00:00","og_image":[{"width":680,"height":251,"url":"https:\/\/www.organisator.ch\/wp-content\/uploads\/2020\/03\/Bundesrat-beschliesst-verschaerfte-Massnahmen-KMU-sollen-Hilfe-erhalten_Organisator.jpg","type":"image\/jpeg"}],"author":"thomas.berner","twitter_card":"summary_large_image","twitter_title":"Bundesrat beschliesst versch\u00e4rfte Massnahmen - KMU sollen Hilfe erhalten","twitter_description":"Der Bundesrat setzt versch\u00e4rfte Massnahmen zum Schutz der Bev\u00f6lkerung in Kraft - mit einschneidenden Auswirkungen f\u00fcr die KMU-Wirtschaft.","twitter_image":"https:\/\/www.organisator.ch\/wp-content\/uploads\/2020\/03\/Bundesrat-beschliesst-verschaerfte-Massnahmen-KMU-sollen-Hilfe-erhalten_Organisator.jpg","schema":{"@context":"https:\/\/schema.org","@graph":[{"@type":"Article","@id":"https:\/\/www.organisator.ch\/management\/2020-03-16\/bundesrat-beschliesst-verschaerfte-massnahmen-kmu-sollen-hilfe-erhalten\/#article","isPartOf":{"@id":"https:\/\/www.organisator.ch\/management\/2020-03-16\/bundesrat-beschliesst-verschaerfte-massnahmen-kmu-sollen-hilfe-erhalten\/"},"author":{"name":"thomas.berner","@id":"https:\/\/www.organisator.ch\/#\/schema\/person\/6f650f90b2842cd4c0cc334b4e36f67e"},"headline":"Bundesrat beschliesst versch\u00e4rfte Massnahmen &#8211; KMU sollen Hilfe erhalten","datePublished":"2020-03-16T16:57:21+00:00","mainEntityOfPage":{"@id":"https:\/\/www.organisator.ch\/management\/2020-03-16\/bundesrat-beschliesst-verschaerfte-massnahmen-kmu-sollen-hilfe-erhalten\/"},"wordCount":353,"publisher":{"@id":"https:\/\/www.organisator.ch\/#organization"},"image":{"@id":"https:\/\/www.organisator.ch\/management\/2020-03-16\/bundesrat-beschliesst-verschaerfte-massnahmen-kmu-sollen-hilfe-erhalten\/#primaryimage"},"thumbnailUrl":"https:\/\/www.organisator.ch\/wp-content\/uploads\/2020\/03\/Bundesrat-beschliesst-verschaerfte-Massnahmen-KMU-sollen-Hilfe-erhalten_Organisator.jpg","keywords":["Coronavirus","Krisenmanagement","Management und Unternehmensf\u00fchrung","Unternehmen","Wirtschaftspolitik"],"articleSection":["MANAGEMENT"],"inLanguage":"it-IT"},{"@type":"WebPage","@id":"https:\/\/www.organisator.ch\/management\/2020-03-16\/bundesrat-beschliesst-verschaerfte-massnahmen-kmu-sollen-hilfe-erhalten\/","url":"https:\/\/www.organisator.ch\/management\/2020-03-16\/bundesrat-beschliesst-verschaerfte-massnahmen-kmu-sollen-hilfe-erhalten\/","name":"Il Consiglio federale decide misure pi\u00f9 severe: le PMI saranno aiutate - Organizzatore","isPartOf":{"@id":"https:\/\/www.organisator.ch\/#website"},"primaryImageOfPage":{"@id":"https:\/\/www.organisator.ch\/management\/2020-03-16\/bundesrat-beschliesst-verschaerfte-massnahmen-kmu-sollen-hilfe-erhalten\/#primaryimage"},"image":{"@id":"https:\/\/www.organisator.ch\/management\/2020-03-16\/bundesrat-beschliesst-verschaerfte-massnahmen-kmu-sollen-hilfe-erhalten\/#primaryimage"},"thumbnailUrl":"https:\/\/www.organisator.ch\/wp-content\/uploads\/2020\/03\/Bundesrat-beschliesst-verschaerfte-Massnahmen-KMU-sollen-Hilfe-erhalten_Organisator.jpg","datePublished":"2020-03-16T16:57:21+00:00","description":"Il Consiglio federale adotta misure pi\u00f9 severe per proteggere la popolazione, con effetti drastici per l'economia delle PMI.","breadcrumb":{"@id":"https:\/\/www.organisator.ch\/management\/2020-03-16\/bundesrat-beschliesst-verschaerfte-massnahmen-kmu-sollen-hilfe-erhalten\/#breadcrumb"},"inLanguage":"it-IT","potentialAction":[{"@type":"ReadAction","target":["https:\/\/www.organisator.ch\/management\/2020-03-16\/bundesrat-beschliesst-verschaerfte-massnahmen-kmu-sollen-hilfe-erhalten\/"]}]},{"@type":"ImageObject","inLanguage":"it-IT","@id":"https:\/\/www.organisator.ch\/management\/2020-03-16\/bundesrat-beschliesst-verschaerfte-massnahmen-kmu-sollen-hilfe-erhalten\/#primaryimage","url":"https:\/\/www.organisator.ch\/wp-content\/uploads\/2020\/03\/Bundesrat-beschliesst-verschaerfte-Massnahmen-KMU-sollen-Hilfe-erhalten_Organisator.jpg","contentUrl":"https:\/\/www.organisator.ch\/wp-content\/uploads\/2020\/03\/Bundesrat-beschliesst-verschaerfte-Massnahmen-KMU-sollen-Hilfe-erhalten_Organisator.jpg","width":680,"height":251,"caption":"Versch\u00e4rfte Massnahmen gegen das Coronavirus treffen die Schweizer KMU-Wirtschaft. Der Bund ruft zu Solidarit\u00e4t auf. (Bild: Pixabay.com)"},{"@type":"BreadcrumbList","@id":"https:\/\/www.organisator.ch\/management\/2020-03-16\/bundesrat-beschliesst-verschaerfte-massnahmen-kmu-sollen-hilfe-erhalten\/#breadcrumb","itemListElement":[{"@type":"ListItem","position":1,"name":"Home","item":"https:\/\/www.organisator.ch\/"},{"@type":"ListItem","position":2,"name":"Bundesrat beschliesst versch\u00e4rfte Massnahmen &#8211; KMU sollen Hilfe erhalten"}]},{"@type":"WebSite","@id":"https:\/\/www.organisator.ch\/#website","url":"https:\/\/www.organisator.ch\/","name":"Organizzatore","description":"Competente. Pratico. In 10 numeri all'anno, ORGANISATOR presenta i temi essenziali per i manager delle PMI.","publisher":{"@id":"https:\/\/www.organisator.ch\/#organization"},"potentialAction":[{"@type":"SearchAction","target":{"@type":"EntryPoint","urlTemplate":"https:\/\/www.organisator.ch\/?s={search_term_string}"},"query-input":{"@type":"PropertyValueSpecification","valueRequired":true,"valueName":"search_term_string"}}],"inLanguage":"it-IT"},{"@type":"Organization","@id":"https:\/\/www.organisator.ch\/#organization","name":"Organizzatore","url":"https:\/\/www.organisator.ch\/","logo":{"@type":"ImageObject","inLanguage":"it-IT","@id":"https:\/\/www.organisator.ch\/#\/schema\/logo\/image\/","url":"https:\/\/www.organisator.ch\/wp-content\/uploads\/2022\/01\/Logo_Organisator_Website.png","contentUrl":"https:\/\/www.organisator.ch\/wp-content\/uploads\/2022\/01\/Logo_Organisator_Website.png","width":800,"height":77,"caption":"Organisator"},"image":{"@id":"https:\/\/www.organisator.ch\/#\/schema\/logo\/image\/"},"sameAs":["https:\/\/www.facebook.com\/OrganisatorFachmagazin","https:\/\/www.linkedin.com\/showcase\/organisator-das-magazin-fr-kmu","https:\/\/www.xing.com\/news\/pages\/organisator-ch-695","https:\/\/www.youtube.com\/channel\/UCGP2Sq0iWaZwT3BdIAQFYpw"]},{"@type":"Person","@id":"https:\/\/www.organisator.ch\/#\/schema\/person\/6f650f90b2842cd4c0cc334b4e36f67e","name":"Tommaso.berner","image":{"@type":"ImageObject","inLanguage":"it-IT","@id":"https:\/\/secure.gravatar.com\/avatar\/ac5001d2a36cb6c6cd3e50789007ffca834b477b74a2144564522e944eabff61?s=96&d=mm&r=g","url":"https:\/\/secure.gravatar.com\/avatar\/ac5001d2a36cb6c6cd3e50789007ffca834b477b74a2144564522e944eabff61?s=96&d=mm&r=g","contentUrl":"https:\/\/secure.gravatar.com\/avatar\/ac5001d2a36cb6c6cd3e50789007ffca834b477b74a2144564522e944eabff61?s=96&d=mm&r=g","caption":"thomas.berner"},"url":"https:\/\/www.organisator.ch\/it\/author\/thomas-berner\/"}]}},"_links":{"self":[{"href":"https:\/\/www.organisator.ch\/it\/wp-json\/wp\/v2\/posts\/6462","targetHints":{"allow":["GET"]}}],"collection":[{"href":"https:\/\/www.organisator.ch\/it\/wp-json\/wp\/v2\/posts"}],"about":[{"href":"https:\/\/www.organisator.ch\/it\/wp-json\/wp\/v2\/types\/post"}],"author":[{"embeddable":true,"href":"https:\/\/www.organisator.ch\/it\/wp-json\/wp\/v2\/users\/4"}],"replies":[{"embeddable":true,"href":"https:\/\/www.organisator.ch\/it\/wp-json\/wp\/v2\/comments?post=6462"}],"version-history":[{"count":0,"href":"https:\/\/www.organisator.ch\/it\/wp-json\/wp\/v2\/posts\/6462\/revisions"}],"wp:featuredmedia":[{"embeddable":true,"href":"https:\/\/www.organisator.ch\/it\/wp-json\/wp\/v2\/media\/6463"}],"wp:attachment":[{"href":"https:\/\/www.organisator.ch\/it\/wp-json\/wp\/v2\/media?parent=6462"}],"wp:term":[{"taxonomy":"category","embeddable":true,"href":"https:\/\/www.organisator.ch\/it\/wp-json\/wp\/v2\/categories?post=6462"},{"taxonomy":"post_tag","embeddable":true,"href":"https:\/\/www.organisator.ch\/it\/wp-json\/wp\/v2\/tags?post=6462"}],"curies":[{"name":"wp","href":"https:\/\/api.w.org\/{rel}","templated":true}]}}