{"id":6481,"date":"2020-03-19T10:42:51","date_gmt":"2020-03-19T09:42:51","guid":{"rendered":"https:\/\/www.organisator.ch\/?p=6481"},"modified":"2020-03-19T10:42:51","modified_gmt":"2020-03-19T09:42:51","slug":"arbeiten-im-homeoffice-darauf-sollten-mitarbeitende-und-chefs-achten","status":"publish","type":"post","link":"https:\/\/www.organisator.ch\/it\/management\/2020-03-19\/arbeiten-im-homeoffice-darauf-sollten-mitarbeitende-und-chefs-achten\/","title":{"rendered":"Lavorare da casa: cosa dovrebbero sapere i dipendenti e i capi"},"content":{"rendered":"<figure id=\"attachment_6483\" aria-describedby=\"caption-attachment-6483\" style=\"width: 680px\" class=\"wp-caption alignnone\"><img loading=\"lazy\" decoding=\"async\" class=\"size-medium wp-image-6483\" src=\"https:\/\/www.organisator.ch\/wp-content\/uploads\/2020\/03\/Arbeiten-im-Homeoffice-Darauf-sollten-Mitarbeitende-und-Chefs-achten_Organisator.jpg\" alt=\"\" width=\"680\" height=\"453\" srcset=\"https:\/\/www.organisator.ch\/wp-content\/uploads\/2020\/03\/Arbeiten-im-Homeoffice-Darauf-sollten-Mitarbeitende-und-Chefs-achten_Organisator.jpg 680w, https:\/\/www.organisator.ch\/wp-content\/uploads\/2020\/03\/Arbeiten-im-Homeoffice-Darauf-sollten-Mitarbeitende-und-Chefs-achten_Organisator-16x12.jpg 16w, https:\/\/www.organisator.ch\/wp-content\/uploads\/2020\/03\/Arbeiten-im-Homeoffice-Darauf-sollten-Mitarbeitende-und-Chefs-achten_Organisator-263x175.jpg 263w, https:\/\/www.organisator.ch\/wp-content\/uploads\/2020\/03\/Arbeiten-im-Homeoffice-Darauf-sollten-Mitarbeitende-und-Chefs-achten_Organisator-525x350.jpg 525w, https:\/\/www.organisator.ch\/wp-content\/uploads\/2020\/03\/Arbeiten-im-Homeoffice-Darauf-sollten-Mitarbeitende-und-Chefs-achten_Organisator-300x200.jpg 300w\" sizes=\"auto, (max-width: 680px) 100vw, 680px\" \/><figcaption id=\"caption-attachment-6483\" class=\"wp-caption-text\">Tutto pronto per lavorare in ufficio a casa. (Immagine: Pixabay.com)<\/figcaption><\/figure>\n<p>Non tutti - sia i capi che i dipendenti - sono abituati a lavorare da casa. Dopo qualche difficolt\u00e0 iniziale, per\u00f2, ci si abituer\u00e0 presto e lavorare da casa diventer\u00e0 una piacevole routine.<\/p>\n<h2>Punto 1: Quando si arreda, prestare attenzione alla buona ergonomia<\/h2>\n<ul>\n<li>Se possibile, allestisci il tuo ufficio a casa in una stanza separata in modo da poter lavorare indisturbato. Se non hai la tua stanza, puoi anche allestire un'alcova in casa tua per il tuo ufficio. Scaffali o divisori possono aiutare a separare la zona di lavoro dalla zona giorno. \u00c8 importante arredare la stanza in modo tale da sentirsi a proprio agio mentre si lavora.<\/li>\n<li>Il tavolo di lavoro: deve essere sufficientemente grande e offrire abbastanza spazio per i vostri documenti. Secondo le raccomandazioni della Suva, la lunghezza dovrebbe essere di almeno 120 centimetri. Idealmente, il tavolo dovrebbe essere regolabile in altezza in modo da poter alternare la posizione in piedi con quella seduta (regola generale: 60 per cento seduta, 30 per cento in piedi, 10 per cento di movimento attivo; in piedi di solito per non pi\u00f9 di 20 minuti alla volta). Quando \u00e8 possibile, il tavolo dovrebbe essere posizionato ad un angolo di 90 gradi rispetto alla finestra.<\/li>\n<li>La sedia da ufficio: una buona sedia da ufficio (non deve essere costosa) ha una base a 5 stelle con rotelle ed \u00e8 regolabile in altezza. Regola l'altezza in questo modo: Piedi piatti sul pavimento, gambe superiori e inferiori ad un angolo di circa 90 gradi, busto ad un angolo di 90 gradi rispetto alle cosce, glutei leggermente pi\u00f9 alti del ginocchio, cio\u00e8 un sedile inclinato \u00e8 vantaggioso. Lo schienale o la zona lombare dovrebbe venire a riposare nell'incavo della schiena per fornire un sostegno ottimale alla vostra schiena. Evitare cuscini, poggiapiedi e simili quando possibile; possono portare a una postura instabile e di conseguenza a disturbi fisici.<\/li>\n<li>Illuminazione: Assicurati di avere pi\u00f9 luce naturale possibile. Non lavorare di fronte o con le spalle alla finestra. Se questo non \u00e8 possibile: oscurare la finestra (tende, persiane) in modo che non abbagli e accontentarsi della luce artificiale (lampada da soffitto o da scrivania che fornisce un'illuminazione uniforme). I valori guida per l'illuminazione sono almeno da 500 a 600 lux (questo pu\u00f2 essere misurato con uno smartphone, per esempio; un'applicazione per questo \u00e8 disponibile qui): <a href=\"https:\/\/phyphox.org\/de\/home-de\/\">https:\/\/phyphox.org\/de\/home-de\/<\/a>)<\/li>\n<li>Posizionamento dell'attrezzatura di lavoro: Mettete lo schermo dritto davanti a voi, l'altezza deve essere regolata in modo che il bordo superiore dello schermo sia una mano sotto il livello degli occhi. La distanza tra gli occhi e lo schermo dovrebbe essere di un braccio. Anche con un computer portatile, lavorate con un mouse se possibile - i trackpad sono scomodi alla lunga. Il mouse dovrebbe essere tenuto il pi\u00f9 vicino possibile alla tastiera. Se lavorate spesso con dei documenti, si raccomanda un portadocumenti (posizionatelo tra la tastiera e lo schermo).<\/li>\n<li>Clima: Ventilare regolarmente. Le piante da interno possono anche migliorare il clima interno fornendo sufficiente umidit\u00e0. Portano anche un'atmosfera amichevole sul posto di lavoro.<\/li>\n<\/ul>\n<h2>Punto 2: L'organizzazione del lavoro<\/h2>\n<ul>\n<li>Mantenete lo stesso ritmo di quando lavorate in un ufficio normale. Alzati alla solita ora, fai le tue pause alle solite ore.<\/li>\n<li>\"Festeggiate\" la strada verso il lavoro, anche se non dovete uscire di casa per farlo. Questo significa, per esempio: Fai colazione nella sala da pranzo e solo dopo vai nel tuo ufficio a casa - forse anche dopo una breve passeggiata o un \"viaggio\" sul balcone.<\/li>\n<li>Non mangiate nemmeno a casa sul posto di lavoro.<\/li>\n<li>Vestiti come se dovessi andare a lavorare. Se lavori in pigiama o in una tenuta sportiva, fai poco onore a te stesso e alla qualit\u00e0 del tuo lavoro.<\/li>\n<li>Pianifica il tuo lavoro in blocchi coerenti: I compiti che richiedono molta concentrazione sono meglio svolti al mattino. Il lavoro di routine, come rispondere alle e-mail, pu\u00f2 essere fatto dopo pranzo, per esempio.<\/li>\n<li>Informi i colleghi del suo team quando e come pu\u00f2 essere raggiunto. Organizzare appuntamenti fissi, ad esempio per rapporti di consultazione. Usa strumenti come Microsoft Teams, Outlook e gli strumenti di Unified Communication &amp; Collaboration (UCC) forniti dal tuo datore di lavoro.<\/li>\n<li>Coltivare una cultura del lavoro: ci sono studi che dimostrano che gli impiegati tendono a lavorare troppo a casa. Quindi anche chi lavora da casa non \u00e8 immune dal burnout. Quindi registrate il vostro orario di lavoro, andate a casa alla fine della giornata come al solito - e se necessario organizzatevi per avere una \"birra virtuale dopo il lavoro\" con i colleghi via Skype o simili.<\/li>\n<\/ul>\n<h2>Punto 3: Lavorare in un ufficio a domicilio - anche una questione di leadership<\/h2>\n<ul>\n<li>Lavorare in un ufficio a domicilio richiede fiducia da parte dei manager. Come capo, dovresti quindi evitare le regolari \"chiamate di controllo\". Perci\u00f2, gestite i vostri dipendenti nell'ufficio a domicilio in modo pi\u00f9 orientato ai risultati. Chiarire gli obiettivi che devono essere raggiunti e descrivere nel modo pi\u00f9 preciso possibile quale dovrebbe essere il risultato desiderato.<\/li>\n<li>Trasparenza: Tenere i team informati su quali lavori sono in corso e da chi. Fornire strumenti di e-collaborazione e organizzare riunioni virtuali del team quando necessario. Preparateli con la stessa meticolosit\u00e0 delle riunioni \"normali\".<\/li>\n<li>Richiedete rapporti di stato regolari (per esempio settimanali) ai vostri team o al vostro staff.<\/li>\n<li>Stabilire orari vincolanti per l'accessibilit\u00e0. Ma anche coltivare dei rituali per uno scambio non vincolante e informale, per esempio sotto forma di una chiacchierata a pranzo.<\/li>\n<li>Sii paziente e comprensivo: Non tutto funzioner\u00e0 subito. Se non siete abituati a comunicare \"digitalmente\" su base regolare, ci vorranno alcuni tentativi finch\u00e9 non avrete una buona padronanza della tecnologia. Se necessario, formate i vostri dipendenti all'uso degli strumenti di comunicazione digitale (per esempio, fornendo istruzioni punto per punto tramite l'intranet) - questo include anche il mantenimento delle regole di galateo al telefono.<\/li>\n<li>Fate sentire ai vostri dipendenti il vostro apprezzamento. Dare pi\u00f9 feedback del solito, lodare, dare consigli costruttivi dove sono necessari miglioramenti. Fate sapere ai vostri impiegati che sono seduti da soli nei loro uffici a casa che sono necessari.<\/li>\n<\/ul>\n<p>Con questo in mente: Buon lavoro. E anche quando si lavora nel proprio ufficio a casa, dimenticare il <a href=\"https:\/\/www.organisator.ch\/homeoffice-wegen-covid-19-die-cyber-sicherheit-nicht-vergessen\/\">Cybersecurity<\/a> no.<\/p>","protected":false},"excerpt":{"rendered":"<p>Nicht alle \u2013 sowohl Chefs wie auch Mitarbeitende \u2013 sind es gewohnt, von zu Hause aus zu arbeiten. Nach ein paar Anfangsschwierigkeiten wird man aber sicher bald zurechtkommen und das Arbeiten im Homeoffice wird zur angenehmen Routine. Punkt 1: Bei der Einrichtung auf gute Ergonomie achten Richten Sie Ihr Heimb\u00fcro nach M\u00f6glichkeit in einem abtrennbaren [&hellip;]<\/p>\n","protected":false},"author":4,"featured_media":6483,"comment_status":"closed","ping_status":"closed","sticky":false,"template":"","format":"standard","meta":{"_acf_changed":false,"_yoast_wpseo_focuskw":"Arbeiten im Homeoffice","_yoast_wpseo_metadesc":"Landesweit ist Arbeiten im Homeoffice gewissermassen zur Pflicht geworden. Wir haben ein paar wichtige Punkte zu einer Checkliste zusammengestellt.","articlekey":"","footnotes":""},"categories":[28],"tags":[51,115,335],"class_list":["post-6481","post","type-post","status-publish","format-standard","has-post-thumbnail","hentry","category-management","tag-arbeitsplatzgestaltung","tag-checklisten","tag-management-und-unternehmensfuehrung"],"acf":[],"yoast_head":"<!-- This site is optimized with the Yoast SEO plugin v27.5 - https:\/\/yoast.com\/product\/yoast-seo-wordpress\/ -->\n<title>Arbeiten im Homeoffice: Darauf sollten Mitarbeitende und Chefs achten - Organisator<\/title>\n<meta name=\"description\" content=\"Landesweit ist Arbeiten im Homeoffice gewissermassen zur Pflicht geworden. Wir haben ein paar wichtige Punkte zu einer Checkliste zusammengestellt.\" \/>\n<meta name=\"robots\" content=\"index, follow, max-snippet:-1, max-image-preview:large, max-video-preview:-1\" \/>\n<link rel=\"canonical\" href=\"https:\/\/www.organisator.ch\/it\/gestione-2\/2020-03-19\/arbeiten-im-homeoffice-darauf-sollten-mitarbeitende-und-chefs-achten\/\" \/>\n<meta property=\"og:locale\" content=\"it_IT\" \/>\n<meta property=\"og:type\" content=\"article\" \/>\n<meta property=\"og:title\" content=\"Arbeiten im Homeoffice: Darauf sollten Mitarbeitende und Chefs achten\" \/>\n<meta property=\"og:description\" content=\"Landesweit ist Arbeiten im Homeoffice gewissermassen zur Pflicht geworden. Wir haben ein paar wichtige Punkte zu einer Checkliste zusammengestellt.\" \/>\n<meta property=\"og:url\" content=\"https:\/\/www.organisator.ch\/it\/gestione-2\/2020-03-19\/arbeiten-im-homeoffice-darauf-sollten-mitarbeitende-und-chefs-achten\/\" \/>\n<meta property=\"og:site_name\" content=\"Organisator\" \/>\n<meta property=\"article:publisher\" content=\"https:\/\/www.facebook.com\/OrganisatorFachmagazin\" \/>\n<meta property=\"article:published_time\" content=\"2020-03-19T09:42:51+00:00\" \/>\n<meta property=\"og:image\" content=\"https:\/\/www.organisator.ch\/wp-content\/uploads\/2020\/03\/Arbeiten-im-Homeoffice-Darauf-sollten-Mitarbeitende-und-Chefs-achten_Organisator.jpg\" \/>\n\t<meta property=\"og:image:width\" content=\"680\" \/>\n\t<meta property=\"og:image:height\" content=\"453\" \/>\n\t<meta property=\"og:image:type\" content=\"image\/jpeg\" \/>\n<meta name=\"author\" content=\"thomas.berner\" \/>\n<meta name=\"twitter:card\" content=\"summary_large_image\" \/>\n<meta name=\"twitter:title\" content=\"Arbeiten im #Homeoffice: Darauf sollten Mitarbeitende und Chefs achten\" \/>\n<meta name=\"twitter:description\" content=\"Landesweit ist Arbeiten im #Homeoffice gewissermassen zur Pflicht geworden. Wir haben ein paar wichtige Punkte zu einer #Checkliste zusammengestellt.\" \/>\n<meta name=\"twitter:image\" content=\"https:\/\/www.organisator.ch\/wp-content\/uploads\/2020\/03\/Arbeiten-im-Homeoffice-Darauf-sollten-Mitarbeitende-und-Chefs-achten_Organisator.jpg\" \/>\n<script type=\"application\/ld+json\" class=\"yoast-schema-graph\">{\"@context\":\"https:\\\/\\\/schema.org\",\"@graph\":[{\"@type\":\"Article\",\"@id\":\"https:\\\/\\\/www.organisator.ch\\\/management\\\/2020-03-19\\\/arbeiten-im-homeoffice-darauf-sollten-mitarbeitende-und-chefs-achten\\\/#article\",\"isPartOf\":{\"@id\":\"https:\\\/\\\/www.organisator.ch\\\/management\\\/2020-03-19\\\/arbeiten-im-homeoffice-darauf-sollten-mitarbeitende-und-chefs-achten\\\/\"},\"author\":{\"name\":\"thomas.berner\",\"@id\":\"https:\\\/\\\/www.organisator.ch\\\/#\\\/schema\\\/person\\\/6f650f90b2842cd4c0cc334b4e36f67e\"},\"headline\":\"Arbeiten im Homeoffice: Darauf sollten Mitarbeitende und Chefs achten\",\"datePublished\":\"2020-03-19T09:42:51+00:00\",\"mainEntityOfPage\":{\"@id\":\"https:\\\/\\\/www.organisator.ch\\\/management\\\/2020-03-19\\\/arbeiten-im-homeoffice-darauf-sollten-mitarbeitende-und-chefs-achten\\\/\"},\"wordCount\":1060,\"publisher\":{\"@id\":\"https:\\\/\\\/www.organisator.ch\\\/#organization\"},\"image\":{\"@id\":\"https:\\\/\\\/www.organisator.ch\\\/management\\\/2020-03-19\\\/arbeiten-im-homeoffice-darauf-sollten-mitarbeitende-und-chefs-achten\\\/#primaryimage\"},\"thumbnailUrl\":\"https:\\\/\\\/www.organisator.ch\\\/wp-content\\\/uploads\\\/2020\\\/03\\\/Arbeiten-im-Homeoffice-Darauf-sollten-Mitarbeitende-und-Chefs-achten_Organisator.jpg\",\"keywords\":[\"Arbeitsplatzgestaltung\",\"Checklisten\",\"Management und Unternehmensf\u00fchrung\"],\"articleSection\":[\"MANAGEMENT\"],\"inLanguage\":\"it-IT\"},{\"@type\":\"WebPage\",\"@id\":\"https:\\\/\\\/www.organisator.ch\\\/management\\\/2020-03-19\\\/arbeiten-im-homeoffice-darauf-sollten-mitarbeitende-und-chefs-achten\\\/\",\"url\":\"https:\\\/\\\/www.organisator.ch\\\/management\\\/2020-03-19\\\/arbeiten-im-homeoffice-darauf-sollten-mitarbeitende-und-chefs-achten\\\/\",\"name\":\"Arbeiten im Homeoffice: Darauf sollten Mitarbeitende und Chefs achten - Organisator\",\"isPartOf\":{\"@id\":\"https:\\\/\\\/www.organisator.ch\\\/#website\"},\"primaryImageOfPage\":{\"@id\":\"https:\\\/\\\/www.organisator.ch\\\/management\\\/2020-03-19\\\/arbeiten-im-homeoffice-darauf-sollten-mitarbeitende-und-chefs-achten\\\/#primaryimage\"},\"image\":{\"@id\":\"https:\\\/\\\/www.organisator.ch\\\/management\\\/2020-03-19\\\/arbeiten-im-homeoffice-darauf-sollten-mitarbeitende-und-chefs-achten\\\/#primaryimage\"},\"thumbnailUrl\":\"https:\\\/\\\/www.organisator.ch\\\/wp-content\\\/uploads\\\/2020\\\/03\\\/Arbeiten-im-Homeoffice-Darauf-sollten-Mitarbeitende-und-Chefs-achten_Organisator.jpg\",\"datePublished\":\"2020-03-19T09:42:51+00:00\",\"description\":\"Landesweit ist Arbeiten im Homeoffice gewissermassen zur Pflicht geworden. Wir haben ein paar wichtige Punkte zu einer Checkliste zusammengestellt.\",\"breadcrumb\":{\"@id\":\"https:\\\/\\\/www.organisator.ch\\\/management\\\/2020-03-19\\\/arbeiten-im-homeoffice-darauf-sollten-mitarbeitende-und-chefs-achten\\\/#breadcrumb\"},\"inLanguage\":\"it-IT\",\"potentialAction\":[{\"@type\":\"ReadAction\",\"target\":[\"https:\\\/\\\/www.organisator.ch\\\/management\\\/2020-03-19\\\/arbeiten-im-homeoffice-darauf-sollten-mitarbeitende-und-chefs-achten\\\/\"]}]},{\"@type\":\"ImageObject\",\"inLanguage\":\"it-IT\",\"@id\":\"https:\\\/\\\/www.organisator.ch\\\/management\\\/2020-03-19\\\/arbeiten-im-homeoffice-darauf-sollten-mitarbeitende-und-chefs-achten\\\/#primaryimage\",\"url\":\"https:\\\/\\\/www.organisator.ch\\\/wp-content\\\/uploads\\\/2020\\\/03\\\/Arbeiten-im-Homeoffice-Darauf-sollten-Mitarbeitende-und-Chefs-achten_Organisator.jpg\",\"contentUrl\":\"https:\\\/\\\/www.organisator.ch\\\/wp-content\\\/uploads\\\/2020\\\/03\\\/Arbeiten-im-Homeoffice-Darauf-sollten-Mitarbeitende-und-Chefs-achten_Organisator.jpg\",\"width\":680,\"height\":453,\"caption\":\"Alles bereit f\u00fcr das Arbeiten im Homeoffice. (Bild: Pixabay.com)\"},{\"@type\":\"BreadcrumbList\",\"@id\":\"https:\\\/\\\/www.organisator.ch\\\/management\\\/2020-03-19\\\/arbeiten-im-homeoffice-darauf-sollten-mitarbeitende-und-chefs-achten\\\/#breadcrumb\",\"itemListElement\":[{\"@type\":\"ListItem\",\"position\":1,\"name\":\"Home\",\"item\":\"https:\\\/\\\/www.organisator.ch\\\/\"},{\"@type\":\"ListItem\",\"position\":2,\"name\":\"Arbeiten im Homeoffice: Darauf sollten Mitarbeitende und Chefs achten\"}]},{\"@type\":\"WebSite\",\"@id\":\"https:\\\/\\\/www.organisator.ch\\\/#website\",\"url\":\"https:\\\/\\\/www.organisator.ch\\\/\",\"name\":\"Organisator\",\"description\":\"Kompetent. Praxisnah. Der ORGANISATOR bereitet in 10 Ausgaben pro Jahr die wesentlichen Themen f\u00fcr F\u00fchrungskr\u00e4fte von KMU auf.\",\"publisher\":{\"@id\":\"https:\\\/\\\/www.organisator.ch\\\/#organization\"},\"potentialAction\":[{\"@type\":\"SearchAction\",\"target\":{\"@type\":\"EntryPoint\",\"urlTemplate\":\"https:\\\/\\\/www.organisator.ch\\\/?s={search_term_string}\"},\"query-input\":{\"@type\":\"PropertyValueSpecification\",\"valueRequired\":true,\"valueName\":\"search_term_string\"}}],\"inLanguage\":\"it-IT\"},{\"@type\":\"Organization\",\"@id\":\"https:\\\/\\\/www.organisator.ch\\\/#organization\",\"name\":\"Organisator\",\"url\":\"https:\\\/\\\/www.organisator.ch\\\/\",\"logo\":{\"@type\":\"ImageObject\",\"inLanguage\":\"it-IT\",\"@id\":\"https:\\\/\\\/www.organisator.ch\\\/#\\\/schema\\\/logo\\\/image\\\/\",\"url\":\"https:\\\/\\\/www.organisator.ch\\\/wp-content\\\/uploads\\\/2022\\\/01\\\/Logo_Organisator_Website.png\",\"contentUrl\":\"https:\\\/\\\/www.organisator.ch\\\/wp-content\\\/uploads\\\/2022\\\/01\\\/Logo_Organisator_Website.png\",\"width\":800,\"height\":77,\"caption\":\"Organisator\"},\"image\":{\"@id\":\"https:\\\/\\\/www.organisator.ch\\\/#\\\/schema\\\/logo\\\/image\\\/\"},\"sameAs\":[\"https:\\\/\\\/www.facebook.com\\\/OrganisatorFachmagazin\",\"https:\\\/\\\/www.linkedin.com\\\/showcase\\\/organisator-das-magazin-fr-kmu\",\"https:\\\/\\\/www.xing.com\\\/news\\\/pages\\\/organisator-ch-695\",\"https:\\\/\\\/www.youtube.com\\\/channel\\\/UCGP2Sq0iWaZwT3BdIAQFYpw\"]},{\"@type\":\"Person\",\"@id\":\"https:\\\/\\\/www.organisator.ch\\\/#\\\/schema\\\/person\\\/6f650f90b2842cd4c0cc334b4e36f67e\",\"name\":\"thomas.berner\",\"image\":{\"@type\":\"ImageObject\",\"inLanguage\":\"it-IT\",\"@id\":\"https:\\\/\\\/secure.gravatar.com\\\/avatar\\\/ac5001d2a36cb6c6cd3e50789007ffca834b477b74a2144564522e944eabff61?s=96&d=mm&r=g\",\"url\":\"https:\\\/\\\/secure.gravatar.com\\\/avatar\\\/ac5001d2a36cb6c6cd3e50789007ffca834b477b74a2144564522e944eabff61?s=96&d=mm&r=g\",\"contentUrl\":\"https:\\\/\\\/secure.gravatar.com\\\/avatar\\\/ac5001d2a36cb6c6cd3e50789007ffca834b477b74a2144564522e944eabff61?s=96&d=mm&r=g\",\"caption\":\"thomas.berner\"},\"url\":\"https:\\\/\\\/www.organisator.ch\\\/it\\\/author\\\/thomas-berner\\\/\"}]}<\/script>\n<!-- \/ Yoast SEO plugin. -->","yoast_head_json":{"title":"Lavorare da casa: a cosa devono stare attenti dipendenti e capi - Organiser","description":"Lavorare in un ufficio a domicilio \u00e8 diventato, per cos\u00ec dire, obbligatorio in tutto il Paese. Abbiamo raccolto alcuni punti importanti in una lista di controllo.","robots":{"index":"index","follow":"follow","max-snippet":"max-snippet:-1","max-image-preview":"max-image-preview:large","max-video-preview":"max-video-preview:-1"},"canonical":"https:\/\/www.organisator.ch\/it\/gestione-2\/2020-03-19\/arbeiten-im-homeoffice-darauf-sollten-mitarbeitende-und-chefs-achten\/","og_locale":"it_IT","og_type":"article","og_title":"Arbeiten im Homeoffice: Darauf sollten Mitarbeitende und Chefs achten","og_description":"Landesweit ist Arbeiten im Homeoffice gewissermassen zur Pflicht geworden. Wir haben ein paar wichtige Punkte zu einer Checkliste zusammengestellt.","og_url":"https:\/\/www.organisator.ch\/it\/gestione-2\/2020-03-19\/arbeiten-im-homeoffice-darauf-sollten-mitarbeitende-und-chefs-achten\/","og_site_name":"Organisator","article_publisher":"https:\/\/www.facebook.com\/OrganisatorFachmagazin","article_published_time":"2020-03-19T09:42:51+00:00","og_image":[{"width":680,"height":453,"url":"https:\/\/www.organisator.ch\/wp-content\/uploads\/2020\/03\/Arbeiten-im-Homeoffice-Darauf-sollten-Mitarbeitende-und-Chefs-achten_Organisator.jpg","type":"image\/jpeg"}],"author":"thomas.berner","twitter_card":"summary_large_image","twitter_title":"Arbeiten im #Homeoffice: Darauf sollten Mitarbeitende und Chefs achten","twitter_description":"Landesweit ist Arbeiten im #Homeoffice gewissermassen zur Pflicht geworden. Wir haben ein paar wichtige Punkte zu einer #Checkliste zusammengestellt.","twitter_image":"https:\/\/www.organisator.ch\/wp-content\/uploads\/2020\/03\/Arbeiten-im-Homeoffice-Darauf-sollten-Mitarbeitende-und-Chefs-achten_Organisator.jpg","schema":{"@context":"https:\/\/schema.org","@graph":[{"@type":"Article","@id":"https:\/\/www.organisator.ch\/management\/2020-03-19\/arbeiten-im-homeoffice-darauf-sollten-mitarbeitende-und-chefs-achten\/#article","isPartOf":{"@id":"https:\/\/www.organisator.ch\/management\/2020-03-19\/arbeiten-im-homeoffice-darauf-sollten-mitarbeitende-und-chefs-achten\/"},"author":{"name":"thomas.berner","@id":"https:\/\/www.organisator.ch\/#\/schema\/person\/6f650f90b2842cd4c0cc334b4e36f67e"},"headline":"Arbeiten im Homeoffice: Darauf sollten Mitarbeitende und Chefs achten","datePublished":"2020-03-19T09:42:51+00:00","mainEntityOfPage":{"@id":"https:\/\/www.organisator.ch\/management\/2020-03-19\/arbeiten-im-homeoffice-darauf-sollten-mitarbeitende-und-chefs-achten\/"},"wordCount":1060,"publisher":{"@id":"https:\/\/www.organisator.ch\/#organization"},"image":{"@id":"https:\/\/www.organisator.ch\/management\/2020-03-19\/arbeiten-im-homeoffice-darauf-sollten-mitarbeitende-und-chefs-achten\/#primaryimage"},"thumbnailUrl":"https:\/\/www.organisator.ch\/wp-content\/uploads\/2020\/03\/Arbeiten-im-Homeoffice-Darauf-sollten-Mitarbeitende-und-Chefs-achten_Organisator.jpg","keywords":["Arbeitsplatzgestaltung","Checklisten","Management und Unternehmensf\u00fchrung"],"articleSection":["MANAGEMENT"],"inLanguage":"it-IT"},{"@type":"WebPage","@id":"https:\/\/www.organisator.ch\/management\/2020-03-19\/arbeiten-im-homeoffice-darauf-sollten-mitarbeitende-und-chefs-achten\/","url":"https:\/\/www.organisator.ch\/management\/2020-03-19\/arbeiten-im-homeoffice-darauf-sollten-mitarbeitende-und-chefs-achten\/","name":"Lavorare da casa: a cosa devono stare attenti dipendenti e capi - Organiser","isPartOf":{"@id":"https:\/\/www.organisator.ch\/#website"},"primaryImageOfPage":{"@id":"https:\/\/www.organisator.ch\/management\/2020-03-19\/arbeiten-im-homeoffice-darauf-sollten-mitarbeitende-und-chefs-achten\/#primaryimage"},"image":{"@id":"https:\/\/www.organisator.ch\/management\/2020-03-19\/arbeiten-im-homeoffice-darauf-sollten-mitarbeitende-und-chefs-achten\/#primaryimage"},"thumbnailUrl":"https:\/\/www.organisator.ch\/wp-content\/uploads\/2020\/03\/Arbeiten-im-Homeoffice-Darauf-sollten-Mitarbeitende-und-Chefs-achten_Organisator.jpg","datePublished":"2020-03-19T09:42:51+00:00","description":"Lavorare in un ufficio a domicilio \u00e8 diventato, per cos\u00ec dire, obbligatorio in tutto il Paese. Abbiamo raccolto alcuni punti importanti in una lista di controllo.","breadcrumb":{"@id":"https:\/\/www.organisator.ch\/management\/2020-03-19\/arbeiten-im-homeoffice-darauf-sollten-mitarbeitende-und-chefs-achten\/#breadcrumb"},"inLanguage":"it-IT","potentialAction":[{"@type":"ReadAction","target":["https:\/\/www.organisator.ch\/management\/2020-03-19\/arbeiten-im-homeoffice-darauf-sollten-mitarbeitende-und-chefs-achten\/"]}]},{"@type":"ImageObject","inLanguage":"it-IT","@id":"https:\/\/www.organisator.ch\/management\/2020-03-19\/arbeiten-im-homeoffice-darauf-sollten-mitarbeitende-und-chefs-achten\/#primaryimage","url":"https:\/\/www.organisator.ch\/wp-content\/uploads\/2020\/03\/Arbeiten-im-Homeoffice-Darauf-sollten-Mitarbeitende-und-Chefs-achten_Organisator.jpg","contentUrl":"https:\/\/www.organisator.ch\/wp-content\/uploads\/2020\/03\/Arbeiten-im-Homeoffice-Darauf-sollten-Mitarbeitende-und-Chefs-achten_Organisator.jpg","width":680,"height":453,"caption":"Alles bereit f\u00fcr das Arbeiten im Homeoffice. (Bild: Pixabay.com)"},{"@type":"BreadcrumbList","@id":"https:\/\/www.organisator.ch\/management\/2020-03-19\/arbeiten-im-homeoffice-darauf-sollten-mitarbeitende-und-chefs-achten\/#breadcrumb","itemListElement":[{"@type":"ListItem","position":1,"name":"Home","item":"https:\/\/www.organisator.ch\/"},{"@type":"ListItem","position":2,"name":"Arbeiten im Homeoffice: Darauf sollten Mitarbeitende und Chefs achten"}]},{"@type":"WebSite","@id":"https:\/\/www.organisator.ch\/#website","url":"https:\/\/www.organisator.ch\/","name":"Organizzatore","description":"Competente. Pratico. In 10 numeri all'anno, ORGANISATOR presenta i temi essenziali per i manager delle PMI.","publisher":{"@id":"https:\/\/www.organisator.ch\/#organization"},"potentialAction":[{"@type":"SearchAction","target":{"@type":"EntryPoint","urlTemplate":"https:\/\/www.organisator.ch\/?s={search_term_string}"},"query-input":{"@type":"PropertyValueSpecification","valueRequired":true,"valueName":"search_term_string"}}],"inLanguage":"it-IT"},{"@type":"Organization","@id":"https:\/\/www.organisator.ch\/#organization","name":"Organizzatore","url":"https:\/\/www.organisator.ch\/","logo":{"@type":"ImageObject","inLanguage":"it-IT","@id":"https:\/\/www.organisator.ch\/#\/schema\/logo\/image\/","url":"https:\/\/www.organisator.ch\/wp-content\/uploads\/2022\/01\/Logo_Organisator_Website.png","contentUrl":"https:\/\/www.organisator.ch\/wp-content\/uploads\/2022\/01\/Logo_Organisator_Website.png","width":800,"height":77,"caption":"Organisator"},"image":{"@id":"https:\/\/www.organisator.ch\/#\/schema\/logo\/image\/"},"sameAs":["https:\/\/www.facebook.com\/OrganisatorFachmagazin","https:\/\/www.linkedin.com\/showcase\/organisator-das-magazin-fr-kmu","https:\/\/www.xing.com\/news\/pages\/organisator-ch-695","https:\/\/www.youtube.com\/channel\/UCGP2Sq0iWaZwT3BdIAQFYpw"]},{"@type":"Person","@id":"https:\/\/www.organisator.ch\/#\/schema\/person\/6f650f90b2842cd4c0cc334b4e36f67e","name":"Tommaso.berner","image":{"@type":"ImageObject","inLanguage":"it-IT","@id":"https:\/\/secure.gravatar.com\/avatar\/ac5001d2a36cb6c6cd3e50789007ffca834b477b74a2144564522e944eabff61?s=96&d=mm&r=g","url":"https:\/\/secure.gravatar.com\/avatar\/ac5001d2a36cb6c6cd3e50789007ffca834b477b74a2144564522e944eabff61?s=96&d=mm&r=g","contentUrl":"https:\/\/secure.gravatar.com\/avatar\/ac5001d2a36cb6c6cd3e50789007ffca834b477b74a2144564522e944eabff61?s=96&d=mm&r=g","caption":"thomas.berner"},"url":"https:\/\/www.organisator.ch\/it\/author\/thomas-berner\/"}]}},"_links":{"self":[{"href":"https:\/\/www.organisator.ch\/it\/wp-json\/wp\/v2\/posts\/6481","targetHints":{"allow":["GET"]}}],"collection":[{"href":"https:\/\/www.organisator.ch\/it\/wp-json\/wp\/v2\/posts"}],"about":[{"href":"https:\/\/www.organisator.ch\/it\/wp-json\/wp\/v2\/types\/post"}],"author":[{"embeddable":true,"href":"https:\/\/www.organisator.ch\/it\/wp-json\/wp\/v2\/users\/4"}],"replies":[{"embeddable":true,"href":"https:\/\/www.organisator.ch\/it\/wp-json\/wp\/v2\/comments?post=6481"}],"version-history":[{"count":0,"href":"https:\/\/www.organisator.ch\/it\/wp-json\/wp\/v2\/posts\/6481\/revisions"}],"wp:featuredmedia":[{"embeddable":true,"href":"https:\/\/www.organisator.ch\/it\/wp-json\/wp\/v2\/media\/6483"}],"wp:attachment":[{"href":"https:\/\/www.organisator.ch\/it\/wp-json\/wp\/v2\/media?parent=6481"}],"wp:term":[{"taxonomy":"category","embeddable":true,"href":"https:\/\/www.organisator.ch\/it\/wp-json\/wp\/v2\/categories?post=6481"},{"taxonomy":"post_tag","embeddable":true,"href":"https:\/\/www.organisator.ch\/it\/wp-json\/wp\/v2\/tags?post=6481"}],"curies":[{"name":"wp","href":"https:\/\/api.w.org\/{rel}","templated":true}]}}