{"id":6499,"date":"2020-03-23T13:17:17","date_gmt":"2020-03-23T12:17:17","guid":{"rendered":"https:\/\/www.organisator.ch\/?p=6499"},"modified":"2020-03-23T13:17:17","modified_gmt":"2020-03-23T12:17:17","slug":"prix-svc-ostschweiz-verschiebedatum-19-august-2020","status":"publish","type":"post","link":"https:\/\/www.organisator.ch\/it\/allgemein\/2020-03-23\/prix-svc-ostschweiz-verschiebedatum-19-august-2020\/","title":{"rendered":"Prix SVC Ostschweiz: data di rinvio 19 agosto 2020"},"content":{"rendered":"<p><img loading=\"lazy\" decoding=\"async\" class=\"alignnone size-medium wp-image-6500\" src=\"https:\/\/www.organisator.ch\/wp-content\/uploads\/2020\/03\/Prix-SVC-Ostschweiz-Verschiebedatum-19.-August-2020_Organisator.jpg\" alt=\"\" width=\"680\" height=\"296\" srcset=\"https:\/\/www.organisator.ch\/wp-content\/uploads\/2020\/03\/Prix-SVC-Ostschweiz-Verschiebedatum-19.-August-2020_Organisator.jpg 680w, https:\/\/www.organisator.ch\/wp-content\/uploads\/2020\/03\/Prix-SVC-Ostschweiz-Verschiebedatum-19.-August-2020_Organisator-16x7.jpg 16w, https:\/\/www.organisator.ch\/wp-content\/uploads\/2020\/03\/Prix-SVC-Ostschweiz-Verschiebedatum-19.-August-2020_Organisator-375x163.jpg 375w, https:\/\/www.organisator.ch\/wp-content\/uploads\/2020\/03\/Prix-SVC-Ostschweiz-Verschiebedatum-19.-August-2020_Organisator-300x131.jpg 300w\" sizes=\"auto, (max-width: 680px) 100vw, 680px\" \/><\/p>\n<p>A causa del decreto del Consiglio federale sulla situazione del coronavirus, la cerimonia di premiazione del Prix SVC Ostschweiz, prevista per il 5 marzo 2020, \u00e8 stata rinviata. Insieme al comitato organizzatore regionale, l'USC ha fissato la cerimonia di premiazione per mercoled\u00ec 19 agosto 2020 nella Olma Hallen. Ulteriori informazioni saranno comunicate a tempo debito. L'USC monitora costantemente la situazione. Informer\u00e0 immediatamente se altri eventi SVC sono interessati dalle misure di contenimento del coronavirus.<\/p>\n<p>I finalisti di quest'anno sono (in ordine alfabetico):<\/p>\n<ul>\n<li>Davaz Holding AG<\/li>\n<li>Evatec AG<\/li>\n<li>Glatz AG<\/li>\n<li>Heule Werkzeug AG<\/li>\n<li>Integra Biosciences AG<\/li>\n<li>Z\u00fcnd Systemtechnik AG<\/li>\n<\/ul>\n<p>Queste sei PMI sono state selezionate tra 150 aziende da una giuria di dodici persone. Il Prix SVC Ostschweiz viene assegnato dal 2004.<\/p>\n<p><em><a href=\"http:\/\/www.swiss-venture-club.ch\">www.swiss-venture-club.ch<\/a><\/em><\/p>","protected":false},"excerpt":{"rendered":"<p>Aufgrund der bundesr\u00e4tlichen Verf\u00fcgung zur Coronavirus-Situation musste die f\u00fcr den 5. M\u00e4rz 2020 geplante Verleihung des Prix SVC Ostschweiz verschoben werden. Zusammen mit dem regionalen Organisationskomitee hat der SVC die Verleihung des Unternehmerpreises neu f\u00fcr Mittwoch, 19. August 2020 in den Olma Hallen festgelegt. Weitere Informationen werden termingerecht kommuniziert. Der SVC beobachtet die Situation laufend. [&hellip;]<\/p>\n","protected":false},"author":4,"featured_media":6500,"comment_status":"closed","ping_status":"closed","sticky":false,"template":"","format":"standard","meta":{"_acf_changed":false,"_yoast_wpseo_focuskw":"Prix SVC Ostschweiz","_yoast_wpseo_metadesc":"Der Prix SVC Ostschweiz 2020 wird neu am 19. August 2020 in den Olma Hallen St.Gallen verliehen. Schon bestellte Tickets behalten ihre G\u00fcltigkeit.","articlekey":"","footnotes":""},"categories":[1],"tags":[66,390,508],"class_list":["post-6499","post","type-post","status-publish","format-standard","has-post-thumbnail","hentry","category-allgemein","tag-awards","tag-prix-svc","tag-vermischtes"],"acf":[],"yoast_head":"<!-- This site is optimized with the Yoast SEO plugin v27.5 - https:\/\/yoast.com\/product\/yoast-seo-wordpress\/ -->\n<title>Prix SVC Ostschweiz: Verschiebedatum 19. August 2020 - Organisator<\/title>\n<meta name=\"description\" content=\"Der Prix SVC Ostschweiz 2020 wird neu am 19. August 2020 in den Olma Hallen St.Gallen verliehen. Schon bestellte Tickets behalten ihre G\u00fcltigkeit.\" \/>\n<meta name=\"robots\" content=\"index, follow, max-snippet:-1, max-image-preview:large, max-video-preview:-1\" \/>\n<link rel=\"canonical\" href=\"https:\/\/www.organisator.ch\/it\/generale\/2020-03-23\/prix-svc-ostschweiz-verschiebedatum-19-august-2020\/\" \/>\n<meta property=\"og:locale\" content=\"it_IT\" \/>\n<meta property=\"og:type\" content=\"article\" \/>\n<meta property=\"og:title\" content=\"Prix SVC Ostschweiz: Verschiebedatum 19. August 2020\" \/>\n<meta property=\"og:description\" content=\"Der Prix SVC Ostschweiz 2020 wird neu am 19. August 2020 in den Olma Hallen St.Gallen verliehen. Schon bestellte Tickets behalten ihre G\u00fcltigkeit.\" \/>\n<meta property=\"og:url\" content=\"https:\/\/www.organisator.ch\/it\/generale\/2020-03-23\/prix-svc-ostschweiz-verschiebedatum-19-august-2020\/\" \/>\n<meta property=\"og:site_name\" content=\"Organisator\" \/>\n<meta property=\"article:publisher\" content=\"https:\/\/www.facebook.com\/OrganisatorFachmagazin\" \/>\n<meta property=\"article:published_time\" content=\"2020-03-23T12:17:17+00:00\" \/>\n<meta property=\"og:image\" content=\"https:\/\/www.organisator.ch\/wp-content\/uploads\/2020\/03\/Prix-SVC-Ostschweiz-Verschiebedatum-19.-August-2020_Organisator.jpg\" \/>\n\t<meta property=\"og:image:width\" content=\"680\" \/>\n\t<meta property=\"og:image:height\" content=\"296\" \/>\n\t<meta property=\"og:image:type\" content=\"image\/jpeg\" \/>\n<meta name=\"author\" content=\"thomas.berner\" \/>\n<meta name=\"twitter:card\" content=\"summary_large_image\" \/>\n<meta name=\"twitter:title\" content=\"Prix SVC Ostschweiz: Verschiebedatum 19. August 2020\" \/>\n<meta name=\"twitter:description\" content=\"Der Prix SVC Ostschweiz 2020 wird neu am 19. August 2020 in den Olma Hallen St.Gallen verliehen. Schon bestellte Tickets behalten ihre G\u00fcltigkeit.\" \/>\n<meta name=\"twitter:image\" content=\"https:\/\/www.organisator.ch\/wp-content\/uploads\/2020\/03\/Prix-SVC-Ostschweiz-Verschiebedatum-19.-August-2020_Organisator.jpg\" \/>\n<script type=\"application\/ld+json\" class=\"yoast-schema-graph\">{\"@context\":\"https:\\\/\\\/schema.org\",\"@graph\":[{\"@type\":\"Article\",\"@id\":\"https:\\\/\\\/www.organisator.ch\\\/de\\\/allgemein\\\/2020-03-23\\\/prix-svc-ostschweiz-verschiebedatum-19-august-2020\\\/#article\",\"isPartOf\":{\"@id\":\"https:\\\/\\\/www.organisator.ch\\\/de\\\/allgemein\\\/2020-03-23\\\/prix-svc-ostschweiz-verschiebedatum-19-august-2020\\\/\"},\"author\":{\"name\":\"thomas.berner\",\"@id\":\"https:\\\/\\\/www.organisator.ch\\\/#\\\/schema\\\/person\\\/6f650f90b2842cd4c0cc334b4e36f67e\"},\"headline\":\"Prix SVC Ostschweiz: Verschiebedatum 19. August 2020\",\"datePublished\":\"2020-03-23T12:17:17+00:00\",\"mainEntityOfPage\":{\"@id\":\"https:\\\/\\\/www.organisator.ch\\\/de\\\/allgemein\\\/2020-03-23\\\/prix-svc-ostschweiz-verschiebedatum-19-august-2020\\\/\"},\"wordCount\":133,\"publisher\":{\"@id\":\"https:\\\/\\\/www.organisator.ch\\\/#organization\"},\"image\":{\"@id\":\"https:\\\/\\\/www.organisator.ch\\\/de\\\/allgemein\\\/2020-03-23\\\/prix-svc-ostschweiz-verschiebedatum-19-august-2020\\\/#primaryimage\"},\"thumbnailUrl\":\"https:\\\/\\\/www.organisator.ch\\\/wp-content\\\/uploads\\\/2020\\\/03\\\/Prix-SVC-Ostschweiz-Verschiebedatum-19.-August-2020_Organisator.jpg\",\"keywords\":[\"Awards\",\"Prix SVC\",\"Vermischtes\"],\"articleSection\":[\"Allgemein\"],\"inLanguage\":\"it-IT\"},{\"@type\":\"WebPage\",\"@id\":\"https:\\\/\\\/www.organisator.ch\\\/de\\\/allgemein\\\/2020-03-23\\\/prix-svc-ostschweiz-verschiebedatum-19-august-2020\\\/\",\"url\":\"https:\\\/\\\/www.organisator.ch\\\/de\\\/allgemein\\\/2020-03-23\\\/prix-svc-ostschweiz-verschiebedatum-19-august-2020\\\/\",\"name\":\"Prix SVC Ostschweiz: Verschiebedatum 19. August 2020 - Organisator\",\"isPartOf\":{\"@id\":\"https:\\\/\\\/www.organisator.ch\\\/#website\"},\"primaryImageOfPage\":{\"@id\":\"https:\\\/\\\/www.organisator.ch\\\/de\\\/allgemein\\\/2020-03-23\\\/prix-svc-ostschweiz-verschiebedatum-19-august-2020\\\/#primaryimage\"},\"image\":{\"@id\":\"https:\\\/\\\/www.organisator.ch\\\/de\\\/allgemein\\\/2020-03-23\\\/prix-svc-ostschweiz-verschiebedatum-19-august-2020\\\/#primaryimage\"},\"thumbnailUrl\":\"https:\\\/\\\/www.organisator.ch\\\/wp-content\\\/uploads\\\/2020\\\/03\\\/Prix-SVC-Ostschweiz-Verschiebedatum-19.-August-2020_Organisator.jpg\",\"datePublished\":\"2020-03-23T12:17:17+00:00\",\"description\":\"Der Prix SVC Ostschweiz 2020 wird neu am 19. August 2020 in den Olma Hallen St.Gallen verliehen. Schon bestellte Tickets behalten ihre G\u00fcltigkeit.\",\"breadcrumb\":{\"@id\":\"https:\\\/\\\/www.organisator.ch\\\/de\\\/allgemein\\\/2020-03-23\\\/prix-svc-ostschweiz-verschiebedatum-19-august-2020\\\/#breadcrumb\"},\"inLanguage\":\"it-IT\",\"potentialAction\":[{\"@type\":\"ReadAction\",\"target\":[\"https:\\\/\\\/www.organisator.ch\\\/de\\\/allgemein\\\/2020-03-23\\\/prix-svc-ostschweiz-verschiebedatum-19-august-2020\\\/\"]}]},{\"@type\":\"ImageObject\",\"inLanguage\":\"it-IT\",\"@id\":\"https:\\\/\\\/www.organisator.ch\\\/de\\\/allgemein\\\/2020-03-23\\\/prix-svc-ostschweiz-verschiebedatum-19-august-2020\\\/#primaryimage\",\"url\":\"https:\\\/\\\/www.organisator.ch\\\/wp-content\\\/uploads\\\/2020\\\/03\\\/Prix-SVC-Ostschweiz-Verschiebedatum-19.-August-2020_Organisator.jpg\",\"contentUrl\":\"https:\\\/\\\/www.organisator.ch\\\/wp-content\\\/uploads\\\/2020\\\/03\\\/Prix-SVC-Ostschweiz-Verschiebedatum-19.-August-2020_Organisator.jpg\",\"width\":680,\"height\":296},{\"@type\":\"BreadcrumbList\",\"@id\":\"https:\\\/\\\/www.organisator.ch\\\/de\\\/allgemein\\\/2020-03-23\\\/prix-svc-ostschweiz-verschiebedatum-19-august-2020\\\/#breadcrumb\",\"itemListElement\":[{\"@type\":\"ListItem\",\"position\":1,\"name\":\"Home\",\"item\":\"https:\\\/\\\/www.organisator.ch\\\/\"},{\"@type\":\"ListItem\",\"position\":2,\"name\":\"Prix SVC Ostschweiz: Verschiebedatum 19. August 2020\"}]},{\"@type\":\"WebSite\",\"@id\":\"https:\\\/\\\/www.organisator.ch\\\/#website\",\"url\":\"https:\\\/\\\/www.organisator.ch\\\/\",\"name\":\"Organisator\",\"description\":\"Kompetent. Praxisnah. Der ORGANISATOR bereitet in 10 Ausgaben pro Jahr die wesentlichen Themen f\u00fcr F\u00fchrungskr\u00e4fte von KMU auf.\",\"publisher\":{\"@id\":\"https:\\\/\\\/www.organisator.ch\\\/#organization\"},\"potentialAction\":[{\"@type\":\"SearchAction\",\"target\":{\"@type\":\"EntryPoint\",\"urlTemplate\":\"https:\\\/\\\/www.organisator.ch\\\/?s={search_term_string}\"},\"query-input\":{\"@type\":\"PropertyValueSpecification\",\"valueRequired\":true,\"valueName\":\"search_term_string\"}}],\"inLanguage\":\"it-IT\"},{\"@type\":\"Organization\",\"@id\":\"https:\\\/\\\/www.organisator.ch\\\/#organization\",\"name\":\"Organisator\",\"url\":\"https:\\\/\\\/www.organisator.ch\\\/\",\"logo\":{\"@type\":\"ImageObject\",\"inLanguage\":\"it-IT\",\"@id\":\"https:\\\/\\\/www.organisator.ch\\\/#\\\/schema\\\/logo\\\/image\\\/\",\"url\":\"https:\\\/\\\/www.organisator.ch\\\/wp-content\\\/uploads\\\/2022\\\/01\\\/Logo_Organisator_Website.png\",\"contentUrl\":\"https:\\\/\\\/www.organisator.ch\\\/wp-content\\\/uploads\\\/2022\\\/01\\\/Logo_Organisator_Website.png\",\"width\":800,\"height\":77,\"caption\":\"Organisator\"},\"image\":{\"@id\":\"https:\\\/\\\/www.organisator.ch\\\/#\\\/schema\\\/logo\\\/image\\\/\"},\"sameAs\":[\"https:\\\/\\\/www.facebook.com\\\/OrganisatorFachmagazin\",\"https:\\\/\\\/www.linkedin.com\\\/showcase\\\/organisator-das-magazin-fr-kmu\",\"https:\\\/\\\/www.xing.com\\\/news\\\/pages\\\/organisator-ch-695\",\"https:\\\/\\\/www.youtube.com\\\/channel\\\/UCGP2Sq0iWaZwT3BdIAQFYpw\"]},{\"@type\":\"Person\",\"@id\":\"https:\\\/\\\/www.organisator.ch\\\/#\\\/schema\\\/person\\\/6f650f90b2842cd4c0cc334b4e36f67e\",\"name\":\"thomas.berner\",\"image\":{\"@type\":\"ImageObject\",\"inLanguage\":\"it-IT\",\"@id\":\"https:\\\/\\\/secure.gravatar.com\\\/avatar\\\/ac5001d2a36cb6c6cd3e50789007ffca834b477b74a2144564522e944eabff61?s=96&d=mm&r=g\",\"url\":\"https:\\\/\\\/secure.gravatar.com\\\/avatar\\\/ac5001d2a36cb6c6cd3e50789007ffca834b477b74a2144564522e944eabff61?s=96&d=mm&r=g\",\"contentUrl\":\"https:\\\/\\\/secure.gravatar.com\\\/avatar\\\/ac5001d2a36cb6c6cd3e50789007ffca834b477b74a2144564522e944eabff61?s=96&d=mm&r=g\",\"caption\":\"thomas.berner\"},\"url\":\"https:\\\/\\\/www.organisator.ch\\\/it\\\/author\\\/thomas-berner\\\/\"}]}<\/script>\n<!-- \/ Yoast SEO plugin. -->","yoast_head_json":{"title":"Premio SVC Ostschweiz: data riprogrammata 19 agosto 2020 - Organizzatore","description":"Il Prix SVC Ostschweiz 2020 sar\u00e0 assegnato il 19 agosto 2020 nella Olma Hallen di San Gallo. I biglietti gi\u00e0 ordinati restano validi.","robots":{"index":"index","follow":"follow","max-snippet":"max-snippet:-1","max-image-preview":"max-image-preview:large","max-video-preview":"max-video-preview:-1"},"canonical":"https:\/\/www.organisator.ch\/it\/generale\/2020-03-23\/prix-svc-ostschweiz-verschiebedatum-19-august-2020\/","og_locale":"it_IT","og_type":"article","og_title":"Prix SVC Ostschweiz: Verschiebedatum 19. August 2020","og_description":"Der Prix SVC Ostschweiz 2020 wird neu am 19. August 2020 in den Olma Hallen St.Gallen verliehen. Schon bestellte Tickets behalten ihre G\u00fcltigkeit.","og_url":"https:\/\/www.organisator.ch\/it\/generale\/2020-03-23\/prix-svc-ostschweiz-verschiebedatum-19-august-2020\/","og_site_name":"Organisator","article_publisher":"https:\/\/www.facebook.com\/OrganisatorFachmagazin","article_published_time":"2020-03-23T12:17:17+00:00","og_image":[{"width":680,"height":296,"url":"https:\/\/www.organisator.ch\/wp-content\/uploads\/2020\/03\/Prix-SVC-Ostschweiz-Verschiebedatum-19.-August-2020_Organisator.jpg","type":"image\/jpeg"}],"author":"thomas.berner","twitter_card":"summary_large_image","twitter_title":"Prix SVC Ostschweiz: Verschiebedatum 19. August 2020","twitter_description":"Der Prix SVC Ostschweiz 2020 wird neu am 19. August 2020 in den Olma Hallen St.Gallen verliehen. Schon bestellte Tickets behalten ihre G\u00fcltigkeit.","twitter_image":"https:\/\/www.organisator.ch\/wp-content\/uploads\/2020\/03\/Prix-SVC-Ostschweiz-Verschiebedatum-19.-August-2020_Organisator.jpg","schema":{"@context":"https:\/\/schema.org","@graph":[{"@type":"Article","@id":"https:\/\/www.organisator.ch\/de\/allgemein\/2020-03-23\/prix-svc-ostschweiz-verschiebedatum-19-august-2020\/#article","isPartOf":{"@id":"https:\/\/www.organisator.ch\/de\/allgemein\/2020-03-23\/prix-svc-ostschweiz-verschiebedatum-19-august-2020\/"},"author":{"name":"thomas.berner","@id":"https:\/\/www.organisator.ch\/#\/schema\/person\/6f650f90b2842cd4c0cc334b4e36f67e"},"headline":"Prix SVC Ostschweiz: Verschiebedatum 19. August 2020","datePublished":"2020-03-23T12:17:17+00:00","mainEntityOfPage":{"@id":"https:\/\/www.organisator.ch\/de\/allgemein\/2020-03-23\/prix-svc-ostschweiz-verschiebedatum-19-august-2020\/"},"wordCount":133,"publisher":{"@id":"https:\/\/www.organisator.ch\/#organization"},"image":{"@id":"https:\/\/www.organisator.ch\/de\/allgemein\/2020-03-23\/prix-svc-ostschweiz-verschiebedatum-19-august-2020\/#primaryimage"},"thumbnailUrl":"https:\/\/www.organisator.ch\/wp-content\/uploads\/2020\/03\/Prix-SVC-Ostschweiz-Verschiebedatum-19.-August-2020_Organisator.jpg","keywords":["Awards","Prix SVC","Vermischtes"],"articleSection":["Allgemein"],"inLanguage":"it-IT"},{"@type":"WebPage","@id":"https:\/\/www.organisator.ch\/de\/allgemein\/2020-03-23\/prix-svc-ostschweiz-verschiebedatum-19-august-2020\/","url":"https:\/\/www.organisator.ch\/de\/allgemein\/2020-03-23\/prix-svc-ostschweiz-verschiebedatum-19-august-2020\/","name":"Premio SVC Ostschweiz: data riprogrammata 19 agosto 2020 - Organizzatore","isPartOf":{"@id":"https:\/\/www.organisator.ch\/#website"},"primaryImageOfPage":{"@id":"https:\/\/www.organisator.ch\/de\/allgemein\/2020-03-23\/prix-svc-ostschweiz-verschiebedatum-19-august-2020\/#primaryimage"},"image":{"@id":"https:\/\/www.organisator.ch\/de\/allgemein\/2020-03-23\/prix-svc-ostschweiz-verschiebedatum-19-august-2020\/#primaryimage"},"thumbnailUrl":"https:\/\/www.organisator.ch\/wp-content\/uploads\/2020\/03\/Prix-SVC-Ostschweiz-Verschiebedatum-19.-August-2020_Organisator.jpg","datePublished":"2020-03-23T12:17:17+00:00","description":"Il Prix SVC Ostschweiz 2020 sar\u00e0 assegnato il 19 agosto 2020 nella Olma Hallen di San Gallo. I biglietti gi\u00e0 ordinati restano validi.","breadcrumb":{"@id":"https:\/\/www.organisator.ch\/de\/allgemein\/2020-03-23\/prix-svc-ostschweiz-verschiebedatum-19-august-2020\/#breadcrumb"},"inLanguage":"it-IT","potentialAction":[{"@type":"ReadAction","target":["https:\/\/www.organisator.ch\/de\/allgemein\/2020-03-23\/prix-svc-ostschweiz-verschiebedatum-19-august-2020\/"]}]},{"@type":"ImageObject","inLanguage":"it-IT","@id":"https:\/\/www.organisator.ch\/de\/allgemein\/2020-03-23\/prix-svc-ostschweiz-verschiebedatum-19-august-2020\/#primaryimage","url":"https:\/\/www.organisator.ch\/wp-content\/uploads\/2020\/03\/Prix-SVC-Ostschweiz-Verschiebedatum-19.-August-2020_Organisator.jpg","contentUrl":"https:\/\/www.organisator.ch\/wp-content\/uploads\/2020\/03\/Prix-SVC-Ostschweiz-Verschiebedatum-19.-August-2020_Organisator.jpg","width":680,"height":296},{"@type":"BreadcrumbList","@id":"https:\/\/www.organisator.ch\/de\/allgemein\/2020-03-23\/prix-svc-ostschweiz-verschiebedatum-19-august-2020\/#breadcrumb","itemListElement":[{"@type":"ListItem","position":1,"name":"Home","item":"https:\/\/www.organisator.ch\/"},{"@type":"ListItem","position":2,"name":"Prix SVC Ostschweiz: Verschiebedatum 19. August 2020"}]},{"@type":"WebSite","@id":"https:\/\/www.organisator.ch\/#website","url":"https:\/\/www.organisator.ch\/","name":"Organizzatore","description":"Competente. Pratico. In 10 numeri all'anno, ORGANISATOR presenta i temi essenziali per i manager delle PMI.","publisher":{"@id":"https:\/\/www.organisator.ch\/#organization"},"potentialAction":[{"@type":"SearchAction","target":{"@type":"EntryPoint","urlTemplate":"https:\/\/www.organisator.ch\/?s={search_term_string}"},"query-input":{"@type":"PropertyValueSpecification","valueRequired":true,"valueName":"search_term_string"}}],"inLanguage":"it-IT"},{"@type":"Organization","@id":"https:\/\/www.organisator.ch\/#organization","name":"Organizzatore","url":"https:\/\/www.organisator.ch\/","logo":{"@type":"ImageObject","inLanguage":"it-IT","@id":"https:\/\/www.organisator.ch\/#\/schema\/logo\/image\/","url":"https:\/\/www.organisator.ch\/wp-content\/uploads\/2022\/01\/Logo_Organisator_Website.png","contentUrl":"https:\/\/www.organisator.ch\/wp-content\/uploads\/2022\/01\/Logo_Organisator_Website.png","width":800,"height":77,"caption":"Organisator"},"image":{"@id":"https:\/\/www.organisator.ch\/#\/schema\/logo\/image\/"},"sameAs":["https:\/\/www.facebook.com\/OrganisatorFachmagazin","https:\/\/www.linkedin.com\/showcase\/organisator-das-magazin-fr-kmu","https:\/\/www.xing.com\/news\/pages\/organisator-ch-695","https:\/\/www.youtube.com\/channel\/UCGP2Sq0iWaZwT3BdIAQFYpw"]},{"@type":"Person","@id":"https:\/\/www.organisator.ch\/#\/schema\/person\/6f650f90b2842cd4c0cc334b4e36f67e","name":"Tommaso.berner","image":{"@type":"ImageObject","inLanguage":"it-IT","@id":"https:\/\/secure.gravatar.com\/avatar\/ac5001d2a36cb6c6cd3e50789007ffca834b477b74a2144564522e944eabff61?s=96&d=mm&r=g","url":"https:\/\/secure.gravatar.com\/avatar\/ac5001d2a36cb6c6cd3e50789007ffca834b477b74a2144564522e944eabff61?s=96&d=mm&r=g","contentUrl":"https:\/\/secure.gravatar.com\/avatar\/ac5001d2a36cb6c6cd3e50789007ffca834b477b74a2144564522e944eabff61?s=96&d=mm&r=g","caption":"thomas.berner"},"url":"https:\/\/www.organisator.ch\/it\/author\/thomas-berner\/"}]}},"_links":{"self":[{"href":"https:\/\/www.organisator.ch\/it\/wp-json\/wp\/v2\/posts\/6499","targetHints":{"allow":["GET"]}}],"collection":[{"href":"https:\/\/www.organisator.ch\/it\/wp-json\/wp\/v2\/posts"}],"about":[{"href":"https:\/\/www.organisator.ch\/it\/wp-json\/wp\/v2\/types\/post"}],"author":[{"embeddable":true,"href":"https:\/\/www.organisator.ch\/it\/wp-json\/wp\/v2\/users\/4"}],"replies":[{"embeddable":true,"href":"https:\/\/www.organisator.ch\/it\/wp-json\/wp\/v2\/comments?post=6499"}],"version-history":[{"count":0,"href":"https:\/\/www.organisator.ch\/it\/wp-json\/wp\/v2\/posts\/6499\/revisions"}],"wp:featuredmedia":[{"embeddable":true,"href":"https:\/\/www.organisator.ch\/it\/wp-json\/wp\/v2\/media\/6500"}],"wp:attachment":[{"href":"https:\/\/www.organisator.ch\/it\/wp-json\/wp\/v2\/media?parent=6499"}],"wp:term":[{"taxonomy":"category","embeddable":true,"href":"https:\/\/www.organisator.ch\/it\/wp-json\/wp\/v2\/categories?post=6499"},{"taxonomy":"post_tag","embeddable":true,"href":"https:\/\/www.organisator.ch\/it\/wp-json\/wp\/v2\/tags?post=6499"}],"curies":[{"name":"wp","href":"https:\/\/api.w.org\/{rel}","templated":true}]}}