{"id":6503,"date":"2020-03-24T08:27:15","date_gmt":"2020-03-24T07:27:15","guid":{"rendered":"https:\/\/www.organisator.ch\/?p=6503"},"modified":"2020-03-24T08:27:15","modified_gmt":"2020-03-24T07:27:15","slug":"kurzarbeit-in-kmu-jedes-fuenfte-unternehmen-stellt-um","status":"publish","type":"post","link":"https:\/\/www.organisator.ch\/it\/management\/2020-03-24\/kurzarbeit-in-kmu-jedes-fuenfte-unternehmen-stellt-um\/","title":{"rendered":"Lavoro a orario ridotto nelle PMI: un'azienda su cinque si converte"},"content":{"rendered":"<figure id=\"attachment_6504\" aria-describedby=\"caption-attachment-6504\" style=\"width: 680px\" class=\"wp-caption alignnone\"><img loading=\"lazy\" decoding=\"async\" class=\"size-medium wp-image-6504\" src=\"https:\/\/www.organisator.ch\/wp-content\/uploads\/2020\/03\/Kurzarbeit-in-KMU-Jedes-fuenfte-Unternehmen-stellt-um_Organisator.jpg\" alt=\"\" width=\"680\" height=\"390\" srcset=\"https:\/\/www.organisator.ch\/wp-content\/uploads\/2020\/03\/Kurzarbeit-in-KMU-Jedes-fuenfte-Unternehmen-stellt-um_Organisator.jpg 680w, https:\/\/www.organisator.ch\/wp-content\/uploads\/2020\/03\/Kurzarbeit-in-KMU-Jedes-fuenfte-Unternehmen-stellt-um_Organisator-16x9.jpg 16w, https:\/\/www.organisator.ch\/wp-content\/uploads\/2020\/03\/Kurzarbeit-in-KMU-Jedes-fuenfte-Unternehmen-stellt-um_Organisator-305x175.jpg 305w, https:\/\/www.organisator.ch\/wp-content\/uploads\/2020\/03\/Kurzarbeit-in-KMU-Jedes-fuenfte-Unternehmen-stellt-um_Organisator-610x350.jpg 610w, https:\/\/www.organisator.ch\/wp-content\/uploads\/2020\/03\/Kurzarbeit-in-KMU-Jedes-fuenfte-Unternehmen-stellt-um_Organisator-300x172.jpg 300w\" sizes=\"auto, (max-width: 680px) 100vw, 680px\" \/><figcaption id=\"caption-attachment-6504\" class=\"wp-caption-text\">Incertezza tra i clienti e lavoro a tempo ridotto nelle PMI: lo dimostra un sondaggio flash di Visable. (Grafico: Visibile)<\/figcaption><\/figure>\n<p>Visable - gestore delle note piattaforme B2B \"Wer liefert was\" e Europages - ha condotto un sondaggio flash nella settimana dal 12 al 19 marzo, chiedendo a 208 PMI svizzere online quali sono le conseguenze della pandemia di Corona. Alla domanda sulle ragioni della perdita di vendite, si scopre che il problema principale \u00e8 la forte incertezza dei clienti. Questo \u00e8 stato dichiarato dal 71% degli intervistati. Tuttavia, anche l'aumento dei casi di malattia nell'azienda rappresenta una sfida (10,6 %).<\/p>\n<h2><strong>La met\u00e0 delle PMI soffre di un calo degli ordini<\/strong><\/h2>\n<p>Le PMI svizzere stanno gi\u00e0 sentendo diverse conseguenze concrete della pandemia di Corona. Pi\u00f9 della met\u00e0 (53,4) ha detto nel sondaggio di Visable che c'\u00e8 meno domanda da parte dei clienti e gli ordini sono in calo.  Poco meno di un quarto (24,5 %) si lamenta di colli di bottiglia nell'approvvigionamento. Le aziende sono colpite anche perch\u00e9 i dipendenti sono malati (16,8%) o sono in quarantena (9,6 %). I problemi di vendita dovuti alla dipendenza dal mercato cinese sono meno significativi (7,7 %).<\/p>\n<p>Le strozzature nell'approvvigionamento sono sentite dalle PMI soprattutto in Europa (22,1 %). Ben il 17,3% delle aziende soffre di colli di bottiglia nelle consegne dalla Cina. Tuttavia, apparentemente non ci sono ancora problemi di approvvigionamento negli Stati Uniti o in altre regioni.<\/p>\n<h2><strong>Lavoro a orario ridotto nelle PMI e congelamento dei posti di lavoro come misure immediate<\/strong><\/h2>\n<p>In termini di misure che le PMI stanno prendendo, ci sono due chiare spinte, entrambe le quali stanno guadagnando pi\u00f9 o meno la stessa trazione. Per esempio, circa un'azienda su cinque si sta gi\u00e0 aggiornando a <a href=\"https:\/\/www.organisator.ch\/kurzarbeit-haeufige-fragen-und-antworten\/\">Lavoro a tempo ridotto<\/a> (20,7 %) o smettere di assumere nuovi dipendenti (18,8 %). Solo il 4,3% delle PMI sta gi\u00e0 reagendo con licenziamenti.<\/p>\n<h2><strong>Ampie precauzioni per la protezione dei dipendenti<\/strong><\/h2>\n<p>Le aziende svizzere fanno molto per proteggere i loro dipendenti. La misura principale \u00e8 la fornitura di disinfettanti. Due terzi (62 %) degli intervistati hanno preso questa misura. Il 43,8% delle aziende ha ordinato uffici a domicilio. E il 40,4% si \u00e8 astenuto dai viaggi d'affari nella situazione attuale. Pi\u00f9 di un quarto delle aziende tiene videoconferenze (26,4 %). Quasi nessuna azienda ha controlli della febbre (1,9 %).<\/p>\n<h2><strong>Ricerca impulsiva di maschere protettive e disinfettante<\/strong><\/h2>\n<p>Con la diffusione del coronavirus, anche il comportamento di ricerca sui marketplace B2B online di Visable \u00e8 cambiato. Per esempio, mentre i termini di ricerca \"ingegneria meccanica\" e \"fresatrici CNC\" sono di solito tra i termini pi\u00f9 ricercati su \"Wer liefert was\", questo \u00e8 cambiato con l'emergere del coronavirus. A met\u00e0 febbraio, i \"respiratori\" e le \"maschere facciali monouso\" erano particolarmente richiesti per la prima volta. Anche \"Disinfettante\" si \u00e8 trovato improvvisamente tra i primi 3 termini pi\u00f9 ricercati - a volte questi prodotti hanno addirittura superato le richieste delle ricerche top altrimenti comuni. \"Abbiamo registrato un aumento generale delle query di ricerca per alcuni giorni. Molte aziende devono cercare altri fornitori al momento. Visable supporta i suoi clienti anche in questi tempi con soluzioni digitali per il marketing e le vendite\", dice Peter F. Schmid, CEO di Visable. \"Nemmeno noi possiamo prevedere le esatte conseguenze della pandemia. Ma \u00e8 gi\u00e0 chiaro: Le soluzioni digitali per le aziende attive a livello industriale non sono mai state cos\u00ec importanti come oggi\", spiega Peter F. Schmid.<\/p>\n<p><em>Fonte: <a href=\"http:\/\/www.visable.com\">www.visable.com<\/a><\/em><\/p>","protected":false},"excerpt":{"rendered":"<p>Visable &#8211; Betreiberin der bekannten B2B-Plattformen \u00abWer liefert was\u00bb und Europages &#8211; hat in der Woche vom 12. bis 19. M\u00e4rz in einer Blitz-Umfrage 208 Schweizer KMUs zu den Folgen der Corona-Pandemie online befragt. Auf die Gr\u00fcnde der Umsatzeinbussen angesprochen, zeigt sich, dass das Hauptproblem die starke Verunsicherung der Kunden ist. Denn dieser Umstand wurde [&hellip;]<\/p>\n","protected":false},"author":4,"featured_media":6504,"comment_status":"closed","ping_status":"closed","sticky":false,"template":"","format":"standard","meta":{"_acf_changed":false,"_yoast_wpseo_focuskw":"Kurzarbeit in KMU","_yoast_wpseo_metadesc":"Gem\u00e4ss einer Blitzumfrage rechnen knapp zwei Drittel der KMUs (57.7 %) mit kleinen Umsatzeinbussen. Kurzarbeit in KMU ist eine verbreitete Massnahme.","articlekey":"","footnotes":""},"categories":[28],"tags":[132,335,508],"class_list":["post-6503","post","type-post","status-publish","format-standard","has-post-thumbnail","hentry","category-management","tag-coronavirus","tag-management-und-unternehmensfuehrung","tag-vermischtes"],"acf":[],"yoast_head":"<!-- This site is optimized with the Yoast SEO plugin v27.5 - https:\/\/yoast.com\/product\/yoast-seo-wordpress\/ -->\n<title>Kurzarbeit in KMU: Jedes f\u00fcnfte Unternehmen stellt um - Organisator<\/title>\n<meta name=\"description\" content=\"Gem\u00e4ss einer Blitzumfrage rechnen knapp zwei Drittel der KMUs (57.7 %) mit kleinen Umsatzeinbussen. Kurzarbeit in KMU ist eine verbreitete Massnahme.\" \/>\n<meta name=\"robots\" content=\"index, follow, max-snippet:-1, max-image-preview:large, max-video-preview:-1\" \/>\n<link rel=\"canonical\" href=\"https:\/\/www.organisator.ch\/it\/gestione-2\/2020-03-24\/kurzarbeit-in-kmu-jedes-fuenfte-unternehmen-stellt-um\/\" \/>\n<meta property=\"og:locale\" content=\"it_IT\" \/>\n<meta property=\"og:type\" content=\"article\" \/>\n<meta property=\"og:title\" content=\"Kurzarbeit in KMU: Jedes f\u00fcnfte Unternehmen stellt um\" \/>\n<meta property=\"og:description\" content=\"Gem\u00e4ss einer Blitzumfrage rechnen knapp zwei Drittel der KMUs (57.7 %) mit kleinen Umsatzeinbussen. Kurzarbeit in KMU ist eine verbreitete Massnahme.\" \/>\n<meta property=\"og:url\" content=\"https:\/\/www.organisator.ch\/it\/gestione-2\/2020-03-24\/kurzarbeit-in-kmu-jedes-fuenfte-unternehmen-stellt-um\/\" \/>\n<meta property=\"og:site_name\" content=\"Organisator\" \/>\n<meta property=\"article:publisher\" content=\"https:\/\/www.facebook.com\/OrganisatorFachmagazin\" \/>\n<meta property=\"article:published_time\" content=\"2020-03-24T07:27:15+00:00\" \/>\n<meta property=\"og:image\" content=\"https:\/\/www.organisator.ch\/wp-content\/uploads\/2020\/03\/Kurzarbeit-in-KMU-Jedes-fuenfte-Unternehmen-stellt-um_Organisator.jpg\" \/>\n\t<meta property=\"og:image:width\" content=\"680\" \/>\n\t<meta property=\"og:image:height\" content=\"390\" \/>\n\t<meta property=\"og:image:type\" content=\"image\/jpeg\" \/>\n<meta name=\"author\" content=\"thomas.berner\" \/>\n<meta name=\"twitter:card\" content=\"summary_large_image\" \/>\n<meta name=\"twitter:title\" content=\"#Kurzarbeit in KMU: Jedes f\u00fcnfte Unternehmen stellt um\" \/>\n<meta name=\"twitter:description\" content=\"Gem\u00e4ss einer #Blitzumfrage rechnen knapp zwei Drittel der KMUs (57.7 %) mit kleinen Umsatzeinbussen. #Kurzarbeit in KMU ist eine verbreitete Massnahme.\" \/>\n<meta name=\"twitter:image\" content=\"https:\/\/www.organisator.ch\/wp-content\/uploads\/2020\/03\/Kurzarbeit-in-KMU-Jedes-fuenfte-Unternehmen-stellt-um_Organisator.jpg\" \/>\n<script type=\"application\/ld+json\" class=\"yoast-schema-graph\">{\"@context\":\"https:\\\/\\\/schema.org\",\"@graph\":[{\"@type\":\"Article\",\"@id\":\"https:\\\/\\\/www.organisator.ch\\\/management\\\/2020-03-24\\\/kurzarbeit-in-kmu-jedes-fuenfte-unternehmen-stellt-um\\\/#article\",\"isPartOf\":{\"@id\":\"https:\\\/\\\/www.organisator.ch\\\/management\\\/2020-03-24\\\/kurzarbeit-in-kmu-jedes-fuenfte-unternehmen-stellt-um\\\/\"},\"author\":{\"name\":\"thomas.berner\",\"@id\":\"https:\\\/\\\/www.organisator.ch\\\/#\\\/schema\\\/person\\\/6f650f90b2842cd4c0cc334b4e36f67e\"},\"headline\":\"Kurzarbeit in KMU: Jedes f\u00fcnfte Unternehmen stellt um\",\"datePublished\":\"2020-03-24T07:27:15+00:00\",\"mainEntityOfPage\":{\"@id\":\"https:\\\/\\\/www.organisator.ch\\\/management\\\/2020-03-24\\\/kurzarbeit-in-kmu-jedes-fuenfte-unternehmen-stellt-um\\\/\"},\"wordCount\":515,\"publisher\":{\"@id\":\"https:\\\/\\\/www.organisator.ch\\\/#organization\"},\"image\":{\"@id\":\"https:\\\/\\\/www.organisator.ch\\\/management\\\/2020-03-24\\\/kurzarbeit-in-kmu-jedes-fuenfte-unternehmen-stellt-um\\\/#primaryimage\"},\"thumbnailUrl\":\"https:\\\/\\\/www.organisator.ch\\\/wp-content\\\/uploads\\\/2020\\\/03\\\/Kurzarbeit-in-KMU-Jedes-fuenfte-Unternehmen-stellt-um_Organisator.jpg\",\"keywords\":[\"Coronavirus\",\"Management und Unternehmensf\u00fchrung\",\"Vermischtes\"],\"articleSection\":[\"MANAGEMENT\"],\"inLanguage\":\"it-IT\"},{\"@type\":\"WebPage\",\"@id\":\"https:\\\/\\\/www.organisator.ch\\\/management\\\/2020-03-24\\\/kurzarbeit-in-kmu-jedes-fuenfte-unternehmen-stellt-um\\\/\",\"url\":\"https:\\\/\\\/www.organisator.ch\\\/management\\\/2020-03-24\\\/kurzarbeit-in-kmu-jedes-fuenfte-unternehmen-stellt-um\\\/\",\"name\":\"Kurzarbeit in KMU: Jedes f\u00fcnfte Unternehmen stellt um - Organisator\",\"isPartOf\":{\"@id\":\"https:\\\/\\\/www.organisator.ch\\\/#website\"},\"primaryImageOfPage\":{\"@id\":\"https:\\\/\\\/www.organisator.ch\\\/management\\\/2020-03-24\\\/kurzarbeit-in-kmu-jedes-fuenfte-unternehmen-stellt-um\\\/#primaryimage\"},\"image\":{\"@id\":\"https:\\\/\\\/www.organisator.ch\\\/management\\\/2020-03-24\\\/kurzarbeit-in-kmu-jedes-fuenfte-unternehmen-stellt-um\\\/#primaryimage\"},\"thumbnailUrl\":\"https:\\\/\\\/www.organisator.ch\\\/wp-content\\\/uploads\\\/2020\\\/03\\\/Kurzarbeit-in-KMU-Jedes-fuenfte-Unternehmen-stellt-um_Organisator.jpg\",\"datePublished\":\"2020-03-24T07:27:15+00:00\",\"description\":\"Gem\u00e4ss einer Blitzumfrage rechnen knapp zwei Drittel der KMUs (57.7 %) mit kleinen Umsatzeinbussen. Kurzarbeit in KMU ist eine verbreitete Massnahme.\",\"breadcrumb\":{\"@id\":\"https:\\\/\\\/www.organisator.ch\\\/management\\\/2020-03-24\\\/kurzarbeit-in-kmu-jedes-fuenfte-unternehmen-stellt-um\\\/#breadcrumb\"},\"inLanguage\":\"it-IT\",\"potentialAction\":[{\"@type\":\"ReadAction\",\"target\":[\"https:\\\/\\\/www.organisator.ch\\\/management\\\/2020-03-24\\\/kurzarbeit-in-kmu-jedes-fuenfte-unternehmen-stellt-um\\\/\"]}]},{\"@type\":\"ImageObject\",\"inLanguage\":\"it-IT\",\"@id\":\"https:\\\/\\\/www.organisator.ch\\\/management\\\/2020-03-24\\\/kurzarbeit-in-kmu-jedes-fuenfte-unternehmen-stellt-um\\\/#primaryimage\",\"url\":\"https:\\\/\\\/www.organisator.ch\\\/wp-content\\\/uploads\\\/2020\\\/03\\\/Kurzarbeit-in-KMU-Jedes-fuenfte-Unternehmen-stellt-um_Organisator.jpg\",\"contentUrl\":\"https:\\\/\\\/www.organisator.ch\\\/wp-content\\\/uploads\\\/2020\\\/03\\\/Kurzarbeit-in-KMU-Jedes-fuenfte-Unternehmen-stellt-um_Organisator.jpg\",\"width\":680,\"height\":390,\"caption\":\"Verunsicherung bei Kunden und Kurzarbeit in KMU: Dies zeigt eine Blitz-Umfrage von Visable. (Grafik: Visable)\"},{\"@type\":\"BreadcrumbList\",\"@id\":\"https:\\\/\\\/www.organisator.ch\\\/management\\\/2020-03-24\\\/kurzarbeit-in-kmu-jedes-fuenfte-unternehmen-stellt-um\\\/#breadcrumb\",\"itemListElement\":[{\"@type\":\"ListItem\",\"position\":1,\"name\":\"Home\",\"item\":\"https:\\\/\\\/www.organisator.ch\\\/\"},{\"@type\":\"ListItem\",\"position\":2,\"name\":\"Kurzarbeit in KMU: Jedes f\u00fcnfte Unternehmen stellt um\"}]},{\"@type\":\"WebSite\",\"@id\":\"https:\\\/\\\/www.organisator.ch\\\/#website\",\"url\":\"https:\\\/\\\/www.organisator.ch\\\/\",\"name\":\"Organisator\",\"description\":\"Kompetent. Praxisnah. Der ORGANISATOR bereitet in 10 Ausgaben pro Jahr die wesentlichen Themen f\u00fcr F\u00fchrungskr\u00e4fte von KMU auf.\",\"publisher\":{\"@id\":\"https:\\\/\\\/www.organisator.ch\\\/#organization\"},\"potentialAction\":[{\"@type\":\"SearchAction\",\"target\":{\"@type\":\"EntryPoint\",\"urlTemplate\":\"https:\\\/\\\/www.organisator.ch\\\/?s={search_term_string}\"},\"query-input\":{\"@type\":\"PropertyValueSpecification\",\"valueRequired\":true,\"valueName\":\"search_term_string\"}}],\"inLanguage\":\"it-IT\"},{\"@type\":\"Organization\",\"@id\":\"https:\\\/\\\/www.organisator.ch\\\/#organization\",\"name\":\"Organisator\",\"url\":\"https:\\\/\\\/www.organisator.ch\\\/\",\"logo\":{\"@type\":\"ImageObject\",\"inLanguage\":\"it-IT\",\"@id\":\"https:\\\/\\\/www.organisator.ch\\\/#\\\/schema\\\/logo\\\/image\\\/\",\"url\":\"https:\\\/\\\/www.organisator.ch\\\/wp-content\\\/uploads\\\/2022\\\/01\\\/Logo_Organisator_Website.png\",\"contentUrl\":\"https:\\\/\\\/www.organisator.ch\\\/wp-content\\\/uploads\\\/2022\\\/01\\\/Logo_Organisator_Website.png\",\"width\":800,\"height\":77,\"caption\":\"Organisator\"},\"image\":{\"@id\":\"https:\\\/\\\/www.organisator.ch\\\/#\\\/schema\\\/logo\\\/image\\\/\"},\"sameAs\":[\"https:\\\/\\\/www.facebook.com\\\/OrganisatorFachmagazin\",\"https:\\\/\\\/www.linkedin.com\\\/showcase\\\/organisator-das-magazin-fr-kmu\",\"https:\\\/\\\/www.xing.com\\\/news\\\/pages\\\/organisator-ch-695\",\"https:\\\/\\\/www.youtube.com\\\/channel\\\/UCGP2Sq0iWaZwT3BdIAQFYpw\"]},{\"@type\":\"Person\",\"@id\":\"https:\\\/\\\/www.organisator.ch\\\/#\\\/schema\\\/person\\\/6f650f90b2842cd4c0cc334b4e36f67e\",\"name\":\"thomas.berner\",\"image\":{\"@type\":\"ImageObject\",\"inLanguage\":\"it-IT\",\"@id\":\"https:\\\/\\\/secure.gravatar.com\\\/avatar\\\/ac5001d2a36cb6c6cd3e50789007ffca834b477b74a2144564522e944eabff61?s=96&d=mm&r=g\",\"url\":\"https:\\\/\\\/secure.gravatar.com\\\/avatar\\\/ac5001d2a36cb6c6cd3e50789007ffca834b477b74a2144564522e944eabff61?s=96&d=mm&r=g\",\"contentUrl\":\"https:\\\/\\\/secure.gravatar.com\\\/avatar\\\/ac5001d2a36cb6c6cd3e50789007ffca834b477b74a2144564522e944eabff61?s=96&d=mm&r=g\",\"caption\":\"thomas.berner\"},\"url\":\"https:\\\/\\\/www.organisator.ch\\\/it\\\/author\\\/thomas-berner\\\/\"}]}<\/script>\n<!-- \/ Yoast SEO plugin. -->","yoast_head_json":{"title":"Lavoro a tempo ridotto nelle PMI: un'azienda su cinque cambia - Organizzatore","description":"Secondo un sondaggio flash, quasi due terzi delle PMI (57,7 %) prevedono piccole perdite di fatturato. Il lavoro a tempo ridotto nelle PMI \u00e8 una misura comune.","robots":{"index":"index","follow":"follow","max-snippet":"max-snippet:-1","max-image-preview":"max-image-preview:large","max-video-preview":"max-video-preview:-1"},"canonical":"https:\/\/www.organisator.ch\/it\/gestione-2\/2020-03-24\/kurzarbeit-in-kmu-jedes-fuenfte-unternehmen-stellt-um\/","og_locale":"it_IT","og_type":"article","og_title":"Kurzarbeit in KMU: Jedes f\u00fcnfte Unternehmen stellt um","og_description":"Gem\u00e4ss einer Blitzumfrage rechnen knapp zwei Drittel der KMUs (57.7 %) mit kleinen Umsatzeinbussen. Kurzarbeit in KMU ist eine verbreitete Massnahme.","og_url":"https:\/\/www.organisator.ch\/it\/gestione-2\/2020-03-24\/kurzarbeit-in-kmu-jedes-fuenfte-unternehmen-stellt-um\/","og_site_name":"Organisator","article_publisher":"https:\/\/www.facebook.com\/OrganisatorFachmagazin","article_published_time":"2020-03-24T07:27:15+00:00","og_image":[{"width":680,"height":390,"url":"https:\/\/www.organisator.ch\/wp-content\/uploads\/2020\/03\/Kurzarbeit-in-KMU-Jedes-fuenfte-Unternehmen-stellt-um_Organisator.jpg","type":"image\/jpeg"}],"author":"thomas.berner","twitter_card":"summary_large_image","twitter_title":"#Kurzarbeit in KMU: Jedes f\u00fcnfte Unternehmen stellt um","twitter_description":"Gem\u00e4ss einer #Blitzumfrage rechnen knapp zwei Drittel der KMUs (57.7 %) mit kleinen Umsatzeinbussen. #Kurzarbeit in KMU ist eine verbreitete Massnahme.","twitter_image":"https:\/\/www.organisator.ch\/wp-content\/uploads\/2020\/03\/Kurzarbeit-in-KMU-Jedes-fuenfte-Unternehmen-stellt-um_Organisator.jpg","schema":{"@context":"https:\/\/schema.org","@graph":[{"@type":"Article","@id":"https:\/\/www.organisator.ch\/management\/2020-03-24\/kurzarbeit-in-kmu-jedes-fuenfte-unternehmen-stellt-um\/#article","isPartOf":{"@id":"https:\/\/www.organisator.ch\/management\/2020-03-24\/kurzarbeit-in-kmu-jedes-fuenfte-unternehmen-stellt-um\/"},"author":{"name":"thomas.berner","@id":"https:\/\/www.organisator.ch\/#\/schema\/person\/6f650f90b2842cd4c0cc334b4e36f67e"},"headline":"Kurzarbeit in KMU: Jedes f\u00fcnfte Unternehmen stellt um","datePublished":"2020-03-24T07:27:15+00:00","mainEntityOfPage":{"@id":"https:\/\/www.organisator.ch\/management\/2020-03-24\/kurzarbeit-in-kmu-jedes-fuenfte-unternehmen-stellt-um\/"},"wordCount":515,"publisher":{"@id":"https:\/\/www.organisator.ch\/#organization"},"image":{"@id":"https:\/\/www.organisator.ch\/management\/2020-03-24\/kurzarbeit-in-kmu-jedes-fuenfte-unternehmen-stellt-um\/#primaryimage"},"thumbnailUrl":"https:\/\/www.organisator.ch\/wp-content\/uploads\/2020\/03\/Kurzarbeit-in-KMU-Jedes-fuenfte-Unternehmen-stellt-um_Organisator.jpg","keywords":["Coronavirus","Management und Unternehmensf\u00fchrung","Vermischtes"],"articleSection":["MANAGEMENT"],"inLanguage":"it-IT"},{"@type":"WebPage","@id":"https:\/\/www.organisator.ch\/management\/2020-03-24\/kurzarbeit-in-kmu-jedes-fuenfte-unternehmen-stellt-um\/","url":"https:\/\/www.organisator.ch\/management\/2020-03-24\/kurzarbeit-in-kmu-jedes-fuenfte-unternehmen-stellt-um\/","name":"Lavoro a tempo ridotto nelle PMI: un'azienda su cinque cambia - Organizzatore","isPartOf":{"@id":"https:\/\/www.organisator.ch\/#website"},"primaryImageOfPage":{"@id":"https:\/\/www.organisator.ch\/management\/2020-03-24\/kurzarbeit-in-kmu-jedes-fuenfte-unternehmen-stellt-um\/#primaryimage"},"image":{"@id":"https:\/\/www.organisator.ch\/management\/2020-03-24\/kurzarbeit-in-kmu-jedes-fuenfte-unternehmen-stellt-um\/#primaryimage"},"thumbnailUrl":"https:\/\/www.organisator.ch\/wp-content\/uploads\/2020\/03\/Kurzarbeit-in-KMU-Jedes-fuenfte-Unternehmen-stellt-um_Organisator.jpg","datePublished":"2020-03-24T07:27:15+00:00","description":"Secondo un sondaggio flash, quasi due terzi delle PMI (57,7 %) prevedono piccole perdite di fatturato. Il lavoro a tempo ridotto nelle PMI \u00e8 una misura comune.","breadcrumb":{"@id":"https:\/\/www.organisator.ch\/management\/2020-03-24\/kurzarbeit-in-kmu-jedes-fuenfte-unternehmen-stellt-um\/#breadcrumb"},"inLanguage":"it-IT","potentialAction":[{"@type":"ReadAction","target":["https:\/\/www.organisator.ch\/management\/2020-03-24\/kurzarbeit-in-kmu-jedes-fuenfte-unternehmen-stellt-um\/"]}]},{"@type":"ImageObject","inLanguage":"it-IT","@id":"https:\/\/www.organisator.ch\/management\/2020-03-24\/kurzarbeit-in-kmu-jedes-fuenfte-unternehmen-stellt-um\/#primaryimage","url":"https:\/\/www.organisator.ch\/wp-content\/uploads\/2020\/03\/Kurzarbeit-in-KMU-Jedes-fuenfte-Unternehmen-stellt-um_Organisator.jpg","contentUrl":"https:\/\/www.organisator.ch\/wp-content\/uploads\/2020\/03\/Kurzarbeit-in-KMU-Jedes-fuenfte-Unternehmen-stellt-um_Organisator.jpg","width":680,"height":390,"caption":"Verunsicherung bei Kunden und Kurzarbeit in KMU: Dies zeigt eine Blitz-Umfrage von Visable. (Grafik: Visable)"},{"@type":"BreadcrumbList","@id":"https:\/\/www.organisator.ch\/management\/2020-03-24\/kurzarbeit-in-kmu-jedes-fuenfte-unternehmen-stellt-um\/#breadcrumb","itemListElement":[{"@type":"ListItem","position":1,"name":"Home","item":"https:\/\/www.organisator.ch\/"},{"@type":"ListItem","position":2,"name":"Kurzarbeit in KMU: Jedes f\u00fcnfte Unternehmen stellt um"}]},{"@type":"WebSite","@id":"https:\/\/www.organisator.ch\/#website","url":"https:\/\/www.organisator.ch\/","name":"Organizzatore","description":"Competente. Pratico. In 10 numeri all'anno, ORGANISATOR presenta i temi essenziali per i manager delle PMI.","publisher":{"@id":"https:\/\/www.organisator.ch\/#organization"},"potentialAction":[{"@type":"SearchAction","target":{"@type":"EntryPoint","urlTemplate":"https:\/\/www.organisator.ch\/?s={search_term_string}"},"query-input":{"@type":"PropertyValueSpecification","valueRequired":true,"valueName":"search_term_string"}}],"inLanguage":"it-IT"},{"@type":"Organization","@id":"https:\/\/www.organisator.ch\/#organization","name":"Organizzatore","url":"https:\/\/www.organisator.ch\/","logo":{"@type":"ImageObject","inLanguage":"it-IT","@id":"https:\/\/www.organisator.ch\/#\/schema\/logo\/image\/","url":"https:\/\/www.organisator.ch\/wp-content\/uploads\/2022\/01\/Logo_Organisator_Website.png","contentUrl":"https:\/\/www.organisator.ch\/wp-content\/uploads\/2022\/01\/Logo_Organisator_Website.png","width":800,"height":77,"caption":"Organisator"},"image":{"@id":"https:\/\/www.organisator.ch\/#\/schema\/logo\/image\/"},"sameAs":["https:\/\/www.facebook.com\/OrganisatorFachmagazin","https:\/\/www.linkedin.com\/showcase\/organisator-das-magazin-fr-kmu","https:\/\/www.xing.com\/news\/pages\/organisator-ch-695","https:\/\/www.youtube.com\/channel\/UCGP2Sq0iWaZwT3BdIAQFYpw"]},{"@type":"Person","@id":"https:\/\/www.organisator.ch\/#\/schema\/person\/6f650f90b2842cd4c0cc334b4e36f67e","name":"Tommaso.berner","image":{"@type":"ImageObject","inLanguage":"it-IT","@id":"https:\/\/secure.gravatar.com\/avatar\/ac5001d2a36cb6c6cd3e50789007ffca834b477b74a2144564522e944eabff61?s=96&d=mm&r=g","url":"https:\/\/secure.gravatar.com\/avatar\/ac5001d2a36cb6c6cd3e50789007ffca834b477b74a2144564522e944eabff61?s=96&d=mm&r=g","contentUrl":"https:\/\/secure.gravatar.com\/avatar\/ac5001d2a36cb6c6cd3e50789007ffca834b477b74a2144564522e944eabff61?s=96&d=mm&r=g","caption":"thomas.berner"},"url":"https:\/\/www.organisator.ch\/it\/author\/thomas-berner\/"}]}},"_links":{"self":[{"href":"https:\/\/www.organisator.ch\/it\/wp-json\/wp\/v2\/posts\/6503","targetHints":{"allow":["GET"]}}],"collection":[{"href":"https:\/\/www.organisator.ch\/it\/wp-json\/wp\/v2\/posts"}],"about":[{"href":"https:\/\/www.organisator.ch\/it\/wp-json\/wp\/v2\/types\/post"}],"author":[{"embeddable":true,"href":"https:\/\/www.organisator.ch\/it\/wp-json\/wp\/v2\/users\/4"}],"replies":[{"embeddable":true,"href":"https:\/\/www.organisator.ch\/it\/wp-json\/wp\/v2\/comments?post=6503"}],"version-history":[{"count":0,"href":"https:\/\/www.organisator.ch\/it\/wp-json\/wp\/v2\/posts\/6503\/revisions"}],"wp:featuredmedia":[{"embeddable":true,"href":"https:\/\/www.organisator.ch\/it\/wp-json\/wp\/v2\/media\/6504"}],"wp:attachment":[{"href":"https:\/\/www.organisator.ch\/it\/wp-json\/wp\/v2\/media?parent=6503"}],"wp:term":[{"taxonomy":"category","embeddable":true,"href":"https:\/\/www.organisator.ch\/it\/wp-json\/wp\/v2\/categories?post=6503"},{"taxonomy":"post_tag","embeddable":true,"href":"https:\/\/www.organisator.ch\/it\/wp-json\/wp\/v2\/tags?post=6503"}],"curies":[{"name":"wp","href":"https:\/\/api.w.org\/{rel}","templated":true}]}}