{"id":6531,"date":"2020-03-31T15:21:10","date_gmt":"2020-03-31T13:21:10","guid":{"rendered":"https:\/\/www.organisator.ch\/?p=6531"},"modified":"2020-03-31T15:21:10","modified_gmt":"2020-03-31T13:21:10","slug":"covid-19-ueberbrueckungskredite-rechtliche-und-wirtschaftliche-folgen","status":"publish","type":"post","link":"https:\/\/www.organisator.ch\/it\/management\/finanzen_recht\/2020-03-31\/covid-19-ueberbrueckungskredite-rechtliche-und-wirtschaftliche-folgen\/","title":{"rendered":"COVID-19 prestiti ponte - conseguenze giuridiche ed economiche"},"content":{"rendered":"<figure id=\"attachment_6532\" aria-describedby=\"caption-attachment-6532\" style=\"width: 680px\" class=\"wp-caption alignnone\"><img loading=\"lazy\" decoding=\"async\" class=\"size-medium wp-image-6532\" src=\"https:\/\/www.organisator.ch\/wp-content\/uploads\/2020\/03\/COVID-19-Ueberbrueckungskredite-rechtliche-und-wirtschaftliche-Folgen_Organisator.jpg\" alt=\"\" width=\"680\" height=\"383\" srcset=\"https:\/\/www.organisator.ch\/wp-content\/uploads\/2020\/03\/COVID-19-Ueberbrueckungskredite-rechtliche-und-wirtschaftliche-Folgen_Organisator.jpg 680w, https:\/\/www.organisator.ch\/wp-content\/uploads\/2020\/03\/COVID-19-Ueberbrueckungskredite-rechtliche-und-wirtschaftliche-Folgen_Organisator-16x9.jpg 16w, https:\/\/www.organisator.ch\/wp-content\/uploads\/2020\/03\/COVID-19-Ueberbrueckungskredite-rechtliche-und-wirtschaftliche-Folgen_Organisator-311x175.jpg 311w, https:\/\/www.organisator.ch\/wp-content\/uploads\/2020\/03\/COVID-19-Ueberbrueckungskredite-rechtliche-und-wirtschaftliche-Folgen_Organisator-621x350.jpg 621w, https:\/\/www.organisator.ch\/wp-content\/uploads\/2020\/03\/COVID-19-Ueberbrueckungskredite-rechtliche-und-wirtschaftliche-Folgen_Organisator-300x169.jpg 300w\" sizes=\"auto, (max-width: 680px) 100vw, 680px\" \/><figcaption id=\"caption-attachment-6532\" class=\"wp-caption-text\">Tuttavia, i prestiti ponte di Covid 19 sono condizionati. (Immagine: Pixabay.com)<\/figcaption><\/figure>\n<p>Uno studio della ZHAW School of Management mostra che alla fine di marzo 2020, pi\u00f9 di 50% delle piccole e medie imprese svizzere prevedono di avere difficolt\u00e0 finanziarie nei prossimi mesi. La situazione \u00e8 grave. Di conseguenza, il 26 marzo 2020 il Consiglio federale ha emanato l'Ordinanza sulla garanzia di solidariet\u00e0 COVID 19. Ci\u00f2 consente alle imprese colpite di accedere alla liquidit\u00e0 in modo rapido e semplice. I corrispondenti prestiti ponte COVID 19 sono molto richiesti e sono gi\u00e0 state ricevute diverse decine di migliaia di domande. Tuttavia, \u00e8 bene che le aziende esaminino attentamente le conseguenze legali ed economiche (a lungo termine) di questi prestiti.<\/p>\n<h2><strong>COVID-19 i prestiti ponte possono portare a un sovraindebitamento <\/strong><\/h2>\n<p>I crediti COVID-19 possono significare non solo il salvataggio ma anche il fallimento di un'azienda. L'art. 725 CO prevede che il consiglio di amministrazione debba informare immediatamente il giudice in caso di comprovato sovraindebitamento del bilancio. Se non lo fa, pu\u00f2 essere ritenuta responsabile dei danni derivanti dal ritardo nel fallimento. Mentre i prestiti COVID 19 inferiori a 0,5 milioni di franchi svizzeri rimarranno fuori bilancio fino al 31 marzo 2022, i prestiti superiori a 0,5 milioni di franchi svizzeri dovranno essere interamente riconosciuti come debiti. Ci\u00f2 pu\u00f2 far s\u00ec che i prestiti contratti - insieme alle rettifiche di valore e agli accantonamenti che possono essere necessari ai sensi della COVID-19 - portino a un sovraindebitamento nel breve e medio termine.<\/p>\n<p>Le aziende che in passato hanno gi\u00e0 finanziato le loro attivit\u00e0 commerciali attraverso prestiti rischiano di fallire con il prestito COVID-19. Questo pu\u00f2 portare non solo alla scomparsa della societ\u00e0, ma anche alla responsabilit\u00e0 personale del consiglio di amministrazione. Un'attenta pianificazione della liquidit\u00e0 e un'analisi del bilancio sono quindi indispensabili per evitare il fallimento a lungo termine nonostante il prestito ponte. Sembra che il Consiglio federale abbia riconosciuto questo problema e che adeguer\u00e0 l'ordinanza di conseguenza.<\/p>\n<h2><strong>I prestiti ponte COVID 19 limitano la libert\u00e0 d'azione imprenditoriale <\/strong><\/h2>\n<p>Sebbene la concessione dei prestiti COVID 19 sia rapida e semplice, \u00e8 soggetta a condizioni. Ad esempio, l'ordinanza stabilisce che la distribuzione di dividendi e bonus, la concessione di prestiti o il rifinanziamento di prestiti personali o per azionisti sono esclusi durante la durata del prestito. Il rimborso dei prestiti dei soci (anche quelli contabilizzati come conto corrente) non \u00e8 quindi consentito durante il periodo di prestito. Allo stesso modo, non \u00e8 consentito inoltrare l'importo del prestito a una persona all'estero associata alla societ\u00e0 richiedente. Chi non si attiene a questo principio pu\u00f2 essere perseguito penalmente.<\/p>\n<h2><strong>Prima di chiedere un prestito: verificare la situazione e le alternative \u00a0<\/strong><\/h2>\n<p>Il credito COVID 19, concepito come iniezione di liquidit\u00e0 a breve termine, pu\u00f2 avere gravi conseguenze nel lungo periodo. Di conseguenza, \u00e8 bene che le aziende considerino con calma quanto segue:<\/p>\n<ul>\n<li><strong>Analisi dello stato e della strategia<\/strong>Come si posiziona la mia azienda? Dobbiamo modificare la nostra strategia aziendale per sopravvivere alla crisi? Di quale liquidit\u00e0 abbiamo bisogno nei prossimi mesi? Possiamo utilizzare misure alternative a nostro favore, come ad esempio una sospensione legale della legge sul recupero crediti, il differimento delle imposte, il rinvio dei contributi previdenziali o l'ottimizzazione fiscale? Ci sono prospettive di ristrutturazione a lungo termine?<\/li>\n<li><strong>Situazione di sovraindebitamento: <\/strong>Sulla base dei risultati dell'analisi dello stato e della strategia, siamo in grado di rimborsare i prestiti in essere nel lungo periodo? Esistono rischi di responsabilit\u00e0 per il consiglio di amministrazione, ad esempio in caso di ritardo nel fallimento, mancato pagamento dei contributi AVS o altre violazioni degli obblighi?<\/li>\n<li><strong>Valutazione della moratoria per la ristrutturazione del debito: <\/strong>Se la pianificazione della liquidit\u00e0 suggerisce un default nei prossimi mesi, \u00e8 indispensabile esaminare lo strumento della moratoria per la ristrutturazione del debito. Durante una moratoria, le procedure di recupero crediti non possono essere n\u00e9 avviate n\u00e9 proseguite e il debitore pu\u00f2 adottare misure di riorganizzazione sotto la copertura della moratoria. Inoltre, i pagamenti degli stipendi sono garantiti per un periodo di tempo limitato attraverso il pagamento dell'indennit\u00e0 di insolvenza. Per le aziende che erano finanziariamente solide prima della crisi di Corona, la forbearance \u00e8 quindi un possibile strumento di ristrutturazione.<\/li>\n<\/ul>\n<p><strong><em>Autori:<\/em> <\/strong><br \/>\n<em>Simon Roth e Alain Friedrich sono partner e avvocati di <a href=\"https:\/\/www.lexfutura.ch\/\">Lex Futura AG<\/a>. Lo studio \u00e8 specializzato nella consulenza legale alle aziende, al management e ai membri del consiglio di amministrazione in situazioni di crisi, in particolare nel diritto delle ristrutturazioni.<\/em><\/p>","protected":false},"excerpt":{"rendered":"<p>Eine Studie der ZHAW School of Management zeigt, dass per Ende M\u00e4rz 2020 mehr als 50% der kleinen und mittleren Unternehmen in der Schweiz damit rechnen, in den kommenden Monaten in finanzielle Schwierigkeiten zu geraten. Die Lage ist ernst. Entsprechend hat der Bundesrat\u00a0 am 26. M\u00e4rz 2020 die COVID-19-Solidarb\u00fcrgschaftsverordnung erlassen. Diese erm\u00f6glicht betroffenen Unternehmen einen [&hellip;]<\/p>\n","protected":false},"author":4,"featured_media":6532,"comment_status":"closed","ping_status":"closed","sticky":false,"template":"","format":"standard","meta":{"_acf_changed":false,"_yoast_wpseo_focuskw":"COVID-19-\u00dcberbr\u00fcckungskredite","_yoast_wpseo_metadesc":"Der Bund hat Pakete geschn\u00fcrt, um Unternehmen aktuell unter die Arme zu greifen. Die Covid-19-\u00dcberbr\u00fcckungskredite sind jedoch an Bedingungen gekn\u00fcpft.","articlekey":"","footnotes":""},"categories":[24],"tags":[115,132,202,203,335],"class_list":["post-6531","post","type-post","status-publish","format-standard","has-post-thumbnail","hentry","category-finanzen_recht","tag-checklisten","tag-coronavirus","tag-finanzenrecht","tag-finanzierung","tag-management-und-unternehmensfuehrung"],"acf":[],"yoast_head":"<!-- This site is optimized with the Yoast SEO plugin v27.4 - https:\/\/yoast.com\/product\/yoast-seo-wordpress\/ -->\n<title>COVID-19-\u00dcberbr\u00fcckungskredite \u2013 rechtliche und wirtschaftliche Folgen - Organisator<\/title>\n<meta name=\"description\" content=\"Der Bund hat Pakete geschn\u00fcrt, um Unternehmen aktuell unter die Arme zu greifen. Die Covid-19-\u00dcberbr\u00fcckungskredite sind jedoch an Bedingungen gekn\u00fcpft.\" \/>\n<meta name=\"robots\" content=\"index, follow, max-snippet:-1, max-image-preview:large, max-video-preview:-1\" \/>\n<link rel=\"canonical\" href=\"https:\/\/www.organisator.ch\/it\/gestione-2\/finanzen_recht\/2020-03-31\/covid-19-ueberbrueckungskredite-rechtliche-und-wirtschaftliche-folgen\/\" \/>\n<meta property=\"og:locale\" content=\"it_IT\" \/>\n<meta property=\"og:type\" content=\"article\" \/>\n<meta property=\"og:title\" content=\"COVID-19-\u00dcberbr\u00fcckungskredite \u2013 rechtliche und wirtschaftliche Folgen\" \/>\n<meta property=\"og:description\" content=\"Der Bund hat Pakete geschn\u00fcrt, um Unternehmen aktuell unter die Arme zu greifen. Die Covid-19-\u00dcberbr\u00fcckungskredite sind jedoch an Bedingungen gekn\u00fcpft.\" \/>\n<meta property=\"og:url\" content=\"https:\/\/www.organisator.ch\/it\/gestione-2\/finanzen_recht\/2020-03-31\/covid-19-ueberbrueckungskredite-rechtliche-und-wirtschaftliche-folgen\/\" \/>\n<meta property=\"og:site_name\" content=\"Organisator\" \/>\n<meta property=\"article:publisher\" content=\"https:\/\/www.facebook.com\/OrganisatorFachmagazin\" \/>\n<meta property=\"article:published_time\" content=\"2020-03-31T13:21:10+00:00\" \/>\n<meta property=\"og:image\" content=\"https:\/\/www.organisator.ch\/wp-content\/uploads\/2020\/03\/COVID-19-Ueberbrueckungskredite-rechtliche-und-wirtschaftliche-Folgen_Organisator.jpg\" \/>\n\t<meta property=\"og:image:width\" content=\"680\" \/>\n\t<meta property=\"og:image:height\" content=\"383\" \/>\n\t<meta property=\"og:image:type\" content=\"image\/jpeg\" \/>\n<meta name=\"author\" content=\"thomas.berner\" \/>\n<meta name=\"twitter:card\" content=\"summary_large_image\" \/>\n<meta name=\"twitter:title\" content=\"#COVID-19-\u00dcberbr\u00fcckungskredite \u2013 rechtliche und wirtschaftliche Folgen\" \/>\n<meta name=\"twitter:description\" content=\"Der Bund hat Pakete geschn\u00fcrt, um Unternehmen aktuell unter die Arme zu greifen. Die #Covid-19-\u00dcberbr\u00fcckungskredite sind jedoch an Bedingungen gekn\u00fcpft.\" \/>\n<meta name=\"twitter:image\" content=\"https:\/\/www.organisator.ch\/wp-content\/uploads\/2020\/03\/COVID-19-Ueberbrueckungskredite-rechtliche-und-wirtschaftliche-Folgen_Organisator.jpg\" \/>\n<script type=\"application\/ld+json\" class=\"yoast-schema-graph\">{\"@context\":\"https:\\\/\\\/schema.org\",\"@graph\":[{\"@type\":\"Article\",\"@id\":\"https:\\\/\\\/www.organisator.ch\\\/management\\\/finanzen_recht\\\/2020-03-31\\\/covid-19-ueberbrueckungskredite-rechtliche-und-wirtschaftliche-folgen\\\/#article\",\"isPartOf\":{\"@id\":\"https:\\\/\\\/www.organisator.ch\\\/management\\\/finanzen_recht\\\/2020-03-31\\\/covid-19-ueberbrueckungskredite-rechtliche-und-wirtschaftliche-folgen\\\/\"},\"author\":{\"name\":\"thomas.berner\",\"@id\":\"https:\\\/\\\/www.organisator.ch\\\/#\\\/schema\\\/person\\\/6f650f90b2842cd4c0cc334b4e36f67e\"},\"headline\":\"COVID-19-\u00dcberbr\u00fcckungskredite \u2013 rechtliche und wirtschaftliche Folgen\",\"datePublished\":\"2020-03-31T13:21:10+00:00\",\"mainEntityOfPage\":{\"@id\":\"https:\\\/\\\/www.organisator.ch\\\/management\\\/finanzen_recht\\\/2020-03-31\\\/covid-19-ueberbrueckungskredite-rechtliche-und-wirtschaftliche-folgen\\\/\"},\"wordCount\":660,\"publisher\":{\"@id\":\"https:\\\/\\\/www.organisator.ch\\\/#organization\"},\"image\":{\"@id\":\"https:\\\/\\\/www.organisator.ch\\\/management\\\/finanzen_recht\\\/2020-03-31\\\/covid-19-ueberbrueckungskredite-rechtliche-und-wirtschaftliche-folgen\\\/#primaryimage\"},\"thumbnailUrl\":\"https:\\\/\\\/www.organisator.ch\\\/wp-content\\\/uploads\\\/2020\\\/03\\\/COVID-19-Ueberbrueckungskredite-rechtliche-und-wirtschaftliche-Folgen_Organisator.jpg\",\"keywords\":[\"Checklisten\",\"Coronavirus\",\"Finanzen\\\/Recht\",\"Finanzierung\",\"Management und Unternehmensf\u00fchrung\"],\"articleSection\":[\"FINANZEN\\\/RECHT\"],\"inLanguage\":\"it-IT\"},{\"@type\":\"WebPage\",\"@id\":\"https:\\\/\\\/www.organisator.ch\\\/management\\\/finanzen_recht\\\/2020-03-31\\\/covid-19-ueberbrueckungskredite-rechtliche-und-wirtschaftliche-folgen\\\/\",\"url\":\"https:\\\/\\\/www.organisator.ch\\\/management\\\/finanzen_recht\\\/2020-03-31\\\/covid-19-ueberbrueckungskredite-rechtliche-und-wirtschaftliche-folgen\\\/\",\"name\":\"COVID-19-\u00dcberbr\u00fcckungskredite \u2013 rechtliche und wirtschaftliche Folgen - Organisator\",\"isPartOf\":{\"@id\":\"https:\\\/\\\/www.organisator.ch\\\/#website\"},\"primaryImageOfPage\":{\"@id\":\"https:\\\/\\\/www.organisator.ch\\\/management\\\/finanzen_recht\\\/2020-03-31\\\/covid-19-ueberbrueckungskredite-rechtliche-und-wirtschaftliche-folgen\\\/#primaryimage\"},\"image\":{\"@id\":\"https:\\\/\\\/www.organisator.ch\\\/management\\\/finanzen_recht\\\/2020-03-31\\\/covid-19-ueberbrueckungskredite-rechtliche-und-wirtschaftliche-folgen\\\/#primaryimage\"},\"thumbnailUrl\":\"https:\\\/\\\/www.organisator.ch\\\/wp-content\\\/uploads\\\/2020\\\/03\\\/COVID-19-Ueberbrueckungskredite-rechtliche-und-wirtschaftliche-Folgen_Organisator.jpg\",\"datePublished\":\"2020-03-31T13:21:10+00:00\",\"description\":\"Der Bund hat Pakete geschn\u00fcrt, um Unternehmen aktuell unter die Arme zu greifen. Die Covid-19-\u00dcberbr\u00fcckungskredite sind jedoch an Bedingungen gekn\u00fcpft.\",\"breadcrumb\":{\"@id\":\"https:\\\/\\\/www.organisator.ch\\\/management\\\/finanzen_recht\\\/2020-03-31\\\/covid-19-ueberbrueckungskredite-rechtliche-und-wirtschaftliche-folgen\\\/#breadcrumb\"},\"inLanguage\":\"it-IT\",\"potentialAction\":[{\"@type\":\"ReadAction\",\"target\":[\"https:\\\/\\\/www.organisator.ch\\\/management\\\/finanzen_recht\\\/2020-03-31\\\/covid-19-ueberbrueckungskredite-rechtliche-und-wirtschaftliche-folgen\\\/\"]}]},{\"@type\":\"ImageObject\",\"inLanguage\":\"it-IT\",\"@id\":\"https:\\\/\\\/www.organisator.ch\\\/management\\\/finanzen_recht\\\/2020-03-31\\\/covid-19-ueberbrueckungskredite-rechtliche-und-wirtschaftliche-folgen\\\/#primaryimage\",\"url\":\"https:\\\/\\\/www.organisator.ch\\\/wp-content\\\/uploads\\\/2020\\\/03\\\/COVID-19-Ueberbrueckungskredite-rechtliche-und-wirtschaftliche-Folgen_Organisator.jpg\",\"contentUrl\":\"https:\\\/\\\/www.organisator.ch\\\/wp-content\\\/uploads\\\/2020\\\/03\\\/COVID-19-Ueberbrueckungskredite-rechtliche-und-wirtschaftliche-Folgen_Organisator.jpg\",\"width\":680,\"height\":383,\"caption\":\"Die Covid-19-\u00dcberbr\u00fcckungskredite sind jedoch an Bedingungen gekn\u00fcpft. (Bild: Pixabay.com)\"},{\"@type\":\"BreadcrumbList\",\"@id\":\"https:\\\/\\\/www.organisator.ch\\\/management\\\/finanzen_recht\\\/2020-03-31\\\/covid-19-ueberbrueckungskredite-rechtliche-und-wirtschaftliche-folgen\\\/#breadcrumb\",\"itemListElement\":[{\"@type\":\"ListItem\",\"position\":1,\"name\":\"Home\",\"item\":\"https:\\\/\\\/www.organisator.ch\\\/\"},{\"@type\":\"ListItem\",\"position\":2,\"name\":\"COVID-19-\u00dcberbr\u00fcckungskredite \u2013 rechtliche und wirtschaftliche Folgen\"}]},{\"@type\":\"WebSite\",\"@id\":\"https:\\\/\\\/www.organisator.ch\\\/#website\",\"url\":\"https:\\\/\\\/www.organisator.ch\\\/\",\"name\":\"Organisator\",\"description\":\"Kompetent. Praxisnah. Der ORGANISATOR bereitet in 10 Ausgaben pro Jahr die wesentlichen Themen f\u00fcr F\u00fchrungskr\u00e4fte von KMU auf.\",\"publisher\":{\"@id\":\"https:\\\/\\\/www.organisator.ch\\\/#organization\"},\"potentialAction\":[{\"@type\":\"SearchAction\",\"target\":{\"@type\":\"EntryPoint\",\"urlTemplate\":\"https:\\\/\\\/www.organisator.ch\\\/?s={search_term_string}\"},\"query-input\":{\"@type\":\"PropertyValueSpecification\",\"valueRequired\":true,\"valueName\":\"search_term_string\"}}],\"inLanguage\":\"it-IT\"},{\"@type\":\"Organization\",\"@id\":\"https:\\\/\\\/www.organisator.ch\\\/#organization\",\"name\":\"Organisator\",\"url\":\"https:\\\/\\\/www.organisator.ch\\\/\",\"logo\":{\"@type\":\"ImageObject\",\"inLanguage\":\"it-IT\",\"@id\":\"https:\\\/\\\/www.organisator.ch\\\/#\\\/schema\\\/logo\\\/image\\\/\",\"url\":\"https:\\\/\\\/www.organisator.ch\\\/wp-content\\\/uploads\\\/2022\\\/01\\\/Logo_Organisator_Website.png\",\"contentUrl\":\"https:\\\/\\\/www.organisator.ch\\\/wp-content\\\/uploads\\\/2022\\\/01\\\/Logo_Organisator_Website.png\",\"width\":800,\"height\":77,\"caption\":\"Organisator\"},\"image\":{\"@id\":\"https:\\\/\\\/www.organisator.ch\\\/#\\\/schema\\\/logo\\\/image\\\/\"},\"sameAs\":[\"https:\\\/\\\/www.facebook.com\\\/OrganisatorFachmagazin\",\"https:\\\/\\\/www.linkedin.com\\\/showcase\\\/organisator-das-magazin-fr-kmu\",\"https:\\\/\\\/www.xing.com\\\/news\\\/pages\\\/organisator-ch-695\",\"https:\\\/\\\/www.youtube.com\\\/channel\\\/UCGP2Sq0iWaZwT3BdIAQFYpw\"]},{\"@type\":\"Person\",\"@id\":\"https:\\\/\\\/www.organisator.ch\\\/#\\\/schema\\\/person\\\/6f650f90b2842cd4c0cc334b4e36f67e\",\"name\":\"thomas.berner\",\"image\":{\"@type\":\"ImageObject\",\"inLanguage\":\"it-IT\",\"@id\":\"https:\\\/\\\/secure.gravatar.com\\\/avatar\\\/ac5001d2a36cb6c6cd3e50789007ffca834b477b74a2144564522e944eabff61?s=96&d=mm&r=g\",\"url\":\"https:\\\/\\\/secure.gravatar.com\\\/avatar\\\/ac5001d2a36cb6c6cd3e50789007ffca834b477b74a2144564522e944eabff61?s=96&d=mm&r=g\",\"contentUrl\":\"https:\\\/\\\/secure.gravatar.com\\\/avatar\\\/ac5001d2a36cb6c6cd3e50789007ffca834b477b74a2144564522e944eabff61?s=96&d=mm&r=g\",\"caption\":\"thomas.berner\"},\"url\":\"https:\\\/\\\/www.organisator.ch\\\/it\\\/author\\\/thomas-berner\\\/\"}]}<\/script>\n<!-- \/ Yoast SEO plugin. -->","yoast_head_json":{"title":"COVID-19 Prestiti ponte - conseguenze legali ed economiche - Organizzatore","description":"Il governo federale ha messo a punto dei pacchetti per aiutare le imprese in questo momento. Tuttavia, i prestiti ponte di Covid 19 sono condizionati.","robots":{"index":"index","follow":"follow","max-snippet":"max-snippet:-1","max-image-preview":"max-image-preview:large","max-video-preview":"max-video-preview:-1"},"canonical":"https:\/\/www.organisator.ch\/it\/gestione-2\/finanzen_recht\/2020-03-31\/covid-19-ueberbrueckungskredite-rechtliche-und-wirtschaftliche-folgen\/","og_locale":"it_IT","og_type":"article","og_title":"COVID-19-\u00dcberbr\u00fcckungskredite \u2013 rechtliche und wirtschaftliche Folgen","og_description":"Der Bund hat Pakete geschn\u00fcrt, um Unternehmen aktuell unter die Arme zu greifen. Die Covid-19-\u00dcberbr\u00fcckungskredite sind jedoch an Bedingungen gekn\u00fcpft.","og_url":"https:\/\/www.organisator.ch\/it\/gestione-2\/finanzen_recht\/2020-03-31\/covid-19-ueberbrueckungskredite-rechtliche-und-wirtschaftliche-folgen\/","og_site_name":"Organisator","article_publisher":"https:\/\/www.facebook.com\/OrganisatorFachmagazin","article_published_time":"2020-03-31T13:21:10+00:00","og_image":[{"width":680,"height":383,"url":"https:\/\/www.organisator.ch\/wp-content\/uploads\/2020\/03\/COVID-19-Ueberbrueckungskredite-rechtliche-und-wirtschaftliche-Folgen_Organisator.jpg","type":"image\/jpeg"}],"author":"thomas.berner","twitter_card":"summary_large_image","twitter_title":"#COVID-19-\u00dcberbr\u00fcckungskredite \u2013 rechtliche und wirtschaftliche Folgen","twitter_description":"Der Bund hat Pakete geschn\u00fcrt, um Unternehmen aktuell unter die Arme zu greifen. Die #Covid-19-\u00dcberbr\u00fcckungskredite sind jedoch an Bedingungen gekn\u00fcpft.","twitter_image":"https:\/\/www.organisator.ch\/wp-content\/uploads\/2020\/03\/COVID-19-Ueberbrueckungskredite-rechtliche-und-wirtschaftliche-Folgen_Organisator.jpg","schema":{"@context":"https:\/\/schema.org","@graph":[{"@type":"Article","@id":"https:\/\/www.organisator.ch\/management\/finanzen_recht\/2020-03-31\/covid-19-ueberbrueckungskredite-rechtliche-und-wirtschaftliche-folgen\/#article","isPartOf":{"@id":"https:\/\/www.organisator.ch\/management\/finanzen_recht\/2020-03-31\/covid-19-ueberbrueckungskredite-rechtliche-und-wirtschaftliche-folgen\/"},"author":{"name":"thomas.berner","@id":"https:\/\/www.organisator.ch\/#\/schema\/person\/6f650f90b2842cd4c0cc334b4e36f67e"},"headline":"COVID-19-\u00dcberbr\u00fcckungskredite \u2013 rechtliche und wirtschaftliche Folgen","datePublished":"2020-03-31T13:21:10+00:00","mainEntityOfPage":{"@id":"https:\/\/www.organisator.ch\/management\/finanzen_recht\/2020-03-31\/covid-19-ueberbrueckungskredite-rechtliche-und-wirtschaftliche-folgen\/"},"wordCount":660,"publisher":{"@id":"https:\/\/www.organisator.ch\/#organization"},"image":{"@id":"https:\/\/www.organisator.ch\/management\/finanzen_recht\/2020-03-31\/covid-19-ueberbrueckungskredite-rechtliche-und-wirtschaftliche-folgen\/#primaryimage"},"thumbnailUrl":"https:\/\/www.organisator.ch\/wp-content\/uploads\/2020\/03\/COVID-19-Ueberbrueckungskredite-rechtliche-und-wirtschaftliche-Folgen_Organisator.jpg","keywords":["Checklisten","Coronavirus","Finanzen\/Recht","Finanzierung","Management und Unternehmensf\u00fchrung"],"articleSection":["FINANZEN\/RECHT"],"inLanguage":"it-IT"},{"@type":"WebPage","@id":"https:\/\/www.organisator.ch\/management\/finanzen_recht\/2020-03-31\/covid-19-ueberbrueckungskredite-rechtliche-und-wirtschaftliche-folgen\/","url":"https:\/\/www.organisator.ch\/management\/finanzen_recht\/2020-03-31\/covid-19-ueberbrueckungskredite-rechtliche-und-wirtschaftliche-folgen\/","name":"COVID-19 Prestiti ponte - conseguenze legali ed economiche - Organizzatore","isPartOf":{"@id":"https:\/\/www.organisator.ch\/#website"},"primaryImageOfPage":{"@id":"https:\/\/www.organisator.ch\/management\/finanzen_recht\/2020-03-31\/covid-19-ueberbrueckungskredite-rechtliche-und-wirtschaftliche-folgen\/#primaryimage"},"image":{"@id":"https:\/\/www.organisator.ch\/management\/finanzen_recht\/2020-03-31\/covid-19-ueberbrueckungskredite-rechtliche-und-wirtschaftliche-folgen\/#primaryimage"},"thumbnailUrl":"https:\/\/www.organisator.ch\/wp-content\/uploads\/2020\/03\/COVID-19-Ueberbrueckungskredite-rechtliche-und-wirtschaftliche-Folgen_Organisator.jpg","datePublished":"2020-03-31T13:21:10+00:00","description":"Il governo federale ha messo a punto dei pacchetti per aiutare le imprese in questo momento. Tuttavia, i prestiti ponte di Covid 19 sono condizionati.","breadcrumb":{"@id":"https:\/\/www.organisator.ch\/management\/finanzen_recht\/2020-03-31\/covid-19-ueberbrueckungskredite-rechtliche-und-wirtschaftliche-folgen\/#breadcrumb"},"inLanguage":"it-IT","potentialAction":[{"@type":"ReadAction","target":["https:\/\/www.organisator.ch\/management\/finanzen_recht\/2020-03-31\/covid-19-ueberbrueckungskredite-rechtliche-und-wirtschaftliche-folgen\/"]}]},{"@type":"ImageObject","inLanguage":"it-IT","@id":"https:\/\/www.organisator.ch\/management\/finanzen_recht\/2020-03-31\/covid-19-ueberbrueckungskredite-rechtliche-und-wirtschaftliche-folgen\/#primaryimage","url":"https:\/\/www.organisator.ch\/wp-content\/uploads\/2020\/03\/COVID-19-Ueberbrueckungskredite-rechtliche-und-wirtschaftliche-Folgen_Organisator.jpg","contentUrl":"https:\/\/www.organisator.ch\/wp-content\/uploads\/2020\/03\/COVID-19-Ueberbrueckungskredite-rechtliche-und-wirtschaftliche-Folgen_Organisator.jpg","width":680,"height":383,"caption":"Die Covid-19-\u00dcberbr\u00fcckungskredite sind jedoch an Bedingungen gekn\u00fcpft. (Bild: Pixabay.com)"},{"@type":"BreadcrumbList","@id":"https:\/\/www.organisator.ch\/management\/finanzen_recht\/2020-03-31\/covid-19-ueberbrueckungskredite-rechtliche-und-wirtschaftliche-folgen\/#breadcrumb","itemListElement":[{"@type":"ListItem","position":1,"name":"Home","item":"https:\/\/www.organisator.ch\/"},{"@type":"ListItem","position":2,"name":"COVID-19-\u00dcberbr\u00fcckungskredite \u2013 rechtliche und wirtschaftliche Folgen"}]},{"@type":"WebSite","@id":"https:\/\/www.organisator.ch\/#website","url":"https:\/\/www.organisator.ch\/","name":"Organizzatore","description":"Competente. Pratico. In 10 numeri all'anno, ORGANISATOR presenta i temi essenziali per i manager delle PMI.","publisher":{"@id":"https:\/\/www.organisator.ch\/#organization"},"potentialAction":[{"@type":"SearchAction","target":{"@type":"EntryPoint","urlTemplate":"https:\/\/www.organisator.ch\/?s={search_term_string}"},"query-input":{"@type":"PropertyValueSpecification","valueRequired":true,"valueName":"search_term_string"}}],"inLanguage":"it-IT"},{"@type":"Organization","@id":"https:\/\/www.organisator.ch\/#organization","name":"Organizzatore","url":"https:\/\/www.organisator.ch\/","logo":{"@type":"ImageObject","inLanguage":"it-IT","@id":"https:\/\/www.organisator.ch\/#\/schema\/logo\/image\/","url":"https:\/\/www.organisator.ch\/wp-content\/uploads\/2022\/01\/Logo_Organisator_Website.png","contentUrl":"https:\/\/www.organisator.ch\/wp-content\/uploads\/2022\/01\/Logo_Organisator_Website.png","width":800,"height":77,"caption":"Organisator"},"image":{"@id":"https:\/\/www.organisator.ch\/#\/schema\/logo\/image\/"},"sameAs":["https:\/\/www.facebook.com\/OrganisatorFachmagazin","https:\/\/www.linkedin.com\/showcase\/organisator-das-magazin-fr-kmu","https:\/\/www.xing.com\/news\/pages\/organisator-ch-695","https:\/\/www.youtube.com\/channel\/UCGP2Sq0iWaZwT3BdIAQFYpw"]},{"@type":"Person","@id":"https:\/\/www.organisator.ch\/#\/schema\/person\/6f650f90b2842cd4c0cc334b4e36f67e","name":"Tommaso.berner","image":{"@type":"ImageObject","inLanguage":"it-IT","@id":"https:\/\/secure.gravatar.com\/avatar\/ac5001d2a36cb6c6cd3e50789007ffca834b477b74a2144564522e944eabff61?s=96&d=mm&r=g","url":"https:\/\/secure.gravatar.com\/avatar\/ac5001d2a36cb6c6cd3e50789007ffca834b477b74a2144564522e944eabff61?s=96&d=mm&r=g","contentUrl":"https:\/\/secure.gravatar.com\/avatar\/ac5001d2a36cb6c6cd3e50789007ffca834b477b74a2144564522e944eabff61?s=96&d=mm&r=g","caption":"thomas.berner"},"url":"https:\/\/www.organisator.ch\/it\/author\/thomas-berner\/"}]}},"_links":{"self":[{"href":"https:\/\/www.organisator.ch\/it\/wp-json\/wp\/v2\/posts\/6531","targetHints":{"allow":["GET"]}}],"collection":[{"href":"https:\/\/www.organisator.ch\/it\/wp-json\/wp\/v2\/posts"}],"about":[{"href":"https:\/\/www.organisator.ch\/it\/wp-json\/wp\/v2\/types\/post"}],"author":[{"embeddable":true,"href":"https:\/\/www.organisator.ch\/it\/wp-json\/wp\/v2\/users\/4"}],"replies":[{"embeddable":true,"href":"https:\/\/www.organisator.ch\/it\/wp-json\/wp\/v2\/comments?post=6531"}],"version-history":[{"count":0,"href":"https:\/\/www.organisator.ch\/it\/wp-json\/wp\/v2\/posts\/6531\/revisions"}],"wp:featuredmedia":[{"embeddable":true,"href":"https:\/\/www.organisator.ch\/it\/wp-json\/wp\/v2\/media\/6532"}],"wp:attachment":[{"href":"https:\/\/www.organisator.ch\/it\/wp-json\/wp\/v2\/media?parent=6531"}],"wp:term":[{"taxonomy":"category","embeddable":true,"href":"https:\/\/www.organisator.ch\/it\/wp-json\/wp\/v2\/categories?post=6531"},{"taxonomy":"post_tag","embeddable":true,"href":"https:\/\/www.organisator.ch\/it\/wp-json\/wp\/v2\/tags?post=6531"}],"curies":[{"name":"wp","href":"https:\/\/api.w.org\/{rel}","templated":true}]}}