{"id":6548,"date":"2020-04-02T11:23:19","date_gmt":"2020-04-02T09:23:19","guid":{"rendered":"https:\/\/www.organisator.ch\/?p=6548"},"modified":"2020-04-02T11:23:19","modified_gmt":"2020-04-02T09:23:19","slug":"entlassungswelle-droht-bei-kmu","status":"publish","type":"post","link":"https:\/\/www.organisator.ch\/it\/allgemein\/2020-04-02\/entlassungswelle-droht-bei-kmu\/","title":{"rendered":"Un'ondata di licenziamenti minaccia le PMI"},"content":{"rendered":"<figure id=\"attachment_6550\" aria-describedby=\"caption-attachment-6550\" style=\"width: 680px\" class=\"wp-caption alignnone\"><img loading=\"lazy\" decoding=\"async\" class=\"size-medium wp-image-6550\" src=\"https:\/\/www.organisator.ch\/wp-content\/uploads\/2020\/04\/Entlassungswelle-droht-bei-KMU_Organisator.jpg\" alt=\"\" width=\"680\" height=\"453\" srcset=\"https:\/\/www.organisator.ch\/wp-content\/uploads\/2020\/04\/Entlassungswelle-droht-bei-KMU_Organisator.jpg 680w, https:\/\/www.organisator.ch\/wp-content\/uploads\/2020\/04\/Entlassungswelle-droht-bei-KMU_Organisator-16x12.jpg 16w, https:\/\/www.organisator.ch\/wp-content\/uploads\/2020\/04\/Entlassungswelle-droht-bei-KMU_Organisator-263x175.jpg 263w, https:\/\/www.organisator.ch\/wp-content\/uploads\/2020\/04\/Entlassungswelle-droht-bei-KMU_Organisator-525x350.jpg 525w, https:\/\/www.organisator.ch\/wp-content\/uploads\/2020\/04\/Entlassungswelle-droht-bei-KMU_Organisator-300x200.jpg 300w\" sizes=\"auto, (max-width: 680px) 100vw, 680px\" \/><figcaption id=\"caption-attachment-6550\" class=\"wp-caption-text\">Prospettive cupe per le PMI: si profila un'ondata di fallimenti e licenziamenti? (Immagine: Pixabay.com)<\/figcaption><\/figure>\n<p>Gi\u00e0 il 6,5% delle PMI ha licenziato dei dipendenti - altri sono previsti, ci potrebbe essere anche un'ondata di licenziamenti. E un buon 34% delle PMI ritiene di ricevere troppo poco sostegno dal governo federale. Questo \u00e8 mostrato in un sondaggio di <a href=\"https:\/\/www.gryps.ch\/\">Portale delle offerte GRYPS<\/a>\u00a0sull'impatto economico della crisi di Corona sulle piccole e medie imprese in Svizzera, condotto tra il 30 marzo e il 2 aprile 2020. 270 PMI hanno partecipato online al sondaggio.<\/p>\n<h2>I prestiti non risolvono abbastanza i problemi<\/h2>\n<p>I problemi rivelati dal sondaggio non sono direttamente dovuti a casi di malattia: Infatti, finora ci sono solo pochi casi confermati di Corona nelle aziende partecipanti. Tuttavia, le aziende dovranno prepararsi a come affrontare la situazione in questi casi. Acute, d'altra parte, sono le conseguenze delle chiusure aziendali imposte ufficialmente sulle piccole imprese. \"Soprattutto i lavoratori autonomi sono insoddisfatti del supporto limitato e sentono che la loro esistenza \u00e8 minacciata. Questo \u00e8 dimostrato dai molti commenti personali delle PMI nel sondaggio. Anche i prestiti senza interessi non risolvono il problema per molti, perch\u00e9 devono essere ripagati\", dice Gaby St\u00e4heli, Co-CEO di GRYPS Offertenportal.<\/p>\n<h2><strong>Altri risultati del sondaggio<\/strong><\/h2>\n<ul>\n<li>Licenziamenti: Circa il 6,5% ha licenziato dipendenti, oltre l'8% prevede di farlo nel prossimo futuro<\/li>\n<li>Lavoro ad orario ridotto: un buon 43% ha gi\u00e0 introdotto il lavoro ad orario ridotto, e oltre l'8% sta progettando di farlo nel prossimo futuro.<\/li>\n<li>Blocco delle assunzioni: circa il 54% ha introdotto un blocco delle assunzioni, poco meno del 3% sta progettando di farlo nel prossimo futuro<\/li>\n<li>Calo del fatturato: il 30 per cento delle PMI ha subito un calo del fatturato superiore al 75 per cento nel mese di marzo.<\/li>\n<li>Riduzione dell'affitto: solo il 10 per cento ha concordato un rinvio o una riduzione dell'affitto per i locali commerciali, ma il 18,5 per cento ha ancora intenzione di negoziare con il proprio padrone di casa.<\/li>\n<\/ul>\n<p>Il sondaggio mostra: Nel complesso, gli effetti del coronavirus sul panorama svizzero delle PMI sono chiaramente visibili. E alcune dichiarazioni dei partecipanti al sondaggio non lasciano nulla a desiderare in termini di chiarezza: \"Non va affatto bene quello che sta succedendo.<br \/>\nqui si sta distruggendo ciecamente\". Si parla anche di un \"colpo mortale imposto dallo Stato\" per intere aziende.<\/p>","protected":false},"excerpt":{"rendered":"<p>Bereits 6,5 Prozent der KMU haben Mitarbeiter entlassen \u2013 geplant sind noch mehr, es k\u00f6nnte sogar zu einer Entlassungswelle kommen. Und gut 34 Prozent der KMU f\u00fchlen sich vom Bund zu wenig unterst\u00fctzt. Dies zeigt eine Umfrage von GRYPS Offertenportal\u00a0zu den wirtschaftlichen Auswirkungen der Corona-Krise auf kleinere und mittlere Unternehmen in der Schweiz, die zwischen [&hellip;]<\/p>\n","protected":false},"author":4,"featured_media":6550,"comment_status":"closed","ping_status":"closed","sticky":false,"template":"","format":"standard","meta":{"_acf_changed":false,"_yoast_wpseo_focuskw":"Entlassungswelle","_yoast_wpseo_metadesc":"Eine Umfrage bei KMU gibt Aufschluss \u00fcber ihre aktuelle Situation. Und diese ist bei vielen alles andere als gut. Droht gar eine Entlassungswelle?","articlekey":"","footnotes":""},"categories":[1],"tags":[132,487,492,531],"class_list":["post-6548","post","type-post","status-publish","format-standard","has-post-thumbnail","hentry","category-allgemein","tag-coronavirus","tag-umfrage","tag-unternehmen","tag-wirtschaftspolitik"],"acf":[],"yoast_head":"<!-- This site is optimized with the Yoast SEO plugin v27.5 - https:\/\/yoast.com\/product\/yoast-seo-wordpress\/ -->\n<title>Entlassungswelle droht bei KMU - Organisator<\/title>\n<meta name=\"description\" content=\"Eine Umfrage bei KMU gibt Aufschluss \u00fcber ihre aktuelle Situation. Und diese ist bei vielen alles andere als gut. Droht gar eine Entlassungswelle?\" \/>\n<meta name=\"robots\" content=\"index, follow, max-snippet:-1, max-image-preview:large, max-video-preview:-1\" \/>\n<link rel=\"canonical\" href=\"https:\/\/www.organisator.ch\/it\/generale\/2020-04-02\/entlassungswelle-droht-bei-kmu\/\" \/>\n<meta property=\"og:locale\" content=\"it_IT\" \/>\n<meta property=\"og:type\" content=\"article\" \/>\n<meta property=\"og:title\" content=\"Entlassungswelle droht bei KMU\" \/>\n<meta property=\"og:description\" content=\"Eine Umfrage bei KMU gibt Aufschluss \u00fcber ihre aktuelle Situation. Und diese ist bei vielen alles andere als gut. Droht gar eine Entlassungswelle?\" \/>\n<meta property=\"og:url\" content=\"https:\/\/www.organisator.ch\/it\/generale\/2020-04-02\/entlassungswelle-droht-bei-kmu\/\" \/>\n<meta property=\"og:site_name\" content=\"Organisator\" \/>\n<meta property=\"article:publisher\" content=\"https:\/\/www.facebook.com\/OrganisatorFachmagazin\" \/>\n<meta property=\"article:published_time\" content=\"2020-04-02T09:23:19+00:00\" \/>\n<meta property=\"og:image\" content=\"https:\/\/www.organisator.ch\/wp-content\/uploads\/2020\/04\/Entlassungswelle-droht-bei-KMU_Organisator.jpg\" \/>\n\t<meta property=\"og:image:width\" content=\"680\" \/>\n\t<meta property=\"og:image:height\" content=\"453\" \/>\n\t<meta property=\"og:image:type\" content=\"image\/jpeg\" \/>\n<meta name=\"author\" content=\"thomas.berner\" \/>\n<meta name=\"twitter:card\" content=\"summary_large_image\" \/>\n<meta name=\"twitter:title\" content=\"#Entlassungswelle droht bei KMU\" \/>\n<meta name=\"twitter:description\" content=\"Eine #Umfrage bei #KMU gibt Aufschluss \u00fcber ihre aktuelle Situation. Und diese ist bei vielen alles andere als gut. Droht gar eine #Entlassungswelle?\" \/>\n<meta name=\"twitter:image\" content=\"https:\/\/www.organisator.ch\/wp-content\/uploads\/2020\/04\/Entlassungswelle-droht-bei-KMU_Organisator.jpg\" \/>\n<script type=\"application\/ld+json\" class=\"yoast-schema-graph\">{\"@context\":\"https:\\\/\\\/schema.org\",\"@graph\":[{\"@type\":\"Article\",\"@id\":\"https:\\\/\\\/www.organisator.ch\\\/en\\\/general\\\/2020-04-02\\\/entlassungswelle-droht-bei-kmu\\\/#article\",\"isPartOf\":{\"@id\":\"https:\\\/\\\/www.organisator.ch\\\/en\\\/general\\\/2020-04-02\\\/entlassungswelle-droht-bei-kmu\\\/\"},\"author\":{\"name\":\"thomas.berner\",\"@id\":\"https:\\\/\\\/www.organisator.ch\\\/#\\\/schema\\\/person\\\/6f650f90b2842cd4c0cc334b4e36f67e\"},\"headline\":\"Entlassungswelle droht bei KMU\",\"datePublished\":\"2020-04-02T09:23:19+00:00\",\"mainEntityOfPage\":{\"@id\":\"https:\\\/\\\/www.organisator.ch\\\/en\\\/general\\\/2020-04-02\\\/entlassungswelle-droht-bei-kmu\\\/\"},\"wordCount\":371,\"publisher\":{\"@id\":\"https:\\\/\\\/www.organisator.ch\\\/#organization\"},\"image\":{\"@id\":\"https:\\\/\\\/www.organisator.ch\\\/en\\\/general\\\/2020-04-02\\\/entlassungswelle-droht-bei-kmu\\\/#primaryimage\"},\"thumbnailUrl\":\"https:\\\/\\\/www.organisator.ch\\\/wp-content\\\/uploads\\\/2020\\\/04\\\/Entlassungswelle-droht-bei-KMU_Organisator.jpg\",\"keywords\":[\"Coronavirus\",\"Umfrage\",\"Unternehmen\",\"Wirtschaftspolitik\"],\"articleSection\":[\"Allgemein\"],\"inLanguage\":\"it-IT\"},{\"@type\":\"WebPage\",\"@id\":\"https:\\\/\\\/www.organisator.ch\\\/en\\\/general\\\/2020-04-02\\\/entlassungswelle-droht-bei-kmu\\\/\",\"url\":\"https:\\\/\\\/www.organisator.ch\\\/en\\\/general\\\/2020-04-02\\\/entlassungswelle-droht-bei-kmu\\\/\",\"name\":\"Entlassungswelle droht bei KMU - Organisator\",\"isPartOf\":{\"@id\":\"https:\\\/\\\/www.organisator.ch\\\/#website\"},\"primaryImageOfPage\":{\"@id\":\"https:\\\/\\\/www.organisator.ch\\\/en\\\/general\\\/2020-04-02\\\/entlassungswelle-droht-bei-kmu\\\/#primaryimage\"},\"image\":{\"@id\":\"https:\\\/\\\/www.organisator.ch\\\/en\\\/general\\\/2020-04-02\\\/entlassungswelle-droht-bei-kmu\\\/#primaryimage\"},\"thumbnailUrl\":\"https:\\\/\\\/www.organisator.ch\\\/wp-content\\\/uploads\\\/2020\\\/04\\\/Entlassungswelle-droht-bei-KMU_Organisator.jpg\",\"datePublished\":\"2020-04-02T09:23:19+00:00\",\"description\":\"Eine Umfrage bei KMU gibt Aufschluss \u00fcber ihre aktuelle Situation. Und diese ist bei vielen alles andere als gut. Droht gar eine Entlassungswelle?\",\"breadcrumb\":{\"@id\":\"https:\\\/\\\/www.organisator.ch\\\/en\\\/general\\\/2020-04-02\\\/entlassungswelle-droht-bei-kmu\\\/#breadcrumb\"},\"inLanguage\":\"it-IT\",\"potentialAction\":[{\"@type\":\"ReadAction\",\"target\":[\"https:\\\/\\\/www.organisator.ch\\\/en\\\/general\\\/2020-04-02\\\/entlassungswelle-droht-bei-kmu\\\/\"]}]},{\"@type\":\"ImageObject\",\"inLanguage\":\"it-IT\",\"@id\":\"https:\\\/\\\/www.organisator.ch\\\/en\\\/general\\\/2020-04-02\\\/entlassungswelle-droht-bei-kmu\\\/#primaryimage\",\"url\":\"https:\\\/\\\/www.organisator.ch\\\/wp-content\\\/uploads\\\/2020\\\/04\\\/Entlassungswelle-droht-bei-KMU_Organisator.jpg\",\"contentUrl\":\"https:\\\/\\\/www.organisator.ch\\\/wp-content\\\/uploads\\\/2020\\\/04\\\/Entlassungswelle-droht-bei-KMU_Organisator.jpg\",\"width\":680,\"height\":453,\"caption\":\"D\u00fcstere Aussichten f\u00fcr KMU: Droht eine Konkurs- und Entlassungswelle? (Bild: Pixabay.com)\"},{\"@type\":\"BreadcrumbList\",\"@id\":\"https:\\\/\\\/www.organisator.ch\\\/en\\\/general\\\/2020-04-02\\\/entlassungswelle-droht-bei-kmu\\\/#breadcrumb\",\"itemListElement\":[{\"@type\":\"ListItem\",\"position\":1,\"name\":\"Home\",\"item\":\"https:\\\/\\\/www.organisator.ch\\\/\"},{\"@type\":\"ListItem\",\"position\":2,\"name\":\"Entlassungswelle droht bei KMU\"}]},{\"@type\":\"WebSite\",\"@id\":\"https:\\\/\\\/www.organisator.ch\\\/#website\",\"url\":\"https:\\\/\\\/www.organisator.ch\\\/\",\"name\":\"Organisator\",\"description\":\"Kompetent. Praxisnah. Der ORGANISATOR bereitet in 10 Ausgaben pro Jahr die wesentlichen Themen f\u00fcr F\u00fchrungskr\u00e4fte von KMU auf.\",\"publisher\":{\"@id\":\"https:\\\/\\\/www.organisator.ch\\\/#organization\"},\"potentialAction\":[{\"@type\":\"SearchAction\",\"target\":{\"@type\":\"EntryPoint\",\"urlTemplate\":\"https:\\\/\\\/www.organisator.ch\\\/?s={search_term_string}\"},\"query-input\":{\"@type\":\"PropertyValueSpecification\",\"valueRequired\":true,\"valueName\":\"search_term_string\"}}],\"inLanguage\":\"it-IT\"},{\"@type\":\"Organization\",\"@id\":\"https:\\\/\\\/www.organisator.ch\\\/#organization\",\"name\":\"Organisator\",\"url\":\"https:\\\/\\\/www.organisator.ch\\\/\",\"logo\":{\"@type\":\"ImageObject\",\"inLanguage\":\"it-IT\",\"@id\":\"https:\\\/\\\/www.organisator.ch\\\/#\\\/schema\\\/logo\\\/image\\\/\",\"url\":\"https:\\\/\\\/www.organisator.ch\\\/wp-content\\\/uploads\\\/2022\\\/01\\\/Logo_Organisator_Website.png\",\"contentUrl\":\"https:\\\/\\\/www.organisator.ch\\\/wp-content\\\/uploads\\\/2022\\\/01\\\/Logo_Organisator_Website.png\",\"width\":800,\"height\":77,\"caption\":\"Organisator\"},\"image\":{\"@id\":\"https:\\\/\\\/www.organisator.ch\\\/#\\\/schema\\\/logo\\\/image\\\/\"},\"sameAs\":[\"https:\\\/\\\/www.facebook.com\\\/OrganisatorFachmagazin\",\"https:\\\/\\\/www.linkedin.com\\\/showcase\\\/organisator-das-magazin-fr-kmu\",\"https:\\\/\\\/www.xing.com\\\/news\\\/pages\\\/organisator-ch-695\",\"https:\\\/\\\/www.youtube.com\\\/channel\\\/UCGP2Sq0iWaZwT3BdIAQFYpw\"]},{\"@type\":\"Person\",\"@id\":\"https:\\\/\\\/www.organisator.ch\\\/#\\\/schema\\\/person\\\/6f650f90b2842cd4c0cc334b4e36f67e\",\"name\":\"thomas.berner\",\"image\":{\"@type\":\"ImageObject\",\"inLanguage\":\"it-IT\",\"@id\":\"https:\\\/\\\/secure.gravatar.com\\\/avatar\\\/ac5001d2a36cb6c6cd3e50789007ffca834b477b74a2144564522e944eabff61?s=96&d=mm&r=g\",\"url\":\"https:\\\/\\\/secure.gravatar.com\\\/avatar\\\/ac5001d2a36cb6c6cd3e50789007ffca834b477b74a2144564522e944eabff61?s=96&d=mm&r=g\",\"contentUrl\":\"https:\\\/\\\/secure.gravatar.com\\\/avatar\\\/ac5001d2a36cb6c6cd3e50789007ffca834b477b74a2144564522e944eabff61?s=96&d=mm&r=g\",\"caption\":\"thomas.berner\"},\"url\":\"https:\\\/\\\/www.organisator.ch\\\/it\\\/author\\\/thomas-berner\\\/\"}]}<\/script>\n<!-- \/ Yoast SEO plugin. -->","yoast_head_json":{"title":"Si profila un'ondata di licenziamenti nelle PMI - Organizzatore","description":"Un'indagine sulle PMI fornisce informazioni sulla loro situazione attuale. E per molti di loro la situazione \u00e8 tutt'altro che positiva. C'\u00e8 il rischio di un'ondata di licenziamenti?","robots":{"index":"index","follow":"follow","max-snippet":"max-snippet:-1","max-image-preview":"max-image-preview:large","max-video-preview":"max-video-preview:-1"},"canonical":"https:\/\/www.organisator.ch\/it\/generale\/2020-04-02\/entlassungswelle-droht-bei-kmu\/","og_locale":"it_IT","og_type":"article","og_title":"Entlassungswelle droht bei KMU","og_description":"Eine Umfrage bei KMU gibt Aufschluss \u00fcber ihre aktuelle Situation. Und diese ist bei vielen alles andere als gut. Droht gar eine Entlassungswelle?","og_url":"https:\/\/www.organisator.ch\/it\/generale\/2020-04-02\/entlassungswelle-droht-bei-kmu\/","og_site_name":"Organisator","article_publisher":"https:\/\/www.facebook.com\/OrganisatorFachmagazin","article_published_time":"2020-04-02T09:23:19+00:00","og_image":[{"width":680,"height":453,"url":"https:\/\/www.organisator.ch\/wp-content\/uploads\/2020\/04\/Entlassungswelle-droht-bei-KMU_Organisator.jpg","type":"image\/jpeg"}],"author":"thomas.berner","twitter_card":"summary_large_image","twitter_title":"#Entlassungswelle droht bei KMU","twitter_description":"Eine #Umfrage bei #KMU gibt Aufschluss \u00fcber ihre aktuelle Situation. Und diese ist bei vielen alles andere als gut. Droht gar eine #Entlassungswelle?","twitter_image":"https:\/\/www.organisator.ch\/wp-content\/uploads\/2020\/04\/Entlassungswelle-droht-bei-KMU_Organisator.jpg","schema":{"@context":"https:\/\/schema.org","@graph":[{"@type":"Article","@id":"https:\/\/www.organisator.ch\/en\/general\/2020-04-02\/entlassungswelle-droht-bei-kmu\/#article","isPartOf":{"@id":"https:\/\/www.organisator.ch\/en\/general\/2020-04-02\/entlassungswelle-droht-bei-kmu\/"},"author":{"name":"thomas.berner","@id":"https:\/\/www.organisator.ch\/#\/schema\/person\/6f650f90b2842cd4c0cc334b4e36f67e"},"headline":"Entlassungswelle droht bei KMU","datePublished":"2020-04-02T09:23:19+00:00","mainEntityOfPage":{"@id":"https:\/\/www.organisator.ch\/en\/general\/2020-04-02\/entlassungswelle-droht-bei-kmu\/"},"wordCount":371,"publisher":{"@id":"https:\/\/www.organisator.ch\/#organization"},"image":{"@id":"https:\/\/www.organisator.ch\/en\/general\/2020-04-02\/entlassungswelle-droht-bei-kmu\/#primaryimage"},"thumbnailUrl":"https:\/\/www.organisator.ch\/wp-content\/uploads\/2020\/04\/Entlassungswelle-droht-bei-KMU_Organisator.jpg","keywords":["Coronavirus","Umfrage","Unternehmen","Wirtschaftspolitik"],"articleSection":["Allgemein"],"inLanguage":"it-IT"},{"@type":"WebPage","@id":"https:\/\/www.organisator.ch\/en\/general\/2020-04-02\/entlassungswelle-droht-bei-kmu\/","url":"https:\/\/www.organisator.ch\/en\/general\/2020-04-02\/entlassungswelle-droht-bei-kmu\/","name":"Si profila un'ondata di licenziamenti nelle PMI - Organizzatore","isPartOf":{"@id":"https:\/\/www.organisator.ch\/#website"},"primaryImageOfPage":{"@id":"https:\/\/www.organisator.ch\/en\/general\/2020-04-02\/entlassungswelle-droht-bei-kmu\/#primaryimage"},"image":{"@id":"https:\/\/www.organisator.ch\/en\/general\/2020-04-02\/entlassungswelle-droht-bei-kmu\/#primaryimage"},"thumbnailUrl":"https:\/\/www.organisator.ch\/wp-content\/uploads\/2020\/04\/Entlassungswelle-droht-bei-KMU_Organisator.jpg","datePublished":"2020-04-02T09:23:19+00:00","description":"Un'indagine sulle PMI fornisce informazioni sulla loro situazione attuale. E per molti di loro la situazione \u00e8 tutt'altro che positiva. C'\u00e8 il rischio di un'ondata di licenziamenti?","breadcrumb":{"@id":"https:\/\/www.organisator.ch\/en\/general\/2020-04-02\/entlassungswelle-droht-bei-kmu\/#breadcrumb"},"inLanguage":"it-IT","potentialAction":[{"@type":"ReadAction","target":["https:\/\/www.organisator.ch\/en\/general\/2020-04-02\/entlassungswelle-droht-bei-kmu\/"]}]},{"@type":"ImageObject","inLanguage":"it-IT","@id":"https:\/\/www.organisator.ch\/en\/general\/2020-04-02\/entlassungswelle-droht-bei-kmu\/#primaryimage","url":"https:\/\/www.organisator.ch\/wp-content\/uploads\/2020\/04\/Entlassungswelle-droht-bei-KMU_Organisator.jpg","contentUrl":"https:\/\/www.organisator.ch\/wp-content\/uploads\/2020\/04\/Entlassungswelle-droht-bei-KMU_Organisator.jpg","width":680,"height":453,"caption":"D\u00fcstere Aussichten f\u00fcr KMU: Droht eine Konkurs- und Entlassungswelle? (Bild: Pixabay.com)"},{"@type":"BreadcrumbList","@id":"https:\/\/www.organisator.ch\/en\/general\/2020-04-02\/entlassungswelle-droht-bei-kmu\/#breadcrumb","itemListElement":[{"@type":"ListItem","position":1,"name":"Home","item":"https:\/\/www.organisator.ch\/"},{"@type":"ListItem","position":2,"name":"Entlassungswelle droht bei KMU"}]},{"@type":"WebSite","@id":"https:\/\/www.organisator.ch\/#website","url":"https:\/\/www.organisator.ch\/","name":"Organizzatore","description":"Competente. Pratico. In 10 numeri all'anno, ORGANISATOR presenta i temi essenziali per i manager delle PMI.","publisher":{"@id":"https:\/\/www.organisator.ch\/#organization"},"potentialAction":[{"@type":"SearchAction","target":{"@type":"EntryPoint","urlTemplate":"https:\/\/www.organisator.ch\/?s={search_term_string}"},"query-input":{"@type":"PropertyValueSpecification","valueRequired":true,"valueName":"search_term_string"}}],"inLanguage":"it-IT"},{"@type":"Organization","@id":"https:\/\/www.organisator.ch\/#organization","name":"Organizzatore","url":"https:\/\/www.organisator.ch\/","logo":{"@type":"ImageObject","inLanguage":"it-IT","@id":"https:\/\/www.organisator.ch\/#\/schema\/logo\/image\/","url":"https:\/\/www.organisator.ch\/wp-content\/uploads\/2022\/01\/Logo_Organisator_Website.png","contentUrl":"https:\/\/www.organisator.ch\/wp-content\/uploads\/2022\/01\/Logo_Organisator_Website.png","width":800,"height":77,"caption":"Organisator"},"image":{"@id":"https:\/\/www.organisator.ch\/#\/schema\/logo\/image\/"},"sameAs":["https:\/\/www.facebook.com\/OrganisatorFachmagazin","https:\/\/www.linkedin.com\/showcase\/organisator-das-magazin-fr-kmu","https:\/\/www.xing.com\/news\/pages\/organisator-ch-695","https:\/\/www.youtube.com\/channel\/UCGP2Sq0iWaZwT3BdIAQFYpw"]},{"@type":"Person","@id":"https:\/\/www.organisator.ch\/#\/schema\/person\/6f650f90b2842cd4c0cc334b4e36f67e","name":"Tommaso.berner","image":{"@type":"ImageObject","inLanguage":"it-IT","@id":"https:\/\/secure.gravatar.com\/avatar\/ac5001d2a36cb6c6cd3e50789007ffca834b477b74a2144564522e944eabff61?s=96&d=mm&r=g","url":"https:\/\/secure.gravatar.com\/avatar\/ac5001d2a36cb6c6cd3e50789007ffca834b477b74a2144564522e944eabff61?s=96&d=mm&r=g","contentUrl":"https:\/\/secure.gravatar.com\/avatar\/ac5001d2a36cb6c6cd3e50789007ffca834b477b74a2144564522e944eabff61?s=96&d=mm&r=g","caption":"thomas.berner"},"url":"https:\/\/www.organisator.ch\/it\/author\/thomas-berner\/"}]}},"_links":{"self":[{"href":"https:\/\/www.organisator.ch\/it\/wp-json\/wp\/v2\/posts\/6548","targetHints":{"allow":["GET"]}}],"collection":[{"href":"https:\/\/www.organisator.ch\/it\/wp-json\/wp\/v2\/posts"}],"about":[{"href":"https:\/\/www.organisator.ch\/it\/wp-json\/wp\/v2\/types\/post"}],"author":[{"embeddable":true,"href":"https:\/\/www.organisator.ch\/it\/wp-json\/wp\/v2\/users\/4"}],"replies":[{"embeddable":true,"href":"https:\/\/www.organisator.ch\/it\/wp-json\/wp\/v2\/comments?post=6548"}],"version-history":[{"count":0,"href":"https:\/\/www.organisator.ch\/it\/wp-json\/wp\/v2\/posts\/6548\/revisions"}],"wp:featuredmedia":[{"embeddable":true,"href":"https:\/\/www.organisator.ch\/it\/wp-json\/wp\/v2\/media\/6550"}],"wp:attachment":[{"href":"https:\/\/www.organisator.ch\/it\/wp-json\/wp\/v2\/media?parent=6548"}],"wp:term":[{"taxonomy":"category","embeddable":true,"href":"https:\/\/www.organisator.ch\/it\/wp-json\/wp\/v2\/categories?post=6548"},{"taxonomy":"post_tag","embeddable":true,"href":"https:\/\/www.organisator.ch\/it\/wp-json\/wp\/v2\/tags?post=6548"}],"curies":[{"name":"wp","href":"https:\/\/api.w.org\/{rel}","templated":true}]}}