{"id":6575,"date":"2020-04-08T12:00:20","date_gmt":"2020-04-08T10:00:20","guid":{"rendered":"https:\/\/www.organisator.ch\/?p=6575"},"modified":"2020-04-08T12:00:20","modified_gmt":"2020-04-08T10:00:20","slug":"datenschutz-in-corona-zeiten-was-arbeitgeber-und-mitarbeitende-wissen-muessen","status":"publish","type":"post","link":"https:\/\/www.organisator.ch\/it\/management\/finanzen_recht\/2020-04-08\/datenschutz-in-corona-zeiten-was-arbeitgeber-und-mitarbeitende-wissen-muessen\/","title":{"rendered":"Protezione dei dati ai tempi di Corona: Cosa devono sapere i datori di lavoro e i dipendenti"},"content":{"rendered":"<figure id=\"attachment_6576\" aria-describedby=\"caption-attachment-6576\" style=\"width: 680px\" class=\"wp-caption alignnone\"><img loading=\"lazy\" decoding=\"async\" class=\"size-medium wp-image-6576\" src=\"https:\/\/www.organisator.ch\/wp-content\/uploads\/2020\/04\/Datenschutz-in-Corona-Zeiten-Was-Arbeitgeber-und-Mitarbeitende-wissen-muessen_Organisator.jpg\" alt=\"\" width=\"680\" height=\"449\" srcset=\"https:\/\/www.organisator.ch\/wp-content\/uploads\/2020\/04\/Datenschutz-in-Corona-Zeiten-Was-Arbeitgeber-und-Mitarbeitende-wissen-muessen_Organisator.jpg 680w, https:\/\/www.organisator.ch\/wp-content\/uploads\/2020\/04\/Datenschutz-in-Corona-Zeiten-Was-Arbeitgeber-und-Mitarbeitende-wissen-muessen_Organisator-16x12.jpg 16w, https:\/\/www.organisator.ch\/wp-content\/uploads\/2020\/04\/Datenschutz-in-Corona-Zeiten-Was-Arbeitgeber-und-Mitarbeitende-wissen-muessen_Organisator-265x175.jpg 265w, https:\/\/www.organisator.ch\/wp-content\/uploads\/2020\/04\/Datenschutz-in-Corona-Zeiten-Was-Arbeitgeber-und-Mitarbeitende-wissen-muessen_Organisator-530x350.jpg 530w, https:\/\/www.organisator.ch\/wp-content\/uploads\/2020\/04\/Datenschutz-in-Corona-Zeiten-Was-Arbeitgeber-und-Mitarbeitende-wissen-muessen_Organisator-300x198.jpg 300w\" sizes=\"auto, (max-width: 680px) 100vw, 680px\" \/><figcaption id=\"caption-attachment-6576\" class=\"wp-caption-text\">La protezione dei dati ai tempi di Corona: Quali informazioni sulla salute possono essere comunicate apertamente da datori di lavoro e dipendenti? (Immagine: Pixabay.com)<\/figcaption><\/figure>\n<p>Le aziende hanno un dovere di cura e di attenzione nei confronti dei propri dipendenti. Allo stesso tempo, dipendono dalle informazioni sulla salute dei loro dipendenti, soprattutto nei tempi attuali. Questo pu\u00f2 portare a problemi di protezione dei dati, perch\u00e9 le informazioni sulla salute sono particolarmente degne di essere protette. Di seguito, facciamo luce sui diritti e sugli obblighi dei datori di lavoro e dei dipendenti in relazione al virus Corona. Brigitte M\u00fcnch, consulente legale e membro del consiglio direttivo di LEANmade, spiega cosa \u00e8 e cosa non \u00e8 consentito in termini di protezione dei dati ai tempi di Corona.<\/p>\n<h2>La protezione dei dati ai tempi di Corona: Diritti e obblighi dei datori di lavoro<\/h2>\n<ol>\n<li><strong>Devo segnalare alle autorit\u00e0 la possibile infezione di un dipendente?<\/strong> No. Solo i medici, gli ospedali e altre istituzioni sanitarie pubbliche o private, nonch\u00e9 i laboratori, sono tenuti a segnalare alle autorit\u00e0 i pazienti infetti. Non vi \u00e8 alcun obbligo di segnalazione per altri datori di lavoro. La segnalazione di un caso sospetto o di una malattia alle autorit\u00e0 sanitarie potrebbe addirittura costituire una divulgazione di dati sanitari senza base legale e potrebbe essere punita.<\/li>\n<li><strong>Devo informare i dipendenti dell'azienda della presenza di un dipendente infetto in azienda?<\/strong> Solo con il consenso della persona interessata. Il datore di lavoro ha un dovere di diligenza nei confronti del proprio personale. Il personale deve quindi essere sempre informato di un caso sospetto o confermato di infezione. Tuttavia, \u00e8 possibile nominare la persona interessata solo se questa ha espressamente acconsentito. L'accesso alle informazioni deve essere limitato alla cerchia necessaria di colleghi. Le informazioni non devono inoltre avere conseguenze sul rapporto di lavoro. In ogni caso, il dipendente deve essere informato in modo esauriente sulla divulgazione prevista e sul successivo trattamento. Si consiglia vivamente di ottenere un consenso documentato. Naturalmente, i processi di gestione dei casi di assenza per malattia all'interno della vostra azienda devono essere conformi ai requisiti di protezione dei dati e quindi devono essere seguiti.<\/li>\n<li><strong>Devo identificare e informare i contatti di un dipendente infetto?<\/strong> No. Se avete avvertito i dipendenti della vostra azienda della possibilit\u00e0 che un collega abbia contratto il virus, avete adempiuto al vostro dovere di datore di lavoro nei loro confronti. Un'azienda non \u00e8 obbligata a raccogliere ulteriori dati per determinare chi \u00e8 entrato in contatto con chi.<\/li>\n<li><strong>Sono autorizzato a chiedere ai dipendenti informazioni su una (possibile) infezione?<\/strong> Solo se l'azienda \u00e8 soggetta a un obbligo legale speciale, ad esempio nel settore sanitario o della ristorazione. La questione della salute dei dipendenti \u00e8 fondamentalmente una questione privata. In caso di richiesta, i dipendenti non sono obbligati a rispondere correttamente alla domanda.<\/li>\n<li><strong>Devo informare i partner commerciali di una (possibile) infezione all'interno della mia azienda?<\/strong> No, le norme sulla protezione dei dati non vi obbligano a farlo. L'obbligo legale di fornire tali informazioni esiste solo per i medici, gli ospedali e le professioni mediche analoghe. Tuttavia, se esiste un rischio di contagio, l'obbligo di fornire informazioni pu\u00f2 derivare dai doveri generali di diligenza tra i partner contrattuali. Se un'azienda informa i propri partner commerciali di un caso sospetto, deve tenere presente che il nome della persona eventualmente infetta non deve essere menzionato e che si applicano gli stessi principi che valgono per l'informazione dei propri dipendenti.<\/li>\n<\/ol>\n<h2>Diritti e obblighi dei dipendenti<\/h2>\n<ol>\n<li><strong>Devo informare il mio datore di lavoro di una (possibile) infezione da coronavirus e\/o rispondere alle sue domande su una (possibile) infezione?<\/strong> In linea di principio, no. Eccezione: se il dipendente o il datore di lavoro \u00e8 soggetto a un obbligo legale. \u00c8 il caso, ad esempio, dei medici e del personale ospedaliero o dell'industria dell'ospitalit\u00e0 e della ristorazione. Se viene chiesto a un dipendente, deve essere informato del suo specifico dovere di informazione. Tuttavia, in questa situazione specifica di diffusione del coronavirus, anche i lavoratori di altri settori che non sono soggetti a uno specifico obbligo di informazione dovrebbero informare il proprio datore di lavoro di una (possibile) infezione, al fine di proteggere colleghi e clienti.<\/li>\n<li><strong>Devo comunicare al mio datore di lavoro che sono stato in un'area ad alto rischio nelle ultime settimane? <\/strong>No. Ogni dipendente \u00e8 libero di rivelare queste informazioni al suo diretto superiore e\/o all'ufficio Risorse Umane nell'interesse di colleghi, fornitori e clienti. La divulgazione delle informazioni da parte del dipendente non deve avere conseguenze negative sul rapporto di lavoro.<\/li>\n<li><strong>Dove devo segnalare una (possibile) infezione?<\/strong> Le informazioni su una possibile infezione devono seguire le procedure abituali in caso di malattia, ossia se il dipendente decide di informare sul proprio stato di salute, deve informare i diretti superiori e\/o il rappresentante delle risorse umane responsabile. Le informazioni che il dipendente comunica al proprio datore di lavoro sono dati sulla salute, particolarmente protetti dalla legge. Ci\u00f2 significa anche che qualsiasi ulteriore informazione ad altri colleghi al di fuori della linea di segnalazione diretta e del dipartimento HR richiede il suo esplicito consenso.<\/li>\n<\/ol>\n<p><em>Fonte e ulteriori informazioni: Brigitte M\u00fcnch, <a href=\"http:\/\/www.leanmade.com\">LEANMade AG<\/a><\/em><\/p>","protected":false},"excerpt":{"rendered":"<p>Unternehmen haben eine Sorgfalts- und F\u00fcrsorgepflicht gegen\u00fcber ihren Mitarbeitern. Gleichzeitig sind sie gerade in der jetzigen Zeit auf Informationen \u00fcber die Gesundheit ihrer Mitarbeitenden angewiesen. Das kann zu Problemen bez\u00fcglich Datenschutz f\u00fchren, denn Gesundheitsinformationen sind besonders sch\u00fctzenswert. Im Folgenden beleuchten wir die Rechte und Pflichten von Arbeitgebern und Arbeitnehmerin im Umgang mit dem Corona-Virus. Brigitte [&hellip;]<\/p>\n","protected":false},"author":4,"featured_media":6576,"comment_status":"closed","ping_status":"closed","sticky":false,"template":"","format":"standard","meta":{"_acf_changed":false,"_yoast_wpseo_focuskw":"Datenschutz in Corona-Zeiten","_yoast_wpseo_metadesc":"Was gilt bez\u00fcglich Datenschutz in Corona-Zeiten? Was m\u00fcssen Arbeitgeber und Mitarbeitende beachten? Eine Expertin liefert Antworten.","articlekey":"","footnotes":""},"categories":[24],"tags":[115,132,202,335],"class_list":["post-6575","post","type-post","status-publish","format-standard","has-post-thumbnail","hentry","category-finanzen_recht","tag-checklisten","tag-coronavirus","tag-finanzenrecht","tag-management-und-unternehmensfuehrung"],"acf":[],"yoast_head":"<!-- This site is optimized with the Yoast SEO plugin v27.5 - https:\/\/yoast.com\/product\/yoast-seo-wordpress\/ -->\n<title>Datenschutz in Corona-Zeiten: Was Arbeitgeber und Mitarbeitende wissen m\u00fcssen - Organisator<\/title>\n<meta name=\"description\" content=\"Was gilt bez\u00fcglich Datenschutz in Corona-Zeiten? Was m\u00fcssen Arbeitgeber und Mitarbeitende beachten? Eine Expertin liefert Antworten.\" \/>\n<meta name=\"robots\" content=\"index, follow, max-snippet:-1, max-image-preview:large, max-video-preview:-1\" \/>\n<link rel=\"canonical\" href=\"https:\/\/www.organisator.ch\/it\/gestione-2\/finanzen_recht\/2020-04-08\/datenschutz-in-corona-zeiten-was-arbeitgeber-und-mitarbeitende-wissen-muessen\/\" \/>\n<meta property=\"og:locale\" content=\"it_IT\" \/>\n<meta property=\"og:type\" content=\"article\" \/>\n<meta property=\"og:title\" content=\"Datenschutz in Corona-Zeiten: Was Arbeitgeber und Mitarbeitende wissen m\u00fcssen\" \/>\n<meta property=\"og:description\" content=\"Was gilt bez\u00fcglich Datenschutz in Corona-Zeiten? Was m\u00fcssen Arbeitgeber und Mitarbeitende beachten? Eine Expertin liefert Antworten.\" \/>\n<meta property=\"og:url\" content=\"https:\/\/www.organisator.ch\/it\/gestione-2\/finanzen_recht\/2020-04-08\/datenschutz-in-corona-zeiten-was-arbeitgeber-und-mitarbeitende-wissen-muessen\/\" \/>\n<meta property=\"og:site_name\" content=\"Organisator\" \/>\n<meta property=\"article:publisher\" content=\"https:\/\/www.facebook.com\/OrganisatorFachmagazin\" \/>\n<meta property=\"article:published_time\" content=\"2020-04-08T10:00:20+00:00\" \/>\n<meta property=\"og:image\" content=\"https:\/\/www.organisator.ch\/wp-content\/uploads\/2020\/04\/Datenschutz-in-Corona-Zeiten-Was-Arbeitgeber-und-Mitarbeitende-wissen-muessen_Organisator.jpg\" \/>\n\t<meta property=\"og:image:width\" content=\"680\" \/>\n\t<meta property=\"og:image:height\" content=\"449\" \/>\n\t<meta property=\"og:image:type\" content=\"image\/jpeg\" \/>\n<meta name=\"author\" content=\"thomas.berner\" \/>\n<meta name=\"twitter:card\" content=\"summary_large_image\" \/>\n<meta name=\"twitter:title\" content=\"#Datenschutz in #Corona-Zeiten: Was Arbeitgeber und Mitarbeitende wissen m\u00fcssen\" \/>\n<meta name=\"twitter:description\" content=\"Was gilt bez\u00fcglich #Datenschutz in #Corona-Zeiten? Was m\u00fcssen Arbeitgeber und Mitarbeitende beachten? Eine Expertin liefert Antworten.\" \/>\n<meta name=\"twitter:image\" content=\"https:\/\/www.organisator.ch\/wp-content\/uploads\/2020\/04\/Datenschutz-in-Corona-Zeiten-Was-Arbeitgeber-und-Mitarbeitende-wissen-muessen_Organisator.jpg\" \/>\n<script type=\"application\/ld+json\" class=\"yoast-schema-graph\">{\"@context\":\"https:\\\/\\\/schema.org\",\"@graph\":[{\"@type\":\"Article\",\"@id\":\"https:\\\/\\\/www.organisator.ch\\\/management\\\/finanzen_recht\\\/2020-04-08\\\/datenschutz-in-corona-zeiten-was-arbeitgeber-und-mitarbeitende-wissen-muessen\\\/#article\",\"isPartOf\":{\"@id\":\"https:\\\/\\\/www.organisator.ch\\\/management\\\/finanzen_recht\\\/2020-04-08\\\/datenschutz-in-corona-zeiten-was-arbeitgeber-und-mitarbeitende-wissen-muessen\\\/\"},\"author\":{\"name\":\"thomas.berner\",\"@id\":\"https:\\\/\\\/www.organisator.ch\\\/#\\\/schema\\\/person\\\/6f650f90b2842cd4c0cc334b4e36f67e\"},\"headline\":\"Datenschutz in Corona-Zeiten: Was Arbeitgeber und Mitarbeitende wissen m\u00fcssen\",\"datePublished\":\"2020-04-08T10:00:20+00:00\",\"mainEntityOfPage\":{\"@id\":\"https:\\\/\\\/www.organisator.ch\\\/management\\\/finanzen_recht\\\/2020-04-08\\\/datenschutz-in-corona-zeiten-was-arbeitgeber-und-mitarbeitende-wissen-muessen\\\/\"},\"wordCount\":792,\"publisher\":{\"@id\":\"https:\\\/\\\/www.organisator.ch\\\/#organization\"},\"image\":{\"@id\":\"https:\\\/\\\/www.organisator.ch\\\/management\\\/finanzen_recht\\\/2020-04-08\\\/datenschutz-in-corona-zeiten-was-arbeitgeber-und-mitarbeitende-wissen-muessen\\\/#primaryimage\"},\"thumbnailUrl\":\"https:\\\/\\\/www.organisator.ch\\\/wp-content\\\/uploads\\\/2020\\\/04\\\/Datenschutz-in-Corona-Zeiten-Was-Arbeitgeber-und-Mitarbeitende-wissen-muessen_Organisator.jpg\",\"keywords\":[\"Checklisten\",\"Coronavirus\",\"Finanzen\\\/Recht\",\"Management und Unternehmensf\u00fchrung\"],\"articleSection\":[\"FINANZEN\\\/RECHT\"],\"inLanguage\":\"it-IT\"},{\"@type\":\"WebPage\",\"@id\":\"https:\\\/\\\/www.organisator.ch\\\/management\\\/finanzen_recht\\\/2020-04-08\\\/datenschutz-in-corona-zeiten-was-arbeitgeber-und-mitarbeitende-wissen-muessen\\\/\",\"url\":\"https:\\\/\\\/www.organisator.ch\\\/management\\\/finanzen_recht\\\/2020-04-08\\\/datenschutz-in-corona-zeiten-was-arbeitgeber-und-mitarbeitende-wissen-muessen\\\/\",\"name\":\"Datenschutz in Corona-Zeiten: Was Arbeitgeber und Mitarbeitende wissen m\u00fcssen - Organisator\",\"isPartOf\":{\"@id\":\"https:\\\/\\\/www.organisator.ch\\\/#website\"},\"primaryImageOfPage\":{\"@id\":\"https:\\\/\\\/www.organisator.ch\\\/management\\\/finanzen_recht\\\/2020-04-08\\\/datenschutz-in-corona-zeiten-was-arbeitgeber-und-mitarbeitende-wissen-muessen\\\/#primaryimage\"},\"image\":{\"@id\":\"https:\\\/\\\/www.organisator.ch\\\/management\\\/finanzen_recht\\\/2020-04-08\\\/datenschutz-in-corona-zeiten-was-arbeitgeber-und-mitarbeitende-wissen-muessen\\\/#primaryimage\"},\"thumbnailUrl\":\"https:\\\/\\\/www.organisator.ch\\\/wp-content\\\/uploads\\\/2020\\\/04\\\/Datenschutz-in-Corona-Zeiten-Was-Arbeitgeber-und-Mitarbeitende-wissen-muessen_Organisator.jpg\",\"datePublished\":\"2020-04-08T10:00:20+00:00\",\"description\":\"Was gilt bez\u00fcglich Datenschutz in Corona-Zeiten? Was m\u00fcssen Arbeitgeber und Mitarbeitende beachten? Eine Expertin liefert Antworten.\",\"breadcrumb\":{\"@id\":\"https:\\\/\\\/www.organisator.ch\\\/management\\\/finanzen_recht\\\/2020-04-08\\\/datenschutz-in-corona-zeiten-was-arbeitgeber-und-mitarbeitende-wissen-muessen\\\/#breadcrumb\"},\"inLanguage\":\"it-IT\",\"potentialAction\":[{\"@type\":\"ReadAction\",\"target\":[\"https:\\\/\\\/www.organisator.ch\\\/management\\\/finanzen_recht\\\/2020-04-08\\\/datenschutz-in-corona-zeiten-was-arbeitgeber-und-mitarbeitende-wissen-muessen\\\/\"]}]},{\"@type\":\"ImageObject\",\"inLanguage\":\"it-IT\",\"@id\":\"https:\\\/\\\/www.organisator.ch\\\/management\\\/finanzen_recht\\\/2020-04-08\\\/datenschutz-in-corona-zeiten-was-arbeitgeber-und-mitarbeitende-wissen-muessen\\\/#primaryimage\",\"url\":\"https:\\\/\\\/www.organisator.ch\\\/wp-content\\\/uploads\\\/2020\\\/04\\\/Datenschutz-in-Corona-Zeiten-Was-Arbeitgeber-und-Mitarbeitende-wissen-muessen_Organisator.jpg\",\"contentUrl\":\"https:\\\/\\\/www.organisator.ch\\\/wp-content\\\/uploads\\\/2020\\\/04\\\/Datenschutz-in-Corona-Zeiten-Was-Arbeitgeber-und-Mitarbeitende-wissen-muessen_Organisator.jpg\",\"width\":680,\"height\":449,\"caption\":\"Datenschutz in Corona-Zeiten: Welche Gesundheitsinformationen d\u00fcrfen Arbeitgeber und Arbeitnehmende offen kommunizieren? (Bild: Pixabay.com)\"},{\"@type\":\"BreadcrumbList\",\"@id\":\"https:\\\/\\\/www.organisator.ch\\\/management\\\/finanzen_recht\\\/2020-04-08\\\/datenschutz-in-corona-zeiten-was-arbeitgeber-und-mitarbeitende-wissen-muessen\\\/#breadcrumb\",\"itemListElement\":[{\"@type\":\"ListItem\",\"position\":1,\"name\":\"Home\",\"item\":\"https:\\\/\\\/www.organisator.ch\\\/\"},{\"@type\":\"ListItem\",\"position\":2,\"name\":\"Datenschutz in Corona-Zeiten: Was Arbeitgeber und Mitarbeitende wissen m\u00fcssen\"}]},{\"@type\":\"WebSite\",\"@id\":\"https:\\\/\\\/www.organisator.ch\\\/#website\",\"url\":\"https:\\\/\\\/www.organisator.ch\\\/\",\"name\":\"Organisator\",\"description\":\"Kompetent. Praxisnah. Der ORGANISATOR bereitet in 10 Ausgaben pro Jahr die wesentlichen Themen f\u00fcr F\u00fchrungskr\u00e4fte von KMU auf.\",\"publisher\":{\"@id\":\"https:\\\/\\\/www.organisator.ch\\\/#organization\"},\"potentialAction\":[{\"@type\":\"SearchAction\",\"target\":{\"@type\":\"EntryPoint\",\"urlTemplate\":\"https:\\\/\\\/www.organisator.ch\\\/?s={search_term_string}\"},\"query-input\":{\"@type\":\"PropertyValueSpecification\",\"valueRequired\":true,\"valueName\":\"search_term_string\"}}],\"inLanguage\":\"it-IT\"},{\"@type\":\"Organization\",\"@id\":\"https:\\\/\\\/www.organisator.ch\\\/#organization\",\"name\":\"Organisator\",\"url\":\"https:\\\/\\\/www.organisator.ch\\\/\",\"logo\":{\"@type\":\"ImageObject\",\"inLanguage\":\"it-IT\",\"@id\":\"https:\\\/\\\/www.organisator.ch\\\/#\\\/schema\\\/logo\\\/image\\\/\",\"url\":\"https:\\\/\\\/www.organisator.ch\\\/wp-content\\\/uploads\\\/2022\\\/01\\\/Logo_Organisator_Website.png\",\"contentUrl\":\"https:\\\/\\\/www.organisator.ch\\\/wp-content\\\/uploads\\\/2022\\\/01\\\/Logo_Organisator_Website.png\",\"width\":800,\"height\":77,\"caption\":\"Organisator\"},\"image\":{\"@id\":\"https:\\\/\\\/www.organisator.ch\\\/#\\\/schema\\\/logo\\\/image\\\/\"},\"sameAs\":[\"https:\\\/\\\/www.facebook.com\\\/OrganisatorFachmagazin\",\"https:\\\/\\\/www.linkedin.com\\\/showcase\\\/organisator-das-magazin-fr-kmu\",\"https:\\\/\\\/www.xing.com\\\/news\\\/pages\\\/organisator-ch-695\",\"https:\\\/\\\/www.youtube.com\\\/channel\\\/UCGP2Sq0iWaZwT3BdIAQFYpw\"]},{\"@type\":\"Person\",\"@id\":\"https:\\\/\\\/www.organisator.ch\\\/#\\\/schema\\\/person\\\/6f650f90b2842cd4c0cc334b4e36f67e\",\"name\":\"thomas.berner\",\"image\":{\"@type\":\"ImageObject\",\"inLanguage\":\"it-IT\",\"@id\":\"https:\\\/\\\/secure.gravatar.com\\\/avatar\\\/ac5001d2a36cb6c6cd3e50789007ffca834b477b74a2144564522e944eabff61?s=96&d=mm&r=g\",\"url\":\"https:\\\/\\\/secure.gravatar.com\\\/avatar\\\/ac5001d2a36cb6c6cd3e50789007ffca834b477b74a2144564522e944eabff61?s=96&d=mm&r=g\",\"contentUrl\":\"https:\\\/\\\/secure.gravatar.com\\\/avatar\\\/ac5001d2a36cb6c6cd3e50789007ffca834b477b74a2144564522e944eabff61?s=96&d=mm&r=g\",\"caption\":\"thomas.berner\"},\"url\":\"https:\\\/\\\/www.organisator.ch\\\/it\\\/author\\\/thomas-berner\\\/\"}]}<\/script>\n<!-- \/ Yoast SEO plugin. -->","yoast_head_json":{"title":"La protezione dei dati ai tempi di Corona: Cosa devono sapere i datori di lavoro e i dipendenti - Organizzatore","description":"Cosa vale per la protezione dei dati ai tempi di Corona? Cosa devono considerare i datori di lavoro e i dipendenti? Un esperto fornisce le risposte.","robots":{"index":"index","follow":"follow","max-snippet":"max-snippet:-1","max-image-preview":"max-image-preview:large","max-video-preview":"max-video-preview:-1"},"canonical":"https:\/\/www.organisator.ch\/it\/gestione-2\/finanzen_recht\/2020-04-08\/datenschutz-in-corona-zeiten-was-arbeitgeber-und-mitarbeitende-wissen-muessen\/","og_locale":"it_IT","og_type":"article","og_title":"Datenschutz in Corona-Zeiten: Was Arbeitgeber und Mitarbeitende wissen m\u00fcssen","og_description":"Was gilt bez\u00fcglich Datenschutz in Corona-Zeiten? Was m\u00fcssen Arbeitgeber und Mitarbeitende beachten? Eine Expertin liefert Antworten.","og_url":"https:\/\/www.organisator.ch\/it\/gestione-2\/finanzen_recht\/2020-04-08\/datenschutz-in-corona-zeiten-was-arbeitgeber-und-mitarbeitende-wissen-muessen\/","og_site_name":"Organisator","article_publisher":"https:\/\/www.facebook.com\/OrganisatorFachmagazin","article_published_time":"2020-04-08T10:00:20+00:00","og_image":[{"width":680,"height":449,"url":"https:\/\/www.organisator.ch\/wp-content\/uploads\/2020\/04\/Datenschutz-in-Corona-Zeiten-Was-Arbeitgeber-und-Mitarbeitende-wissen-muessen_Organisator.jpg","type":"image\/jpeg"}],"author":"thomas.berner","twitter_card":"summary_large_image","twitter_title":"#Datenschutz in #Corona-Zeiten: Was Arbeitgeber und Mitarbeitende wissen m\u00fcssen","twitter_description":"Was gilt bez\u00fcglich #Datenschutz in #Corona-Zeiten? Was m\u00fcssen Arbeitgeber und Mitarbeitende beachten? Eine Expertin liefert Antworten.","twitter_image":"https:\/\/www.organisator.ch\/wp-content\/uploads\/2020\/04\/Datenschutz-in-Corona-Zeiten-Was-Arbeitgeber-und-Mitarbeitende-wissen-muessen_Organisator.jpg","schema":{"@context":"https:\/\/schema.org","@graph":[{"@type":"Article","@id":"https:\/\/www.organisator.ch\/management\/finanzen_recht\/2020-04-08\/datenschutz-in-corona-zeiten-was-arbeitgeber-und-mitarbeitende-wissen-muessen\/#article","isPartOf":{"@id":"https:\/\/www.organisator.ch\/management\/finanzen_recht\/2020-04-08\/datenschutz-in-corona-zeiten-was-arbeitgeber-und-mitarbeitende-wissen-muessen\/"},"author":{"name":"thomas.berner","@id":"https:\/\/www.organisator.ch\/#\/schema\/person\/6f650f90b2842cd4c0cc334b4e36f67e"},"headline":"Datenschutz in Corona-Zeiten: Was Arbeitgeber und Mitarbeitende wissen m\u00fcssen","datePublished":"2020-04-08T10:00:20+00:00","mainEntityOfPage":{"@id":"https:\/\/www.organisator.ch\/management\/finanzen_recht\/2020-04-08\/datenschutz-in-corona-zeiten-was-arbeitgeber-und-mitarbeitende-wissen-muessen\/"},"wordCount":792,"publisher":{"@id":"https:\/\/www.organisator.ch\/#organization"},"image":{"@id":"https:\/\/www.organisator.ch\/management\/finanzen_recht\/2020-04-08\/datenschutz-in-corona-zeiten-was-arbeitgeber-und-mitarbeitende-wissen-muessen\/#primaryimage"},"thumbnailUrl":"https:\/\/www.organisator.ch\/wp-content\/uploads\/2020\/04\/Datenschutz-in-Corona-Zeiten-Was-Arbeitgeber-und-Mitarbeitende-wissen-muessen_Organisator.jpg","keywords":["Checklisten","Coronavirus","Finanzen\/Recht","Management und Unternehmensf\u00fchrung"],"articleSection":["FINANZEN\/RECHT"],"inLanguage":"it-IT"},{"@type":"WebPage","@id":"https:\/\/www.organisator.ch\/management\/finanzen_recht\/2020-04-08\/datenschutz-in-corona-zeiten-was-arbeitgeber-und-mitarbeitende-wissen-muessen\/","url":"https:\/\/www.organisator.ch\/management\/finanzen_recht\/2020-04-08\/datenschutz-in-corona-zeiten-was-arbeitgeber-und-mitarbeitende-wissen-muessen\/","name":"La protezione dei dati ai tempi di Corona: Cosa devono sapere i datori di lavoro e i dipendenti - Organizzatore","isPartOf":{"@id":"https:\/\/www.organisator.ch\/#website"},"primaryImageOfPage":{"@id":"https:\/\/www.organisator.ch\/management\/finanzen_recht\/2020-04-08\/datenschutz-in-corona-zeiten-was-arbeitgeber-und-mitarbeitende-wissen-muessen\/#primaryimage"},"image":{"@id":"https:\/\/www.organisator.ch\/management\/finanzen_recht\/2020-04-08\/datenschutz-in-corona-zeiten-was-arbeitgeber-und-mitarbeitende-wissen-muessen\/#primaryimage"},"thumbnailUrl":"https:\/\/www.organisator.ch\/wp-content\/uploads\/2020\/04\/Datenschutz-in-Corona-Zeiten-Was-Arbeitgeber-und-Mitarbeitende-wissen-muessen_Organisator.jpg","datePublished":"2020-04-08T10:00:20+00:00","description":"Cosa vale per la protezione dei dati ai tempi di Corona? Cosa devono considerare i datori di lavoro e i dipendenti? Un esperto fornisce le risposte.","breadcrumb":{"@id":"https:\/\/www.organisator.ch\/management\/finanzen_recht\/2020-04-08\/datenschutz-in-corona-zeiten-was-arbeitgeber-und-mitarbeitende-wissen-muessen\/#breadcrumb"},"inLanguage":"it-IT","potentialAction":[{"@type":"ReadAction","target":["https:\/\/www.organisator.ch\/management\/finanzen_recht\/2020-04-08\/datenschutz-in-corona-zeiten-was-arbeitgeber-und-mitarbeitende-wissen-muessen\/"]}]},{"@type":"ImageObject","inLanguage":"it-IT","@id":"https:\/\/www.organisator.ch\/management\/finanzen_recht\/2020-04-08\/datenschutz-in-corona-zeiten-was-arbeitgeber-und-mitarbeitende-wissen-muessen\/#primaryimage","url":"https:\/\/www.organisator.ch\/wp-content\/uploads\/2020\/04\/Datenschutz-in-Corona-Zeiten-Was-Arbeitgeber-und-Mitarbeitende-wissen-muessen_Organisator.jpg","contentUrl":"https:\/\/www.organisator.ch\/wp-content\/uploads\/2020\/04\/Datenschutz-in-Corona-Zeiten-Was-Arbeitgeber-und-Mitarbeitende-wissen-muessen_Organisator.jpg","width":680,"height":449,"caption":"Datenschutz in Corona-Zeiten: Welche Gesundheitsinformationen d\u00fcrfen Arbeitgeber und Arbeitnehmende offen kommunizieren? (Bild: Pixabay.com)"},{"@type":"BreadcrumbList","@id":"https:\/\/www.organisator.ch\/management\/finanzen_recht\/2020-04-08\/datenschutz-in-corona-zeiten-was-arbeitgeber-und-mitarbeitende-wissen-muessen\/#breadcrumb","itemListElement":[{"@type":"ListItem","position":1,"name":"Home","item":"https:\/\/www.organisator.ch\/"},{"@type":"ListItem","position":2,"name":"Datenschutz in Corona-Zeiten: Was Arbeitgeber und Mitarbeitende wissen m\u00fcssen"}]},{"@type":"WebSite","@id":"https:\/\/www.organisator.ch\/#website","url":"https:\/\/www.organisator.ch\/","name":"Organizzatore","description":"Competente. Pratico. In 10 numeri all'anno, ORGANISATOR presenta i temi essenziali per i manager delle PMI.","publisher":{"@id":"https:\/\/www.organisator.ch\/#organization"},"potentialAction":[{"@type":"SearchAction","target":{"@type":"EntryPoint","urlTemplate":"https:\/\/www.organisator.ch\/?s={search_term_string}"},"query-input":{"@type":"PropertyValueSpecification","valueRequired":true,"valueName":"search_term_string"}}],"inLanguage":"it-IT"},{"@type":"Organization","@id":"https:\/\/www.organisator.ch\/#organization","name":"Organizzatore","url":"https:\/\/www.organisator.ch\/","logo":{"@type":"ImageObject","inLanguage":"it-IT","@id":"https:\/\/www.organisator.ch\/#\/schema\/logo\/image\/","url":"https:\/\/www.organisator.ch\/wp-content\/uploads\/2022\/01\/Logo_Organisator_Website.png","contentUrl":"https:\/\/www.organisator.ch\/wp-content\/uploads\/2022\/01\/Logo_Organisator_Website.png","width":800,"height":77,"caption":"Organisator"},"image":{"@id":"https:\/\/www.organisator.ch\/#\/schema\/logo\/image\/"},"sameAs":["https:\/\/www.facebook.com\/OrganisatorFachmagazin","https:\/\/www.linkedin.com\/showcase\/organisator-das-magazin-fr-kmu","https:\/\/www.xing.com\/news\/pages\/organisator-ch-695","https:\/\/www.youtube.com\/channel\/UCGP2Sq0iWaZwT3BdIAQFYpw"]},{"@type":"Person","@id":"https:\/\/www.organisator.ch\/#\/schema\/person\/6f650f90b2842cd4c0cc334b4e36f67e","name":"Tommaso.berner","image":{"@type":"ImageObject","inLanguage":"it-IT","@id":"https:\/\/secure.gravatar.com\/avatar\/ac5001d2a36cb6c6cd3e50789007ffca834b477b74a2144564522e944eabff61?s=96&d=mm&r=g","url":"https:\/\/secure.gravatar.com\/avatar\/ac5001d2a36cb6c6cd3e50789007ffca834b477b74a2144564522e944eabff61?s=96&d=mm&r=g","contentUrl":"https:\/\/secure.gravatar.com\/avatar\/ac5001d2a36cb6c6cd3e50789007ffca834b477b74a2144564522e944eabff61?s=96&d=mm&r=g","caption":"thomas.berner"},"url":"https:\/\/www.organisator.ch\/it\/author\/thomas-berner\/"}]}},"_links":{"self":[{"href":"https:\/\/www.organisator.ch\/it\/wp-json\/wp\/v2\/posts\/6575","targetHints":{"allow":["GET"]}}],"collection":[{"href":"https:\/\/www.organisator.ch\/it\/wp-json\/wp\/v2\/posts"}],"about":[{"href":"https:\/\/www.organisator.ch\/it\/wp-json\/wp\/v2\/types\/post"}],"author":[{"embeddable":true,"href":"https:\/\/www.organisator.ch\/it\/wp-json\/wp\/v2\/users\/4"}],"replies":[{"embeddable":true,"href":"https:\/\/www.organisator.ch\/it\/wp-json\/wp\/v2\/comments?post=6575"}],"version-history":[{"count":0,"href":"https:\/\/www.organisator.ch\/it\/wp-json\/wp\/v2\/posts\/6575\/revisions"}],"wp:featuredmedia":[{"embeddable":true,"href":"https:\/\/www.organisator.ch\/it\/wp-json\/wp\/v2\/media\/6576"}],"wp:attachment":[{"href":"https:\/\/www.organisator.ch\/it\/wp-json\/wp\/v2\/media?parent=6575"}],"wp:term":[{"taxonomy":"category","embeddable":true,"href":"https:\/\/www.organisator.ch\/it\/wp-json\/wp\/v2\/categories?post=6575"},{"taxonomy":"post_tag","embeddable":true,"href":"https:\/\/www.organisator.ch\/it\/wp-json\/wp\/v2\/tags?post=6575"}],"curies":[{"name":"wp","href":"https:\/\/api.w.org\/{rel}","templated":true}]}}