{"id":659,"date":"2016-10-18T14:13:12","date_gmt":"2016-10-18T12:13:12","guid":{"rendered":"http:\/\/dev.organisator.ch\/?p=659"},"modified":"2016-10-18T14:13:12","modified_gmt":"2016-10-18T12:13:12","slug":"green-bringt-kmu-ins-rechenzentrum","status":"publish","type":"post","link":"https:\/\/www.organisator.ch\/it\/allgemein\/2016-10-18\/green-bringt-kmu-ins-rechenzentrum\/","title":{"rendered":"Green porta le PMI nel centro dati"},"content":{"rendered":"<figure id=\"attachment_660\" aria-describedby=\"caption-attachment-660\" style=\"width: 640px\" class=\"wp-caption alignnone\"><img loading=\"lazy\" decoding=\"async\" class=\"size-full wp-image-660\" src=\"https:\/\/www.organisator.ch\/wp-content\/uploads\/2016\/12\/Green-bringt-KMU-ins-Rechenzentrum-organisator.jpg\" alt=\"\" width=\"640\" height=\"427\" srcset=\"https:\/\/www.organisator.ch\/wp-content\/uploads\/2016\/12\/Green-bringt-KMU-ins-Rechenzentrum-organisator.jpg 640w, https:\/\/www.organisator.ch\/wp-content\/uploads\/2016\/12\/Green-bringt-KMU-ins-Rechenzentrum-organisator-16x12.jpg 16w, https:\/\/www.organisator.ch\/wp-content\/uploads\/2016\/12\/Green-bringt-KMU-ins-Rechenzentrum-organisator-262x175.jpg 262w, https:\/\/www.organisator.ch\/wp-content\/uploads\/2016\/12\/Green-bringt-KMU-ins-Rechenzentrum-organisator-525x350.jpg 525w, https:\/\/www.organisator.ch\/wp-content\/uploads\/2016\/12\/Green-bringt-KMU-ins-Rechenzentrum-organisator-300x200.jpg 300w\" sizes=\"auto, (max-width: 640px) 100vw, 640px\" \/><figcaption id=\"caption-attachment-660\" class=\"wp-caption-text\">Il modernissimo Green Datacenter nella citt\u00e0 di Zurigo. (Immagine: ZvG)<\/figcaption><\/figure>\n<p>I grandi centri dati commerciali con i corrispondenti standard di sicurezza sono stati finora riservati alle corporazioni con diverse decine di metri quadrati di superficie. Ma Green vede un potenziale soprattutto nelle start-up e nelle aziende con infrastrutture IT pi\u00f9 piccole. \"Gli investimenti in sale server che soddisfano gli standard odierni sono elevati. Questo \u00e8 il motivo per cui la tendenza verso l'outsourcing in data center commerciali continua\", dice il CEO di Green Frank Boller.<\/p>\n<p>\"Grazie alle nostre nuove zone di colocazione standardizzate e gi\u00e0 preconfigurate, possiamo offrire alle aziende alloggi per server a prezzi particolarmente interessanti. E questo con un preavviso molto breve, con un tempo di approvvigionamento di un massimo di 24 ore per le unit\u00e0 rack\", aggiunge.<\/p>\n<p>La nuova offerta di colocation pu\u00f2 essere ordinata online e non \u00e8 in alcun modo inferiore allo spazio per i grandi clienti. I centri dati Green Zurich-West a Lupfig e Zurich-North a Glattbrugg possono attualmente essere selezionati come sedi. Sono conformi alle norme Tier IV e Tier III rispettivamente. Il nuovo Green Datacenter alla periferia di Zurigo, che Green ha rilevato da Zurich Insurance nel maggio 2016, sar\u00e0 presto aggiunto.<\/p>\n<p><strong>Servizi sicuri <\/strong><\/p>\n<p>I tre centri dati di colocazione sono collegati da un anello di fibre ottiche ad alte prestazioni. Questo permette di implementare vari concetti di ridondanza. I clienti che non vogliono eseguire da soli certi lavori sul loro hardware possono ora anche ordinare servizi di mani remote da Green. Il lavoro predefinito viene poi eseguito in loco da Green.<\/p>\n<p>Green Colocation \u00e8 un pacchetto completo: include l'alimentazione del rack, l'accesso sicuro al proprio hardware e una connessione internet verde. Altri 40 operatori di rete sono disponibili come vettori. Le unit\u00e0 rack ordinate online sono pronte all'uso entro 24 ore. Green Colo Basic, il nuovo pacchetto entry-level, \u00e8 gi\u00e0 disponibile a partire da CHF 280 al mese.<\/p>\n<p>Potete trovare maggiori informazioni sull'offerta e i prezzi a questo <a href=\"http:\/\/www.greendatacenter.ch\" target=\"_blank\" rel=\"noreferrer noopener\" data-cke-saved-href=\"http:\/\/www.greendatacenter.ch\">Link<\/a><\/p>","protected":false},"excerpt":{"rendered":"<p>Grosse kommerzielle Rechenzentren mit entsprechenden Sicherheitsstandards waren bislang Konzernen mit mehreren Dutzend Quadratmetern Stellfl\u00e4che vorbehalten. Doch gerade bei Start-up-Unternehmen und Firmen mit geringerer IT-Infrastruktur sieht Green Potenzial. \u201eDie Investitionen in Serverr\u00e4ume, die den heutigen Standards entsprechen, sind hoch. Deshalb h\u00e4lt der Trend zur Auslagerung in kommerzielle Datacenter an\u201c, so Green CEO Frank Boller. \u201eDank unseren [&hellip;]<\/p>\n","protected":false},"author":1,"featured_media":660,"comment_status":"open","ping_status":"open","sticky":false,"template":"","format":"standard","meta":{"_acf_changed":false,"_yoast_wpseo_focuskw":"rechenzentrum","_yoast_wpseo_metadesc":"Mit einem Colocation-Angebot ab einem Drittel-Rack adressiert Green Unternehmen, die ihre Server sicher und preiswert unterbringen wollen.","articlekey":"","footnotes":""},"categories":[1],"tags":[146,393],"class_list":["post-659","post","type-post","status-publish","format-standard","has-post-thumbnail","hentry","category-allgemein","tag-datenschutz","tag-produkte"],"acf":[],"yoast_head":"<!-- This site is optimized with the Yoast SEO plugin v27.4 - https:\/\/yoast.com\/product\/yoast-seo-wordpress\/ -->\n<title>Green bringt KMU ins Rechenzentrum - Organisator<\/title>\n<meta name=\"description\" content=\"Mit einem Colocation-Angebot ab einem Drittel-Rack adressiert Green Unternehmen, die ihre Server sicher und preiswert unterbringen wollen.\" \/>\n<meta name=\"robots\" content=\"index, follow, max-snippet:-1, max-image-preview:large, max-video-preview:-1\" \/>\n<link rel=\"canonical\" href=\"https:\/\/www.organisator.ch\/it\/generale\/2016-10-18\/green-bringt-kmu-ins-rechenzentrum\/\" \/>\n<meta property=\"og:locale\" content=\"it_IT\" \/>\n<meta property=\"og:type\" content=\"article\" \/>\n<meta property=\"og:title\" content=\"Green bringt KMU ins Rechenzentrum\" \/>\n<meta property=\"og:description\" content=\"Green \u00f6ffnet seine modernsten Rechenzentren f\u00fcr KMU. Mit einem Colocation-Angebot ab einem Drittel-Rack adressiert Green Unternehmen, die ihre Server sicher und preiswert unterbringen wollen.\" \/>\n<meta property=\"og:url\" content=\"https:\/\/www.organisator.ch\/it\/generale\/2016-10-18\/green-bringt-kmu-ins-rechenzentrum\/\" \/>\n<meta property=\"og:site_name\" content=\"Organisator\" \/>\n<meta property=\"article:publisher\" content=\"https:\/\/www.facebook.com\/OrganisatorFachmagazin\" \/>\n<meta property=\"article:published_time\" content=\"2016-10-18T12:13:12+00:00\" \/>\n<meta name=\"author\" content=\"admin\" \/>\n<meta name=\"twitter:card\" content=\"summary_large_image\" \/>\n<meta name=\"twitter:image\" content=\"https:\/\/www.organisator.ch\/wp-content\/uploads\/2016\/12\/Green-bringt-KMU-ins-Rechenzentrum-organisator.jpg\" \/>\n<script type=\"application\/ld+json\" class=\"yoast-schema-graph\">{\"@context\":\"https:\\\/\\\/schema.org\",\"@graph\":[{\"@type\":\"Article\",\"@id\":\"https:\\\/\\\/www.organisator.ch\\\/en\\\/general\\\/2016-10-18\\\/green-bringt-kmu-ins-rechenzentrum\\\/#article\",\"isPartOf\":{\"@id\":\"https:\\\/\\\/www.organisator.ch\\\/en\\\/general\\\/2016-10-18\\\/green-bringt-kmu-ins-rechenzentrum\\\/\"},\"author\":{\"name\":\"admin\",\"@id\":\"https:\\\/\\\/www.organisator.ch\\\/#\\\/schema\\\/person\\\/aa2bace6c5c5aad60102004a50c4eb1c\"},\"headline\":\"Green bringt KMU ins Rechenzentrum\",\"datePublished\":\"2016-10-18T12:13:12+00:00\",\"mainEntityOfPage\":{\"@id\":\"https:\\\/\\\/www.organisator.ch\\\/en\\\/general\\\/2016-10-18\\\/green-bringt-kmu-ins-rechenzentrum\\\/\"},\"wordCount\":289,\"commentCount\":0,\"publisher\":{\"@id\":\"https:\\\/\\\/www.organisator.ch\\\/#organization\"},\"image\":{\"@id\":\"https:\\\/\\\/www.organisator.ch\\\/en\\\/general\\\/2016-10-18\\\/green-bringt-kmu-ins-rechenzentrum\\\/#primaryimage\"},\"thumbnailUrl\":\"https:\\\/\\\/www.organisator.ch\\\/wp-content\\\/uploads\\\/2016\\\/12\\\/Green-bringt-KMU-ins-Rechenzentrum-organisator.jpg\",\"keywords\":[\"Datenschutz\",\"Produkte\"],\"articleSection\":[\"Allgemein\"],\"inLanguage\":\"it-IT\"},{\"@type\":\"WebPage\",\"@id\":\"https:\\\/\\\/www.organisator.ch\\\/en\\\/general\\\/2016-10-18\\\/green-bringt-kmu-ins-rechenzentrum\\\/\",\"url\":\"https:\\\/\\\/www.organisator.ch\\\/en\\\/general\\\/2016-10-18\\\/green-bringt-kmu-ins-rechenzentrum\\\/\",\"name\":\"Green bringt KMU ins Rechenzentrum - Organisator\",\"isPartOf\":{\"@id\":\"https:\\\/\\\/www.organisator.ch\\\/#website\"},\"primaryImageOfPage\":{\"@id\":\"https:\\\/\\\/www.organisator.ch\\\/en\\\/general\\\/2016-10-18\\\/green-bringt-kmu-ins-rechenzentrum\\\/#primaryimage\"},\"image\":{\"@id\":\"https:\\\/\\\/www.organisator.ch\\\/en\\\/general\\\/2016-10-18\\\/green-bringt-kmu-ins-rechenzentrum\\\/#primaryimage\"},\"thumbnailUrl\":\"https:\\\/\\\/www.organisator.ch\\\/wp-content\\\/uploads\\\/2016\\\/12\\\/Green-bringt-KMU-ins-Rechenzentrum-organisator.jpg\",\"datePublished\":\"2016-10-18T12:13:12+00:00\",\"description\":\"Mit einem Colocation-Angebot ab einem Drittel-Rack adressiert Green Unternehmen, die ihre Server sicher und preiswert unterbringen wollen.\",\"breadcrumb\":{\"@id\":\"https:\\\/\\\/www.organisator.ch\\\/en\\\/general\\\/2016-10-18\\\/green-bringt-kmu-ins-rechenzentrum\\\/#breadcrumb\"},\"inLanguage\":\"it-IT\",\"potentialAction\":[{\"@type\":\"ReadAction\",\"target\":[\"https:\\\/\\\/www.organisator.ch\\\/en\\\/general\\\/2016-10-18\\\/green-bringt-kmu-ins-rechenzentrum\\\/\"]}]},{\"@type\":\"ImageObject\",\"inLanguage\":\"it-IT\",\"@id\":\"https:\\\/\\\/www.organisator.ch\\\/en\\\/general\\\/2016-10-18\\\/green-bringt-kmu-ins-rechenzentrum\\\/#primaryimage\",\"url\":\"https:\\\/\\\/www.organisator.ch\\\/wp-content\\\/uploads\\\/2016\\\/12\\\/Green-bringt-KMU-ins-Rechenzentrum-organisator.jpg\",\"contentUrl\":\"https:\\\/\\\/www.organisator.ch\\\/wp-content\\\/uploads\\\/2016\\\/12\\\/Green-bringt-KMU-ins-Rechenzentrum-organisator.jpg\",\"width\":640,\"height\":427,\"caption\":\"Das hochmoderne Green Datacenter in Z\u00fcrich City. (Bild: ZvG)\"},{\"@type\":\"BreadcrumbList\",\"@id\":\"https:\\\/\\\/www.organisator.ch\\\/en\\\/general\\\/2016-10-18\\\/green-bringt-kmu-ins-rechenzentrum\\\/#breadcrumb\",\"itemListElement\":[{\"@type\":\"ListItem\",\"position\":1,\"name\":\"Home\",\"item\":\"https:\\\/\\\/www.organisator.ch\\\/\"},{\"@type\":\"ListItem\",\"position\":2,\"name\":\"Green bringt KMU ins Rechenzentrum\"}]},{\"@type\":\"WebSite\",\"@id\":\"https:\\\/\\\/www.organisator.ch\\\/#website\",\"url\":\"https:\\\/\\\/www.organisator.ch\\\/\",\"name\":\"Organisator\",\"description\":\"Kompetent. Praxisnah. Der ORGANISATOR bereitet in 10 Ausgaben pro Jahr die wesentlichen Themen f\u00fcr F\u00fchrungskr\u00e4fte von KMU auf.\",\"publisher\":{\"@id\":\"https:\\\/\\\/www.organisator.ch\\\/#organization\"},\"potentialAction\":[{\"@type\":\"SearchAction\",\"target\":{\"@type\":\"EntryPoint\",\"urlTemplate\":\"https:\\\/\\\/www.organisator.ch\\\/?s={search_term_string}\"},\"query-input\":{\"@type\":\"PropertyValueSpecification\",\"valueRequired\":true,\"valueName\":\"search_term_string\"}}],\"inLanguage\":\"it-IT\"},{\"@type\":\"Organization\",\"@id\":\"https:\\\/\\\/www.organisator.ch\\\/#organization\",\"name\":\"Organisator\",\"url\":\"https:\\\/\\\/www.organisator.ch\\\/\",\"logo\":{\"@type\":\"ImageObject\",\"inLanguage\":\"it-IT\",\"@id\":\"https:\\\/\\\/www.organisator.ch\\\/#\\\/schema\\\/logo\\\/image\\\/\",\"url\":\"https:\\\/\\\/www.organisator.ch\\\/wp-content\\\/uploads\\\/2022\\\/01\\\/Logo_Organisator_Website.png\",\"contentUrl\":\"https:\\\/\\\/www.organisator.ch\\\/wp-content\\\/uploads\\\/2022\\\/01\\\/Logo_Organisator_Website.png\",\"width\":800,\"height\":77,\"caption\":\"Organisator\"},\"image\":{\"@id\":\"https:\\\/\\\/www.organisator.ch\\\/#\\\/schema\\\/logo\\\/image\\\/\"},\"sameAs\":[\"https:\\\/\\\/www.facebook.com\\\/OrganisatorFachmagazin\",\"https:\\\/\\\/www.linkedin.com\\\/showcase\\\/organisator-das-magazin-fr-kmu\",\"https:\\\/\\\/www.xing.com\\\/news\\\/pages\\\/organisator-ch-695\",\"https:\\\/\\\/www.youtube.com\\\/channel\\\/UCGP2Sq0iWaZwT3BdIAQFYpw\"]},{\"@type\":\"Person\",\"@id\":\"https:\\\/\\\/www.organisator.ch\\\/#\\\/schema\\\/person\\\/aa2bace6c5c5aad60102004a50c4eb1c\",\"name\":\"admin\",\"image\":{\"@type\":\"ImageObject\",\"inLanguage\":\"it-IT\",\"@id\":\"https:\\\/\\\/secure.gravatar.com\\\/avatar\\\/ae2f4d718e6c49043e314ce431e7e645d646302a24a5ef5a8bc8e3f5a032e319?s=96&d=mm&r=g\",\"url\":\"https:\\\/\\\/secure.gravatar.com\\\/avatar\\\/ae2f4d718e6c49043e314ce431e7e645d646302a24a5ef5a8bc8e3f5a032e319?s=96&d=mm&r=g\",\"contentUrl\":\"https:\\\/\\\/secure.gravatar.com\\\/avatar\\\/ae2f4d718e6c49043e314ce431e7e645d646302a24a5ef5a8bc8e3f5a032e319?s=96&d=mm&r=g\",\"caption\":\"admin\"},\"sameAs\":[\"https:\\\/\\\/www.organisator.ch\"],\"url\":\"https:\\\/\\\/www.organisator.ch\\\/it\\\/author\\\/admin\\\/\"}]}<\/script>\n<!-- \/ Yoast SEO plugin. -->","yoast_head_json":{"title":"Green porta le PMI nel data center - Organizzatore","description":"Con un'offerta di colocation a partire da un terzo di rack, Green si rivolge alle aziende che desiderano ospitare i propri server in modo sicuro ed economico.","robots":{"index":"index","follow":"follow","max-snippet":"max-snippet:-1","max-image-preview":"max-image-preview:large","max-video-preview":"max-video-preview:-1"},"canonical":"https:\/\/www.organisator.ch\/it\/generale\/2016-10-18\/green-bringt-kmu-ins-rechenzentrum\/","og_locale":"it_IT","og_type":"article","og_title":"Green bringt KMU ins Rechenzentrum","og_description":"Green \u00f6ffnet seine modernsten Rechenzentren f\u00fcr KMU. Mit einem Colocation-Angebot ab einem Drittel-Rack adressiert Green Unternehmen, die ihre Server sicher und preiswert unterbringen wollen.","og_url":"https:\/\/www.organisator.ch\/it\/generale\/2016-10-18\/green-bringt-kmu-ins-rechenzentrum\/","og_site_name":"Organisator","article_publisher":"https:\/\/www.facebook.com\/OrganisatorFachmagazin","article_published_time":"2016-10-18T12:13:12+00:00","author":"admin","twitter_card":"summary_large_image","twitter_image":"https:\/\/www.organisator.ch\/wp-content\/uploads\/2016\/12\/Green-bringt-KMU-ins-Rechenzentrum-organisator.jpg","schema":{"@context":"https:\/\/schema.org","@graph":[{"@type":"Article","@id":"https:\/\/www.organisator.ch\/en\/general\/2016-10-18\/green-bringt-kmu-ins-rechenzentrum\/#article","isPartOf":{"@id":"https:\/\/www.organisator.ch\/en\/general\/2016-10-18\/green-bringt-kmu-ins-rechenzentrum\/"},"author":{"name":"admin","@id":"https:\/\/www.organisator.ch\/#\/schema\/person\/aa2bace6c5c5aad60102004a50c4eb1c"},"headline":"Green bringt KMU ins Rechenzentrum","datePublished":"2016-10-18T12:13:12+00:00","mainEntityOfPage":{"@id":"https:\/\/www.organisator.ch\/en\/general\/2016-10-18\/green-bringt-kmu-ins-rechenzentrum\/"},"wordCount":289,"commentCount":0,"publisher":{"@id":"https:\/\/www.organisator.ch\/#organization"},"image":{"@id":"https:\/\/www.organisator.ch\/en\/general\/2016-10-18\/green-bringt-kmu-ins-rechenzentrum\/#primaryimage"},"thumbnailUrl":"https:\/\/www.organisator.ch\/wp-content\/uploads\/2016\/12\/Green-bringt-KMU-ins-Rechenzentrum-organisator.jpg","keywords":["Datenschutz","Produkte"],"articleSection":["Allgemein"],"inLanguage":"it-IT"},{"@type":"WebPage","@id":"https:\/\/www.organisator.ch\/en\/general\/2016-10-18\/green-bringt-kmu-ins-rechenzentrum\/","url":"https:\/\/www.organisator.ch\/en\/general\/2016-10-18\/green-bringt-kmu-ins-rechenzentrum\/","name":"Green porta le PMI nel data center - Organizzatore","isPartOf":{"@id":"https:\/\/www.organisator.ch\/#website"},"primaryImageOfPage":{"@id":"https:\/\/www.organisator.ch\/en\/general\/2016-10-18\/green-bringt-kmu-ins-rechenzentrum\/#primaryimage"},"image":{"@id":"https:\/\/www.organisator.ch\/en\/general\/2016-10-18\/green-bringt-kmu-ins-rechenzentrum\/#primaryimage"},"thumbnailUrl":"https:\/\/www.organisator.ch\/wp-content\/uploads\/2016\/12\/Green-bringt-KMU-ins-Rechenzentrum-organisator.jpg","datePublished":"2016-10-18T12:13:12+00:00","description":"Con un'offerta di colocation a partire da un terzo di rack, Green si rivolge alle aziende che desiderano ospitare i propri server in modo sicuro ed economico.","breadcrumb":{"@id":"https:\/\/www.organisator.ch\/en\/general\/2016-10-18\/green-bringt-kmu-ins-rechenzentrum\/#breadcrumb"},"inLanguage":"it-IT","potentialAction":[{"@type":"ReadAction","target":["https:\/\/www.organisator.ch\/en\/general\/2016-10-18\/green-bringt-kmu-ins-rechenzentrum\/"]}]},{"@type":"ImageObject","inLanguage":"it-IT","@id":"https:\/\/www.organisator.ch\/en\/general\/2016-10-18\/green-bringt-kmu-ins-rechenzentrum\/#primaryimage","url":"https:\/\/www.organisator.ch\/wp-content\/uploads\/2016\/12\/Green-bringt-KMU-ins-Rechenzentrum-organisator.jpg","contentUrl":"https:\/\/www.organisator.ch\/wp-content\/uploads\/2016\/12\/Green-bringt-KMU-ins-Rechenzentrum-organisator.jpg","width":640,"height":427,"caption":"Das hochmoderne Green Datacenter in Z\u00fcrich City. (Bild: ZvG)"},{"@type":"BreadcrumbList","@id":"https:\/\/www.organisator.ch\/en\/general\/2016-10-18\/green-bringt-kmu-ins-rechenzentrum\/#breadcrumb","itemListElement":[{"@type":"ListItem","position":1,"name":"Home","item":"https:\/\/www.organisator.ch\/"},{"@type":"ListItem","position":2,"name":"Green bringt KMU ins Rechenzentrum"}]},{"@type":"WebSite","@id":"https:\/\/www.organisator.ch\/#website","url":"https:\/\/www.organisator.ch\/","name":"Organizzatore","description":"Competente. Pratico. In 10 numeri all'anno, ORGANISATOR presenta i temi essenziali per i manager delle PMI.","publisher":{"@id":"https:\/\/www.organisator.ch\/#organization"},"potentialAction":[{"@type":"SearchAction","target":{"@type":"EntryPoint","urlTemplate":"https:\/\/www.organisator.ch\/?s={search_term_string}"},"query-input":{"@type":"PropertyValueSpecification","valueRequired":true,"valueName":"search_term_string"}}],"inLanguage":"it-IT"},{"@type":"Organization","@id":"https:\/\/www.organisator.ch\/#organization","name":"Organizzatore","url":"https:\/\/www.organisator.ch\/","logo":{"@type":"ImageObject","inLanguage":"it-IT","@id":"https:\/\/www.organisator.ch\/#\/schema\/logo\/image\/","url":"https:\/\/www.organisator.ch\/wp-content\/uploads\/2022\/01\/Logo_Organisator_Website.png","contentUrl":"https:\/\/www.organisator.ch\/wp-content\/uploads\/2022\/01\/Logo_Organisator_Website.png","width":800,"height":77,"caption":"Organisator"},"image":{"@id":"https:\/\/www.organisator.ch\/#\/schema\/logo\/image\/"},"sameAs":["https:\/\/www.facebook.com\/OrganisatorFachmagazin","https:\/\/www.linkedin.com\/showcase\/organisator-das-magazin-fr-kmu","https:\/\/www.xing.com\/news\/pages\/organisator-ch-695","https:\/\/www.youtube.com\/channel\/UCGP2Sq0iWaZwT3BdIAQFYpw"]},{"@type":"Person","@id":"https:\/\/www.organisator.ch\/#\/schema\/person\/aa2bace6c5c5aad60102004a50c4eb1c","name":"amministratore","image":{"@type":"ImageObject","inLanguage":"it-IT","@id":"https:\/\/secure.gravatar.com\/avatar\/ae2f4d718e6c49043e314ce431e7e645d646302a24a5ef5a8bc8e3f5a032e319?s=96&d=mm&r=g","url":"https:\/\/secure.gravatar.com\/avatar\/ae2f4d718e6c49043e314ce431e7e645d646302a24a5ef5a8bc8e3f5a032e319?s=96&d=mm&r=g","contentUrl":"https:\/\/secure.gravatar.com\/avatar\/ae2f4d718e6c49043e314ce431e7e645d646302a24a5ef5a8bc8e3f5a032e319?s=96&d=mm&r=g","caption":"admin"},"sameAs":["https:\/\/www.organisator.ch"],"url":"https:\/\/www.organisator.ch\/it\/author\/admin\/"}]}},"_links":{"self":[{"href":"https:\/\/www.organisator.ch\/it\/wp-json\/wp\/v2\/posts\/659","targetHints":{"allow":["GET"]}}],"collection":[{"href":"https:\/\/www.organisator.ch\/it\/wp-json\/wp\/v2\/posts"}],"about":[{"href":"https:\/\/www.organisator.ch\/it\/wp-json\/wp\/v2\/types\/post"}],"author":[{"embeddable":true,"href":"https:\/\/www.organisator.ch\/it\/wp-json\/wp\/v2\/users\/1"}],"replies":[{"embeddable":true,"href":"https:\/\/www.organisator.ch\/it\/wp-json\/wp\/v2\/comments?post=659"}],"version-history":[{"count":0,"href":"https:\/\/www.organisator.ch\/it\/wp-json\/wp\/v2\/posts\/659\/revisions"}],"wp:featuredmedia":[{"embeddable":true,"href":"https:\/\/www.organisator.ch\/it\/wp-json\/wp\/v2\/media\/660"}],"wp:attachment":[{"href":"https:\/\/www.organisator.ch\/it\/wp-json\/wp\/v2\/media?parent=659"}],"wp:term":[{"taxonomy":"category","embeddable":true,"href":"https:\/\/www.organisator.ch\/it\/wp-json\/wp\/v2\/categories?post=659"},{"taxonomy":"post_tag","embeddable":true,"href":"https:\/\/www.organisator.ch\/it\/wp-json\/wp\/v2\/tags?post=659"}],"curies":[{"name":"wp","href":"https:\/\/api.w.org\/{rel}","templated":true}]}}