{"id":6602,"date":"2020-04-17T15:05:05","date_gmt":"2020-04-17T13:05:05","guid":{"rendered":"https:\/\/www.organisator.ch\/?p=6602"},"modified":"2020-04-17T15:05:05","modified_gmt":"2020-04-17T13:05:05","slug":"hochschule-luzern-unterstuetzt-zentralschweizer-wirtschaft-mit-kmu-impuls","status":"publish","type":"post","link":"https:\/\/www.organisator.ch\/it\/weiterbildung\/2020-04-17\/hochschule-luzern-unterstuetzt-zentralschweizer-wirtschaft-mit-kmu-impuls\/","title":{"rendered":"La Scuola universitaria professionale di Lucerna sostiene l'economia della Svizzera centrale con \"Impulso PMI"},"content":{"rendered":"<figure id=\"attachment_6603\" aria-describedby=\"caption-attachment-6603\" style=\"width: 680px\" class=\"wp-caption alignnone\"><img loading=\"lazy\" decoding=\"async\" class=\"size-medium wp-image-6603\" src=\"https:\/\/www.organisator.ch\/wp-content\/uploads\/2020\/04\/Hochschule-Luzern-unterstuetzt-Zentralschweizer-Wirtschaft-mit-KMU-Impuls_Organisator.jpg\" alt=\"\" width=\"680\" height=\"531\" srcset=\"https:\/\/www.organisator.ch\/wp-content\/uploads\/2020\/04\/Hochschule-Luzern-unterstuetzt-Zentralschweizer-Wirtschaft-mit-KMU-Impuls_Organisator.jpg 680w, https:\/\/www.organisator.ch\/wp-content\/uploads\/2020\/04\/Hochschule-Luzern-unterstuetzt-Zentralschweizer-Wirtschaft-mit-KMU-Impuls_Organisator-16x12.jpg 16w, https:\/\/www.organisator.ch\/wp-content\/uploads\/2020\/04\/Hochschule-Luzern-unterstuetzt-Zentralschweizer-Wirtschaft-mit-KMU-Impuls_Organisator-224x175.jpg 224w, https:\/\/www.organisator.ch\/wp-content\/uploads\/2020\/04\/Hochschule-Luzern-unterstuetzt-Zentralschweizer-Wirtschaft-mit-KMU-Impuls_Organisator-448x350.jpg 448w, https:\/\/www.organisator.ch\/wp-content\/uploads\/2020\/04\/Hochschule-Luzern-unterstuetzt-Zentralschweizer-Wirtschaft-mit-KMU-Impuls_Organisator-300x234.jpg 300w\" sizes=\"auto, (max-width: 680px) 100vw, 680px\" \/><figcaption id=\"caption-attachment-6603\" class=\"wp-caption-text\">KMU Impuls - un servizio di supporto gratuito per le aziende della Svizzera centrale. (Immagine: Universit\u00e0 di Scienze Applicate e Arti di Lucerna).<\/figcaption><\/figure>\n<p>La crisi di Corona pone grandi sfide alle PMI: La mia azienda pu\u00f2 dichiarare il lavoro a orario ridotto? Come posso motivare la mia squadra quando non \u00e8 sicuro se e come le cose continueranno? I nostri servizi saranno ancora richiesti nel tempo dopo la crisi?<\/p>\n<h2>KMU Impuls: gratis per le piccole imprese della Svizzera centrale<\/h2>\n<p>Per alleviare le conseguenze economiche della crisi, la Scuola universitaria professionale di Lucerna lancia il programma di sostegno \"KMU Impuls\". L'offerta gratuita si rivolge principalmente alle piccole e medie imprese e alle organizzazioni pubbliche e non profit della Svizzera centrale. Inizia luned\u00ec 20 aprile 2020.<\/p>\n<p>Per il rettore Markus Hodel, \u00e8 chiaro che la Scuola universitaria professionale di Lucerna, come istituzione di formazione e di ricerca della Svizzera centrale con un forte orientamento pratico, deve offrire un sostegno rapido e senza complicazioni. Dice: \"La situazione attuale sta minacciando l'esistenza di molte aziende e organizzazioni. Grazie alla competenza dei nostri docenti, molti dei quali provengono dal mondo delle imprese stesse, le PMI ricevono ora un impulso per mitigare la crisi nel miglior modo possibile\".<\/p>\n<h2>Brevi sessioni online su argomenti rilevanti<\/h2>\n<p>Il cuore di KMU Impuls sono brevi seminari online, i cosiddetti impulsi online. Le sessioni individuali sono condotte da esperti del settore. Coprono argomenti come: Affrontare le sfide finanziarie e legali, la comunicazione con i clienti nella crisi, le nuove opportunit\u00e0 nella leadership, le valutazioni delle conseguenze settoriali e macroeconomiche della crisi.<\/p>\n<p>Gli interessati possono iscriversi agli impulsi online al seguente link (per ragioni tecniche, il numero di posti \u00e8 limitato a 250 partecipanti): <a href=\"http:\/\/www.hslu.ch\/kmu-impuls\">hslu.ch\/kmu-impulse<\/a>. A seconda della domanda, \"impulsi 1:1\", cio\u00e8 sessioni di coaching individuale, possono essere prenotati come seguito di ogni impulso online. Qui, i docenti affrontano problemi specifici dell'azienda che non sono stati trattati durante le sessioni online. Al fine di sostenere le aziende nel miglior modo possibile, il bisogno di consulenza e l'obiettivo sono determinati per mezzo di un breve modulo online.<\/p>","protected":false},"excerpt":{"rendered":"<p>Die Coronakrise stellt KMU vor grosse Herausforderungen: Darf mein Betrieb Kurzarbeit anmelden? Wie motiviere ich mein Team, wenn unsicher ist, ob und wie es weitergeht? Sind unsere Dienstleistungen in der Zeit danach \u00fcberhaupt noch gefragt? KMU Impuls: Unentgeltlich f\u00fcr Zentralschweizer Kleinunternehmen Um die wirtschaftlichen Konsequenzen der Krise zu lindern, lanciert die Hochschule Luzern das Unterst\u00fctzungsprogramm [&hellip;]<\/p>\n","protected":false},"author":4,"featured_media":6603,"comment_status":"closed","ping_status":"closed","sticky":false,"template":"","format":"standard","meta":{"_acf_changed":false,"_yoast_wpseo_focuskw":"KMU Impuls","_yoast_wpseo_metadesc":"Die Hochschule Luzern startet unter dem Titel \"KMU Impuls\" ein kostenloses Unterst\u00fctzungsprogramm f\u00fcr kleine und mittlere Unternehmen in der Innerschweiz.","articlekey":"","footnotes":""},"categories":[30],"tags":[62,202,335,393],"class_list":["post-6602","post","type-post","status-publish","format-standard","has-post-thumbnail","hentry","category-weiterbildung","tag-aus-weiterbildung","tag-finanzenrecht","tag-management-und-unternehmensfuehrung","tag-produkte"],"acf":[],"yoast_head":"<!-- This site is optimized with the Yoast SEO plugin v27.5 - https:\/\/yoast.com\/product\/yoast-seo-wordpress\/ -->\n<title>Hochschule Luzern unterst\u00fctzt Zentralschweizer Wirtschaft mit \u00abKMU Impuls\u00bb - Organisator<\/title>\n<meta name=\"description\" content=\"Die Hochschule Luzern startet unter dem Titel &quot;KMU Impuls&quot; ein kostenloses Unterst\u00fctzungsprogramm f\u00fcr kleine und mittlere Unternehmen in der Innerschweiz.\" \/>\n<meta name=\"robots\" content=\"index, follow, max-snippet:-1, max-image-preview:large, max-video-preview:-1\" \/>\n<link rel=\"canonical\" href=\"https:\/\/www.organisator.ch\/it\/formazione-continua\/2020-04-17\/hochschule-luzern-unterstuetzt-zentralschweizer-wirtschaft-mit-kmu-impuls\/\" \/>\n<meta property=\"og:locale\" content=\"it_IT\" \/>\n<meta property=\"og:type\" content=\"article\" \/>\n<meta property=\"og:title\" content=\"Hochschule Luzern unterst\u00fctzt Zentralschweizer Wirtschaft mit \u00abKMU Impuls\u00bb\" \/>\n<meta property=\"og:description\" content=\"Die Hochschule Luzern startet unter dem Titel &quot;KMU Impuls&quot; ein kostenloses Unterst\u00fctzungsprogramm f\u00fcr kleine und mittlere Unternehmen in der Innerschweiz.\" \/>\n<meta property=\"og:url\" content=\"https:\/\/www.organisator.ch\/it\/formazione-continua\/2020-04-17\/hochschule-luzern-unterstuetzt-zentralschweizer-wirtschaft-mit-kmu-impuls\/\" \/>\n<meta property=\"og:site_name\" content=\"Organisator\" \/>\n<meta property=\"article:publisher\" content=\"https:\/\/www.facebook.com\/OrganisatorFachmagazin\" \/>\n<meta property=\"article:published_time\" content=\"2020-04-17T13:05:05+00:00\" \/>\n<meta property=\"og:image\" content=\"https:\/\/www.organisator.ch\/wp-content\/uploads\/2020\/04\/Hochschule-Luzern-unterstuetzt-Zentralschweizer-Wirtschaft-mit-KMU-Impuls_Organisator.jpg\" \/>\n\t<meta property=\"og:image:width\" content=\"680\" \/>\n\t<meta property=\"og:image:height\" content=\"531\" \/>\n\t<meta property=\"og:image:type\" content=\"image\/jpeg\" \/>\n<meta name=\"author\" content=\"thomas.berner\" \/>\n<meta name=\"twitter:card\" content=\"summary_large_image\" \/>\n<meta name=\"twitter:title\" content=\"Hochschule Luzern #HSLU unterst\u00fctzt Zentralschweizer Wirtschaft mit \u00abKMU Impuls\u00bb\" \/>\n<meta name=\"twitter:description\" content=\"Die Hochschule Luzern #HSLU startet unter dem Titel &quot;KMU Impuls&quot; ein kostenloses #Unterst\u00fctzungsprogramm f\u00fcr kleine und mittlere Unternehmen in der #Innerschweiz.\" \/>\n<meta name=\"twitter:image\" content=\"https:\/\/www.organisator.ch\/wp-content\/uploads\/2020\/04\/Hochschule-Luzern-unterstuetzt-Zentralschweizer-Wirtschaft-mit-KMU-Impuls_Organisator.jpg\" \/>\n<script type=\"application\/ld+json\" class=\"yoast-schema-graph\">{\"@context\":\"https:\\\/\\\/schema.org\",\"@graph\":[{\"@type\":\"Article\",\"@id\":\"https:\\\/\\\/www.organisator.ch\\\/weiterbildung\\\/2020-04-17\\\/hochschule-luzern-unterstuetzt-zentralschweizer-wirtschaft-mit-kmu-impuls\\\/#article\",\"isPartOf\":{\"@id\":\"https:\\\/\\\/www.organisator.ch\\\/weiterbildung\\\/2020-04-17\\\/hochschule-luzern-unterstuetzt-zentralschweizer-wirtschaft-mit-kmu-impuls\\\/\"},\"author\":{\"name\":\"thomas.berner\",\"@id\":\"https:\\\/\\\/www.organisator.ch\\\/#\\\/schema\\\/person\\\/6f650f90b2842cd4c0cc334b4e36f67e\"},\"headline\":\"Hochschule Luzern unterst\u00fctzt Zentralschweizer Wirtschaft mit \u00abKMU Impuls\u00bb\",\"datePublished\":\"2020-04-17T13:05:05+00:00\",\"mainEntityOfPage\":{\"@id\":\"https:\\\/\\\/www.organisator.ch\\\/weiterbildung\\\/2020-04-17\\\/hochschule-luzern-unterstuetzt-zentralschweizer-wirtschaft-mit-kmu-impuls\\\/\"},\"wordCount\":312,\"publisher\":{\"@id\":\"https:\\\/\\\/www.organisator.ch\\\/#organization\"},\"image\":{\"@id\":\"https:\\\/\\\/www.organisator.ch\\\/weiterbildung\\\/2020-04-17\\\/hochschule-luzern-unterstuetzt-zentralschweizer-wirtschaft-mit-kmu-impuls\\\/#primaryimage\"},\"thumbnailUrl\":\"https:\\\/\\\/www.organisator.ch\\\/wp-content\\\/uploads\\\/2020\\\/04\\\/Hochschule-Luzern-unterstuetzt-Zentralschweizer-Wirtschaft-mit-KMU-Impuls_Organisator.jpg\",\"keywords\":[\"Aus-\\\/Weiterbildung\",\"Finanzen\\\/Recht\",\"Management und Unternehmensf\u00fchrung\",\"Produkte\"],\"articleSection\":[\"WEITERBILDUNG\"],\"inLanguage\":\"it-IT\"},{\"@type\":\"WebPage\",\"@id\":\"https:\\\/\\\/www.organisator.ch\\\/weiterbildung\\\/2020-04-17\\\/hochschule-luzern-unterstuetzt-zentralschweizer-wirtschaft-mit-kmu-impuls\\\/\",\"url\":\"https:\\\/\\\/www.organisator.ch\\\/weiterbildung\\\/2020-04-17\\\/hochschule-luzern-unterstuetzt-zentralschweizer-wirtschaft-mit-kmu-impuls\\\/\",\"name\":\"Hochschule Luzern unterst\u00fctzt Zentralschweizer Wirtschaft mit \u00abKMU Impuls\u00bb - Organisator\",\"isPartOf\":{\"@id\":\"https:\\\/\\\/www.organisator.ch\\\/#website\"},\"primaryImageOfPage\":{\"@id\":\"https:\\\/\\\/www.organisator.ch\\\/weiterbildung\\\/2020-04-17\\\/hochschule-luzern-unterstuetzt-zentralschweizer-wirtschaft-mit-kmu-impuls\\\/#primaryimage\"},\"image\":{\"@id\":\"https:\\\/\\\/www.organisator.ch\\\/weiterbildung\\\/2020-04-17\\\/hochschule-luzern-unterstuetzt-zentralschweizer-wirtschaft-mit-kmu-impuls\\\/#primaryimage\"},\"thumbnailUrl\":\"https:\\\/\\\/www.organisator.ch\\\/wp-content\\\/uploads\\\/2020\\\/04\\\/Hochschule-Luzern-unterstuetzt-Zentralschweizer-Wirtschaft-mit-KMU-Impuls_Organisator.jpg\",\"datePublished\":\"2020-04-17T13:05:05+00:00\",\"description\":\"Die Hochschule Luzern startet unter dem Titel \\\"KMU Impuls\\\" ein kostenloses Unterst\u00fctzungsprogramm f\u00fcr kleine und mittlere Unternehmen in der Innerschweiz.\",\"breadcrumb\":{\"@id\":\"https:\\\/\\\/www.organisator.ch\\\/weiterbildung\\\/2020-04-17\\\/hochschule-luzern-unterstuetzt-zentralschweizer-wirtschaft-mit-kmu-impuls\\\/#breadcrumb\"},\"inLanguage\":\"it-IT\",\"potentialAction\":[{\"@type\":\"ReadAction\",\"target\":[\"https:\\\/\\\/www.organisator.ch\\\/weiterbildung\\\/2020-04-17\\\/hochschule-luzern-unterstuetzt-zentralschweizer-wirtschaft-mit-kmu-impuls\\\/\"]}]},{\"@type\":\"ImageObject\",\"inLanguage\":\"it-IT\",\"@id\":\"https:\\\/\\\/www.organisator.ch\\\/weiterbildung\\\/2020-04-17\\\/hochschule-luzern-unterstuetzt-zentralschweizer-wirtschaft-mit-kmu-impuls\\\/#primaryimage\",\"url\":\"https:\\\/\\\/www.organisator.ch\\\/wp-content\\\/uploads\\\/2020\\\/04\\\/Hochschule-Luzern-unterstuetzt-Zentralschweizer-Wirtschaft-mit-KMU-Impuls_Organisator.jpg\",\"contentUrl\":\"https:\\\/\\\/www.organisator.ch\\\/wp-content\\\/uploads\\\/2020\\\/04\\\/Hochschule-Luzern-unterstuetzt-Zentralschweizer-Wirtschaft-mit-KMU-Impuls_Organisator.jpg\",\"width\":680,\"height\":531,\"caption\":\"KMU Impuls - ein unentgeltliches Unterst\u00fctzungsangebot f\u00fcr Unternehmen in der Innerschweiz. (Bild: Hochschule Luzern).\"},{\"@type\":\"BreadcrumbList\",\"@id\":\"https:\\\/\\\/www.organisator.ch\\\/weiterbildung\\\/2020-04-17\\\/hochschule-luzern-unterstuetzt-zentralschweizer-wirtschaft-mit-kmu-impuls\\\/#breadcrumb\",\"itemListElement\":[{\"@type\":\"ListItem\",\"position\":1,\"name\":\"Home\",\"item\":\"https:\\\/\\\/www.organisator.ch\\\/\"},{\"@type\":\"ListItem\",\"position\":2,\"name\":\"Hochschule Luzern unterst\u00fctzt Zentralschweizer Wirtschaft mit \u00abKMU Impuls\u00bb\"}]},{\"@type\":\"WebSite\",\"@id\":\"https:\\\/\\\/www.organisator.ch\\\/#website\",\"url\":\"https:\\\/\\\/www.organisator.ch\\\/\",\"name\":\"Organisator\",\"description\":\"Kompetent. Praxisnah. Der ORGANISATOR bereitet in 10 Ausgaben pro Jahr die wesentlichen Themen f\u00fcr F\u00fchrungskr\u00e4fte von KMU auf.\",\"publisher\":{\"@id\":\"https:\\\/\\\/www.organisator.ch\\\/#organization\"},\"potentialAction\":[{\"@type\":\"SearchAction\",\"target\":{\"@type\":\"EntryPoint\",\"urlTemplate\":\"https:\\\/\\\/www.organisator.ch\\\/?s={search_term_string}\"},\"query-input\":{\"@type\":\"PropertyValueSpecification\",\"valueRequired\":true,\"valueName\":\"search_term_string\"}}],\"inLanguage\":\"it-IT\"},{\"@type\":\"Organization\",\"@id\":\"https:\\\/\\\/www.organisator.ch\\\/#organization\",\"name\":\"Organisator\",\"url\":\"https:\\\/\\\/www.organisator.ch\\\/\",\"logo\":{\"@type\":\"ImageObject\",\"inLanguage\":\"it-IT\",\"@id\":\"https:\\\/\\\/www.organisator.ch\\\/#\\\/schema\\\/logo\\\/image\\\/\",\"url\":\"https:\\\/\\\/www.organisator.ch\\\/wp-content\\\/uploads\\\/2022\\\/01\\\/Logo_Organisator_Website.png\",\"contentUrl\":\"https:\\\/\\\/www.organisator.ch\\\/wp-content\\\/uploads\\\/2022\\\/01\\\/Logo_Organisator_Website.png\",\"width\":800,\"height\":77,\"caption\":\"Organisator\"},\"image\":{\"@id\":\"https:\\\/\\\/www.organisator.ch\\\/#\\\/schema\\\/logo\\\/image\\\/\"},\"sameAs\":[\"https:\\\/\\\/www.facebook.com\\\/OrganisatorFachmagazin\",\"https:\\\/\\\/www.linkedin.com\\\/showcase\\\/organisator-das-magazin-fr-kmu\",\"https:\\\/\\\/www.xing.com\\\/news\\\/pages\\\/organisator-ch-695\",\"https:\\\/\\\/www.youtube.com\\\/channel\\\/UCGP2Sq0iWaZwT3BdIAQFYpw\"]},{\"@type\":\"Person\",\"@id\":\"https:\\\/\\\/www.organisator.ch\\\/#\\\/schema\\\/person\\\/6f650f90b2842cd4c0cc334b4e36f67e\",\"name\":\"thomas.berner\",\"image\":{\"@type\":\"ImageObject\",\"inLanguage\":\"it-IT\",\"@id\":\"https:\\\/\\\/secure.gravatar.com\\\/avatar\\\/ac5001d2a36cb6c6cd3e50789007ffca834b477b74a2144564522e944eabff61?s=96&d=mm&r=g\",\"url\":\"https:\\\/\\\/secure.gravatar.com\\\/avatar\\\/ac5001d2a36cb6c6cd3e50789007ffca834b477b74a2144564522e944eabff61?s=96&d=mm&r=g\",\"contentUrl\":\"https:\\\/\\\/secure.gravatar.com\\\/avatar\\\/ac5001d2a36cb6c6cd3e50789007ffca834b477b74a2144564522e944eabff61?s=96&d=mm&r=g\",\"caption\":\"thomas.berner\"},\"url\":\"https:\\\/\\\/www.organisator.ch\\\/it\\\/author\\\/thomas-berner\\\/\"}]}<\/script>\n<!-- \/ Yoast SEO plugin. -->","yoast_head_json":{"title":"La Scuola universitaria professionale di Lucerna sostiene l'economia della Svizzera centrale con \"KMU Impuls\" - Organizzatore","description":"L'Universit\u00e0 di Scienze Applicate e Arti di Lucerna sta lanciando un programma di sostegno gratuito per le piccole e medie imprese della Svizzera centrale chiamato \"KMU Impuls\".","robots":{"index":"index","follow":"follow","max-snippet":"max-snippet:-1","max-image-preview":"max-image-preview:large","max-video-preview":"max-video-preview:-1"},"canonical":"https:\/\/www.organisator.ch\/it\/formazione-continua\/2020-04-17\/hochschule-luzern-unterstuetzt-zentralschweizer-wirtschaft-mit-kmu-impuls\/","og_locale":"it_IT","og_type":"article","og_title":"Hochschule Luzern unterst\u00fctzt Zentralschweizer Wirtschaft mit \u00abKMU Impuls\u00bb","og_description":"Die Hochschule Luzern startet unter dem Titel \"KMU Impuls\" ein kostenloses Unterst\u00fctzungsprogramm f\u00fcr kleine und mittlere Unternehmen in der Innerschweiz.","og_url":"https:\/\/www.organisator.ch\/it\/formazione-continua\/2020-04-17\/hochschule-luzern-unterstuetzt-zentralschweizer-wirtschaft-mit-kmu-impuls\/","og_site_name":"Organisator","article_publisher":"https:\/\/www.facebook.com\/OrganisatorFachmagazin","article_published_time":"2020-04-17T13:05:05+00:00","og_image":[{"width":680,"height":531,"url":"https:\/\/www.organisator.ch\/wp-content\/uploads\/2020\/04\/Hochschule-Luzern-unterstuetzt-Zentralschweizer-Wirtschaft-mit-KMU-Impuls_Organisator.jpg","type":"image\/jpeg"}],"author":"thomas.berner","twitter_card":"summary_large_image","twitter_title":"Hochschule Luzern #HSLU unterst\u00fctzt Zentralschweizer Wirtschaft mit \u00abKMU Impuls\u00bb","twitter_description":"Die Hochschule Luzern #HSLU startet unter dem Titel \"KMU Impuls\" ein kostenloses #Unterst\u00fctzungsprogramm f\u00fcr kleine und mittlere Unternehmen in der #Innerschweiz.","twitter_image":"https:\/\/www.organisator.ch\/wp-content\/uploads\/2020\/04\/Hochschule-Luzern-unterstuetzt-Zentralschweizer-Wirtschaft-mit-KMU-Impuls_Organisator.jpg","schema":{"@context":"https:\/\/schema.org","@graph":[{"@type":"Article","@id":"https:\/\/www.organisator.ch\/weiterbildung\/2020-04-17\/hochschule-luzern-unterstuetzt-zentralschweizer-wirtschaft-mit-kmu-impuls\/#article","isPartOf":{"@id":"https:\/\/www.organisator.ch\/weiterbildung\/2020-04-17\/hochschule-luzern-unterstuetzt-zentralschweizer-wirtschaft-mit-kmu-impuls\/"},"author":{"name":"thomas.berner","@id":"https:\/\/www.organisator.ch\/#\/schema\/person\/6f650f90b2842cd4c0cc334b4e36f67e"},"headline":"Hochschule Luzern unterst\u00fctzt Zentralschweizer Wirtschaft mit \u00abKMU Impuls\u00bb","datePublished":"2020-04-17T13:05:05+00:00","mainEntityOfPage":{"@id":"https:\/\/www.organisator.ch\/weiterbildung\/2020-04-17\/hochschule-luzern-unterstuetzt-zentralschweizer-wirtschaft-mit-kmu-impuls\/"},"wordCount":312,"publisher":{"@id":"https:\/\/www.organisator.ch\/#organization"},"image":{"@id":"https:\/\/www.organisator.ch\/weiterbildung\/2020-04-17\/hochschule-luzern-unterstuetzt-zentralschweizer-wirtschaft-mit-kmu-impuls\/#primaryimage"},"thumbnailUrl":"https:\/\/www.organisator.ch\/wp-content\/uploads\/2020\/04\/Hochschule-Luzern-unterstuetzt-Zentralschweizer-Wirtschaft-mit-KMU-Impuls_Organisator.jpg","keywords":["Aus-\/Weiterbildung","Finanzen\/Recht","Management und Unternehmensf\u00fchrung","Produkte"],"articleSection":["WEITERBILDUNG"],"inLanguage":"it-IT"},{"@type":"WebPage","@id":"https:\/\/www.organisator.ch\/weiterbildung\/2020-04-17\/hochschule-luzern-unterstuetzt-zentralschweizer-wirtschaft-mit-kmu-impuls\/","url":"https:\/\/www.organisator.ch\/weiterbildung\/2020-04-17\/hochschule-luzern-unterstuetzt-zentralschweizer-wirtschaft-mit-kmu-impuls\/","name":"La Scuola universitaria professionale di Lucerna sostiene l'economia della Svizzera centrale con \"KMU Impuls\" - Organizzatore","isPartOf":{"@id":"https:\/\/www.organisator.ch\/#website"},"primaryImageOfPage":{"@id":"https:\/\/www.organisator.ch\/weiterbildung\/2020-04-17\/hochschule-luzern-unterstuetzt-zentralschweizer-wirtschaft-mit-kmu-impuls\/#primaryimage"},"image":{"@id":"https:\/\/www.organisator.ch\/weiterbildung\/2020-04-17\/hochschule-luzern-unterstuetzt-zentralschweizer-wirtschaft-mit-kmu-impuls\/#primaryimage"},"thumbnailUrl":"https:\/\/www.organisator.ch\/wp-content\/uploads\/2020\/04\/Hochschule-Luzern-unterstuetzt-Zentralschweizer-Wirtschaft-mit-KMU-Impuls_Organisator.jpg","datePublished":"2020-04-17T13:05:05+00:00","description":"L'Universit\u00e0 di Scienze Applicate e Arti di Lucerna sta lanciando un programma di sostegno gratuito per le piccole e medie imprese della Svizzera centrale chiamato \"KMU Impuls\".","breadcrumb":{"@id":"https:\/\/www.organisator.ch\/weiterbildung\/2020-04-17\/hochschule-luzern-unterstuetzt-zentralschweizer-wirtschaft-mit-kmu-impuls\/#breadcrumb"},"inLanguage":"it-IT","potentialAction":[{"@type":"ReadAction","target":["https:\/\/www.organisator.ch\/weiterbildung\/2020-04-17\/hochschule-luzern-unterstuetzt-zentralschweizer-wirtschaft-mit-kmu-impuls\/"]}]},{"@type":"ImageObject","inLanguage":"it-IT","@id":"https:\/\/www.organisator.ch\/weiterbildung\/2020-04-17\/hochschule-luzern-unterstuetzt-zentralschweizer-wirtschaft-mit-kmu-impuls\/#primaryimage","url":"https:\/\/www.organisator.ch\/wp-content\/uploads\/2020\/04\/Hochschule-Luzern-unterstuetzt-Zentralschweizer-Wirtschaft-mit-KMU-Impuls_Organisator.jpg","contentUrl":"https:\/\/www.organisator.ch\/wp-content\/uploads\/2020\/04\/Hochschule-Luzern-unterstuetzt-Zentralschweizer-Wirtschaft-mit-KMU-Impuls_Organisator.jpg","width":680,"height":531,"caption":"KMU Impuls - ein unentgeltliches Unterst\u00fctzungsangebot f\u00fcr Unternehmen in der Innerschweiz. (Bild: Hochschule Luzern)."},{"@type":"BreadcrumbList","@id":"https:\/\/www.organisator.ch\/weiterbildung\/2020-04-17\/hochschule-luzern-unterstuetzt-zentralschweizer-wirtschaft-mit-kmu-impuls\/#breadcrumb","itemListElement":[{"@type":"ListItem","position":1,"name":"Home","item":"https:\/\/www.organisator.ch\/"},{"@type":"ListItem","position":2,"name":"Hochschule Luzern unterst\u00fctzt Zentralschweizer Wirtschaft mit \u00abKMU Impuls\u00bb"}]},{"@type":"WebSite","@id":"https:\/\/www.organisator.ch\/#website","url":"https:\/\/www.organisator.ch\/","name":"Organizzatore","description":"Competente. Pratico. In 10 numeri all'anno, ORGANISATOR presenta i temi essenziali per i manager delle PMI.","publisher":{"@id":"https:\/\/www.organisator.ch\/#organization"},"potentialAction":[{"@type":"SearchAction","target":{"@type":"EntryPoint","urlTemplate":"https:\/\/www.organisator.ch\/?s={search_term_string}"},"query-input":{"@type":"PropertyValueSpecification","valueRequired":true,"valueName":"search_term_string"}}],"inLanguage":"it-IT"},{"@type":"Organization","@id":"https:\/\/www.organisator.ch\/#organization","name":"Organizzatore","url":"https:\/\/www.organisator.ch\/","logo":{"@type":"ImageObject","inLanguage":"it-IT","@id":"https:\/\/www.organisator.ch\/#\/schema\/logo\/image\/","url":"https:\/\/www.organisator.ch\/wp-content\/uploads\/2022\/01\/Logo_Organisator_Website.png","contentUrl":"https:\/\/www.organisator.ch\/wp-content\/uploads\/2022\/01\/Logo_Organisator_Website.png","width":800,"height":77,"caption":"Organisator"},"image":{"@id":"https:\/\/www.organisator.ch\/#\/schema\/logo\/image\/"},"sameAs":["https:\/\/www.facebook.com\/OrganisatorFachmagazin","https:\/\/www.linkedin.com\/showcase\/organisator-das-magazin-fr-kmu","https:\/\/www.xing.com\/news\/pages\/organisator-ch-695","https:\/\/www.youtube.com\/channel\/UCGP2Sq0iWaZwT3BdIAQFYpw"]},{"@type":"Person","@id":"https:\/\/www.organisator.ch\/#\/schema\/person\/6f650f90b2842cd4c0cc334b4e36f67e","name":"Tommaso.berner","image":{"@type":"ImageObject","inLanguage":"it-IT","@id":"https:\/\/secure.gravatar.com\/avatar\/ac5001d2a36cb6c6cd3e50789007ffca834b477b74a2144564522e944eabff61?s=96&d=mm&r=g","url":"https:\/\/secure.gravatar.com\/avatar\/ac5001d2a36cb6c6cd3e50789007ffca834b477b74a2144564522e944eabff61?s=96&d=mm&r=g","contentUrl":"https:\/\/secure.gravatar.com\/avatar\/ac5001d2a36cb6c6cd3e50789007ffca834b477b74a2144564522e944eabff61?s=96&d=mm&r=g","caption":"thomas.berner"},"url":"https:\/\/www.organisator.ch\/it\/author\/thomas-berner\/"}]}},"_links":{"self":[{"href":"https:\/\/www.organisator.ch\/it\/wp-json\/wp\/v2\/posts\/6602","targetHints":{"allow":["GET"]}}],"collection":[{"href":"https:\/\/www.organisator.ch\/it\/wp-json\/wp\/v2\/posts"}],"about":[{"href":"https:\/\/www.organisator.ch\/it\/wp-json\/wp\/v2\/types\/post"}],"author":[{"embeddable":true,"href":"https:\/\/www.organisator.ch\/it\/wp-json\/wp\/v2\/users\/4"}],"replies":[{"embeddable":true,"href":"https:\/\/www.organisator.ch\/it\/wp-json\/wp\/v2\/comments?post=6602"}],"version-history":[{"count":0,"href":"https:\/\/www.organisator.ch\/it\/wp-json\/wp\/v2\/posts\/6602\/revisions"}],"wp:featuredmedia":[{"embeddable":true,"href":"https:\/\/www.organisator.ch\/it\/wp-json\/wp\/v2\/media\/6603"}],"wp:attachment":[{"href":"https:\/\/www.organisator.ch\/it\/wp-json\/wp\/v2\/media?parent=6602"}],"wp:term":[{"taxonomy":"category","embeddable":true,"href":"https:\/\/www.organisator.ch\/it\/wp-json\/wp\/v2\/categories?post=6602"},{"taxonomy":"post_tag","embeddable":true,"href":"https:\/\/www.organisator.ch\/it\/wp-json\/wp\/v2\/tags?post=6602"}],"curies":[{"name":"wp","href":"https:\/\/api.w.org\/{rel}","templated":true}]}}