{"id":6611,"date":"2020-04-22T09:58:14","date_gmt":"2020-04-22T07:58:14","guid":{"rendered":"https:\/\/www.organisator.ch\/?p=6611"},"modified":"2020-04-22T09:58:14","modified_gmt":"2020-04-22T07:58:14","slug":"waschen-von-berufskleidung-was-es-jetzt-zu-beachten-gilt","status":"publish","type":"post","link":"https:\/\/www.organisator.ch\/it\/human-resources\/fit_im_job\/2020-04-22\/waschen-von-berufskleidung-was-es-jetzt-zu-beachten-gilt\/","title":{"rendered":"Lavaggio dell'abbigliamento da lavoro: Cosa considerare ora"},"content":{"rendered":"<figure id=\"attachment_6612\" aria-describedby=\"caption-attachment-6612\" style=\"width: 680px\" class=\"wp-caption alignnone\"><img loading=\"lazy\" decoding=\"async\" class=\"size-medium wp-image-6612\" src=\"https:\/\/www.organisator.ch\/wp-content\/uploads\/2020\/04\/Waschen-von-Berufskleidung-Was-es-jetzt-zu-beachten-gilt_Organisator.jpg\" alt=\"\" width=\"680\" height=\"455\" srcset=\"https:\/\/www.organisator.ch\/wp-content\/uploads\/2020\/04\/Waschen-von-Berufskleidung-Was-es-jetzt-zu-beachten-gilt_Organisator.jpg 680w, https:\/\/www.organisator.ch\/wp-content\/uploads\/2020\/04\/Waschen-von-Berufskleidung-Was-es-jetzt-zu-beachten-gilt_Organisator-16x12.jpg 16w, https:\/\/www.organisator.ch\/wp-content\/uploads\/2020\/04\/Waschen-von-Berufskleidung-Was-es-jetzt-zu-beachten-gilt_Organisator-262x175.jpg 262w, https:\/\/www.organisator.ch\/wp-content\/uploads\/2020\/04\/Waschen-von-Berufskleidung-Was-es-jetzt-zu-beachten-gilt_Organisator-523x350.jpg 523w, https:\/\/www.organisator.ch\/wp-content\/uploads\/2020\/04\/Waschen-von-Berufskleidung-Was-es-jetzt-zu-beachten-gilt_Organisator-300x201.jpg 300w\" sizes=\"auto, (max-width: 680px) 100vw, 680px\" \/><figcaption id=\"caption-attachment-6612\" class=\"wp-caption-text\">Quando si indossano e si lavano gli abiti da lavoro, bisogna prestare particolare attenzione ad alcuni punti alla luce della pandemia di Corona. (Immagine. Pixabay.com)<\/figcaption><\/figure>\n<p>Le aziende che lavano da sole i loro abiti da lavoro o che lasciano questo compito ai loro dipendenti si trovano attualmente di fronte a delle incertezze nella loro fornitura di biancheria. La conoscenza esperta della tecnica e delle procedure di lavaggio corrette \u00e8 molto richiesta. La responsabile dell'igiene della CWS, Debbie Hartung, ha compilato dei consigli utili per il lavaggio degli indumenti da lavoro durante la situazione attuale per le aziende.<\/p>\n<h2>7 raccomandazioni per il lavaggio dell'abbigliamento da lavoro<\/h2>\n<ol>\n<li><strong>Indossare un abbigliamento professionale:<\/strong> Ogni membro della squadra deve sempre indossare solo il proprio abbigliamento professionale. Questo \u00e8 generalmente raccomandato. Ma soprattutto in questo momento, nessuna giacca dovrebbe essere prestata a colleghi o simili.<\/li>\n<li><strong>Indossare abiti durante le ore di lavoro:<\/strong> L'abbigliamento professionale deve essere indossato solo durante lo svolgimento del lavoro. L'abbigliamento non deve essere indossato dopo l'orario di lavoro e deve essere tenuto separato dall'abbigliamento privato.<\/li>\n<li><strong>Lavare separatamente:<\/strong> L'abbigliamento professionale non dovrebbe essere lavato insieme alla biancheria privata. Idealmente, non dovrebbero essere lavati nella stessa lavatrice. Attualmente, non si conosce la trasmissione della SARS-CoV-2 agli oggetti - ma questa \u00e8 un'importante misura precauzionale che dovrebbe essere osservata anche come regola.<\/li>\n<li><strong>Temperatura pi\u00f9 alta possibile:<\/strong> Gli abiti da lavoro dovrebbero essere lavati alla temperatura pi\u00f9 alta possibile che i vostri vestiti consentono. Idealmente a 60 gradi, perch\u00e9 a queste temperature, in combinazione con un detergente pesante, i coronavirus sono inattivati, secondo il Robert Koch Institute.<\/li>\n<li><strong>Lavare gli abiti da lavoro con un detergente pesante:<\/strong> Gli abiti da lavoro devono essere lavati con un detergente completo. La composizione degli ingredienti \u00e8 pi\u00f9 efficace nel combattere i virus.<\/li>\n<li><strong>Comportamento nei casi sospetti:<br \/>\n<\/strong>a) Lavaggio a 60 gradi con un detergente pesante: secondo il Robert Koch Institute, gli indumenti di un lavoratore infettato dal COVID-19 devono essere lavati ad almeno 60 gradi con un detergente pesante e poi asciugati accuratamente. Dopo aver caricato la macchina, le mani devono essere lavate e asciugate accuratamente.<br \/>\nb) Conservare gli indumenti separatamente per una settimana: se il ritrattamento \u00e8 possibile solo a una temperatura inferiore, si raccomanda di conservare gli indumenti separatamente in un sacchetto per almeno una settimana e poi lavarli come al solito. Poich\u00e9 i coronavirus non sono molto stabili nell'ambiente, hanno un'infettivit\u00e0 da poche ore a pochi giorni sulle superfici asciutte, secondo l'Agenzia tedesca di valutazione dei rischi.<\/li>\n<li><strong>Informare i fornitori di servizi tessili:<\/strong> Le aziende che gi\u00e0 utilizzano un fornitore di servizi tessili devono urgentemente osservare le loro istruzioni per la gestione della biancheria potenzialmente contaminata. In caso di casi sospetti nell'azienda, si prega di informare la CWS in anticipo per telefono. L'autista del servizio raccoglier\u00e0 poi la biancheria in contenitori separati e i veicoli saranno poi disinfettati.<\/li>\n<\/ol>\n<p><em>Fonte: <a href=\"https:\/\/www.cws.com\/de-CH\">CWS-boco Suisse SA<\/a><\/em><\/p>","protected":false},"excerpt":{"rendered":"<p>Gerade Unternehmen, die ihre Arbeitskleidung selbst waschen oder dies den Mitarbeitern \u00fcberlassen, stehen aktuell vor Unsicherheiten bei ihrer W\u00e4scheversorgung. Fachwissen bez\u00fcglich der richtigen Waschtechnik und Vorgehensweisen ist gefragt. Die CWS Hygienemanagerin Debbie Hartung hat hilfreiche Hinweise zum Waschen von Berufskleidung w\u00e4hrend der aktuellen Situation f\u00fcr Unternehmen zusammengestellt. 7 Empfehlungen f\u00fcr das Waschen von Berufskleidung Tragen [&hellip;]<\/p>\n","protected":false},"author":4,"featured_media":6612,"comment_status":"closed","ping_status":"closed","sticky":false,"template":"","format":"standard","meta":{"_acf_changed":false,"_yoast_wpseo_focuskw":"Waschen von Berufskleidung","_yoast_wpseo_metadesc":"Was es jetzt beim Waschen zu beachten gilt: Eine Expertin hat sieben Tipps f\u00fcr das richtige Waschen von Berufskleidung zusammengestellt.","articlekey":"","footnotes":""},"categories":[25],"tags":[77,115,132,258,335],"class_list":["post-6611","post","type-post","status-publish","format-standard","has-post-thumbnail","hentry","category-fit_im_job","tag-betriebliches-gesundheitsmanagement","tag-checklisten","tag-coronavirus","tag-hygiene","tag-management-und-unternehmensfuehrung"],"acf":[],"yoast_head":"<!-- This site is optimized with the Yoast SEO plugin v27.4 - https:\/\/yoast.com\/product\/yoast-seo-wordpress\/ -->\n<title>Waschen von Berufskleidung: Was es jetzt zu beachten gilt - Organisator<\/title>\n<meta name=\"description\" content=\"Was es jetzt beim Waschen zu beachten gilt: Eine Expertin hat sieben Tipps f\u00fcr das richtige Waschen von Berufskleidung zusammengestellt.\" \/>\n<meta name=\"robots\" content=\"index, follow, max-snippet:-1, max-image-preview:large, max-video-preview:-1\" \/>\n<link rel=\"canonical\" href=\"https:\/\/www.organisator.ch\/it\/risorse-umane\/fit_im_job\/2020-04-22\/waschen-von-berufskleidung-was-es-jetzt-zu-beachten-gilt\/\" \/>\n<meta property=\"og:locale\" content=\"it_IT\" \/>\n<meta property=\"og:type\" content=\"article\" \/>\n<meta property=\"og:title\" content=\"Waschen von Berufskleidung: Was es jetzt zu beachten gilt\" \/>\n<meta property=\"og:description\" content=\"Was es jetzt beim Waschen zu beachten gilt: Eine Expertin hat sieben Tipps f\u00fcr das richtige Waschen von Berufskleidung zusammengestellt.\" \/>\n<meta property=\"og:url\" content=\"https:\/\/www.organisator.ch\/it\/risorse-umane\/fit_im_job\/2020-04-22\/waschen-von-berufskleidung-was-es-jetzt-zu-beachten-gilt\/\" \/>\n<meta property=\"og:site_name\" content=\"Organisator\" \/>\n<meta property=\"article:publisher\" content=\"https:\/\/www.facebook.com\/OrganisatorFachmagazin\" \/>\n<meta property=\"article:published_time\" content=\"2020-04-22T07:58:14+00:00\" \/>\n<meta property=\"og:image\" content=\"https:\/\/www.organisator.ch\/wp-content\/uploads\/2020\/04\/Waschen-von-Berufskleidung-Was-es-jetzt-zu-beachten-gilt_Organisator.jpg\" \/>\n\t<meta property=\"og:image:width\" content=\"680\" \/>\n\t<meta property=\"og:image:height\" content=\"455\" \/>\n\t<meta property=\"og:image:type\" content=\"image\/jpeg\" \/>\n<meta name=\"author\" content=\"thomas.berner\" \/>\n<meta name=\"twitter:card\" content=\"summary_large_image\" \/>\n<meta name=\"twitter:title\" content=\"Waschen von Berufskleidung: Was es jetzt zu beachten gilt\" \/>\n<meta name=\"twitter:description\" content=\"Was es jetzt beim Waschen zu beachten gilt: Eine Expertin hat sieben Tipps f\u00fcr das richtige Waschen von Berufskleidung zusammengestellt.\" \/>\n<meta name=\"twitter:image\" content=\"https:\/\/www.organisator.ch\/wp-content\/uploads\/2020\/04\/Waschen-von-Berufskleidung-Was-es-jetzt-zu-beachten-gilt_Organisator.jpg\" \/>\n<script type=\"application\/ld+json\" class=\"yoast-schema-graph\">{\"@context\":\"https:\\\/\\\/schema.org\",\"@graph\":[{\"@type\":\"Article\",\"@id\":\"https:\\\/\\\/www.organisator.ch\\\/human-resources\\\/fit_im_job\\\/2020-04-22\\\/waschen-von-berufskleidung-was-es-jetzt-zu-beachten-gilt\\\/#article\",\"isPartOf\":{\"@id\":\"https:\\\/\\\/www.organisator.ch\\\/human-resources\\\/fit_im_job\\\/2020-04-22\\\/waschen-von-berufskleidung-was-es-jetzt-zu-beachten-gilt\\\/\"},\"author\":{\"name\":\"thomas.berner\",\"@id\":\"https:\\\/\\\/www.organisator.ch\\\/#\\\/schema\\\/person\\\/6f650f90b2842cd4c0cc334b4e36f67e\"},\"headline\":\"Waschen von Berufskleidung: Was es jetzt zu beachten gilt\",\"datePublished\":\"2020-04-22T07:58:14+00:00\",\"mainEntityOfPage\":{\"@id\":\"https:\\\/\\\/www.organisator.ch\\\/human-resources\\\/fit_im_job\\\/2020-04-22\\\/waschen-von-berufskleidung-was-es-jetzt-zu-beachten-gilt\\\/\"},\"wordCount\":444,\"publisher\":{\"@id\":\"https:\\\/\\\/www.organisator.ch\\\/#organization\"},\"image\":{\"@id\":\"https:\\\/\\\/www.organisator.ch\\\/human-resources\\\/fit_im_job\\\/2020-04-22\\\/waschen-von-berufskleidung-was-es-jetzt-zu-beachten-gilt\\\/#primaryimage\"},\"thumbnailUrl\":\"https:\\\/\\\/www.organisator.ch\\\/wp-content\\\/uploads\\\/2020\\\/04\\\/Waschen-von-Berufskleidung-Was-es-jetzt-zu-beachten-gilt_Organisator.jpg\",\"keywords\":[\"Betriebliches Gesundheitsmanagement\",\"Checklisten\",\"Coronavirus\",\"Hygiene\",\"Management und Unternehmensf\u00fchrung\"],\"articleSection\":[\"FIT IM JOB\"],\"inLanguage\":\"it-IT\"},{\"@type\":\"WebPage\",\"@id\":\"https:\\\/\\\/www.organisator.ch\\\/human-resources\\\/fit_im_job\\\/2020-04-22\\\/waschen-von-berufskleidung-was-es-jetzt-zu-beachten-gilt\\\/\",\"url\":\"https:\\\/\\\/www.organisator.ch\\\/human-resources\\\/fit_im_job\\\/2020-04-22\\\/waschen-von-berufskleidung-was-es-jetzt-zu-beachten-gilt\\\/\",\"name\":\"Waschen von Berufskleidung: Was es jetzt zu beachten gilt - Organisator\",\"isPartOf\":{\"@id\":\"https:\\\/\\\/www.organisator.ch\\\/#website\"},\"primaryImageOfPage\":{\"@id\":\"https:\\\/\\\/www.organisator.ch\\\/human-resources\\\/fit_im_job\\\/2020-04-22\\\/waschen-von-berufskleidung-was-es-jetzt-zu-beachten-gilt\\\/#primaryimage\"},\"image\":{\"@id\":\"https:\\\/\\\/www.organisator.ch\\\/human-resources\\\/fit_im_job\\\/2020-04-22\\\/waschen-von-berufskleidung-was-es-jetzt-zu-beachten-gilt\\\/#primaryimage\"},\"thumbnailUrl\":\"https:\\\/\\\/www.organisator.ch\\\/wp-content\\\/uploads\\\/2020\\\/04\\\/Waschen-von-Berufskleidung-Was-es-jetzt-zu-beachten-gilt_Organisator.jpg\",\"datePublished\":\"2020-04-22T07:58:14+00:00\",\"description\":\"Was es jetzt beim Waschen zu beachten gilt: Eine Expertin hat sieben Tipps f\u00fcr das richtige Waschen von Berufskleidung zusammengestellt.\",\"breadcrumb\":{\"@id\":\"https:\\\/\\\/www.organisator.ch\\\/human-resources\\\/fit_im_job\\\/2020-04-22\\\/waschen-von-berufskleidung-was-es-jetzt-zu-beachten-gilt\\\/#breadcrumb\"},\"inLanguage\":\"it-IT\",\"potentialAction\":[{\"@type\":\"ReadAction\",\"target\":[\"https:\\\/\\\/www.organisator.ch\\\/human-resources\\\/fit_im_job\\\/2020-04-22\\\/waschen-von-berufskleidung-was-es-jetzt-zu-beachten-gilt\\\/\"]}]},{\"@type\":\"ImageObject\",\"inLanguage\":\"it-IT\",\"@id\":\"https:\\\/\\\/www.organisator.ch\\\/human-resources\\\/fit_im_job\\\/2020-04-22\\\/waschen-von-berufskleidung-was-es-jetzt-zu-beachten-gilt\\\/#primaryimage\",\"url\":\"https:\\\/\\\/www.organisator.ch\\\/wp-content\\\/uploads\\\/2020\\\/04\\\/Waschen-von-Berufskleidung-Was-es-jetzt-zu-beachten-gilt_Organisator.jpg\",\"contentUrl\":\"https:\\\/\\\/www.organisator.ch\\\/wp-content\\\/uploads\\\/2020\\\/04\\\/Waschen-von-Berufskleidung-Was-es-jetzt-zu-beachten-gilt_Organisator.jpg\",\"width\":680,\"height\":455,\"caption\":\"Beim Tragen und Waschen von Berufskleidung sollten vor dem Hintergrund der Corona-Pandemie ein paar Punkte speziell beachtet werden. (Bild. Pixabay.com)\"},{\"@type\":\"BreadcrumbList\",\"@id\":\"https:\\\/\\\/www.organisator.ch\\\/human-resources\\\/fit_im_job\\\/2020-04-22\\\/waschen-von-berufskleidung-was-es-jetzt-zu-beachten-gilt\\\/#breadcrumb\",\"itemListElement\":[{\"@type\":\"ListItem\",\"position\":1,\"name\":\"Home\",\"item\":\"https:\\\/\\\/www.organisator.ch\\\/\"},{\"@type\":\"ListItem\",\"position\":2,\"name\":\"Waschen von Berufskleidung: Was es jetzt zu beachten gilt\"}]},{\"@type\":\"WebSite\",\"@id\":\"https:\\\/\\\/www.organisator.ch\\\/#website\",\"url\":\"https:\\\/\\\/www.organisator.ch\\\/\",\"name\":\"Organisator\",\"description\":\"Kompetent. Praxisnah. Der ORGANISATOR bereitet in 10 Ausgaben pro Jahr die wesentlichen Themen f\u00fcr F\u00fchrungskr\u00e4fte von KMU auf.\",\"publisher\":{\"@id\":\"https:\\\/\\\/www.organisator.ch\\\/#organization\"},\"potentialAction\":[{\"@type\":\"SearchAction\",\"target\":{\"@type\":\"EntryPoint\",\"urlTemplate\":\"https:\\\/\\\/www.organisator.ch\\\/?s={search_term_string}\"},\"query-input\":{\"@type\":\"PropertyValueSpecification\",\"valueRequired\":true,\"valueName\":\"search_term_string\"}}],\"inLanguage\":\"it-IT\"},{\"@type\":\"Organization\",\"@id\":\"https:\\\/\\\/www.organisator.ch\\\/#organization\",\"name\":\"Organisator\",\"url\":\"https:\\\/\\\/www.organisator.ch\\\/\",\"logo\":{\"@type\":\"ImageObject\",\"inLanguage\":\"it-IT\",\"@id\":\"https:\\\/\\\/www.organisator.ch\\\/#\\\/schema\\\/logo\\\/image\\\/\",\"url\":\"https:\\\/\\\/www.organisator.ch\\\/wp-content\\\/uploads\\\/2022\\\/01\\\/Logo_Organisator_Website.png\",\"contentUrl\":\"https:\\\/\\\/www.organisator.ch\\\/wp-content\\\/uploads\\\/2022\\\/01\\\/Logo_Organisator_Website.png\",\"width\":800,\"height\":77,\"caption\":\"Organisator\"},\"image\":{\"@id\":\"https:\\\/\\\/www.organisator.ch\\\/#\\\/schema\\\/logo\\\/image\\\/\"},\"sameAs\":[\"https:\\\/\\\/www.facebook.com\\\/OrganisatorFachmagazin\",\"https:\\\/\\\/www.linkedin.com\\\/showcase\\\/organisator-das-magazin-fr-kmu\",\"https:\\\/\\\/www.xing.com\\\/news\\\/pages\\\/organisator-ch-695\",\"https:\\\/\\\/www.youtube.com\\\/channel\\\/UCGP2Sq0iWaZwT3BdIAQFYpw\"]},{\"@type\":\"Person\",\"@id\":\"https:\\\/\\\/www.organisator.ch\\\/#\\\/schema\\\/person\\\/6f650f90b2842cd4c0cc334b4e36f67e\",\"name\":\"thomas.berner\",\"image\":{\"@type\":\"ImageObject\",\"inLanguage\":\"it-IT\",\"@id\":\"https:\\\/\\\/secure.gravatar.com\\\/avatar\\\/ac5001d2a36cb6c6cd3e50789007ffca834b477b74a2144564522e944eabff61?s=96&d=mm&r=g\",\"url\":\"https:\\\/\\\/secure.gravatar.com\\\/avatar\\\/ac5001d2a36cb6c6cd3e50789007ffca834b477b74a2144564522e944eabff61?s=96&d=mm&r=g\",\"contentUrl\":\"https:\\\/\\\/secure.gravatar.com\\\/avatar\\\/ac5001d2a36cb6c6cd3e50789007ffca834b477b74a2144564522e944eabff61?s=96&d=mm&r=g\",\"caption\":\"thomas.berner\"},\"url\":\"https:\\\/\\\/www.organisator.ch\\\/it\\\/author\\\/thomas-berner\\\/\"}]}<\/script>\n<!-- \/ Yoast SEO plugin. -->","yoast_head_json":{"title":"Lavare gli indumenti da lavoro: Cosa considerare ora - Organizzatore","description":"Cosa considerare quando si lava: un esperto ha stilato sette consigli per lavare correttamente l'abbigliamento da lavoro.","robots":{"index":"index","follow":"follow","max-snippet":"max-snippet:-1","max-image-preview":"max-image-preview:large","max-video-preview":"max-video-preview:-1"},"canonical":"https:\/\/www.organisator.ch\/it\/risorse-umane\/fit_im_job\/2020-04-22\/waschen-von-berufskleidung-was-es-jetzt-zu-beachten-gilt\/","og_locale":"it_IT","og_type":"article","og_title":"Waschen von Berufskleidung: Was es jetzt zu beachten gilt","og_description":"Was es jetzt beim Waschen zu beachten gilt: Eine Expertin hat sieben Tipps f\u00fcr das richtige Waschen von Berufskleidung zusammengestellt.","og_url":"https:\/\/www.organisator.ch\/it\/risorse-umane\/fit_im_job\/2020-04-22\/waschen-von-berufskleidung-was-es-jetzt-zu-beachten-gilt\/","og_site_name":"Organisator","article_publisher":"https:\/\/www.facebook.com\/OrganisatorFachmagazin","article_published_time":"2020-04-22T07:58:14+00:00","og_image":[{"width":680,"height":455,"url":"https:\/\/www.organisator.ch\/wp-content\/uploads\/2020\/04\/Waschen-von-Berufskleidung-Was-es-jetzt-zu-beachten-gilt_Organisator.jpg","type":"image\/jpeg"}],"author":"thomas.berner","twitter_card":"summary_large_image","twitter_title":"Waschen von Berufskleidung: Was es jetzt zu beachten gilt","twitter_description":"Was es jetzt beim Waschen zu beachten gilt: Eine Expertin hat sieben Tipps f\u00fcr das richtige Waschen von Berufskleidung zusammengestellt.","twitter_image":"https:\/\/www.organisator.ch\/wp-content\/uploads\/2020\/04\/Waschen-von-Berufskleidung-Was-es-jetzt-zu-beachten-gilt_Organisator.jpg","schema":{"@context":"https:\/\/schema.org","@graph":[{"@type":"Article","@id":"https:\/\/www.organisator.ch\/human-resources\/fit_im_job\/2020-04-22\/waschen-von-berufskleidung-was-es-jetzt-zu-beachten-gilt\/#article","isPartOf":{"@id":"https:\/\/www.organisator.ch\/human-resources\/fit_im_job\/2020-04-22\/waschen-von-berufskleidung-was-es-jetzt-zu-beachten-gilt\/"},"author":{"name":"thomas.berner","@id":"https:\/\/www.organisator.ch\/#\/schema\/person\/6f650f90b2842cd4c0cc334b4e36f67e"},"headline":"Waschen von Berufskleidung: Was es jetzt zu beachten gilt","datePublished":"2020-04-22T07:58:14+00:00","mainEntityOfPage":{"@id":"https:\/\/www.organisator.ch\/human-resources\/fit_im_job\/2020-04-22\/waschen-von-berufskleidung-was-es-jetzt-zu-beachten-gilt\/"},"wordCount":444,"publisher":{"@id":"https:\/\/www.organisator.ch\/#organization"},"image":{"@id":"https:\/\/www.organisator.ch\/human-resources\/fit_im_job\/2020-04-22\/waschen-von-berufskleidung-was-es-jetzt-zu-beachten-gilt\/#primaryimage"},"thumbnailUrl":"https:\/\/www.organisator.ch\/wp-content\/uploads\/2020\/04\/Waschen-von-Berufskleidung-Was-es-jetzt-zu-beachten-gilt_Organisator.jpg","keywords":["Betriebliches Gesundheitsmanagement","Checklisten","Coronavirus","Hygiene","Management und Unternehmensf\u00fchrung"],"articleSection":["FIT IM JOB"],"inLanguage":"it-IT"},{"@type":"WebPage","@id":"https:\/\/www.organisator.ch\/human-resources\/fit_im_job\/2020-04-22\/waschen-von-berufskleidung-was-es-jetzt-zu-beachten-gilt\/","url":"https:\/\/www.organisator.ch\/human-resources\/fit_im_job\/2020-04-22\/waschen-von-berufskleidung-was-es-jetzt-zu-beachten-gilt\/","name":"Lavare gli indumenti da lavoro: Cosa considerare ora - Organizzatore","isPartOf":{"@id":"https:\/\/www.organisator.ch\/#website"},"primaryImageOfPage":{"@id":"https:\/\/www.organisator.ch\/human-resources\/fit_im_job\/2020-04-22\/waschen-von-berufskleidung-was-es-jetzt-zu-beachten-gilt\/#primaryimage"},"image":{"@id":"https:\/\/www.organisator.ch\/human-resources\/fit_im_job\/2020-04-22\/waschen-von-berufskleidung-was-es-jetzt-zu-beachten-gilt\/#primaryimage"},"thumbnailUrl":"https:\/\/www.organisator.ch\/wp-content\/uploads\/2020\/04\/Waschen-von-Berufskleidung-Was-es-jetzt-zu-beachten-gilt_Organisator.jpg","datePublished":"2020-04-22T07:58:14+00:00","description":"Cosa considerare quando si lava: un esperto ha stilato sette consigli per lavare correttamente l'abbigliamento da lavoro.","breadcrumb":{"@id":"https:\/\/www.organisator.ch\/human-resources\/fit_im_job\/2020-04-22\/waschen-von-berufskleidung-was-es-jetzt-zu-beachten-gilt\/#breadcrumb"},"inLanguage":"it-IT","potentialAction":[{"@type":"ReadAction","target":["https:\/\/www.organisator.ch\/human-resources\/fit_im_job\/2020-04-22\/waschen-von-berufskleidung-was-es-jetzt-zu-beachten-gilt\/"]}]},{"@type":"ImageObject","inLanguage":"it-IT","@id":"https:\/\/www.organisator.ch\/human-resources\/fit_im_job\/2020-04-22\/waschen-von-berufskleidung-was-es-jetzt-zu-beachten-gilt\/#primaryimage","url":"https:\/\/www.organisator.ch\/wp-content\/uploads\/2020\/04\/Waschen-von-Berufskleidung-Was-es-jetzt-zu-beachten-gilt_Organisator.jpg","contentUrl":"https:\/\/www.organisator.ch\/wp-content\/uploads\/2020\/04\/Waschen-von-Berufskleidung-Was-es-jetzt-zu-beachten-gilt_Organisator.jpg","width":680,"height":455,"caption":"Beim Tragen und Waschen von Berufskleidung sollten vor dem Hintergrund der Corona-Pandemie ein paar Punkte speziell beachtet werden. (Bild. Pixabay.com)"},{"@type":"BreadcrumbList","@id":"https:\/\/www.organisator.ch\/human-resources\/fit_im_job\/2020-04-22\/waschen-von-berufskleidung-was-es-jetzt-zu-beachten-gilt\/#breadcrumb","itemListElement":[{"@type":"ListItem","position":1,"name":"Home","item":"https:\/\/www.organisator.ch\/"},{"@type":"ListItem","position":2,"name":"Waschen von Berufskleidung: Was es jetzt zu beachten gilt"}]},{"@type":"WebSite","@id":"https:\/\/www.organisator.ch\/#website","url":"https:\/\/www.organisator.ch\/","name":"Organizzatore","description":"Competente. Pratico. In 10 numeri all'anno, ORGANISATOR presenta i temi essenziali per i manager delle PMI.","publisher":{"@id":"https:\/\/www.organisator.ch\/#organization"},"potentialAction":[{"@type":"SearchAction","target":{"@type":"EntryPoint","urlTemplate":"https:\/\/www.organisator.ch\/?s={search_term_string}"},"query-input":{"@type":"PropertyValueSpecification","valueRequired":true,"valueName":"search_term_string"}}],"inLanguage":"it-IT"},{"@type":"Organization","@id":"https:\/\/www.organisator.ch\/#organization","name":"Organizzatore","url":"https:\/\/www.organisator.ch\/","logo":{"@type":"ImageObject","inLanguage":"it-IT","@id":"https:\/\/www.organisator.ch\/#\/schema\/logo\/image\/","url":"https:\/\/www.organisator.ch\/wp-content\/uploads\/2022\/01\/Logo_Organisator_Website.png","contentUrl":"https:\/\/www.organisator.ch\/wp-content\/uploads\/2022\/01\/Logo_Organisator_Website.png","width":800,"height":77,"caption":"Organisator"},"image":{"@id":"https:\/\/www.organisator.ch\/#\/schema\/logo\/image\/"},"sameAs":["https:\/\/www.facebook.com\/OrganisatorFachmagazin","https:\/\/www.linkedin.com\/showcase\/organisator-das-magazin-fr-kmu","https:\/\/www.xing.com\/news\/pages\/organisator-ch-695","https:\/\/www.youtube.com\/channel\/UCGP2Sq0iWaZwT3BdIAQFYpw"]},{"@type":"Person","@id":"https:\/\/www.organisator.ch\/#\/schema\/person\/6f650f90b2842cd4c0cc334b4e36f67e","name":"Tommaso.berner","image":{"@type":"ImageObject","inLanguage":"it-IT","@id":"https:\/\/secure.gravatar.com\/avatar\/ac5001d2a36cb6c6cd3e50789007ffca834b477b74a2144564522e944eabff61?s=96&d=mm&r=g","url":"https:\/\/secure.gravatar.com\/avatar\/ac5001d2a36cb6c6cd3e50789007ffca834b477b74a2144564522e944eabff61?s=96&d=mm&r=g","contentUrl":"https:\/\/secure.gravatar.com\/avatar\/ac5001d2a36cb6c6cd3e50789007ffca834b477b74a2144564522e944eabff61?s=96&d=mm&r=g","caption":"thomas.berner"},"url":"https:\/\/www.organisator.ch\/it\/author\/thomas-berner\/"}]}},"_links":{"self":[{"href":"https:\/\/www.organisator.ch\/it\/wp-json\/wp\/v2\/posts\/6611","targetHints":{"allow":["GET"]}}],"collection":[{"href":"https:\/\/www.organisator.ch\/it\/wp-json\/wp\/v2\/posts"}],"about":[{"href":"https:\/\/www.organisator.ch\/it\/wp-json\/wp\/v2\/types\/post"}],"author":[{"embeddable":true,"href":"https:\/\/www.organisator.ch\/it\/wp-json\/wp\/v2\/users\/4"}],"replies":[{"embeddable":true,"href":"https:\/\/www.organisator.ch\/it\/wp-json\/wp\/v2\/comments?post=6611"}],"version-history":[{"count":0,"href":"https:\/\/www.organisator.ch\/it\/wp-json\/wp\/v2\/posts\/6611\/revisions"}],"wp:featuredmedia":[{"embeddable":true,"href":"https:\/\/www.organisator.ch\/it\/wp-json\/wp\/v2\/media\/6612"}],"wp:attachment":[{"href":"https:\/\/www.organisator.ch\/it\/wp-json\/wp\/v2\/media?parent=6611"}],"wp:term":[{"taxonomy":"category","embeddable":true,"href":"https:\/\/www.organisator.ch\/it\/wp-json\/wp\/v2\/categories?post=6611"},{"taxonomy":"post_tag","embeddable":true,"href":"https:\/\/www.organisator.ch\/it\/wp-json\/wp\/v2\/tags?post=6611"}],"curies":[{"name":"wp","href":"https:\/\/api.w.org\/{rel}","templated":true}]}}