{"id":6647,"date":"2020-04-30T11:25:27","date_gmt":"2020-04-30T09:25:27","guid":{"rendered":"https:\/\/www.organisator.ch\/?p=6647"},"modified":"2020-04-30T11:25:27","modified_gmt":"2020-04-30T09:25:27","slug":"sofortlieferung-von-schutzmasken-fuer-kmu","status":"publish","type":"post","link":"https:\/\/www.organisator.ch\/it\/management\/2020-04-30\/sofortlieferung-von-schutzmasken-fuer-kmu\/","title":{"rendered":"Consegna immediata di maschere protettive per le PMI"},"content":{"rendered":"<figure id=\"attachment_6648\" aria-describedby=\"caption-attachment-6648\" style=\"width: 680px\" class=\"wp-caption alignnone\"><img loading=\"lazy\" decoding=\"async\" class=\"size-medium wp-image-6648\" src=\"https:\/\/www.organisator.ch\/wp-content\/uploads\/2020\/04\/Sofortlieferung-von-Schutzmasken-fuer-KMU_Organisator.jpg\" alt=\"\" width=\"680\" height=\"453\" srcset=\"https:\/\/www.organisator.ch\/wp-content\/uploads\/2020\/04\/Sofortlieferung-von-Schutzmasken-fuer-KMU_Organisator.jpg 680w, https:\/\/www.organisator.ch\/wp-content\/uploads\/2020\/04\/Sofortlieferung-von-Schutzmasken-fuer-KMU_Organisator-16x12.jpg 16w, https:\/\/www.organisator.ch\/wp-content\/uploads\/2020\/04\/Sofortlieferung-von-Schutzmasken-fuer-KMU_Organisator-263x175.jpg 263w, https:\/\/www.organisator.ch\/wp-content\/uploads\/2020\/04\/Sofortlieferung-von-Schutzmasken-fuer-KMU_Organisator-525x350.jpg 525w, https:\/\/www.organisator.ch\/wp-content\/uploads\/2020\/04\/Sofortlieferung-von-Schutzmasken-fuer-KMU_Organisator-300x200.jpg 300w\" sizes=\"auto, (max-width: 680px) 100vw, 680px\" \/><figcaption id=\"caption-attachment-6648\" class=\"wp-caption-text\">Veicoli speciali sono utilizzati per consegnare i 3 milioni di maschere di protezione per le PMI in tutta la Svizzera. Ci\u00f2 \u00e8 reso possibile da m3 Groupe con Abdallah Chatila (davanti al centro), il rivenditore online deindeal.ch con il CEO Allen Krief (a sinistra) e i partner logistici Sieber Transport con il CEO Christian Sieber (a destra) e Tilmann Schultz (2\u00b0 da sinistra), CEO di dpd. (Immagine: Dein Deal AG \/ m3 Groupe)<\/figcaption><\/figure>\n<p>L'abbigliamento protettivo, come maschere, occhiali e tute protettive, scarseggia ancora. Numerose piccole imprese come parrucchieri, centri di giardinaggio, dentisti, fisioterapisti e molti altri potrebbero riaprire luned\u00ec, ma molti non hanno le maschere protettive necessarie per il personale e i clienti.<\/p>\n<h2>Maschere protettive per le PMI consegnate rapidamente<\/h2>\n<p>Per disinnescare la situazione di emergenza, la piattaforma online Dein Deal e m3 Groupe hanno preso l'iniziativa: Domenica scorsa, un aereo da trasporto speciale di SWISS Cargo dalla Cina \u00e8 atterrato a Zurigo Kloten. A bordo c'erano tre milioni di maschere specialmente per le PMI in Svizzera. Allen Krief, CEO di Dein Deal AG: \"Abbiamo tirato fuori tutte le fermate in modo che le piccole imprese assediate possano tornare al lavoro il pi\u00f9 rapidamente possibile\". A partire da ora, le PMI possono accedere a <a href=\"https:\/\/www.deindeal.ch\/de\/m3sanitrade\">yourdeal.ch<\/a> maschere protettive a tre strati a 70 centesimi\/pezzo compresa la consegna e l'IVA. Un massimo di 3.000 possono essere ordinati per azienda. Le prime consegne inizieranno da gioved\u00ec 30 aprile direttamente ai clienti. Grazie alla collaborazione con i partner di distribuzione dpd e Sieber, questo \u00e8 possibile, come spiega Allen Krief.<\/p>\n<h2><strong>Un capolavoro logistico <\/strong><\/h2>\n<p>\"Abbiamo fatto in modo che dall'inizio del \"ponte aereo\", durante il quale abbiamo importato attrezzature di protezione, la priorit\u00e0 sia stata data agli ospedali, ai servizi di soccorso e alle farmacie, ma anche alle aziende e ai privati. Le aziende devono proteggere i loro clienti e dipendenti in modo che sia possibile un ritorno alla normalit\u00e0\". spiega Abdallah Chatila, presidente di m3 GROUP. Spiega inoltre: \"Nel nostro gruppo di aziende, 50 maschere per persona sono disponibili per tutti i dipendenti. Con questo, vogliamo fare la nostra parte per la ripresa economica\".<\/p>\n<p>Dein Deal AG e m3 Groupe lavorano 24 ore su 24 nel centro logistico di Ginevra per controllare e consegnare i dispositivi di protezione ordinati. A causa dei colli di bottiglia dell'ufficio postale e di altri servizi di consegna, \u00e8 stato istituito un sistema di distribuzione speciale. In questo modo \u00e8 possibile consegnare i tre milioni di maschere di protezione che sono stati trasportati direttamente alle PMI in tutta la Svizzera nella stessa settimana dell'ordine.<\/p>\n<h2><strong>Altre azioni di solidariet\u00e0 per le PMI<\/strong><\/h2>\n<p>Inoltre, DeinDeal.ch sostiene gi\u00e0 da tre settimane le imprese svizzere vendendo sul suo portale online dei buoni, ad esempio per trattamenti cosmetici e massaggi medici, menu di ristoranti o soggiorni in hotel. Come gesto di solidariet\u00e0, Dein Deal AG offre alle sue aziende partner un anticipo in contanti su queste vendite e si assume il rischio finanziario. Ai suoi clienti finali, il rivenditore online garantisce una maggiore sicurezza estendendo il periodo di validit\u00e0 dei buoni e la possibilit\u00e0 di convertirli in credito se non potessero essere utilizzati.<\/p>\n<p><em>Fonte e ulteriori informazioni: <a href=\"http:\/\/www.deindeal.ch\">Il tuo affare AG<\/a><\/em><\/p>","protected":false},"excerpt":{"rendered":"<p>Schutzbekleidung wie Masken, Schutzbrillen und Schutzanz\u00fcge sind immer noch Mangelware. Zahlreiche kleine Unternehmen wie Coiffeurgesch\u00e4fte, G\u00e4rtnereien, Zahn\u00e4rzte, Physiotherapien und viele weitere k\u00f6nnten zwar seit Montag wieder \u00f6ffnen, aber vielen fehlt die daf\u00fcr notwendigen Schutzmasken f\u00fcr Personal und Kunden. Schutzmasken f\u00fcr KMU schnell geliefert Um die Notsituation zu entsch\u00e4rfen, haben die Onlineplattform Dein Deal und die [&hellip;]<\/p>\n","protected":false},"author":4,"featured_media":6648,"comment_status":"closed","ping_status":"closed","sticky":false,"template":"","format":"standard","meta":{"_acf_changed":false,"_yoast_wpseo_focuskw":"Schutzmasken f\u00fcr KMU","_yoast_wpseo_metadesc":"Die Onlineplattform DeinDeal.ch verkauft in Zusammenarbeit mit der m3 Groupe ab sofort drei Millionen Schutzmasken f\u00fcr KMU zu 70 Rappen\/St\u00fcck.","articlekey":"","footnotes":""},"categories":[28],"tags":[77,132,334,393],"class_list":["post-6647","post","type-post","status-publish","format-standard","has-post-thumbnail","hentry","category-management","tag-betriebliches-gesundheitsmanagement","tag-coronavirus","tag-management","tag-produkte"],"acf":[],"yoast_head":"<!-- This site is optimized with the Yoast SEO plugin v27.5 - https:\/\/yoast.com\/product\/yoast-seo-wordpress\/ -->\n<title>Sofortlieferung von Schutzmasken f\u00fcr KMU - Organisator<\/title>\n<meta name=\"description\" content=\"Die Onlineplattform DeinDeal.ch verkauft in Zusammenarbeit mit der m3 Groupe ab sofort drei Millionen Schutzmasken f\u00fcr KMU zu 70 Rappen\/St\u00fcck.\" \/>\n<meta name=\"robots\" content=\"index, follow, max-snippet:-1, max-image-preview:large, max-video-preview:-1\" \/>\n<link rel=\"canonical\" href=\"https:\/\/www.organisator.ch\/it\/gestione-2\/2020-04-30\/sofortlieferung-von-schutzmasken-fuer-kmu\/\" \/>\n<meta property=\"og:locale\" content=\"it_IT\" \/>\n<meta property=\"og:type\" content=\"article\" \/>\n<meta property=\"og:title\" content=\"Sofortlieferung von Schutzmasken f\u00fcr KMU\" \/>\n<meta property=\"og:description\" content=\"Die Onlineplattform DeinDeal.ch verkauft in Zusammenarbeit mit der m3 Groupe ab sofort drei Millionen Schutzmasken f\u00fcr KMU zu 70 Rappen\/St\u00fcck.\" \/>\n<meta property=\"og:url\" content=\"https:\/\/www.organisator.ch\/it\/gestione-2\/2020-04-30\/sofortlieferung-von-schutzmasken-fuer-kmu\/\" \/>\n<meta property=\"og:site_name\" content=\"Organisator\" \/>\n<meta property=\"article:publisher\" content=\"https:\/\/www.facebook.com\/OrganisatorFachmagazin\" \/>\n<meta property=\"article:published_time\" content=\"2020-04-30T09:25:27+00:00\" \/>\n<meta property=\"og:image\" content=\"https:\/\/www.organisator.ch\/wp-content\/uploads\/2020\/04\/Sofortlieferung-von-Schutzmasken-fuer-KMU_Organisator.jpg\" \/>\n\t<meta property=\"og:image:width\" content=\"680\" \/>\n\t<meta property=\"og:image:height\" content=\"453\" \/>\n\t<meta property=\"og:image:type\" content=\"image\/jpeg\" \/>\n<meta name=\"author\" content=\"thomas.berner\" \/>\n<meta name=\"twitter:card\" content=\"summary_large_image\" \/>\n<meta name=\"twitter:title\" content=\"Sofortlieferung von Schutzmasken f\u00fcr KMU\" \/>\n<meta name=\"twitter:description\" content=\"Die Onlineplattform #DeinDeal.ch verkauft in Zusammenarbeit mit der #m3 Groupe ab sofort drei Millionen #Schutzmasken f\u00fcr KMU zu 70 Rappen\/St\u00fcck.\" \/>\n<meta name=\"twitter:image\" content=\"https:\/\/www.organisator.ch\/wp-content\/uploads\/2020\/04\/Sofortlieferung-von-Schutzmasken-fuer-KMU_Organisator.jpg\" \/>\n<script type=\"application\/ld+json\" class=\"yoast-schema-graph\">{\"@context\":\"https:\\\/\\\/schema.org\",\"@graph\":[{\"@type\":\"Article\",\"@id\":\"https:\\\/\\\/www.organisator.ch\\\/management\\\/2020-04-30\\\/sofortlieferung-von-schutzmasken-fuer-kmu\\\/#article\",\"isPartOf\":{\"@id\":\"https:\\\/\\\/www.organisator.ch\\\/management\\\/2020-04-30\\\/sofortlieferung-von-schutzmasken-fuer-kmu\\\/\"},\"author\":{\"name\":\"thomas.berner\",\"@id\":\"https:\\\/\\\/www.organisator.ch\\\/#\\\/schema\\\/person\\\/6f650f90b2842cd4c0cc334b4e36f67e\"},\"headline\":\"Sofortlieferung von Schutzmasken f\u00fcr KMU\",\"datePublished\":\"2020-04-30T09:25:27+00:00\",\"mainEntityOfPage\":{\"@id\":\"https:\\\/\\\/www.organisator.ch\\\/management\\\/2020-04-30\\\/sofortlieferung-von-schutzmasken-fuer-kmu\\\/\"},\"wordCount\":511,\"publisher\":{\"@id\":\"https:\\\/\\\/www.organisator.ch\\\/#organization\"},\"image\":{\"@id\":\"https:\\\/\\\/www.organisator.ch\\\/management\\\/2020-04-30\\\/sofortlieferung-von-schutzmasken-fuer-kmu\\\/#primaryimage\"},\"thumbnailUrl\":\"https:\\\/\\\/www.organisator.ch\\\/wp-content\\\/uploads\\\/2020\\\/04\\\/Sofortlieferung-von-Schutzmasken-fuer-KMU_Organisator.jpg\",\"keywords\":[\"Betriebliches Gesundheitsmanagement\",\"Coronavirus\",\"Management\",\"Produkte\"],\"articleSection\":[\"MANAGEMENT\"],\"inLanguage\":\"it-IT\"},{\"@type\":\"WebPage\",\"@id\":\"https:\\\/\\\/www.organisator.ch\\\/management\\\/2020-04-30\\\/sofortlieferung-von-schutzmasken-fuer-kmu\\\/\",\"url\":\"https:\\\/\\\/www.organisator.ch\\\/management\\\/2020-04-30\\\/sofortlieferung-von-schutzmasken-fuer-kmu\\\/\",\"name\":\"Sofortlieferung von Schutzmasken f\u00fcr KMU - Organisator\",\"isPartOf\":{\"@id\":\"https:\\\/\\\/www.organisator.ch\\\/#website\"},\"primaryImageOfPage\":{\"@id\":\"https:\\\/\\\/www.organisator.ch\\\/management\\\/2020-04-30\\\/sofortlieferung-von-schutzmasken-fuer-kmu\\\/#primaryimage\"},\"image\":{\"@id\":\"https:\\\/\\\/www.organisator.ch\\\/management\\\/2020-04-30\\\/sofortlieferung-von-schutzmasken-fuer-kmu\\\/#primaryimage\"},\"thumbnailUrl\":\"https:\\\/\\\/www.organisator.ch\\\/wp-content\\\/uploads\\\/2020\\\/04\\\/Sofortlieferung-von-Schutzmasken-fuer-KMU_Organisator.jpg\",\"datePublished\":\"2020-04-30T09:25:27+00:00\",\"description\":\"Die Onlineplattform DeinDeal.ch verkauft in Zusammenarbeit mit der m3 Groupe ab sofort drei Millionen Schutzmasken f\u00fcr KMU zu 70 Rappen\\\/St\u00fcck.\",\"breadcrumb\":{\"@id\":\"https:\\\/\\\/www.organisator.ch\\\/management\\\/2020-04-30\\\/sofortlieferung-von-schutzmasken-fuer-kmu\\\/#breadcrumb\"},\"inLanguage\":\"it-IT\",\"potentialAction\":[{\"@type\":\"ReadAction\",\"target\":[\"https:\\\/\\\/www.organisator.ch\\\/management\\\/2020-04-30\\\/sofortlieferung-von-schutzmasken-fuer-kmu\\\/\"]}]},{\"@type\":\"ImageObject\",\"inLanguage\":\"it-IT\",\"@id\":\"https:\\\/\\\/www.organisator.ch\\\/management\\\/2020-04-30\\\/sofortlieferung-von-schutzmasken-fuer-kmu\\\/#primaryimage\",\"url\":\"https:\\\/\\\/www.organisator.ch\\\/wp-content\\\/uploads\\\/2020\\\/04\\\/Sofortlieferung-von-Schutzmasken-fuer-KMU_Organisator.jpg\",\"contentUrl\":\"https:\\\/\\\/www.organisator.ch\\\/wp-content\\\/uploads\\\/2020\\\/04\\\/Sofortlieferung-von-Schutzmasken-fuer-KMU_Organisator.jpg\",\"width\":680,\"height\":453,\"caption\":\"Mit Spezialfahrzeugen werden die 3 Mio. Schutzmasken (3-lagig) ab Donnerstag, 30. April direkt an KMU in der ganzen Schweiz ausgeliefert. M\u00f6glich machen dies die m3 Groupe mit Abdallah Chatila (vorne Mitte), der Onlineh\u00e4ndler deindeal.ch mit CEO Allen Krief (links) sowie die Logistikpartner Sieber Transport mit CEO Christian Sieber (rechts) und Tilmann Schultz (2.v.l.), CEO von dpd. (Bild: Dein Deal AG \\\/ m3 Groupe)\"},{\"@type\":\"BreadcrumbList\",\"@id\":\"https:\\\/\\\/www.organisator.ch\\\/management\\\/2020-04-30\\\/sofortlieferung-von-schutzmasken-fuer-kmu\\\/#breadcrumb\",\"itemListElement\":[{\"@type\":\"ListItem\",\"position\":1,\"name\":\"Home\",\"item\":\"https:\\\/\\\/www.organisator.ch\\\/\"},{\"@type\":\"ListItem\",\"position\":2,\"name\":\"Sofortlieferung von Schutzmasken f\u00fcr KMU\"}]},{\"@type\":\"WebSite\",\"@id\":\"https:\\\/\\\/www.organisator.ch\\\/#website\",\"url\":\"https:\\\/\\\/www.organisator.ch\\\/\",\"name\":\"Organisator\",\"description\":\"Kompetent. Praxisnah. Der ORGANISATOR bereitet in 10 Ausgaben pro Jahr die wesentlichen Themen f\u00fcr F\u00fchrungskr\u00e4fte von KMU auf.\",\"publisher\":{\"@id\":\"https:\\\/\\\/www.organisator.ch\\\/#organization\"},\"potentialAction\":[{\"@type\":\"SearchAction\",\"target\":{\"@type\":\"EntryPoint\",\"urlTemplate\":\"https:\\\/\\\/www.organisator.ch\\\/?s={search_term_string}\"},\"query-input\":{\"@type\":\"PropertyValueSpecification\",\"valueRequired\":true,\"valueName\":\"search_term_string\"}}],\"inLanguage\":\"it-IT\"},{\"@type\":\"Organization\",\"@id\":\"https:\\\/\\\/www.organisator.ch\\\/#organization\",\"name\":\"Organisator\",\"url\":\"https:\\\/\\\/www.organisator.ch\\\/\",\"logo\":{\"@type\":\"ImageObject\",\"inLanguage\":\"it-IT\",\"@id\":\"https:\\\/\\\/www.organisator.ch\\\/#\\\/schema\\\/logo\\\/image\\\/\",\"url\":\"https:\\\/\\\/www.organisator.ch\\\/wp-content\\\/uploads\\\/2022\\\/01\\\/Logo_Organisator_Website.png\",\"contentUrl\":\"https:\\\/\\\/www.organisator.ch\\\/wp-content\\\/uploads\\\/2022\\\/01\\\/Logo_Organisator_Website.png\",\"width\":800,\"height\":77,\"caption\":\"Organisator\"},\"image\":{\"@id\":\"https:\\\/\\\/www.organisator.ch\\\/#\\\/schema\\\/logo\\\/image\\\/\"},\"sameAs\":[\"https:\\\/\\\/www.facebook.com\\\/OrganisatorFachmagazin\",\"https:\\\/\\\/www.linkedin.com\\\/showcase\\\/organisator-das-magazin-fr-kmu\",\"https:\\\/\\\/www.xing.com\\\/news\\\/pages\\\/organisator-ch-695\",\"https:\\\/\\\/www.youtube.com\\\/channel\\\/UCGP2Sq0iWaZwT3BdIAQFYpw\"]},{\"@type\":\"Person\",\"@id\":\"https:\\\/\\\/www.organisator.ch\\\/#\\\/schema\\\/person\\\/6f650f90b2842cd4c0cc334b4e36f67e\",\"name\":\"thomas.berner\",\"image\":{\"@type\":\"ImageObject\",\"inLanguage\":\"it-IT\",\"@id\":\"https:\\\/\\\/secure.gravatar.com\\\/avatar\\\/ac5001d2a36cb6c6cd3e50789007ffca834b477b74a2144564522e944eabff61?s=96&d=mm&r=g\",\"url\":\"https:\\\/\\\/secure.gravatar.com\\\/avatar\\\/ac5001d2a36cb6c6cd3e50789007ffca834b477b74a2144564522e944eabff61?s=96&d=mm&r=g\",\"contentUrl\":\"https:\\\/\\\/secure.gravatar.com\\\/avatar\\\/ac5001d2a36cb6c6cd3e50789007ffca834b477b74a2144564522e944eabff61?s=96&d=mm&r=g\",\"caption\":\"thomas.berner\"},\"url\":\"https:\\\/\\\/www.organisator.ch\\\/it\\\/author\\\/thomas-berner\\\/\"}]}<\/script>\n<!-- \/ Yoast SEO plugin. -->","yoast_head_json":{"title":"Consegna immediata di maschere protettive per le PMI - Organizzatore","description":"La piattaforma online DeinDeal.ch, in collaborazione con m3 Groupe, sta vendendo tre milioni di maschere protettive per le PMI a 70 centesimi al pezzo.","robots":{"index":"index","follow":"follow","max-snippet":"max-snippet:-1","max-image-preview":"max-image-preview:large","max-video-preview":"max-video-preview:-1"},"canonical":"https:\/\/www.organisator.ch\/it\/gestione-2\/2020-04-30\/sofortlieferung-von-schutzmasken-fuer-kmu\/","og_locale":"it_IT","og_type":"article","og_title":"Sofortlieferung von Schutzmasken f\u00fcr KMU","og_description":"Die Onlineplattform DeinDeal.ch verkauft in Zusammenarbeit mit der m3 Groupe ab sofort drei Millionen Schutzmasken f\u00fcr KMU zu 70 Rappen\/St\u00fcck.","og_url":"https:\/\/www.organisator.ch\/it\/gestione-2\/2020-04-30\/sofortlieferung-von-schutzmasken-fuer-kmu\/","og_site_name":"Organisator","article_publisher":"https:\/\/www.facebook.com\/OrganisatorFachmagazin","article_published_time":"2020-04-30T09:25:27+00:00","og_image":[{"width":680,"height":453,"url":"https:\/\/www.organisator.ch\/wp-content\/uploads\/2020\/04\/Sofortlieferung-von-Schutzmasken-fuer-KMU_Organisator.jpg","type":"image\/jpeg"}],"author":"thomas.berner","twitter_card":"summary_large_image","twitter_title":"Sofortlieferung von Schutzmasken f\u00fcr KMU","twitter_description":"Die Onlineplattform #DeinDeal.ch verkauft in Zusammenarbeit mit der #m3 Groupe ab sofort drei Millionen #Schutzmasken f\u00fcr KMU zu 70 Rappen\/St\u00fcck.","twitter_image":"https:\/\/www.organisator.ch\/wp-content\/uploads\/2020\/04\/Sofortlieferung-von-Schutzmasken-fuer-KMU_Organisator.jpg","schema":{"@context":"https:\/\/schema.org","@graph":[{"@type":"Article","@id":"https:\/\/www.organisator.ch\/management\/2020-04-30\/sofortlieferung-von-schutzmasken-fuer-kmu\/#article","isPartOf":{"@id":"https:\/\/www.organisator.ch\/management\/2020-04-30\/sofortlieferung-von-schutzmasken-fuer-kmu\/"},"author":{"name":"thomas.berner","@id":"https:\/\/www.organisator.ch\/#\/schema\/person\/6f650f90b2842cd4c0cc334b4e36f67e"},"headline":"Sofortlieferung von Schutzmasken f\u00fcr KMU","datePublished":"2020-04-30T09:25:27+00:00","mainEntityOfPage":{"@id":"https:\/\/www.organisator.ch\/management\/2020-04-30\/sofortlieferung-von-schutzmasken-fuer-kmu\/"},"wordCount":511,"publisher":{"@id":"https:\/\/www.organisator.ch\/#organization"},"image":{"@id":"https:\/\/www.organisator.ch\/management\/2020-04-30\/sofortlieferung-von-schutzmasken-fuer-kmu\/#primaryimage"},"thumbnailUrl":"https:\/\/www.organisator.ch\/wp-content\/uploads\/2020\/04\/Sofortlieferung-von-Schutzmasken-fuer-KMU_Organisator.jpg","keywords":["Betriebliches Gesundheitsmanagement","Coronavirus","Management","Produkte"],"articleSection":["MANAGEMENT"],"inLanguage":"it-IT"},{"@type":"WebPage","@id":"https:\/\/www.organisator.ch\/management\/2020-04-30\/sofortlieferung-von-schutzmasken-fuer-kmu\/","url":"https:\/\/www.organisator.ch\/management\/2020-04-30\/sofortlieferung-von-schutzmasken-fuer-kmu\/","name":"Consegna immediata di maschere protettive per le PMI - Organizzatore","isPartOf":{"@id":"https:\/\/www.organisator.ch\/#website"},"primaryImageOfPage":{"@id":"https:\/\/www.organisator.ch\/management\/2020-04-30\/sofortlieferung-von-schutzmasken-fuer-kmu\/#primaryimage"},"image":{"@id":"https:\/\/www.organisator.ch\/management\/2020-04-30\/sofortlieferung-von-schutzmasken-fuer-kmu\/#primaryimage"},"thumbnailUrl":"https:\/\/www.organisator.ch\/wp-content\/uploads\/2020\/04\/Sofortlieferung-von-Schutzmasken-fuer-KMU_Organisator.jpg","datePublished":"2020-04-30T09:25:27+00:00","description":"La piattaforma online DeinDeal.ch, in collaborazione con m3 Groupe, sta vendendo tre milioni di maschere protettive per le PMI a 70 centesimi al pezzo.","breadcrumb":{"@id":"https:\/\/www.organisator.ch\/management\/2020-04-30\/sofortlieferung-von-schutzmasken-fuer-kmu\/#breadcrumb"},"inLanguage":"it-IT","potentialAction":[{"@type":"ReadAction","target":["https:\/\/www.organisator.ch\/management\/2020-04-30\/sofortlieferung-von-schutzmasken-fuer-kmu\/"]}]},{"@type":"ImageObject","inLanguage":"it-IT","@id":"https:\/\/www.organisator.ch\/management\/2020-04-30\/sofortlieferung-von-schutzmasken-fuer-kmu\/#primaryimage","url":"https:\/\/www.organisator.ch\/wp-content\/uploads\/2020\/04\/Sofortlieferung-von-Schutzmasken-fuer-KMU_Organisator.jpg","contentUrl":"https:\/\/www.organisator.ch\/wp-content\/uploads\/2020\/04\/Sofortlieferung-von-Schutzmasken-fuer-KMU_Organisator.jpg","width":680,"height":453,"caption":"Mit Spezialfahrzeugen werden die 3 Mio. Schutzmasken (3-lagig) ab Donnerstag, 30. April direkt an KMU in der ganzen Schweiz ausgeliefert. M\u00f6glich machen dies die m3 Groupe mit Abdallah Chatila (vorne Mitte), der Onlineh\u00e4ndler deindeal.ch mit CEO Allen Krief (links) sowie die Logistikpartner Sieber Transport mit CEO Christian Sieber (rechts) und Tilmann Schultz (2.v.l.), CEO von dpd. (Bild: Dein Deal AG \/ m3 Groupe)"},{"@type":"BreadcrumbList","@id":"https:\/\/www.organisator.ch\/management\/2020-04-30\/sofortlieferung-von-schutzmasken-fuer-kmu\/#breadcrumb","itemListElement":[{"@type":"ListItem","position":1,"name":"Home","item":"https:\/\/www.organisator.ch\/"},{"@type":"ListItem","position":2,"name":"Sofortlieferung von Schutzmasken f\u00fcr KMU"}]},{"@type":"WebSite","@id":"https:\/\/www.organisator.ch\/#website","url":"https:\/\/www.organisator.ch\/","name":"Organizzatore","description":"Competente. Pratico. In 10 numeri all'anno, ORGANISATOR presenta i temi essenziali per i manager delle PMI.","publisher":{"@id":"https:\/\/www.organisator.ch\/#organization"},"potentialAction":[{"@type":"SearchAction","target":{"@type":"EntryPoint","urlTemplate":"https:\/\/www.organisator.ch\/?s={search_term_string}"},"query-input":{"@type":"PropertyValueSpecification","valueRequired":true,"valueName":"search_term_string"}}],"inLanguage":"it-IT"},{"@type":"Organization","@id":"https:\/\/www.organisator.ch\/#organization","name":"Organizzatore","url":"https:\/\/www.organisator.ch\/","logo":{"@type":"ImageObject","inLanguage":"it-IT","@id":"https:\/\/www.organisator.ch\/#\/schema\/logo\/image\/","url":"https:\/\/www.organisator.ch\/wp-content\/uploads\/2022\/01\/Logo_Organisator_Website.png","contentUrl":"https:\/\/www.organisator.ch\/wp-content\/uploads\/2022\/01\/Logo_Organisator_Website.png","width":800,"height":77,"caption":"Organisator"},"image":{"@id":"https:\/\/www.organisator.ch\/#\/schema\/logo\/image\/"},"sameAs":["https:\/\/www.facebook.com\/OrganisatorFachmagazin","https:\/\/www.linkedin.com\/showcase\/organisator-das-magazin-fr-kmu","https:\/\/www.xing.com\/news\/pages\/organisator-ch-695","https:\/\/www.youtube.com\/channel\/UCGP2Sq0iWaZwT3BdIAQFYpw"]},{"@type":"Person","@id":"https:\/\/www.organisator.ch\/#\/schema\/person\/6f650f90b2842cd4c0cc334b4e36f67e","name":"Tommaso.berner","image":{"@type":"ImageObject","inLanguage":"it-IT","@id":"https:\/\/secure.gravatar.com\/avatar\/ac5001d2a36cb6c6cd3e50789007ffca834b477b74a2144564522e944eabff61?s=96&d=mm&r=g","url":"https:\/\/secure.gravatar.com\/avatar\/ac5001d2a36cb6c6cd3e50789007ffca834b477b74a2144564522e944eabff61?s=96&d=mm&r=g","contentUrl":"https:\/\/secure.gravatar.com\/avatar\/ac5001d2a36cb6c6cd3e50789007ffca834b477b74a2144564522e944eabff61?s=96&d=mm&r=g","caption":"thomas.berner"},"url":"https:\/\/www.organisator.ch\/it\/author\/thomas-berner\/"}]}},"_links":{"self":[{"href":"https:\/\/www.organisator.ch\/it\/wp-json\/wp\/v2\/posts\/6647","targetHints":{"allow":["GET"]}}],"collection":[{"href":"https:\/\/www.organisator.ch\/it\/wp-json\/wp\/v2\/posts"}],"about":[{"href":"https:\/\/www.organisator.ch\/it\/wp-json\/wp\/v2\/types\/post"}],"author":[{"embeddable":true,"href":"https:\/\/www.organisator.ch\/it\/wp-json\/wp\/v2\/users\/4"}],"replies":[{"embeddable":true,"href":"https:\/\/www.organisator.ch\/it\/wp-json\/wp\/v2\/comments?post=6647"}],"version-history":[{"count":0,"href":"https:\/\/www.organisator.ch\/it\/wp-json\/wp\/v2\/posts\/6647\/revisions"}],"wp:featuredmedia":[{"embeddable":true,"href":"https:\/\/www.organisator.ch\/it\/wp-json\/wp\/v2\/media\/6648"}],"wp:attachment":[{"href":"https:\/\/www.organisator.ch\/it\/wp-json\/wp\/v2\/media?parent=6647"}],"wp:term":[{"taxonomy":"category","embeddable":true,"href":"https:\/\/www.organisator.ch\/it\/wp-json\/wp\/v2\/categories?post=6647"},{"taxonomy":"post_tag","embeddable":true,"href":"https:\/\/www.organisator.ch\/it\/wp-json\/wp\/v2\/tags?post=6647"}],"curies":[{"name":"wp","href":"https:\/\/api.w.org\/{rel}","templated":true}]}}